{"id":16407,"date":"2021-11-25T18:19:48","date_gmt":"2021-11-25T18:19:48","guid":{"rendered":"http:\/\/www.evropskakuca.me\/?p=16407"},"modified":"2021-11-25T18:19:48","modified_gmt":"2021-11-25T18:19:48","slug":"eib-je-reafirmisala-svoju-podrsku-zelenom-oporavku-crne-gore-od-covid-19-kreditom-od-50-miliona-evra-potpisanim-sa-irf-om","status":"publish","type":"post","link":"https:\/\/www.evropskakuca.me\/me\/eib-je-reafirmisala-svoju-podrsku-zelenom-oporavku-crne-gore-od-covid-19-kreditom-od-50-miliona-evra-potpisanim-sa-irf-om\/","title":{"rendered":"EIB je reafirmisala svoju podr\u0161ku zelenom oporavku Crne Gore od COVID-19 kreditom od 50 miliona evra potpisanim sa IRF-om"},"content":{"rendered":"<ul>\n<li style=\"font-weight: 400;\">\u00a0EIB c\u0301e ulo\u017eiti 50 miliona eura za podr\u0161ku zelenom oporavku i dekarbonizaciji crnogorske privrede;<br \/>\n\u2022\u00a0\u00a0 \u00a0EIB finansiranje klimatske i ekolo\u0161ke odr\u017eivosti za Crnu Goru ima za cilj da ubrza zelenu tranziciju i klimatsku adaptaciju malih i srednjih preduze\u0107a;<br \/>\n\u2022\u00a0\u00a0 \u00a0Od po\u010detka pandemije COVID-19, EIB je ulo\u017eila 100 miliona eura za podr\u0161ku crnogorskim kompanijama.<\/li>\n<\/ul>\n<p style=\"font-weight: 400;\">Evropska investiciona banka (EIB), Banka Evropske unije, pozajmi\u0107e 50 miliona eura Investiciono-razvojnom fondu Crne Gore (IRF) za podr\u0161ku br\u017eem oporavku lokalne privrede od COVID-19 i pomo\u0107i \u0107e u uvo\u0111enju praksi energetske efikasnosti me\u0111u malim preduze\u0107ima u zemlji.\u00a0Ugovor\u00a0o\u00a0finansiranju\u00a0izme\u0111u\u00a0Evropske\u00a0investicione\u00a0banke\u00a0i\u00a0Investiciono\u00a0razvojnog\u00a0fonda\u00a0A.D.\u00a0za\u00a0finansiranje\u00a0malih\u00a0i\u00a0srednjih\u00a0preduze\u0107a,\u00a0klimatskih\u00a0i\u00a0prioritetnih\u00a0projekata\u00a0potpisan danas tokom onlajn ceremonije stvara novi izvor pristupa\u010dnijeg finansiranja za crnogorske kompanije koje posluju u sektorima infrastrukture, industrije, transporta, inovacija, poljoprivrede i turizma \u2013 sektorima koji su najte\u017ee pogo\u0111enima pandemijom.<\/p>\n<p style=\"font-weight: 400;\">Sredstva c\u0301e biti dostupna pod povoljnim uslovima za pomo\u0107 malim i srednjim preduze\u0107ima (MSP) da adresiraju svoja pitanja likvidnosti, podr\u017ee otvaranje novih radnih mjesta, pove\u0107aju konkurentnost i pobolj\u0161aju praksu energetske efikasnosti. Zajam EIB-a je posljednja od mjera podr\u0161ke Evropskog tima za br\u017ei oporavak regionalnih ekonomija od COVID-19 i efikasne klimatske mjere. Pru\u017ea prijeko potrebno finansiranje klimatske i ekolo\u0161ke odr\u017eivosti za Zapadni Balkan kako bi se omogu\u0107io br\u017ei prelazak na odr\u017eivu, zelenu i cirkularnu ekonomiju.<\/p>\n<p style=\"font-weight: 400;\"><b><strong>Liliana Pavlova<\/strong><\/b><b><strong>,\u00a0<\/strong><\/b><b><strong>potpredsjednica EIB-a koja je odgovorna za poslovanje u Crnoj Gori<\/strong><\/b><b><strong>\u00a0<\/strong><\/b><b><strong>je istakla: \u201cOva operacija se bavi sa dva najva\u017enija globalna ekonomska i socijalna pitanja na\u0161eg vremena \u2013 oporavkom od COVID-19 i klimatskom akcijom. Kao klimatska banka EU, EIB namjerava da osigura da Crna Gora i Zapadni Balkan nastave da imaju koristi od pristupa pristupa\u010dnom finansiranju i tehni\u010dkoj pomo\u0107i za klimatske i zelene investicije. Klimatska akcija donosi neuporedive moguc\u0301nosti za dru\u0161tveni i ekonomski razvoj u regionu i EIB c\u0301e raditi zajedno sa partnerima, kao \u0161to je IRF, kako bi osigurala da zelene investicije podsti\u010du ekonomski i dru\u0161tveni razvoj, regionalnu integraciju, koheziju i proces pristupanja EU. Aktivno tra\u017eimo partnere \u0161irom regiona kako bi pobolj\u0161ali energetsku efikasnost, smanjili karbonski otisak i transformisali regionalne ekonomije u konkurentnije i odr\u017eivije ekonomije u regionu i Evropi<\/strong><\/b>.\u201d<\/p>\n<p style=\"font-weight: 400;\"><b><strong>Irena Radovi\u0107, izvr\u0161na direktorica Investiciono-razvojnog fonda Crne Gore<\/strong><\/b><b><strong>,\u00a0<\/strong><\/b>je saop\u0161tila:\u00a0<b><strong>\u201c<\/strong><\/b>\u00a0Ekonomska kriza izazvana pandemijom COVID-19 i dalje je izvor neizvjesnosti, ali i predstavlja priliku za Crnu Goru da osigura otporan, inkluzivan i zeleni oporavak nakon pandemije. Visoko cijenimo na\u0161e (IRF) dugogodi\u0161nje partnerstvo sa EIB-om i dana\u0161nji doga\u0111aj. Kao crnogorska nacionalna finansijska razvojna institucija, ponosni smo i pasionirani \u0161to preuzimamo vode\u0107u ulogu u zelenoj tranziciji i ekonomskoj transformaciji u bliskoj saradnji sa EIB-om i \u0161to smo prvi potpisnici takve operacije sa klimatskim djelovanjem na Zapadnom Balkanu. Ova operacija c\u0301e dati dodatni podsticaj pove\u0107anju izgleda za br\u017ei zeleni i inkluzivni oporavak i pomo\u0107i lokalnim malim, srednjim i srednjim kapitalizovanim preduze\u0107ima da pobolj\u0161aju svoj dru\u0161tveni uticaj u rodnoj ravnopravnosti, zapo\u0161ljavanju mladih i podstaknu kompanije da zapo\u0161ljavaju ljude iz osjetljivih dru\u0161tvenih grupa. Kao takvo, ozelenjavanje crnogorske privrede postaje odlu\u010duju\u0107i faktor u na\u0161oj konkurentnosti i sposobnosti da privu\u010demo me\u0111unarodna finansijska sredstva i investicije.\u201d<\/p>\n<p style=\"font-weight: 400;\"><b><strong>Milojko Spaji\u0107, Ministar finansija i socijalnog staranja u Vladi Crne Gore<\/strong><\/b><b><strong>,\u00a0<\/strong><\/b>je rekao:\u00a0<b><strong>\u201c<\/strong><\/b>\u00a0\u010cinimo sve da u ovim izazovnim vremenima pobolj\u0161amo standard na\u0161ih gra\u0111ana, a tome doprinosimo i kroz osna\u017eivanje rada mikro, malih i srednjih preduze\u0107a. Ona \u010dine preko 98% ukupnog broja postoje\u0107ih preduze\u0107a i ostvaruju sna\u017ean uticaj na stabilan ekonomski razvoj i stvaranje uslova da Crna Gora bude nova \u010dlanica EU. Njihov razvoj dovodi do rasta BDP-a i zna\u010di otvaranje novih radnih mjesta! Sa druge strane ozeljenjavanje na\u0161e privrede je ono po \u010demu Crna Gora mo\u017ee postati jako konkurentna, kao mala zemlja velikih mogu\u0107nosti. Ova vrsta finansiranja pomo\u0107i \u0107e MMSP da, nakon pandemijske krize, svoje poslovanje u\u010dine ne samo odr\u017eivim ve\u0107 i da ga unapre\u0111uju. Zahvalio bih se na\u0161im partnerima &#8211; EIB koja nam, prepoznaju\u0107i va\u017enost prelaska na zelenu ekonomiju, poma\u017ee da mladima koji su budu\u0107nost Crne Gore obezbijedimo bolje i zdravije uslove za \u017eivot.\u201d<\/p>\n<p style=\"font-weight: 400;\"><b><strong>Oana Kristina Popa<\/strong><\/b><b><strong>,\u00a0<\/strong><\/b><b><strong>EU<\/strong><\/b><b><strong>\u00a0Ambasador u Crnoj Gori<\/strong><\/b>, je kazala<b><strong>: \u201e<\/strong><\/b>\u00a0Mala i srednja preduze\u0107a (MSP) su okosnica crnogorske privrede, koja stvaraju ve\u0107inu radnih mijesta i dodatu vrijednost. EU je dosljedno podr\u017eavala sektor malih i srednjih preduze\u0107a, posebno kroz Instrument za pretpristupnu pomo\u0107 (IPA), poma\u017eu\u0107i im da se suo\u010de sa izazovima i pove\u0107aju ukupnu konkurentnost privrede. Mi \u0107emo istrajati u na\u0161im naporima da podr\u017eimo MSP tokom perioda IPA III (2021-27). U kombinaciji sa pomo\u0107i EU malim i srednjim preduze\u0107ima u okviru IPA-e, ugovor o finansiranju \u00a0EIB c\u0301e omogu\u0107iti oporavak crnogorske privrede, kao i doprinijeti njenoj zelenoj tranziciji.<\/p>\n<p style=\"font-weight: 400;\">Ovo je drugi kredit potpisan sa IRF-om od po\u010detka pandemije, nakon investicije od 50 miliona eura potpisanih u septembru 2020. za podr\u0161ku oporavku preko 150 crnogorskih malih i srednjih preduze\u0107a od COVID-19. Uklju\u010dujuc\u0301i danas potpisan kredit, EIB i IRF su do danas potpisali \u0161est operacija, \u010dime su crnogorskoj ekonomiji omogu\u0107ene investicije od 470 miliona eura.<\/p>\n<p style=\"font-weight: 400;\">Najnovija operacija c\u0301e, tako\u0111e, doprinijeti stvaranju novih moguc\u0301nosti za zapo\u0161ljavanje mladih, kroz posebne uslove kredita obezbe\u0111ene u okviru\u00a0<em>Evropske inicijative za zapo\u0161ljavanje i obuku mladih za Zapadni Balkan<\/em>\u00a0(EYET). Francuska Agencija za Razvoj, tako\u0111e, sufinansira IRF i pru\u017ea tehni\u010dku pomo\u0107 za podr\u0161ku IRF-u u razvoju strategije, smjernica i resursa za ulaganja u klimatske akcije.<\/p>\n<p style=\"font-weight: 400;\"><b><strong>Osnovne informacije<\/strong><\/b><\/p>\n<p style=\"font-weight: 400;\"><b><strong>O EIB-u:<\/strong><\/b><\/p>\n<p style=\"font-weight: 400;\">Evropska investiciona banka (EIB) je dugoro\u010dna kreditna institucija Evropske unije u vlasni\u0161tvu njenih dr\u017eava \u010dlanica. Ona omogu\u0107ava dugoro\u010dno finansiranje za zdrava ulaganja kako bi se doprinijelo ciljevima politike EU.\u00a0<a href=\"http:\/\/www.eib.org\/\">www.eib.org(link is external)<\/a><\/p>\n<p style=\"font-weight: 400;\"><b><strong>O IRF-u:<\/strong><\/b><\/p>\n<p style=\"font-weight: 400;\">Investiciono-razvojni fond Crne Gore A.D. (IRF) osnovan je Zakonom o investiciono-razvojnom fondu koji je usvojila Skup\u0161tina Crne Gore 28. decembra 2009. godine, a osnovan 23. aprila 2010. godine objavljivanjem tog zakona u Slu\u017ebenom listu. IRF je osnovan kao dru\u0161tvo sa ograni\u010denom odgovorno\u0161\u0107u sa 100% udjela u dr\u017eavnom vlasni\u0161tvu. Kao razvojna institucija, glavna uloga IRF-a je da obezbijedi finansijsku podr\u0161ku za unapre\u0111enje ekonomskog i dru\u0161tvenog razvoja Crne Gore. U tu svrhu, IRF daje direktne kredite strate\u0161kim sektorima privrede (turizam, usluge, proizvodnja, itd.), kanali\u0161u\u0107i svoja sredstva u sektore koji su manje ciljani od strane komercijalnih banaka. IRF uglavnom finansira mala i srednja preduze\u0107a, preduzetnike, pojedince (poljoprivredne proizvo\u0111a\u010de), op\u0161tine, javna preduze\u0107a, itd. IRF, tako\u0111e, mo\u017ee da kanali\u0161e sredstva preko komercijalnih banaka kako bi stigao do MSP.\u00a0<a href=\"https:\/\/urldefense.proofpoint.com\/v2\/url?u=https-3A__www.irfcg.me_me_&amp;d=DwMFBA&amp;c=euGZstcaTDllvimEN8b7jXrwqOf-v5A_CdpgnVfiiMM&amp;r=e51gmuhtmU17RO67sONnC2PnkikbYMREAJ2qHNqlsL8&amp;m=OJcU0JW5bumgTsxNhhJ2oVnwQqnGpN4WrnOxPZz4ErQ&amp;s=9g6jk3h3JisKYKfVvF1coevRGDypy2cbkVqbXqhc0Ug&amp;e=\">https:\/\/www.irfcg.me\/me\/(link is external)<\/a><\/p>\n<p style=\"font-weight: 400;\"><b><strong>O EIB-u u Crnoj Gori:<\/strong><\/b><\/p>\n<p style=\"font-weight: 400;\"><b><strong>O EIB-u na Balkanu:<\/strong><\/b><\/p>\n<p style=\"font-weight: 400;\">EIB je jedan od vode\u0107ih me\u0111unarodnih finansijera na Zapadnom Balkanu. Od 2009. godine, Banka je finansirala projekte ukupne vrijednosti od skoro 10 milijardi eura u regionu. Pored nastavljanja podr\u0161ke rekonstrukciji i unapre\u0111enju javne infrastrukture, EIB se od 2010. godine pro\u0161irila na mnoge nove oblasti, kao \u0161to su zdravstvo, istra\u017eivanje i razvoj, obrazovanje i mala i srednja preduze\u0107a.<\/p>\n<p style=\"font-weight: 400;\">Za detaljne informacije o aktivnostima EIB-a na Zapadnom Balkanu posjetite sljedec\u0301u veb stranicu:\u00a0<a href=\"http:\/\/www.eib.org\/en\/publications\/the-eib-in-the-western-balkans\">www.eib.org\/en\/publications\/the-eib-in-the-western-balkans<\/a><\/p>\n","protected":false},"excerpt":{"rendered":"<p>\u00a0EIB c\u0301e ulo\u017eiti 50 miliona eura za podr\u0161ku zelenom oporavku i dekarbonizaciji crnogorske privrede; \u2022\u00a0\u00a0 \u00a0EIB finansiranje klimatske i ekolo\u0161ke odr\u017eivosti za Crnu Goru ima za cilj da ubrza zelenu tranziciju i klimatsku adaptaciju malih i srednjih preduze\u0107a; \u2022\u00a0\u00a0 \u00a0Od po\u010detka pandemije COVID-19, EIB je ulo\u017eila 100 miliona eura za podr\u0161ku crnogorskim kompanijama. Evropska investiciona [&hellip;]<\/p>\n","protected":false},"author":1,"featured_media":37730,"comment_status":"closed","ping_status":"closed","sticky":false,"template":"","format":"standard","meta":{"_acf_changed":false,"footnotes":""},"categories":[],"tags":[],"class_list":["post-16407","post","type-post","status-publish","format-standard","has-post-thumbnail","hentry"],"acf":[],"yoast_head":"<!-- This site is optimized with the Yoast SEO plugin v27.3 - https:\/\/yoast.com\/product\/yoast-seo-wordpress\/ -->\n<title>EIB je reafirmisala svoju podr\u0161ku zelenom oporavku Crne Gore od COVID-19 kreditom od 50 miliona evra potpisanim sa IRF-om - Europe House<\/title>\n<meta name=\"robots\" content=\"index, follow, max-snippet:-1, max-image-preview:large, max-video-preview:-1\" \/>\n<link rel=\"canonical\" href=\"https:\/\/www.evropskakuca.me\/me\/eib-je-reafirmisala-svoju-podrsku-zelenom-oporavku-crne-gore-od-covid-19-kreditom-od-50-miliona-evra-potpisanim-sa-irf-om\/\" \/>\n<meta property=\"og:locale\" content=\"en_US\" \/>\n<meta property=\"og:type\" content=\"article\" \/>\n<meta property=\"og:title\" content=\"EIB je reafirmisala svoju podr\u0161ku zelenom oporavku Crne Gore od COVID-19 kreditom od 50 miliona evra potpisanim sa IRF-om - Europe House\" \/>\n<meta property=\"og:description\" content=\"\u00a0EIB c\u0301e ulo\u017eiti 50 miliona eura za podr\u0161ku zelenom oporavku i dekarbonizaciji crnogorske privrede; \u2022\u00a0\u00a0 \u00a0EIB finansiranje klimatske i ekolo\u0161ke odr\u017eivosti za Crnu Goru ima za cilj da ubrza zelenu tranziciju i klimatsku adaptaciju malih i srednjih preduze\u0107a; \u2022\u00a0\u00a0 \u00a0Od po\u010detka pandemije COVID-19, EIB je ulo\u017eila 100 miliona eura za podr\u0161ku crnogorskim kompanijama. Evropska investiciona [&hellip;]\" \/>\n<meta property=\"og:url\" content=\"https:\/\/www.evropskakuca.me\/me\/eib-je-reafirmisala-svoju-podrsku-zelenom-oporavku-crne-gore-od-covid-19-kreditom-od-50-miliona-evra-potpisanim-sa-irf-om\/\" \/>\n<meta property=\"og:site_name\" content=\"Europe House\" \/>\n<meta property=\"article:publisher\" content=\"https:\/\/www.facebook.com\/evropska.kuca\" \/>\n<meta property=\"article:published_time\" content=\"2021-11-25T18:19:48+00:00\" \/>\n<meta property=\"og:image\" content=\"https:\/\/www.evropskakuca.me\/wp-content\/uploads\/2022\/01\/eib.jpg\" \/>\n\t<meta property=\"og:image:width\" content=\"750\" \/>\n\t<meta property=\"og:image:height\" content=\"500\" \/>\n\t<meta property=\"og:image:type\" content=\"image\/jpeg\" \/>\n<meta name=\"author\" content=\"mkajic\" \/>\n<meta name=\"twitter:card\" content=\"summary_large_image\" \/>\n<meta name=\"twitter:creator\" content=\"@evropska_kuca\" \/>\n<meta name=\"twitter:site\" content=\"@evropska_kuca\" \/>\n<meta name=\"twitter:label1\" content=\"Written by\" \/>\n\t<meta name=\"twitter:data1\" content=\"mkajic\" \/>\n\t<meta name=\"twitter:label2\" content=\"Est. reading time\" \/>\n\t<meta name=\"twitter:data2\" content=\"6 minutes\" \/>\n<script type=\"application\/ld+json\" class=\"yoast-schema-graph\">{\"@context\":\"https:\\\/\\\/schema.org\",\"@graph\":[{\"@type\":\"Article\",\"@id\":\"https:\\\/\\\/www.evropskakuca.me\\\/me\\\/eib-je-reafirmisala-svoju-podrsku-zelenom-oporavku-crne-gore-od-covid-19-kreditom-od-50-miliona-evra-potpisanim-sa-irf-om\\\/#article\",\"isPartOf\":{\"@id\":\"https:\\\/\\\/www.evropskakuca.me\\\/me\\\/eib-je-reafirmisala-svoju-podrsku-zelenom-oporavku-crne-gore-od-covid-19-kreditom-od-50-miliona-evra-potpisanim-sa-irf-om\\\/\"},\"author\":{\"name\":\"mkajic\",\"@id\":\"https:\\\/\\\/www.evropskakuca.me\\\/me\\\/#\\\/schema\\\/person\\\/a1d0dcdaefe4a1cd1d60d200ea137ba4\"},\"headline\":\"EIB je reafirmisala svoju podr\u0161ku zelenom oporavku Crne Gore od COVID-19 kreditom od 50 miliona evra potpisanim sa IRF-om\",\"datePublished\":\"2021-11-25T18:19:48+00:00\",\"mainEntityOfPage\":{\"@id\":\"https:\\\/\\\/www.evropskakuca.me\\\/me\\\/eib-je-reafirmisala-svoju-podrsku-zelenom-oporavku-crne-gore-od-covid-19-kreditom-od-50-miliona-evra-potpisanim-sa-irf-om\\\/\"},\"wordCount\":1260,\"publisher\":{\"@id\":\"https:\\\/\\\/www.evropskakuca.me\\\/me\\\/#organization\"},\"image\":{\"@id\":\"https:\\\/\\\/www.evropskakuca.me\\\/me\\\/eib-je-reafirmisala-svoju-podrsku-zelenom-oporavku-crne-gore-od-covid-19-kreditom-od-50-miliona-evra-potpisanim-sa-irf-om\\\/#primaryimage\"},\"thumbnailUrl\":\"https:\\\/\\\/www.evropskakuca.me\\\/wp-content\\\/uploads\\\/2022\\\/01\\\/eib.jpg\",\"inLanguage\":\"me-ME\"},{\"@type\":\"WebPage\",\"@id\":\"https:\\\/\\\/www.evropskakuca.me\\\/me\\\/eib-je-reafirmisala-svoju-podrsku-zelenom-oporavku-crne-gore-od-covid-19-kreditom-od-50-miliona-evra-potpisanim-sa-irf-om\\\/\",\"url\":\"https:\\\/\\\/www.evropskakuca.me\\\/me\\\/eib-je-reafirmisala-svoju-podrsku-zelenom-oporavku-crne-gore-od-covid-19-kreditom-od-50-miliona-evra-potpisanim-sa-irf-om\\\/\",\"name\":\"EIB je reafirmisala svoju podr\u0161ku zelenom oporavku Crne Gore od COVID-19 kreditom od 50 miliona evra potpisanim sa IRF-om - Europe House\",\"isPartOf\":{\"@id\":\"https:\\\/\\\/www.evropskakuca.me\\\/me\\\/#website\"},\"primaryImageOfPage\":{\"@id\":\"https:\\\/\\\/www.evropskakuca.me\\\/me\\\/eib-je-reafirmisala-svoju-podrsku-zelenom-oporavku-crne-gore-od-covid-19-kreditom-od-50-miliona-evra-potpisanim-sa-irf-om\\\/#primaryimage\"},\"image\":{\"@id\":\"https:\\\/\\\/www.evropskakuca.me\\\/me\\\/eib-je-reafirmisala-svoju-podrsku-zelenom-oporavku-crne-gore-od-covid-19-kreditom-od-50-miliona-evra-potpisanim-sa-irf-om\\\/#primaryimage\"},\"thumbnailUrl\":\"https:\\\/\\\/www.evropskakuca.me\\\/wp-content\\\/uploads\\\/2022\\\/01\\\/eib.jpg\",\"datePublished\":\"2021-11-25T18:19:48+00:00\",\"breadcrumb\":{\"@id\":\"https:\\\/\\\/www.evropskakuca.me\\\/me\\\/eib-je-reafirmisala-svoju-podrsku-zelenom-oporavku-crne-gore-od-covid-19-kreditom-od-50-miliona-evra-potpisanim-sa-irf-om\\\/#breadcrumb\"},\"inLanguage\":\"me-ME\",\"potentialAction\":[{\"@type\":\"ReadAction\",\"target\":[\"https:\\\/\\\/www.evropskakuca.me\\\/me\\\/eib-je-reafirmisala-svoju-podrsku-zelenom-oporavku-crne-gore-od-covid-19-kreditom-od-50-miliona-evra-potpisanim-sa-irf-om\\\/\"]}]},{\"@type\":\"ImageObject\",\"inLanguage\":\"me-ME\",\"@id\":\"https:\\\/\\\/www.evropskakuca.me\\\/me\\\/eib-je-reafirmisala-svoju-podrsku-zelenom-oporavku-crne-gore-od-covid-19-kreditom-od-50-miliona-evra-potpisanim-sa-irf-om\\\/#primaryimage\",\"url\":\"https:\\\/\\\/www.evropskakuca.me\\\/wp-content\\\/uploads\\\/2022\\\/01\\\/eib.jpg\",\"contentUrl\":\"https:\\\/\\\/www.evropskakuca.me\\\/wp-content\\\/uploads\\\/2022\\\/01\\\/eib.jpg\",\"width\":750,\"height\":500},{\"@type\":\"BreadcrumbList\",\"@id\":\"https:\\\/\\\/www.evropskakuca.me\\\/me\\\/eib-je-reafirmisala-svoju-podrsku-zelenom-oporavku-crne-gore-od-covid-19-kreditom-od-50-miliona-evra-potpisanim-sa-irf-om\\\/#breadcrumb\",\"itemListElement\":[{\"@type\":\"ListItem\",\"position\":1,\"name\":\"Home\",\"item\":\"https:\\\/\\\/www.evropskakuca.me\\\/me\\\/\"},{\"@type\":\"ListItem\",\"position\":2,\"name\":\"EIB je reafirmisala svoju podr\u0161ku zelenom oporavku Crne Gore od COVID-19 kreditom od 50 miliona evra potpisanim sa IRF-om\"}]},{\"@type\":\"WebSite\",\"@id\":\"https:\\\/\\\/www.evropskakuca.me\\\/me\\\/#website\",\"url\":\"https:\\\/\\\/www.evropskakuca.me\\\/me\\\/\",\"name\":\"Evropean house\",\"description\":\"\",\"publisher\":{\"@id\":\"https:\\\/\\\/www.evropskakuca.me\\\/me\\\/#organization\"},\"potentialAction\":[{\"@type\":\"SearchAction\",\"target\":{\"@type\":\"EntryPoint\",\"urlTemplate\":\"https:\\\/\\\/www.evropskakuca.me\\\/me\\\/?s={search_term_string}\"},\"query-input\":{\"@type\":\"PropertyValueSpecification\",\"valueRequired\":true,\"valueName\":\"search_term_string\"}}],\"inLanguage\":\"me-ME\"},{\"@type\":\"Organization\",\"@id\":\"https:\\\/\\\/www.evropskakuca.me\\\/me\\\/#organization\",\"name\":\"Evropean house\",\"url\":\"https:\\\/\\\/www.evropskakuca.me\\\/me\\\/\",\"logo\":{\"@type\":\"ImageObject\",\"inLanguage\":\"me-ME\",\"@id\":\"https:\\\/\\\/www.evropskakuca.me\\\/me\\\/#\\\/schema\\\/logo\\\/image\\\/\",\"url\":\"https:\\\/\\\/www.evropskakuca.me\\\/wp-content\\\/uploads\\\/2025\\\/01\\\/evropska-kuca-logo-1.png\",\"contentUrl\":\"https:\\\/\\\/www.evropskakuca.me\\\/wp-content\\\/uploads\\\/2025\\\/01\\\/evropska-kuca-logo-1.png\",\"width\":425,\"height\":312,\"caption\":\"Evropean house\"},\"image\":{\"@id\":\"https:\\\/\\\/www.evropskakuca.me\\\/me\\\/#\\\/schema\\\/logo\\\/image\\\/\"},\"sameAs\":[\"https:\\\/\\\/www.facebook.com\\\/evropska.kuca\",\"https:\\\/\\\/x.com\\\/evropska_kuca\",\"https:\\\/\\\/www.instagram.com\\\/evropska_kuca\"]},{\"@type\":\"Person\",\"@id\":\"https:\\\/\\\/www.evropskakuca.me\\\/me\\\/#\\\/schema\\\/person\\\/a1d0dcdaefe4a1cd1d60d200ea137ba4\",\"name\":\"mkajic\",\"image\":{\"@type\":\"ImageObject\",\"inLanguage\":\"me-ME\",\"@id\":\"https:\\\/\\\/secure.gravatar.com\\\/avatar\\\/731fa035cefab7316e6bafd1f25a93fb731a07de14e2d9923f8db4422628eabc?s=96&d=mm&r=g\",\"url\":\"https:\\\/\\\/secure.gravatar.com\\\/avatar\\\/731fa035cefab7316e6bafd1f25a93fb731a07de14e2d9923f8db4422628eabc?s=96&d=mm&r=g\",\"contentUrl\":\"https:\\\/\\\/secure.gravatar.com\\\/avatar\\\/731fa035cefab7316e6bafd1f25a93fb731a07de14e2d9923f8db4422628eabc?s=96&d=mm&r=g\",\"caption\":\"mkajic\"},\"sameAs\":[\"https:\\\/\\\/evropskakuca.me\"],\"url\":\"https:\\\/\\\/www.evropskakuca.me\\\/me\\\/author\\\/mkajic\\\/\"}]}<\/script>\n<!-- \/ Yoast SEO plugin. -->","yoast_head_json":{"title":"EIB je reafirmisala svoju podr\u0161ku zelenom oporavku Crne Gore od COVID-19 kreditom od 50 miliona evra potpisanim sa IRF-om - Europe House","robots":{"index":"index","follow":"follow","max-snippet":"max-snippet:-1","max-image-preview":"max-image-preview:large","max-video-preview":"max-video-preview:-1"},"canonical":"https:\/\/www.evropskakuca.me\/me\/eib-je-reafirmisala-svoju-podrsku-zelenom-oporavku-crne-gore-od-covid-19-kreditom-od-50-miliona-evra-potpisanim-sa-irf-om\/","og_locale":"en_US","og_type":"article","og_title":"EIB je reafirmisala svoju podr\u0161ku zelenom oporavku Crne Gore od COVID-19 kreditom od 50 miliona evra potpisanim sa IRF-om - Europe House","og_description":"\u00a0EIB c\u0301e ulo\u017eiti 50 miliona eura za podr\u0161ku zelenom oporavku i dekarbonizaciji crnogorske privrede; \u2022\u00a0\u00a0 \u00a0EIB finansiranje klimatske i ekolo\u0161ke odr\u017eivosti za Crnu Goru ima za cilj da ubrza zelenu tranziciju i klimatsku adaptaciju malih i srednjih preduze\u0107a; \u2022\u00a0\u00a0 \u00a0Od po\u010detka pandemije COVID-19, EIB je ulo\u017eila 100 miliona eura za podr\u0161ku crnogorskim kompanijama. Evropska investiciona [&hellip;]","og_url":"https:\/\/www.evropskakuca.me\/me\/eib-je-reafirmisala-svoju-podrsku-zelenom-oporavku-crne-gore-od-covid-19-kreditom-od-50-miliona-evra-potpisanim-sa-irf-om\/","og_site_name":"Europe House","article_publisher":"https:\/\/www.facebook.com\/evropska.kuca","article_published_time":"2021-11-25T18:19:48+00:00","og_image":[{"width":750,"height":500,"url":"https:\/\/www.evropskakuca.me\/wp-content\/uploads\/2022\/01\/eib.jpg","type":"image\/jpeg"}],"author":"mkajic","twitter_card":"summary_large_image","twitter_creator":"@evropska_kuca","twitter_site":"@evropska_kuca","twitter_misc":{"Written by":"mkajic","Est. reading time":"6 minutes"},"schema":{"@context":"https:\/\/schema.org","@graph":[{"@type":"Article","@id":"https:\/\/www.evropskakuca.me\/me\/eib-je-reafirmisala-svoju-podrsku-zelenom-oporavku-crne-gore-od-covid-19-kreditom-od-50-miliona-evra-potpisanim-sa-irf-om\/#article","isPartOf":{"@id":"https:\/\/www.evropskakuca.me\/me\/eib-je-reafirmisala-svoju-podrsku-zelenom-oporavku-crne-gore-od-covid-19-kreditom-od-50-miliona-evra-potpisanim-sa-irf-om\/"},"author":{"name":"mkajic","@id":"https:\/\/www.evropskakuca.me\/me\/#\/schema\/person\/a1d0dcdaefe4a1cd1d60d200ea137ba4"},"headline":"EIB je reafirmisala svoju podr\u0161ku zelenom oporavku Crne Gore od COVID-19 kreditom od 50 miliona evra potpisanim sa IRF-om","datePublished":"2021-11-25T18:19:48+00:00","mainEntityOfPage":{"@id":"https:\/\/www.evropskakuca.me\/me\/eib-je-reafirmisala-svoju-podrsku-zelenom-oporavku-crne-gore-od-covid-19-kreditom-od-50-miliona-evra-potpisanim-sa-irf-om\/"},"wordCount":1260,"publisher":{"@id":"https:\/\/www.evropskakuca.me\/me\/#organization"},"image":{"@id":"https:\/\/www.evropskakuca.me\/me\/eib-je-reafirmisala-svoju-podrsku-zelenom-oporavku-crne-gore-od-covid-19-kreditom-od-50-miliona-evra-potpisanim-sa-irf-om\/#primaryimage"},"thumbnailUrl":"https:\/\/www.evropskakuca.me\/wp-content\/uploads\/2022\/01\/eib.jpg","inLanguage":"me-ME"},{"@type":"WebPage","@id":"https:\/\/www.evropskakuca.me\/me\/eib-je-reafirmisala-svoju-podrsku-zelenom-oporavku-crne-gore-od-covid-19-kreditom-od-50-miliona-evra-potpisanim-sa-irf-om\/","url":"https:\/\/www.evropskakuca.me\/me\/eib-je-reafirmisala-svoju-podrsku-zelenom-oporavku-crne-gore-od-covid-19-kreditom-od-50-miliona-evra-potpisanim-sa-irf-om\/","name":"EIB je reafirmisala svoju podr\u0161ku zelenom oporavku Crne Gore od COVID-19 kreditom od 50 miliona evra potpisanim sa IRF-om - Europe House","isPartOf":{"@id":"https:\/\/www.evropskakuca.me\/me\/#website"},"primaryImageOfPage":{"@id":"https:\/\/www.evropskakuca.me\/me\/eib-je-reafirmisala-svoju-podrsku-zelenom-oporavku-crne-gore-od-covid-19-kreditom-od-50-miliona-evra-potpisanim-sa-irf-om\/#primaryimage"},"image":{"@id":"https:\/\/www.evropskakuca.me\/me\/eib-je-reafirmisala-svoju-podrsku-zelenom-oporavku-crne-gore-od-covid-19-kreditom-od-50-miliona-evra-potpisanim-sa-irf-om\/#primaryimage"},"thumbnailUrl":"https:\/\/www.evropskakuca.me\/wp-content\/uploads\/2022\/01\/eib.jpg","datePublished":"2021-11-25T18:19:48+00:00","breadcrumb":{"@id":"https:\/\/www.evropskakuca.me\/me\/eib-je-reafirmisala-svoju-podrsku-zelenom-oporavku-crne-gore-od-covid-19-kreditom-od-50-miliona-evra-potpisanim-sa-irf-om\/#breadcrumb"},"inLanguage":"me-ME","potentialAction":[{"@type":"ReadAction","target":["https:\/\/www.evropskakuca.me\/me\/eib-je-reafirmisala-svoju-podrsku-zelenom-oporavku-crne-gore-od-covid-19-kreditom-od-50-miliona-evra-potpisanim-sa-irf-om\/"]}]},{"@type":"ImageObject","inLanguage":"me-ME","@id":"https:\/\/www.evropskakuca.me\/me\/eib-je-reafirmisala-svoju-podrsku-zelenom-oporavku-crne-gore-od-covid-19-kreditom-od-50-miliona-evra-potpisanim-sa-irf-om\/#primaryimage","url":"https:\/\/www.evropskakuca.me\/wp-content\/uploads\/2022\/01\/eib.jpg","contentUrl":"https:\/\/www.evropskakuca.me\/wp-content\/uploads\/2022\/01\/eib.jpg","width":750,"height":500},{"@type":"BreadcrumbList","@id":"https:\/\/www.evropskakuca.me\/me\/eib-je-reafirmisala-svoju-podrsku-zelenom-oporavku-crne-gore-od-covid-19-kreditom-od-50-miliona-evra-potpisanim-sa-irf-om\/#breadcrumb","itemListElement":[{"@type":"ListItem","position":1,"name":"Home","item":"https:\/\/www.evropskakuca.me\/me\/"},{"@type":"ListItem","position":2,"name":"EIB je reafirmisala svoju podr\u0161ku zelenom oporavku Crne Gore od COVID-19 kreditom od 50 miliona evra potpisanim sa IRF-om"}]},{"@type":"WebSite","@id":"https:\/\/www.evropskakuca.me\/me\/#website","url":"https:\/\/www.evropskakuca.me\/me\/","name":"Evropean house","description":"","publisher":{"@id":"https:\/\/www.evropskakuca.me\/me\/#organization"},"potentialAction":[{"@type":"SearchAction","target":{"@type":"EntryPoint","urlTemplate":"https:\/\/www.evropskakuca.me\/me\/?s={search_term_string}"},"query-input":{"@type":"PropertyValueSpecification","valueRequired":true,"valueName":"search_term_string"}}],"inLanguage":"me-ME"},{"@type":"Organization","@id":"https:\/\/www.evropskakuca.me\/me\/#organization","name":"Evropean house","url":"https:\/\/www.evropskakuca.me\/me\/","logo":{"@type":"ImageObject","inLanguage":"me-ME","@id":"https:\/\/www.evropskakuca.me\/me\/#\/schema\/logo\/image\/","url":"https:\/\/www.evropskakuca.me\/wp-content\/uploads\/2025\/01\/evropska-kuca-logo-1.png","contentUrl":"https:\/\/www.evropskakuca.me\/wp-content\/uploads\/2025\/01\/evropska-kuca-logo-1.png","width":425,"height":312,"caption":"Evropean house"},"image":{"@id":"https:\/\/www.evropskakuca.me\/me\/#\/schema\/logo\/image\/"},"sameAs":["https:\/\/www.facebook.com\/evropska.kuca","https:\/\/x.com\/evropska_kuca","https:\/\/www.instagram.com\/evropska_kuca"]},{"@type":"Person","@id":"https:\/\/www.evropskakuca.me\/me\/#\/schema\/person\/a1d0dcdaefe4a1cd1d60d200ea137ba4","name":"mkajic","image":{"@type":"ImageObject","inLanguage":"me-ME","@id":"https:\/\/secure.gravatar.com\/avatar\/731fa035cefab7316e6bafd1f25a93fb731a07de14e2d9923f8db4422628eabc?s=96&d=mm&r=g","url":"https:\/\/secure.gravatar.com\/avatar\/731fa035cefab7316e6bafd1f25a93fb731a07de14e2d9923f8db4422628eabc?s=96&d=mm&r=g","contentUrl":"https:\/\/secure.gravatar.com\/avatar\/731fa035cefab7316e6bafd1f25a93fb731a07de14e2d9923f8db4422628eabc?s=96&d=mm&r=g","caption":"mkajic"},"sameAs":["https:\/\/evropskakuca.me"],"url":"https:\/\/www.evropskakuca.me\/me\/author\/mkajic\/"}]}},"_links":{"self":[{"href":"https:\/\/www.evropskakuca.me\/me\/wp-json\/wp\/v2\/posts\/16407","targetHints":{"allow":["GET"]}}],"collection":[{"href":"https:\/\/www.evropskakuca.me\/me\/wp-json\/wp\/v2\/posts"}],"about":[{"href":"https:\/\/www.evropskakuca.me\/me\/wp-json\/wp\/v2\/types\/post"}],"author":[{"embeddable":true,"href":"https:\/\/www.evropskakuca.me\/me\/wp-json\/wp\/v2\/users\/1"}],"replies":[{"embeddable":true,"href":"https:\/\/www.evropskakuca.me\/me\/wp-json\/wp\/v2\/comments?post=16407"}],"version-history":[{"count":0,"href":"https:\/\/www.evropskakuca.me\/me\/wp-json\/wp\/v2\/posts\/16407\/revisions"}],"wp:featuredmedia":[{"embeddable":true,"href":"https:\/\/www.evropskakuca.me\/me\/wp-json\/wp\/v2\/media\/37730"}],"wp:attachment":[{"href":"https:\/\/www.evropskakuca.me\/me\/wp-json\/wp\/v2\/media?parent=16407"}],"wp:term":[{"taxonomy":"category","embeddable":true,"href":"https:\/\/www.evropskakuca.me\/me\/wp-json\/wp\/v2\/categories?post=16407"},{"taxonomy":"post_tag","embeddable":true,"href":"https:\/\/www.evropskakuca.me\/me\/wp-json\/wp\/v2\/tags?post=16407"}],"curies":[{"name":"wp","href":"https:\/\/api.w.org\/{rel}","templated":true}]}}