{"id":16405,"date":"2021-12-09T18:18:10","date_gmt":"2021-12-09T18:18:10","guid":{"rendered":"http:\/\/www.evropskakuca.me\/?p=16405"},"modified":"2021-12-09T18:18:10","modified_gmt":"2021-12-09T18:18:10","slug":"podrska-eu-za-jacanje-kapaciteta-nadzora-nad-covid-19-u-crnoj-gori","status":"publish","type":"post","link":"https:\/\/www.evropskakuca.me\/me\/podrska-eu-za-jacanje-kapaciteta-nadzora-nad-covid-19-u-crnoj-gori\/","title":{"rendered":"Podr\u0161ka EU za ja\u010danje kapaciteta nadzora nad COVID-19 u Crnoj Gori"},"content":{"rendered":"<p><span lang=\"SR-LATN-ME\" xml:lang=\"SR-LATN-ME\">Ambasadorka Evropske unije u Crnoj Gori Oana Kristina Popa i regionalni direktor Svjetske zdravstvene organizacije (SZO) za Evropu Hans Kluge, potpisali su ugovor o donaciji Evropske unije vrijednoj 300 hiljada eura projektu \u201e<a id=\"_Hlk89768070\" name=\"_Hlk89768070\"><\/a>Ja\u010danje kapaciteta nadzora nad COVID-19 u Crnoj Gori.\u201c Projekat u trajanju od 9 mjeseci sprovodi kancelarija Svjetske zdravstvene organizacije u Crnoj Gori za potrebe zdravstvenog sistema, kako bi se unaprijedio nacionalni nadzor protiv COVID-19 u Crnoj Gori.\u00a0\u00a0\u00a0<\/span><\/p>\n<p><span lang=\"SR-LATN-ME\" xml:lang=\"SR-LATN-ME\">Potpisuju\u0107i ugovor o donaciji sa SZO, ambasadorka Popa je podsjetila da je EU sa po\u010detkom pandemije\u00a0 COVID-19 pritekla u pomo\u0107 Crnoj Gori. EU je obezbijedila 55 miliona eura za pomo\u0107 zemlji, kako u vidu hitne podr\u0161ke, tako i kroz dugoro\u010dne programe pomo\u0107i za ubla\u017eavanje uticaja na privredu i ljude. Kako je kazala Popa, EU je Crnoj Gori za borbu sa pandemijom do sada donirala\u00a0<\/span>respiratore<span lang=\"SR-LATN-ME\" xml:lang=\"SR-LATN-ME\">,\u00a0<\/span>rentgen\u00a0aparate<span lang=\"SR-LATN-ME\" xml:lang=\"SR-LATN-ME\">,\u00a0<\/span>za<span lang=\"SR-LATN-ME\" xml:lang=\"SR-LATN-ME\">\u0161<\/span>titnu\u00a0opremu<span lang=\"SR-LATN-ME\" xml:lang=\"SR-LATN-ME\">,\u00a0<\/span>PCR\u00a0aparat\u00a0za\u00a0masovno\u00a0testiranje<span lang=\"SR-LATN-ME\" xml:lang=\"SR-LATN-ME\">,\u00a0<\/span>kao\u00a0i\u00a0da<span lang=\"SR-LATN-ME\" xml:lang=\"SR-LATN-ME\">\u00a0\u0107<\/span>e\u00a0dodatna\u00a0oprema\u00a0nastaviti\u00a0da<span lang=\"SR-LATN-ME\" xml:lang=\"SR-LATN-ME\">\u00a0dolazi.<\/span><\/p>\n<p>&nbsp;<\/p>\n<div class=\"media media-element-container media-eeas_full_width\">\n<div id=\"file-113811\" class=\"file file-image file-image-jpeg\">\n<div class=\"content\"><img decoding=\"async\" class=\"media-element file-eeas-full-width\" src=\"https:\/\/eeas.europa.eu\/sites\/default\/files\/styles\/eeas_full_width\/public\/img-8b00c08f78fc7fb9d812b531e6b1c85c-v.jpg?itok=LhQ8mGms\" alt=\"\" data-delta=\"1\" \/><\/div>\n<\/div>\n<\/div>\n<p>&nbsp;<\/p>\n<p><span lang=\"SR-LATN-ME\" xml:lang=\"SR-LATN-ME\">\u201c<\/span>Kao\u00a0dio\u00a0ve<span lang=\"SR-LATN-ME\" xml:lang=\"SR-LATN-ME\">\u0107<\/span>eg\u00a0paketa\u00a0pomo<span lang=\"SR-LATN-ME\" xml:lang=\"SR-LATN-ME\">\u0107<\/span>i\u00a0EU\u00a0za\u00a0suzbijanje\u00a0pandemije<span lang=\"SR-LATN-ME\" xml:lang=\"SR-LATN-ME\">,\u00a0<\/span>sa\u00a0Svjetskom\u00a0zdravstvenom\u00a0organizacijom\u00a0zapo<span lang=\"SR-LATN-ME\" xml:lang=\"SR-LATN-ME\">\u010d<\/span>injemo\u00a0jo<span lang=\"SR-LATN-ME\" xml:lang=\"SR-LATN-ME\">\u0161\u00a0<\/span>jedan\u00a0projekat\u00a0za\u00a0dalju\u00a0podr<span lang=\"SR-LATN-ME\" xml:lang=\"SR-LATN-ME\">\u0161<\/span>ku\u00a0Ministarstvu\u00a0zdravlja<span lang=\"SR-LATN-ME\" xml:lang=\"SR-LATN-ME\">.\u00a0<\/span>Stru<span lang=\"SR-LATN-ME\" xml:lang=\"SR-LATN-ME\">\u010d<\/span>njaci\u00a0SZO\u00a0pomo<span lang=\"SR-LATN-ME\" xml:lang=\"SR-LATN-ME\">\u0107<\/span>i<span lang=\"SR-LATN-ME\" xml:lang=\"SR-LATN-ME\">\u00a0\u0107<\/span>e\u00a0u\u00a0ja<span lang=\"SR-LATN-ME\" xml:lang=\"SR-LATN-ME\">\u010d<\/span>anju\u00a0nacionalnih\u00a0kapaciteta\u00a0za\u00a0istra<span lang=\"SR-LATN-ME\" xml:lang=\"SR-LATN-ME\">\u017e<\/span>ivanje\u00a0slu<span lang=\"SR-LATN-ME\" xml:lang=\"SR-LATN-ME\">\u010d<\/span>ajeva\u00a0kovida<span lang=\"SR-LATN-ME\" xml:lang=\"SR-LATN-ME\">-19\u00a0<\/span>i\u00a0pra<span lang=\"SR-LATN-ME\" xml:lang=\"SR-LATN-ME\">\u0107<\/span>enje\u00a0kontakata<span lang=\"SR-LATN-ME\" xml:lang=\"SR-LATN-ME\">, \u0161<\/span>to\u00a0treba\u00a0da\u00a0pobolj<span lang=\"SR-LATN-ME\" xml:lang=\"SR-LATN-ME\">\u0161<\/span>a\u00a0prikupljanje\u00a0podataka\u00a0i\u00a0analizu<span lang=\"SR-LATN-ME\" xml:lang=\"SR-LATN-ME\">.\u00a0<\/span>To<span lang=\"SR-LATN-ME\" xml:lang=\"SR-LATN-ME\">\u00a0\u0107<\/span>e\u00a0omogu<span lang=\"SR-LATN-ME\" xml:lang=\"SR-LATN-ME\">\u0107<\/span>iti\u00a0Ministarstvu\u00a0zdravlja\u00a0da\u00a0blagovremeno\u00a0donese\u00a0odluke\u00a0o\u00a0efikasnim\u00a0javnozdravstvenim\u00a0mjerama<span lang=\"SR-LATN-ME\" xml:lang=\"SR-LATN-ME\">,\u00a0<\/span>smanji\u00a0stope\u00a0prenosa<span lang=\"SR-LATN-ME\" xml:lang=\"SR-LATN-ME\">,\u00a0<\/span>kao\u00a0i\u00a0infekcije\u00a0i\u00a0hospitalizacije<span lang=\"SR-LATN-ME\" xml:lang=\"SR-LATN-ME\">.\u201d\u00a0<\/span>kazala\u00a0je<span lang=\"SR-LATN-ME\" xml:lang=\"SR-LATN-ME\">\u00a0ambasadorka Popa.<\/span><\/p>\n<p><span lang=\"SR-LATN-ME\" xml:lang=\"SR-LATN-ME\">Regionalni direktor SZO za Evropu Hans Kluge, kazao je da pandemija COVID-19 predstavlja veliki stres za zdravstvene sisteme ali i da se samo u partnerskom djelovanju iz pandemije mo\u017ee iza\u0107i. \u00a0Kluge se zahvalio Delegaciji EU u Crnoj Gori, na sna\u017enoj podr\u0161ci od samog po\u010detka pandemije, kroz nabavke medicinskog materijala i opreme, podrsku COVAX mehanizmu, donacije COVID 19 vakcina EU i zemalja \u010dlanica na bilateralnoj osnovi. EU je do sada donirala 42 hiljade\u00a0<\/span>doza\u00a0vakcine\u00a0Fajzer<span lang=\"SR-LATN-ME\" xml:lang=\"SR-LATN-ME\">&#8211;<\/span>Biontek<span lang=\"SR-LATN-ME\" xml:lang=\"SR-LATN-ME\">\u00a0 dok su dr\u017eave \u010dlanice Crnoj Gori\u00a0<\/span>bilateralno\u00a0donirale\u00a0preko<span lang=\"SR-LATN-ME\" xml:lang=\"SR-LATN-ME\">\u00a0300.000\u00a0<\/span>doza\u00a0vakcina<span lang=\"SR-LATN-ME\" xml:lang=\"SR-LATN-ME\">.<\/span><\/p>\n<p><span lang=\"SR-LATN-ME\" xml:lang=\"SR-LATN-ME\">Regionalni direktor SZO za Evropu naglasio je da je \u201drealizacija projekta za ja\u010danje nadzora nad COVID 19 u funkciji generisanja novih znanja o preno\u0161enju virusa u Crnoj Gori i sakupljanju podataka i dokaza kao osnove za oblikovanje odgovora na COVID 19\u201d. Tokom implementacije projekta, posebna paznja bi\u0107e posve\u0107ena ja\u010danju kapaciteta za pra\u0107enje kontakata i ispitivanje slu\u010dajeva, \u0161to je od krucijalnog znacaja posebno u okolnostima kada se pojavio novi soj \u2013 omikron.<\/span><\/p>\n<p><span lang=\"SR-LATN-ME\" xml:lang=\"SR-LATN-ME\">\u201eU partnerstvu sa Evropskom unijom, sada \u0107emo se zajedno fokusirati na jedan od preostalih izazova, a to je nadzor nad COVID-19&#8243;, kazao je Kluge.<\/span><\/p>\n<p><span lang=\"SR-LATN-ME\" xml:lang=\"SR-LATN-ME\">Potpisani ugovor ima za cilj ja\u010danje kapaciteta nacionalnog nadzora protiv COVID-19 u Crnoj Gori, ta\u010dnije da se obezbijedi ja\u010danje nacionalnog kapaciteta za otkrivanje, reagovanje i kontrolu COVID-19. Tako\u0111e \u0107e doprinijeti postizanju cilja Ekonomskog i investicionog plana za Zapadni Balkan da se podr\u017ee zemlje regiona u ja\u010danju otpornosti zdravstvenih sistema, kako u pogledu hitne zdravstvene situacije tako i zdravstvenog osiguranja u svijetlu nau\u010denih lekcija iz borbe protiv pandemije COVID-19. Potpisivanju ugovora prisustvovala je ministarka zdravlja u vladi Crne Gore Jelena Borovini\u0107 Bojovi\u0107.<\/span><\/p>\n<p><span lang=\"SR-LATN-ME\" xml:lang=\"SR-LATN-ME\">\u201c<\/span>Od\u00a0prvog\u00a0dana\u00a0pandemije\u00a0EU\u00a0i\u00a0SZO\u00a0su\u00a0Crnoj Gori\u00a0pru<span lang=\"SR-LATN-ME\" xml:lang=\"SR-LATN-ME\">\u017e<\/span>ili\u00a0zna<span lang=\"SR-LATN-ME\" xml:lang=\"SR-LATN-ME\">\u010d<\/span>ajnu\u00a0finansijsku\u00a0i\u00a0stru<span lang=\"SR-LATN-ME\" xml:lang=\"SR-LATN-ME\">\u010d<\/span>nu\u00a0pomo<span lang=\"SR-LATN-ME\" xml:lang=\"SR-LATN-ME\">\u0107,\u00a0<\/span>kako\u00a0bi\u00a0se\u00a0\u00a0ubla<span lang=\"SR-LATN-ME\" xml:lang=\"SR-LATN-ME\">\u017e<\/span>ili\u00a0ekonomski<span lang=\"SR-LATN-ME\" xml:lang=\"SR-LATN-ME\">,\u00a0<\/span>zdravstveni\u00a0i\u00a0dru<span lang=\"SR-LATN-ME\" xml:lang=\"SR-LATN-ME\">\u0161<\/span>tveni\u00a0efekti\u00a0krize\u00a0izazvane\u00a0koronavirusom<span lang=\"SR-LATN-ME\" xml:lang=\"SR-LATN-ME\">.\u201c poru\u010dila je Borovini\u0107 Bojovi\u0107.<\/span><\/p>\n<p><span lang=\"SR-LATN-ME\" xml:lang=\"SR-LATN-ME\">Kako je istakla ministarka, p<\/span>otpisivanje\u00a0sporazuma\u00a0o\u00a0donaciji<span lang=\"SR-LATN-ME\" xml:lang=\"SR-LATN-ME\">\u00a0je\u00a0<\/span>jos\u00a0jedna\u00a0potvrda\u00a0velike\u00a0solidarnosti<span lang=\"SR-LATN-ME\" xml:lang=\"SR-LATN-ME\">,\u00a0<\/span>prijateljstva\u00a0i\u00a0prije\u00a0svega\u00a0bliske\u00a0saradnje\u00a0i\u00a0parnerstva<span lang=\"SR-LATN-ME\" xml:lang=\"SR-LATN-ME\">,\u00a0<\/span>koje\u00a0zemlje\u00a0EU\u00a0pokazuju\u00a0prema\u00a0Crnoj\u00a0Gori<span lang=\"SR-LATN-ME\" xml:lang=\"SR-LATN-ME\">.<\/span><\/p>\n","protected":false},"excerpt":{"rendered":"<p>Pandemija pod boljim nadzorom zahvaljuju\u0107i podr\u0161ci EU i Svjetske zdravstvene organizacije<\/p>\n","protected":false},"author":1,"featured_media":37704,"comment_status":"closed","ping_status":"closed","sticky":false,"template":"","format":"standard","meta":{"_acf_changed":false,"footnotes":""},"categories":[],"tags":[],"class_list":["post-16405","post","type-post","status-publish","format-standard","has-post-thumbnail","hentry"],"acf":[],"yoast_head":"<!-- This site is optimized with the Yoast SEO plugin v27.3 - https:\/\/yoast.com\/product\/yoast-seo-wordpress\/ -->\n<title>Podr\u0161ka EU za ja\u010danje kapaciteta nadzora nad COVID-19 u Crnoj Gori - Europe House<\/title>\n<meta name=\"robots\" content=\"index, follow, max-snippet:-1, max-image-preview:large, max-video-preview:-1\" \/>\n<link rel=\"canonical\" href=\"https:\/\/www.evropskakuca.me\/me\/podrska-eu-za-jacanje-kapaciteta-nadzora-nad-covid-19-u-crnoj-gori\/\" \/>\n<meta property=\"og:locale\" content=\"en_US\" \/>\n<meta property=\"og:type\" content=\"article\" \/>\n<meta property=\"og:title\" content=\"Podr\u0161ka EU za ja\u010danje kapaciteta nadzora nad COVID-19 u Crnoj Gori - Europe House\" \/>\n<meta property=\"og:description\" content=\"Pandemija pod boljim nadzorom zahvaljuju\u0107i podr\u0161ci EU i Svjetske zdravstvene organizacije\" \/>\n<meta property=\"og:url\" content=\"https:\/\/www.evropskakuca.me\/me\/podrska-eu-za-jacanje-kapaciteta-nadzora-nad-covid-19-u-crnoj-gori\/\" \/>\n<meta property=\"og:site_name\" content=\"Europe House\" \/>\n<meta property=\"article:publisher\" content=\"https:\/\/www.facebook.com\/evropska.kuca\" \/>\n<meta property=\"article:published_time\" content=\"2021-12-09T18:18:10+00:00\" \/>\n<meta property=\"og:image\" content=\"https:\/\/www.evropskakuca.me\/wp-content\/uploads\/2022\/01\/IMG-bbe793e49856e3817f9defd92d155dc9-V-1.jpg\" \/>\n\t<meta property=\"og:image:width\" content=\"1600\" \/>\n\t<meta property=\"og:image:height\" content=\"1066\" \/>\n\t<meta property=\"og:image:type\" content=\"image\/jpeg\" \/>\n<meta name=\"author\" content=\"mkajic\" \/>\n<meta name=\"twitter:card\" content=\"summary_large_image\" \/>\n<meta name=\"twitter:creator\" content=\"@evropska_kuca\" \/>\n<meta name=\"twitter:site\" content=\"@evropska_kuca\" \/>\n<meta name=\"twitter:label1\" content=\"Written by\" \/>\n\t<meta name=\"twitter:data1\" content=\"mkajic\" \/>\n\t<meta name=\"twitter:label2\" content=\"Est. reading time\" \/>\n\t<meta name=\"twitter:data2\" content=\"3 minutes\" \/>\n<script type=\"application\/ld+json\" class=\"yoast-schema-graph\">{\"@context\":\"https:\\\/\\\/schema.org\",\"@graph\":[{\"@type\":\"Article\",\"@id\":\"https:\\\/\\\/www.evropskakuca.me\\\/me\\\/podrska-eu-za-jacanje-kapaciteta-nadzora-nad-covid-19-u-crnoj-gori\\\/#article\",\"isPartOf\":{\"@id\":\"https:\\\/\\\/www.evropskakuca.me\\\/me\\\/podrska-eu-za-jacanje-kapaciteta-nadzora-nad-covid-19-u-crnoj-gori\\\/\"},\"author\":{\"name\":\"mkajic\",\"@id\":\"https:\\\/\\\/www.evropskakuca.me\\\/me\\\/#\\\/schema\\\/person\\\/a1d0dcdaefe4a1cd1d60d200ea137ba4\"},\"headline\":\"Podr\u0161ka EU za ja\u010danje kapaciteta nadzora nad COVID-19 u Crnoj Gori\",\"datePublished\":\"2021-12-09T18:18:10+00:00\",\"mainEntityOfPage\":{\"@id\":\"https:\\\/\\\/www.evropskakuca.me\\\/me\\\/podrska-eu-za-jacanje-kapaciteta-nadzora-nad-covid-19-u-crnoj-gori\\\/\"},\"wordCount\":598,\"publisher\":{\"@id\":\"https:\\\/\\\/www.evropskakuca.me\\\/me\\\/#organization\"},\"image\":{\"@id\":\"https:\\\/\\\/www.evropskakuca.me\\\/me\\\/podrska-eu-za-jacanje-kapaciteta-nadzora-nad-covid-19-u-crnoj-gori\\\/#primaryimage\"},\"thumbnailUrl\":\"https:\\\/\\\/www.evropskakuca.me\\\/wp-content\\\/uploads\\\/2022\\\/01\\\/IMG-bbe793e49856e3817f9defd92d155dc9-V-1.jpg\",\"inLanguage\":\"me-ME\"},{\"@type\":\"WebPage\",\"@id\":\"https:\\\/\\\/www.evropskakuca.me\\\/me\\\/podrska-eu-za-jacanje-kapaciteta-nadzora-nad-covid-19-u-crnoj-gori\\\/\",\"url\":\"https:\\\/\\\/www.evropskakuca.me\\\/me\\\/podrska-eu-za-jacanje-kapaciteta-nadzora-nad-covid-19-u-crnoj-gori\\\/\",\"name\":\"Podr\u0161ka EU za ja\u010danje kapaciteta nadzora nad COVID-19 u Crnoj Gori - Europe House\",\"isPartOf\":{\"@id\":\"https:\\\/\\\/www.evropskakuca.me\\\/me\\\/#website\"},\"primaryImageOfPage\":{\"@id\":\"https:\\\/\\\/www.evropskakuca.me\\\/me\\\/podrska-eu-za-jacanje-kapaciteta-nadzora-nad-covid-19-u-crnoj-gori\\\/#primaryimage\"},\"image\":{\"@id\":\"https:\\\/\\\/www.evropskakuca.me\\\/me\\\/podrska-eu-za-jacanje-kapaciteta-nadzora-nad-covid-19-u-crnoj-gori\\\/#primaryimage\"},\"thumbnailUrl\":\"https:\\\/\\\/www.evropskakuca.me\\\/wp-content\\\/uploads\\\/2022\\\/01\\\/IMG-bbe793e49856e3817f9defd92d155dc9-V-1.jpg\",\"datePublished\":\"2021-12-09T18:18:10+00:00\",\"breadcrumb\":{\"@id\":\"https:\\\/\\\/www.evropskakuca.me\\\/me\\\/podrska-eu-za-jacanje-kapaciteta-nadzora-nad-covid-19-u-crnoj-gori\\\/#breadcrumb\"},\"inLanguage\":\"me-ME\",\"potentialAction\":[{\"@type\":\"ReadAction\",\"target\":[\"https:\\\/\\\/www.evropskakuca.me\\\/me\\\/podrska-eu-za-jacanje-kapaciteta-nadzora-nad-covid-19-u-crnoj-gori\\\/\"]}]},{\"@type\":\"ImageObject\",\"inLanguage\":\"me-ME\",\"@id\":\"https:\\\/\\\/www.evropskakuca.me\\\/me\\\/podrska-eu-za-jacanje-kapaciteta-nadzora-nad-covid-19-u-crnoj-gori\\\/#primaryimage\",\"url\":\"https:\\\/\\\/www.evropskakuca.me\\\/wp-content\\\/uploads\\\/2022\\\/01\\\/IMG-bbe793e49856e3817f9defd92d155dc9-V-1.jpg\",\"contentUrl\":\"https:\\\/\\\/www.evropskakuca.me\\\/wp-content\\\/uploads\\\/2022\\\/01\\\/IMG-bbe793e49856e3817f9defd92d155dc9-V-1.jpg\",\"width\":1600,\"height\":1066},{\"@type\":\"BreadcrumbList\",\"@id\":\"https:\\\/\\\/www.evropskakuca.me\\\/me\\\/podrska-eu-za-jacanje-kapaciteta-nadzora-nad-covid-19-u-crnoj-gori\\\/#breadcrumb\",\"itemListElement\":[{\"@type\":\"ListItem\",\"position\":1,\"name\":\"Home\",\"item\":\"https:\\\/\\\/www.evropskakuca.me\\\/me\\\/\"},{\"@type\":\"ListItem\",\"position\":2,\"name\":\"Podr\u0161ka EU za ja\u010danje kapaciteta nadzora nad COVID-19 u Crnoj Gori\"}]},{\"@type\":\"WebSite\",\"@id\":\"https:\\\/\\\/www.evropskakuca.me\\\/me\\\/#website\",\"url\":\"https:\\\/\\\/www.evropskakuca.me\\\/me\\\/\",\"name\":\"Evropean house\",\"description\":\"\",\"publisher\":{\"@id\":\"https:\\\/\\\/www.evropskakuca.me\\\/me\\\/#organization\"},\"potentialAction\":[{\"@type\":\"SearchAction\",\"target\":{\"@type\":\"EntryPoint\",\"urlTemplate\":\"https:\\\/\\\/www.evropskakuca.me\\\/me\\\/?s={search_term_string}\"},\"query-input\":{\"@type\":\"PropertyValueSpecification\",\"valueRequired\":true,\"valueName\":\"search_term_string\"}}],\"inLanguage\":\"me-ME\"},{\"@type\":\"Organization\",\"@id\":\"https:\\\/\\\/www.evropskakuca.me\\\/me\\\/#organization\",\"name\":\"Evropean house\",\"url\":\"https:\\\/\\\/www.evropskakuca.me\\\/me\\\/\",\"logo\":{\"@type\":\"ImageObject\",\"inLanguage\":\"me-ME\",\"@id\":\"https:\\\/\\\/www.evropskakuca.me\\\/me\\\/#\\\/schema\\\/logo\\\/image\\\/\",\"url\":\"https:\\\/\\\/www.evropskakuca.me\\\/wp-content\\\/uploads\\\/2025\\\/01\\\/evropska-kuca-logo-1.png\",\"contentUrl\":\"https:\\\/\\\/www.evropskakuca.me\\\/wp-content\\\/uploads\\\/2025\\\/01\\\/evropska-kuca-logo-1.png\",\"width\":425,\"height\":312,\"caption\":\"Evropean house\"},\"image\":{\"@id\":\"https:\\\/\\\/www.evropskakuca.me\\\/me\\\/#\\\/schema\\\/logo\\\/image\\\/\"},\"sameAs\":[\"https:\\\/\\\/www.facebook.com\\\/evropska.kuca\",\"https:\\\/\\\/x.com\\\/evropska_kuca\",\"https:\\\/\\\/www.instagram.com\\\/evropska_kuca\"]},{\"@type\":\"Person\",\"@id\":\"https:\\\/\\\/www.evropskakuca.me\\\/me\\\/#\\\/schema\\\/person\\\/a1d0dcdaefe4a1cd1d60d200ea137ba4\",\"name\":\"mkajic\",\"image\":{\"@type\":\"ImageObject\",\"inLanguage\":\"me-ME\",\"@id\":\"https:\\\/\\\/secure.gravatar.com\\\/avatar\\\/731fa035cefab7316e6bafd1f25a93fb731a07de14e2d9923f8db4422628eabc?s=96&d=mm&r=g\",\"url\":\"https:\\\/\\\/secure.gravatar.com\\\/avatar\\\/731fa035cefab7316e6bafd1f25a93fb731a07de14e2d9923f8db4422628eabc?s=96&d=mm&r=g\",\"contentUrl\":\"https:\\\/\\\/secure.gravatar.com\\\/avatar\\\/731fa035cefab7316e6bafd1f25a93fb731a07de14e2d9923f8db4422628eabc?s=96&d=mm&r=g\",\"caption\":\"mkajic\"},\"sameAs\":[\"https:\\\/\\\/evropskakuca.me\"],\"url\":\"https:\\\/\\\/www.evropskakuca.me\\\/me\\\/author\\\/mkajic\\\/\"}]}<\/script>\n<!-- \/ Yoast SEO plugin. -->","yoast_head_json":{"title":"Podr\u0161ka EU za ja\u010danje kapaciteta nadzora nad COVID-19 u Crnoj Gori - Europe House","robots":{"index":"index","follow":"follow","max-snippet":"max-snippet:-1","max-image-preview":"max-image-preview:large","max-video-preview":"max-video-preview:-1"},"canonical":"https:\/\/www.evropskakuca.me\/me\/podrska-eu-za-jacanje-kapaciteta-nadzora-nad-covid-19-u-crnoj-gori\/","og_locale":"en_US","og_type":"article","og_title":"Podr\u0161ka EU za ja\u010danje kapaciteta nadzora nad COVID-19 u Crnoj Gori - Europe House","og_description":"Pandemija pod boljim nadzorom zahvaljuju\u0107i podr\u0161ci EU i Svjetske zdravstvene organizacije","og_url":"https:\/\/www.evropskakuca.me\/me\/podrska-eu-za-jacanje-kapaciteta-nadzora-nad-covid-19-u-crnoj-gori\/","og_site_name":"Europe House","article_publisher":"https:\/\/www.facebook.com\/evropska.kuca","article_published_time":"2021-12-09T18:18:10+00:00","og_image":[{"width":1600,"height":1066,"url":"https:\/\/www.evropskakuca.me\/wp-content\/uploads\/2022\/01\/IMG-bbe793e49856e3817f9defd92d155dc9-V-1.jpg","type":"image\/jpeg"}],"author":"mkajic","twitter_card":"summary_large_image","twitter_creator":"@evropska_kuca","twitter_site":"@evropska_kuca","twitter_misc":{"Written by":"mkajic","Est. reading time":"3 minutes"},"schema":{"@context":"https:\/\/schema.org","@graph":[{"@type":"Article","@id":"https:\/\/www.evropskakuca.me\/me\/podrska-eu-za-jacanje-kapaciteta-nadzora-nad-covid-19-u-crnoj-gori\/#article","isPartOf":{"@id":"https:\/\/www.evropskakuca.me\/me\/podrska-eu-za-jacanje-kapaciteta-nadzora-nad-covid-19-u-crnoj-gori\/"},"author":{"name":"mkajic","@id":"https:\/\/www.evropskakuca.me\/me\/#\/schema\/person\/a1d0dcdaefe4a1cd1d60d200ea137ba4"},"headline":"Podr\u0161ka EU za ja\u010danje kapaciteta nadzora nad COVID-19 u Crnoj Gori","datePublished":"2021-12-09T18:18:10+00:00","mainEntityOfPage":{"@id":"https:\/\/www.evropskakuca.me\/me\/podrska-eu-za-jacanje-kapaciteta-nadzora-nad-covid-19-u-crnoj-gori\/"},"wordCount":598,"publisher":{"@id":"https:\/\/www.evropskakuca.me\/me\/#organization"},"image":{"@id":"https:\/\/www.evropskakuca.me\/me\/podrska-eu-za-jacanje-kapaciteta-nadzora-nad-covid-19-u-crnoj-gori\/#primaryimage"},"thumbnailUrl":"https:\/\/www.evropskakuca.me\/wp-content\/uploads\/2022\/01\/IMG-bbe793e49856e3817f9defd92d155dc9-V-1.jpg","inLanguage":"me-ME"},{"@type":"WebPage","@id":"https:\/\/www.evropskakuca.me\/me\/podrska-eu-za-jacanje-kapaciteta-nadzora-nad-covid-19-u-crnoj-gori\/","url":"https:\/\/www.evropskakuca.me\/me\/podrska-eu-za-jacanje-kapaciteta-nadzora-nad-covid-19-u-crnoj-gori\/","name":"Podr\u0161ka EU za ja\u010danje kapaciteta nadzora nad COVID-19 u Crnoj Gori - Europe House","isPartOf":{"@id":"https:\/\/www.evropskakuca.me\/me\/#website"},"primaryImageOfPage":{"@id":"https:\/\/www.evropskakuca.me\/me\/podrska-eu-za-jacanje-kapaciteta-nadzora-nad-covid-19-u-crnoj-gori\/#primaryimage"},"image":{"@id":"https:\/\/www.evropskakuca.me\/me\/podrska-eu-za-jacanje-kapaciteta-nadzora-nad-covid-19-u-crnoj-gori\/#primaryimage"},"thumbnailUrl":"https:\/\/www.evropskakuca.me\/wp-content\/uploads\/2022\/01\/IMG-bbe793e49856e3817f9defd92d155dc9-V-1.jpg","datePublished":"2021-12-09T18:18:10+00:00","breadcrumb":{"@id":"https:\/\/www.evropskakuca.me\/me\/podrska-eu-za-jacanje-kapaciteta-nadzora-nad-covid-19-u-crnoj-gori\/#breadcrumb"},"inLanguage":"me-ME","potentialAction":[{"@type":"ReadAction","target":["https:\/\/www.evropskakuca.me\/me\/podrska-eu-za-jacanje-kapaciteta-nadzora-nad-covid-19-u-crnoj-gori\/"]}]},{"@type":"ImageObject","inLanguage":"me-ME","@id":"https:\/\/www.evropskakuca.me\/me\/podrska-eu-za-jacanje-kapaciteta-nadzora-nad-covid-19-u-crnoj-gori\/#primaryimage","url":"https:\/\/www.evropskakuca.me\/wp-content\/uploads\/2022\/01\/IMG-bbe793e49856e3817f9defd92d155dc9-V-1.jpg","contentUrl":"https:\/\/www.evropskakuca.me\/wp-content\/uploads\/2022\/01\/IMG-bbe793e49856e3817f9defd92d155dc9-V-1.jpg","width":1600,"height":1066},{"@type":"BreadcrumbList","@id":"https:\/\/www.evropskakuca.me\/me\/podrska-eu-za-jacanje-kapaciteta-nadzora-nad-covid-19-u-crnoj-gori\/#breadcrumb","itemListElement":[{"@type":"ListItem","position":1,"name":"Home","item":"https:\/\/www.evropskakuca.me\/me\/"},{"@type":"ListItem","position":2,"name":"Podr\u0161ka EU za ja\u010danje kapaciteta nadzora nad COVID-19 u Crnoj Gori"}]},{"@type":"WebSite","@id":"https:\/\/www.evropskakuca.me\/me\/#website","url":"https:\/\/www.evropskakuca.me\/me\/","name":"Evropean house","description":"","publisher":{"@id":"https:\/\/www.evropskakuca.me\/me\/#organization"},"potentialAction":[{"@type":"SearchAction","target":{"@type":"EntryPoint","urlTemplate":"https:\/\/www.evropskakuca.me\/me\/?s={search_term_string}"},"query-input":{"@type":"PropertyValueSpecification","valueRequired":true,"valueName":"search_term_string"}}],"inLanguage":"me-ME"},{"@type":"Organization","@id":"https:\/\/www.evropskakuca.me\/me\/#organization","name":"Evropean house","url":"https:\/\/www.evropskakuca.me\/me\/","logo":{"@type":"ImageObject","inLanguage":"me-ME","@id":"https:\/\/www.evropskakuca.me\/me\/#\/schema\/logo\/image\/","url":"https:\/\/www.evropskakuca.me\/wp-content\/uploads\/2025\/01\/evropska-kuca-logo-1.png","contentUrl":"https:\/\/www.evropskakuca.me\/wp-content\/uploads\/2025\/01\/evropska-kuca-logo-1.png","width":425,"height":312,"caption":"Evropean house"},"image":{"@id":"https:\/\/www.evropskakuca.me\/me\/#\/schema\/logo\/image\/"},"sameAs":["https:\/\/www.facebook.com\/evropska.kuca","https:\/\/x.com\/evropska_kuca","https:\/\/www.instagram.com\/evropska_kuca"]},{"@type":"Person","@id":"https:\/\/www.evropskakuca.me\/me\/#\/schema\/person\/a1d0dcdaefe4a1cd1d60d200ea137ba4","name":"mkajic","image":{"@type":"ImageObject","inLanguage":"me-ME","@id":"https:\/\/secure.gravatar.com\/avatar\/731fa035cefab7316e6bafd1f25a93fb731a07de14e2d9923f8db4422628eabc?s=96&d=mm&r=g","url":"https:\/\/secure.gravatar.com\/avatar\/731fa035cefab7316e6bafd1f25a93fb731a07de14e2d9923f8db4422628eabc?s=96&d=mm&r=g","contentUrl":"https:\/\/secure.gravatar.com\/avatar\/731fa035cefab7316e6bafd1f25a93fb731a07de14e2d9923f8db4422628eabc?s=96&d=mm&r=g","caption":"mkajic"},"sameAs":["https:\/\/evropskakuca.me"],"url":"https:\/\/www.evropskakuca.me\/me\/author\/mkajic\/"}]}},"_links":{"self":[{"href":"https:\/\/www.evropskakuca.me\/me\/wp-json\/wp\/v2\/posts\/16405","targetHints":{"allow":["GET"]}}],"collection":[{"href":"https:\/\/www.evropskakuca.me\/me\/wp-json\/wp\/v2\/posts"}],"about":[{"href":"https:\/\/www.evropskakuca.me\/me\/wp-json\/wp\/v2\/types\/post"}],"author":[{"embeddable":true,"href":"https:\/\/www.evropskakuca.me\/me\/wp-json\/wp\/v2\/users\/1"}],"replies":[{"embeddable":true,"href":"https:\/\/www.evropskakuca.me\/me\/wp-json\/wp\/v2\/comments?post=16405"}],"version-history":[{"count":0,"href":"https:\/\/www.evropskakuca.me\/me\/wp-json\/wp\/v2\/posts\/16405\/revisions"}],"wp:featuredmedia":[{"embeddable":true,"href":"https:\/\/www.evropskakuca.me\/me\/wp-json\/wp\/v2\/media\/37704"}],"wp:attachment":[{"href":"https:\/\/www.evropskakuca.me\/me\/wp-json\/wp\/v2\/media?parent=16405"}],"wp:term":[{"taxonomy":"category","embeddable":true,"href":"https:\/\/www.evropskakuca.me\/me\/wp-json\/wp\/v2\/categories?post=16405"},{"taxonomy":"post_tag","embeddable":true,"href":"https:\/\/www.evropskakuca.me\/me\/wp-json\/wp\/v2\/tags?post=16405"}],"curies":[{"name":"wp","href":"https:\/\/api.w.org\/{rel}","templated":true}]}}