{"id":16008,"date":"2021-12-10T11:03:20","date_gmt":"2021-12-10T11:03:20","guid":{"rendered":"http:\/\/www.evropskakuca.me\/?p=16008"},"modified":"2021-12-10T11:03:20","modified_gmt":"2021-12-10T11:03:20","slug":"16008","status":"publish","type":"post","link":"https:\/\/www.evropskakuca.me\/me\/16008\/","title":{"rendered":"Ve\u0107inu femicida mogu\u0107e sprije\u010diti uz hitnu i koordinisanu dru\u0161tvenu akciju"},"content":{"rendered":"<p>Ubistva \u017eena nijesu izolovani incidenti, koji se de\u0161avaju iznenada, vec\u0301 predstavljaju krajnji \u010din ponavljanog nasilja koje je dru\u0161tveno i kulturolo\u0161ki ukorijenjeno, \u010dak i prihva\u0107eno i tolerisano. Zato je ve\u0107inu femicida mogu\u0107e sprije\u010diti uz koordinisanu, brzu i preventivnu akciju, poru\u010deno je na konferenciji \u201cNi jedna vi\u0161e\u201d, koju je organizovao Program Ujedinjenih nacija za razvoj (UNDP).<\/p>\n<p>Iako rodna ravnopravnost predstavlja jedan od osnovnih ustavnih principa, rodno zasnovano nasilje i dalje predstavlja realnost za svaku trec\u0301u \u017eenu ro\u0111enu u Crnoj Gori, a femicid je njegov naj\u0161okantniji oblik.<\/p>\n<p><strong>Stalna predstavnica UNDP-a u Crnoj Gori, Daniela Ga\u0161parikova<\/strong>, ocijenila je da pandemija COVID-19 i njen uticaj nastavljaju da zasjenjuju krizu nasilja nad \u017eenama i djevoj\u010dicama, ukljuluju\u0107i i femicide, \u0161to dalje podriva prioritentnost ovih pitanja. Ovo je, kako smatra, zabrinjavaju\u0107e, jer se sistemi za prevenciju i za\u0161titu \u017eena i djevoj\u010dica od nasilja suo\u010davaju sa novim izazovima pandemije, a ekonomske pote\u0161ko\u0107e i nezaposlenost doprinose faktorima rizika koji podsti\u010du rodno zasnovano nasilje, uklju\u010dujuc\u0301i i femicid. Prema rije\u010dima Ga\u0161parikove, femicidi nijesu izolovani incidenti koji su se desili iznenada i neo\u010dekivano.<\/p>\n<p>\u201eFemicid je \u010desto zavr\u0161ni \u010din ponavljanja nasilja koje nije na odgovarajuc\u0301i na\u010din prepoznato i sprije\u010deno. \u0160tavi\u0161e, nasilje je \u010desto kulturno i dru\u0161tveno ukorijenjeno, prihvac\u0301eno kao neizbje\u017eno, \u010dak tolerisano i opravdavano tokom du\u017eeg perioda. Ve\u0107inu femicida je mogu\u0107e sprije\u010diti. U Crnoj Gori i dalje ne postoji funkcionalan i integrisan sistem prikupljanja podataka o \u017ertvama i po\u010diniocima nasilja nad \u017eenama, zbog \u010dega su UNDP i UN Women podr\u017eali formiranje regionalne inicijative Femicide Watch\u201c, rekla je Ga\u0161parikova.<\/p>\n<p>Ga\u0161parikova je apelovala na crnogorske institucije, medije i cjelokupno dru\u0161tvo da narednu godinu posvete borbi protiv nasilja nad \u017eenama i djevoj\u010dicama.<\/p>\n<p><strong>Zamjenica Ombudsmana Nerma Dobard\u017ei\u0107<\/strong> ocijenila je da su dosada\u0161nje kazne za nasilnike bile blage, \u010dime se nije slala dovoljno jasna poruka nulte tolerancije na nasilje nad \u017eenama.<\/p>\n<p>\u201eDru\u0161tvena reakcija je definisala jasne zahtjeve \u2013 o\u0161trije kazne za po\u010dinioce i bolji preventivni odgovor institucija. Ombudsman ve\u0107 neko vrijeme ukazuje da je u Crnoj Gori i dalje zabrinjavaju\u0107e prisutan fenomen nasilja\u201c, rekla je ona.<\/p>\n<p><strong>Dragana Maljevi\u0107, komunikolo\u0161kinja<\/strong>, ka\u017ee da nedavni slu\u010dajevi nasilja sa najte\u017eim posljedicama pokazuju da kao dru\u0161tvo nijesmo dovoljno uradili da za\u0161titimo \u017ertve.<\/p>\n<p>\u201eTo je, istovremeno, i alarm za dr\u017eavne institucije da promijene dosada\u0161nju praksu, koja, kako se pokazalo, nije bila adekvatna kad je u pitanju za\u0161tita \u017ertava od nasilja. O ovome treba da pri\u010damo svakodnevno i djelujemo na svim nivoima. Ja di\u017eem glas protiv nasilja i ohrabrujem \u017ertve i one koji saznaju da nasilje postoji da ga prijave\u201c, poru\u010dila je Maljevi\u0107.<\/p>\n<p>Da je potrebna sna\u017enija reakcija kad je u pitanju prevencija nasilja, saglasna je i <strong>novinarka Danijela Lasica<\/strong>:<\/p>\n<p>\u201eDa su institucije, ali i dru\u0161tvo, radili svoj posao, mi ne bismo imali o \u010demu da izvje\u0161tavamo\u201d.\u00a0 Kako navodi, novinari \u010desto koriste dvije krilatice \u2013 da je dr\u017eava u tranziciji i da je crnogorsko dru\u0161tvo patrijarhalno. Me\u0111utim, dodaje Lasica, ispada da je crnogorsko dru\u0161tvo vi\u0161e patrijarhalno danas nego prije 20, 30 ili 40 godina.<\/p>\n<p>Evropska unija je podr\u017eala organizaciju konferencije \u201eNi jedna vi\u0161e\u201c, kroz projekat Communicating gender equality, koji sprovodi UNDP u partnerstvu s Ministarstvom pravde i ljudskih i manjinskih prava.<\/p>\n","protected":false},"excerpt":{"rendered":"<p>Organizovana konferencija \u201eNi jedna vi\u0161e\u201c<\/p>\n","protected":false},"author":1,"featured_media":37446,"comment_status":"closed","ping_status":"closed","sticky":false,"template":"","format":"standard","meta":{"_acf_changed":false,"footnotes":""},"categories":[],"tags":[],"class_list":["post-16008","post","type-post","status-publish","format-standard","has-post-thumbnail","hentry"],"acf":[],"yoast_head":"<!-- This site is optimized with the Yoast SEO plugin v27.3 - https:\/\/yoast.com\/product\/yoast-seo-wordpress\/ -->\n<title>Ve\u0107inu femicida mogu\u0107e sprije\u010diti uz hitnu i koordinisanu dru\u0161tvenu akciju - Europe House<\/title>\n<meta name=\"robots\" content=\"index, follow, max-snippet:-1, max-image-preview:large, max-video-preview:-1\" \/>\n<link rel=\"canonical\" href=\"https:\/\/www.evropskakuca.me\/me\/16008\/\" \/>\n<meta property=\"og:locale\" content=\"en_US\" \/>\n<meta property=\"og:type\" content=\"article\" \/>\n<meta property=\"og:title\" content=\"Ve\u0107inu femicida mogu\u0107e sprije\u010diti uz hitnu i koordinisanu dru\u0161tvenu akciju - Europe House\" \/>\n<meta property=\"og:description\" content=\"Organizovana konferencija \u201eNi jedna vi\u0161e\u201c\" \/>\n<meta property=\"og:url\" content=\"https:\/\/www.evropskakuca.me\/me\/16008\/\" \/>\n<meta property=\"og:site_name\" content=\"Europe House\" \/>\n<meta property=\"article:publisher\" content=\"https:\/\/www.facebook.com\/evropska.kuca\" \/>\n<meta property=\"article:published_time\" content=\"2021-12-10T11:03:20+00:00\" \/>\n<meta property=\"og:image\" content=\"https:\/\/www.evropskakuca.me\/wp-content\/uploads\/2021\/09\/sajt.jpg\" \/>\n\t<meta property=\"og:image:width\" content=\"1773\" \/>\n\t<meta property=\"og:image:height\" content=\"1182\" \/>\n\t<meta property=\"og:image:type\" content=\"image\/jpeg\" \/>\n<meta name=\"author\" content=\"mkajic\" \/>\n<meta name=\"twitter:card\" content=\"summary_large_image\" \/>\n<meta name=\"twitter:creator\" content=\"@evropska_kuca\" \/>\n<meta name=\"twitter:site\" content=\"@evropska_kuca\" \/>\n<meta name=\"twitter:label1\" content=\"Written by\" \/>\n\t<meta name=\"twitter:data1\" content=\"mkajic\" \/>\n\t<meta name=\"twitter:label2\" content=\"Est. reading time\" \/>\n\t<meta name=\"twitter:data2\" content=\"3 minutes\" \/>\n<script type=\"application\/ld+json\" class=\"yoast-schema-graph\">{\"@context\":\"https:\\\/\\\/schema.org\",\"@graph\":[{\"@type\":\"Article\",\"@id\":\"https:\\\/\\\/www.evropskakuca.me\\\/me\\\/16008\\\/#article\",\"isPartOf\":{\"@id\":\"https:\\\/\\\/www.evropskakuca.me\\\/me\\\/16008\\\/\"},\"author\":{\"name\":\"mkajic\",\"@id\":\"https:\\\/\\\/www.evropskakuca.me\\\/me\\\/#\\\/schema\\\/person\\\/a1d0dcdaefe4a1cd1d60d200ea137ba4\"},\"headline\":\"Ve\u0107inu femicida mogu\u0107e sprije\u010diti uz hitnu i koordinisanu dru\u0161tvenu akciju\",\"datePublished\":\"2021-12-10T11:03:20+00:00\",\"mainEntityOfPage\":{\"@id\":\"https:\\\/\\\/www.evropskakuca.me\\\/me\\\/16008\\\/\"},\"wordCount\":587,\"publisher\":{\"@id\":\"https:\\\/\\\/www.evropskakuca.me\\\/me\\\/#organization\"},\"image\":{\"@id\":\"https:\\\/\\\/www.evropskakuca.me\\\/me\\\/16008\\\/#primaryimage\"},\"thumbnailUrl\":\"https:\\\/\\\/www.evropskakuca.me\\\/wp-content\\\/uploads\\\/2021\\\/09\\\/sajt.jpg\",\"inLanguage\":\"me-ME\"},{\"@type\":\"WebPage\",\"@id\":\"https:\\\/\\\/www.evropskakuca.me\\\/me\\\/16008\\\/\",\"url\":\"https:\\\/\\\/www.evropskakuca.me\\\/me\\\/16008\\\/\",\"name\":\"Ve\u0107inu femicida mogu\u0107e sprije\u010diti uz hitnu i koordinisanu dru\u0161tvenu akciju - Europe House\",\"isPartOf\":{\"@id\":\"https:\\\/\\\/www.evropskakuca.me\\\/me\\\/#website\"},\"primaryImageOfPage\":{\"@id\":\"https:\\\/\\\/www.evropskakuca.me\\\/me\\\/16008\\\/#primaryimage\"},\"image\":{\"@id\":\"https:\\\/\\\/www.evropskakuca.me\\\/me\\\/16008\\\/#primaryimage\"},\"thumbnailUrl\":\"https:\\\/\\\/www.evropskakuca.me\\\/wp-content\\\/uploads\\\/2021\\\/09\\\/sajt.jpg\",\"datePublished\":\"2021-12-10T11:03:20+00:00\",\"breadcrumb\":{\"@id\":\"https:\\\/\\\/www.evropskakuca.me\\\/me\\\/16008\\\/#breadcrumb\"},\"inLanguage\":\"me-ME\",\"potentialAction\":[{\"@type\":\"ReadAction\",\"target\":[\"https:\\\/\\\/www.evropskakuca.me\\\/me\\\/16008\\\/\"]}]},{\"@type\":\"ImageObject\",\"inLanguage\":\"me-ME\",\"@id\":\"https:\\\/\\\/www.evropskakuca.me\\\/me\\\/16008\\\/#primaryimage\",\"url\":\"https:\\\/\\\/www.evropskakuca.me\\\/wp-content\\\/uploads\\\/2021\\\/09\\\/sajt.jpg\",\"contentUrl\":\"https:\\\/\\\/www.evropskakuca.me\\\/wp-content\\\/uploads\\\/2021\\\/09\\\/sajt.jpg\",\"width\":1773,\"height\":1182},{\"@type\":\"BreadcrumbList\",\"@id\":\"https:\\\/\\\/www.evropskakuca.me\\\/me\\\/16008\\\/#breadcrumb\",\"itemListElement\":[{\"@type\":\"ListItem\",\"position\":1,\"name\":\"Home\",\"item\":\"https:\\\/\\\/www.evropskakuca.me\\\/me\\\/\"},{\"@type\":\"ListItem\",\"position\":2,\"name\":\"Ve\u0107inu femicida mogu\u0107e sprije\u010diti uz hitnu i koordinisanu dru\u0161tvenu akciju\"}]},{\"@type\":\"WebSite\",\"@id\":\"https:\\\/\\\/www.evropskakuca.me\\\/me\\\/#website\",\"url\":\"https:\\\/\\\/www.evropskakuca.me\\\/me\\\/\",\"name\":\"Evropean house\",\"description\":\"\",\"publisher\":{\"@id\":\"https:\\\/\\\/www.evropskakuca.me\\\/me\\\/#organization\"},\"potentialAction\":[{\"@type\":\"SearchAction\",\"target\":{\"@type\":\"EntryPoint\",\"urlTemplate\":\"https:\\\/\\\/www.evropskakuca.me\\\/me\\\/?s={search_term_string}\"},\"query-input\":{\"@type\":\"PropertyValueSpecification\",\"valueRequired\":true,\"valueName\":\"search_term_string\"}}],\"inLanguage\":\"me-ME\"},{\"@type\":\"Organization\",\"@id\":\"https:\\\/\\\/www.evropskakuca.me\\\/me\\\/#organization\",\"name\":\"Evropean house\",\"url\":\"https:\\\/\\\/www.evropskakuca.me\\\/me\\\/\",\"logo\":{\"@type\":\"ImageObject\",\"inLanguage\":\"me-ME\",\"@id\":\"https:\\\/\\\/www.evropskakuca.me\\\/me\\\/#\\\/schema\\\/logo\\\/image\\\/\",\"url\":\"https:\\\/\\\/www.evropskakuca.me\\\/wp-content\\\/uploads\\\/2025\\\/01\\\/evropska-kuca-logo-1.png\",\"contentUrl\":\"https:\\\/\\\/www.evropskakuca.me\\\/wp-content\\\/uploads\\\/2025\\\/01\\\/evropska-kuca-logo-1.png\",\"width\":425,\"height\":312,\"caption\":\"Evropean house\"},\"image\":{\"@id\":\"https:\\\/\\\/www.evropskakuca.me\\\/me\\\/#\\\/schema\\\/logo\\\/image\\\/\"},\"sameAs\":[\"https:\\\/\\\/www.facebook.com\\\/evropska.kuca\",\"https:\\\/\\\/x.com\\\/evropska_kuca\",\"https:\\\/\\\/www.instagram.com\\\/evropska_kuca\"]},{\"@type\":\"Person\",\"@id\":\"https:\\\/\\\/www.evropskakuca.me\\\/me\\\/#\\\/schema\\\/person\\\/a1d0dcdaefe4a1cd1d60d200ea137ba4\",\"name\":\"mkajic\",\"image\":{\"@type\":\"ImageObject\",\"inLanguage\":\"me-ME\",\"@id\":\"https:\\\/\\\/secure.gravatar.com\\\/avatar\\\/731fa035cefab7316e6bafd1f25a93fb731a07de14e2d9923f8db4422628eabc?s=96&d=mm&r=g\",\"url\":\"https:\\\/\\\/secure.gravatar.com\\\/avatar\\\/731fa035cefab7316e6bafd1f25a93fb731a07de14e2d9923f8db4422628eabc?s=96&d=mm&r=g\",\"contentUrl\":\"https:\\\/\\\/secure.gravatar.com\\\/avatar\\\/731fa035cefab7316e6bafd1f25a93fb731a07de14e2d9923f8db4422628eabc?s=96&d=mm&r=g\",\"caption\":\"mkajic\"},\"sameAs\":[\"https:\\\/\\\/evropskakuca.me\"],\"url\":\"https:\\\/\\\/www.evropskakuca.me\\\/me\\\/author\\\/mkajic\\\/\"}]}<\/script>\n<!-- \/ Yoast SEO plugin. -->","yoast_head_json":{"title":"Ve\u0107inu femicida mogu\u0107e sprije\u010diti uz hitnu i koordinisanu dru\u0161tvenu akciju - Europe House","robots":{"index":"index","follow":"follow","max-snippet":"max-snippet:-1","max-image-preview":"max-image-preview:large","max-video-preview":"max-video-preview:-1"},"canonical":"https:\/\/www.evropskakuca.me\/me\/16008\/","og_locale":"en_US","og_type":"article","og_title":"Ve\u0107inu femicida mogu\u0107e sprije\u010diti uz hitnu i koordinisanu dru\u0161tvenu akciju - Europe House","og_description":"Organizovana konferencija \u201eNi jedna vi\u0161e\u201c","og_url":"https:\/\/www.evropskakuca.me\/me\/16008\/","og_site_name":"Europe House","article_publisher":"https:\/\/www.facebook.com\/evropska.kuca","article_published_time":"2021-12-10T11:03:20+00:00","og_image":[{"width":1773,"height":1182,"url":"https:\/\/www.evropskakuca.me\/wp-content\/uploads\/2021\/09\/sajt.jpg","type":"image\/jpeg"}],"author":"mkajic","twitter_card":"summary_large_image","twitter_creator":"@evropska_kuca","twitter_site":"@evropska_kuca","twitter_misc":{"Written by":"mkajic","Est. reading time":"3 minutes"},"schema":{"@context":"https:\/\/schema.org","@graph":[{"@type":"Article","@id":"https:\/\/www.evropskakuca.me\/me\/16008\/#article","isPartOf":{"@id":"https:\/\/www.evropskakuca.me\/me\/16008\/"},"author":{"name":"mkajic","@id":"https:\/\/www.evropskakuca.me\/me\/#\/schema\/person\/a1d0dcdaefe4a1cd1d60d200ea137ba4"},"headline":"Ve\u0107inu femicida mogu\u0107e sprije\u010diti uz hitnu i koordinisanu dru\u0161tvenu akciju","datePublished":"2021-12-10T11:03:20+00:00","mainEntityOfPage":{"@id":"https:\/\/www.evropskakuca.me\/me\/16008\/"},"wordCount":587,"publisher":{"@id":"https:\/\/www.evropskakuca.me\/me\/#organization"},"image":{"@id":"https:\/\/www.evropskakuca.me\/me\/16008\/#primaryimage"},"thumbnailUrl":"https:\/\/www.evropskakuca.me\/wp-content\/uploads\/2021\/09\/sajt.jpg","inLanguage":"me-ME"},{"@type":"WebPage","@id":"https:\/\/www.evropskakuca.me\/me\/16008\/","url":"https:\/\/www.evropskakuca.me\/me\/16008\/","name":"Ve\u0107inu femicida mogu\u0107e sprije\u010diti uz hitnu i koordinisanu dru\u0161tvenu akciju - Europe House","isPartOf":{"@id":"https:\/\/www.evropskakuca.me\/me\/#website"},"primaryImageOfPage":{"@id":"https:\/\/www.evropskakuca.me\/me\/16008\/#primaryimage"},"image":{"@id":"https:\/\/www.evropskakuca.me\/me\/16008\/#primaryimage"},"thumbnailUrl":"https:\/\/www.evropskakuca.me\/wp-content\/uploads\/2021\/09\/sajt.jpg","datePublished":"2021-12-10T11:03:20+00:00","breadcrumb":{"@id":"https:\/\/www.evropskakuca.me\/me\/16008\/#breadcrumb"},"inLanguage":"me-ME","potentialAction":[{"@type":"ReadAction","target":["https:\/\/www.evropskakuca.me\/me\/16008\/"]}]},{"@type":"ImageObject","inLanguage":"me-ME","@id":"https:\/\/www.evropskakuca.me\/me\/16008\/#primaryimage","url":"https:\/\/www.evropskakuca.me\/wp-content\/uploads\/2021\/09\/sajt.jpg","contentUrl":"https:\/\/www.evropskakuca.me\/wp-content\/uploads\/2021\/09\/sajt.jpg","width":1773,"height":1182},{"@type":"BreadcrumbList","@id":"https:\/\/www.evropskakuca.me\/me\/16008\/#breadcrumb","itemListElement":[{"@type":"ListItem","position":1,"name":"Home","item":"https:\/\/www.evropskakuca.me\/me\/"},{"@type":"ListItem","position":2,"name":"Ve\u0107inu femicida mogu\u0107e sprije\u010diti uz hitnu i koordinisanu dru\u0161tvenu akciju"}]},{"@type":"WebSite","@id":"https:\/\/www.evropskakuca.me\/me\/#website","url":"https:\/\/www.evropskakuca.me\/me\/","name":"Evropean house","description":"","publisher":{"@id":"https:\/\/www.evropskakuca.me\/me\/#organization"},"potentialAction":[{"@type":"SearchAction","target":{"@type":"EntryPoint","urlTemplate":"https:\/\/www.evropskakuca.me\/me\/?s={search_term_string}"},"query-input":{"@type":"PropertyValueSpecification","valueRequired":true,"valueName":"search_term_string"}}],"inLanguage":"me-ME"},{"@type":"Organization","@id":"https:\/\/www.evropskakuca.me\/me\/#organization","name":"Evropean house","url":"https:\/\/www.evropskakuca.me\/me\/","logo":{"@type":"ImageObject","inLanguage":"me-ME","@id":"https:\/\/www.evropskakuca.me\/me\/#\/schema\/logo\/image\/","url":"https:\/\/www.evropskakuca.me\/wp-content\/uploads\/2025\/01\/evropska-kuca-logo-1.png","contentUrl":"https:\/\/www.evropskakuca.me\/wp-content\/uploads\/2025\/01\/evropska-kuca-logo-1.png","width":425,"height":312,"caption":"Evropean house"},"image":{"@id":"https:\/\/www.evropskakuca.me\/me\/#\/schema\/logo\/image\/"},"sameAs":["https:\/\/www.facebook.com\/evropska.kuca","https:\/\/x.com\/evropska_kuca","https:\/\/www.instagram.com\/evropska_kuca"]},{"@type":"Person","@id":"https:\/\/www.evropskakuca.me\/me\/#\/schema\/person\/a1d0dcdaefe4a1cd1d60d200ea137ba4","name":"mkajic","image":{"@type":"ImageObject","inLanguage":"me-ME","@id":"https:\/\/secure.gravatar.com\/avatar\/731fa035cefab7316e6bafd1f25a93fb731a07de14e2d9923f8db4422628eabc?s=96&d=mm&r=g","url":"https:\/\/secure.gravatar.com\/avatar\/731fa035cefab7316e6bafd1f25a93fb731a07de14e2d9923f8db4422628eabc?s=96&d=mm&r=g","contentUrl":"https:\/\/secure.gravatar.com\/avatar\/731fa035cefab7316e6bafd1f25a93fb731a07de14e2d9923f8db4422628eabc?s=96&d=mm&r=g","caption":"mkajic"},"sameAs":["https:\/\/evropskakuca.me"],"url":"https:\/\/www.evropskakuca.me\/me\/author\/mkajic\/"}]}},"_links":{"self":[{"href":"https:\/\/www.evropskakuca.me\/me\/wp-json\/wp\/v2\/posts\/16008","targetHints":{"allow":["GET"]}}],"collection":[{"href":"https:\/\/www.evropskakuca.me\/me\/wp-json\/wp\/v2\/posts"}],"about":[{"href":"https:\/\/www.evropskakuca.me\/me\/wp-json\/wp\/v2\/types\/post"}],"author":[{"embeddable":true,"href":"https:\/\/www.evropskakuca.me\/me\/wp-json\/wp\/v2\/users\/1"}],"replies":[{"embeddable":true,"href":"https:\/\/www.evropskakuca.me\/me\/wp-json\/wp\/v2\/comments?post=16008"}],"version-history":[{"count":0,"href":"https:\/\/www.evropskakuca.me\/me\/wp-json\/wp\/v2\/posts\/16008\/revisions"}],"wp:featuredmedia":[{"embeddable":true,"href":"https:\/\/www.evropskakuca.me\/me\/wp-json\/wp\/v2\/media\/37446"}],"wp:attachment":[{"href":"https:\/\/www.evropskakuca.me\/me\/wp-json\/wp\/v2\/media?parent=16008"}],"wp:term":[{"taxonomy":"category","embeddable":true,"href":"https:\/\/www.evropskakuca.me\/me\/wp-json\/wp\/v2\/categories?post=16008"},{"taxonomy":"post_tag","embeddable":true,"href":"https:\/\/www.evropskakuca.me\/me\/wp-json\/wp\/v2\/tags?post=16008"}],"curies":[{"name":"wp","href":"https:\/\/api.w.org\/{rel}","templated":true}]}}