{"id":15958,"date":"2021-11-29T16:21:10","date_gmt":"2021-11-29T16:21:10","guid":{"rendered":"http:\/\/www.evropskakuca.me\/?p=15958"},"modified":"2021-11-29T16:21:10","modified_gmt":"2021-11-29T16:21:10","slug":"odrzan-drugi-climathon-u-crnoj-gori","status":"publish","type":"post","link":"https:\/\/www.evropskakuca.me\/me\/odrzan-drugi-climathon-u-crnoj-gori\/","title":{"rendered":"Odr\u017ean drugi Climathon u Crnoj Gori"},"content":{"rendered":"<p>Drugi hakaton posve\u0107en klimatskim promjenama \u201eClimathon Podgorica\u201c odr\u017ean je proteklog vikenda (27. i 28. novembar). Rije\u010d je o doga\u0111aju koji je posve\u0107en pobolj\u0161auju kvaliteta \u017eivota rje\u0161avanjem problema saobra\u0107aja. Climathon u Crnoj Gori organizuje NVO \u201eGnijezdo\u201c, pod pokroviteljstvom Delegacije Evropske unije u Crnoj Gori, a u saradnji sa Programom Ujedinjenih nacija za razvoj (UNDP), Glavnim gradom, UNIQA osiguranjem, Privrednom komorom Crne Gore, Erste bankom, Eko Fondom, kompanijama Glovo i Red Bull.<\/p>\n<p>Takmi\u010dilo je 10 timova, koji su imali zadatak da osmisle kreativna, odr\u017eiva i izvodljiva rje\u0161enja bilo kroz proizvod ili uslugu, biznis ili NVO. Izabrana su\u00a0 tri najbolja tima.<\/p>\n<p><img fetchpriority=\"high\" decoding=\"async\" class=\"alignnone size-large wp-image-15961\" src=\"http:\/\/www.evropskakuca.me\/wp-content\/uploads\/2021\/11\/parker-1024x1024.jpg\" alt=\"\" width=\"1024\" height=\"1024\" \/><\/p>\n<p>Prvo mjesto i nagradu od 3 000 eura osvojio je tim \u2018\u2019Parker\u2019\u2019, koji \u010dine \u010dlanovi Dra\u017een i Slaven Mini\u0107, i Janko Dedi\u0107 uz ideju za pametni parking, odnosno, ure\u0111aje koji \u0107e u realnom vremenu biti povezani sa parking aplikacijom i omogu\u0107iti da korisnici aplikacije izaberu dio grada u kojem \u017eele da parkiraju svoj automobil, te koliko slobodnih mjesta na kojoj lokaciji ima. Drugo mjesto i 2 000 eura osvojila je peto\u010dlana ekipa \u2018\u2019Green Mentors\u2019\u2019, \u010diji su \u010dlanovi Milena Vuleti\u0107, Svetlana Joveti\u0107-Koprivica, Stefan \u0110uri\u0161i\u0107, Darija \u0160\u0107eki\u0107 i An\u0111ela An\u0111u\u0161i\u0107, osmislili novi edukativni program pod nazivom &#8221;Koristim BUS to je moj PLUS&#8221;, usmjeren na u\u010denike \u010detvrtog razreda srednjih \u0161kola u Podgorici kao i na sve mlade ljude koji treba da promijene odnos prema prirodi, ali i prema sebi. Tre\u0107eplasirani \u2018\u2019Digital Trail\u2019\u2019 tim koji \u010dine tri dame, Mia Mugo\u0161a, Neda Dedovi\u0107 i Zoja \u0160\u0107eki\u0107, osvojile su tre\u0107e mjesto i 1 000 eura, a planiraju da kreiraju mobilnu aplikaciju za parkiranje elektri\u010dnih trotineta.<\/p>\n<p><img decoding=\"async\" class=\"alignnone size-large wp-image-15965\" src=\"http:\/\/www.evropskakuca.me\/wp-content\/uploads\/2021\/11\/climathon-5-1024x683.jpg\" alt=\"\" width=\"1024\" height=\"683\" \/><\/p>\n<p>Pored nov\u010danih nagrada, tri pobjedni\u010dka tima dobijaju mentorsku podr\u0161ku stru\u010dnjaka i eksperata iz razli\u010ditih oblasti, koji prate njihov dalji razvoj i realizaciju ideja.<\/p>\n<p>Organizatori iz NVO \u201eGnijezdo\u201c navode da su zadovoljni realizacijom doga\u0111aja i da sa rado\u0161\u0107u i\u0161\u010dekuju pra\u0107enje daljeg procesa implementacije svih ideja koje \u0107e pobolj\u0161ati kvalitet \u017eivota.<\/p>\n<p>\u2018\u2018Drago nam je \u0161to smo i ove godine uspjeli da doprinesemo ne samo \u0161irenju svijesti o klimatskim promjenama, ve\u0107 i konkretnoj akciji koja radi na rje\u0161avanju problema koji uti\u010du na sve nas. Sad ve\u0107 mo\u017eemo da ka\u017eemo da Climathon Podgorica postaje na\u0161a godi\u0161nja tradicija i raduje nas \u0161to smo u mogu\u0107nosti da Crnoj Gori pribli\u017eimo ovaj globalni pokret\u201d, saop\u0161tili su organizatori.<\/p>\n<p>Climathon Podgorica organizovan je pod pokroviteljstvom Delegacije Evropske unije u Crnoj Gori, a doga\u0111aj je otvorila \u0161efica Delegacije, ambasadorka Oana Kristina Popa.<\/p>\n<p><iframe title=\"Climathon Podgorica 2021\" width=\"800\" height=\"450\" src=\"https:\/\/www.youtube.com\/embed\/ghWa8uQ4I88?start=5&#038;feature=oembed\" frameborder=\"0\" allow=\"accelerometer; autoplay; clipboard-write; encrypted-media; gyroscope; picture-in-picture; web-share\" referrerpolicy=\"strict-origin-when-cross-origin\" allowfullscreen><\/iframe><\/p>\n<p>\u2018\u2019Jedan od stubova Evropskog zelenog dogovora je transformacija transportnog sektora ka odr\u017eivijim rje\u0161enjima koja su ugljeni\u010dno neutralna. Istovremeno, prevoz mora biti dostupan i pristupa\u010dan za sve. Ovo nije lak zadatak i zato se oslanjamo na vas, ljude koji u\u010destvuju u inicijativama kao \u0161to je Climathon, ljude pune novih ideja i inovativnih na\u010dina kako ih sprovesti. Sa svojim znanjem o digitalnim tehnologijama i entuzijazmom da donesete pozitivne promjene u dru\u0161tvu, vi ste na\u0161a najbolja nada da se izborimo sa kompleksnim problemom klimatskih promjena\u2019\u2019, rekla je ambasadorka.<\/p>\n<p>Climathon je globalni pokret Evropskog instituta za inovacije i tehnologiju (EIT), koje je 2015. godine pokrenuo Climate KIC, kako bi omogu\u0107io predstavnicima lokalnih institucija i gra\u0111anima da se okupe na jednom mjestu i zajedni\u010dki predla\u017eu rje\u0161enja za ekolo\u0161ke izazove sa kojima se njihova zajednica suo\u010dava.<\/p>\n<p>Jedini hakaton za klimatske promjene u Crnoj Gori odr\u017ean je u hibridnom formatu uz pristup putem Zoom platforme za sve u\u010desnike programa, te live prenos doga\u0111aja na dru\u0161tvenim mre\u017eama za sve zainteresovane iz NEST Coworking prostora.<\/p>\n<p>&nbsp;<\/p>\n","protected":false},"excerpt":{"rendered":"<p>Pod potkroviteljstvom Evropske unije<\/p>\n","protected":false},"author":1,"featured_media":37574,"comment_status":"closed","ping_status":"closed","sticky":false,"template":"","format":"standard","meta":{"_acf_changed":false,"footnotes":""},"categories":[],"tags":[],"class_list":["post-15958","post","type-post","status-publish","format-standard","has-post-thumbnail","hentry"],"acf":[],"yoast_head":"<!-- This site is optimized with the Yoast SEO plugin v27.3 - https:\/\/yoast.com\/product\/yoast-seo-wordpress\/ -->\n<title>Odr\u017ean drugi Climathon u Crnoj Gori - Europe House<\/title>\n<meta name=\"robots\" content=\"index, follow, max-snippet:-1, max-image-preview:large, max-video-preview:-1\" \/>\n<link rel=\"canonical\" href=\"https:\/\/www.evropskakuca.me\/me\/odrzan-drugi-climathon-u-crnoj-gori\/\" \/>\n<meta property=\"og:locale\" content=\"en_US\" \/>\n<meta property=\"og:type\" content=\"article\" \/>\n<meta property=\"og:title\" content=\"Odr\u017ean drugi Climathon u Crnoj Gori - Europe House\" \/>\n<meta property=\"og:description\" content=\"Pod potkroviteljstvom Evropske unije\" \/>\n<meta property=\"og:url\" content=\"https:\/\/www.evropskakuca.me\/me\/odrzan-drugi-climathon-u-crnoj-gori\/\" \/>\n<meta property=\"og:site_name\" content=\"Europe House\" \/>\n<meta property=\"article:publisher\" content=\"https:\/\/www.facebook.com\/evropska.kuca\" \/>\n<meta property=\"article:published_time\" content=\"2021-11-29T16:21:10+00:00\" \/>\n<meta property=\"og:image\" content=\"https:\/\/www.evropskakuca.me\/wp-content\/uploads\/2021\/11\/climathon-4.jpg\" \/>\n\t<meta property=\"og:image:width\" content=\"1412\" \/>\n\t<meta property=\"og:image:height\" content=\"1000\" \/>\n\t<meta property=\"og:image:type\" content=\"image\/jpeg\" \/>\n<meta name=\"author\" content=\"mkajic\" \/>\n<meta name=\"twitter:card\" content=\"summary_large_image\" \/>\n<meta name=\"twitter:creator\" content=\"@evropska_kuca\" \/>\n<meta name=\"twitter:site\" content=\"@evropska_kuca\" \/>\n<meta name=\"twitter:label1\" content=\"Written by\" \/>\n\t<meta name=\"twitter:data1\" content=\"mkajic\" \/>\n\t<meta name=\"twitter:label2\" content=\"Est. reading time\" \/>\n\t<meta name=\"twitter:data2\" content=\"3 minutes\" \/>\n<script type=\"application\/ld+json\" class=\"yoast-schema-graph\">{\"@context\":\"https:\\\/\\\/schema.org\",\"@graph\":[{\"@type\":\"Article\",\"@id\":\"https:\\\/\\\/www.evropskakuca.me\\\/me\\\/odrzan-drugi-climathon-u-crnoj-gori\\\/#article\",\"isPartOf\":{\"@id\":\"https:\\\/\\\/www.evropskakuca.me\\\/me\\\/odrzan-drugi-climathon-u-crnoj-gori\\\/\"},\"author\":{\"name\":\"mkajic\",\"@id\":\"https:\\\/\\\/www.evropskakuca.me\\\/me\\\/#\\\/schema\\\/person\\\/a1d0dcdaefe4a1cd1d60d200ea137ba4\"},\"headline\":\"Odr\u017ean drugi Climathon u Crnoj Gori\",\"datePublished\":\"2021-11-29T16:21:10+00:00\",\"mainEntityOfPage\":{\"@id\":\"https:\\\/\\\/www.evropskakuca.me\\\/me\\\/odrzan-drugi-climathon-u-crnoj-gori\\\/\"},\"wordCount\":629,\"publisher\":{\"@id\":\"https:\\\/\\\/www.evropskakuca.me\\\/me\\\/#organization\"},\"image\":{\"@id\":\"https:\\\/\\\/www.evropskakuca.me\\\/me\\\/odrzan-drugi-climathon-u-crnoj-gori\\\/#primaryimage\"},\"thumbnailUrl\":\"https:\\\/\\\/www.evropskakuca.me\\\/wp-content\\\/uploads\\\/2021\\\/11\\\/climathon-4.jpg\",\"inLanguage\":\"me-ME\"},{\"@type\":\"WebPage\",\"@id\":\"https:\\\/\\\/www.evropskakuca.me\\\/me\\\/odrzan-drugi-climathon-u-crnoj-gori\\\/\",\"url\":\"https:\\\/\\\/www.evropskakuca.me\\\/me\\\/odrzan-drugi-climathon-u-crnoj-gori\\\/\",\"name\":\"Odr\u017ean drugi Climathon u Crnoj Gori - Europe House\",\"isPartOf\":{\"@id\":\"https:\\\/\\\/www.evropskakuca.me\\\/me\\\/#website\"},\"primaryImageOfPage\":{\"@id\":\"https:\\\/\\\/www.evropskakuca.me\\\/me\\\/odrzan-drugi-climathon-u-crnoj-gori\\\/#primaryimage\"},\"image\":{\"@id\":\"https:\\\/\\\/www.evropskakuca.me\\\/me\\\/odrzan-drugi-climathon-u-crnoj-gori\\\/#primaryimage\"},\"thumbnailUrl\":\"https:\\\/\\\/www.evropskakuca.me\\\/wp-content\\\/uploads\\\/2021\\\/11\\\/climathon-4.jpg\",\"datePublished\":\"2021-11-29T16:21:10+00:00\",\"breadcrumb\":{\"@id\":\"https:\\\/\\\/www.evropskakuca.me\\\/me\\\/odrzan-drugi-climathon-u-crnoj-gori\\\/#breadcrumb\"},\"inLanguage\":\"me-ME\",\"potentialAction\":[{\"@type\":\"ReadAction\",\"target\":[\"https:\\\/\\\/www.evropskakuca.me\\\/me\\\/odrzan-drugi-climathon-u-crnoj-gori\\\/\"]}]},{\"@type\":\"ImageObject\",\"inLanguage\":\"me-ME\",\"@id\":\"https:\\\/\\\/www.evropskakuca.me\\\/me\\\/odrzan-drugi-climathon-u-crnoj-gori\\\/#primaryimage\",\"url\":\"https:\\\/\\\/www.evropskakuca.me\\\/wp-content\\\/uploads\\\/2021\\\/11\\\/climathon-4.jpg\",\"contentUrl\":\"https:\\\/\\\/www.evropskakuca.me\\\/wp-content\\\/uploads\\\/2021\\\/11\\\/climathon-4.jpg\",\"width\":1412,\"height\":1000},{\"@type\":\"BreadcrumbList\",\"@id\":\"https:\\\/\\\/www.evropskakuca.me\\\/me\\\/odrzan-drugi-climathon-u-crnoj-gori\\\/#breadcrumb\",\"itemListElement\":[{\"@type\":\"ListItem\",\"position\":1,\"name\":\"Home\",\"item\":\"https:\\\/\\\/www.evropskakuca.me\\\/me\\\/\"},{\"@type\":\"ListItem\",\"position\":2,\"name\":\"Odr\u017ean drugi Climathon u Crnoj Gori\"}]},{\"@type\":\"WebSite\",\"@id\":\"https:\\\/\\\/www.evropskakuca.me\\\/me\\\/#website\",\"url\":\"https:\\\/\\\/www.evropskakuca.me\\\/me\\\/\",\"name\":\"Evropean house\",\"description\":\"\",\"publisher\":{\"@id\":\"https:\\\/\\\/www.evropskakuca.me\\\/me\\\/#organization\"},\"potentialAction\":[{\"@type\":\"SearchAction\",\"target\":{\"@type\":\"EntryPoint\",\"urlTemplate\":\"https:\\\/\\\/www.evropskakuca.me\\\/me\\\/?s={search_term_string}\"},\"query-input\":{\"@type\":\"PropertyValueSpecification\",\"valueRequired\":true,\"valueName\":\"search_term_string\"}}],\"inLanguage\":\"me-ME\"},{\"@type\":\"Organization\",\"@id\":\"https:\\\/\\\/www.evropskakuca.me\\\/me\\\/#organization\",\"name\":\"Evropean house\",\"url\":\"https:\\\/\\\/www.evropskakuca.me\\\/me\\\/\",\"logo\":{\"@type\":\"ImageObject\",\"inLanguage\":\"me-ME\",\"@id\":\"https:\\\/\\\/www.evropskakuca.me\\\/me\\\/#\\\/schema\\\/logo\\\/image\\\/\",\"url\":\"https:\\\/\\\/www.evropskakuca.me\\\/wp-content\\\/uploads\\\/2025\\\/01\\\/evropska-kuca-logo-1.png\",\"contentUrl\":\"https:\\\/\\\/www.evropskakuca.me\\\/wp-content\\\/uploads\\\/2025\\\/01\\\/evropska-kuca-logo-1.png\",\"width\":425,\"height\":312,\"caption\":\"Evropean house\"},\"image\":{\"@id\":\"https:\\\/\\\/www.evropskakuca.me\\\/me\\\/#\\\/schema\\\/logo\\\/image\\\/\"},\"sameAs\":[\"https:\\\/\\\/www.facebook.com\\\/evropska.kuca\",\"https:\\\/\\\/x.com\\\/evropska_kuca\",\"https:\\\/\\\/www.instagram.com\\\/evropska_kuca\"]},{\"@type\":\"Person\",\"@id\":\"https:\\\/\\\/www.evropskakuca.me\\\/me\\\/#\\\/schema\\\/person\\\/a1d0dcdaefe4a1cd1d60d200ea137ba4\",\"name\":\"mkajic\",\"image\":{\"@type\":\"ImageObject\",\"inLanguage\":\"me-ME\",\"@id\":\"https:\\\/\\\/secure.gravatar.com\\\/avatar\\\/731fa035cefab7316e6bafd1f25a93fb731a07de14e2d9923f8db4422628eabc?s=96&d=mm&r=g\",\"url\":\"https:\\\/\\\/secure.gravatar.com\\\/avatar\\\/731fa035cefab7316e6bafd1f25a93fb731a07de14e2d9923f8db4422628eabc?s=96&d=mm&r=g\",\"contentUrl\":\"https:\\\/\\\/secure.gravatar.com\\\/avatar\\\/731fa035cefab7316e6bafd1f25a93fb731a07de14e2d9923f8db4422628eabc?s=96&d=mm&r=g\",\"caption\":\"mkajic\"},\"sameAs\":[\"https:\\\/\\\/evropskakuca.me\"],\"url\":\"https:\\\/\\\/www.evropskakuca.me\\\/me\\\/author\\\/mkajic\\\/\"}]}<\/script>\n<!-- \/ Yoast SEO plugin. -->","yoast_head_json":{"title":"Odr\u017ean drugi Climathon u Crnoj Gori - Europe House","robots":{"index":"index","follow":"follow","max-snippet":"max-snippet:-1","max-image-preview":"max-image-preview:large","max-video-preview":"max-video-preview:-1"},"canonical":"https:\/\/www.evropskakuca.me\/me\/odrzan-drugi-climathon-u-crnoj-gori\/","og_locale":"en_US","og_type":"article","og_title":"Odr\u017ean drugi Climathon u Crnoj Gori - Europe House","og_description":"Pod potkroviteljstvom Evropske unije","og_url":"https:\/\/www.evropskakuca.me\/me\/odrzan-drugi-climathon-u-crnoj-gori\/","og_site_name":"Europe House","article_publisher":"https:\/\/www.facebook.com\/evropska.kuca","article_published_time":"2021-11-29T16:21:10+00:00","og_image":[{"width":1412,"height":1000,"url":"https:\/\/www.evropskakuca.me\/wp-content\/uploads\/2021\/11\/climathon-4.jpg","type":"image\/jpeg"}],"author":"mkajic","twitter_card":"summary_large_image","twitter_creator":"@evropska_kuca","twitter_site":"@evropska_kuca","twitter_misc":{"Written by":"mkajic","Est. reading time":"3 minutes"},"schema":{"@context":"https:\/\/schema.org","@graph":[{"@type":"Article","@id":"https:\/\/www.evropskakuca.me\/me\/odrzan-drugi-climathon-u-crnoj-gori\/#article","isPartOf":{"@id":"https:\/\/www.evropskakuca.me\/me\/odrzan-drugi-climathon-u-crnoj-gori\/"},"author":{"name":"mkajic","@id":"https:\/\/www.evropskakuca.me\/me\/#\/schema\/person\/a1d0dcdaefe4a1cd1d60d200ea137ba4"},"headline":"Odr\u017ean drugi Climathon u Crnoj Gori","datePublished":"2021-11-29T16:21:10+00:00","mainEntityOfPage":{"@id":"https:\/\/www.evropskakuca.me\/me\/odrzan-drugi-climathon-u-crnoj-gori\/"},"wordCount":629,"publisher":{"@id":"https:\/\/www.evropskakuca.me\/me\/#organization"},"image":{"@id":"https:\/\/www.evropskakuca.me\/me\/odrzan-drugi-climathon-u-crnoj-gori\/#primaryimage"},"thumbnailUrl":"https:\/\/www.evropskakuca.me\/wp-content\/uploads\/2021\/11\/climathon-4.jpg","inLanguage":"me-ME"},{"@type":"WebPage","@id":"https:\/\/www.evropskakuca.me\/me\/odrzan-drugi-climathon-u-crnoj-gori\/","url":"https:\/\/www.evropskakuca.me\/me\/odrzan-drugi-climathon-u-crnoj-gori\/","name":"Odr\u017ean drugi Climathon u Crnoj Gori - Europe House","isPartOf":{"@id":"https:\/\/www.evropskakuca.me\/me\/#website"},"primaryImageOfPage":{"@id":"https:\/\/www.evropskakuca.me\/me\/odrzan-drugi-climathon-u-crnoj-gori\/#primaryimage"},"image":{"@id":"https:\/\/www.evropskakuca.me\/me\/odrzan-drugi-climathon-u-crnoj-gori\/#primaryimage"},"thumbnailUrl":"https:\/\/www.evropskakuca.me\/wp-content\/uploads\/2021\/11\/climathon-4.jpg","datePublished":"2021-11-29T16:21:10+00:00","breadcrumb":{"@id":"https:\/\/www.evropskakuca.me\/me\/odrzan-drugi-climathon-u-crnoj-gori\/#breadcrumb"},"inLanguage":"me-ME","potentialAction":[{"@type":"ReadAction","target":["https:\/\/www.evropskakuca.me\/me\/odrzan-drugi-climathon-u-crnoj-gori\/"]}]},{"@type":"ImageObject","inLanguage":"me-ME","@id":"https:\/\/www.evropskakuca.me\/me\/odrzan-drugi-climathon-u-crnoj-gori\/#primaryimage","url":"https:\/\/www.evropskakuca.me\/wp-content\/uploads\/2021\/11\/climathon-4.jpg","contentUrl":"https:\/\/www.evropskakuca.me\/wp-content\/uploads\/2021\/11\/climathon-4.jpg","width":1412,"height":1000},{"@type":"BreadcrumbList","@id":"https:\/\/www.evropskakuca.me\/me\/odrzan-drugi-climathon-u-crnoj-gori\/#breadcrumb","itemListElement":[{"@type":"ListItem","position":1,"name":"Home","item":"https:\/\/www.evropskakuca.me\/me\/"},{"@type":"ListItem","position":2,"name":"Odr\u017ean drugi Climathon u Crnoj Gori"}]},{"@type":"WebSite","@id":"https:\/\/www.evropskakuca.me\/me\/#website","url":"https:\/\/www.evropskakuca.me\/me\/","name":"Evropean house","description":"","publisher":{"@id":"https:\/\/www.evropskakuca.me\/me\/#organization"},"potentialAction":[{"@type":"SearchAction","target":{"@type":"EntryPoint","urlTemplate":"https:\/\/www.evropskakuca.me\/me\/?s={search_term_string}"},"query-input":{"@type":"PropertyValueSpecification","valueRequired":true,"valueName":"search_term_string"}}],"inLanguage":"me-ME"},{"@type":"Organization","@id":"https:\/\/www.evropskakuca.me\/me\/#organization","name":"Evropean house","url":"https:\/\/www.evropskakuca.me\/me\/","logo":{"@type":"ImageObject","inLanguage":"me-ME","@id":"https:\/\/www.evropskakuca.me\/me\/#\/schema\/logo\/image\/","url":"https:\/\/www.evropskakuca.me\/wp-content\/uploads\/2025\/01\/evropska-kuca-logo-1.png","contentUrl":"https:\/\/www.evropskakuca.me\/wp-content\/uploads\/2025\/01\/evropska-kuca-logo-1.png","width":425,"height":312,"caption":"Evropean house"},"image":{"@id":"https:\/\/www.evropskakuca.me\/me\/#\/schema\/logo\/image\/"},"sameAs":["https:\/\/www.facebook.com\/evropska.kuca","https:\/\/x.com\/evropska_kuca","https:\/\/www.instagram.com\/evropska_kuca"]},{"@type":"Person","@id":"https:\/\/www.evropskakuca.me\/me\/#\/schema\/person\/a1d0dcdaefe4a1cd1d60d200ea137ba4","name":"mkajic","image":{"@type":"ImageObject","inLanguage":"me-ME","@id":"https:\/\/secure.gravatar.com\/avatar\/731fa035cefab7316e6bafd1f25a93fb731a07de14e2d9923f8db4422628eabc?s=96&d=mm&r=g","url":"https:\/\/secure.gravatar.com\/avatar\/731fa035cefab7316e6bafd1f25a93fb731a07de14e2d9923f8db4422628eabc?s=96&d=mm&r=g","contentUrl":"https:\/\/secure.gravatar.com\/avatar\/731fa035cefab7316e6bafd1f25a93fb731a07de14e2d9923f8db4422628eabc?s=96&d=mm&r=g","caption":"mkajic"},"sameAs":["https:\/\/evropskakuca.me"],"url":"https:\/\/www.evropskakuca.me\/me\/author\/mkajic\/"}]}},"_links":{"self":[{"href":"https:\/\/www.evropskakuca.me\/me\/wp-json\/wp\/v2\/posts\/15958","targetHints":{"allow":["GET"]}}],"collection":[{"href":"https:\/\/www.evropskakuca.me\/me\/wp-json\/wp\/v2\/posts"}],"about":[{"href":"https:\/\/www.evropskakuca.me\/me\/wp-json\/wp\/v2\/types\/post"}],"author":[{"embeddable":true,"href":"https:\/\/www.evropskakuca.me\/me\/wp-json\/wp\/v2\/users\/1"}],"replies":[{"embeddable":true,"href":"https:\/\/www.evropskakuca.me\/me\/wp-json\/wp\/v2\/comments?post=15958"}],"version-history":[{"count":0,"href":"https:\/\/www.evropskakuca.me\/me\/wp-json\/wp\/v2\/posts\/15958\/revisions"}],"wp:featuredmedia":[{"embeddable":true,"href":"https:\/\/www.evropskakuca.me\/me\/wp-json\/wp\/v2\/media\/37574"}],"wp:attachment":[{"href":"https:\/\/www.evropskakuca.me\/me\/wp-json\/wp\/v2\/media?parent=15958"}],"wp:term":[{"taxonomy":"category","embeddable":true,"href":"https:\/\/www.evropskakuca.me\/me\/wp-json\/wp\/v2\/categories?post=15958"},{"taxonomy":"post_tag","embeddable":true,"href":"https:\/\/www.evropskakuca.me\/me\/wp-json\/wp\/v2\/tags?post=15958"}],"curies":[{"name":"wp","href":"https:\/\/api.w.org\/{rel}","templated":true}]}}