{"id":15877,"date":"2021-11-12T15:33:49","date_gmt":"2021-11-12T15:33:49","guid":{"rendered":"http:\/\/www.evropskakuca.me\/?p=15877"},"modified":"2021-11-12T15:33:49","modified_gmt":"2021-11-12T15:33:49","slug":"zavrsen-nagradni-kviz-u-okviru-kampanje-o-biodiverzitetu","status":"publish","type":"post","link":"https:\/\/www.evropskakuca.me\/me\/zavrsen-nagradni-kviz-u-okviru-kampanje-o-biodiverzitetu\/","title":{"rendered":"Zavr\u0161en nagradni kviz u okviru kampanje o biodiverzitetu"},"content":{"rendered":"<p>Vrijeme je za nagrade! Izvukli smo imena pobjednika \u010detvrtog, ujedno i zavr\u0161nog kola na\u0161eg nagradnog kviza znanja, koji smo organizovali u okviru online edukativne kampanje \u201eI ja sam sa vama\u201c, na sajtu <a href=\"http:\/\/www.biodiverzitet.me\">www.biodiverzitet.me<\/a>. Tokom mjesec dana, koliko je trajala kampanja,\u00a0 preko 5 500 takmi\u010dara testiralo je svoje znanje o biodiverzitetu, a njih 2 768 \u00a0se kandidovalo za nagrade: 5 bicikala, 4 dvogleda (koje je omogu\u0107io Centar za za\u0161titu ptica) i 12 eko paketa, inspirisanih prirodom.<\/p>\n<p>Pobjednici \u010detvrtog kola su An\u0111ela Prebira\u010devi\u0107 i Avdo Vuli\u0107 (bicikl), Ana Sekularac (dvogled), Gordana Rajovi\u0107, Milena Bulatovi\u0107 i Andrijana \u0110or\u0111evi\u0107 (eko paket). Prethodno su nagrade osvojili Marko\u00a0\u00a0\u00a0\u00a0\u00a0\u00a0 \u0106ipovi\u0107, Jasna \u0110alovi\u0107 i Viktor Vulanovi\u0107 (bicikl), Marina Turovi\u0107, Jadranka Kolar i Nata\u0161a\u00a0\u00a0\u00a0\u00a0\u00a0\u00a0\u00a0\u00a0\u00a0 Mi\u0107anovi\u0107 (dvogled), Selma \u00a0Haxhi, Marija Kolorogi\u0107, Fatima\u00a0\u00a0\u00a0\u00a0\u00a0\u00a0\u00a0\u00a0 \u0110urovi\u0107, Rejhan Luboder, Ivana\u00a0\u00a0\u00a0\u00a0\u00a0\u00a0\u00a0\u00a0\u00a0 Popovi\u0107, Vuk Karu\u017ei\u0107, Milica \u017divkovi\u0107 i Avdo Vuli\u0107 (eko paket).<\/p>\n<p>Oni su se kvalifikovali tako \u0161to su osvojili preko 70 poena za tre\u0107u nagradu, odnosno vi\u0161e od 80 poena za drugu i preko 90 poena za prvu nagradu. Kvalifikovani takmi\u010dari u\u0161li su u \u201ebubanj\u201c, iz kojeg smo elektronskim slu\u010dajnim (tkzv. random) odabirom izvukli imena pobjednika, \u0161to mo\u017eete ispratiti na na\u0161oj <a href=\"https:\/\/www.facebook.com\/evropskakuca.me\/\">Facebook<\/a> stranici.<\/p>\n<p>Nagradni kviz organizovali smo u okviru nastavka kampanje o biodiverzitetu, koju smo ove jeseni posvetili urbanim vrstama. Ako strahujete da slijepi mi\u0161 mo\u017ee da vam se zalijepi za kosu, gu\u0161ter ugrize dok spavate ili lisica napadne kada je sretnete u gradskoj \u0161umi, predla\u017eemo da posjetite na\u0161 sajt <a href=\"http:\/\/www.biodiverzitet.me\">www.biodiverzitet.me<\/a> saznate vi\u0161e o njima i prihvatite ih kao svoje bezopasne kom\u0161ije, o kojima treba da vodimo ra\u010duna, jer su upravo ove \u201egradske face\u201c zaslu\u017ene za o\u010duvanje biolo\u0161ke raznolikosti u urbanim sredinama.<\/p>\n<p>Na sajtu mo\u017eete da saznate i za\u0161to je svraka jedna od najinteligentnijih ptica, da li \u010diopa ikada odmara, \u0161ta je to crveni sun\u0111er, kako je kompas meduza dobila ime, da li je p\u010delica insekt ili ne\u0161to drugo, mo\u017ee li gekon biti va\u0161 ku\u0107ni ljubimac i da li je mali potkovi\u010dar zaista slijep ili jedan veoma koristan lete\u0107i sisar. Na sajtu mo\u017eete upoznati biljke, sisare, ptice, vodozemce i gmizavce, inskete i morske vrste, ukupno 62 urbane vrste, koje smo predstavili na slikovit i interaktivan na\u010din, kroz tekstove, fotografije i ilustracije.<\/p>\n<p><strong>O\u010duvanje biodiverziteta jedan od prioriteta EU <\/strong><\/p>\n<p>Kampanja \u201eI ja sam sa vama\u201c po\u010dela je pro\u0161le godine, kada je Evropska unija u Crnoj Gori predstavila 54 za\u0161ti\u0107ene biljne i \u017eivotinjske vrste, sa ciljem da pomogne javnosti da ih bolje upozna i za\u0161titi. Povod za organizaciju kampanje je Green Deal (Zeleni sporazum) Evropske unije, koji predstavlja strategiju odr\u017eivog razvoja EU za 21. vijek, sa ciljem da Evropa postane prvi klimatski neutralan kontinent. Evropska unija pripremila je i Zelenu agendu za Zapadni Balkan, koja Crnu Goru i zemlje regiona obavezuje na mjere u oblasti sprje\u010davanja klimatskih promjena i zaga\u0111enja, razvoja energije i biodiverziteta, mobilnosti i cirkularne ekonomije, odr\u017eive poljoprivrede i proizvodnje hrane.<\/p>\n<p>Kampanju realizuju u saradnji sa partnerima: Agencijom za za\u0161titu \u017eivotne sredine, Institutom za biologiju mora u Kotoru i nevladinim organizacijama Centrom za za\u0161titu ptica i Crnogorskim dru\u0161tvom ekologa.<\/p>\n","protected":false},"excerpt":{"rendered":"<p>Nagrade za 21 takmi\u010dara<\/p>\n","protected":false},"author":1,"featured_media":37560,"comment_status":"closed","ping_status":"closed","sticky":false,"template":"","format":"standard","meta":{"_acf_changed":false,"footnotes":""},"categories":[],"tags":[],"class_list":["post-15877","post","type-post","status-publish","format-standard","has-post-thumbnail","hentry"],"acf":[],"yoast_head":"<!-- This site is optimized with the Yoast SEO plugin v28.4 - https:\/\/yoast.com\/product\/yoast-seo-wordpress\/ -->\n<title>Zavr\u0161en nagradni kviz u okviru kampanje o biodiverzitetu - Europe House<\/title>\n<meta name=\"robots\" content=\"index, follow, max-snippet:-1, max-image-preview:large, max-video-preview:-1\" \/>\n<link rel=\"canonical\" href=\"https:\/\/www.evropskakuca.me\/me\/zavrsen-nagradni-kviz-u-okviru-kampanje-o-biodiverzitetu\/\" \/>\n<meta property=\"og:locale\" content=\"en_US\" \/>\n<meta property=\"og:type\" content=\"article\" \/>\n<meta property=\"og:title\" content=\"Zavr\u0161en nagradni kviz u okviru kampanje o biodiverzitetu - Europe House\" \/>\n<meta property=\"og:description\" content=\"Nagrade za 21 takmi\u010dara\" \/>\n<meta property=\"og:url\" content=\"https:\/\/www.evropskakuca.me\/me\/zavrsen-nagradni-kviz-u-okviru-kampanje-o-biodiverzitetu\/\" \/>\n<meta property=\"og:site_name\" content=\"Europe House\" \/>\n<meta property=\"article:publisher\" content=\"https:\/\/www.facebook.com\/evropska.kuca\" \/>\n<meta property=\"article:published_time\" content=\"2021-11-12T15:33:49+00:00\" \/>\n<meta property=\"og:image\" content=\"https:\/\/www.evropskakuca.me\/wp-content\/uploads\/2021\/11\/EUIC_Biodiverzitet_SocialMediaVisuals_Facebook_NewsFeedPost_Congratulations.jpg\" \/>\n\t<meta property=\"og:image:width\" content=\"1200\" \/>\n\t<meta property=\"og:image:height\" content=\"630\" \/>\n\t<meta property=\"og:image:type\" content=\"image\/jpeg\" \/>\n<meta name=\"author\" content=\"mkajic\" \/>\n<meta name=\"twitter:card\" content=\"summary_large_image\" \/>\n<meta name=\"twitter:creator\" content=\"@evropska_kuca\" \/>\n<meta name=\"twitter:site\" content=\"@evropska_kuca\" \/>\n<meta name=\"twitter:label1\" content=\"Written by\" \/>\n\t<meta name=\"twitter:data1\" content=\"mkajic\" \/>\n\t<meta name=\"twitter:label2\" content=\"Est. reading time\" \/>\n\t<meta name=\"twitter:data2\" content=\"3 minutes\" \/>\n<script type=\"application\/ld+json\" class=\"yoast-schema-graph\">{\"@context\":\"https:\\\/\\\/schema.org\",\"@graph\":[{\"@type\":\"Article\",\"@id\":\"https:\\\/\\\/www.evropskakuca.me\\\/me\\\/zavrsen-nagradni-kviz-u-okviru-kampanje-o-biodiverzitetu\\\/#article\",\"isPartOf\":{\"@id\":\"https:\\\/\\\/www.evropskakuca.me\\\/me\\\/zavrsen-nagradni-kviz-u-okviru-kampanje-o-biodiverzitetu\\\/\"},\"author\":{\"name\":\"mkajic\",\"@id\":\"https:\\\/\\\/www.evropskakuca.me\\\/me\\\/#\\\/schema\\\/person\\\/a1d0dcdaefe4a1cd1d60d200ea137ba4\"},\"headline\":\"Zavr\u0161en nagradni kviz u okviru kampanje o biodiverzitetu\",\"datePublished\":\"2021-11-12T15:33:49+00:00\",\"mainEntityOfPage\":{\"@id\":\"https:\\\/\\\/www.evropskakuca.me\\\/me\\\/zavrsen-nagradni-kviz-u-okviru-kampanje-o-biodiverzitetu\\\/\"},\"wordCount\":544,\"publisher\":{\"@id\":\"https:\\\/\\\/www.evropskakuca.me\\\/me\\\/#organization\"},\"image\":{\"@id\":\"https:\\\/\\\/www.evropskakuca.me\\\/me\\\/zavrsen-nagradni-kviz-u-okviru-kampanje-o-biodiverzitetu\\\/#primaryimage\"},\"thumbnailUrl\":\"https:\\\/\\\/www.evropskakuca.me\\\/wp-content\\\/uploads\\\/2021\\\/11\\\/EUIC_Biodiverzitet_SocialMediaVisuals_Facebook_NewsFeedPost_Congratulations.jpg\",\"inLanguage\":\"me-ME\"},{\"@type\":\"WebPage\",\"@id\":\"https:\\\/\\\/www.evropskakuca.me\\\/me\\\/zavrsen-nagradni-kviz-u-okviru-kampanje-o-biodiverzitetu\\\/\",\"url\":\"https:\\\/\\\/www.evropskakuca.me\\\/me\\\/zavrsen-nagradni-kviz-u-okviru-kampanje-o-biodiverzitetu\\\/\",\"name\":\"Zavr\u0161en nagradni kviz u okviru kampanje o biodiverzitetu - Europe House\",\"isPartOf\":{\"@id\":\"https:\\\/\\\/www.evropskakuca.me\\\/me\\\/#website\"},\"primaryImageOfPage\":{\"@id\":\"https:\\\/\\\/www.evropskakuca.me\\\/me\\\/zavrsen-nagradni-kviz-u-okviru-kampanje-o-biodiverzitetu\\\/#primaryimage\"},\"image\":{\"@id\":\"https:\\\/\\\/www.evropskakuca.me\\\/me\\\/zavrsen-nagradni-kviz-u-okviru-kampanje-o-biodiverzitetu\\\/#primaryimage\"},\"thumbnailUrl\":\"https:\\\/\\\/www.evropskakuca.me\\\/wp-content\\\/uploads\\\/2021\\\/11\\\/EUIC_Biodiverzitet_SocialMediaVisuals_Facebook_NewsFeedPost_Congratulations.jpg\",\"datePublished\":\"2021-11-12T15:33:49+00:00\",\"breadcrumb\":{\"@id\":\"https:\\\/\\\/www.evropskakuca.me\\\/me\\\/zavrsen-nagradni-kviz-u-okviru-kampanje-o-biodiverzitetu\\\/#breadcrumb\"},\"inLanguage\":\"me-ME\",\"potentialAction\":[{\"@type\":\"ReadAction\",\"target\":[\"https:\\\/\\\/www.evropskakuca.me\\\/me\\\/zavrsen-nagradni-kviz-u-okviru-kampanje-o-biodiverzitetu\\\/\"]}]},{\"@type\":\"ImageObject\",\"inLanguage\":\"me-ME\",\"@id\":\"https:\\\/\\\/www.evropskakuca.me\\\/me\\\/zavrsen-nagradni-kviz-u-okviru-kampanje-o-biodiverzitetu\\\/#primaryimage\",\"url\":\"https:\\\/\\\/www.evropskakuca.me\\\/wp-content\\\/uploads\\\/2021\\\/11\\\/EUIC_Biodiverzitet_SocialMediaVisuals_Facebook_NewsFeedPost_Congratulations.jpg\",\"contentUrl\":\"https:\\\/\\\/www.evropskakuca.me\\\/wp-content\\\/uploads\\\/2021\\\/11\\\/EUIC_Biodiverzitet_SocialMediaVisuals_Facebook_NewsFeedPost_Congratulations.jpg\",\"width\":1200,\"height\":630},{\"@type\":\"BreadcrumbList\",\"@id\":\"https:\\\/\\\/www.evropskakuca.me\\\/me\\\/zavrsen-nagradni-kviz-u-okviru-kampanje-o-biodiverzitetu\\\/#breadcrumb\",\"itemListElement\":[{\"@type\":\"ListItem\",\"position\":1,\"name\":\"Home\",\"item\":\"https:\\\/\\\/www.evropskakuca.me\\\/me\\\/\"},{\"@type\":\"ListItem\",\"position\":2,\"name\":\"Zavr\u0161en nagradni kviz u okviru kampanje o biodiverzitetu\"}]},{\"@type\":\"WebSite\",\"@id\":\"https:\\\/\\\/www.evropskakuca.me\\\/me\\\/#website\",\"url\":\"https:\\\/\\\/www.evropskakuca.me\\\/me\\\/\",\"name\":\"Evropean house\",\"description\":\"\",\"publisher\":{\"@id\":\"https:\\\/\\\/www.evropskakuca.me\\\/me\\\/#organization\"},\"potentialAction\":[{\"@type\":\"SearchAction\",\"target\":{\"@type\":\"EntryPoint\",\"urlTemplate\":\"https:\\\/\\\/www.evropskakuca.me\\\/me\\\/?s={search_term_string}\"},\"query-input\":{\"@type\":\"PropertyValueSpecification\",\"valueRequired\":true,\"valueName\":\"search_term_string\"}}],\"inLanguage\":\"me-ME\"},{\"@type\":\"Organization\",\"@id\":\"https:\\\/\\\/www.evropskakuca.me\\\/me\\\/#organization\",\"name\":\"Evropean house\",\"url\":\"https:\\\/\\\/www.evropskakuca.me\\\/me\\\/\",\"logo\":{\"@type\":\"ImageObject\",\"inLanguage\":\"me-ME\",\"@id\":\"https:\\\/\\\/www.evropskakuca.me\\\/me\\\/#\\\/schema\\\/logo\\\/image\\\/\",\"url\":\"https:\\\/\\\/www.evropskakuca.me\\\/wp-content\\\/uploads\\\/2025\\\/01\\\/evropska-kuca-logo-1.png\",\"contentUrl\":\"https:\\\/\\\/www.evropskakuca.me\\\/wp-content\\\/uploads\\\/2025\\\/01\\\/evropska-kuca-logo-1.png\",\"width\":425,\"height\":312,\"caption\":\"Evropean house\"},\"image\":{\"@id\":\"https:\\\/\\\/www.evropskakuca.me\\\/me\\\/#\\\/schema\\\/logo\\\/image\\\/\"},\"sameAs\":[\"https:\\\/\\\/www.facebook.com\\\/evropska.kuca\",\"https:\\\/\\\/x.com\\\/evropska_kuca\",\"https:\\\/\\\/www.instagram.com\\\/evropska_kuca\"]},{\"@type\":\"Person\",\"@id\":\"https:\\\/\\\/www.evropskakuca.me\\\/me\\\/#\\\/schema\\\/person\\\/a1d0dcdaefe4a1cd1d60d200ea137ba4\",\"name\":\"mkajic\",\"image\":{\"@type\":\"ImageObject\",\"inLanguage\":\"me-ME\",\"@id\":\"https:\\\/\\\/secure.gravatar.com\\\/avatar\\\/731fa035cefab7316e6bafd1f25a93fb731a07de14e2d9923f8db4422628eabc?s=96&d=mm&r=g\",\"url\":\"https:\\\/\\\/secure.gravatar.com\\\/avatar\\\/731fa035cefab7316e6bafd1f25a93fb731a07de14e2d9923f8db4422628eabc?s=96&d=mm&r=g\",\"contentUrl\":\"https:\\\/\\\/secure.gravatar.com\\\/avatar\\\/731fa035cefab7316e6bafd1f25a93fb731a07de14e2d9923f8db4422628eabc?s=96&d=mm&r=g\",\"caption\":\"mkajic\"},\"sameAs\":[\"https:\\\/\\\/evropskakuca.me\"],\"url\":\"https:\\\/\\\/www.evropskakuca.me\\\/me\\\/author\\\/mkajic\\\/\"}]}<\/script>\n<!-- \/ Yoast SEO plugin. -->","yoast_head_json":{"title":"Zavr\u0161en nagradni kviz u okviru kampanje o biodiverzitetu - Europe House","robots":{"index":"index","follow":"follow","max-snippet":"max-snippet:-1","max-image-preview":"max-image-preview:large","max-video-preview":"max-video-preview:-1"},"canonical":"https:\/\/www.evropskakuca.me\/me\/zavrsen-nagradni-kviz-u-okviru-kampanje-o-biodiverzitetu\/","og_locale":"en_US","og_type":"article","og_title":"Zavr\u0161en nagradni kviz u okviru kampanje o biodiverzitetu - Europe House","og_description":"Nagrade za 21 takmi\u010dara","og_url":"https:\/\/www.evropskakuca.me\/me\/zavrsen-nagradni-kviz-u-okviru-kampanje-o-biodiverzitetu\/","og_site_name":"Europe House","article_publisher":"https:\/\/www.facebook.com\/evropska.kuca","article_published_time":"2021-11-12T15:33:49+00:00","og_image":[{"width":1200,"height":630,"url":"https:\/\/www.evropskakuca.me\/wp-content\/uploads\/2021\/11\/EUIC_Biodiverzitet_SocialMediaVisuals_Facebook_NewsFeedPost_Congratulations.jpg","type":"image\/jpeg"}],"author":"mkajic","twitter_card":"summary_large_image","twitter_creator":"@evropska_kuca","twitter_site":"@evropska_kuca","twitter_misc":{"Written by":"mkajic","Est. reading time":"3 minutes"},"schema":{"@context":"https:\/\/schema.org","@graph":[{"@type":"Article","@id":"https:\/\/www.evropskakuca.me\/me\/zavrsen-nagradni-kviz-u-okviru-kampanje-o-biodiverzitetu\/#article","isPartOf":{"@id":"https:\/\/www.evropskakuca.me\/me\/zavrsen-nagradni-kviz-u-okviru-kampanje-o-biodiverzitetu\/"},"author":{"name":"mkajic","@id":"https:\/\/www.evropskakuca.me\/me\/#\/schema\/person\/a1d0dcdaefe4a1cd1d60d200ea137ba4"},"headline":"Zavr\u0161en nagradni kviz u okviru kampanje o biodiverzitetu","datePublished":"2021-11-12T15:33:49+00:00","mainEntityOfPage":{"@id":"https:\/\/www.evropskakuca.me\/me\/zavrsen-nagradni-kviz-u-okviru-kampanje-o-biodiverzitetu\/"},"wordCount":544,"publisher":{"@id":"https:\/\/www.evropskakuca.me\/me\/#organization"},"image":{"@id":"https:\/\/www.evropskakuca.me\/me\/zavrsen-nagradni-kviz-u-okviru-kampanje-o-biodiverzitetu\/#primaryimage"},"thumbnailUrl":"https:\/\/www.evropskakuca.me\/wp-content\/uploads\/2021\/11\/EUIC_Biodiverzitet_SocialMediaVisuals_Facebook_NewsFeedPost_Congratulations.jpg","inLanguage":"me-ME"},{"@type":"WebPage","@id":"https:\/\/www.evropskakuca.me\/me\/zavrsen-nagradni-kviz-u-okviru-kampanje-o-biodiverzitetu\/","url":"https:\/\/www.evropskakuca.me\/me\/zavrsen-nagradni-kviz-u-okviru-kampanje-o-biodiverzitetu\/","name":"Zavr\u0161en nagradni kviz u okviru kampanje o biodiverzitetu - Europe House","isPartOf":{"@id":"https:\/\/www.evropskakuca.me\/me\/#website"},"primaryImageOfPage":{"@id":"https:\/\/www.evropskakuca.me\/me\/zavrsen-nagradni-kviz-u-okviru-kampanje-o-biodiverzitetu\/#primaryimage"},"image":{"@id":"https:\/\/www.evropskakuca.me\/me\/zavrsen-nagradni-kviz-u-okviru-kampanje-o-biodiverzitetu\/#primaryimage"},"thumbnailUrl":"https:\/\/www.evropskakuca.me\/wp-content\/uploads\/2021\/11\/EUIC_Biodiverzitet_SocialMediaVisuals_Facebook_NewsFeedPost_Congratulations.jpg","datePublished":"2021-11-12T15:33:49+00:00","breadcrumb":{"@id":"https:\/\/www.evropskakuca.me\/me\/zavrsen-nagradni-kviz-u-okviru-kampanje-o-biodiverzitetu\/#breadcrumb"},"inLanguage":"me-ME","potentialAction":[{"@type":"ReadAction","target":["https:\/\/www.evropskakuca.me\/me\/zavrsen-nagradni-kviz-u-okviru-kampanje-o-biodiverzitetu\/"]}]},{"@type":"ImageObject","inLanguage":"me-ME","@id":"https:\/\/www.evropskakuca.me\/me\/zavrsen-nagradni-kviz-u-okviru-kampanje-o-biodiverzitetu\/#primaryimage","url":"https:\/\/www.evropskakuca.me\/wp-content\/uploads\/2021\/11\/EUIC_Biodiverzitet_SocialMediaVisuals_Facebook_NewsFeedPost_Congratulations.jpg","contentUrl":"https:\/\/www.evropskakuca.me\/wp-content\/uploads\/2021\/11\/EUIC_Biodiverzitet_SocialMediaVisuals_Facebook_NewsFeedPost_Congratulations.jpg","width":1200,"height":630},{"@type":"BreadcrumbList","@id":"https:\/\/www.evropskakuca.me\/me\/zavrsen-nagradni-kviz-u-okviru-kampanje-o-biodiverzitetu\/#breadcrumb","itemListElement":[{"@type":"ListItem","position":1,"name":"Home","item":"https:\/\/www.evropskakuca.me\/me\/"},{"@type":"ListItem","position":2,"name":"Zavr\u0161en nagradni kviz u okviru kampanje o biodiverzitetu"}]},{"@type":"WebSite","@id":"https:\/\/www.evropskakuca.me\/me\/#website","url":"https:\/\/www.evropskakuca.me\/me\/","name":"Evropean house","description":"","publisher":{"@id":"https:\/\/www.evropskakuca.me\/me\/#organization"},"potentialAction":[{"@type":"SearchAction","target":{"@type":"EntryPoint","urlTemplate":"https:\/\/www.evropskakuca.me\/me\/?s={search_term_string}"},"query-input":{"@type":"PropertyValueSpecification","valueRequired":true,"valueName":"search_term_string"}}],"inLanguage":"me-ME"},{"@type":"Organization","@id":"https:\/\/www.evropskakuca.me\/me\/#organization","name":"Evropean house","url":"https:\/\/www.evropskakuca.me\/me\/","logo":{"@type":"ImageObject","inLanguage":"me-ME","@id":"https:\/\/www.evropskakuca.me\/me\/#\/schema\/logo\/image\/","url":"https:\/\/www.evropskakuca.me\/wp-content\/uploads\/2025\/01\/evropska-kuca-logo-1.png","contentUrl":"https:\/\/www.evropskakuca.me\/wp-content\/uploads\/2025\/01\/evropska-kuca-logo-1.png","width":425,"height":312,"caption":"Evropean house"},"image":{"@id":"https:\/\/www.evropskakuca.me\/me\/#\/schema\/logo\/image\/"},"sameAs":["https:\/\/www.facebook.com\/evropska.kuca","https:\/\/x.com\/evropska_kuca","https:\/\/www.instagram.com\/evropska_kuca"]},{"@type":"Person","@id":"https:\/\/www.evropskakuca.me\/me\/#\/schema\/person\/a1d0dcdaefe4a1cd1d60d200ea137ba4","name":"mkajic","image":{"@type":"ImageObject","inLanguage":"me-ME","@id":"https:\/\/secure.gravatar.com\/avatar\/731fa035cefab7316e6bafd1f25a93fb731a07de14e2d9923f8db4422628eabc?s=96&d=mm&r=g","url":"https:\/\/secure.gravatar.com\/avatar\/731fa035cefab7316e6bafd1f25a93fb731a07de14e2d9923f8db4422628eabc?s=96&d=mm&r=g","contentUrl":"https:\/\/secure.gravatar.com\/avatar\/731fa035cefab7316e6bafd1f25a93fb731a07de14e2d9923f8db4422628eabc?s=96&d=mm&r=g","caption":"mkajic"},"sameAs":["https:\/\/evropskakuca.me"],"url":"https:\/\/www.evropskakuca.me\/me\/author\/mkajic\/"}]}},"_links":{"self":[{"href":"https:\/\/www.evropskakuca.me\/me\/wp-json\/wp\/v2\/posts\/15877","targetHints":{"allow":["GET"]}}],"collection":[{"href":"https:\/\/www.evropskakuca.me\/me\/wp-json\/wp\/v2\/posts"}],"about":[{"href":"https:\/\/www.evropskakuca.me\/me\/wp-json\/wp\/v2\/types\/post"}],"author":[{"embeddable":true,"href":"https:\/\/www.evropskakuca.me\/me\/wp-json\/wp\/v2\/users\/1"}],"replies":[{"embeddable":true,"href":"https:\/\/www.evropskakuca.me\/me\/wp-json\/wp\/v2\/comments?post=15877"}],"version-history":[{"count":0,"href":"https:\/\/www.evropskakuca.me\/me\/wp-json\/wp\/v2\/posts\/15877\/revisions"}],"wp:featuredmedia":[{"embeddable":true,"href":"https:\/\/www.evropskakuca.me\/me\/wp-json\/wp\/v2\/media\/37560"}],"wp:attachment":[{"href":"https:\/\/www.evropskakuca.me\/me\/wp-json\/wp\/v2\/media?parent=15877"}],"wp:term":[{"taxonomy":"category","embeddable":true,"href":"https:\/\/www.evropskakuca.me\/me\/wp-json\/wp\/v2\/categories?post=15877"},{"taxonomy":"post_tag","embeddable":true,"href":"https:\/\/www.evropskakuca.me\/me\/wp-json\/wp\/v2\/tags?post=15877"}],"curies":[{"name":"wp","href":"https:\/\/api.w.org\/{rel}","templated":true}]}}