{"id":15843,"date":"2021-11-01T11:21:18","date_gmt":"2021-11-01T11:21:18","guid":{"rendered":"http:\/\/www.evropskakuca.me\/?p=15843"},"modified":"2021-11-01T11:21:18","modified_gmt":"2021-11-01T11:21:18","slug":"osnovci-u-drustvu-ptica","status":"publish","type":"post","link":"https:\/\/www.evropskakuca.me\/me\/osnovci-u-drustvu-ptica\/","title":{"rendered":"Osnovci u dru\u0161tvu ptica"},"content":{"rendered":"<p>Za\u0161to flamingosi postaju rozi, zbog \u010dega pelikani dolaze u ulcinjsku Solanu, kuda leti kos za vrijeme zime, kako izgleda crnokapa grmu\u0161a? Odgovore na ova pitanja saznali su prethodnih dana osnovci iz Nik\u0161i\u0107a, Kola\u0161ina i sa Cetinja, njih preko 150, koji su posjetili ulcinjsku Solanu i podgori\u010dku Marezu, kako bi se dru\u017eili sa pticama.<\/p>\n<p><img fetchpriority=\"high\" decoding=\"async\" class=\"alignnone size-large wp-image-15846\" src=\"http:\/\/www.evropskakuca.me\/wp-content\/uploads\/2021\/11\/Solana-9-1024x683.jpg\" alt=\"\" width=\"1024\" height=\"683\" \/><\/p>\n<p>U\u010denici i u\u010denice \u0161estog razreda O\u0160 \u201eMileva Lajovi\u0107 Lalatovi\u0107\u201c iz Nik\u0161i\u0107a posjetili su ulcinjsku Solanu i kroz \u0161etnju u\u010dili o mnogobrojnim vrijednostima ovog podru\u010dja. Upoznali su se sa istorijatom Solane, \u010duli kako se proizvodnja soli nekada odvijala, a svako je za sebe uzeo mali grumen kao suvenir. \u0160etnju smo upotpunili razgovorom o ljekovitom zoganjskom blatu, biljnim i \u017eivotinjskim vrstama koje nastanjuju solanu, a pogotovo biljci salikorniji, tipi\u010dnoj za zaslanjeno tlo. Najve\u0107e uzbu\u0111enje tokom izleta svakako je izazvalo posmatranje ptica, gdje je ve\u0107ina u\u010denika po prvi put vidjela fendake, \u0161ljukarice, razne vrste \u010daplji, a posebno su u\u017eivali u pogledu na flamingose, o kojima mo\u017eete vi\u0161e da saznaje na na\u0161em <a href=\"https:\/\/www.biodiverzitet.me\/\">sajtu<\/a> o biodiverzitetu. Na samom kraju posjete organizovali smo kviz tokom kog su se u\u010denici me\u0111usobno propitivali i zaista pokazali znanje o biodiverzitetu.<\/p>\n<p><img decoding=\"async\" class=\"alignnone size-large wp-image-15848\" src=\"http:\/\/www.evropskakuca.me\/wp-content\/uploads\/2021\/11\/Mareza-25-1024x683.jpg\" alt=\"\" width=\"1024\" height=\"683\" \/><\/p>\n<p>Dok su Nik\u0161i\u0107ani boravili na Solani, u\u010denici O\u0160 \u201cNjego\u0161\u201c sa Cetinja i O\u0160 \u201eRisto Manojlovi\u0107\u201c iz Kola\u0161ina svoj dan u prirodi proveli su na tradicionalnom jesenjem prstenovanju ptica na Marezi. O metodi prstenovanja i njenom zna\u010daju u\u010dili su od ornitologa CZIP-a, gdje je svaki \u0111ak dobio priliku da se izbliza upozna sa tipi\u010dnim vrstama koje se na Marezi hrane, odmaraju i spremaju za migraciju. Uz pomo\u0107 ornitologa pa\u017eljivo su pristupili va\u0111enju ptica iz ornitolo\u0161kih mre\u017ea, nakon \u010dega su ispratili sve va\u017ene korake prstenovanja \u2013 odre\u0111ivanje pola, starosti, te\u017eine, kondicije ptica, i na kraju stavljanje prstena sa posebnim oznakama. Posebno ih je radovao trenutak kada su pustili sve prstenovane ptice, me\u0111u kojima su naj\u010de\u0161\u0107e bile crnoglava grmu\u0161a, drozd pjeva\u010d, kos i crvenda\u0107, pa im zajedno po\u017eeljeli sre\u0107an put ka Africi.<\/p>\n<p><img decoding=\"async\" class=\"alignnone size-large wp-image-15850\" src=\"http:\/\/www.evropskakuca.me\/wp-content\/uploads\/2021\/11\/Mareza-36-1024x683.jpg\" alt=\"\" width=\"1024\" height=\"683\" \/><\/p>\n<p>Ovu aktivnost organizovali smo u saradnji sa Centrom za za\u0161titu ptica, koji se ba\u0161 kao i mi ove jeseni bavi promocijom biodiverziteta. Oni sprovode projekat\u201cBioVal \u2013 biolo\u0161ka raznolikost\u201c, koji \u00a0finansira EU i kofinansira Ministarstvo javne uprave, digitalnog dru\u0161tva i medija, a mi <a href=\"https:\/\/www.biodiverzitet.me\/\">kampanju \u201eI ja sam sa vama\u201c,<\/a> posve\u0107enu promociji urbanih vrsta.<\/p>\n","protected":false},"excerpt":{"rendered":"<p>Izlete u prirodu u okvir kampanje o biodiverzitetu, u saradnji sa CZIP-om <\/p>\n","protected":false},"author":1,"featured_media":37566,"comment_status":"closed","ping_status":"closed","sticky":false,"template":"","format":"standard","meta":{"_acf_changed":false,"footnotes":""},"categories":[283],"tags":[],"class_list":["post-15843","post","type-post","status-publish","format-standard","has-post-thumbnail","hentry","category-novosti-me"],"acf":[],"yoast_head":"<!-- This site is optimized with the Yoast SEO plugin v27.3 - https:\/\/yoast.com\/product\/yoast-seo-wordpress\/ -->\n<title>Osnovci u dru\u0161tvu ptica - Europe House<\/title>\n<meta name=\"robots\" content=\"index, follow, max-snippet:-1, max-image-preview:large, max-video-preview:-1\" \/>\n<link rel=\"canonical\" href=\"https:\/\/www.evropskakuca.me\/me\/osnovci-u-drustvu-ptica\/\" \/>\n<meta property=\"og:locale\" content=\"en_US\" \/>\n<meta property=\"og:type\" content=\"article\" \/>\n<meta property=\"og:title\" content=\"Osnovci u dru\u0161tvu ptica - Europe House\" \/>\n<meta property=\"og:description\" content=\"Izlete u prirodu u okvir kampanje o biodiverzitetu, u saradnji sa CZIP-om\" \/>\n<meta property=\"og:url\" content=\"https:\/\/www.evropskakuca.me\/me\/osnovci-u-drustvu-ptica\/\" \/>\n<meta property=\"og:site_name\" content=\"Europe House\" \/>\n<meta property=\"article:publisher\" content=\"https:\/\/www.facebook.com\/evropska.kuca\" \/>\n<meta property=\"article:published_time\" content=\"2021-11-01T11:21:18+00:00\" \/>\n<meta property=\"og:image\" content=\"https:\/\/www.evropskakuca.me\/wp-content\/uploads\/2021\/11\/Solana-37.jpg\" \/>\n\t<meta property=\"og:image:width\" content=\"2500\" \/>\n\t<meta property=\"og:image:height\" content=\"1667\" \/>\n\t<meta property=\"og:image:type\" content=\"image\/jpeg\" \/>\n<meta name=\"author\" content=\"mkajic\" \/>\n<meta name=\"twitter:card\" content=\"summary_large_image\" \/>\n<meta name=\"twitter:creator\" content=\"@evropska_kuca\" \/>\n<meta name=\"twitter:site\" content=\"@evropska_kuca\" \/>\n<meta name=\"twitter:label1\" content=\"Written by\" \/>\n\t<meta name=\"twitter:data1\" content=\"mkajic\" \/>\n\t<meta name=\"twitter:label2\" content=\"Est. reading time\" \/>\n\t<meta name=\"twitter:data2\" content=\"2 minutes\" \/>\n<script type=\"application\/ld+json\" class=\"yoast-schema-graph\">{\"@context\":\"https:\\\/\\\/schema.org\",\"@graph\":[{\"@type\":\"Article\",\"@id\":\"https:\\\/\\\/www.evropskakuca.me\\\/me\\\/osnovci-u-drustvu-ptica\\\/#article\",\"isPartOf\":{\"@id\":\"https:\\\/\\\/www.evropskakuca.me\\\/me\\\/osnovci-u-drustvu-ptica\\\/\"},\"author\":{\"name\":\"mkajic\",\"@id\":\"https:\\\/\\\/www.evropskakuca.me\\\/me\\\/#\\\/schema\\\/person\\\/a1d0dcdaefe4a1cd1d60d200ea137ba4\"},\"headline\":\"Osnovci u dru\u0161tvu ptica\",\"datePublished\":\"2021-11-01T11:21:18+00:00\",\"mainEntityOfPage\":{\"@id\":\"https:\\\/\\\/www.evropskakuca.me\\\/me\\\/osnovci-u-drustvu-ptica\\\/\"},\"wordCount\":416,\"publisher\":{\"@id\":\"https:\\\/\\\/www.evropskakuca.me\\\/me\\\/#organization\"},\"image\":{\"@id\":\"https:\\\/\\\/www.evropskakuca.me\\\/me\\\/osnovci-u-drustvu-ptica\\\/#primaryimage\"},\"thumbnailUrl\":\"https:\\\/\\\/www.evropskakuca.me\\\/wp-content\\\/uploads\\\/2021\\\/11\\\/Solana-37.jpg\",\"articleSection\":[\"Novosti\"],\"inLanguage\":\"me-ME\"},{\"@type\":\"WebPage\",\"@id\":\"https:\\\/\\\/www.evropskakuca.me\\\/me\\\/osnovci-u-drustvu-ptica\\\/\",\"url\":\"https:\\\/\\\/www.evropskakuca.me\\\/me\\\/osnovci-u-drustvu-ptica\\\/\",\"name\":\"Osnovci u dru\u0161tvu ptica - Europe House\",\"isPartOf\":{\"@id\":\"https:\\\/\\\/www.evropskakuca.me\\\/me\\\/#website\"},\"primaryImageOfPage\":{\"@id\":\"https:\\\/\\\/www.evropskakuca.me\\\/me\\\/osnovci-u-drustvu-ptica\\\/#primaryimage\"},\"image\":{\"@id\":\"https:\\\/\\\/www.evropskakuca.me\\\/me\\\/osnovci-u-drustvu-ptica\\\/#primaryimage\"},\"thumbnailUrl\":\"https:\\\/\\\/www.evropskakuca.me\\\/wp-content\\\/uploads\\\/2021\\\/11\\\/Solana-37.jpg\",\"datePublished\":\"2021-11-01T11:21:18+00:00\",\"breadcrumb\":{\"@id\":\"https:\\\/\\\/www.evropskakuca.me\\\/me\\\/osnovci-u-drustvu-ptica\\\/#breadcrumb\"},\"inLanguage\":\"me-ME\",\"potentialAction\":[{\"@type\":\"ReadAction\",\"target\":[\"https:\\\/\\\/www.evropskakuca.me\\\/me\\\/osnovci-u-drustvu-ptica\\\/\"]}]},{\"@type\":\"ImageObject\",\"inLanguage\":\"me-ME\",\"@id\":\"https:\\\/\\\/www.evropskakuca.me\\\/me\\\/osnovci-u-drustvu-ptica\\\/#primaryimage\",\"url\":\"https:\\\/\\\/www.evropskakuca.me\\\/wp-content\\\/uploads\\\/2021\\\/11\\\/Solana-37.jpg\",\"contentUrl\":\"https:\\\/\\\/www.evropskakuca.me\\\/wp-content\\\/uploads\\\/2021\\\/11\\\/Solana-37.jpg\",\"width\":2500,\"height\":1667},{\"@type\":\"BreadcrumbList\",\"@id\":\"https:\\\/\\\/www.evropskakuca.me\\\/me\\\/osnovci-u-drustvu-ptica\\\/#breadcrumb\",\"itemListElement\":[{\"@type\":\"ListItem\",\"position\":1,\"name\":\"Home\",\"item\":\"https:\\\/\\\/www.evropskakuca.me\\\/me\\\/\"},{\"@type\":\"ListItem\",\"position\":2,\"name\":\"Osnovci u dru\u0161tvu ptica\"}]},{\"@type\":\"WebSite\",\"@id\":\"https:\\\/\\\/www.evropskakuca.me\\\/me\\\/#website\",\"url\":\"https:\\\/\\\/www.evropskakuca.me\\\/me\\\/\",\"name\":\"Evropean house\",\"description\":\"\",\"publisher\":{\"@id\":\"https:\\\/\\\/www.evropskakuca.me\\\/me\\\/#organization\"},\"potentialAction\":[{\"@type\":\"SearchAction\",\"target\":{\"@type\":\"EntryPoint\",\"urlTemplate\":\"https:\\\/\\\/www.evropskakuca.me\\\/me\\\/?s={search_term_string}\"},\"query-input\":{\"@type\":\"PropertyValueSpecification\",\"valueRequired\":true,\"valueName\":\"search_term_string\"}}],\"inLanguage\":\"me-ME\"},{\"@type\":\"Organization\",\"@id\":\"https:\\\/\\\/www.evropskakuca.me\\\/me\\\/#organization\",\"name\":\"Evropean house\",\"url\":\"https:\\\/\\\/www.evropskakuca.me\\\/me\\\/\",\"logo\":{\"@type\":\"ImageObject\",\"inLanguage\":\"me-ME\",\"@id\":\"https:\\\/\\\/www.evropskakuca.me\\\/me\\\/#\\\/schema\\\/logo\\\/image\\\/\",\"url\":\"https:\\\/\\\/www.evropskakuca.me\\\/wp-content\\\/uploads\\\/2025\\\/01\\\/evropska-kuca-logo-1.png\",\"contentUrl\":\"https:\\\/\\\/www.evropskakuca.me\\\/wp-content\\\/uploads\\\/2025\\\/01\\\/evropska-kuca-logo-1.png\",\"width\":425,\"height\":312,\"caption\":\"Evropean house\"},\"image\":{\"@id\":\"https:\\\/\\\/www.evropskakuca.me\\\/me\\\/#\\\/schema\\\/logo\\\/image\\\/\"},\"sameAs\":[\"https:\\\/\\\/www.facebook.com\\\/evropska.kuca\",\"https:\\\/\\\/x.com\\\/evropska_kuca\",\"https:\\\/\\\/www.instagram.com\\\/evropska_kuca\"]},{\"@type\":\"Person\",\"@id\":\"https:\\\/\\\/www.evropskakuca.me\\\/me\\\/#\\\/schema\\\/person\\\/a1d0dcdaefe4a1cd1d60d200ea137ba4\",\"name\":\"mkajic\",\"image\":{\"@type\":\"ImageObject\",\"inLanguage\":\"me-ME\",\"@id\":\"https:\\\/\\\/secure.gravatar.com\\\/avatar\\\/731fa035cefab7316e6bafd1f25a93fb731a07de14e2d9923f8db4422628eabc?s=96&d=mm&r=g\",\"url\":\"https:\\\/\\\/secure.gravatar.com\\\/avatar\\\/731fa035cefab7316e6bafd1f25a93fb731a07de14e2d9923f8db4422628eabc?s=96&d=mm&r=g\",\"contentUrl\":\"https:\\\/\\\/secure.gravatar.com\\\/avatar\\\/731fa035cefab7316e6bafd1f25a93fb731a07de14e2d9923f8db4422628eabc?s=96&d=mm&r=g\",\"caption\":\"mkajic\"},\"sameAs\":[\"https:\\\/\\\/evropskakuca.me\"],\"url\":\"https:\\\/\\\/www.evropskakuca.me\\\/me\\\/author\\\/mkajic\\\/\"}]}<\/script>\n<!-- \/ Yoast SEO plugin. -->","yoast_head_json":{"title":"Osnovci u dru\u0161tvu ptica - Europe House","robots":{"index":"index","follow":"follow","max-snippet":"max-snippet:-1","max-image-preview":"max-image-preview:large","max-video-preview":"max-video-preview:-1"},"canonical":"https:\/\/www.evropskakuca.me\/me\/osnovci-u-drustvu-ptica\/","og_locale":"en_US","og_type":"article","og_title":"Osnovci u dru\u0161tvu ptica - Europe House","og_description":"Izlete u prirodu u okvir kampanje o biodiverzitetu, u saradnji sa CZIP-om","og_url":"https:\/\/www.evropskakuca.me\/me\/osnovci-u-drustvu-ptica\/","og_site_name":"Europe House","article_publisher":"https:\/\/www.facebook.com\/evropska.kuca","article_published_time":"2021-11-01T11:21:18+00:00","og_image":[{"width":2500,"height":1667,"url":"https:\/\/www.evropskakuca.me\/wp-content\/uploads\/2021\/11\/Solana-37.jpg","type":"image\/jpeg"}],"author":"mkajic","twitter_card":"summary_large_image","twitter_creator":"@evropska_kuca","twitter_site":"@evropska_kuca","twitter_misc":{"Written by":"mkajic","Est. reading time":"2 minutes"},"schema":{"@context":"https:\/\/schema.org","@graph":[{"@type":"Article","@id":"https:\/\/www.evropskakuca.me\/me\/osnovci-u-drustvu-ptica\/#article","isPartOf":{"@id":"https:\/\/www.evropskakuca.me\/me\/osnovci-u-drustvu-ptica\/"},"author":{"name":"mkajic","@id":"https:\/\/www.evropskakuca.me\/me\/#\/schema\/person\/a1d0dcdaefe4a1cd1d60d200ea137ba4"},"headline":"Osnovci u dru\u0161tvu ptica","datePublished":"2021-11-01T11:21:18+00:00","mainEntityOfPage":{"@id":"https:\/\/www.evropskakuca.me\/me\/osnovci-u-drustvu-ptica\/"},"wordCount":416,"publisher":{"@id":"https:\/\/www.evropskakuca.me\/me\/#organization"},"image":{"@id":"https:\/\/www.evropskakuca.me\/me\/osnovci-u-drustvu-ptica\/#primaryimage"},"thumbnailUrl":"https:\/\/www.evropskakuca.me\/wp-content\/uploads\/2021\/11\/Solana-37.jpg","articleSection":["Novosti"],"inLanguage":"me-ME"},{"@type":"WebPage","@id":"https:\/\/www.evropskakuca.me\/me\/osnovci-u-drustvu-ptica\/","url":"https:\/\/www.evropskakuca.me\/me\/osnovci-u-drustvu-ptica\/","name":"Osnovci u dru\u0161tvu ptica - Europe House","isPartOf":{"@id":"https:\/\/www.evropskakuca.me\/me\/#website"},"primaryImageOfPage":{"@id":"https:\/\/www.evropskakuca.me\/me\/osnovci-u-drustvu-ptica\/#primaryimage"},"image":{"@id":"https:\/\/www.evropskakuca.me\/me\/osnovci-u-drustvu-ptica\/#primaryimage"},"thumbnailUrl":"https:\/\/www.evropskakuca.me\/wp-content\/uploads\/2021\/11\/Solana-37.jpg","datePublished":"2021-11-01T11:21:18+00:00","breadcrumb":{"@id":"https:\/\/www.evropskakuca.me\/me\/osnovci-u-drustvu-ptica\/#breadcrumb"},"inLanguage":"me-ME","potentialAction":[{"@type":"ReadAction","target":["https:\/\/www.evropskakuca.me\/me\/osnovci-u-drustvu-ptica\/"]}]},{"@type":"ImageObject","inLanguage":"me-ME","@id":"https:\/\/www.evropskakuca.me\/me\/osnovci-u-drustvu-ptica\/#primaryimage","url":"https:\/\/www.evropskakuca.me\/wp-content\/uploads\/2021\/11\/Solana-37.jpg","contentUrl":"https:\/\/www.evropskakuca.me\/wp-content\/uploads\/2021\/11\/Solana-37.jpg","width":2500,"height":1667},{"@type":"BreadcrumbList","@id":"https:\/\/www.evropskakuca.me\/me\/osnovci-u-drustvu-ptica\/#breadcrumb","itemListElement":[{"@type":"ListItem","position":1,"name":"Home","item":"https:\/\/www.evropskakuca.me\/me\/"},{"@type":"ListItem","position":2,"name":"Osnovci u dru\u0161tvu ptica"}]},{"@type":"WebSite","@id":"https:\/\/www.evropskakuca.me\/me\/#website","url":"https:\/\/www.evropskakuca.me\/me\/","name":"Evropean house","description":"","publisher":{"@id":"https:\/\/www.evropskakuca.me\/me\/#organization"},"potentialAction":[{"@type":"SearchAction","target":{"@type":"EntryPoint","urlTemplate":"https:\/\/www.evropskakuca.me\/me\/?s={search_term_string}"},"query-input":{"@type":"PropertyValueSpecification","valueRequired":true,"valueName":"search_term_string"}}],"inLanguage":"me-ME"},{"@type":"Organization","@id":"https:\/\/www.evropskakuca.me\/me\/#organization","name":"Evropean house","url":"https:\/\/www.evropskakuca.me\/me\/","logo":{"@type":"ImageObject","inLanguage":"me-ME","@id":"https:\/\/www.evropskakuca.me\/me\/#\/schema\/logo\/image\/","url":"https:\/\/www.evropskakuca.me\/wp-content\/uploads\/2025\/01\/evropska-kuca-logo-1.png","contentUrl":"https:\/\/www.evropskakuca.me\/wp-content\/uploads\/2025\/01\/evropska-kuca-logo-1.png","width":425,"height":312,"caption":"Evropean house"},"image":{"@id":"https:\/\/www.evropskakuca.me\/me\/#\/schema\/logo\/image\/"},"sameAs":["https:\/\/www.facebook.com\/evropska.kuca","https:\/\/x.com\/evropska_kuca","https:\/\/www.instagram.com\/evropska_kuca"]},{"@type":"Person","@id":"https:\/\/www.evropskakuca.me\/me\/#\/schema\/person\/a1d0dcdaefe4a1cd1d60d200ea137ba4","name":"mkajic","image":{"@type":"ImageObject","inLanguage":"me-ME","@id":"https:\/\/secure.gravatar.com\/avatar\/731fa035cefab7316e6bafd1f25a93fb731a07de14e2d9923f8db4422628eabc?s=96&d=mm&r=g","url":"https:\/\/secure.gravatar.com\/avatar\/731fa035cefab7316e6bafd1f25a93fb731a07de14e2d9923f8db4422628eabc?s=96&d=mm&r=g","contentUrl":"https:\/\/secure.gravatar.com\/avatar\/731fa035cefab7316e6bafd1f25a93fb731a07de14e2d9923f8db4422628eabc?s=96&d=mm&r=g","caption":"mkajic"},"sameAs":["https:\/\/evropskakuca.me"],"url":"https:\/\/www.evropskakuca.me\/me\/author\/mkajic\/"}]}},"_links":{"self":[{"href":"https:\/\/www.evropskakuca.me\/me\/wp-json\/wp\/v2\/posts\/15843","targetHints":{"allow":["GET"]}}],"collection":[{"href":"https:\/\/www.evropskakuca.me\/me\/wp-json\/wp\/v2\/posts"}],"about":[{"href":"https:\/\/www.evropskakuca.me\/me\/wp-json\/wp\/v2\/types\/post"}],"author":[{"embeddable":true,"href":"https:\/\/www.evropskakuca.me\/me\/wp-json\/wp\/v2\/users\/1"}],"replies":[{"embeddable":true,"href":"https:\/\/www.evropskakuca.me\/me\/wp-json\/wp\/v2\/comments?post=15843"}],"version-history":[{"count":0,"href":"https:\/\/www.evropskakuca.me\/me\/wp-json\/wp\/v2\/posts\/15843\/revisions"}],"wp:featuredmedia":[{"embeddable":true,"href":"https:\/\/www.evropskakuca.me\/me\/wp-json\/wp\/v2\/media\/37566"}],"wp:attachment":[{"href":"https:\/\/www.evropskakuca.me\/me\/wp-json\/wp\/v2\/media?parent=15843"}],"wp:term":[{"taxonomy":"category","embeddable":true,"href":"https:\/\/www.evropskakuca.me\/me\/wp-json\/wp\/v2\/categories?post=15843"},{"taxonomy":"post_tag","embeddable":true,"href":"https:\/\/www.evropskakuca.me\/me\/wp-json\/wp\/v2\/tags?post=15843"}],"curies":[{"name":"wp","href":"https:\/\/api.w.org\/{rel}","templated":true}]}}