{"id":15735,"date":"2021-10-21T14:33:49","date_gmt":"2021-10-21T14:33:49","guid":{"rendered":"http:\/\/www.evropskakuca.me\/?p=15735"},"modified":"2021-10-21T14:33:49","modified_gmt":"2021-10-21T14:33:49","slug":"dani-erasmus-programa-obiljezeni-i-u-podgorici","status":"publish","type":"post","link":"https:\/\/www.evropskakuca.me\/me\/dani-erasmus-programa-obiljezeni-i-u-podgorici\/","title":{"rendered":"Dani Erasmus+ programa obilje\u017eeni i u Podgorici"},"content":{"rendered":"<p>Sigurno ste \u010duli za program <a href=\"https:\/\/erasmus-plus.ec.europa.eu\/\">Erasmus+<\/a>, ali mo\u017eda i dalje niste sigurni o \u010demu je ta\u010dno rije\u010d i kome je namijenjen. U pitanju je program Evropske unije za obrazovanje, obuku, mlade i sport, koji ima za cilj da pomogne mladima da se obrazuju, profesionalno usavr\u0161e i steknu nova iskustva u inostranstvu, tako \u0161to im omogu\u0107ava i finansira studiranje, treninge, rad ili volontiranje u razli\u010ditim evropskim zemljama. U programu Erasmus+ posljednjih 30 godina u\u010destovovalo je blizu 10 miliona ljudi \u0161irom Evrope. Me\u0111u njima i preko 4 000 u\u010desnika iz Crne Gore, koji su u\u010destvovali u studentskim, akademskim i omladinskim razmjenama u sklopu Erasmus+ programa.<\/p>\n<p>Dio njih podijelio je svoja iskustva kroz fotografije, predstavljene na izlo\u017ebi\u00a0 \u201eErasmus+ mobilnost kroz objektiv alumnista\u201c, koju je organizovala Kancelarija za me\u0111unarodnu saradnju Univerziteta Crne Gore, u zgradi Rektorata. Povod su bili <a href=\"https:\/\/www.erasmusdays.eu\/\">Dani Erasmusa<\/a>, koji se obilje\u017eavaju od 14. do 16. oktobra \u0161irom svijeta.<\/p>\n<p>Rektor UCG Vladimir Bo\u017eovi\u0107 je otvorio izlo\u017ebu i tom prilikom se zahvalio studentima na fotografijama koje, kako je naveo, svjedo\u010de o onome \u0161to za njih predstavlja studiranje u stranoj zemlji, sa stranim studentima.<\/p>\n<p><img fetchpriority=\"high\" decoding=\"async\" class=\"alignnone size-large wp-image-15740\" src=\"http:\/\/www.evropskakuca.me\/wp-content\/uploads\/2021\/10\/mm-1024x683.jpg\" alt=\"\" width=\"1024\" height=\"683\" \/><\/p>\n<p>\u201eMobilnost studenata, kao i mobilnost akademskog, istra\u017eiva\u010dkog i neakademskog osoblja predstavljaju va\u017ean aspekt internacionalizacije UCG. \u017delim da istaknem da su studenti i osoblje na\u0161eg Univerziteta uspje\u0161no koristili sve prednosti ovog programa, o \u010demu svjedo\u010di podatak da je 600 na\u0161ih studenata koristilo Erasmus + mobilnost, dok je realizovano vi\u0161e od 400 vrsti mobilnosti nastavnog i nenastavnog osoblja\u201d, rekao je on.<\/p>\n<p>Zamjenik ambasadorke Evropske unije Riccardo Serri kazao je da je u\u010de\u0161\u0107e u Erasmus+ programu iskustvo koje mijenja \u017eivot, povezuje ljude i stvara kod njih svijest o tome da pripadaju Evropi.<\/p>\n<p><img decoding=\"async\" class=\"alignnone size-large wp-image-15738\" src=\"http:\/\/www.evropskakuca.me\/wp-content\/uploads\/2021\/10\/n-1024x683.jpg\" alt=\"\" width=\"1024\" height=\"683\" \/><\/p>\n<p>\u201eZahvaljujem studentima \u0161to su se potrudili da prenesu svoje iskustvo putem fotografije i preporu\u010dujem vam da iskoristite sve mogu\u0107nosti programa razmjena i u budu\u0107nosti\u201c, dodao je on.<\/p>\n<p>Koordinatorka nacionalne Erasmus+ kancelarije Vanja Drljevi\u0107 kazala je da najbolje poruke o Erasmus+ programu daju studenti koji su i sami bili korisnici istog, te da joj je zadovoljstvo \u0161to danas kroz fotografije mo\u017eemo svjedo\u010diti njihovom u\u010denju na nekom stranom univerzitetu, ali i u\u010denju o \u017eivotu.<\/p>\n<p>EU info centar se i ove godine pridru\u017eio obilje\u017eavanju Dana Erasmusa. U saradnji sa Nacionalnom kancelarijom Erasmus+, Univerzitetom Crne Gore i kontakt ta\u010dkom za program NVO \u201eADP-Zid\u201c, organizovali smo webinar \u201eErasmus kafa na distanci&#8221;, tokom kojeg su u\u010desnici imali priliku da saznaju \u0161ta je Erasmus+, kome je on namijenjen i zbog \u010dega predstavlja jedan od najva\u017enijih programa EU. Webinaru je prisustvovalo blizu 80 u\u010desnika.<\/p>\n","protected":false},"excerpt":{"rendered":"<p>Izlo\u017eba fotografija i webinar<\/p>\n","protected":false},"author":1,"featured_media":37548,"comment_status":"closed","ping_status":"closed","sticky":false,"template":"","format":"standard","meta":{"_acf_changed":false,"footnotes":""},"categories":[283],"tags":[],"class_list":["post-15735","post","type-post","status-publish","format-standard","has-post-thumbnail","hentry","category-novosti-me"],"acf":[],"yoast_head":"<!-- This site is optimized with the Yoast SEO plugin v27.3 - https:\/\/yoast.com\/product\/yoast-seo-wordpress\/ -->\n<title>Dani Erasmus+ programa obilje\u017eeni i u Podgorici - Europe House<\/title>\n<meta name=\"robots\" content=\"index, follow, max-snippet:-1, max-image-preview:large, max-video-preview:-1\" \/>\n<link rel=\"canonical\" href=\"https:\/\/www.evropskakuca.me\/me\/dani-erasmus-programa-obiljezeni-i-u-podgorici\/\" \/>\n<meta property=\"og:locale\" content=\"en_US\" \/>\n<meta property=\"og:type\" content=\"article\" \/>\n<meta property=\"og:title\" content=\"Dani Erasmus+ programa obilje\u017eeni i u Podgorici - Europe House\" \/>\n<meta property=\"og:description\" content=\"Izlo\u017eba fotografija i webinar\" \/>\n<meta property=\"og:url\" content=\"https:\/\/www.evropskakuca.me\/me\/dani-erasmus-programa-obiljezeni-i-u-podgorici\/\" \/>\n<meta property=\"og:site_name\" content=\"Europe House\" \/>\n<meta property=\"article:publisher\" content=\"https:\/\/www.facebook.com\/evropska.kuca\" \/>\n<meta property=\"article:published_time\" content=\"2021-10-21T14:33:49+00:00\" \/>\n<meta property=\"og:image\" content=\"https:\/\/www.evropskakuca.me\/wp-content\/uploads\/2021\/10\/r-scaled.jpg\" \/>\n\t<meta property=\"og:image:width\" content=\"2560\" \/>\n\t<meta property=\"og:image:height\" content=\"1707\" \/>\n\t<meta property=\"og:image:type\" content=\"image\/jpeg\" \/>\n<meta name=\"author\" content=\"mkajic\" \/>\n<meta name=\"twitter:card\" content=\"summary_large_image\" \/>\n<meta name=\"twitter:creator\" content=\"@evropska_kuca\" \/>\n<meta name=\"twitter:site\" content=\"@evropska_kuca\" \/>\n<meta name=\"twitter:label1\" content=\"Written by\" \/>\n\t<meta name=\"twitter:data1\" content=\"mkajic\" \/>\n\t<meta name=\"twitter:label2\" content=\"Est. reading time\" \/>\n\t<meta name=\"twitter:data2\" content=\"2 minutes\" \/>\n<script type=\"application\/ld+json\" class=\"yoast-schema-graph\">{\"@context\":\"https:\\\/\\\/schema.org\",\"@graph\":[{\"@type\":\"Article\",\"@id\":\"https:\\\/\\\/www.evropskakuca.me\\\/me\\\/dani-erasmus-programa-obiljezeni-i-u-podgorici\\\/#article\",\"isPartOf\":{\"@id\":\"https:\\\/\\\/www.evropskakuca.me\\\/me\\\/dani-erasmus-programa-obiljezeni-i-u-podgorici\\\/\"},\"author\":{\"name\":\"mkajic\",\"@id\":\"https:\\\/\\\/www.evropskakuca.me\\\/me\\\/#\\\/schema\\\/person\\\/a1d0dcdaefe4a1cd1d60d200ea137ba4\"},\"headline\":\"Dani Erasmus+ programa obilje\u017eeni i u Podgorici\",\"datePublished\":\"2021-10-21T14:33:49+00:00\",\"mainEntityOfPage\":{\"@id\":\"https:\\\/\\\/www.evropskakuca.me\\\/me\\\/dani-erasmus-programa-obiljezeni-i-u-podgorici\\\/\"},\"wordCount\":441,\"publisher\":{\"@id\":\"https:\\\/\\\/www.evropskakuca.me\\\/me\\\/#organization\"},\"image\":{\"@id\":\"https:\\\/\\\/www.evropskakuca.me\\\/me\\\/dani-erasmus-programa-obiljezeni-i-u-podgorici\\\/#primaryimage\"},\"thumbnailUrl\":\"https:\\\/\\\/www.evropskakuca.me\\\/wp-content\\\/uploads\\\/2021\\\/10\\\/r-scaled.jpg\",\"articleSection\":[\"Novosti\"],\"inLanguage\":\"me-ME\"},{\"@type\":\"WebPage\",\"@id\":\"https:\\\/\\\/www.evropskakuca.me\\\/me\\\/dani-erasmus-programa-obiljezeni-i-u-podgorici\\\/\",\"url\":\"https:\\\/\\\/www.evropskakuca.me\\\/me\\\/dani-erasmus-programa-obiljezeni-i-u-podgorici\\\/\",\"name\":\"Dani Erasmus+ programa obilje\u017eeni i u Podgorici - Europe House\",\"isPartOf\":{\"@id\":\"https:\\\/\\\/www.evropskakuca.me\\\/me\\\/#website\"},\"primaryImageOfPage\":{\"@id\":\"https:\\\/\\\/www.evropskakuca.me\\\/me\\\/dani-erasmus-programa-obiljezeni-i-u-podgorici\\\/#primaryimage\"},\"image\":{\"@id\":\"https:\\\/\\\/www.evropskakuca.me\\\/me\\\/dani-erasmus-programa-obiljezeni-i-u-podgorici\\\/#primaryimage\"},\"thumbnailUrl\":\"https:\\\/\\\/www.evropskakuca.me\\\/wp-content\\\/uploads\\\/2021\\\/10\\\/r-scaled.jpg\",\"datePublished\":\"2021-10-21T14:33:49+00:00\",\"breadcrumb\":{\"@id\":\"https:\\\/\\\/www.evropskakuca.me\\\/me\\\/dani-erasmus-programa-obiljezeni-i-u-podgorici\\\/#breadcrumb\"},\"inLanguage\":\"me-ME\",\"potentialAction\":[{\"@type\":\"ReadAction\",\"target\":[\"https:\\\/\\\/www.evropskakuca.me\\\/me\\\/dani-erasmus-programa-obiljezeni-i-u-podgorici\\\/\"]}]},{\"@type\":\"ImageObject\",\"inLanguage\":\"me-ME\",\"@id\":\"https:\\\/\\\/www.evropskakuca.me\\\/me\\\/dani-erasmus-programa-obiljezeni-i-u-podgorici\\\/#primaryimage\",\"url\":\"https:\\\/\\\/www.evropskakuca.me\\\/wp-content\\\/uploads\\\/2021\\\/10\\\/r-scaled.jpg\",\"contentUrl\":\"https:\\\/\\\/www.evropskakuca.me\\\/wp-content\\\/uploads\\\/2021\\\/10\\\/r-scaled.jpg\",\"width\":2560,\"height\":1707},{\"@type\":\"BreadcrumbList\",\"@id\":\"https:\\\/\\\/www.evropskakuca.me\\\/me\\\/dani-erasmus-programa-obiljezeni-i-u-podgorici\\\/#breadcrumb\",\"itemListElement\":[{\"@type\":\"ListItem\",\"position\":1,\"name\":\"Home\",\"item\":\"https:\\\/\\\/www.evropskakuca.me\\\/me\\\/\"},{\"@type\":\"ListItem\",\"position\":2,\"name\":\"Dani Erasmus+ programa obilje\u017eeni i u Podgorici\"}]},{\"@type\":\"WebSite\",\"@id\":\"https:\\\/\\\/www.evropskakuca.me\\\/me\\\/#website\",\"url\":\"https:\\\/\\\/www.evropskakuca.me\\\/me\\\/\",\"name\":\"Evropean house\",\"description\":\"\",\"publisher\":{\"@id\":\"https:\\\/\\\/www.evropskakuca.me\\\/me\\\/#organization\"},\"potentialAction\":[{\"@type\":\"SearchAction\",\"target\":{\"@type\":\"EntryPoint\",\"urlTemplate\":\"https:\\\/\\\/www.evropskakuca.me\\\/me\\\/?s={search_term_string}\"},\"query-input\":{\"@type\":\"PropertyValueSpecification\",\"valueRequired\":true,\"valueName\":\"search_term_string\"}}],\"inLanguage\":\"me-ME\"},{\"@type\":\"Organization\",\"@id\":\"https:\\\/\\\/www.evropskakuca.me\\\/me\\\/#organization\",\"name\":\"Evropean house\",\"url\":\"https:\\\/\\\/www.evropskakuca.me\\\/me\\\/\",\"logo\":{\"@type\":\"ImageObject\",\"inLanguage\":\"me-ME\",\"@id\":\"https:\\\/\\\/www.evropskakuca.me\\\/me\\\/#\\\/schema\\\/logo\\\/image\\\/\",\"url\":\"https:\\\/\\\/www.evropskakuca.me\\\/wp-content\\\/uploads\\\/2025\\\/01\\\/evropska-kuca-logo-1.png\",\"contentUrl\":\"https:\\\/\\\/www.evropskakuca.me\\\/wp-content\\\/uploads\\\/2025\\\/01\\\/evropska-kuca-logo-1.png\",\"width\":425,\"height\":312,\"caption\":\"Evropean house\"},\"image\":{\"@id\":\"https:\\\/\\\/www.evropskakuca.me\\\/me\\\/#\\\/schema\\\/logo\\\/image\\\/\"},\"sameAs\":[\"https:\\\/\\\/www.facebook.com\\\/evropska.kuca\",\"https:\\\/\\\/x.com\\\/evropska_kuca\",\"https:\\\/\\\/www.instagram.com\\\/evropska_kuca\"]},{\"@type\":\"Person\",\"@id\":\"https:\\\/\\\/www.evropskakuca.me\\\/me\\\/#\\\/schema\\\/person\\\/a1d0dcdaefe4a1cd1d60d200ea137ba4\",\"name\":\"mkajic\",\"image\":{\"@type\":\"ImageObject\",\"inLanguage\":\"me-ME\",\"@id\":\"https:\\\/\\\/secure.gravatar.com\\\/avatar\\\/731fa035cefab7316e6bafd1f25a93fb731a07de14e2d9923f8db4422628eabc?s=96&d=mm&r=g\",\"url\":\"https:\\\/\\\/secure.gravatar.com\\\/avatar\\\/731fa035cefab7316e6bafd1f25a93fb731a07de14e2d9923f8db4422628eabc?s=96&d=mm&r=g\",\"contentUrl\":\"https:\\\/\\\/secure.gravatar.com\\\/avatar\\\/731fa035cefab7316e6bafd1f25a93fb731a07de14e2d9923f8db4422628eabc?s=96&d=mm&r=g\",\"caption\":\"mkajic\"},\"sameAs\":[\"https:\\\/\\\/evropskakuca.me\"],\"url\":\"https:\\\/\\\/www.evropskakuca.me\\\/me\\\/author\\\/mkajic\\\/\"}]}<\/script>\n<!-- \/ Yoast SEO plugin. -->","yoast_head_json":{"title":"Dani Erasmus+ programa obilje\u017eeni i u Podgorici - Europe House","robots":{"index":"index","follow":"follow","max-snippet":"max-snippet:-1","max-image-preview":"max-image-preview:large","max-video-preview":"max-video-preview:-1"},"canonical":"https:\/\/www.evropskakuca.me\/me\/dani-erasmus-programa-obiljezeni-i-u-podgorici\/","og_locale":"en_US","og_type":"article","og_title":"Dani Erasmus+ programa obilje\u017eeni i u Podgorici - Europe House","og_description":"Izlo\u017eba fotografija i webinar","og_url":"https:\/\/www.evropskakuca.me\/me\/dani-erasmus-programa-obiljezeni-i-u-podgorici\/","og_site_name":"Europe House","article_publisher":"https:\/\/www.facebook.com\/evropska.kuca","article_published_time":"2021-10-21T14:33:49+00:00","og_image":[{"width":2560,"height":1707,"url":"https:\/\/www.evropskakuca.me\/wp-content\/uploads\/2021\/10\/r-scaled.jpg","type":"image\/jpeg"}],"author":"mkajic","twitter_card":"summary_large_image","twitter_creator":"@evropska_kuca","twitter_site":"@evropska_kuca","twitter_misc":{"Written by":"mkajic","Est. reading time":"2 minutes"},"schema":{"@context":"https:\/\/schema.org","@graph":[{"@type":"Article","@id":"https:\/\/www.evropskakuca.me\/me\/dani-erasmus-programa-obiljezeni-i-u-podgorici\/#article","isPartOf":{"@id":"https:\/\/www.evropskakuca.me\/me\/dani-erasmus-programa-obiljezeni-i-u-podgorici\/"},"author":{"name":"mkajic","@id":"https:\/\/www.evropskakuca.me\/me\/#\/schema\/person\/a1d0dcdaefe4a1cd1d60d200ea137ba4"},"headline":"Dani Erasmus+ programa obilje\u017eeni i u Podgorici","datePublished":"2021-10-21T14:33:49+00:00","mainEntityOfPage":{"@id":"https:\/\/www.evropskakuca.me\/me\/dani-erasmus-programa-obiljezeni-i-u-podgorici\/"},"wordCount":441,"publisher":{"@id":"https:\/\/www.evropskakuca.me\/me\/#organization"},"image":{"@id":"https:\/\/www.evropskakuca.me\/me\/dani-erasmus-programa-obiljezeni-i-u-podgorici\/#primaryimage"},"thumbnailUrl":"https:\/\/www.evropskakuca.me\/wp-content\/uploads\/2021\/10\/r-scaled.jpg","articleSection":["Novosti"],"inLanguage":"me-ME"},{"@type":"WebPage","@id":"https:\/\/www.evropskakuca.me\/me\/dani-erasmus-programa-obiljezeni-i-u-podgorici\/","url":"https:\/\/www.evropskakuca.me\/me\/dani-erasmus-programa-obiljezeni-i-u-podgorici\/","name":"Dani Erasmus+ programa obilje\u017eeni i u Podgorici - Europe House","isPartOf":{"@id":"https:\/\/www.evropskakuca.me\/me\/#website"},"primaryImageOfPage":{"@id":"https:\/\/www.evropskakuca.me\/me\/dani-erasmus-programa-obiljezeni-i-u-podgorici\/#primaryimage"},"image":{"@id":"https:\/\/www.evropskakuca.me\/me\/dani-erasmus-programa-obiljezeni-i-u-podgorici\/#primaryimage"},"thumbnailUrl":"https:\/\/www.evropskakuca.me\/wp-content\/uploads\/2021\/10\/r-scaled.jpg","datePublished":"2021-10-21T14:33:49+00:00","breadcrumb":{"@id":"https:\/\/www.evropskakuca.me\/me\/dani-erasmus-programa-obiljezeni-i-u-podgorici\/#breadcrumb"},"inLanguage":"me-ME","potentialAction":[{"@type":"ReadAction","target":["https:\/\/www.evropskakuca.me\/me\/dani-erasmus-programa-obiljezeni-i-u-podgorici\/"]}]},{"@type":"ImageObject","inLanguage":"me-ME","@id":"https:\/\/www.evropskakuca.me\/me\/dani-erasmus-programa-obiljezeni-i-u-podgorici\/#primaryimage","url":"https:\/\/www.evropskakuca.me\/wp-content\/uploads\/2021\/10\/r-scaled.jpg","contentUrl":"https:\/\/www.evropskakuca.me\/wp-content\/uploads\/2021\/10\/r-scaled.jpg","width":2560,"height":1707},{"@type":"BreadcrumbList","@id":"https:\/\/www.evropskakuca.me\/me\/dani-erasmus-programa-obiljezeni-i-u-podgorici\/#breadcrumb","itemListElement":[{"@type":"ListItem","position":1,"name":"Home","item":"https:\/\/www.evropskakuca.me\/me\/"},{"@type":"ListItem","position":2,"name":"Dani Erasmus+ programa obilje\u017eeni i u Podgorici"}]},{"@type":"WebSite","@id":"https:\/\/www.evropskakuca.me\/me\/#website","url":"https:\/\/www.evropskakuca.me\/me\/","name":"Evropean house","description":"","publisher":{"@id":"https:\/\/www.evropskakuca.me\/me\/#organization"},"potentialAction":[{"@type":"SearchAction","target":{"@type":"EntryPoint","urlTemplate":"https:\/\/www.evropskakuca.me\/me\/?s={search_term_string}"},"query-input":{"@type":"PropertyValueSpecification","valueRequired":true,"valueName":"search_term_string"}}],"inLanguage":"me-ME"},{"@type":"Organization","@id":"https:\/\/www.evropskakuca.me\/me\/#organization","name":"Evropean house","url":"https:\/\/www.evropskakuca.me\/me\/","logo":{"@type":"ImageObject","inLanguage":"me-ME","@id":"https:\/\/www.evropskakuca.me\/me\/#\/schema\/logo\/image\/","url":"https:\/\/www.evropskakuca.me\/wp-content\/uploads\/2025\/01\/evropska-kuca-logo-1.png","contentUrl":"https:\/\/www.evropskakuca.me\/wp-content\/uploads\/2025\/01\/evropska-kuca-logo-1.png","width":425,"height":312,"caption":"Evropean house"},"image":{"@id":"https:\/\/www.evropskakuca.me\/me\/#\/schema\/logo\/image\/"},"sameAs":["https:\/\/www.facebook.com\/evropska.kuca","https:\/\/x.com\/evropska_kuca","https:\/\/www.instagram.com\/evropska_kuca"]},{"@type":"Person","@id":"https:\/\/www.evropskakuca.me\/me\/#\/schema\/person\/a1d0dcdaefe4a1cd1d60d200ea137ba4","name":"mkajic","image":{"@type":"ImageObject","inLanguage":"me-ME","@id":"https:\/\/secure.gravatar.com\/avatar\/731fa035cefab7316e6bafd1f25a93fb731a07de14e2d9923f8db4422628eabc?s=96&d=mm&r=g","url":"https:\/\/secure.gravatar.com\/avatar\/731fa035cefab7316e6bafd1f25a93fb731a07de14e2d9923f8db4422628eabc?s=96&d=mm&r=g","contentUrl":"https:\/\/secure.gravatar.com\/avatar\/731fa035cefab7316e6bafd1f25a93fb731a07de14e2d9923f8db4422628eabc?s=96&d=mm&r=g","caption":"mkajic"},"sameAs":["https:\/\/evropskakuca.me"],"url":"https:\/\/www.evropskakuca.me\/me\/author\/mkajic\/"}]}},"_links":{"self":[{"href":"https:\/\/www.evropskakuca.me\/me\/wp-json\/wp\/v2\/posts\/15735","targetHints":{"allow":["GET"]}}],"collection":[{"href":"https:\/\/www.evropskakuca.me\/me\/wp-json\/wp\/v2\/posts"}],"about":[{"href":"https:\/\/www.evropskakuca.me\/me\/wp-json\/wp\/v2\/types\/post"}],"author":[{"embeddable":true,"href":"https:\/\/www.evropskakuca.me\/me\/wp-json\/wp\/v2\/users\/1"}],"replies":[{"embeddable":true,"href":"https:\/\/www.evropskakuca.me\/me\/wp-json\/wp\/v2\/comments?post=15735"}],"version-history":[{"count":0,"href":"https:\/\/www.evropskakuca.me\/me\/wp-json\/wp\/v2\/posts\/15735\/revisions"}],"wp:featuredmedia":[{"embeddable":true,"href":"https:\/\/www.evropskakuca.me\/me\/wp-json\/wp\/v2\/media\/37548"}],"wp:attachment":[{"href":"https:\/\/www.evropskakuca.me\/me\/wp-json\/wp\/v2\/media?parent=15735"}],"wp:term":[{"taxonomy":"category","embeddable":true,"href":"https:\/\/www.evropskakuca.me\/me\/wp-json\/wp\/v2\/categories?post=15735"},{"taxonomy":"post_tag","embeddable":true,"href":"https:\/\/www.evropskakuca.me\/me\/wp-json\/wp\/v2\/tags?post=15735"}],"curies":[{"name":"wp","href":"https:\/\/api.w.org\/{rel}","templated":true}]}}