{"id":15676,"date":"2021-10-11T13:57:22","date_gmt":"2021-10-11T13:57:22","guid":{"rendered":"http:\/\/www.evropskakuca.me\/?p=15676"},"modified":"2021-10-11T13:58:31","modified_gmt":"2021-10-11T13:58:31","slug":"upoznajte-urbane-face-flore-i-faune","status":"publish","type":"post","link":"https:\/\/www.evropskakuca.me\/me\/upoznajte-urbane-face-flore-i-faune\/","title":{"rendered":"Upoznajte \u201egradske face\u201c flore i faune"},"content":{"rendered":"<p>Da li su slijepi mi\u0161evi zaista slijepi i lijepe li se za kosu? Kako se zove najotrovnija zmija u Evropi, koja nikada ne napada prva? Za\u0161to svraka va\u017ei za jednu od najpametnijih ptica? Koriste li se morski sun\u0111eri za kupanje? Da li orhideje postoje samo u cvje\u0107arama ili mogu biti divlje ljepotice?<\/p>\n<p>Ako vas zanimaju odgovori na ova pitanja, predla\u017eemo da se pridru\u017eite na\u0161oj online edukativnoj kampanji \u201eI ja sam sa vama\u201c, u okviru koje smo na sajtu <a href=\"http:\/\/www.biodiverzitet.me\">www.biodiverzitet.me<\/a> ove godine predstavili 62 urbane vrste. One svakodnevno \u017eive pored nas i sa nama, prilago\u0111avaju\u0107i se novim uslovima \u017eivota, kao \u0161to su prekomjerna gradnja, porast \u0161tetnih izduvnih gasova, zaga\u0111ivanje rijeka i mora. Uprkos te\u0161kim uslovima, one su zaslu\u017ene za o\u010duvanje biolo\u0161ke raznolikosti u gradovima, zbog \u010dega smo odlu\u010dili da ba\u0161 njima ove jeseni posvetimo na\u0161u tradicionalnu eko kampanju.<\/p>\n<p>\u201eI ja sam sa vama\u201c poru\u010duju vam biljke, sisari, ptice, vodozemci i gmizavci, insketi i morske vrste.\u00a0 Na sajtu <a href=\"http:\/\/www.biodiverzitet.me\">www.biodiverzitet.me<\/a> smo ih predstavili na slikovit i interaktivan na\u010din, kroz tekstove, fotografije i ilustracije.<\/p>\n<p><iframe title=\"I ja sam sa vama!\" width=\"800\" height=\"450\" src=\"https:\/\/www.youtube.com\/embed\/kaL7Br_PFQ0?feature=oembed\" frameborder=\"0\" allow=\"accelerometer; autoplay; clipboard-write; encrypted-media; gyroscope; picture-in-picture; web-share\" referrerpolicy=\"strict-origin-when-cross-origin\" allowfullscreen><\/iframe><\/p>\n<p><strong>Nagradni kviz i bojanka za najmla\u0111e <\/strong><\/p>\n<p>Nakon \u0161to prelistate sadr\u017eaj koji smo pripremili za vas, predla\u017eemo da svoje novo znanje provjerite kroz nagradni kviz. Mo\u017eete osvojiti bicikl ili dvogled koje je obezbijedio Centar za za\u0161titu i prou\u010davanje ptica, ili paket proizvoda inspirisanih prirodom. Pored kviza, pripremili smo i bojanke za najmla\u0111e. Na taj na\u010din \u017eelimo i da mali\u0161ani upoznaju ove \u201egradske face\u201c.<\/p>\n<p><strong>O\u010duvanje biodiverziteta jedan od prioriteta EU <\/strong><\/p>\n<p>Kampanja \u201eI ja sam sa vama\u201c po\u010dela je pro\u0161le godine, kada smo predstavili 54 za\u0161ti\u0107ene biljne i \u017eivotinjske vrste. Na\u0161 cilj je bio da pomognemo javnosti da ih bolje upozna i za\u0161titi. Povod za organizaciju kampanje je Green Deal (Zeleni sporazum) Evropske unije, koji predstavlja strategiju odr\u017eivog razvoja EU za 21. vijek i postavlja cilj da Evropa postane prvi klimatski neutralan kontinent. Evropska unija pripremila je i Zelenu agendu za Zapadni Balkan, koja Crnu Goru i zemlje regiona obavezuje na mjere u oblasti sprje\u010davanja klimatskih promjena i zaga\u0111enja, razvoja energije i biodiverziteta, mobilnosti i cirkularne ekonomije, odr\u017eive poljoprivrede i proizvodnje hrane.<\/p>\n<p>Kampanju realizujemo u saradnji sa partnerima: Agencijom za za\u0161titu \u017eivotne sredine, Institutom za biologiju mora u Kotoru i nevladinim organizacijama Centrom za za\u0161titu ptica i Crnogorskim dru\u0161tvom ekologa.<\/p>\n<p>&nbsp;<\/p>\n<h4>Prate\u0107i tekstovi:<\/h4>\n<p><a href=\"http:\/\/www.evropskakuca.me\/me\/osnovci-u-drustvu-ptica\/\">Osnovci u dru\u0161tvu ptica<\/a><\/p>\n<p><a href=\"http:\/\/www.evropskakuca.me\/me\/zavrsen-nagradni-kviz-u-okviru-kampanje-o-biodiverzitetu\/\">Zavr\u0161en nagradni kviz u okviru kampanje o biodiverzitetu<\/a><\/p>\n<p><a href=\"http:\/\/www.evropskakuca.me\/me\/osnovci-ucili-o-biodiverzitetu\/\">Osnovci u\u010dili o biodiverzitetu<\/a><\/p>\n","protected":false},"excerpt":{"rendered":"<p>Nastavak edukativne eko kampanje na sajtu www.biodiverzitet.me<\/p>\n","protected":false},"author":1,"featured_media":37506,"comment_status":"closed","ping_status":"closed","sticky":false,"template":"","format":"standard","meta":{"_acf_changed":false,"footnotes":""},"categories":[285,283,524],"tags":[],"class_list":["post-15676","post","type-post","status-publish","format-standard","has-post-thumbnail","hentry","category-kampanje-i-eventi","category-novosti-me","category-vesti"],"acf":[],"yoast_head":"<!-- This site is optimized with the Yoast SEO plugin v28.4 - https:\/\/yoast.com\/product\/yoast-seo-wordpress\/ -->\n<title>Upoznajte \u201egradske face\u201c flore i faune - Europe House<\/title>\n<meta name=\"robots\" content=\"index, follow, max-snippet:-1, max-image-preview:large, max-video-preview:-1\" \/>\n<link rel=\"canonical\" href=\"https:\/\/www.evropskakuca.me\/me\/upoznajte-urbane-face-flore-i-faune\/\" \/>\n<meta property=\"og:locale\" content=\"en_US\" \/>\n<meta property=\"og:type\" content=\"article\" \/>\n<meta property=\"og:title\" content=\"Upoznajte \u201egradske face\u201c flore i faune - Europe House\" \/>\n<meta property=\"og:description\" content=\"Nastavak edukativne eko kampanje na sajtu www.biodiverzitet.me\" \/>\n<meta property=\"og:url\" content=\"https:\/\/www.evropskakuca.me\/me\/upoznajte-urbane-face-flore-i-faune\/\" \/>\n<meta property=\"og:site_name\" content=\"Europe House\" \/>\n<meta property=\"article:publisher\" content=\"https:\/\/www.facebook.com\/evropska.kuca\" \/>\n<meta property=\"article:published_time\" content=\"2021-10-11T13:57:22+00:00\" \/>\n<meta property=\"article:modified_time\" content=\"2021-10-11T13:58:31+00:00\" \/>\n<meta property=\"og:image\" content=\"https:\/\/www.evropskakuca.me\/wp-content\/uploads\/2021\/10\/EUIC_Biodiverzitet_SocialMediaVisuals_Facebook_NewsFeedPost.jpg\" \/>\n\t<meta property=\"og:image:width\" content=\"1200\" \/>\n\t<meta property=\"og:image:height\" content=\"630\" \/>\n\t<meta property=\"og:image:type\" content=\"image\/jpeg\" \/>\n<meta name=\"author\" content=\"mkajic\" \/>\n<meta name=\"twitter:card\" content=\"summary_large_image\" \/>\n<meta name=\"twitter:creator\" content=\"@evropska_kuca\" \/>\n<meta name=\"twitter:site\" content=\"@evropska_kuca\" \/>\n<meta name=\"twitter:label1\" content=\"Written by\" \/>\n\t<meta name=\"twitter:data1\" content=\"mkajic\" \/>\n\t<meta name=\"twitter:label2\" content=\"Est. reading time\" \/>\n\t<meta name=\"twitter:data2\" content=\"2 minutes\" \/>\n<script type=\"application\/ld+json\" class=\"yoast-schema-graph\">{\"@context\":\"https:\\\/\\\/schema.org\",\"@graph\":[{\"@type\":\"Article\",\"@id\":\"https:\\\/\\\/www.evropskakuca.me\\\/me\\\/upoznajte-urbane-face-flore-i-faune\\\/#article\",\"isPartOf\":{\"@id\":\"https:\\\/\\\/www.evropskakuca.me\\\/me\\\/upoznajte-urbane-face-flore-i-faune\\\/\"},\"author\":{\"name\":\"mkajic\",\"@id\":\"https:\\\/\\\/www.evropskakuca.me\\\/me\\\/#\\\/schema\\\/person\\\/a1d0dcdaefe4a1cd1d60d200ea137ba4\"},\"headline\":\"Upoznajte \u201egradske face\u201c flore i faune\",\"datePublished\":\"2021-10-11T13:57:22+00:00\",\"dateModified\":\"2021-10-11T13:58:31+00:00\",\"mainEntityOfPage\":{\"@id\":\"https:\\\/\\\/www.evropskakuca.me\\\/me\\\/upoznajte-urbane-face-flore-i-faune\\\/\"},\"wordCount\":447,\"publisher\":{\"@id\":\"https:\\\/\\\/www.evropskakuca.me\\\/me\\\/#organization\"},\"image\":{\"@id\":\"https:\\\/\\\/www.evropskakuca.me\\\/me\\\/upoznajte-urbane-face-flore-i-faune\\\/#primaryimage\"},\"thumbnailUrl\":\"https:\\\/\\\/www.evropskakuca.me\\\/wp-content\\\/uploads\\\/2021\\\/10\\\/EUIC_Biodiverzitet_SocialMediaVisuals_Facebook_NewsFeedPost.jpg\",\"articleSection\":[\"Kampanje i eventi\",\"Novosti\",\"Vesti\"],\"inLanguage\":\"me-ME\"},{\"@type\":\"WebPage\",\"@id\":\"https:\\\/\\\/www.evropskakuca.me\\\/me\\\/upoznajte-urbane-face-flore-i-faune\\\/\",\"url\":\"https:\\\/\\\/www.evropskakuca.me\\\/me\\\/upoznajte-urbane-face-flore-i-faune\\\/\",\"name\":\"Upoznajte \u201egradske face\u201c flore i faune - Europe House\",\"isPartOf\":{\"@id\":\"https:\\\/\\\/www.evropskakuca.me\\\/me\\\/#website\"},\"primaryImageOfPage\":{\"@id\":\"https:\\\/\\\/www.evropskakuca.me\\\/me\\\/upoznajte-urbane-face-flore-i-faune\\\/#primaryimage\"},\"image\":{\"@id\":\"https:\\\/\\\/www.evropskakuca.me\\\/me\\\/upoznajte-urbane-face-flore-i-faune\\\/#primaryimage\"},\"thumbnailUrl\":\"https:\\\/\\\/www.evropskakuca.me\\\/wp-content\\\/uploads\\\/2021\\\/10\\\/EUIC_Biodiverzitet_SocialMediaVisuals_Facebook_NewsFeedPost.jpg\",\"datePublished\":\"2021-10-11T13:57:22+00:00\",\"dateModified\":\"2021-10-11T13:58:31+00:00\",\"breadcrumb\":{\"@id\":\"https:\\\/\\\/www.evropskakuca.me\\\/me\\\/upoznajte-urbane-face-flore-i-faune\\\/#breadcrumb\"},\"inLanguage\":\"me-ME\",\"potentialAction\":[{\"@type\":\"ReadAction\",\"target\":[\"https:\\\/\\\/www.evropskakuca.me\\\/me\\\/upoznajte-urbane-face-flore-i-faune\\\/\"]}]},{\"@type\":\"ImageObject\",\"inLanguage\":\"me-ME\",\"@id\":\"https:\\\/\\\/www.evropskakuca.me\\\/me\\\/upoznajte-urbane-face-flore-i-faune\\\/#primaryimage\",\"url\":\"https:\\\/\\\/www.evropskakuca.me\\\/wp-content\\\/uploads\\\/2021\\\/10\\\/EUIC_Biodiverzitet_SocialMediaVisuals_Facebook_NewsFeedPost.jpg\",\"contentUrl\":\"https:\\\/\\\/www.evropskakuca.me\\\/wp-content\\\/uploads\\\/2021\\\/10\\\/EUIC_Biodiverzitet_SocialMediaVisuals_Facebook_NewsFeedPost.jpg\",\"width\":1200,\"height\":630},{\"@type\":\"BreadcrumbList\",\"@id\":\"https:\\\/\\\/www.evropskakuca.me\\\/me\\\/upoznajte-urbane-face-flore-i-faune\\\/#breadcrumb\",\"itemListElement\":[{\"@type\":\"ListItem\",\"position\":1,\"name\":\"Home\",\"item\":\"https:\\\/\\\/www.evropskakuca.me\\\/me\\\/\"},{\"@type\":\"ListItem\",\"position\":2,\"name\":\"Upoznajte \u201egradske face\u201c flore i faune\"}]},{\"@type\":\"WebSite\",\"@id\":\"https:\\\/\\\/www.evropskakuca.me\\\/me\\\/#website\",\"url\":\"https:\\\/\\\/www.evropskakuca.me\\\/me\\\/\",\"name\":\"Evropean house\",\"description\":\"\",\"publisher\":{\"@id\":\"https:\\\/\\\/www.evropskakuca.me\\\/me\\\/#organization\"},\"potentialAction\":[{\"@type\":\"SearchAction\",\"target\":{\"@type\":\"EntryPoint\",\"urlTemplate\":\"https:\\\/\\\/www.evropskakuca.me\\\/me\\\/?s={search_term_string}\"},\"query-input\":{\"@type\":\"PropertyValueSpecification\",\"valueRequired\":true,\"valueName\":\"search_term_string\"}}],\"inLanguage\":\"me-ME\"},{\"@type\":\"Organization\",\"@id\":\"https:\\\/\\\/www.evropskakuca.me\\\/me\\\/#organization\",\"name\":\"Evropean house\",\"url\":\"https:\\\/\\\/www.evropskakuca.me\\\/me\\\/\",\"logo\":{\"@type\":\"ImageObject\",\"inLanguage\":\"me-ME\",\"@id\":\"https:\\\/\\\/www.evropskakuca.me\\\/me\\\/#\\\/schema\\\/logo\\\/image\\\/\",\"url\":\"https:\\\/\\\/www.evropskakuca.me\\\/wp-content\\\/uploads\\\/2025\\\/01\\\/evropska-kuca-logo-1.png\",\"contentUrl\":\"https:\\\/\\\/www.evropskakuca.me\\\/wp-content\\\/uploads\\\/2025\\\/01\\\/evropska-kuca-logo-1.png\",\"width\":425,\"height\":312,\"caption\":\"Evropean house\"},\"image\":{\"@id\":\"https:\\\/\\\/www.evropskakuca.me\\\/me\\\/#\\\/schema\\\/logo\\\/image\\\/\"},\"sameAs\":[\"https:\\\/\\\/www.facebook.com\\\/evropska.kuca\",\"https:\\\/\\\/x.com\\\/evropska_kuca\",\"https:\\\/\\\/www.instagram.com\\\/evropska_kuca\"]},{\"@type\":\"Person\",\"@id\":\"https:\\\/\\\/www.evropskakuca.me\\\/me\\\/#\\\/schema\\\/person\\\/a1d0dcdaefe4a1cd1d60d200ea137ba4\",\"name\":\"mkajic\",\"image\":{\"@type\":\"ImageObject\",\"inLanguage\":\"me-ME\",\"@id\":\"https:\\\/\\\/secure.gravatar.com\\\/avatar\\\/731fa035cefab7316e6bafd1f25a93fb731a07de14e2d9923f8db4422628eabc?s=96&d=mm&r=g\",\"url\":\"https:\\\/\\\/secure.gravatar.com\\\/avatar\\\/731fa035cefab7316e6bafd1f25a93fb731a07de14e2d9923f8db4422628eabc?s=96&d=mm&r=g\",\"contentUrl\":\"https:\\\/\\\/secure.gravatar.com\\\/avatar\\\/731fa035cefab7316e6bafd1f25a93fb731a07de14e2d9923f8db4422628eabc?s=96&d=mm&r=g\",\"caption\":\"mkajic\"},\"sameAs\":[\"https:\\\/\\\/evropskakuca.me\"],\"url\":\"https:\\\/\\\/www.evropskakuca.me\\\/me\\\/author\\\/mkajic\\\/\"}]}<\/script>\n<!-- \/ Yoast SEO plugin. -->","yoast_head_json":{"title":"Upoznajte \u201egradske face\u201c flore i faune - Europe House","robots":{"index":"index","follow":"follow","max-snippet":"max-snippet:-1","max-image-preview":"max-image-preview:large","max-video-preview":"max-video-preview:-1"},"canonical":"https:\/\/www.evropskakuca.me\/me\/upoznajte-urbane-face-flore-i-faune\/","og_locale":"en_US","og_type":"article","og_title":"Upoznajte \u201egradske face\u201c flore i faune - Europe House","og_description":"Nastavak edukativne eko kampanje na sajtu www.biodiverzitet.me","og_url":"https:\/\/www.evropskakuca.me\/me\/upoznajte-urbane-face-flore-i-faune\/","og_site_name":"Europe House","article_publisher":"https:\/\/www.facebook.com\/evropska.kuca","article_published_time":"2021-10-11T13:57:22+00:00","article_modified_time":"2021-10-11T13:58:31+00:00","og_image":[{"width":1200,"height":630,"url":"https:\/\/www.evropskakuca.me\/wp-content\/uploads\/2021\/10\/EUIC_Biodiverzitet_SocialMediaVisuals_Facebook_NewsFeedPost.jpg","type":"image\/jpeg"}],"author":"mkajic","twitter_card":"summary_large_image","twitter_creator":"@evropska_kuca","twitter_site":"@evropska_kuca","twitter_misc":{"Written by":"mkajic","Est. reading time":"2 minutes"},"schema":{"@context":"https:\/\/schema.org","@graph":[{"@type":"Article","@id":"https:\/\/www.evropskakuca.me\/me\/upoznajte-urbane-face-flore-i-faune\/#article","isPartOf":{"@id":"https:\/\/www.evropskakuca.me\/me\/upoznajte-urbane-face-flore-i-faune\/"},"author":{"name":"mkajic","@id":"https:\/\/www.evropskakuca.me\/me\/#\/schema\/person\/a1d0dcdaefe4a1cd1d60d200ea137ba4"},"headline":"Upoznajte \u201egradske face\u201c flore i faune","datePublished":"2021-10-11T13:57:22+00:00","dateModified":"2021-10-11T13:58:31+00:00","mainEntityOfPage":{"@id":"https:\/\/www.evropskakuca.me\/me\/upoznajte-urbane-face-flore-i-faune\/"},"wordCount":447,"publisher":{"@id":"https:\/\/www.evropskakuca.me\/me\/#organization"},"image":{"@id":"https:\/\/www.evropskakuca.me\/me\/upoznajte-urbane-face-flore-i-faune\/#primaryimage"},"thumbnailUrl":"https:\/\/www.evropskakuca.me\/wp-content\/uploads\/2021\/10\/EUIC_Biodiverzitet_SocialMediaVisuals_Facebook_NewsFeedPost.jpg","articleSection":["Kampanje i eventi","Novosti","Vesti"],"inLanguage":"me-ME"},{"@type":"WebPage","@id":"https:\/\/www.evropskakuca.me\/me\/upoznajte-urbane-face-flore-i-faune\/","url":"https:\/\/www.evropskakuca.me\/me\/upoznajte-urbane-face-flore-i-faune\/","name":"Upoznajte \u201egradske face\u201c flore i faune - Europe House","isPartOf":{"@id":"https:\/\/www.evropskakuca.me\/me\/#website"},"primaryImageOfPage":{"@id":"https:\/\/www.evropskakuca.me\/me\/upoznajte-urbane-face-flore-i-faune\/#primaryimage"},"image":{"@id":"https:\/\/www.evropskakuca.me\/me\/upoznajte-urbane-face-flore-i-faune\/#primaryimage"},"thumbnailUrl":"https:\/\/www.evropskakuca.me\/wp-content\/uploads\/2021\/10\/EUIC_Biodiverzitet_SocialMediaVisuals_Facebook_NewsFeedPost.jpg","datePublished":"2021-10-11T13:57:22+00:00","dateModified":"2021-10-11T13:58:31+00:00","breadcrumb":{"@id":"https:\/\/www.evropskakuca.me\/me\/upoznajte-urbane-face-flore-i-faune\/#breadcrumb"},"inLanguage":"me-ME","potentialAction":[{"@type":"ReadAction","target":["https:\/\/www.evropskakuca.me\/me\/upoznajte-urbane-face-flore-i-faune\/"]}]},{"@type":"ImageObject","inLanguage":"me-ME","@id":"https:\/\/www.evropskakuca.me\/me\/upoznajte-urbane-face-flore-i-faune\/#primaryimage","url":"https:\/\/www.evropskakuca.me\/wp-content\/uploads\/2021\/10\/EUIC_Biodiverzitet_SocialMediaVisuals_Facebook_NewsFeedPost.jpg","contentUrl":"https:\/\/www.evropskakuca.me\/wp-content\/uploads\/2021\/10\/EUIC_Biodiverzitet_SocialMediaVisuals_Facebook_NewsFeedPost.jpg","width":1200,"height":630},{"@type":"BreadcrumbList","@id":"https:\/\/www.evropskakuca.me\/me\/upoznajte-urbane-face-flore-i-faune\/#breadcrumb","itemListElement":[{"@type":"ListItem","position":1,"name":"Home","item":"https:\/\/www.evropskakuca.me\/me\/"},{"@type":"ListItem","position":2,"name":"Upoznajte \u201egradske face\u201c flore i faune"}]},{"@type":"WebSite","@id":"https:\/\/www.evropskakuca.me\/me\/#website","url":"https:\/\/www.evropskakuca.me\/me\/","name":"Evropean house","description":"","publisher":{"@id":"https:\/\/www.evropskakuca.me\/me\/#organization"},"potentialAction":[{"@type":"SearchAction","target":{"@type":"EntryPoint","urlTemplate":"https:\/\/www.evropskakuca.me\/me\/?s={search_term_string}"},"query-input":{"@type":"PropertyValueSpecification","valueRequired":true,"valueName":"search_term_string"}}],"inLanguage":"me-ME"},{"@type":"Organization","@id":"https:\/\/www.evropskakuca.me\/me\/#organization","name":"Evropean house","url":"https:\/\/www.evropskakuca.me\/me\/","logo":{"@type":"ImageObject","inLanguage":"me-ME","@id":"https:\/\/www.evropskakuca.me\/me\/#\/schema\/logo\/image\/","url":"https:\/\/www.evropskakuca.me\/wp-content\/uploads\/2025\/01\/evropska-kuca-logo-1.png","contentUrl":"https:\/\/www.evropskakuca.me\/wp-content\/uploads\/2025\/01\/evropska-kuca-logo-1.png","width":425,"height":312,"caption":"Evropean house"},"image":{"@id":"https:\/\/www.evropskakuca.me\/me\/#\/schema\/logo\/image\/"},"sameAs":["https:\/\/www.facebook.com\/evropska.kuca","https:\/\/x.com\/evropska_kuca","https:\/\/www.instagram.com\/evropska_kuca"]},{"@type":"Person","@id":"https:\/\/www.evropskakuca.me\/me\/#\/schema\/person\/a1d0dcdaefe4a1cd1d60d200ea137ba4","name":"mkajic","image":{"@type":"ImageObject","inLanguage":"me-ME","@id":"https:\/\/secure.gravatar.com\/avatar\/731fa035cefab7316e6bafd1f25a93fb731a07de14e2d9923f8db4422628eabc?s=96&d=mm&r=g","url":"https:\/\/secure.gravatar.com\/avatar\/731fa035cefab7316e6bafd1f25a93fb731a07de14e2d9923f8db4422628eabc?s=96&d=mm&r=g","contentUrl":"https:\/\/secure.gravatar.com\/avatar\/731fa035cefab7316e6bafd1f25a93fb731a07de14e2d9923f8db4422628eabc?s=96&d=mm&r=g","caption":"mkajic"},"sameAs":["https:\/\/evropskakuca.me"],"url":"https:\/\/www.evropskakuca.me\/me\/author\/mkajic\/"}]}},"_links":{"self":[{"href":"https:\/\/www.evropskakuca.me\/me\/wp-json\/wp\/v2\/posts\/15676","targetHints":{"allow":["GET"]}}],"collection":[{"href":"https:\/\/www.evropskakuca.me\/me\/wp-json\/wp\/v2\/posts"}],"about":[{"href":"https:\/\/www.evropskakuca.me\/me\/wp-json\/wp\/v2\/types\/post"}],"author":[{"embeddable":true,"href":"https:\/\/www.evropskakuca.me\/me\/wp-json\/wp\/v2\/users\/1"}],"replies":[{"embeddable":true,"href":"https:\/\/www.evropskakuca.me\/me\/wp-json\/wp\/v2\/comments?post=15676"}],"version-history":[{"count":0,"href":"https:\/\/www.evropskakuca.me\/me\/wp-json\/wp\/v2\/posts\/15676\/revisions"}],"wp:featuredmedia":[{"embeddable":true,"href":"https:\/\/www.evropskakuca.me\/me\/wp-json\/wp\/v2\/media\/37506"}],"wp:attachment":[{"href":"https:\/\/www.evropskakuca.me\/me\/wp-json\/wp\/v2\/media?parent=15676"}],"wp:term":[{"taxonomy":"category","embeddable":true,"href":"https:\/\/www.evropskakuca.me\/me\/wp-json\/wp\/v2\/categories?post=15676"},{"taxonomy":"post_tag","embeddable":true,"href":"https:\/\/www.evropskakuca.me\/me\/wp-json\/wp\/v2\/tags?post=15676"}],"curies":[{"name":"wp","href":"https:\/\/api.w.org\/{rel}","templated":true}]}}