{"id":15515,"date":"2021-09-16T11:46:19","date_gmt":"2021-09-16T11:46:19","guid":{"rendered":"http:\/\/www.evropskakuca.me\/?p=15515"},"modified":"2025-01-21T11:48:51","modified_gmt":"2025-01-21T11:48:51","slug":"pocela-kampanja-dijalog-sa-mladima-po-ugledu-na-eu","status":"publish","type":"post","link":"https:\/\/www.evropskakuca.me\/me\/pocela-kampanja-dijalog-sa-mladima-po-ugledu-na-eu\/","title":{"rendered":"Po\u010dela kampanja \u201eDijalog sa mladima\u201c po ugledu na EU"},"content":{"rendered":"<p>U okviru kampanje \u201eDijalog sa mladima\u201c, koju smo pokrenuli u saradnji sa Ministarstvom prosvjete, nauke, kulture i sporta (MPNKS), organizovali smo prvu aktivnost \u2013 sastanak predstavnika\/ca omladinskih organizacija u Crnoj Gori, koji su definisali klju\u010dne teme Dijaloga. Na sastanku su bili predstavnici EU info centra, MPNKS i omladinskih organizacija: Unija mladih preduzetnika, Studentski parlament, Mre\u017ea mladih, MAPSS \u2013 Crnogorsko udru\u017eenje studenata politi\u010dkih nauka, OMSA \u2013 Organizacija crnogorskih studenata u inostranstvu, Evropska omladinski kartica (EYEC), Unija srednjo\u0161kolaca, FORUM MNE i Portal Makanje.<\/p>\n<p><img fetchpriority=\"high\" decoding=\"async\" class=\"alignnone size-large wp-image-15518\" src=\"http:\/\/www.evropskakuca.me\/wp-content\/uploads\/2021\/09\/euic-41-1-1024x683.jpg\" alt=\"\" width=\"1024\" height=\"683\" \/><\/p>\n<p>Ova kampanja ima za cilj da mladima omogu\u0107i uklju\u010divanje u proces odlu\u010divanja o pitanjima koja se ti\u010du njih, a bi\u0107e usmjerena i na podizanje svijesti o tome \u0161ta ta\u010dno zna\u010di u\u010de\u0161c\u0301e mladih i za\u0161to je ono va\u017eno. To \u0107e posti\u0107i kroz direktan razgovor sa omladinom i organizacijama koje je predstavljaju.<\/p>\n<p><img decoding=\"async\" class=\"alignnone size-large wp-image-15522\" src=\"http:\/\/www.evropskakuca.me\/wp-content\/uploads\/2021\/09\/euic-32-1024x683.jpg\" alt=\"\" width=\"1024\" height=\"683\" \/><\/p>\n<p>\u201eKao \u0161to voli\u0161 da u\u010destvuje\u0161 u biranju destinacije za odmor, predlo\u017ei\u0161 kupovinu nekog poklona ili odabere\u0161 film koji \u017eeli\u0161 da gleda\u0161 sa prijateljima, tako mo\u017ee\u0161 i da odabere\u0161 izgled i funkcionalnost obli\u017enjeg parka, predlo\u017ei\u0161 da autobus prolazi ba\u0161 tvojom ulicom ili TV emisiju koja je zanimljiva tebi i tvojim vr\u0161njacima. Upravo to je cilj na\u0161e kampanje &#8211; da dijalogom do\u0111emo do konkretnih ideja, kako bi prostor oko nas bio vi\u0161e po va\u0161oj\u201c, obja\u0161njava koleginica Ana Popovi\u0107, koja vodi kampanju.<\/p>\n<p>Jugoslav Radovi\u0107 iz EYEC ka\u017ee za EUIC da je sastanak bio odli\u010dan i da sa velikim nestrpljenjem o\u010dekuje naredne aktivnosti.<\/p>\n<p><img decoding=\"async\" class=\"alignnone size-large wp-image-15524\" src=\"http:\/\/www.evropskakuca.me\/wp-content\/uploads\/2021\/09\/euic-46-1024x683.jpg\" alt=\"\" width=\"1024\" height=\"683\" \/><\/p>\n<p>\u201ePri\u010dali smo o stvarima koje treba da uradimo i na koji na\u010din da do\u0111emo do mladih ljudi \u010diji glas treba da se \u010duje. Mislim da \u0107e ovo biti kampanja o kojoj \u0107e se pri\u010dati, da \u0107e biti ne\u0161to drug\u010dije od onog na \u0161ta smo navikli. Uklju\u010di\u0107emo veliki broj mladih ljudi, jer \u017eelimo da svi imaju priliku da ka\u017eu \u0161ta \u017eele promijeniti\u201c, rekao je Radovi\u0107.<\/p>\n<p>Evropska unija ve\u0107 osmi put organizuje \u201eEU dijalog mladih\u201c, u kojem u\u010destvuju mladi i donosioci odluka iz svih zemalja \u010dlanica. Crna Gora \u0107e imati obavezu da se pridru\u017ei tom dijalogu kada postane \u010dlanica, zbog \u010dega se ova kampanja mo\u017ee smatrati pilot projektom i pripremom za budu\u0107e aktivnosti, obja\u0161njava omladinska radnica Aj\u0161a Had\u017eibegovi\u0107, koja \u0107e \u201edizajnirati\u201c Dijalog.<\/p>\n<p><img loading=\"lazy\" decoding=\"async\" class=\"alignnone size-large wp-image-15520\" src=\"http:\/\/www.evropskakuca.me\/wp-content\/uploads\/2021\/09\/euic-47-1024x683.jpg\" alt=\"\" width=\"1024\" height=\"683\" \/><\/p>\n<p>\u201eTestira\u0107emo koncept Dijaloga sa mladima koji se sprovodi u EU. Dobi\u0107emo konkretne rezultate u vezi tema o kojima se bude razgovaralo, tako da \u0107e donosioci odluka sa takvim materijalom u rukama mo\u0107i da preduzmu konkretne korake kako bi se o\u010dekivanja mladih ostavrila. O\u010dekujem da do\u0111emo i do konkretnih zaklju\u010daka i predloga kako da i u Crnoj Gori imamo sistemski garantovan Dijalog sa mladima, koji \u0107e omogu\u0107iti mladima da u\u010destvuju u kreiranju sada\u0161njosti I budu\u0107nosti u kojoj \u017eele da \u017eive\u201c, navodi Had\u017eibegovi\u0107.<\/p>\n<p>Naredni korak je sastanak sa predstavnicima MPNKS i drugih resora, koji \u0107e tako\u0111e nominovati prioritetne teme za mlade. Nakon toga slijedi formiranje zajedni\u010dkog tima i po\u010detak stvarnog dijaloga.<\/p>\n<p><strong>Prate\u0107i tekstovi:<\/strong><\/p>\n<p><a href=\"http:\/\/www.evropskakuca.me\/me\/odrzan-trening-za-mlade-koji-ce-voditi-obuku\/\">Odr\u017ean trening za mlade koji ce voditi obuku<\/a><\/p>\n<p><a href=\"http:\/\/www.evropskakuca.me\/me\/okupio-se-tim-za-dijalog-sa-mladima\/\">Okupio se tim za dijalog sa mladima<\/a><\/p>\n<p><a href=\"http:\/\/www.evropskakuca.me\/me\/dodijeljene-diplome-polaznicima-online-skole-o-evropskom-demokratskom-gradanstvu\/\">Dodijeljene diplome polaznicima Online \u0161kole o evropskom demokratskom gra\u0111anstvu<\/a><\/p>\n<p><a href=\"http:\/\/www.evropskakuca.me\/me\/zavrsena-prva-online-skola-o-evropskom-demokratskom-gradanstvu-i-solidarnosti\/\">Zavr\u0161ena prva Online \u0161kola o evropskom demokratskom gra\u0111anstvu i solidarnosti<\/a><\/p>\n<p><a href=\"http:\/\/www.evropskakuca.me\/me\/dijalog-sa-mladima-u-godini-mladih\/\">Dijalog sa mladima u godini mladih<\/a><\/p>\n<p>&nbsp;<\/p>\n<p>&nbsp;<\/p>\n<p>&nbsp;<\/p>\n<p>&nbsp;<\/p>\n<h1 class=\"entry-title mb0 mt0\"><\/h1>\n","protected":false},"excerpt":{"rendered":"<p>Odr\u017ean prvi sastanak omladinskih organizacija<\/p>\n","protected":false},"author":1,"featured_media":33877,"comment_status":"closed","ping_status":"closed","sticky":false,"template":"","format":"standard","meta":{"_acf_changed":false,"footnotes":""},"categories":[285,283],"tags":[],"class_list":["post-15515","post","type-post","status-publish","format-standard","has-post-thumbnail","hentry","category-kampanje-i-eventi","category-novosti-me"],"acf":[],"yoast_head":"<!-- This site is optimized with the Yoast SEO plugin v27.3 - https:\/\/yoast.com\/product\/yoast-seo-wordpress\/ -->\n<title>Po\u010dela kampanja \u201eDijalog sa mladima\u201c po ugledu na EU - Europe House<\/title>\n<meta name=\"robots\" content=\"index, follow, max-snippet:-1, max-image-preview:large, max-video-preview:-1\" \/>\n<link rel=\"canonical\" href=\"https:\/\/www.evropskakuca.me\/me\/pocela-kampanja-dijalog-sa-mladima-po-ugledu-na-eu\/\" \/>\n<meta property=\"og:locale\" content=\"en_US\" \/>\n<meta property=\"og:type\" content=\"article\" \/>\n<meta property=\"og:title\" content=\"Po\u010dela kampanja \u201eDijalog sa mladima\u201c po ugledu na EU - Europe House\" \/>\n<meta property=\"og:description\" content=\"Odr\u017ean prvi sastanak omladinskih organizacija\" \/>\n<meta property=\"og:url\" content=\"https:\/\/www.evropskakuca.me\/me\/pocela-kampanja-dijalog-sa-mladima-po-ugledu-na-eu\/\" \/>\n<meta property=\"og:site_name\" content=\"Europe House\" \/>\n<meta property=\"article:publisher\" content=\"https:\/\/www.facebook.com\/evropska.kuca\" \/>\n<meta property=\"article:published_time\" content=\"2021-09-16T11:46:19+00:00\" \/>\n<meta property=\"article:modified_time\" content=\"2025-01-21T11:48:51+00:00\" \/>\n<meta property=\"og:image\" content=\"https:\/\/www.evropskakuca.me\/wp-content\/uploads\/2018\/05\/euic-6.jpg\" \/>\n\t<meta property=\"og:image:width\" content=\"2024\" \/>\n\t<meta property=\"og:image:height\" content=\"1349\" \/>\n\t<meta property=\"og:image:type\" content=\"image\/jpeg\" \/>\n<meta name=\"author\" content=\"mkajic\" \/>\n<meta name=\"twitter:card\" content=\"summary_large_image\" \/>\n<meta name=\"twitter:creator\" content=\"@evropska_kuca\" \/>\n<meta name=\"twitter:site\" content=\"@evropska_kuca\" \/>\n<meta name=\"twitter:label1\" content=\"Written by\" \/>\n\t<meta name=\"twitter:data1\" content=\"mkajic\" \/>\n\t<meta name=\"twitter:label2\" content=\"Est. reading time\" \/>\n\t<meta name=\"twitter:data2\" content=\"4 minutes\" \/>\n<script type=\"application\/ld+json\" class=\"yoast-schema-graph\">{\"@context\":\"https:\\\/\\\/schema.org\",\"@graph\":[{\"@type\":\"Article\",\"@id\":\"https:\\\/\\\/www.evropskakuca.me\\\/me\\\/pocela-kampanja-dijalog-sa-mladima-po-ugledu-na-eu\\\/#article\",\"isPartOf\":{\"@id\":\"https:\\\/\\\/www.evropskakuca.me\\\/me\\\/pocela-kampanja-dijalog-sa-mladima-po-ugledu-na-eu\\\/\"},\"author\":{\"name\":\"mkajic\",\"@id\":\"https:\\\/\\\/www.evropskakuca.me\\\/me\\\/#\\\/schema\\\/person\\\/a1d0dcdaefe4a1cd1d60d200ea137ba4\"},\"headline\":\"Po\u010dela kampanja \u201eDijalog sa mladima\u201c po ugledu na EU\",\"datePublished\":\"2021-09-16T11:46:19+00:00\",\"dateModified\":\"2025-01-21T11:48:51+00:00\",\"mainEntityOfPage\":{\"@id\":\"https:\\\/\\\/www.evropskakuca.me\\\/me\\\/pocela-kampanja-dijalog-sa-mladima-po-ugledu-na-eu\\\/\"},\"wordCount\":581,\"publisher\":{\"@id\":\"https:\\\/\\\/www.evropskakuca.me\\\/me\\\/#organization\"},\"image\":{\"@id\":\"https:\\\/\\\/www.evropskakuca.me\\\/me\\\/pocela-kampanja-dijalog-sa-mladima-po-ugledu-na-eu\\\/#primaryimage\"},\"thumbnailUrl\":\"https:\\\/\\\/www.evropskakuca.me\\\/wp-content\\\/uploads\\\/2018\\\/05\\\/euic-6.jpg\",\"articleSection\":[\"Kampanje i eventi\",\"Novosti\"],\"inLanguage\":\"me-ME\"},{\"@type\":\"WebPage\",\"@id\":\"https:\\\/\\\/www.evropskakuca.me\\\/me\\\/pocela-kampanja-dijalog-sa-mladima-po-ugledu-na-eu\\\/\",\"url\":\"https:\\\/\\\/www.evropskakuca.me\\\/me\\\/pocela-kampanja-dijalog-sa-mladima-po-ugledu-na-eu\\\/\",\"name\":\"Po\u010dela kampanja \u201eDijalog sa mladima\u201c po ugledu na EU - Europe House\",\"isPartOf\":{\"@id\":\"https:\\\/\\\/www.evropskakuca.me\\\/me\\\/#website\"},\"primaryImageOfPage\":{\"@id\":\"https:\\\/\\\/www.evropskakuca.me\\\/me\\\/pocela-kampanja-dijalog-sa-mladima-po-ugledu-na-eu\\\/#primaryimage\"},\"image\":{\"@id\":\"https:\\\/\\\/www.evropskakuca.me\\\/me\\\/pocela-kampanja-dijalog-sa-mladima-po-ugledu-na-eu\\\/#primaryimage\"},\"thumbnailUrl\":\"https:\\\/\\\/www.evropskakuca.me\\\/wp-content\\\/uploads\\\/2018\\\/05\\\/euic-6.jpg\",\"datePublished\":\"2021-09-16T11:46:19+00:00\",\"dateModified\":\"2025-01-21T11:48:51+00:00\",\"breadcrumb\":{\"@id\":\"https:\\\/\\\/www.evropskakuca.me\\\/me\\\/pocela-kampanja-dijalog-sa-mladima-po-ugledu-na-eu\\\/#breadcrumb\"},\"inLanguage\":\"me-ME\",\"potentialAction\":[{\"@type\":\"ReadAction\",\"target\":[\"https:\\\/\\\/www.evropskakuca.me\\\/me\\\/pocela-kampanja-dijalog-sa-mladima-po-ugledu-na-eu\\\/\"]}]},{\"@type\":\"ImageObject\",\"inLanguage\":\"me-ME\",\"@id\":\"https:\\\/\\\/www.evropskakuca.me\\\/me\\\/pocela-kampanja-dijalog-sa-mladima-po-ugledu-na-eu\\\/#primaryimage\",\"url\":\"https:\\\/\\\/www.evropskakuca.me\\\/wp-content\\\/uploads\\\/2018\\\/05\\\/euic-6.jpg\",\"contentUrl\":\"https:\\\/\\\/www.evropskakuca.me\\\/wp-content\\\/uploads\\\/2018\\\/05\\\/euic-6.jpg\",\"width\":2024,\"height\":1349},{\"@type\":\"BreadcrumbList\",\"@id\":\"https:\\\/\\\/www.evropskakuca.me\\\/me\\\/pocela-kampanja-dijalog-sa-mladima-po-ugledu-na-eu\\\/#breadcrumb\",\"itemListElement\":[{\"@type\":\"ListItem\",\"position\":1,\"name\":\"Home\",\"item\":\"https:\\\/\\\/www.evropskakuca.me\\\/me\\\/\"},{\"@type\":\"ListItem\",\"position\":2,\"name\":\"Po\u010dela kampanja \u201eDijalog sa mladima\u201c po ugledu na EU\"}]},{\"@type\":\"WebSite\",\"@id\":\"https:\\\/\\\/www.evropskakuca.me\\\/me\\\/#website\",\"url\":\"https:\\\/\\\/www.evropskakuca.me\\\/me\\\/\",\"name\":\"Evropean house\",\"description\":\"\",\"publisher\":{\"@id\":\"https:\\\/\\\/www.evropskakuca.me\\\/me\\\/#organization\"},\"potentialAction\":[{\"@type\":\"SearchAction\",\"target\":{\"@type\":\"EntryPoint\",\"urlTemplate\":\"https:\\\/\\\/www.evropskakuca.me\\\/me\\\/?s={search_term_string}\"},\"query-input\":{\"@type\":\"PropertyValueSpecification\",\"valueRequired\":true,\"valueName\":\"search_term_string\"}}],\"inLanguage\":\"me-ME\"},{\"@type\":\"Organization\",\"@id\":\"https:\\\/\\\/www.evropskakuca.me\\\/me\\\/#organization\",\"name\":\"Evropean house\",\"url\":\"https:\\\/\\\/www.evropskakuca.me\\\/me\\\/\",\"logo\":{\"@type\":\"ImageObject\",\"inLanguage\":\"me-ME\",\"@id\":\"https:\\\/\\\/www.evropskakuca.me\\\/me\\\/#\\\/schema\\\/logo\\\/image\\\/\",\"url\":\"https:\\\/\\\/www.evropskakuca.me\\\/wp-content\\\/uploads\\\/2025\\\/01\\\/evropska-kuca-logo-1.png\",\"contentUrl\":\"https:\\\/\\\/www.evropskakuca.me\\\/wp-content\\\/uploads\\\/2025\\\/01\\\/evropska-kuca-logo-1.png\",\"width\":425,\"height\":312,\"caption\":\"Evropean house\"},\"image\":{\"@id\":\"https:\\\/\\\/www.evropskakuca.me\\\/me\\\/#\\\/schema\\\/logo\\\/image\\\/\"},\"sameAs\":[\"https:\\\/\\\/www.facebook.com\\\/evropska.kuca\",\"https:\\\/\\\/x.com\\\/evropska_kuca\",\"https:\\\/\\\/www.instagram.com\\\/evropska_kuca\"]},{\"@type\":\"Person\",\"@id\":\"https:\\\/\\\/www.evropskakuca.me\\\/me\\\/#\\\/schema\\\/person\\\/a1d0dcdaefe4a1cd1d60d200ea137ba4\",\"name\":\"mkajic\",\"image\":{\"@type\":\"ImageObject\",\"inLanguage\":\"me-ME\",\"@id\":\"https:\\\/\\\/secure.gravatar.com\\\/avatar\\\/731fa035cefab7316e6bafd1f25a93fb731a07de14e2d9923f8db4422628eabc?s=96&d=mm&r=g\",\"url\":\"https:\\\/\\\/secure.gravatar.com\\\/avatar\\\/731fa035cefab7316e6bafd1f25a93fb731a07de14e2d9923f8db4422628eabc?s=96&d=mm&r=g\",\"contentUrl\":\"https:\\\/\\\/secure.gravatar.com\\\/avatar\\\/731fa035cefab7316e6bafd1f25a93fb731a07de14e2d9923f8db4422628eabc?s=96&d=mm&r=g\",\"caption\":\"mkajic\"},\"sameAs\":[\"https:\\\/\\\/evropskakuca.me\"],\"url\":\"https:\\\/\\\/www.evropskakuca.me\\\/me\\\/author\\\/mkajic\\\/\"}]}<\/script>\n<!-- \/ Yoast SEO plugin. -->","yoast_head_json":{"title":"Po\u010dela kampanja \u201eDijalog sa mladima\u201c po ugledu na EU - Europe House","robots":{"index":"index","follow":"follow","max-snippet":"max-snippet:-1","max-image-preview":"max-image-preview:large","max-video-preview":"max-video-preview:-1"},"canonical":"https:\/\/www.evropskakuca.me\/me\/pocela-kampanja-dijalog-sa-mladima-po-ugledu-na-eu\/","og_locale":"en_US","og_type":"article","og_title":"Po\u010dela kampanja \u201eDijalog sa mladima\u201c po ugledu na EU - Europe House","og_description":"Odr\u017ean prvi sastanak omladinskih organizacija","og_url":"https:\/\/www.evropskakuca.me\/me\/pocela-kampanja-dijalog-sa-mladima-po-ugledu-na-eu\/","og_site_name":"Europe House","article_publisher":"https:\/\/www.facebook.com\/evropska.kuca","article_published_time":"2021-09-16T11:46:19+00:00","article_modified_time":"2025-01-21T11:48:51+00:00","og_image":[{"width":2024,"height":1349,"url":"https:\/\/www.evropskakuca.me\/wp-content\/uploads\/2018\/05\/euic-6.jpg","type":"image\/jpeg"}],"author":"mkajic","twitter_card":"summary_large_image","twitter_creator":"@evropska_kuca","twitter_site":"@evropska_kuca","twitter_misc":{"Written by":"mkajic","Est. reading time":"4 minutes"},"schema":{"@context":"https:\/\/schema.org","@graph":[{"@type":"Article","@id":"https:\/\/www.evropskakuca.me\/me\/pocela-kampanja-dijalog-sa-mladima-po-ugledu-na-eu\/#article","isPartOf":{"@id":"https:\/\/www.evropskakuca.me\/me\/pocela-kampanja-dijalog-sa-mladima-po-ugledu-na-eu\/"},"author":{"name":"mkajic","@id":"https:\/\/www.evropskakuca.me\/me\/#\/schema\/person\/a1d0dcdaefe4a1cd1d60d200ea137ba4"},"headline":"Po\u010dela kampanja \u201eDijalog sa mladima\u201c po ugledu na EU","datePublished":"2021-09-16T11:46:19+00:00","dateModified":"2025-01-21T11:48:51+00:00","mainEntityOfPage":{"@id":"https:\/\/www.evropskakuca.me\/me\/pocela-kampanja-dijalog-sa-mladima-po-ugledu-na-eu\/"},"wordCount":581,"publisher":{"@id":"https:\/\/www.evropskakuca.me\/me\/#organization"},"image":{"@id":"https:\/\/www.evropskakuca.me\/me\/pocela-kampanja-dijalog-sa-mladima-po-ugledu-na-eu\/#primaryimage"},"thumbnailUrl":"https:\/\/www.evropskakuca.me\/wp-content\/uploads\/2018\/05\/euic-6.jpg","articleSection":["Kampanje i eventi","Novosti"],"inLanguage":"me-ME"},{"@type":"WebPage","@id":"https:\/\/www.evropskakuca.me\/me\/pocela-kampanja-dijalog-sa-mladima-po-ugledu-na-eu\/","url":"https:\/\/www.evropskakuca.me\/me\/pocela-kampanja-dijalog-sa-mladima-po-ugledu-na-eu\/","name":"Po\u010dela kampanja \u201eDijalog sa mladima\u201c po ugledu na EU - Europe House","isPartOf":{"@id":"https:\/\/www.evropskakuca.me\/me\/#website"},"primaryImageOfPage":{"@id":"https:\/\/www.evropskakuca.me\/me\/pocela-kampanja-dijalog-sa-mladima-po-ugledu-na-eu\/#primaryimage"},"image":{"@id":"https:\/\/www.evropskakuca.me\/me\/pocela-kampanja-dijalog-sa-mladima-po-ugledu-na-eu\/#primaryimage"},"thumbnailUrl":"https:\/\/www.evropskakuca.me\/wp-content\/uploads\/2018\/05\/euic-6.jpg","datePublished":"2021-09-16T11:46:19+00:00","dateModified":"2025-01-21T11:48:51+00:00","breadcrumb":{"@id":"https:\/\/www.evropskakuca.me\/me\/pocela-kampanja-dijalog-sa-mladima-po-ugledu-na-eu\/#breadcrumb"},"inLanguage":"me-ME","potentialAction":[{"@type":"ReadAction","target":["https:\/\/www.evropskakuca.me\/me\/pocela-kampanja-dijalog-sa-mladima-po-ugledu-na-eu\/"]}]},{"@type":"ImageObject","inLanguage":"me-ME","@id":"https:\/\/www.evropskakuca.me\/me\/pocela-kampanja-dijalog-sa-mladima-po-ugledu-na-eu\/#primaryimage","url":"https:\/\/www.evropskakuca.me\/wp-content\/uploads\/2018\/05\/euic-6.jpg","contentUrl":"https:\/\/www.evropskakuca.me\/wp-content\/uploads\/2018\/05\/euic-6.jpg","width":2024,"height":1349},{"@type":"BreadcrumbList","@id":"https:\/\/www.evropskakuca.me\/me\/pocela-kampanja-dijalog-sa-mladima-po-ugledu-na-eu\/#breadcrumb","itemListElement":[{"@type":"ListItem","position":1,"name":"Home","item":"https:\/\/www.evropskakuca.me\/me\/"},{"@type":"ListItem","position":2,"name":"Po\u010dela kampanja \u201eDijalog sa mladima\u201c po ugledu na EU"}]},{"@type":"WebSite","@id":"https:\/\/www.evropskakuca.me\/me\/#website","url":"https:\/\/www.evropskakuca.me\/me\/","name":"Evropean house","description":"","publisher":{"@id":"https:\/\/www.evropskakuca.me\/me\/#organization"},"potentialAction":[{"@type":"SearchAction","target":{"@type":"EntryPoint","urlTemplate":"https:\/\/www.evropskakuca.me\/me\/?s={search_term_string}"},"query-input":{"@type":"PropertyValueSpecification","valueRequired":true,"valueName":"search_term_string"}}],"inLanguage":"me-ME"},{"@type":"Organization","@id":"https:\/\/www.evropskakuca.me\/me\/#organization","name":"Evropean house","url":"https:\/\/www.evropskakuca.me\/me\/","logo":{"@type":"ImageObject","inLanguage":"me-ME","@id":"https:\/\/www.evropskakuca.me\/me\/#\/schema\/logo\/image\/","url":"https:\/\/www.evropskakuca.me\/wp-content\/uploads\/2025\/01\/evropska-kuca-logo-1.png","contentUrl":"https:\/\/www.evropskakuca.me\/wp-content\/uploads\/2025\/01\/evropska-kuca-logo-1.png","width":425,"height":312,"caption":"Evropean house"},"image":{"@id":"https:\/\/www.evropskakuca.me\/me\/#\/schema\/logo\/image\/"},"sameAs":["https:\/\/www.facebook.com\/evropska.kuca","https:\/\/x.com\/evropska_kuca","https:\/\/www.instagram.com\/evropska_kuca"]},{"@type":"Person","@id":"https:\/\/www.evropskakuca.me\/me\/#\/schema\/person\/a1d0dcdaefe4a1cd1d60d200ea137ba4","name":"mkajic","image":{"@type":"ImageObject","inLanguage":"me-ME","@id":"https:\/\/secure.gravatar.com\/avatar\/731fa035cefab7316e6bafd1f25a93fb731a07de14e2d9923f8db4422628eabc?s=96&d=mm&r=g","url":"https:\/\/secure.gravatar.com\/avatar\/731fa035cefab7316e6bafd1f25a93fb731a07de14e2d9923f8db4422628eabc?s=96&d=mm&r=g","contentUrl":"https:\/\/secure.gravatar.com\/avatar\/731fa035cefab7316e6bafd1f25a93fb731a07de14e2d9923f8db4422628eabc?s=96&d=mm&r=g","caption":"mkajic"},"sameAs":["https:\/\/evropskakuca.me"],"url":"https:\/\/www.evropskakuca.me\/me\/author\/mkajic\/"}]}},"_links":{"self":[{"href":"https:\/\/www.evropskakuca.me\/me\/wp-json\/wp\/v2\/posts\/15515","targetHints":{"allow":["GET"]}}],"collection":[{"href":"https:\/\/www.evropskakuca.me\/me\/wp-json\/wp\/v2\/posts"}],"about":[{"href":"https:\/\/www.evropskakuca.me\/me\/wp-json\/wp\/v2\/types\/post"}],"author":[{"embeddable":true,"href":"https:\/\/www.evropskakuca.me\/me\/wp-json\/wp\/v2\/users\/1"}],"replies":[{"embeddable":true,"href":"https:\/\/www.evropskakuca.me\/me\/wp-json\/wp\/v2\/comments?post=15515"}],"version-history":[{"count":1,"href":"https:\/\/www.evropskakuca.me\/me\/wp-json\/wp\/v2\/posts\/15515\/revisions"}],"predecessor-version":[{"id":42486,"href":"https:\/\/www.evropskakuca.me\/me\/wp-json\/wp\/v2\/posts\/15515\/revisions\/42486"}],"wp:featuredmedia":[{"embeddable":true,"href":"https:\/\/www.evropskakuca.me\/me\/wp-json\/wp\/v2\/media\/33877"}],"wp:attachment":[{"href":"https:\/\/www.evropskakuca.me\/me\/wp-json\/wp\/v2\/media?parent=15515"}],"wp:term":[{"taxonomy":"category","embeddable":true,"href":"https:\/\/www.evropskakuca.me\/me\/wp-json\/wp\/v2\/categories?post=15515"},{"taxonomy":"post_tag","embeddable":true,"href":"https:\/\/www.evropskakuca.me\/me\/wp-json\/wp\/v2\/tags?post=15515"}],"curies":[{"name":"wp","href":"https:\/\/api.w.org\/{rel}","templated":true}]}}