{"id":15476,"date":"2021-09-22T10:53:05","date_gmt":"2021-09-22T10:53:05","guid":{"rendered":"http:\/\/www.evropskakuca.me\/?p=15476"},"modified":"2021-09-22T10:53:05","modified_gmt":"2021-09-22T10:53:05","slug":"gradska-jurnjava-basti-jevaca","status":"publish","type":"post","link":"https:\/\/www.evropskakuca.me\/me\/gradska-jurnjava-basti-jevaca\/","title":{"rendered":"\u201eGradska jurnjava\u201c Ba\u0161Ti-jevaca"},"content":{"rendered":"<p><strong>Ekipa \u201eBa\u0161 ti\u201c, koju \u010dine mladi ljudi iz Podgorice \u017eeljni znanja i promjena, po\u010dela je sa prvim aktivnostima. Podsjetimo, po\u010detkom jula raspisali smo poziv za mlade, sa cilljem da kreiraju nove omladinske inicijative u Podgorici. Njihov zadatak je da u narednih nekoliko sedmica poha\u0111aju seriju zanimljivih radionica, tokom kojih mogu da nau\u010de vi\u0161e o Evropskoj uniji, unaprijede timske sposobnosti, dru\u017ee se sa vr\u0161njacima i steknu prakti\u010dna znanja, koja \u0107e kasnije primijeniti tokom osmi\u0161ljavanja i organizovanja razli\u010ditih aktivnosti, va\u017enih za mlade u njihovom gradu, a koje su u skladu sa oblastima kojima se bavi EUIC. Kako i dolikuje, prvo su se upoznali, ali na ne\u0161to druga\u010diji na\u010din. Na\u0161a saradnica Jelena Markovi\u0107 za njih je organizovala \u201egradsku jurnjavu\u201c, tokom koje su imali neobi\u010dne zadatke, a sve sa ciljem da se upoznaju i postanu tim. Svoje utiske prenosi nam Ba\u0161Ti-jevka Bojana Mara\u0161.<\/strong><\/p>\n<p><img fetchpriority=\"high\" decoding=\"async\" class=\"alignnone size-large wp-image-15479\" src=\"http:\/\/www.evropskakuca.me\/wp-content\/uploads\/2021\/09\/Basti-62-1024x683.jpg\" alt=\"\" width=\"1024\" height=\"683\" \/><\/p>\n<p>Moji utisci sa tim bildinga su i vi\u0161e nego pozitivni. Radionicu je vodila Jelena Markovi\u0107, a zadaci su bili neo\u010dekivani na dobar i stimulativan na\u010din. Ne samo da su nas pokrenuli fizi\u010dki, ve\u0107 su uticali na ja\u010danje svijesti i gra\u0111enja timskih vje\u0161tina. \u010cinjenica je da bismo se kao tim upoznali jo\u0161 bolje i kroz budu\u0107e radionice, ali je ovo bio dobar na\u010din da to uradimo na samom startu.<\/p>\n<p>Zadaci su bili veoma kreativni i uticali su na to da brzo donosimo odluke, \u0161to se pokazalo efikasno u na\u0161em timu. Umjesto uobi\u010dajenog upoznavanja gdje bi svako od nas iznio interesantne stavke iz svog \u017eivota, radionica je zapo\u010deta na mnogo zanimljiviji na\u010din. Naime, svako ponaosob je izvukao po jedno pitanje iz kutije, a odgovori su nas itekako zabavili. Neka od pitanja su: <em>Koje su najve\u0107e predrasude o tebi? Kolika je duga tvoja blok lista na dru\u0161tvenim mre\u017eama ? Koje tri li\u010dne stvari bi spasio da mora\u0161? <\/em>Nakon toga, podijelili smo se u grupe dobiv\u0161i novu listu zadataka, koja se ubrzo pretvorila u pravu gradsku jurnjavu.<\/p>\n<p><img decoding=\"async\" class=\"alignnone size-large wp-image-15481\" src=\"http:\/\/www.evropskakuca.me\/wp-content\/uploads\/2021\/09\/Basti-67-1024x683.jpg\" alt=\"\" width=\"1024\" height=\"683\" \/><\/p>\n<p>U koverti se nalazilo deset eura, kako bismo uspjeli da istu obavimo do kraja. Tek \u0161to smo iza\u0161li, ugledali smo vatrogasce ispred EU info centra i za manje od minute prekri\u017eili prvu stavku na listi: Fotografisati se sa licem u slu\u017ebenoj uniformi. Na na\u0161e iznena\u0111enje, njihova reakcija je bila sjajna. Ne samo da smo dobili fotografiju, ve\u0107 smo se i kratko ispri\u010dali sa njima. Razlog za\u0161to je sve moralo biti dokumentovano je da bi nam poslu\u017eilo kao dokaz, te smo iste slali u Vajber grupu.<\/p>\n<p><img decoding=\"async\" class=\"alignnone size-large wp-image-15483\" src=\"http:\/\/www.evropskakuca.me\/wp-content\/uploads\/2021\/09\/Basti-69-1024x683.jpg\" alt=\"\" width=\"1024\" height=\"683\" \/><\/p>\n<p>Usput smo kupili i hranu za pse i ma\u010dke ne bi li u skorije vrijeme obavili i taj zadatak. Sljede\u0107e \u0161to nas je \u010dekalo je bilo da slu\u010dajnom prolazniku otpjevamo <em>Danas nam je divan dan<\/em>. Nai\u0161li smo na par iz Gimnazije i igrom slu\u010daja djevojci je u skora\u0161nje vrijeme i bio ro\u0111endan. Svi smo joj pjevali u glas i tap\u0161ali ba\u0161 kao na ro\u0111endanskim \u017eurkama u djetinjstvu. Nekolicina ljudi se zatekla na terasama, i ispred obli\u017enje prodavnice za\u010du\u0111eno nas gledaju\u0107i da bi se na kraju svi zajedno smijali. Ovo je zaista bio jedan od najdivnijih zadataka. Kako je ro\u0111endanska pjesma ne\u0161to \u0161to pjevamo isklju\u010divo ljudima koji u tan\u010dine znaju kakvi smo mi kao ljudi, i sa kojima dijelimo mnoge \u017eivotne situacije, uvijek sam je smatrala li\u010dnom i intimnom pjesmom punom najdivnijih sje\u0107anja, a podijeliti je sa nekim koga prvi put vidimo i osjetiti radost i dje\u010diju lucidnost sa tom osobom i svojim timom bilo je ne\u0161to \u0161to \u0107u zauvijek pamtiti. Tada je ve\u0107 po\u010delo pozitivno ludilo u timu, u potpunosti smo se opustili spremni za sve \u0161to nas \u010deka.<\/p>\n<p><img loading=\"lazy\" decoding=\"async\" class=\"alignnone size-large wp-image-15485\" src=\"http:\/\/www.evropskakuca.me\/wp-content\/uploads\/2021\/09\/Basti-43-1024x683.jpg\" alt=\"\" width=\"1024\" height=\"683\" \/><\/p>\n<p>Nai\u0161li smo na ma\u010dku koju smo nahranili. Malo je falilo da je odnesemo sa sobom. Kupili smo krede i napisali motivacione poruke, simboli\u010dno, pored Narodne biblioteke <em>Radosav Ljumovi\u0107<\/em>. Danilova <em>Veni vidi vici<\/em> drevna izreka i dalje stoji zapisana na tom mjestu kao podsjetnik da je tog dana tu bar na tren bio na\u0161 mali, a sasvim dovoljan <em>caput mundi<\/em>.<\/p>\n<p>Me\u0111utim, ubrzo su se stvari promijenile za 180 stepeni, i naravno\u00a0 da je do\u0161ao \u00a0na\u0161 omiljeni fotograf Bal\u0161a da nam pomogne da ovjekove\u010dimo pomenat Makarene. Na brzinu smo pre\u0161li kroz ta\u010dke koreografije, poja\u010dali muziku do kraja i pretvorili prolaz izme\u0111u biblioteke i skup\u0161tine u pravi plesni podijum. Toliko je bilo dobro da razmi\u0161ljamo da ponovimo. Sigurno je i da ho\u0107emo. Na istom mjestu smo napravili repliku \u010duvene scene iz Titanika. U ulozi Rouz na\u0161la se podgori\u010dka zvijezda u usponu Marija, a D\u017eeka je vjerodostojno predstavio najpoznatiji Kola\u0161inac u holivudskim krugovima, svjetski a na\u0161 Danilo.<\/p>\n<p><img loading=\"lazy\" decoding=\"async\" class=\"alignnone size-large wp-image-15487\" src=\"http:\/\/www.evropskakuca.me\/wp-content\/uploads\/2021\/09\/Basti-54-1024x683.jpg\" alt=\"\" width=\"1024\" height=\"683\" \/><\/p>\n<p>Zatim smo se vratili realnom \u017eivotu i krenuli ka kafematu gdje smo ostavili ne\u0161to novca i sljede\u0107u osobu koja do\u0111e \u010dastili doj\u010d. U me\u0111uvremenu, u toku svih ovih zadataka kupili smo otpatke sa ulice i odlo\u017eili ih u kantu. I uputili se ka prodavnici balona zatim kre\u0107u\u0107i ka igrali\u0161tu. Danilo je d\u017eentlemenski udahnuo helijum iz balona i ne znaju\u0107i koliko mu je ostatak ekipe zahvalan na tome. U tom trenutku napravili smo video zapis zauvijek zabilje\u017een njegovom neprepoznatljivom bojom glasa. Nastavili smo igru, pa smo tako ljuljali Vjeru i Mariju na ljulja\u0161kama, a onda smo isprobali i sve ostale sprave na igrali\u0161tu.<\/p>\n<p><img loading=\"lazy\" decoding=\"async\" class=\"alignnone size-large wp-image-15489\" src=\"http:\/\/www.evropskakuca.me\/wp-content\/uploads\/2021\/09\/Basti-48-1024x683.jpg\" alt=\"\" width=\"1024\" height=\"683\" \/><\/p>\n<p>Ono za \u0161to smo mislili da nikada ne\u0107emo uspjeti je da nekome platimo kaznu za parking. Odjednom su svi automobili u Podgorici bili propisno parkirani. Svi sem jednog koji smo ugledali u trenutku kada smo bili spremni da odustanemo. Ubacili smo novac u kovertu sa sve porukom i u tom trenutku je nai\u0161ao vlasnik automobila. Jo\u0161 je ostalo nerazja\u0161njeno ko se u toj situaciji vi\u0161e zabavio.<\/p>\n<p>Jedino \u0161to je ostalo neprikri\u017eano na listi je fotografija na elektri\u010dnom trotinetu. Zapravo, ugledali smo jednu osobu i tr\u010dali za njom, ali je bila i suvi\u0161e brza. Nakon vi\u0161e\u010dasovne jurnjave oti\u0161li smo na zaslu\u017eenu kafu sa mentorkama\u00a0 Jelenom, Anom iz EU info centra i \u201cprotivni\u010dkim\u201d timom, gdje smo u\u017eivali razmjenjuju\u0107i utiske sa pute\u0161estvija i smiju\u0107i se tako glasno i iskreno kao u onim rijetkim, \u010darobnim \u00a0momentima \u017eivota.<\/p>\n<p>Bojana Mara\u0161<\/p>\n","protected":false},"excerpt":{"rendered":"<p>Da bi pokrenuli inicijativu, morate imati dobar tim <\/p>\n","protected":false},"author":1,"featured_media":37256,"comment_status":"closed","ping_status":"closed","sticky":false,"template":"","format":"standard","meta":{"_acf_changed":false,"footnotes":""},"categories":[283],"tags":[],"class_list":["post-15476","post","type-post","status-publish","format-standard","has-post-thumbnail","hentry","category-novosti-me"],"acf":[],"yoast_head":"<!-- This site is optimized with the Yoast SEO plugin v27.3 - https:\/\/yoast.com\/product\/yoast-seo-wordpress\/ -->\n<title>\u201eGradska jurnjava\u201c Ba\u0161Ti-jevaca - Europe House<\/title>\n<meta name=\"robots\" content=\"index, follow, max-snippet:-1, max-image-preview:large, max-video-preview:-1\" \/>\n<link rel=\"canonical\" href=\"https:\/\/www.evropskakuca.me\/me\/gradska-jurnjava-basti-jevaca\/\" \/>\n<meta property=\"og:locale\" content=\"en_US\" \/>\n<meta property=\"og:type\" content=\"article\" \/>\n<meta property=\"og:title\" content=\"\u201eGradska jurnjava\u201c Ba\u0161Ti-jevaca - Europe House\" \/>\n<meta property=\"og:description\" content=\"Da bi pokrenuli inicijativu, morate imati dobar tim\" \/>\n<meta property=\"og:url\" content=\"https:\/\/www.evropskakuca.me\/me\/gradska-jurnjava-basti-jevaca\/\" \/>\n<meta property=\"og:site_name\" content=\"Europe House\" \/>\n<meta property=\"article:publisher\" content=\"https:\/\/www.facebook.com\/evropska.kuca\" \/>\n<meta property=\"article:published_time\" content=\"2021-09-22T10:53:05+00:00\" \/>\n<meta property=\"og:image\" content=\"https:\/\/www.evropskakuca.me\/wp-content\/uploads\/2021\/09\/Basti-59-1024x683.jpg\" \/>\n\t<meta property=\"og:image:width\" content=\"1024\" \/>\n\t<meta property=\"og:image:height\" content=\"683\" \/>\n\t<meta property=\"og:image:type\" content=\"image\/jpeg\" \/>\n<meta name=\"author\" content=\"mkajic\" \/>\n<meta name=\"twitter:card\" content=\"summary_large_image\" \/>\n<meta name=\"twitter:creator\" content=\"@evropska_kuca\" \/>\n<meta name=\"twitter:site\" content=\"@evropska_kuca\" \/>\n<meta name=\"twitter:label1\" content=\"Written by\" \/>\n\t<meta name=\"twitter:data1\" content=\"mkajic\" \/>\n\t<meta name=\"twitter:label2\" content=\"Est. reading time\" \/>\n\t<meta name=\"twitter:data2\" content=\"5 minutes\" \/>\n<script type=\"application\/ld+json\" class=\"yoast-schema-graph\">{\"@context\":\"https:\\\/\\\/schema.org\",\"@graph\":[{\"@type\":\"Article\",\"@id\":\"https:\\\/\\\/www.evropskakuca.me\\\/me\\\/gradska-jurnjava-basti-jevaca\\\/#article\",\"isPartOf\":{\"@id\":\"https:\\\/\\\/www.evropskakuca.me\\\/me\\\/gradska-jurnjava-basti-jevaca\\\/\"},\"author\":{\"name\":\"mkajic\",\"@id\":\"https:\\\/\\\/www.evropskakuca.me\\\/me\\\/#\\\/schema\\\/person\\\/a1d0dcdaefe4a1cd1d60d200ea137ba4\"},\"headline\":\"\u201eGradska jurnjava\u201c Ba\u0161Ti-jevaca\",\"datePublished\":\"2021-09-22T10:53:05+00:00\",\"mainEntityOfPage\":{\"@id\":\"https:\\\/\\\/www.evropskakuca.me\\\/me\\\/gradska-jurnjava-basti-jevaca\\\/\"},\"wordCount\":1081,\"publisher\":{\"@id\":\"https:\\\/\\\/www.evropskakuca.me\\\/me\\\/#organization\"},\"image\":{\"@id\":\"https:\\\/\\\/www.evropskakuca.me\\\/me\\\/gradska-jurnjava-basti-jevaca\\\/#primaryimage\"},\"thumbnailUrl\":\"https:\\\/\\\/www.evropskakuca.me\\\/wp-content\\\/uploads\\\/2021\\\/09\\\/Basti-59.jpg\",\"articleSection\":[\"Novosti\"],\"inLanguage\":\"me-ME\"},{\"@type\":\"WebPage\",\"@id\":\"https:\\\/\\\/www.evropskakuca.me\\\/me\\\/gradska-jurnjava-basti-jevaca\\\/\",\"url\":\"https:\\\/\\\/www.evropskakuca.me\\\/me\\\/gradska-jurnjava-basti-jevaca\\\/\",\"name\":\"\u201eGradska jurnjava\u201c Ba\u0161Ti-jevaca - Europe House\",\"isPartOf\":{\"@id\":\"https:\\\/\\\/www.evropskakuca.me\\\/me\\\/#website\"},\"primaryImageOfPage\":{\"@id\":\"https:\\\/\\\/www.evropskakuca.me\\\/me\\\/gradska-jurnjava-basti-jevaca\\\/#primaryimage\"},\"image\":{\"@id\":\"https:\\\/\\\/www.evropskakuca.me\\\/me\\\/gradska-jurnjava-basti-jevaca\\\/#primaryimage\"},\"thumbnailUrl\":\"https:\\\/\\\/www.evropskakuca.me\\\/wp-content\\\/uploads\\\/2021\\\/09\\\/Basti-59.jpg\",\"datePublished\":\"2021-09-22T10:53:05+00:00\",\"breadcrumb\":{\"@id\":\"https:\\\/\\\/www.evropskakuca.me\\\/me\\\/gradska-jurnjava-basti-jevaca\\\/#breadcrumb\"},\"inLanguage\":\"me-ME\",\"potentialAction\":[{\"@type\":\"ReadAction\",\"target\":[\"https:\\\/\\\/www.evropskakuca.me\\\/me\\\/gradska-jurnjava-basti-jevaca\\\/\"]}]},{\"@type\":\"ImageObject\",\"inLanguage\":\"me-ME\",\"@id\":\"https:\\\/\\\/www.evropskakuca.me\\\/me\\\/gradska-jurnjava-basti-jevaca\\\/#primaryimage\",\"url\":\"https:\\\/\\\/www.evropskakuca.me\\\/wp-content\\\/uploads\\\/2021\\\/09\\\/Basti-59.jpg\",\"contentUrl\":\"https:\\\/\\\/www.evropskakuca.me\\\/wp-content\\\/uploads\\\/2021\\\/09\\\/Basti-59.jpg\",\"width\":2500,\"height\":1667},{\"@type\":\"BreadcrumbList\",\"@id\":\"https:\\\/\\\/www.evropskakuca.me\\\/me\\\/gradska-jurnjava-basti-jevaca\\\/#breadcrumb\",\"itemListElement\":[{\"@type\":\"ListItem\",\"position\":1,\"name\":\"Home\",\"item\":\"https:\\\/\\\/www.evropskakuca.me\\\/me\\\/\"},{\"@type\":\"ListItem\",\"position\":2,\"name\":\"\u201eGradska jurnjava\u201c Ba\u0161Ti-jevaca\"}]},{\"@type\":\"WebSite\",\"@id\":\"https:\\\/\\\/www.evropskakuca.me\\\/me\\\/#website\",\"url\":\"https:\\\/\\\/www.evropskakuca.me\\\/me\\\/\",\"name\":\"Evropean house\",\"description\":\"\",\"publisher\":{\"@id\":\"https:\\\/\\\/www.evropskakuca.me\\\/me\\\/#organization\"},\"potentialAction\":[{\"@type\":\"SearchAction\",\"target\":{\"@type\":\"EntryPoint\",\"urlTemplate\":\"https:\\\/\\\/www.evropskakuca.me\\\/me\\\/?s={search_term_string}\"},\"query-input\":{\"@type\":\"PropertyValueSpecification\",\"valueRequired\":true,\"valueName\":\"search_term_string\"}}],\"inLanguage\":\"me-ME\"},{\"@type\":\"Organization\",\"@id\":\"https:\\\/\\\/www.evropskakuca.me\\\/me\\\/#organization\",\"name\":\"Evropean house\",\"url\":\"https:\\\/\\\/www.evropskakuca.me\\\/me\\\/\",\"logo\":{\"@type\":\"ImageObject\",\"inLanguage\":\"me-ME\",\"@id\":\"https:\\\/\\\/www.evropskakuca.me\\\/me\\\/#\\\/schema\\\/logo\\\/image\\\/\",\"url\":\"https:\\\/\\\/www.evropskakuca.me\\\/wp-content\\\/uploads\\\/2025\\\/01\\\/evropska-kuca-logo-1.png\",\"contentUrl\":\"https:\\\/\\\/www.evropskakuca.me\\\/wp-content\\\/uploads\\\/2025\\\/01\\\/evropska-kuca-logo-1.png\",\"width\":425,\"height\":312,\"caption\":\"Evropean house\"},\"image\":{\"@id\":\"https:\\\/\\\/www.evropskakuca.me\\\/me\\\/#\\\/schema\\\/logo\\\/image\\\/\"},\"sameAs\":[\"https:\\\/\\\/www.facebook.com\\\/evropska.kuca\",\"https:\\\/\\\/x.com\\\/evropska_kuca\",\"https:\\\/\\\/www.instagram.com\\\/evropska_kuca\"]},{\"@type\":\"Person\",\"@id\":\"https:\\\/\\\/www.evropskakuca.me\\\/me\\\/#\\\/schema\\\/person\\\/a1d0dcdaefe4a1cd1d60d200ea137ba4\",\"name\":\"mkajic\",\"image\":{\"@type\":\"ImageObject\",\"inLanguage\":\"me-ME\",\"@id\":\"https:\\\/\\\/secure.gravatar.com\\\/avatar\\\/731fa035cefab7316e6bafd1f25a93fb731a07de14e2d9923f8db4422628eabc?s=96&d=mm&r=g\",\"url\":\"https:\\\/\\\/secure.gravatar.com\\\/avatar\\\/731fa035cefab7316e6bafd1f25a93fb731a07de14e2d9923f8db4422628eabc?s=96&d=mm&r=g\",\"contentUrl\":\"https:\\\/\\\/secure.gravatar.com\\\/avatar\\\/731fa035cefab7316e6bafd1f25a93fb731a07de14e2d9923f8db4422628eabc?s=96&d=mm&r=g\",\"caption\":\"mkajic\"},\"sameAs\":[\"https:\\\/\\\/evropskakuca.me\"],\"url\":\"https:\\\/\\\/www.evropskakuca.me\\\/me\\\/author\\\/mkajic\\\/\"}]}<\/script>\n<!-- \/ Yoast SEO plugin. -->","yoast_head_json":{"title":"\u201eGradska jurnjava\u201c Ba\u0161Ti-jevaca - Europe House","robots":{"index":"index","follow":"follow","max-snippet":"max-snippet:-1","max-image-preview":"max-image-preview:large","max-video-preview":"max-video-preview:-1"},"canonical":"https:\/\/www.evropskakuca.me\/me\/gradska-jurnjava-basti-jevaca\/","og_locale":"en_US","og_type":"article","og_title":"\u201eGradska jurnjava\u201c Ba\u0161Ti-jevaca - Europe House","og_description":"Da bi pokrenuli inicijativu, morate imati dobar tim","og_url":"https:\/\/www.evropskakuca.me\/me\/gradska-jurnjava-basti-jevaca\/","og_site_name":"Europe House","article_publisher":"https:\/\/www.facebook.com\/evropska.kuca","article_published_time":"2021-09-22T10:53:05+00:00","og_image":[{"width":1024,"height":683,"url":"https:\/\/www.evropskakuca.me\/wp-content\/uploads\/2021\/09\/Basti-59-1024x683.jpg","type":"image\/jpeg"}],"author":"mkajic","twitter_card":"summary_large_image","twitter_creator":"@evropska_kuca","twitter_site":"@evropska_kuca","twitter_misc":{"Written by":"mkajic","Est. reading time":"5 minutes"},"schema":{"@context":"https:\/\/schema.org","@graph":[{"@type":"Article","@id":"https:\/\/www.evropskakuca.me\/me\/gradska-jurnjava-basti-jevaca\/#article","isPartOf":{"@id":"https:\/\/www.evropskakuca.me\/me\/gradska-jurnjava-basti-jevaca\/"},"author":{"name":"mkajic","@id":"https:\/\/www.evropskakuca.me\/me\/#\/schema\/person\/a1d0dcdaefe4a1cd1d60d200ea137ba4"},"headline":"\u201eGradska jurnjava\u201c Ba\u0161Ti-jevaca","datePublished":"2021-09-22T10:53:05+00:00","mainEntityOfPage":{"@id":"https:\/\/www.evropskakuca.me\/me\/gradska-jurnjava-basti-jevaca\/"},"wordCount":1081,"publisher":{"@id":"https:\/\/www.evropskakuca.me\/me\/#organization"},"image":{"@id":"https:\/\/www.evropskakuca.me\/me\/gradska-jurnjava-basti-jevaca\/#primaryimage"},"thumbnailUrl":"https:\/\/www.evropskakuca.me\/wp-content\/uploads\/2021\/09\/Basti-59.jpg","articleSection":["Novosti"],"inLanguage":"me-ME"},{"@type":"WebPage","@id":"https:\/\/www.evropskakuca.me\/me\/gradska-jurnjava-basti-jevaca\/","url":"https:\/\/www.evropskakuca.me\/me\/gradska-jurnjava-basti-jevaca\/","name":"\u201eGradska jurnjava\u201c Ba\u0161Ti-jevaca - Europe House","isPartOf":{"@id":"https:\/\/www.evropskakuca.me\/me\/#website"},"primaryImageOfPage":{"@id":"https:\/\/www.evropskakuca.me\/me\/gradska-jurnjava-basti-jevaca\/#primaryimage"},"image":{"@id":"https:\/\/www.evropskakuca.me\/me\/gradska-jurnjava-basti-jevaca\/#primaryimage"},"thumbnailUrl":"https:\/\/www.evropskakuca.me\/wp-content\/uploads\/2021\/09\/Basti-59.jpg","datePublished":"2021-09-22T10:53:05+00:00","breadcrumb":{"@id":"https:\/\/www.evropskakuca.me\/me\/gradska-jurnjava-basti-jevaca\/#breadcrumb"},"inLanguage":"me-ME","potentialAction":[{"@type":"ReadAction","target":["https:\/\/www.evropskakuca.me\/me\/gradska-jurnjava-basti-jevaca\/"]}]},{"@type":"ImageObject","inLanguage":"me-ME","@id":"https:\/\/www.evropskakuca.me\/me\/gradska-jurnjava-basti-jevaca\/#primaryimage","url":"https:\/\/www.evropskakuca.me\/wp-content\/uploads\/2021\/09\/Basti-59.jpg","contentUrl":"https:\/\/www.evropskakuca.me\/wp-content\/uploads\/2021\/09\/Basti-59.jpg","width":2500,"height":1667},{"@type":"BreadcrumbList","@id":"https:\/\/www.evropskakuca.me\/me\/gradska-jurnjava-basti-jevaca\/#breadcrumb","itemListElement":[{"@type":"ListItem","position":1,"name":"Home","item":"https:\/\/www.evropskakuca.me\/me\/"},{"@type":"ListItem","position":2,"name":"\u201eGradska jurnjava\u201c Ba\u0161Ti-jevaca"}]},{"@type":"WebSite","@id":"https:\/\/www.evropskakuca.me\/me\/#website","url":"https:\/\/www.evropskakuca.me\/me\/","name":"Evropean house","description":"","publisher":{"@id":"https:\/\/www.evropskakuca.me\/me\/#organization"},"potentialAction":[{"@type":"SearchAction","target":{"@type":"EntryPoint","urlTemplate":"https:\/\/www.evropskakuca.me\/me\/?s={search_term_string}"},"query-input":{"@type":"PropertyValueSpecification","valueRequired":true,"valueName":"search_term_string"}}],"inLanguage":"me-ME"},{"@type":"Organization","@id":"https:\/\/www.evropskakuca.me\/me\/#organization","name":"Evropean house","url":"https:\/\/www.evropskakuca.me\/me\/","logo":{"@type":"ImageObject","inLanguage":"me-ME","@id":"https:\/\/www.evropskakuca.me\/me\/#\/schema\/logo\/image\/","url":"https:\/\/www.evropskakuca.me\/wp-content\/uploads\/2025\/01\/evropska-kuca-logo-1.png","contentUrl":"https:\/\/www.evropskakuca.me\/wp-content\/uploads\/2025\/01\/evropska-kuca-logo-1.png","width":425,"height":312,"caption":"Evropean house"},"image":{"@id":"https:\/\/www.evropskakuca.me\/me\/#\/schema\/logo\/image\/"},"sameAs":["https:\/\/www.facebook.com\/evropska.kuca","https:\/\/x.com\/evropska_kuca","https:\/\/www.instagram.com\/evropska_kuca"]},{"@type":"Person","@id":"https:\/\/www.evropskakuca.me\/me\/#\/schema\/person\/a1d0dcdaefe4a1cd1d60d200ea137ba4","name":"mkajic","image":{"@type":"ImageObject","inLanguage":"me-ME","@id":"https:\/\/secure.gravatar.com\/avatar\/731fa035cefab7316e6bafd1f25a93fb731a07de14e2d9923f8db4422628eabc?s=96&d=mm&r=g","url":"https:\/\/secure.gravatar.com\/avatar\/731fa035cefab7316e6bafd1f25a93fb731a07de14e2d9923f8db4422628eabc?s=96&d=mm&r=g","contentUrl":"https:\/\/secure.gravatar.com\/avatar\/731fa035cefab7316e6bafd1f25a93fb731a07de14e2d9923f8db4422628eabc?s=96&d=mm&r=g","caption":"mkajic"},"sameAs":["https:\/\/evropskakuca.me"],"url":"https:\/\/www.evropskakuca.me\/me\/author\/mkajic\/"}]}},"_links":{"self":[{"href":"https:\/\/www.evropskakuca.me\/me\/wp-json\/wp\/v2\/posts\/15476","targetHints":{"allow":["GET"]}}],"collection":[{"href":"https:\/\/www.evropskakuca.me\/me\/wp-json\/wp\/v2\/posts"}],"about":[{"href":"https:\/\/www.evropskakuca.me\/me\/wp-json\/wp\/v2\/types\/post"}],"author":[{"embeddable":true,"href":"https:\/\/www.evropskakuca.me\/me\/wp-json\/wp\/v2\/users\/1"}],"replies":[{"embeddable":true,"href":"https:\/\/www.evropskakuca.me\/me\/wp-json\/wp\/v2\/comments?post=15476"}],"version-history":[{"count":0,"href":"https:\/\/www.evropskakuca.me\/me\/wp-json\/wp\/v2\/posts\/15476\/revisions"}],"wp:featuredmedia":[{"embeddable":true,"href":"https:\/\/www.evropskakuca.me\/me\/wp-json\/wp\/v2\/media\/37256"}],"wp:attachment":[{"href":"https:\/\/www.evropskakuca.me\/me\/wp-json\/wp\/v2\/media?parent=15476"}],"wp:term":[{"taxonomy":"category","embeddable":true,"href":"https:\/\/www.evropskakuca.me\/me\/wp-json\/wp\/v2\/categories?post=15476"},{"taxonomy":"post_tag","embeddable":true,"href":"https:\/\/www.evropskakuca.me\/me\/wp-json\/wp\/v2\/tags?post=15476"}],"curies":[{"name":"wp","href":"https:\/\/api.w.org\/{rel}","templated":true}]}}