{"id":15030,"date":"2019-09-23T11:06:44","date_gmt":"2019-09-23T11:06:44","guid":{"rendered":"http:\/\/www.evropskakuca.me\/?p=15030"},"modified":"2019-09-23T11:06:44","modified_gmt":"2019-09-23T11:06:44","slug":"evropska-unija-u-crnoj-gori-je-jesenje-mjesece-2019-godine-posvetila-zastiti-zivotne-sredine","status":"publish","type":"post","link":"https:\/\/www.evropskakuca.me\/me\/evropska-unija-u-crnoj-gori-je-jesenje-mjesece-2019-godine-posvetila-zastiti-zivotne-sredine\/","title":{"rendered":"Evropska unija u Crnoj Gori je jesenje mjesece 2019. godine posvetila za\u0161titi \u017eivotne sredine"},"content":{"rendered":"<p><strong>KAMPANJA ZA ZA\u0160TITU \u017dIVOTNE SREDINE 2019: \u201eBUDI PRIMJER. UKLJU\u010cI SE!\u201c<\/strong><\/p>\n<p>Tokom septembra, oktobra i novembra 2019. godine, Delegacija Evropske unije u Crnoj Gori i EU info centar, u saradnji sa brojnim partnerima, organizovali su niz interaktivnih predavanja, javnih doga\u0111aja i medijsku kampanju na teme za\u0161tite \u017eivotne sredine, klimatskih promjena, urbane mobilnosti i za\u0161tite ptica. Ovi doga\u0111aji su okupili gotovo 1.000 mladih, djece i stanovni\u0161tva u ciljanim podru\u010djima; predstavnika nevladinih organizacija, vladinih tijela za za\u0161titu \u017eivotne sredine i op\u0161tina.<\/p>\n<p>U okviru opse\u017ene medijske kampanje pod nazivom \u201eBudi primjer. Uklju\u010di se!\u201c, gra\u0111ani su pozvani da se uklju\u010de i doprinesu \u010distijoj okolini recikliranjem, sa\u0111enjem drve\u0107a ili \u010di\u0161\u0107enjem javnih povr\u0161ina. Promoteri (\u201elica\u201c) kampanje bili su pojedinci koji sopstvenim primjerom pokazuju da je za\u0161tita okoline stvar izbora i da svako mo\u017ee da pru\u017ei primjer i uklju\u010di se. Oni su Aleksandar Novovi\u0107 i Kristina \u017dugi\u0107, osniva\u010di nevladine organizacije \u201eEco Logic\u201c i promoteri sadnje i po\u0161umljavanja u urbanim podru\u010djima; rukometa\u0161ica predana recikla\u017ei Milena Rai\u010devi\u0107; i Milica Boca, ekolo\u0161ka aktivistkinja iz primorskog grada Herceg Novog \u010diji moto je: \u201eNe\u0107u stati dok ne o\u010distim cijelu Crnu Goru\u201c.<\/p>\n<p>Kampanja je dokazala da svako od nas pojedina\u010dno mo\u017ee bez mnogo napora doprinijeti za\u0161titi \u017eivotne sredine. Rezultati su pokazali da se vi\u0161e od polovine crnogorskog stanovni\u0161tva interesuje za dru\u017eenje s prirodom, i da imaju volju za promjenom sebe i svojih navika. Najmla\u0111i su bili najbolji u tome.<\/p>\n<p>Uticajni mladi ljudi su odabrani za kampanju onlajn, koji su ve\u0107 uklju\u010dili \u201ezelene\u201c principe u svoj \u017eivot; oni su motivisali mnoge da se pridru\u017ee. Oni su Zoran Markovi\u0107 Zonjo, Ignjat Kotlaja, Sandra Mitrovi\u0107, An\u0111ela \u0110ura\u0161kovi\u0107, Tja\u0161a Deu, Sr\u0111an Ivanovi\u0107 i Milivoje Krivokapi\u0107.<\/p>\n<p><strong>Zanimljive \u010dinjenice<\/strong><\/p>\n<ul>\n<li>Doseg dru\u0161tvenih medija tokom kampanje \u201eBudi primjer. Uklju\u010di se!\u201c bio je gotovo polovina stanovni\u0161tva Crne Gore (281,607).<\/li>\n<li>Vi\u0161e od 560 volontera o\u010distilo je 15 lokacija na obalama jezera, rijeka i mora u 11 crnogorskih op\u0161tina u samo par dana. Sakupili su 5.9 tona otpada.<\/li>\n<li>Zajedno sa partnerima zasadili smo ili donirali blizu 100 sadnica drve\u0107a.<\/li>\n<\/ul>\n<p>&nbsp;<\/p>\n<h3><strong>Pogledajte kako je izgledala medijska kampanja:<\/strong><\/h3>\n<p><em>7-minutni video o recikliranju<\/em><\/p>\n<div class=\"fluid-width-video-wrapper\"><iframe id=\"fitvid0\" title=\"Milena Raicevic: I recycle to protect the environment CAMPAIGN \u2018SET AN EXAMPLE. JOIN IN!\u2019\" src=\"https:\/\/www.youtube.com\/embed\/-7HoF9siTKc?feature=oembed\" frameborder=\"0\" allowfullscreen=\"allowfullscreen\" data-mce-fragment=\"1\"><\/iframe><\/div>\n<p><em>Promotivni video u trajanju od 20 sekundi o \u201elicima\u201c kampanje<\/em><\/p>\n<div class=\"fluid-width-video-wrapper\"><iframe id=\"fitvid1\" title=\"Kampanja 'Budi primjer. Uklju\u010di se!'\" src=\"https:\/\/www.youtube.com\/embed\/T2Vbmh5niMc?feature=oembed\" frameborder=\"0\" allowfullscreen=\"allowfullscreen\" data-mce-fragment=\"1\"><\/iframe><\/div>\n<p><em>Dvominutni video o Evropskom danu \u010di\u0161\u0107enja obala u Crnoj Gori<\/em><\/p>\n<div class=\"fluid-width-video-wrapper\"><iframe id=\"fitvid2\" title=\"Me\u0111unarodni dan \u010di\u0161\u0107enja obala 2019\" src=\"https:\/\/www.youtube.com\/embed\/2PCFY4W9WqA?feature=oembed\" frameborder=\"0\" allowfullscreen=\"allowfullscreen\" data-mce-fragment=\"1\"><\/iframe><\/div>\n<p>&nbsp;<\/p>\n<h3><strong>Pro\u010ditajte na\u0161e pri\u010de o \u201elicima\u201c kampanje:<\/strong><\/h3>\n<p><a href=\"http:\/\/www.evropskakuca.me\/me\/milena-raicevic-recikliram-jer-tako-cuvam-prirodu\/\" target=\"_blank\" rel=\"noopener noreferrer\"><strong>Milena Rai\u010devi\u0107: Recikliram, jer tako \u010duvam prirodu<\/strong><\/a><\/p>\n<p><a href=\"http:\/\/www.evropskakuca.me\/me\/milena-raicevic-svoj-otpad-odnosi-na-reciklazu\/\"><strong>Milena Rai\u010devi\u0107 svoj otpad odnosi na recikla\u017eu<\/strong><\/a><\/p>\n<p><a href=\"http:\/\/www.evropskakuca.me\/me\/aleksandrovih-i-kristininih-sto-hrastova-godisnje\/\"><strong>Aleksandrovih i Kristininih sto hrastova godi\u0161nje<\/strong><\/a><\/p>\n<p><a href=\"http:\/\/www.evropskakuca.me\/me\/necu-stati-dok-ne-ocistim-crnu-goru\/\"><strong>Ne\u0107u stati dok ne o\u010distim Crnu Goru<\/strong><\/a><\/p>\n<p>&nbsp;<\/p>\n<h3><strong>Program<\/strong><\/h3>\n<p><em>Septembar \u2013 Decembar<\/em><\/p>\n<p><a href=\"http:\/\/www.evropskakuca.me\/me\/evropska-unija-u-crnoj-gori-jesenje-mjesece-posvecuje-zastiti-zivotne-sredine\/\">MEDIJSKA KAMPANJA \u201eBUDI PRIMJER. UKLJU\u010cI SE\u201c<\/a><\/p>\n<p>&nbsp;<\/p>\n<p><em>17. septembar<\/em><\/p>\n<p><strong>RADIONICA: PRIPREMA ZA EVROPSKI DAN \u010cI\u0160\u0106ENJA OBALA I REVIZIJU OTPADA 2019. GODINE<\/strong><\/p>\n<p>NVO Zero Waste Montenegro, NVO Na\u0161a akcija, EU info centar<\/p>\n<p>&nbsp;<\/p>\n<p><em>20. septembar<\/em><\/p>\n<p><strong>DEBATA \u2018BEZBJEDNOST U SAOBRA\u0106AJU\u2019<\/strong><\/p>\n<p>NV\u041e Biciklo.me, Glavni grad, Ministarstvo unutra\u0161njih poslova, Ministarstvo saobra\u0107aja i pomorstva<\/p>\n<p>&nbsp;<\/p>\n<p><em>21. septembar<\/em><\/p>\n<p><a href=\"http:\/\/www.evropskakuca.me\/me\/halaceva-svako-mora-dati-svoj-doprinos\/\"><strong>EVROPSKI DAN \u010cI\u0160\u0106ENJA OBALA 2019 U CRNOJ GORI<\/strong><\/a><\/p>\n<p>Delegacija EU u Crnoj Gori, NVO Zero Waste Montenegro, NVO Na\u0161a akcija, NVO Ozon, EU info centar<\/p>\n<p>&nbsp;<\/p>\n<p><em>23. septembar<\/em><\/p>\n<p><a href=\"http:\/\/www.evropskakuca.me\/me\/kako-bezbjedno-voziti-biciklo\/\"><strong>RADIONICA O BICIKLIZMU<\/strong><\/a><\/p>\n<p>NVO Biciklo.me, Osnovna \u0161kola \u2019Savo Pejanovi\u0107\u2019, EU info centar<\/p>\n<p>&nbsp;<\/p>\n<p><em>25. septembar<\/em><\/p>\n<p><strong>KONFERENCIJA \u2018PUTOVANJE KROZ GENERACIJE-ULCINJSKA SOLANA: \u010cUVAJMO LOKALNO!\u2019<\/strong><\/p>\n<p>NVO Centar za gra\u0111ansko obrazovanje<\/p>\n<p>&nbsp;<\/p>\n<p><em>30. septembar<\/em><\/p>\n<p><a href=\"http:\/\/www.evropskakuca.me\/me\/rezultati-ovogodisnjeg-evropskog-dana-ciscenja-obala-u-crnoj-gori\/\"><strong>KONFERENCIJA ZA MEDIJE: EVROPSKI DAN \u010cI\u0160\u0106ENJA OBALA U CRNOJ GORI \u2013 PREDSTAVLJANJE REZULTATA<\/strong><\/a><\/p>\n<p>NVO Zero Waste Montenegro, NVO Na\u0161a akcija, EU info centar<\/p>\n<p>&nbsp;<\/p>\n<p><strong><a href=\"http:\/\/www.evropskakuca.me\/wp-content\/uploads\/2020\/01\/WASTE-AUDIT-REPORT-MONTENEGRO-2019.pdf\">WASTE AUDIT REPORT MONTENEGRO 2019<\/a><\/strong><\/p>\n<p>&nbsp;<\/p>\n<p><em>4. oktobar<\/em><\/p>\n<p><strong><a href=\"http:\/\/www.evropskakuca.me\/me\/interaktivno-predavanje-klimatske-promjene-i-mladi-odrzano-u-eu-info-centru\/\">INTERAKTIVNO PREDAVANJE \u2018MLADI I KLIMATSKE PROMJENE U CRNOJ GORI\u2019<\/a><\/strong><\/p>\n<p>EU info centar<\/p>\n<p>&nbsp;<\/p>\n<p><em>31. oktobar<\/em><\/p>\n<p><a href=\"http:\/\/www.evropskakuca.me\/me\/novo-drvece-posadeno-u-danilovgradskoj-gimanaziji-uz-podrsku-delegacije-eu\/\"><strong>KOMPANIJA \u201ePOBJEDA\u201c I SREDNJA \u0160KOLA U DANILOVGRADU ZAJEDNO SADE DRVE\u0106E U \u010cAST SVOJIH JUBILEJA<\/strong><\/a><\/p>\n<p>Kompanija \u201ePobjeda\u201c, Op\u0161tina Danilovgrad i EU info centar<\/p>\n<p>&nbsp;<\/p>\n<p><em>7. novembar<\/em><\/p>\n<p><strong><a href=\"http:\/\/www.evropskakuca.me\/me\/djeca-ucila-da-recikliraju-sa-rukometasicom-milenom-raicevic\/\">RADIONICA O RECIKLA\u017dI ZA U\u010cENIKE OSNOVNIH \u0160KOLA U SARADNJI SA D.O.O. \u201e\u010cISTO\u0106A\u201c PODGORICA<\/a><\/strong><\/p>\n<p>EU info centar<\/p>\n<p>&nbsp;<\/p>\n<p><em>23. novembar<\/em><\/p>\n<p><a href=\"http:\/\/www.evropskakuca.me\/me\/ociscena-plaza-u-igalu\/\"><strong>\u010cI\u0160\u0106ENJE PLA\u017dE U IGALU U OKVIRU KAMPANJE \u201eBUDI PRIMJER. UKLJU\u010cI SE!\u201c<\/strong><\/a><\/p>\n<p>EU info centar<\/p>\n<p>&nbsp;<\/p>\n<p><em>4. decembar<\/em><\/p>\n<p><a href=\"http:\/\/www.evropskakuca.me\/me\/predstavljen-prirucnik-pomoc-pticama-stapom-i-kanapom-bjanke-prakljacic\/\"><strong>PREDSTAVLJANJE PRIRU\u010cNIKA \u201cPOMO\u0106 PTICAMA \u0160TAPOM I KANAPOM\u201d Bjanke Praklja\u010di\u0107<\/strong><\/a><\/p>\n<p>EU info centar<\/p>\n<p>&nbsp;<\/p>\n<p><em>18. decembar<\/em><\/p>\n<p><a href=\"http:\/\/www.evropskakuca.me\/me\/dodjeljene-nagrade-u-okviru-eko-kampanje-budi-primjer-ukljuci-se\/\"><strong>ZAVR\u0160ETAK KAMPANJE \u201eBUDI PRIMJER. UKLJU\u010cI SE!\u201c: DODJELA NAGRADA<\/strong><\/a><\/p>\n<p>EU info centar<\/p>\n<p>&nbsp;<\/p>\n<h4>Prate\u0107i tekstovi:<\/h4>\n<p><a href=\"http:\/\/www.evropskakuca.me\/me\/dodjeljene-nagrade-u-okviru-eko-kampanje-budi-primjer-ukljuci-se\/\">Dodjeljene nagrade u okviru eko kampanje \u201dBudi primjer. Uklju\u010di se!\u201d<\/a><\/p>\n<p><a href=\"http:\/\/www.evropskakuca.me\/me\/necu-stati-dok-ne-ocistim-crnu-goru\/\">Ne\u0107u stati dok ne o\u010distim Crnu Goru<\/a><\/p>\n<p><a href=\"http:\/\/www.evropskakuca.me\/me\/milena-raicevic-svoj-otpad-odnosi-na-reciklazu\/\">Milena Rai\u010devi\u0107 svoj otpad odnosi na recikla\u017eu<\/a><\/p>\n<p><a href=\"http:\/\/www.evropskakuca.me\/me\/milena-raicevic-recikliram-jer-tako-cuvam-prirodu\/\">Milena Rai\u010devi\u0107: Recikliram, jer tako \u010duvam prirodu<\/a><\/p>\n<p><a href=\"http:\/\/www.evropskakuca.me\/me\/djeca-ucila-da-recikliraju-sa-rukometasicom-milenom-raicevic\/\">Djeca u\u010dila da recikliraju sa rukometa\u0161icom Milenom Rai\u010devi\u0107<\/a><\/p>\n<p><a href=\"http:\/\/www.evropskakuca.me\/me\/aleksandrovih-i-kristininih-sto-hrastova-godisnje\/\">Aleksandrovih i Kristininih sto hrastova godi\u0161nje<\/a><\/p>\n<p><a href=\"http:\/\/www.evropskakuca.me\/me\/interaktivno-predavanje-klimatske-promjene-i-mladi-odrzano-u-eu-info-centru\/\">Interaktivno predavanje \u201cKlimatske promjene i mladi\u201d odr\u017eano u EU info centru<\/a><\/p>\n<p><a href=\"http:\/\/www.evropskakuca.me\/me\/novo-drvece-posadeno-u-danilovgradskoj-gimanaziji-uz-podrsku-delegacije-eu\/\">Novo drve\u0107e posa\u0111eno u danilovgradskoj gimnaziji uz podr\u0161ku Delegacije EU<\/a><\/p>\n<p><a href=\"http:\/\/www.evropskakuca.me\/me\/ociscena-plaza-u-igalu\/\">O\u010di\u0161\u0107ena pla\u017ea u Igalu<\/a><\/p>\n<p><a href=\"http:\/\/www.evropskakuca.me\/me\/evropska-unija-u-crnoj-gori-obiljezila-dan-zastite-zivotne-sredine-u-danilovgradu\/\">Evropska unija u Crnoj Gori obilje\u017eila Dan za\u0161tite \u017eivotne sredine u Danilovgradu<\/a><\/p>\n","protected":false},"excerpt":{"rendered":"<p>KAMPANJA ZA ZA\u0160TITU \u017dIVOTNE SREDINE 2019: \u201eBUDI PRIMJER. UKLJU\u010cI SE!\u201c Tokom septembra, oktobra i novembra 2019. godine, Delegacija Evropske unije u Crnoj Gori i EU info centar, u saradnji sa brojnim partnerima, organizovali su niz interaktivnih predavanja, javnih doga\u0111aja i medijsku kampanju na teme za\u0161tite \u017eivotne sredine, klimatskih promjena, urbane mobilnosti i za\u0161tite ptica. Ovi [&hellip;]<\/p>\n","protected":false},"author":1,"featured_media":34549,"comment_status":"closed","ping_status":"closed","sticky":false,"template":"","format":"standard","meta":{"_acf_changed":false,"footnotes":""},"categories":[285],"tags":[],"class_list":["post-15030","post","type-post","status-publish","format-standard","has-post-thumbnail","hentry","category-kampanje-i-eventi"],"acf":[],"yoast_head":"<!-- This site is optimized with the Yoast SEO plugin v27.3 - https:\/\/yoast.com\/product\/yoast-seo-wordpress\/ -->\n<title>Evropska unija u Crnoj Gori je jesenje mjesece 2019. godine posvetila za\u0161titi \u017eivotne sredine - Europe House<\/title>\n<meta name=\"robots\" content=\"index, follow, max-snippet:-1, max-image-preview:large, max-video-preview:-1\" \/>\n<link rel=\"canonical\" href=\"https:\/\/www.evropskakuca.me\/me\/evropska-unija-u-crnoj-gori-je-jesenje-mjesece-2019-godine-posvetila-zastiti-zivotne-sredine\/\" \/>\n<meta property=\"og:locale\" content=\"en_US\" \/>\n<meta property=\"og:type\" content=\"article\" \/>\n<meta property=\"og:title\" content=\"Evropska unija u Crnoj Gori je jesenje mjesece 2019. godine posvetila za\u0161titi \u017eivotne sredine - Europe House\" \/>\n<meta property=\"og:description\" content=\"KAMPANJA ZA ZA\u0160TITU \u017dIVOTNE SREDINE 2019: \u201eBUDI PRIMJER. UKLJU\u010cI SE!\u201c Tokom septembra, oktobra i novembra 2019. godine, Delegacija Evropske unije u Crnoj Gori i EU info centar, u saradnji sa brojnim partnerima, organizovali su niz interaktivnih predavanja, javnih doga\u0111aja i medijsku kampanju na teme za\u0161tite \u017eivotne sredine, klimatskih promjena, urbane mobilnosti i za\u0161tite ptica. Ovi [&hellip;]\" \/>\n<meta property=\"og:url\" content=\"https:\/\/www.evropskakuca.me\/me\/evropska-unija-u-crnoj-gori-je-jesenje-mjesece-2019-godine-posvetila-zastiti-zivotne-sredine\/\" \/>\n<meta property=\"og:site_name\" content=\"Europe House\" \/>\n<meta property=\"article:publisher\" content=\"https:\/\/www.facebook.com\/evropska.kuca\" \/>\n<meta property=\"article:published_time\" content=\"2019-09-23T11:06:44+00:00\" \/>\n<meta property=\"og:image\" content=\"https:\/\/www.evropskakuca.me\/wp-content\/uploads\/2019\/09\/budi-primjer-dodjela-7.jpg\" \/>\n\t<meta property=\"og:image:width\" content=\"2560\" \/>\n\t<meta property=\"og:image:height\" content=\"1707\" \/>\n\t<meta property=\"og:image:type\" content=\"image\/jpeg\" \/>\n<meta name=\"author\" content=\"mkajic\" \/>\n<meta name=\"twitter:card\" content=\"summary_large_image\" \/>\n<meta name=\"twitter:creator\" content=\"@evropska_kuca\" \/>\n<meta name=\"twitter:site\" content=\"@evropska_kuca\" \/>\n<meta name=\"twitter:label1\" content=\"Written by\" \/>\n\t<meta name=\"twitter:data1\" content=\"mkajic\" \/>\n\t<meta name=\"twitter:label2\" content=\"Est. reading time\" \/>\n\t<meta name=\"twitter:data2\" content=\"4 minutes\" \/>\n<script type=\"application\/ld+json\" class=\"yoast-schema-graph\">{\"@context\":\"https:\\\/\\\/schema.org\",\"@graph\":[{\"@type\":\"Article\",\"@id\":\"https:\\\/\\\/www.evropskakuca.me\\\/me\\\/evropska-unija-u-crnoj-gori-je-jesenje-mjesece-2019-godine-posvetila-zastiti-zivotne-sredine\\\/#article\",\"isPartOf\":{\"@id\":\"https:\\\/\\\/www.evropskakuca.me\\\/me\\\/evropska-unija-u-crnoj-gori-je-jesenje-mjesece-2019-godine-posvetila-zastiti-zivotne-sredine\\\/\"},\"author\":{\"name\":\"mkajic\",\"@id\":\"https:\\\/\\\/www.evropskakuca.me\\\/me\\\/#\\\/schema\\\/person\\\/a1d0dcdaefe4a1cd1d60d200ea137ba4\"},\"headline\":\"Evropska unija u Crnoj Gori je jesenje mjesece 2019. godine posvetila za\u0161titi \u017eivotne sredine\",\"datePublished\":\"2019-09-23T11:06:44+00:00\",\"mainEntityOfPage\":{\"@id\":\"https:\\\/\\\/www.evropskakuca.me\\\/me\\\/evropska-unija-u-crnoj-gori-je-jesenje-mjesece-2019-godine-posvetila-zastiti-zivotne-sredine\\\/\"},\"wordCount\":835,\"publisher\":{\"@id\":\"https:\\\/\\\/www.evropskakuca.me\\\/me\\\/#organization\"},\"image\":{\"@id\":\"https:\\\/\\\/www.evropskakuca.me\\\/me\\\/evropska-unija-u-crnoj-gori-je-jesenje-mjesece-2019-godine-posvetila-zastiti-zivotne-sredine\\\/#primaryimage\"},\"thumbnailUrl\":\"https:\\\/\\\/www.evropskakuca.me\\\/wp-content\\\/uploads\\\/2019\\\/09\\\/budi-primjer-dodjela-7.jpg\",\"articleSection\":[\"Kampanje i eventi\"],\"inLanguage\":\"me-ME\"},{\"@type\":\"WebPage\",\"@id\":\"https:\\\/\\\/www.evropskakuca.me\\\/me\\\/evropska-unija-u-crnoj-gori-je-jesenje-mjesece-2019-godine-posvetila-zastiti-zivotne-sredine\\\/\",\"url\":\"https:\\\/\\\/www.evropskakuca.me\\\/me\\\/evropska-unija-u-crnoj-gori-je-jesenje-mjesece-2019-godine-posvetila-zastiti-zivotne-sredine\\\/\",\"name\":\"Evropska unija u Crnoj Gori je jesenje mjesece 2019. godine posvetila za\u0161titi \u017eivotne sredine - Europe House\",\"isPartOf\":{\"@id\":\"https:\\\/\\\/www.evropskakuca.me\\\/me\\\/#website\"},\"primaryImageOfPage\":{\"@id\":\"https:\\\/\\\/www.evropskakuca.me\\\/me\\\/evropska-unija-u-crnoj-gori-je-jesenje-mjesece-2019-godine-posvetila-zastiti-zivotne-sredine\\\/#primaryimage\"},\"image\":{\"@id\":\"https:\\\/\\\/www.evropskakuca.me\\\/me\\\/evropska-unija-u-crnoj-gori-je-jesenje-mjesece-2019-godine-posvetila-zastiti-zivotne-sredine\\\/#primaryimage\"},\"thumbnailUrl\":\"https:\\\/\\\/www.evropskakuca.me\\\/wp-content\\\/uploads\\\/2019\\\/09\\\/budi-primjer-dodjela-7.jpg\",\"datePublished\":\"2019-09-23T11:06:44+00:00\",\"breadcrumb\":{\"@id\":\"https:\\\/\\\/www.evropskakuca.me\\\/me\\\/evropska-unija-u-crnoj-gori-je-jesenje-mjesece-2019-godine-posvetila-zastiti-zivotne-sredine\\\/#breadcrumb\"},\"inLanguage\":\"me-ME\",\"potentialAction\":[{\"@type\":\"ReadAction\",\"target\":[\"https:\\\/\\\/www.evropskakuca.me\\\/me\\\/evropska-unija-u-crnoj-gori-je-jesenje-mjesece-2019-godine-posvetila-zastiti-zivotne-sredine\\\/\"]}]},{\"@type\":\"ImageObject\",\"inLanguage\":\"me-ME\",\"@id\":\"https:\\\/\\\/www.evropskakuca.me\\\/me\\\/evropska-unija-u-crnoj-gori-je-jesenje-mjesece-2019-godine-posvetila-zastiti-zivotne-sredine\\\/#primaryimage\",\"url\":\"https:\\\/\\\/www.evropskakuca.me\\\/wp-content\\\/uploads\\\/2019\\\/09\\\/budi-primjer-dodjela-7.jpg\",\"contentUrl\":\"https:\\\/\\\/www.evropskakuca.me\\\/wp-content\\\/uploads\\\/2019\\\/09\\\/budi-primjer-dodjela-7.jpg\",\"width\":2560,\"height\":1707},{\"@type\":\"BreadcrumbList\",\"@id\":\"https:\\\/\\\/www.evropskakuca.me\\\/me\\\/evropska-unija-u-crnoj-gori-je-jesenje-mjesece-2019-godine-posvetila-zastiti-zivotne-sredine\\\/#breadcrumb\",\"itemListElement\":[{\"@type\":\"ListItem\",\"position\":1,\"name\":\"Home\",\"item\":\"https:\\\/\\\/www.evropskakuca.me\\\/me\\\/\"},{\"@type\":\"ListItem\",\"position\":2,\"name\":\"Evropska unija u Crnoj Gori je jesenje mjesece 2019. godine posvetila za\u0161titi \u017eivotne sredine\"}]},{\"@type\":\"WebSite\",\"@id\":\"https:\\\/\\\/www.evropskakuca.me\\\/me\\\/#website\",\"url\":\"https:\\\/\\\/www.evropskakuca.me\\\/me\\\/\",\"name\":\"Evropean house\",\"description\":\"\",\"publisher\":{\"@id\":\"https:\\\/\\\/www.evropskakuca.me\\\/me\\\/#organization\"},\"potentialAction\":[{\"@type\":\"SearchAction\",\"target\":{\"@type\":\"EntryPoint\",\"urlTemplate\":\"https:\\\/\\\/www.evropskakuca.me\\\/me\\\/?s={search_term_string}\"},\"query-input\":{\"@type\":\"PropertyValueSpecification\",\"valueRequired\":true,\"valueName\":\"search_term_string\"}}],\"inLanguage\":\"me-ME\"},{\"@type\":\"Organization\",\"@id\":\"https:\\\/\\\/www.evropskakuca.me\\\/me\\\/#organization\",\"name\":\"Evropean house\",\"url\":\"https:\\\/\\\/www.evropskakuca.me\\\/me\\\/\",\"logo\":{\"@type\":\"ImageObject\",\"inLanguage\":\"me-ME\",\"@id\":\"https:\\\/\\\/www.evropskakuca.me\\\/me\\\/#\\\/schema\\\/logo\\\/image\\\/\",\"url\":\"https:\\\/\\\/www.evropskakuca.me\\\/wp-content\\\/uploads\\\/2025\\\/01\\\/evropska-kuca-logo-1.png\",\"contentUrl\":\"https:\\\/\\\/www.evropskakuca.me\\\/wp-content\\\/uploads\\\/2025\\\/01\\\/evropska-kuca-logo-1.png\",\"width\":425,\"height\":312,\"caption\":\"Evropean house\"},\"image\":{\"@id\":\"https:\\\/\\\/www.evropskakuca.me\\\/me\\\/#\\\/schema\\\/logo\\\/image\\\/\"},\"sameAs\":[\"https:\\\/\\\/www.facebook.com\\\/evropska.kuca\",\"https:\\\/\\\/x.com\\\/evropska_kuca\",\"https:\\\/\\\/www.instagram.com\\\/evropska_kuca\"]},{\"@type\":\"Person\",\"@id\":\"https:\\\/\\\/www.evropskakuca.me\\\/me\\\/#\\\/schema\\\/person\\\/a1d0dcdaefe4a1cd1d60d200ea137ba4\",\"name\":\"mkajic\",\"image\":{\"@type\":\"ImageObject\",\"inLanguage\":\"me-ME\",\"@id\":\"https:\\\/\\\/secure.gravatar.com\\\/avatar\\\/731fa035cefab7316e6bafd1f25a93fb731a07de14e2d9923f8db4422628eabc?s=96&d=mm&r=g\",\"url\":\"https:\\\/\\\/secure.gravatar.com\\\/avatar\\\/731fa035cefab7316e6bafd1f25a93fb731a07de14e2d9923f8db4422628eabc?s=96&d=mm&r=g\",\"contentUrl\":\"https:\\\/\\\/secure.gravatar.com\\\/avatar\\\/731fa035cefab7316e6bafd1f25a93fb731a07de14e2d9923f8db4422628eabc?s=96&d=mm&r=g\",\"caption\":\"mkajic\"},\"sameAs\":[\"https:\\\/\\\/evropskakuca.me\"],\"url\":\"https:\\\/\\\/www.evropskakuca.me\\\/me\\\/author\\\/mkajic\\\/\"}]}<\/script>\n<!-- \/ Yoast SEO plugin. -->","yoast_head_json":{"title":"Evropska unija u Crnoj Gori je jesenje mjesece 2019. godine posvetila za\u0161titi \u017eivotne sredine - Europe House","robots":{"index":"index","follow":"follow","max-snippet":"max-snippet:-1","max-image-preview":"max-image-preview:large","max-video-preview":"max-video-preview:-1"},"canonical":"https:\/\/www.evropskakuca.me\/me\/evropska-unija-u-crnoj-gori-je-jesenje-mjesece-2019-godine-posvetila-zastiti-zivotne-sredine\/","og_locale":"en_US","og_type":"article","og_title":"Evropska unija u Crnoj Gori je jesenje mjesece 2019. godine posvetila za\u0161titi \u017eivotne sredine - Europe House","og_description":"KAMPANJA ZA ZA\u0160TITU \u017dIVOTNE SREDINE 2019: \u201eBUDI PRIMJER. UKLJU\u010cI SE!\u201c Tokom septembra, oktobra i novembra 2019. godine, Delegacija Evropske unije u Crnoj Gori i EU info centar, u saradnji sa brojnim partnerima, organizovali su niz interaktivnih predavanja, javnih doga\u0111aja i medijsku kampanju na teme za\u0161tite \u017eivotne sredine, klimatskih promjena, urbane mobilnosti i za\u0161tite ptica. Ovi [&hellip;]","og_url":"https:\/\/www.evropskakuca.me\/me\/evropska-unija-u-crnoj-gori-je-jesenje-mjesece-2019-godine-posvetila-zastiti-zivotne-sredine\/","og_site_name":"Europe House","article_publisher":"https:\/\/www.facebook.com\/evropska.kuca","article_published_time":"2019-09-23T11:06:44+00:00","og_image":[{"width":2560,"height":1707,"url":"https:\/\/www.evropskakuca.me\/wp-content\/uploads\/2019\/09\/budi-primjer-dodjela-7.jpg","type":"image\/jpeg"}],"author":"mkajic","twitter_card":"summary_large_image","twitter_creator":"@evropska_kuca","twitter_site":"@evropska_kuca","twitter_misc":{"Written by":"mkajic","Est. reading time":"4 minutes"},"schema":{"@context":"https:\/\/schema.org","@graph":[{"@type":"Article","@id":"https:\/\/www.evropskakuca.me\/me\/evropska-unija-u-crnoj-gori-je-jesenje-mjesece-2019-godine-posvetila-zastiti-zivotne-sredine\/#article","isPartOf":{"@id":"https:\/\/www.evropskakuca.me\/me\/evropska-unija-u-crnoj-gori-je-jesenje-mjesece-2019-godine-posvetila-zastiti-zivotne-sredine\/"},"author":{"name":"mkajic","@id":"https:\/\/www.evropskakuca.me\/me\/#\/schema\/person\/a1d0dcdaefe4a1cd1d60d200ea137ba4"},"headline":"Evropska unija u Crnoj Gori je jesenje mjesece 2019. godine posvetila za\u0161titi \u017eivotne sredine","datePublished":"2019-09-23T11:06:44+00:00","mainEntityOfPage":{"@id":"https:\/\/www.evropskakuca.me\/me\/evropska-unija-u-crnoj-gori-je-jesenje-mjesece-2019-godine-posvetila-zastiti-zivotne-sredine\/"},"wordCount":835,"publisher":{"@id":"https:\/\/www.evropskakuca.me\/me\/#organization"},"image":{"@id":"https:\/\/www.evropskakuca.me\/me\/evropska-unija-u-crnoj-gori-je-jesenje-mjesece-2019-godine-posvetila-zastiti-zivotne-sredine\/#primaryimage"},"thumbnailUrl":"https:\/\/www.evropskakuca.me\/wp-content\/uploads\/2019\/09\/budi-primjer-dodjela-7.jpg","articleSection":["Kampanje i eventi"],"inLanguage":"me-ME"},{"@type":"WebPage","@id":"https:\/\/www.evropskakuca.me\/me\/evropska-unija-u-crnoj-gori-je-jesenje-mjesece-2019-godine-posvetila-zastiti-zivotne-sredine\/","url":"https:\/\/www.evropskakuca.me\/me\/evropska-unija-u-crnoj-gori-je-jesenje-mjesece-2019-godine-posvetila-zastiti-zivotne-sredine\/","name":"Evropska unija u Crnoj Gori je jesenje mjesece 2019. godine posvetila za\u0161titi \u017eivotne sredine - Europe House","isPartOf":{"@id":"https:\/\/www.evropskakuca.me\/me\/#website"},"primaryImageOfPage":{"@id":"https:\/\/www.evropskakuca.me\/me\/evropska-unija-u-crnoj-gori-je-jesenje-mjesece-2019-godine-posvetila-zastiti-zivotne-sredine\/#primaryimage"},"image":{"@id":"https:\/\/www.evropskakuca.me\/me\/evropska-unija-u-crnoj-gori-je-jesenje-mjesece-2019-godine-posvetila-zastiti-zivotne-sredine\/#primaryimage"},"thumbnailUrl":"https:\/\/www.evropskakuca.me\/wp-content\/uploads\/2019\/09\/budi-primjer-dodjela-7.jpg","datePublished":"2019-09-23T11:06:44+00:00","breadcrumb":{"@id":"https:\/\/www.evropskakuca.me\/me\/evropska-unija-u-crnoj-gori-je-jesenje-mjesece-2019-godine-posvetila-zastiti-zivotne-sredine\/#breadcrumb"},"inLanguage":"me-ME","potentialAction":[{"@type":"ReadAction","target":["https:\/\/www.evropskakuca.me\/me\/evropska-unija-u-crnoj-gori-je-jesenje-mjesece-2019-godine-posvetila-zastiti-zivotne-sredine\/"]}]},{"@type":"ImageObject","inLanguage":"me-ME","@id":"https:\/\/www.evropskakuca.me\/me\/evropska-unija-u-crnoj-gori-je-jesenje-mjesece-2019-godine-posvetila-zastiti-zivotne-sredine\/#primaryimage","url":"https:\/\/www.evropskakuca.me\/wp-content\/uploads\/2019\/09\/budi-primjer-dodjela-7.jpg","contentUrl":"https:\/\/www.evropskakuca.me\/wp-content\/uploads\/2019\/09\/budi-primjer-dodjela-7.jpg","width":2560,"height":1707},{"@type":"BreadcrumbList","@id":"https:\/\/www.evropskakuca.me\/me\/evropska-unija-u-crnoj-gori-je-jesenje-mjesece-2019-godine-posvetila-zastiti-zivotne-sredine\/#breadcrumb","itemListElement":[{"@type":"ListItem","position":1,"name":"Home","item":"https:\/\/www.evropskakuca.me\/me\/"},{"@type":"ListItem","position":2,"name":"Evropska unija u Crnoj Gori je jesenje mjesece 2019. godine posvetila za\u0161titi \u017eivotne sredine"}]},{"@type":"WebSite","@id":"https:\/\/www.evropskakuca.me\/me\/#website","url":"https:\/\/www.evropskakuca.me\/me\/","name":"Evropean house","description":"","publisher":{"@id":"https:\/\/www.evropskakuca.me\/me\/#organization"},"potentialAction":[{"@type":"SearchAction","target":{"@type":"EntryPoint","urlTemplate":"https:\/\/www.evropskakuca.me\/me\/?s={search_term_string}"},"query-input":{"@type":"PropertyValueSpecification","valueRequired":true,"valueName":"search_term_string"}}],"inLanguage":"me-ME"},{"@type":"Organization","@id":"https:\/\/www.evropskakuca.me\/me\/#organization","name":"Evropean house","url":"https:\/\/www.evropskakuca.me\/me\/","logo":{"@type":"ImageObject","inLanguage":"me-ME","@id":"https:\/\/www.evropskakuca.me\/me\/#\/schema\/logo\/image\/","url":"https:\/\/www.evropskakuca.me\/wp-content\/uploads\/2025\/01\/evropska-kuca-logo-1.png","contentUrl":"https:\/\/www.evropskakuca.me\/wp-content\/uploads\/2025\/01\/evropska-kuca-logo-1.png","width":425,"height":312,"caption":"Evropean house"},"image":{"@id":"https:\/\/www.evropskakuca.me\/me\/#\/schema\/logo\/image\/"},"sameAs":["https:\/\/www.facebook.com\/evropska.kuca","https:\/\/x.com\/evropska_kuca","https:\/\/www.instagram.com\/evropska_kuca"]},{"@type":"Person","@id":"https:\/\/www.evropskakuca.me\/me\/#\/schema\/person\/a1d0dcdaefe4a1cd1d60d200ea137ba4","name":"mkajic","image":{"@type":"ImageObject","inLanguage":"me-ME","@id":"https:\/\/secure.gravatar.com\/avatar\/731fa035cefab7316e6bafd1f25a93fb731a07de14e2d9923f8db4422628eabc?s=96&d=mm&r=g","url":"https:\/\/secure.gravatar.com\/avatar\/731fa035cefab7316e6bafd1f25a93fb731a07de14e2d9923f8db4422628eabc?s=96&d=mm&r=g","contentUrl":"https:\/\/secure.gravatar.com\/avatar\/731fa035cefab7316e6bafd1f25a93fb731a07de14e2d9923f8db4422628eabc?s=96&d=mm&r=g","caption":"mkajic"},"sameAs":["https:\/\/evropskakuca.me"],"url":"https:\/\/www.evropskakuca.me\/me\/author\/mkajic\/"}]}},"_links":{"self":[{"href":"https:\/\/www.evropskakuca.me\/me\/wp-json\/wp\/v2\/posts\/15030","targetHints":{"allow":["GET"]}}],"collection":[{"href":"https:\/\/www.evropskakuca.me\/me\/wp-json\/wp\/v2\/posts"}],"about":[{"href":"https:\/\/www.evropskakuca.me\/me\/wp-json\/wp\/v2\/types\/post"}],"author":[{"embeddable":true,"href":"https:\/\/www.evropskakuca.me\/me\/wp-json\/wp\/v2\/users\/1"}],"replies":[{"embeddable":true,"href":"https:\/\/www.evropskakuca.me\/me\/wp-json\/wp\/v2\/comments?post=15030"}],"version-history":[{"count":0,"href":"https:\/\/www.evropskakuca.me\/me\/wp-json\/wp\/v2\/posts\/15030\/revisions"}],"wp:featuredmedia":[{"embeddable":true,"href":"https:\/\/www.evropskakuca.me\/me\/wp-json\/wp\/v2\/media\/34549"}],"wp:attachment":[{"href":"https:\/\/www.evropskakuca.me\/me\/wp-json\/wp\/v2\/media?parent=15030"}],"wp:term":[{"taxonomy":"category","embeddable":true,"href":"https:\/\/www.evropskakuca.me\/me\/wp-json\/wp\/v2\/categories?post=15030"},{"taxonomy":"post_tag","embeddable":true,"href":"https:\/\/www.evropskakuca.me\/me\/wp-json\/wp\/v2\/tags?post=15030"}],"curies":[{"name":"wp","href":"https:\/\/api.w.org\/{rel}","templated":true}]}}