{"id":13975,"date":"2021-06-01T12:33:21","date_gmt":"2021-06-01T12:33:21","guid":{"rendered":"http:\/\/www.evropskakuca.me\/?p=13975"},"modified":"2021-06-01T12:33:21","modified_gmt":"2021-06-01T12:33:21","slug":"evropska-komisija-isplatila-dodatnih-30-miliona-eura-za-podrsku-oporavka-crnogorske-privrede","status":"publish","type":"post","link":"https:\/\/www.evropskakuca.me\/me\/evropska-komisija-isplatila-dodatnih-30-miliona-eura-za-podrsku-oporavka-crnogorske-privrede\/","title":{"rendered":"Evropska komisija isplatila dodatnih 30 miliona eura za podr\u0161ku oporavka crnogorske privrede"},"content":{"rendered":"<p>Evropska komisija isplatila je danas 30 miliona evra u vidu izuzetno povoljnih kredita koji su namijenjeni za ograni\u010davanje ekonomskih posljedica epidemije kovida-19 u Crnoj Gori.<\/p>\n<p>Ovo je druga i posljednja tran\u0161a podr\u0161ke dostupne Crnoj Gori u okviru Programa makrofinansijske pomo\u0107i, ukupne vrijednosti od 60 miliona eura, nakon \u0161to je prva rata od 30 miliona eura ispla\u0107ena u oktobru 2020. Dana\u0161nja isplata od 30 miliona eura izvr\u0161ena je nakon \u0161to je Komisija utvrdila da je Crna Gora sprovela va\u017ene mjere u oblastima upravljanja javnim finansijama, finansijske stabilnosti, dobrog upravljanja i borbe protiv korupcije, te poslovnog okru\u017eenja i socijalne za\u0161tite.<\/p>\n<p>Ovaj oblik podr\u0161ke dopunjuje ranije odobrenu bespovratnu pomo\u0107 u iznosu od 55 miliona eura, koju je Evropska unija pru\u017eila Crnoj Gori za nabavku hitne medicinske opreme i za pomo\u0107 socijalno ugro\u017eenim pojedincima, preduzetnicima, kompanijama, zdravstvenom sektoru i drugim sektorima koji su najozbiljnije pogo\u0111eni krizom usljed kovida-19.<\/p>\n<p>\u201eFinansijska podr\u0161ka Unije poma\u017ee u za\u0161titi zdravlja i spa\u0161avanju na hilljade radnih mjesta crnogorskih gra\u0111ana. Od izbijanja pandemije kovida-19, osigurali smo preko 115 miliona eura bespovratnih sredstava i povoljnih zajmova. Donirali smo 100 respiratora i vi\u0161e od milion komada za\u0161titne zdravstvene opreme, dok \u0107e novac EU biti iskori\u0161ten i za izgradnju dvije nove klinike i obnovu brojnih laboratorija u zemlji. Dana\u0161nja uplata druge tran\u0161e\u00a0makrofinansijske\u00a0pomo\u0107i EU Crnoj Gori je jo\u0161 jedna potvrda da smo sa Crnom Gorom solidarni u dobrim i lo\u0161im vremenima &#8220;, kazala je ambasadorka EU u Crnoj Gori\u00a0<b>Oana Kristina Popa<\/b>.<\/p>\n<p>Program makrofinansijske pomo\u0107i za Crnu Goru dio je paketa makrofinansijske pomo\u0107i vrijednog 3 milijarde eura, koji je Komisija predlo\u017eila za deset partnera u procesima pro\u0161irenja i susjedstva, kako bi im pomogla da ograni\u010de ekonomske posljedice pandemije koronavirusa.<\/p>\n","protected":false},"excerpt":{"rendered":"<p>Evropska komisija isplatila je danas 30 miliona evra u vidu izuzetno povoljnih kredita koji su namijenjeni za ograni\u010davanje ekonomskih posljedica epidemije kovida-19 u Crnoj Gori. Ovo je druga i posljednja tran\u0161a podr\u0161ke dostupne Crnoj Gori u okviru Programa makrofinansijske pomo\u0107i, ukupne vrijednosti od 60 miliona eura, nakon \u0161to je prva rata od 30 miliona eura [&hellip;]<\/p>\n","protected":false},"author":1,"featured_media":37082,"comment_status":"closed","ping_status":"closed","sticky":false,"template":"","format":"standard","meta":{"_acf_changed":false,"footnotes":""},"categories":[287,283],"tags":[],"class_list":["post-13975","post","type-post","status-publish","format-standard","has-post-thumbnail","hentry","category-koronavirusa","category-novosti-me"],"acf":[],"yoast_head":"<!-- This site is optimized with the Yoast SEO plugin v27.3 - https:\/\/yoast.com\/product\/yoast-seo-wordpress\/ -->\n<title>Evropska komisija isplatila dodatnih 30 miliona eura za podr\u0161ku oporavka crnogorske privrede - Europe House<\/title>\n<meta name=\"robots\" content=\"index, follow, max-snippet:-1, max-image-preview:large, max-video-preview:-1\" \/>\n<link rel=\"canonical\" href=\"https:\/\/www.evropskakuca.me\/me\/evropska-komisija-isplatila-dodatnih-30-miliona-eura-za-podrsku-oporavka-crnogorske-privrede\/\" \/>\n<meta property=\"og:locale\" content=\"en_US\" \/>\n<meta property=\"og:type\" content=\"article\" \/>\n<meta property=\"og:title\" content=\"Evropska komisija isplatila dodatnih 30 miliona eura za podr\u0161ku oporavka crnogorske privrede - Europe House\" \/>\n<meta property=\"og:description\" content=\"Evropska komisija isplatila je danas 30 miliona evra u vidu izuzetno povoljnih kredita koji su namijenjeni za ograni\u010davanje ekonomskih posljedica epidemije kovida-19 u Crnoj Gori. Ovo je druga i posljednja tran\u0161a podr\u0161ke dostupne Crnoj Gori u okviru Programa makrofinansijske pomo\u0107i, ukupne vrijednosti od 60 miliona eura, nakon \u0161to je prva rata od 30 miliona eura [&hellip;]\" \/>\n<meta property=\"og:url\" content=\"https:\/\/www.evropskakuca.me\/me\/evropska-komisija-isplatila-dodatnih-30-miliona-eura-za-podrsku-oporavka-crnogorske-privrede\/\" \/>\n<meta property=\"og:site_name\" content=\"Europe House\" \/>\n<meta property=\"article:publisher\" content=\"https:\/\/www.facebook.com\/evropska.kuca\" \/>\n<meta property=\"article:published_time\" content=\"2021-06-01T12:33:21+00:00\" \/>\n<meta property=\"og:image\" content=\"https:\/\/www.evropskakuca.me\/wp-content\/uploads\/2021\/08\/Infografika-115-miliona.png\" \/>\n\t<meta property=\"og:image:width\" content=\"1755\" \/>\n\t<meta property=\"og:image:height\" content=\"1229\" \/>\n\t<meta property=\"og:image:type\" content=\"image\/png\" \/>\n<meta name=\"author\" content=\"mkajic\" \/>\n<meta name=\"twitter:card\" content=\"summary_large_image\" \/>\n<meta name=\"twitter:creator\" content=\"@evropska_kuca\" \/>\n<meta name=\"twitter:site\" content=\"@evropska_kuca\" \/>\n<meta name=\"twitter:label1\" content=\"Written by\" \/>\n\t<meta name=\"twitter:data1\" content=\"mkajic\" \/>\n\t<meta name=\"twitter:label2\" content=\"Est. reading time\" \/>\n\t<meta name=\"twitter:data2\" content=\"1 minute\" \/>\n<script type=\"application\/ld+json\" class=\"yoast-schema-graph\">{\"@context\":\"https:\\\/\\\/schema.org\",\"@graph\":[{\"@type\":\"Article\",\"@id\":\"https:\\\/\\\/www.evropskakuca.me\\\/me\\\/evropska-komisija-isplatila-dodatnih-30-miliona-eura-za-podrsku-oporavka-crnogorske-privrede\\\/#article\",\"isPartOf\":{\"@id\":\"https:\\\/\\\/www.evropskakuca.me\\\/me\\\/evropska-komisija-isplatila-dodatnih-30-miliona-eura-za-podrsku-oporavka-crnogorske-privrede\\\/\"},\"author\":{\"name\":\"mkajic\",\"@id\":\"https:\\\/\\\/www.evropskakuca.me\\\/me\\\/#\\\/schema\\\/person\\\/a1d0dcdaefe4a1cd1d60d200ea137ba4\"},\"headline\":\"Evropska komisija isplatila dodatnih 30 miliona eura za podr\u0161ku oporavka crnogorske privrede\",\"datePublished\":\"2021-06-01T12:33:21+00:00\",\"mainEntityOfPage\":{\"@id\":\"https:\\\/\\\/www.evropskakuca.me\\\/me\\\/evropska-komisija-isplatila-dodatnih-30-miliona-eura-za-podrsku-oporavka-crnogorske-privrede\\\/\"},\"wordCount\":309,\"publisher\":{\"@id\":\"https:\\\/\\\/www.evropskakuca.me\\\/me\\\/#organization\"},\"image\":{\"@id\":\"https:\\\/\\\/www.evropskakuca.me\\\/me\\\/evropska-komisija-isplatila-dodatnih-30-miliona-eura-za-podrsku-oporavka-crnogorske-privrede\\\/#primaryimage\"},\"thumbnailUrl\":\"https:\\\/\\\/www.evropskakuca.me\\\/wp-content\\\/uploads\\\/2021\\\/08\\\/Infografika-115-miliona.png\",\"articleSection\":[\"Koronavirusa\",\"Novosti\"],\"inLanguage\":\"me-ME\"},{\"@type\":\"WebPage\",\"@id\":\"https:\\\/\\\/www.evropskakuca.me\\\/me\\\/evropska-komisija-isplatila-dodatnih-30-miliona-eura-za-podrsku-oporavka-crnogorske-privrede\\\/\",\"url\":\"https:\\\/\\\/www.evropskakuca.me\\\/me\\\/evropska-komisija-isplatila-dodatnih-30-miliona-eura-za-podrsku-oporavka-crnogorske-privrede\\\/\",\"name\":\"Evropska komisija isplatila dodatnih 30 miliona eura za podr\u0161ku oporavka crnogorske privrede - Europe House\",\"isPartOf\":{\"@id\":\"https:\\\/\\\/www.evropskakuca.me\\\/me\\\/#website\"},\"primaryImageOfPage\":{\"@id\":\"https:\\\/\\\/www.evropskakuca.me\\\/me\\\/evropska-komisija-isplatila-dodatnih-30-miliona-eura-za-podrsku-oporavka-crnogorske-privrede\\\/#primaryimage\"},\"image\":{\"@id\":\"https:\\\/\\\/www.evropskakuca.me\\\/me\\\/evropska-komisija-isplatila-dodatnih-30-miliona-eura-za-podrsku-oporavka-crnogorske-privrede\\\/#primaryimage\"},\"thumbnailUrl\":\"https:\\\/\\\/www.evropskakuca.me\\\/wp-content\\\/uploads\\\/2021\\\/08\\\/Infografika-115-miliona.png\",\"datePublished\":\"2021-06-01T12:33:21+00:00\",\"breadcrumb\":{\"@id\":\"https:\\\/\\\/www.evropskakuca.me\\\/me\\\/evropska-komisija-isplatila-dodatnih-30-miliona-eura-za-podrsku-oporavka-crnogorske-privrede\\\/#breadcrumb\"},\"inLanguage\":\"me-ME\",\"potentialAction\":[{\"@type\":\"ReadAction\",\"target\":[\"https:\\\/\\\/www.evropskakuca.me\\\/me\\\/evropska-komisija-isplatila-dodatnih-30-miliona-eura-za-podrsku-oporavka-crnogorske-privrede\\\/\"]}]},{\"@type\":\"ImageObject\",\"inLanguage\":\"me-ME\",\"@id\":\"https:\\\/\\\/www.evropskakuca.me\\\/me\\\/evropska-komisija-isplatila-dodatnih-30-miliona-eura-za-podrsku-oporavka-crnogorske-privrede\\\/#primaryimage\",\"url\":\"https:\\\/\\\/www.evropskakuca.me\\\/wp-content\\\/uploads\\\/2021\\\/08\\\/Infografika-115-miliona.png\",\"contentUrl\":\"https:\\\/\\\/www.evropskakuca.me\\\/wp-content\\\/uploads\\\/2021\\\/08\\\/Infografika-115-miliona.png\",\"width\":1755,\"height\":1229},{\"@type\":\"BreadcrumbList\",\"@id\":\"https:\\\/\\\/www.evropskakuca.me\\\/me\\\/evropska-komisija-isplatila-dodatnih-30-miliona-eura-za-podrsku-oporavka-crnogorske-privrede\\\/#breadcrumb\",\"itemListElement\":[{\"@type\":\"ListItem\",\"position\":1,\"name\":\"Home\",\"item\":\"https:\\\/\\\/www.evropskakuca.me\\\/me\\\/\"},{\"@type\":\"ListItem\",\"position\":2,\"name\":\"Evropska komisija isplatila dodatnih 30 miliona eura za podr\u0161ku oporavka crnogorske privrede\"}]},{\"@type\":\"WebSite\",\"@id\":\"https:\\\/\\\/www.evropskakuca.me\\\/me\\\/#website\",\"url\":\"https:\\\/\\\/www.evropskakuca.me\\\/me\\\/\",\"name\":\"Evropean house\",\"description\":\"\",\"publisher\":{\"@id\":\"https:\\\/\\\/www.evropskakuca.me\\\/me\\\/#organization\"},\"potentialAction\":[{\"@type\":\"SearchAction\",\"target\":{\"@type\":\"EntryPoint\",\"urlTemplate\":\"https:\\\/\\\/www.evropskakuca.me\\\/me\\\/?s={search_term_string}\"},\"query-input\":{\"@type\":\"PropertyValueSpecification\",\"valueRequired\":true,\"valueName\":\"search_term_string\"}}],\"inLanguage\":\"me-ME\"},{\"@type\":\"Organization\",\"@id\":\"https:\\\/\\\/www.evropskakuca.me\\\/me\\\/#organization\",\"name\":\"Evropean house\",\"url\":\"https:\\\/\\\/www.evropskakuca.me\\\/me\\\/\",\"logo\":{\"@type\":\"ImageObject\",\"inLanguage\":\"me-ME\",\"@id\":\"https:\\\/\\\/www.evropskakuca.me\\\/me\\\/#\\\/schema\\\/logo\\\/image\\\/\",\"url\":\"https:\\\/\\\/www.evropskakuca.me\\\/wp-content\\\/uploads\\\/2025\\\/01\\\/evropska-kuca-logo-1.png\",\"contentUrl\":\"https:\\\/\\\/www.evropskakuca.me\\\/wp-content\\\/uploads\\\/2025\\\/01\\\/evropska-kuca-logo-1.png\",\"width\":425,\"height\":312,\"caption\":\"Evropean house\"},\"image\":{\"@id\":\"https:\\\/\\\/www.evropskakuca.me\\\/me\\\/#\\\/schema\\\/logo\\\/image\\\/\"},\"sameAs\":[\"https:\\\/\\\/www.facebook.com\\\/evropska.kuca\",\"https:\\\/\\\/x.com\\\/evropska_kuca\",\"https:\\\/\\\/www.instagram.com\\\/evropska_kuca\"]},{\"@type\":\"Person\",\"@id\":\"https:\\\/\\\/www.evropskakuca.me\\\/me\\\/#\\\/schema\\\/person\\\/a1d0dcdaefe4a1cd1d60d200ea137ba4\",\"name\":\"mkajic\",\"image\":{\"@type\":\"ImageObject\",\"inLanguage\":\"me-ME\",\"@id\":\"https:\\\/\\\/secure.gravatar.com\\\/avatar\\\/731fa035cefab7316e6bafd1f25a93fb731a07de14e2d9923f8db4422628eabc?s=96&d=mm&r=g\",\"url\":\"https:\\\/\\\/secure.gravatar.com\\\/avatar\\\/731fa035cefab7316e6bafd1f25a93fb731a07de14e2d9923f8db4422628eabc?s=96&d=mm&r=g\",\"contentUrl\":\"https:\\\/\\\/secure.gravatar.com\\\/avatar\\\/731fa035cefab7316e6bafd1f25a93fb731a07de14e2d9923f8db4422628eabc?s=96&d=mm&r=g\",\"caption\":\"mkajic\"},\"sameAs\":[\"https:\\\/\\\/evropskakuca.me\"],\"url\":\"https:\\\/\\\/www.evropskakuca.me\\\/me\\\/author\\\/mkajic\\\/\"}]}<\/script>\n<!-- \/ Yoast SEO plugin. -->","yoast_head_json":{"title":"Evropska komisija isplatila dodatnih 30 miliona eura za podr\u0161ku oporavka crnogorske privrede - Europe House","robots":{"index":"index","follow":"follow","max-snippet":"max-snippet:-1","max-image-preview":"max-image-preview:large","max-video-preview":"max-video-preview:-1"},"canonical":"https:\/\/www.evropskakuca.me\/me\/evropska-komisija-isplatila-dodatnih-30-miliona-eura-za-podrsku-oporavka-crnogorske-privrede\/","og_locale":"en_US","og_type":"article","og_title":"Evropska komisija isplatila dodatnih 30 miliona eura za podr\u0161ku oporavka crnogorske privrede - Europe House","og_description":"Evropska komisija isplatila je danas 30 miliona evra u vidu izuzetno povoljnih kredita koji su namijenjeni za ograni\u010davanje ekonomskih posljedica epidemije kovida-19 u Crnoj Gori. Ovo je druga i posljednja tran\u0161a podr\u0161ke dostupne Crnoj Gori u okviru Programa makrofinansijske pomo\u0107i, ukupne vrijednosti od 60 miliona eura, nakon \u0161to je prva rata od 30 miliona eura [&hellip;]","og_url":"https:\/\/www.evropskakuca.me\/me\/evropska-komisija-isplatila-dodatnih-30-miliona-eura-za-podrsku-oporavka-crnogorske-privrede\/","og_site_name":"Europe House","article_publisher":"https:\/\/www.facebook.com\/evropska.kuca","article_published_time":"2021-06-01T12:33:21+00:00","og_image":[{"width":1755,"height":1229,"url":"https:\/\/www.evropskakuca.me\/wp-content\/uploads\/2021\/08\/Infografika-115-miliona.png","type":"image\/png"}],"author":"mkajic","twitter_card":"summary_large_image","twitter_creator":"@evropska_kuca","twitter_site":"@evropska_kuca","twitter_misc":{"Written by":"mkajic","Est. reading time":"1 minute"},"schema":{"@context":"https:\/\/schema.org","@graph":[{"@type":"Article","@id":"https:\/\/www.evropskakuca.me\/me\/evropska-komisija-isplatila-dodatnih-30-miliona-eura-za-podrsku-oporavka-crnogorske-privrede\/#article","isPartOf":{"@id":"https:\/\/www.evropskakuca.me\/me\/evropska-komisija-isplatila-dodatnih-30-miliona-eura-za-podrsku-oporavka-crnogorske-privrede\/"},"author":{"name":"mkajic","@id":"https:\/\/www.evropskakuca.me\/me\/#\/schema\/person\/a1d0dcdaefe4a1cd1d60d200ea137ba4"},"headline":"Evropska komisija isplatila dodatnih 30 miliona eura za podr\u0161ku oporavka crnogorske privrede","datePublished":"2021-06-01T12:33:21+00:00","mainEntityOfPage":{"@id":"https:\/\/www.evropskakuca.me\/me\/evropska-komisija-isplatila-dodatnih-30-miliona-eura-za-podrsku-oporavka-crnogorske-privrede\/"},"wordCount":309,"publisher":{"@id":"https:\/\/www.evropskakuca.me\/me\/#organization"},"image":{"@id":"https:\/\/www.evropskakuca.me\/me\/evropska-komisija-isplatila-dodatnih-30-miliona-eura-za-podrsku-oporavka-crnogorske-privrede\/#primaryimage"},"thumbnailUrl":"https:\/\/www.evropskakuca.me\/wp-content\/uploads\/2021\/08\/Infografika-115-miliona.png","articleSection":["Koronavirusa","Novosti"],"inLanguage":"me-ME"},{"@type":"WebPage","@id":"https:\/\/www.evropskakuca.me\/me\/evropska-komisija-isplatila-dodatnih-30-miliona-eura-za-podrsku-oporavka-crnogorske-privrede\/","url":"https:\/\/www.evropskakuca.me\/me\/evropska-komisija-isplatila-dodatnih-30-miliona-eura-za-podrsku-oporavka-crnogorske-privrede\/","name":"Evropska komisija isplatila dodatnih 30 miliona eura za podr\u0161ku oporavka crnogorske privrede - Europe House","isPartOf":{"@id":"https:\/\/www.evropskakuca.me\/me\/#website"},"primaryImageOfPage":{"@id":"https:\/\/www.evropskakuca.me\/me\/evropska-komisija-isplatila-dodatnih-30-miliona-eura-za-podrsku-oporavka-crnogorske-privrede\/#primaryimage"},"image":{"@id":"https:\/\/www.evropskakuca.me\/me\/evropska-komisija-isplatila-dodatnih-30-miliona-eura-za-podrsku-oporavka-crnogorske-privrede\/#primaryimage"},"thumbnailUrl":"https:\/\/www.evropskakuca.me\/wp-content\/uploads\/2021\/08\/Infografika-115-miliona.png","datePublished":"2021-06-01T12:33:21+00:00","breadcrumb":{"@id":"https:\/\/www.evropskakuca.me\/me\/evropska-komisija-isplatila-dodatnih-30-miliona-eura-za-podrsku-oporavka-crnogorske-privrede\/#breadcrumb"},"inLanguage":"me-ME","potentialAction":[{"@type":"ReadAction","target":["https:\/\/www.evropskakuca.me\/me\/evropska-komisija-isplatila-dodatnih-30-miliona-eura-za-podrsku-oporavka-crnogorske-privrede\/"]}]},{"@type":"ImageObject","inLanguage":"me-ME","@id":"https:\/\/www.evropskakuca.me\/me\/evropska-komisija-isplatila-dodatnih-30-miliona-eura-za-podrsku-oporavka-crnogorske-privrede\/#primaryimage","url":"https:\/\/www.evropskakuca.me\/wp-content\/uploads\/2021\/08\/Infografika-115-miliona.png","contentUrl":"https:\/\/www.evropskakuca.me\/wp-content\/uploads\/2021\/08\/Infografika-115-miliona.png","width":1755,"height":1229},{"@type":"BreadcrumbList","@id":"https:\/\/www.evropskakuca.me\/me\/evropska-komisija-isplatila-dodatnih-30-miliona-eura-za-podrsku-oporavka-crnogorske-privrede\/#breadcrumb","itemListElement":[{"@type":"ListItem","position":1,"name":"Home","item":"https:\/\/www.evropskakuca.me\/me\/"},{"@type":"ListItem","position":2,"name":"Evropska komisija isplatila dodatnih 30 miliona eura za podr\u0161ku oporavka crnogorske privrede"}]},{"@type":"WebSite","@id":"https:\/\/www.evropskakuca.me\/me\/#website","url":"https:\/\/www.evropskakuca.me\/me\/","name":"Evropean house","description":"","publisher":{"@id":"https:\/\/www.evropskakuca.me\/me\/#organization"},"potentialAction":[{"@type":"SearchAction","target":{"@type":"EntryPoint","urlTemplate":"https:\/\/www.evropskakuca.me\/me\/?s={search_term_string}"},"query-input":{"@type":"PropertyValueSpecification","valueRequired":true,"valueName":"search_term_string"}}],"inLanguage":"me-ME"},{"@type":"Organization","@id":"https:\/\/www.evropskakuca.me\/me\/#organization","name":"Evropean house","url":"https:\/\/www.evropskakuca.me\/me\/","logo":{"@type":"ImageObject","inLanguage":"me-ME","@id":"https:\/\/www.evropskakuca.me\/me\/#\/schema\/logo\/image\/","url":"https:\/\/www.evropskakuca.me\/wp-content\/uploads\/2025\/01\/evropska-kuca-logo-1.png","contentUrl":"https:\/\/www.evropskakuca.me\/wp-content\/uploads\/2025\/01\/evropska-kuca-logo-1.png","width":425,"height":312,"caption":"Evropean house"},"image":{"@id":"https:\/\/www.evropskakuca.me\/me\/#\/schema\/logo\/image\/"},"sameAs":["https:\/\/www.facebook.com\/evropska.kuca","https:\/\/x.com\/evropska_kuca","https:\/\/www.instagram.com\/evropska_kuca"]},{"@type":"Person","@id":"https:\/\/www.evropskakuca.me\/me\/#\/schema\/person\/a1d0dcdaefe4a1cd1d60d200ea137ba4","name":"mkajic","image":{"@type":"ImageObject","inLanguage":"me-ME","@id":"https:\/\/secure.gravatar.com\/avatar\/731fa035cefab7316e6bafd1f25a93fb731a07de14e2d9923f8db4422628eabc?s=96&d=mm&r=g","url":"https:\/\/secure.gravatar.com\/avatar\/731fa035cefab7316e6bafd1f25a93fb731a07de14e2d9923f8db4422628eabc?s=96&d=mm&r=g","contentUrl":"https:\/\/secure.gravatar.com\/avatar\/731fa035cefab7316e6bafd1f25a93fb731a07de14e2d9923f8db4422628eabc?s=96&d=mm&r=g","caption":"mkajic"},"sameAs":["https:\/\/evropskakuca.me"],"url":"https:\/\/www.evropskakuca.me\/me\/author\/mkajic\/"}]}},"_links":{"self":[{"href":"https:\/\/www.evropskakuca.me\/me\/wp-json\/wp\/v2\/posts\/13975","targetHints":{"allow":["GET"]}}],"collection":[{"href":"https:\/\/www.evropskakuca.me\/me\/wp-json\/wp\/v2\/posts"}],"about":[{"href":"https:\/\/www.evropskakuca.me\/me\/wp-json\/wp\/v2\/types\/post"}],"author":[{"embeddable":true,"href":"https:\/\/www.evropskakuca.me\/me\/wp-json\/wp\/v2\/users\/1"}],"replies":[{"embeddable":true,"href":"https:\/\/www.evropskakuca.me\/me\/wp-json\/wp\/v2\/comments?post=13975"}],"version-history":[{"count":0,"href":"https:\/\/www.evropskakuca.me\/me\/wp-json\/wp\/v2\/posts\/13975\/revisions"}],"wp:featuredmedia":[{"embeddable":true,"href":"https:\/\/www.evropskakuca.me\/me\/wp-json\/wp\/v2\/media\/37082"}],"wp:attachment":[{"href":"https:\/\/www.evropskakuca.me\/me\/wp-json\/wp\/v2\/media?parent=13975"}],"wp:term":[{"taxonomy":"category","embeddable":true,"href":"https:\/\/www.evropskakuca.me\/me\/wp-json\/wp\/v2\/categories?post=13975"},{"taxonomy":"post_tag","embeddable":true,"href":"https:\/\/www.evropskakuca.me\/me\/wp-json\/wp\/v2\/tags?post=13975"}],"curies":[{"name":"wp","href":"https:\/\/api.w.org\/{rel}","templated":true}]}}