{"id":13967,"date":"2021-06-08T12:31:06","date_gmt":"2021-06-08T12:31:06","guid":{"rendered":"http:\/\/www.evropskakuca.me\/?p=13967"},"modified":"2021-06-08T12:31:06","modified_gmt":"2021-06-08T12:31:06","slug":"eu-predlaze-snazan-multilateralni-trgovinski-odgovor-na-pandemiju-covid-19","status":"publish","type":"post","link":"https:\/\/www.evropskakuca.me\/me\/eu-predlaze-snazan-multilateralni-trgovinski-odgovor-na-pandemiju-covid-19\/","title":{"rendered":"EU predla\u017ee sna\u017ean multilateralni trgovinski odgovor na pandemiju COVID-19"},"content":{"rendered":"<p>EU je podnijela svoj prijedlog tra\u017eec\u0301i posvec\u0301enost \u010dlanica Svjetske trgovinske organizacije (STO) za multilateralni trgovinski akcioni plan za pro\u0161irenje proizvodnje COVID-19 vakcina i tretmana i osiguravanje univerzalnog i po\u0161tenog pristupa. Ovim prijedlogom STO-u, podijeljenom u dvije komunikacije, EU podvla\u010di centralnu ulogu STO-a u odgovoru na pandemiju COVID-19 i podsti\u010de ostale \u010dlanice STO-a da se dogovore o nizu obaveza, uklju\u010dujuc\u0301i prava intelektualnog vlasni\u0161tva.<\/p>\n<p>Predsjednica Komisije Ursula von der Lejen rekla je: \u201eEU je aktivno pokazala solidarnost sa svijetom od po\u010detka pandemije. Evropska unija odobrila je izvoz oko polovine ukupne koli\u010dine vakcina proizvedenih u Evropi. Na\u0161 neposredni, hitni cilj je da obezbijedimo jednak pristup zemljama sa niskim i srednjim prihodima, da \u0161ire i br\u017ee dijele vakcine. I nastavljamo da poma\u017eemo u povec\u0301anju proizvodnje. EU predla\u017ee konkretna kratkoro\u010dna i srednjoro\u010dna re\u0161enja kako bi se osigurao univerzalni pristup po pristupa\u010dnim cijenama. Radujem se \u0161to c\u0301u sljedec\u0301e nedjelje razgovarati sa liderima G7 o na\u010dinu postizanja ovog cilja. Pored trenutne krize, va\u017eno je osigurati globalnu spremnost za buduc\u0301e pandemije: diverzifikovanje proizvodnje tako da ne bude centralizovano samo u nekolicini zemalja i ja\u010danje otpornosti zdravstvene infrastrukture u najmanje razvijenim zemljama \u201c.<\/p>\n<p>Vi\u0161e o predlogu EU<\/p>\n<p>EU poziva vlade da:<\/p>\n<p>1. Osiguraju da COVID-19 vakcine, tretmani i njihove komponente mogu slobodno prelaziti granice;<\/p>\n<p>2. podstaknu\u00a0 proizvo\u0111a\u010de da pro\u0161ire svoju proizvodnju, istovremeno osiguravajuc\u0301i da ih one zemlje kojima su vakcine najpotrebnije dobiju po pristupa\u010dnoj cijeni, i;<\/p>\n<p>3. olak\u0161aju upotrebu obaveznog licenciranja u okviru postojec\u0301eg Sporazuma o trgovinskim aspektima prava intelektualne svojine u okviru STO (TRIPS). TRIPS sporazum vec\u0301 pru\u017ea ovu fleksibilnost, koja je legitimno sredstvo tokom pandemije koje se mo\u017ee po potrebi brzo koristiti.<\/p>\n<p>Prvi element ima za cilj da ograni\u010di\u00a0 izvozne restrikcije I da odr\u017ei lanace snabdijevanja otvorenim. Zemlje proizvo\u0111a\u010di vakcina treba da budu spremne da izvezu prili\u010dan dio svoje domac\u0301e proizvodnje. Lanci snabdijevanja su me\u0111usobno veoma povezani i ne bi ih trebalo prekidati. Pored toga, EU smatra da snabdijevanje COVAKS Faciliti nikada ne bi trebalo da bude ograni\u010deno i nikakve mjere ne bi smjele da ograni\u010de trgovinu ulaznim sirovinama neophodnim za proizvodnju COVID-19 vakcina i tretmana.<\/p>\n<p>Drugi element poziva vlade da sna\u017eno ohrabre i podr\u017ee proizvo\u0111a\u010de i programe vakcina da pro\u0161ire proizvodnju i osiguraju pristupa\u010dnu zalihu vakcina za zemlje sa niskim i srednjim prihodima. Takve akcije mogu uklju\u010divati ugovore o licenciranju, razmjenu stru\u010dnosti, upodobljene cijene, uklju\u010dujuc\u0301i neprofitnu prodaju zemljama sa niskim prihodima, ugovornu proizvodnju i nova ulaganja u proizvodne pogone u zemljama u razvoju. EU o\u010dekuje od svih proizvo\u0111a\u010da i proizvo\u0111a\u010da vakcina da daju konkretna obec\u0301anja koja c\u0301e povec\u0301ati zalihe osjetljivih zemalja u razvoju. S tim u vezi, EU pozdravlja posvec\u0301enost kompanija kao \u0161to su BioNTech i Pfizer, Johnson &amp; Johnson i Moderna, koje su se vec\u0301 obavezale da c\u0301e ove godine isporu\u010diti 1,3 milijarde doza zemljama sa niskim prihodima bez profita i zemljama sa srednjim dohotkom po ni\u017eim cijenama.<\/p>\n<p>Trec\u0301i element, koji se odnosi na intelektualnu svojinu, utvr\u0111uje da su dobrovoljne licence najefikasniji instrument za olak\u0161avanje \u0161irenja proizvodnje i razmjene stru\u010dnosti. Tamo gdje dobrovoljna saradnja zaka\u017ee, obavezne licence, pri \u010demu vlada dodeljuje ciljanu licencu, omoguc\u0301avajuc\u0301i voljnom proizvo\u0111a\u010du da napravi vakcinu bez pristanka nosioca patenta, predstavljaju legitimno sredstvo u kontekstu pandemije. EU smatra da bi sve \u010dlanice STO trebale biti spremne da:<\/p>\n<p>\u2022 saglasni su da je pandemija COVID-19 izuzetna okolnost nacionalne vanredne situacije i da se zahtjeva za pregovaranje sa nosiocem prava mo\u017ee legitimno odrec\u0301i tamo gdje je to potrebno;<\/p>\n<p>\u2022 podr\u017eati proizvo\u0111a\u010de koji su spremni da proizvode vakcine i \/ ili tretmane po pristupa\u010dnim cijenama pod obaveznom licencom, tako da nivo naknade koji proizvo\u0111a\u010d plac\u0301a nosiocu patenta odra\u017eava takve pristupa\u010dne cijene;<\/p>\n<p>\u2022 slo\u017eiti se da bi obavezna licenca mogla da pokrije bilo koji izvoz namjenjen zemljama koje nemaju proizvodne kapacitete, uklju\u010dujuc\u0301i preko mehanizma COVAX.<\/p>\n<p>EU tako\u0111e predla\u017ee namjensku komunikaciju o intelektualnoj svojini tijelu STO zadu\u017eenom za sprovo\u0111enje Sporazuma o trgovinskim aspektima prava intelektualne svojine (TRIPS Savjet). Ovdje EU daje vi\u0161e detalja i jasnoc\u0301u o svakoj od tri ta\u010dke intelektualne svojine i povezuje ih sa specifi\u010dnim odredbama TRIPS sporazuma. \u0160to se ti\u010de \u0161irokog odricanja koje su predlo\u017eili brojni \u010dlanovi STO, Evropska komisija, iako spremna da razgovara o bilo kojoj opciji koja poma\u017ee u \u0161to skorijem okon\u010danju pandemije, nije uvjerena da bi to pru\u017eilo najbolji trenutni odgovor za postizanje cilja naj\u0161ira i pravovremena distribucija COVID-19 vakcina koje su hitno potrebne svijetu. Predlozi imaju za cilj postizanje tog cilja na brz i efikasan na\u010din.<\/p>\n","protected":false},"excerpt":{"rendered":"<p>EU je podnijela svoj prijedlog tra\u017eec\u0301i posvec\u0301enost \u010dlanica Svjetske trgovinske organizacije (STO) za multilateralni trgovinski akcioni plan za pro\u0161irenje proizvodnje COVID-19 vakcina i tretmana i osiguravanje univerzalnog i po\u0161tenog pristupa. Ovim prijedlogom STO-u, podijeljenom u dvije komunikacije, EU podvla\u010di centralnu ulogu STO-a u odgovoru na pandemiju COVID-19 i podsti\u010de ostale \u010dlanice STO-a da se dogovore [&hellip;]<\/p>\n","protected":false},"author":1,"featured_media":37166,"comment_status":"closed","ping_status":"closed","sticky":false,"template":"","format":"standard","meta":{"_acf_changed":false,"footnotes":""},"categories":[287,283],"tags":[],"class_list":["post-13967","post","type-post","status-publish","format-standard","has-post-thumbnail","hentry","category-koronavirusa","category-novosti-me"],"acf":[],"yoast_head":"<!-- This site is optimized with the Yoast SEO plugin v27.3 - https:\/\/yoast.com\/product\/yoast-seo-wordpress\/ -->\n<title>EU predla\u017ee sna\u017ean multilateralni trgovinski odgovor na pandemiju COVID-19 - Europe House<\/title>\n<meta name=\"robots\" content=\"index, follow, max-snippet:-1, max-image-preview:large, max-video-preview:-1\" \/>\n<link rel=\"canonical\" href=\"https:\/\/www.evropskakuca.me\/me\/eu-predlaze-snazan-multilateralni-trgovinski-odgovor-na-pandemiju-covid-19\/\" \/>\n<meta property=\"og:locale\" content=\"en_US\" \/>\n<meta property=\"og:type\" content=\"article\" \/>\n<meta property=\"og:title\" content=\"EU predla\u017ee sna\u017ean multilateralni trgovinski odgovor na pandemiju COVID-19 - Europe House\" \/>\n<meta property=\"og:description\" content=\"EU je podnijela svoj prijedlog tra\u017eec\u0301i posvec\u0301enost \u010dlanica Svjetske trgovinske organizacije (STO) za multilateralni trgovinski akcioni plan za pro\u0161irenje proizvodnje COVID-19 vakcina i tretmana i osiguravanje univerzalnog i po\u0161tenog pristupa. Ovim prijedlogom STO-u, podijeljenom u dvije komunikacije, EU podvla\u010di centralnu ulogu STO-a u odgovoru na pandemiju COVID-19 i podsti\u010de ostale \u010dlanice STO-a da se dogovore [&hellip;]\" \/>\n<meta property=\"og:url\" content=\"https:\/\/www.evropskakuca.me\/me\/eu-predlaze-snazan-multilateralni-trgovinski-odgovor-na-pandemiju-covid-19\/\" \/>\n<meta property=\"og:site_name\" content=\"Europe House\" \/>\n<meta property=\"article:publisher\" content=\"https:\/\/www.facebook.com\/evropska.kuca\" \/>\n<meta property=\"article:published_time\" content=\"2021-06-08T12:31:06+00:00\" \/>\n<meta property=\"og:image\" content=\"https:\/\/www.evropskakuca.me\/wp-content\/uploads\/2021\/08\/eu5.jpg\" \/>\n\t<meta property=\"og:image:width\" content=\"750\" \/>\n\t<meta property=\"og:image:height\" content=\"501\" \/>\n\t<meta property=\"og:image:type\" content=\"image\/jpeg\" \/>\n<meta name=\"author\" content=\"mkajic\" \/>\n<meta name=\"twitter:card\" content=\"summary_large_image\" \/>\n<meta name=\"twitter:creator\" content=\"@evropska_kuca\" \/>\n<meta name=\"twitter:site\" content=\"@evropska_kuca\" \/>\n<meta name=\"twitter:label1\" content=\"Written by\" \/>\n\t<meta name=\"twitter:data1\" content=\"mkajic\" \/>\n\t<meta name=\"twitter:label2\" content=\"Est. reading time\" \/>\n\t<meta name=\"twitter:data2\" content=\"4 minutes\" \/>\n<script type=\"application\/ld+json\" class=\"yoast-schema-graph\">{\"@context\":\"https:\\\/\\\/schema.org\",\"@graph\":[{\"@type\":\"Article\",\"@id\":\"https:\\\/\\\/www.evropskakuca.me\\\/me\\\/eu-predlaze-snazan-multilateralni-trgovinski-odgovor-na-pandemiju-covid-19\\\/#article\",\"isPartOf\":{\"@id\":\"https:\\\/\\\/www.evropskakuca.me\\\/me\\\/eu-predlaze-snazan-multilateralni-trgovinski-odgovor-na-pandemiju-covid-19\\\/\"},\"author\":{\"name\":\"mkajic\",\"@id\":\"https:\\\/\\\/www.evropskakuca.me\\\/me\\\/#\\\/schema\\\/person\\\/a1d0dcdaefe4a1cd1d60d200ea137ba4\"},\"headline\":\"EU predla\u017ee sna\u017ean multilateralni trgovinski odgovor na pandemiju COVID-19\",\"datePublished\":\"2021-06-08T12:31:06+00:00\",\"mainEntityOfPage\":{\"@id\":\"https:\\\/\\\/www.evropskakuca.me\\\/me\\\/eu-predlaze-snazan-multilateralni-trgovinski-odgovor-na-pandemiju-covid-19\\\/\"},\"wordCount\":822,\"publisher\":{\"@id\":\"https:\\\/\\\/www.evropskakuca.me\\\/me\\\/#organization\"},\"image\":{\"@id\":\"https:\\\/\\\/www.evropskakuca.me\\\/me\\\/eu-predlaze-snazan-multilateralni-trgovinski-odgovor-na-pandemiju-covid-19\\\/#primaryimage\"},\"thumbnailUrl\":\"https:\\\/\\\/www.evropskakuca.me\\\/wp-content\\\/uploads\\\/2021\\\/08\\\/eu5.jpg\",\"articleSection\":[\"Koronavirusa\",\"Novosti\"],\"inLanguage\":\"me-ME\"},{\"@type\":\"WebPage\",\"@id\":\"https:\\\/\\\/www.evropskakuca.me\\\/me\\\/eu-predlaze-snazan-multilateralni-trgovinski-odgovor-na-pandemiju-covid-19\\\/\",\"url\":\"https:\\\/\\\/www.evropskakuca.me\\\/me\\\/eu-predlaze-snazan-multilateralni-trgovinski-odgovor-na-pandemiju-covid-19\\\/\",\"name\":\"EU predla\u017ee sna\u017ean multilateralni trgovinski odgovor na pandemiju COVID-19 - Europe House\",\"isPartOf\":{\"@id\":\"https:\\\/\\\/www.evropskakuca.me\\\/me\\\/#website\"},\"primaryImageOfPage\":{\"@id\":\"https:\\\/\\\/www.evropskakuca.me\\\/me\\\/eu-predlaze-snazan-multilateralni-trgovinski-odgovor-na-pandemiju-covid-19\\\/#primaryimage\"},\"image\":{\"@id\":\"https:\\\/\\\/www.evropskakuca.me\\\/me\\\/eu-predlaze-snazan-multilateralni-trgovinski-odgovor-na-pandemiju-covid-19\\\/#primaryimage\"},\"thumbnailUrl\":\"https:\\\/\\\/www.evropskakuca.me\\\/wp-content\\\/uploads\\\/2021\\\/08\\\/eu5.jpg\",\"datePublished\":\"2021-06-08T12:31:06+00:00\",\"breadcrumb\":{\"@id\":\"https:\\\/\\\/www.evropskakuca.me\\\/me\\\/eu-predlaze-snazan-multilateralni-trgovinski-odgovor-na-pandemiju-covid-19\\\/#breadcrumb\"},\"inLanguage\":\"me-ME\",\"potentialAction\":[{\"@type\":\"ReadAction\",\"target\":[\"https:\\\/\\\/www.evropskakuca.me\\\/me\\\/eu-predlaze-snazan-multilateralni-trgovinski-odgovor-na-pandemiju-covid-19\\\/\"]}]},{\"@type\":\"ImageObject\",\"inLanguage\":\"me-ME\",\"@id\":\"https:\\\/\\\/www.evropskakuca.me\\\/me\\\/eu-predlaze-snazan-multilateralni-trgovinski-odgovor-na-pandemiju-covid-19\\\/#primaryimage\",\"url\":\"https:\\\/\\\/www.evropskakuca.me\\\/wp-content\\\/uploads\\\/2021\\\/08\\\/eu5.jpg\",\"contentUrl\":\"https:\\\/\\\/www.evropskakuca.me\\\/wp-content\\\/uploads\\\/2021\\\/08\\\/eu5.jpg\",\"width\":750,\"height\":501},{\"@type\":\"BreadcrumbList\",\"@id\":\"https:\\\/\\\/www.evropskakuca.me\\\/me\\\/eu-predlaze-snazan-multilateralni-trgovinski-odgovor-na-pandemiju-covid-19\\\/#breadcrumb\",\"itemListElement\":[{\"@type\":\"ListItem\",\"position\":1,\"name\":\"Home\",\"item\":\"https:\\\/\\\/www.evropskakuca.me\\\/me\\\/\"},{\"@type\":\"ListItem\",\"position\":2,\"name\":\"EU predla\u017ee sna\u017ean multilateralni trgovinski odgovor na pandemiju COVID-19\"}]},{\"@type\":\"WebSite\",\"@id\":\"https:\\\/\\\/www.evropskakuca.me\\\/me\\\/#website\",\"url\":\"https:\\\/\\\/www.evropskakuca.me\\\/me\\\/\",\"name\":\"Evropean house\",\"description\":\"\",\"publisher\":{\"@id\":\"https:\\\/\\\/www.evropskakuca.me\\\/me\\\/#organization\"},\"potentialAction\":[{\"@type\":\"SearchAction\",\"target\":{\"@type\":\"EntryPoint\",\"urlTemplate\":\"https:\\\/\\\/www.evropskakuca.me\\\/me\\\/?s={search_term_string}\"},\"query-input\":{\"@type\":\"PropertyValueSpecification\",\"valueRequired\":true,\"valueName\":\"search_term_string\"}}],\"inLanguage\":\"me-ME\"},{\"@type\":\"Organization\",\"@id\":\"https:\\\/\\\/www.evropskakuca.me\\\/me\\\/#organization\",\"name\":\"Evropean house\",\"url\":\"https:\\\/\\\/www.evropskakuca.me\\\/me\\\/\",\"logo\":{\"@type\":\"ImageObject\",\"inLanguage\":\"me-ME\",\"@id\":\"https:\\\/\\\/www.evropskakuca.me\\\/me\\\/#\\\/schema\\\/logo\\\/image\\\/\",\"url\":\"https:\\\/\\\/www.evropskakuca.me\\\/wp-content\\\/uploads\\\/2025\\\/01\\\/evropska-kuca-logo-1.png\",\"contentUrl\":\"https:\\\/\\\/www.evropskakuca.me\\\/wp-content\\\/uploads\\\/2025\\\/01\\\/evropska-kuca-logo-1.png\",\"width\":425,\"height\":312,\"caption\":\"Evropean house\"},\"image\":{\"@id\":\"https:\\\/\\\/www.evropskakuca.me\\\/me\\\/#\\\/schema\\\/logo\\\/image\\\/\"},\"sameAs\":[\"https:\\\/\\\/www.facebook.com\\\/evropska.kuca\",\"https:\\\/\\\/x.com\\\/evropska_kuca\",\"https:\\\/\\\/www.instagram.com\\\/evropska_kuca\"]},{\"@type\":\"Person\",\"@id\":\"https:\\\/\\\/www.evropskakuca.me\\\/me\\\/#\\\/schema\\\/person\\\/a1d0dcdaefe4a1cd1d60d200ea137ba4\",\"name\":\"mkajic\",\"image\":{\"@type\":\"ImageObject\",\"inLanguage\":\"me-ME\",\"@id\":\"https:\\\/\\\/secure.gravatar.com\\\/avatar\\\/731fa035cefab7316e6bafd1f25a93fb731a07de14e2d9923f8db4422628eabc?s=96&d=mm&r=g\",\"url\":\"https:\\\/\\\/secure.gravatar.com\\\/avatar\\\/731fa035cefab7316e6bafd1f25a93fb731a07de14e2d9923f8db4422628eabc?s=96&d=mm&r=g\",\"contentUrl\":\"https:\\\/\\\/secure.gravatar.com\\\/avatar\\\/731fa035cefab7316e6bafd1f25a93fb731a07de14e2d9923f8db4422628eabc?s=96&d=mm&r=g\",\"caption\":\"mkajic\"},\"sameAs\":[\"https:\\\/\\\/evropskakuca.me\"],\"url\":\"https:\\\/\\\/www.evropskakuca.me\\\/me\\\/author\\\/mkajic\\\/\"}]}<\/script>\n<!-- \/ Yoast SEO plugin. -->","yoast_head_json":{"title":"EU predla\u017ee sna\u017ean multilateralni trgovinski odgovor na pandemiju COVID-19 - Europe House","robots":{"index":"index","follow":"follow","max-snippet":"max-snippet:-1","max-image-preview":"max-image-preview:large","max-video-preview":"max-video-preview:-1"},"canonical":"https:\/\/www.evropskakuca.me\/me\/eu-predlaze-snazan-multilateralni-trgovinski-odgovor-na-pandemiju-covid-19\/","og_locale":"en_US","og_type":"article","og_title":"EU predla\u017ee sna\u017ean multilateralni trgovinski odgovor na pandemiju COVID-19 - Europe House","og_description":"EU je podnijela svoj prijedlog tra\u017eec\u0301i posvec\u0301enost \u010dlanica Svjetske trgovinske organizacije (STO) za multilateralni trgovinski akcioni plan za pro\u0161irenje proizvodnje COVID-19 vakcina i tretmana i osiguravanje univerzalnog i po\u0161tenog pristupa. Ovim prijedlogom STO-u, podijeljenom u dvije komunikacije, EU podvla\u010di centralnu ulogu STO-a u odgovoru na pandemiju COVID-19 i podsti\u010de ostale \u010dlanice STO-a da se dogovore [&hellip;]","og_url":"https:\/\/www.evropskakuca.me\/me\/eu-predlaze-snazan-multilateralni-trgovinski-odgovor-na-pandemiju-covid-19\/","og_site_name":"Europe House","article_publisher":"https:\/\/www.facebook.com\/evropska.kuca","article_published_time":"2021-06-08T12:31:06+00:00","og_image":[{"width":750,"height":501,"url":"https:\/\/www.evropskakuca.me\/wp-content\/uploads\/2021\/08\/eu5.jpg","type":"image\/jpeg"}],"author":"mkajic","twitter_card":"summary_large_image","twitter_creator":"@evropska_kuca","twitter_site":"@evropska_kuca","twitter_misc":{"Written by":"mkajic","Est. reading time":"4 minutes"},"schema":{"@context":"https:\/\/schema.org","@graph":[{"@type":"Article","@id":"https:\/\/www.evropskakuca.me\/me\/eu-predlaze-snazan-multilateralni-trgovinski-odgovor-na-pandemiju-covid-19\/#article","isPartOf":{"@id":"https:\/\/www.evropskakuca.me\/me\/eu-predlaze-snazan-multilateralni-trgovinski-odgovor-na-pandemiju-covid-19\/"},"author":{"name":"mkajic","@id":"https:\/\/www.evropskakuca.me\/me\/#\/schema\/person\/a1d0dcdaefe4a1cd1d60d200ea137ba4"},"headline":"EU predla\u017ee sna\u017ean multilateralni trgovinski odgovor na pandemiju COVID-19","datePublished":"2021-06-08T12:31:06+00:00","mainEntityOfPage":{"@id":"https:\/\/www.evropskakuca.me\/me\/eu-predlaze-snazan-multilateralni-trgovinski-odgovor-na-pandemiju-covid-19\/"},"wordCount":822,"publisher":{"@id":"https:\/\/www.evropskakuca.me\/me\/#organization"},"image":{"@id":"https:\/\/www.evropskakuca.me\/me\/eu-predlaze-snazan-multilateralni-trgovinski-odgovor-na-pandemiju-covid-19\/#primaryimage"},"thumbnailUrl":"https:\/\/www.evropskakuca.me\/wp-content\/uploads\/2021\/08\/eu5.jpg","articleSection":["Koronavirusa","Novosti"],"inLanguage":"me-ME"},{"@type":"WebPage","@id":"https:\/\/www.evropskakuca.me\/me\/eu-predlaze-snazan-multilateralni-trgovinski-odgovor-na-pandemiju-covid-19\/","url":"https:\/\/www.evropskakuca.me\/me\/eu-predlaze-snazan-multilateralni-trgovinski-odgovor-na-pandemiju-covid-19\/","name":"EU predla\u017ee sna\u017ean multilateralni trgovinski odgovor na pandemiju COVID-19 - Europe House","isPartOf":{"@id":"https:\/\/www.evropskakuca.me\/me\/#website"},"primaryImageOfPage":{"@id":"https:\/\/www.evropskakuca.me\/me\/eu-predlaze-snazan-multilateralni-trgovinski-odgovor-na-pandemiju-covid-19\/#primaryimage"},"image":{"@id":"https:\/\/www.evropskakuca.me\/me\/eu-predlaze-snazan-multilateralni-trgovinski-odgovor-na-pandemiju-covid-19\/#primaryimage"},"thumbnailUrl":"https:\/\/www.evropskakuca.me\/wp-content\/uploads\/2021\/08\/eu5.jpg","datePublished":"2021-06-08T12:31:06+00:00","breadcrumb":{"@id":"https:\/\/www.evropskakuca.me\/me\/eu-predlaze-snazan-multilateralni-trgovinski-odgovor-na-pandemiju-covid-19\/#breadcrumb"},"inLanguage":"me-ME","potentialAction":[{"@type":"ReadAction","target":["https:\/\/www.evropskakuca.me\/me\/eu-predlaze-snazan-multilateralni-trgovinski-odgovor-na-pandemiju-covid-19\/"]}]},{"@type":"ImageObject","inLanguage":"me-ME","@id":"https:\/\/www.evropskakuca.me\/me\/eu-predlaze-snazan-multilateralni-trgovinski-odgovor-na-pandemiju-covid-19\/#primaryimage","url":"https:\/\/www.evropskakuca.me\/wp-content\/uploads\/2021\/08\/eu5.jpg","contentUrl":"https:\/\/www.evropskakuca.me\/wp-content\/uploads\/2021\/08\/eu5.jpg","width":750,"height":501},{"@type":"BreadcrumbList","@id":"https:\/\/www.evropskakuca.me\/me\/eu-predlaze-snazan-multilateralni-trgovinski-odgovor-na-pandemiju-covid-19\/#breadcrumb","itemListElement":[{"@type":"ListItem","position":1,"name":"Home","item":"https:\/\/www.evropskakuca.me\/me\/"},{"@type":"ListItem","position":2,"name":"EU predla\u017ee sna\u017ean multilateralni trgovinski odgovor na pandemiju COVID-19"}]},{"@type":"WebSite","@id":"https:\/\/www.evropskakuca.me\/me\/#website","url":"https:\/\/www.evropskakuca.me\/me\/","name":"Evropean house","description":"","publisher":{"@id":"https:\/\/www.evropskakuca.me\/me\/#organization"},"potentialAction":[{"@type":"SearchAction","target":{"@type":"EntryPoint","urlTemplate":"https:\/\/www.evropskakuca.me\/me\/?s={search_term_string}"},"query-input":{"@type":"PropertyValueSpecification","valueRequired":true,"valueName":"search_term_string"}}],"inLanguage":"me-ME"},{"@type":"Organization","@id":"https:\/\/www.evropskakuca.me\/me\/#organization","name":"Evropean house","url":"https:\/\/www.evropskakuca.me\/me\/","logo":{"@type":"ImageObject","inLanguage":"me-ME","@id":"https:\/\/www.evropskakuca.me\/me\/#\/schema\/logo\/image\/","url":"https:\/\/www.evropskakuca.me\/wp-content\/uploads\/2025\/01\/evropska-kuca-logo-1.png","contentUrl":"https:\/\/www.evropskakuca.me\/wp-content\/uploads\/2025\/01\/evropska-kuca-logo-1.png","width":425,"height":312,"caption":"Evropean house"},"image":{"@id":"https:\/\/www.evropskakuca.me\/me\/#\/schema\/logo\/image\/"},"sameAs":["https:\/\/www.facebook.com\/evropska.kuca","https:\/\/x.com\/evropska_kuca","https:\/\/www.instagram.com\/evropska_kuca"]},{"@type":"Person","@id":"https:\/\/www.evropskakuca.me\/me\/#\/schema\/person\/a1d0dcdaefe4a1cd1d60d200ea137ba4","name":"mkajic","image":{"@type":"ImageObject","inLanguage":"me-ME","@id":"https:\/\/secure.gravatar.com\/avatar\/731fa035cefab7316e6bafd1f25a93fb731a07de14e2d9923f8db4422628eabc?s=96&d=mm&r=g","url":"https:\/\/secure.gravatar.com\/avatar\/731fa035cefab7316e6bafd1f25a93fb731a07de14e2d9923f8db4422628eabc?s=96&d=mm&r=g","contentUrl":"https:\/\/secure.gravatar.com\/avatar\/731fa035cefab7316e6bafd1f25a93fb731a07de14e2d9923f8db4422628eabc?s=96&d=mm&r=g","caption":"mkajic"},"sameAs":["https:\/\/evropskakuca.me"],"url":"https:\/\/www.evropskakuca.me\/me\/author\/mkajic\/"}]}},"_links":{"self":[{"href":"https:\/\/www.evropskakuca.me\/me\/wp-json\/wp\/v2\/posts\/13967","targetHints":{"allow":["GET"]}}],"collection":[{"href":"https:\/\/www.evropskakuca.me\/me\/wp-json\/wp\/v2\/posts"}],"about":[{"href":"https:\/\/www.evropskakuca.me\/me\/wp-json\/wp\/v2\/types\/post"}],"author":[{"embeddable":true,"href":"https:\/\/www.evropskakuca.me\/me\/wp-json\/wp\/v2\/users\/1"}],"replies":[{"embeddable":true,"href":"https:\/\/www.evropskakuca.me\/me\/wp-json\/wp\/v2\/comments?post=13967"}],"version-history":[{"count":0,"href":"https:\/\/www.evropskakuca.me\/me\/wp-json\/wp\/v2\/posts\/13967\/revisions"}],"wp:featuredmedia":[{"embeddable":true,"href":"https:\/\/www.evropskakuca.me\/me\/wp-json\/wp\/v2\/media\/37166"}],"wp:attachment":[{"href":"https:\/\/www.evropskakuca.me\/me\/wp-json\/wp\/v2\/media?parent=13967"}],"wp:term":[{"taxonomy":"category","embeddable":true,"href":"https:\/\/www.evropskakuca.me\/me\/wp-json\/wp\/v2\/categories?post=13967"},{"taxonomy":"post_tag","embeddable":true,"href":"https:\/\/www.evropskakuca.me\/me\/wp-json\/wp\/v2\/tags?post=13967"}],"curies":[{"name":"wp","href":"https:\/\/api.w.org\/{rel}","templated":true}]}}