{"id":13911,"date":"2021-08-05T11:11:00","date_gmt":"2021-08-05T11:11:00","guid":{"rendered":"http:\/\/www.evropskakuca.me\/?p=13911"},"modified":"2021-08-05T11:11:00","modified_gmt":"2021-08-05T11:11:00","slug":"eu-podrzala-promociju-odrzive-mode","status":"publish","type":"post","link":"https:\/\/www.evropskakuca.me\/me\/eu-podrzala-promociju-odrzive-mode\/","title":{"rendered":"EU podr\u017eala promociju odr\u017eive mode"},"content":{"rendered":"<p><span lang=\"EN-GB\" xml:lang=\"EN-GB\">Evropska unija u Crnoj Gori\u00a0<\/span><span lang=\"SR-LATN-ME\" xml:lang=\"SR-LATN-ME\">zakora\u010dila je na modnu pistu, ali odr\u017eivu. Prvi put podr\u017eala je internacionalni modni festival (IFF) Green Edition-Porto Montenegro 2021, koji je ove godine ispratio svjetski trend i posvetio se zelenoj, eti\u010dkoj modi. Zahvaljuju\u0107i tome, crnogorska publika imala je priliku da prvi put vidi kreacije evropskog pionira odr\u017eive mode, holan\u0111anina Ronalda van der Kempa RVDK i crnogorske zvijezde u usponu Aleksandre D\u017eakovi\u0107. Festival su organizovali agencija Fabrika i Porto Montenegro 23. i 24. jula, ispred hotela Regenet u Tivtu.<\/span><\/p>\n<p>&nbsp;<\/p>\n<div class=\"media media-element-container media-eeas_full_width\">\n<div id=\"file-107100\" class=\"file file-image file-image-jpeg\">\n<div class=\"content\"><img decoding=\"async\" class=\"media-element file-eeas-full-width\" src=\"https:\/\/eeas.europa.eu\/sites\/default\/files\/styles\/eeas_full_width\/public\/revija_3.jpg?itok=DQ9DvzsA\" alt=\"\" data-delta=\"1\" \/><\/div>\n<\/div>\n<\/div>\n<p>&nbsp;<\/p>\n<p><span lang=\"SR-LATN-ME\" xml:lang=\"SR-LATN-ME\">Drugo ve\u010de festivala otvorila je ambasadorka Evropske unije u Crnoj Gori Oana Kristina Popa koja je pojasnila da je podr\u017eala festival, jer pru\u017ea priliku da Crna Gora i EU zajedno promovi\u0161u zelenu, eti\u010dku i odr\u017eivu modu.<\/span><\/p>\n<p><span lang=\"SR-LATN-ME\" xml:lang=\"SR-LATN-ME\">\u201eEU je globalni pionir kada je u pitanju za\u0161tita \u017eivotne sredine i borba protiv klimatskih promjena. Na\u0161 Zeleni dogovor postavio je vrlo konkretne i ambiciozne ciljeve, kako bi EU postala prvi karbonski neutralan kontinent do 2050. godine. Kao dio ovih napora \u0161irom Evrope, moramo preispitati i industrije mode i tekstila, koje su zapravo veliki zaga\u0111iva\u010di. Naro\u010dito nakon pandemije koronavirusa, postoji hitna potreba za stvaranjem zelenijeg i pravednijeg dru\u0161tva. Moramo podr\u017eati mlade inovatore, kreatore i dizajnere koji promovi\u0161u sporu umjesto brze mode\u201c, poru\u010dila je Popa na otvaranju.<\/span><\/p>\n<p><span lang=\"SR-LATN-ME\" xml:lang=\"SR-LATN-ME\">Neposredno prije po\u010detka druge ve\u010deri festivala, odr\u017eana je i mini revija Aleksandre D\u017eakovi\u0107 na tivatskoj rivi. Ovaj doga\u0111aj inicirala je Evropska unija, u \u017eelji da odr\u017eivu modu pribli\u017ei svima.\u00a0<\/span><span lang=\"EN-GB\" xml:lang=\"EN-GB\">Zeleni<\/span>\u00a0<span lang=\"EN-GB\" xml:lang=\"EN-GB\">modni<\/span>\u00a0<span lang=\"EN-GB\" xml:lang=\"EN-GB\">defile<\/span>\u00a0<span lang=\"EN-GB\" xml:lang=\"EN-GB\">na<\/span><span lang=\"SR-LATN-ME\" xml:lang=\"SR-LATN-ME\">\u00a0\u0161<\/span><span lang=\"EN-GB\" xml:lang=\"EN-GB\">etali<\/span><span lang=\"SR-LATN-ME\" xml:lang=\"SR-LATN-ME\">\u0161<\/span><span lang=\"EN-GB\" xml:lang=\"EN-GB\">tu<\/span>\u00a0<span lang=\"EN-GB\" xml:lang=\"EN-GB\">Pine<\/span>\u00a0<span lang=\"EN-GB\" xml:lang=\"EN-GB\">iznenadio je<\/span>\u00a0<span lang=\"EN-GB\" xml:lang=\"EN-GB\">gra<\/span><span lang=\"SR-LATN-ME\" xml:lang=\"SR-LATN-ME\">\u0111<\/span><span lang=\"EN-GB\" xml:lang=\"EN-GB\">ane<\/span>\u00a0<span lang=\"EN-GB\" xml:lang=\"EN-GB\">Tivta i njihove goste, kojima se tako\u0111e obratila Popa.<\/span><\/p>\n<p>&nbsp;<\/p>\n<div class=\"media media-element-container media-eeas_full_width\">\n<div id=\"file-107101\" class=\"file file-image file-image-jpeg\">\n<div class=\"content\"><img decoding=\"async\" class=\"media-element file-eeas-full-width\" src=\"https:\/\/eeas.europa.eu\/sites\/default\/files\/styles\/eeas_full_width\/public\/revija_4.jpg?itok=vWp4FZ8-\" alt=\"\" data-delta=\"2\" \/><\/div>\n<\/div>\n<\/div>\n<p>&nbsp;<\/p>\n<p><span lang=\"SR-LATN-ME\" xml:lang=\"SR-LATN-ME\">\u201eOve godine tema festivala je odr\u017eiva i zelena moda. To je moda koja ne zaga\u0111uje, koja je odgovorna i \u010duva na\u0161u okolinu. Aleksandra D\u017eakovi\u0107 je dizajnerka koja je rekla NE brzoj modi. Ve\u010deras \u0107e vam predstaviti svoje inovativne kreacije od odr\u017eivih materijala kao spoj modernog i tradicionalnog. Odr\u017eiva moda je za sve nas. Zato vam Evropska unija ve\u010deras poklanja njenu reviju\u201c, poru\u010dila je Popa.<\/span><\/p>\n<p>&nbsp;<\/p>\n<div class=\"media media-element-container media-eeas_full_width\">\n<div id=\"file-107102\" class=\"file file-image file-image-jpeg\">\n<div class=\"content\"><img decoding=\"async\" class=\"media-element file-eeas-full-width\" src=\"https:\/\/eeas.europa.eu\/sites\/default\/files\/styles\/eeas_full_width\/public\/revija_5.jpg?itok=9Zyt4UBE\" alt=\"\" data-delta=\"3\" \/><\/div>\n<\/div>\n<\/div>\n<p>&nbsp;<\/p>\n<p><span lang=\"SR-LATN-ME\" xml:lang=\"SR-LATN-ME\">Aleksandra D\u017eakovi\u0107, prva crnogorska dizajnerka koja je pozvala da na jesen predstavi svoje kreacije na nedjelji mode u Londonu, premijerno je predstavila AKKA dizajnerski projekat &#8211; odijevne predmete od biorazgradivog materijala. Kada je estetika u pitanju, inspiraciju je na\u0161la u crnogorskoj narodnoj no\u0161nji. Pored njene revije, posjetioci \u0161etali\u0161ta Pine imali su priliku i da u\u017eivo prate prenos revija koje su te ve\u010deri organizovane u okviru zvani\u010dnog dijela modnog festivala.<\/span><\/p>\n<p><iframe title=\"EU ambasadorka posjetila Tivat i EU eko projekte\" width=\"800\" height=\"450\" src=\"https:\/\/www.youtube.com\/embed\/UIp2Y__aP3A?start=3&#038;feature=oembed\" frameborder=\"0\" allow=\"accelerometer; autoplay; clipboard-write; encrypted-media; gyroscope; picture-in-picture; web-share\" referrerpolicy=\"strict-origin-when-cross-origin\" allowfullscreen><\/iframe><\/p>\n","protected":false},"excerpt":{"rendered":"<p>Evropska unija u Crnoj Gori\u00a0zakora\u010dila je na modnu pistu, ali odr\u017eivu. Prvi put podr\u017eala je internacionalni modni festival (IFF) Green Edition-Porto Montenegro 2021, koji je ove godine ispratio svjetski trend i posvetio se zelenoj, eti\u010dkoj modi. Zahvaljuju\u0107i tome, crnogorska publika imala je priliku da prvi put vidi kreacije evropskog pionira odr\u017eive mode, holan\u0111anina Ronalda van [&hellip;]<\/p>\n","protected":false},"author":1,"featured_media":37168,"comment_status":"closed","ping_status":"closed","sticky":false,"template":"","format":"standard","meta":{"_acf_changed":false,"footnotes":""},"categories":[283],"tags":[],"class_list":["post-13911","post","type-post","status-publish","format-standard","has-post-thumbnail","hentry","category-novosti-me"],"acf":[],"yoast_head":"<!-- This site is optimized with the Yoast SEO plugin v27.3 - https:\/\/yoast.com\/product\/yoast-seo-wordpress\/ -->\n<title>EU podr\u017eala promociju odr\u017eive mode - Europe House<\/title>\n<meta name=\"robots\" content=\"index, follow, max-snippet:-1, max-image-preview:large, max-video-preview:-1\" \/>\n<link rel=\"canonical\" href=\"https:\/\/www.evropskakuca.me\/me\/eu-podrzala-promociju-odrzive-mode\/\" \/>\n<meta property=\"og:locale\" content=\"en_US\" \/>\n<meta property=\"og:type\" content=\"article\" \/>\n<meta property=\"og:title\" content=\"EU podr\u017eala promociju odr\u017eive mode - Europe House\" \/>\n<meta property=\"og:description\" content=\"Evropska unija u Crnoj Gori\u00a0zakora\u010dila je na modnu pistu, ali odr\u017eivu. Prvi put podr\u017eala je internacionalni modni festival (IFF) Green Edition-Porto Montenegro 2021, koji je ove godine ispratio svjetski trend i posvetio se zelenoj, eti\u010dkoj modi. Zahvaljuju\u0107i tome, crnogorska publika imala je priliku da prvi put vidi kreacije evropskog pionira odr\u017eive mode, holan\u0111anina Ronalda van [&hellip;]\" \/>\n<meta property=\"og:url\" content=\"https:\/\/www.evropskakuca.me\/me\/eu-podrzala-promociju-odrzive-mode\/\" \/>\n<meta property=\"og:site_name\" content=\"Europe House\" \/>\n<meta property=\"article:publisher\" content=\"https:\/\/www.facebook.com\/evropska.kuca\" \/>\n<meta property=\"article:published_time\" content=\"2021-08-05T11:11:00+00:00\" \/>\n<meta property=\"og:image\" content=\"https:\/\/www.evropskakuca.me\/wp-content\/uploads\/2021\/08\/fashion-13-1024x683.jpg\" \/>\n\t<meta property=\"og:image:width\" content=\"1024\" \/>\n\t<meta property=\"og:image:height\" content=\"683\" \/>\n\t<meta property=\"og:image:type\" content=\"image\/jpeg\" \/>\n<meta name=\"author\" content=\"mkajic\" \/>\n<meta name=\"twitter:card\" content=\"summary_large_image\" \/>\n<meta name=\"twitter:creator\" content=\"@evropska_kuca\" \/>\n<meta name=\"twitter:site\" content=\"@evropska_kuca\" \/>\n<meta name=\"twitter:label1\" content=\"Written by\" \/>\n\t<meta name=\"twitter:data1\" content=\"mkajic\" \/>\n\t<meta name=\"twitter:label2\" content=\"Est. reading time\" \/>\n\t<meta name=\"twitter:data2\" content=\"2 minutes\" \/>\n<script type=\"application\/ld+json\" class=\"yoast-schema-graph\">{\"@context\":\"https:\\\/\\\/schema.org\",\"@graph\":[{\"@type\":\"Article\",\"@id\":\"https:\\\/\\\/www.evropskakuca.me\\\/me\\\/eu-podrzala-promociju-odrzive-mode\\\/#article\",\"isPartOf\":{\"@id\":\"https:\\\/\\\/www.evropskakuca.me\\\/me\\\/eu-podrzala-promociju-odrzive-mode\\\/\"},\"author\":{\"name\":\"mkajic\",\"@id\":\"https:\\\/\\\/www.evropskakuca.me\\\/me\\\/#\\\/schema\\\/person\\\/a1d0dcdaefe4a1cd1d60d200ea137ba4\"},\"headline\":\"EU podr\u017eala promociju odr\u017eive mode\",\"datePublished\":\"2021-08-05T11:11:00+00:00\",\"mainEntityOfPage\":{\"@id\":\"https:\\\/\\\/www.evropskakuca.me\\\/me\\\/eu-podrzala-promociju-odrzive-mode\\\/\"},\"wordCount\":455,\"publisher\":{\"@id\":\"https:\\\/\\\/www.evropskakuca.me\\\/me\\\/#organization\"},\"image\":{\"@id\":\"https:\\\/\\\/www.evropskakuca.me\\\/me\\\/eu-podrzala-promociju-odrzive-mode\\\/#primaryimage\"},\"thumbnailUrl\":\"https:\\\/\\\/www.evropskakuca.me\\\/wp-content\\\/uploads\\\/2021\\\/08\\\/fashion-13.jpg\",\"articleSection\":[\"Novosti\"],\"inLanguage\":\"me-ME\"},{\"@type\":\"WebPage\",\"@id\":\"https:\\\/\\\/www.evropskakuca.me\\\/me\\\/eu-podrzala-promociju-odrzive-mode\\\/\",\"url\":\"https:\\\/\\\/www.evropskakuca.me\\\/me\\\/eu-podrzala-promociju-odrzive-mode\\\/\",\"name\":\"EU podr\u017eala promociju odr\u017eive mode - Europe House\",\"isPartOf\":{\"@id\":\"https:\\\/\\\/www.evropskakuca.me\\\/me\\\/#website\"},\"primaryImageOfPage\":{\"@id\":\"https:\\\/\\\/www.evropskakuca.me\\\/me\\\/eu-podrzala-promociju-odrzive-mode\\\/#primaryimage\"},\"image\":{\"@id\":\"https:\\\/\\\/www.evropskakuca.me\\\/me\\\/eu-podrzala-promociju-odrzive-mode\\\/#primaryimage\"},\"thumbnailUrl\":\"https:\\\/\\\/www.evropskakuca.me\\\/wp-content\\\/uploads\\\/2021\\\/08\\\/fashion-13.jpg\",\"datePublished\":\"2021-08-05T11:11:00+00:00\",\"breadcrumb\":{\"@id\":\"https:\\\/\\\/www.evropskakuca.me\\\/me\\\/eu-podrzala-promociju-odrzive-mode\\\/#breadcrumb\"},\"inLanguage\":\"me-ME\",\"potentialAction\":[{\"@type\":\"ReadAction\",\"target\":[\"https:\\\/\\\/www.evropskakuca.me\\\/me\\\/eu-podrzala-promociju-odrzive-mode\\\/\"]}]},{\"@type\":\"ImageObject\",\"inLanguage\":\"me-ME\",\"@id\":\"https:\\\/\\\/www.evropskakuca.me\\\/me\\\/eu-podrzala-promociju-odrzive-mode\\\/#primaryimage\",\"url\":\"https:\\\/\\\/www.evropskakuca.me\\\/wp-content\\\/uploads\\\/2021\\\/08\\\/fashion-13.jpg\",\"contentUrl\":\"https:\\\/\\\/www.evropskakuca.me\\\/wp-content\\\/uploads\\\/2021\\\/08\\\/fashion-13.jpg\",\"width\":2500,\"height\":1667},{\"@type\":\"BreadcrumbList\",\"@id\":\"https:\\\/\\\/www.evropskakuca.me\\\/me\\\/eu-podrzala-promociju-odrzive-mode\\\/#breadcrumb\",\"itemListElement\":[{\"@type\":\"ListItem\",\"position\":1,\"name\":\"Home\",\"item\":\"https:\\\/\\\/www.evropskakuca.me\\\/me\\\/\"},{\"@type\":\"ListItem\",\"position\":2,\"name\":\"EU podr\u017eala promociju odr\u017eive mode\"}]},{\"@type\":\"WebSite\",\"@id\":\"https:\\\/\\\/www.evropskakuca.me\\\/me\\\/#website\",\"url\":\"https:\\\/\\\/www.evropskakuca.me\\\/me\\\/\",\"name\":\"Evropean house\",\"description\":\"\",\"publisher\":{\"@id\":\"https:\\\/\\\/www.evropskakuca.me\\\/me\\\/#organization\"},\"potentialAction\":[{\"@type\":\"SearchAction\",\"target\":{\"@type\":\"EntryPoint\",\"urlTemplate\":\"https:\\\/\\\/www.evropskakuca.me\\\/me\\\/?s={search_term_string}\"},\"query-input\":{\"@type\":\"PropertyValueSpecification\",\"valueRequired\":true,\"valueName\":\"search_term_string\"}}],\"inLanguage\":\"me-ME\"},{\"@type\":\"Organization\",\"@id\":\"https:\\\/\\\/www.evropskakuca.me\\\/me\\\/#organization\",\"name\":\"Evropean house\",\"url\":\"https:\\\/\\\/www.evropskakuca.me\\\/me\\\/\",\"logo\":{\"@type\":\"ImageObject\",\"inLanguage\":\"me-ME\",\"@id\":\"https:\\\/\\\/www.evropskakuca.me\\\/me\\\/#\\\/schema\\\/logo\\\/image\\\/\",\"url\":\"https:\\\/\\\/www.evropskakuca.me\\\/wp-content\\\/uploads\\\/2025\\\/01\\\/evropska-kuca-logo-1.png\",\"contentUrl\":\"https:\\\/\\\/www.evropskakuca.me\\\/wp-content\\\/uploads\\\/2025\\\/01\\\/evropska-kuca-logo-1.png\",\"width\":425,\"height\":312,\"caption\":\"Evropean house\"},\"image\":{\"@id\":\"https:\\\/\\\/www.evropskakuca.me\\\/me\\\/#\\\/schema\\\/logo\\\/image\\\/\"},\"sameAs\":[\"https:\\\/\\\/www.facebook.com\\\/evropska.kuca\",\"https:\\\/\\\/x.com\\\/evropska_kuca\",\"https:\\\/\\\/www.instagram.com\\\/evropska_kuca\"]},{\"@type\":\"Person\",\"@id\":\"https:\\\/\\\/www.evropskakuca.me\\\/me\\\/#\\\/schema\\\/person\\\/a1d0dcdaefe4a1cd1d60d200ea137ba4\",\"name\":\"mkajic\",\"image\":{\"@type\":\"ImageObject\",\"inLanguage\":\"me-ME\",\"@id\":\"https:\\\/\\\/secure.gravatar.com\\\/avatar\\\/731fa035cefab7316e6bafd1f25a93fb731a07de14e2d9923f8db4422628eabc?s=96&d=mm&r=g\",\"url\":\"https:\\\/\\\/secure.gravatar.com\\\/avatar\\\/731fa035cefab7316e6bafd1f25a93fb731a07de14e2d9923f8db4422628eabc?s=96&d=mm&r=g\",\"contentUrl\":\"https:\\\/\\\/secure.gravatar.com\\\/avatar\\\/731fa035cefab7316e6bafd1f25a93fb731a07de14e2d9923f8db4422628eabc?s=96&d=mm&r=g\",\"caption\":\"mkajic\"},\"sameAs\":[\"https:\\\/\\\/evropskakuca.me\"],\"url\":\"https:\\\/\\\/www.evropskakuca.me\\\/me\\\/author\\\/mkajic\\\/\"}]}<\/script>\n<!-- \/ Yoast SEO plugin. -->","yoast_head_json":{"title":"EU podr\u017eala promociju odr\u017eive mode - Europe House","robots":{"index":"index","follow":"follow","max-snippet":"max-snippet:-1","max-image-preview":"max-image-preview:large","max-video-preview":"max-video-preview:-1"},"canonical":"https:\/\/www.evropskakuca.me\/me\/eu-podrzala-promociju-odrzive-mode\/","og_locale":"en_US","og_type":"article","og_title":"EU podr\u017eala promociju odr\u017eive mode - Europe House","og_description":"Evropska unija u Crnoj Gori\u00a0zakora\u010dila je na modnu pistu, ali odr\u017eivu. Prvi put podr\u017eala je internacionalni modni festival (IFF) Green Edition-Porto Montenegro 2021, koji je ove godine ispratio svjetski trend i posvetio se zelenoj, eti\u010dkoj modi. Zahvaljuju\u0107i tome, crnogorska publika imala je priliku da prvi put vidi kreacije evropskog pionira odr\u017eive mode, holan\u0111anina Ronalda van [&hellip;]","og_url":"https:\/\/www.evropskakuca.me\/me\/eu-podrzala-promociju-odrzive-mode\/","og_site_name":"Europe House","article_publisher":"https:\/\/www.facebook.com\/evropska.kuca","article_published_time":"2021-08-05T11:11:00+00:00","og_image":[{"width":1024,"height":683,"url":"https:\/\/www.evropskakuca.me\/wp-content\/uploads\/2021\/08\/fashion-13-1024x683.jpg","type":"image\/jpeg"}],"author":"mkajic","twitter_card":"summary_large_image","twitter_creator":"@evropska_kuca","twitter_site":"@evropska_kuca","twitter_misc":{"Written by":"mkajic","Est. reading time":"2 minutes"},"schema":{"@context":"https:\/\/schema.org","@graph":[{"@type":"Article","@id":"https:\/\/www.evropskakuca.me\/me\/eu-podrzala-promociju-odrzive-mode\/#article","isPartOf":{"@id":"https:\/\/www.evropskakuca.me\/me\/eu-podrzala-promociju-odrzive-mode\/"},"author":{"name":"mkajic","@id":"https:\/\/www.evropskakuca.me\/me\/#\/schema\/person\/a1d0dcdaefe4a1cd1d60d200ea137ba4"},"headline":"EU podr\u017eala promociju odr\u017eive mode","datePublished":"2021-08-05T11:11:00+00:00","mainEntityOfPage":{"@id":"https:\/\/www.evropskakuca.me\/me\/eu-podrzala-promociju-odrzive-mode\/"},"wordCount":455,"publisher":{"@id":"https:\/\/www.evropskakuca.me\/me\/#organization"},"image":{"@id":"https:\/\/www.evropskakuca.me\/me\/eu-podrzala-promociju-odrzive-mode\/#primaryimage"},"thumbnailUrl":"https:\/\/www.evropskakuca.me\/wp-content\/uploads\/2021\/08\/fashion-13.jpg","articleSection":["Novosti"],"inLanguage":"me-ME"},{"@type":"WebPage","@id":"https:\/\/www.evropskakuca.me\/me\/eu-podrzala-promociju-odrzive-mode\/","url":"https:\/\/www.evropskakuca.me\/me\/eu-podrzala-promociju-odrzive-mode\/","name":"EU podr\u017eala promociju odr\u017eive mode - Europe House","isPartOf":{"@id":"https:\/\/www.evropskakuca.me\/me\/#website"},"primaryImageOfPage":{"@id":"https:\/\/www.evropskakuca.me\/me\/eu-podrzala-promociju-odrzive-mode\/#primaryimage"},"image":{"@id":"https:\/\/www.evropskakuca.me\/me\/eu-podrzala-promociju-odrzive-mode\/#primaryimage"},"thumbnailUrl":"https:\/\/www.evropskakuca.me\/wp-content\/uploads\/2021\/08\/fashion-13.jpg","datePublished":"2021-08-05T11:11:00+00:00","breadcrumb":{"@id":"https:\/\/www.evropskakuca.me\/me\/eu-podrzala-promociju-odrzive-mode\/#breadcrumb"},"inLanguage":"me-ME","potentialAction":[{"@type":"ReadAction","target":["https:\/\/www.evropskakuca.me\/me\/eu-podrzala-promociju-odrzive-mode\/"]}]},{"@type":"ImageObject","inLanguage":"me-ME","@id":"https:\/\/www.evropskakuca.me\/me\/eu-podrzala-promociju-odrzive-mode\/#primaryimage","url":"https:\/\/www.evropskakuca.me\/wp-content\/uploads\/2021\/08\/fashion-13.jpg","contentUrl":"https:\/\/www.evropskakuca.me\/wp-content\/uploads\/2021\/08\/fashion-13.jpg","width":2500,"height":1667},{"@type":"BreadcrumbList","@id":"https:\/\/www.evropskakuca.me\/me\/eu-podrzala-promociju-odrzive-mode\/#breadcrumb","itemListElement":[{"@type":"ListItem","position":1,"name":"Home","item":"https:\/\/www.evropskakuca.me\/me\/"},{"@type":"ListItem","position":2,"name":"EU podr\u017eala promociju odr\u017eive mode"}]},{"@type":"WebSite","@id":"https:\/\/www.evropskakuca.me\/me\/#website","url":"https:\/\/www.evropskakuca.me\/me\/","name":"Evropean house","description":"","publisher":{"@id":"https:\/\/www.evropskakuca.me\/me\/#organization"},"potentialAction":[{"@type":"SearchAction","target":{"@type":"EntryPoint","urlTemplate":"https:\/\/www.evropskakuca.me\/me\/?s={search_term_string}"},"query-input":{"@type":"PropertyValueSpecification","valueRequired":true,"valueName":"search_term_string"}}],"inLanguage":"me-ME"},{"@type":"Organization","@id":"https:\/\/www.evropskakuca.me\/me\/#organization","name":"Evropean house","url":"https:\/\/www.evropskakuca.me\/me\/","logo":{"@type":"ImageObject","inLanguage":"me-ME","@id":"https:\/\/www.evropskakuca.me\/me\/#\/schema\/logo\/image\/","url":"https:\/\/www.evropskakuca.me\/wp-content\/uploads\/2025\/01\/evropska-kuca-logo-1.png","contentUrl":"https:\/\/www.evropskakuca.me\/wp-content\/uploads\/2025\/01\/evropska-kuca-logo-1.png","width":425,"height":312,"caption":"Evropean house"},"image":{"@id":"https:\/\/www.evropskakuca.me\/me\/#\/schema\/logo\/image\/"},"sameAs":["https:\/\/www.facebook.com\/evropska.kuca","https:\/\/x.com\/evropska_kuca","https:\/\/www.instagram.com\/evropska_kuca"]},{"@type":"Person","@id":"https:\/\/www.evropskakuca.me\/me\/#\/schema\/person\/a1d0dcdaefe4a1cd1d60d200ea137ba4","name":"mkajic","image":{"@type":"ImageObject","inLanguage":"me-ME","@id":"https:\/\/secure.gravatar.com\/avatar\/731fa035cefab7316e6bafd1f25a93fb731a07de14e2d9923f8db4422628eabc?s=96&d=mm&r=g","url":"https:\/\/secure.gravatar.com\/avatar\/731fa035cefab7316e6bafd1f25a93fb731a07de14e2d9923f8db4422628eabc?s=96&d=mm&r=g","contentUrl":"https:\/\/secure.gravatar.com\/avatar\/731fa035cefab7316e6bafd1f25a93fb731a07de14e2d9923f8db4422628eabc?s=96&d=mm&r=g","caption":"mkajic"},"sameAs":["https:\/\/evropskakuca.me"],"url":"https:\/\/www.evropskakuca.me\/me\/author\/mkajic\/"}]}},"_links":{"self":[{"href":"https:\/\/www.evropskakuca.me\/me\/wp-json\/wp\/v2\/posts\/13911","targetHints":{"allow":["GET"]}}],"collection":[{"href":"https:\/\/www.evropskakuca.me\/me\/wp-json\/wp\/v2\/posts"}],"about":[{"href":"https:\/\/www.evropskakuca.me\/me\/wp-json\/wp\/v2\/types\/post"}],"author":[{"embeddable":true,"href":"https:\/\/www.evropskakuca.me\/me\/wp-json\/wp\/v2\/users\/1"}],"replies":[{"embeddable":true,"href":"https:\/\/www.evropskakuca.me\/me\/wp-json\/wp\/v2\/comments?post=13911"}],"version-history":[{"count":0,"href":"https:\/\/www.evropskakuca.me\/me\/wp-json\/wp\/v2\/posts\/13911\/revisions"}],"wp:featuredmedia":[{"embeddable":true,"href":"https:\/\/www.evropskakuca.me\/me\/wp-json\/wp\/v2\/media\/37168"}],"wp:attachment":[{"href":"https:\/\/www.evropskakuca.me\/me\/wp-json\/wp\/v2\/media?parent=13911"}],"wp:term":[{"taxonomy":"category","embeddable":true,"href":"https:\/\/www.evropskakuca.me\/me\/wp-json\/wp\/v2\/categories?post=13911"},{"taxonomy":"post_tag","embeddable":true,"href":"https:\/\/www.evropskakuca.me\/me\/wp-json\/wp\/v2\/tags?post=13911"}],"curies":[{"name":"wp","href":"https:\/\/api.w.org\/{rel}","templated":true}]}}