{"id":13564,"date":"2021-07-09T06:41:57","date_gmt":"2021-07-09T06:41:57","guid":{"rendered":"http:\/\/www.evropskakuca.me\/?p=13564"},"modified":"2021-07-09T06:41:57","modified_gmt":"2021-07-09T06:41:57","slug":"bas-ti-sjajna-prilika-za-mlade-koji-zele-promjene","status":"publish","type":"post","link":"https:\/\/www.evropskakuca.me\/me\/bas-ti-sjajna-prilika-za-mlade-koji-zele-promjene\/","title":{"rendered":"Ba\u0161 ti \u2013 sjajna prilika za mlade koji \u017eele promjene"},"content":{"rendered":"\t\t<div data-elementor-type=\"wp-post\" data-elementor-id=\"13564\" class=\"elementor elementor-13564\" data-elementor-post-type=\"post\">\n\t\t\t\t\t\t<section class=\"elementor-section elementor-top-section elementor-element elementor-element-5ec7b441 elementor-section-boxed elementor-section-height-default elementor-section-height-default\" data-id=\"5ec7b441\" data-element_type=\"section\" data-e-type=\"section\">\n\t\t\t\t\t\t<div class=\"elementor-container elementor-column-gap-default\">\n\t\t\t\t\t<div class=\"elementor-column elementor-col-100 elementor-top-column elementor-element elementor-element-512a1276\" data-id=\"512a1276\" data-element_type=\"column\" data-e-type=\"column\">\n\t\t\t<div class=\"elementor-widget-wrap elementor-element-populated\">\n\t\t\t\t\t\t<div class=\"elementor-element elementor-element-41540548 elementor-widget elementor-widget-text-editor\" data-id=\"41540548\" data-element_type=\"widget\" data-e-type=\"widget\" data-widget_type=\"text-editor.default\">\n\t\t\t\t<div class=\"elementor-widget-container\">\n\t\t\t\t\t\t\t\t\t<p>Tra\u017eimo ba\u0161 tebe! Ako smatra\u0161 da si mlada osoba koja je \u017eedna znanja, razmi\u0161lja &#8220;out of the box\u201c, ma\u0161tovita i kreativna, dr\u017ei sve konce u rukama, preuzima inicijativu, a pri tome \u017eeli\u0161 da u\u010di\u0161 kroz prakti\u010dna iskustva, onda \u017eelimo da \u010dujemo \u0161ta mo\u017eemo da nau\u010dimo i organizujemo zajedno! Raspisali smo poziv \u201cBa\u0161 ti\u201c, koji bi trebalo da iznjedri nove omladinske inicijative u Podgorici. U pitanju je serija zanimljivih radionica, tokom kojih mladi mogu da nau\u010de vi\u0161e o Evropskoj uniji, unaprijede timske sposobnosti, dru\u017ee se sa vr\u0161njacima i steknu prakti\u010dna znanja, koja \u0107e kasnije primijeniti tokom osmi\u0161ljavanja i organizovanja razli\u010ditih aktivnosti, va\u017enih za mlade u njihovom gradu, a koje su u skladu sa oblastima kojima se bavi EUIC.<\/p>\n<p>Pravo da se prijave imaju mladi od 18 do 30 godina iz Crne Gore, koji su u mogu\u0107nosti da organizuju sopstveni dolazak u Podgoricu tokom predavanja, u posljednjoj sedmici jula. Rok za prijavu je 20. jul, a aplikacija je dostupna na ovom <a href=\"https:\/\/bit.ly\/2TIQF5E\">linku<\/a>. Nakon predavanja, polaznici\/ce \u0107e imati zadatak da osmisle i uz podr\u0161ku EU info centra realizuju sopstvene inicijative, kako bi kroz prakti\u010dan primjer nau\u010dili da se aktivno uklju\u010de u proces odlu\u010divanja.<\/p>\n<p>Vjerujemo da su aktivni i kriti\u010dki nastrojeni mladi, koji imaju kretivnu mo\u0107 i ideje za pokretanje inicijativa, od su\u0161tinske su va\u017enosti za odr\u017eivost evropske demokratije. \u017delimo da ih osna\u017eimo i podr\u017eimo, kako bi postali aktivniji u rje\u0161avanju izazova u njihovom neposrednom okru\u017eenju. Ova inicijativa je upravo po\u010detak na\u0161eg budu\u0107eg intenzivnijeg rada sa mladim ljudima koji \u017eele promjene\u201c, poru\u010duju iz EU info centra. Vi\u0161e informacija potra\u017eite na na\u0161im dru\u0161tvenim mre\u017eama <a href=\"https:\/\/www.facebook.com\/evropskakuca.me\">Facebook<\/a> i <a href=\"https:\/\/www.instagram.com\/euicmne\/\">Instagram<\/a>.<\/p>\n<p><\/p>\n<h4>Prate\u0107i tekstovi:<\/h4>\n<p><a href=\"http:\/\/www.evropskakuca.me\/me\/gradska-jurnjava-basti-jevaca\/\">\u201eGradska jurnjava\u201c Ba\u0161Ti-jevaca<\/a><\/p>\n<p><a href=\"http:\/\/www.evropskakuca.me\/me\/kako-smo-pretvorili-podgoricu-u-veliko-igraliste\/\">Kako smo pretvorili Podgoricu u veliko igrali\u0161te<\/a><\/p>\n<p><a href=\"http:\/\/www.evropskakuca.me\/me\/kultour-radionica-rule-of-law\/\">KulTour radionica \u201eRule of Law<\/a>&#8221;<a style=\"background-color: #ffffff; font-size: 1.6rem;\" href=\"http:\/\/www.evropskakuca.me\/me\/kultour-radionica-rule-of-law\/\">&nbsp;<\/a><\/p>\n<p><a href=\"http:\/\/www.evropskakuca.me\/me\/bastijevci-u-savezu-slijepih\/\" target=\"_blank\">Ba\u0161tijevci u Savezu slijepih<\/a><br><\/p>\t\t\t\t\t\t\t\t<\/div>\n\t\t\t\t<\/div>\n\t\t\t\t\t<\/div>\n\t\t<\/div>\n\t\t\t\t\t<\/div>\n\t\t<\/section>\n\t\t\t\t<\/div>\n\t\t","protected":false},"excerpt":{"rendered":"<p>U toku novi poziv za mlade, rok za prijave 20. jul <\/p>\n","protected":false},"author":1,"featured_media":36956,"comment_status":"closed","ping_status":"closed","sticky":false,"template":"","format":"standard","meta":{"_acf_changed":false,"footnotes":""},"categories":[285,283],"tags":[],"class_list":["post-13564","post","type-post","status-publish","format-standard","has-post-thumbnail","hentry","category-kampanje-i-eventi","category-novosti-me"],"acf":[],"yoast_head":"<!-- This site is optimized with the Yoast SEO plugin v27.3 - https:\/\/yoast.com\/product\/yoast-seo-wordpress\/ -->\n<title>Ba\u0161 ti \u2013 sjajna prilika za mlade koji \u017eele promjene - Europe House<\/title>\n<meta name=\"robots\" content=\"index, follow, max-snippet:-1, max-image-preview:large, max-video-preview:-1\" \/>\n<link rel=\"canonical\" href=\"https:\/\/www.evropskakuca.me\/me\/bas-ti-sjajna-prilika-za-mlade-koji-zele-promjene\/\" \/>\n<meta property=\"og:locale\" content=\"en_US\" \/>\n<meta property=\"og:type\" content=\"article\" \/>\n<meta property=\"og:title\" content=\"Ba\u0161 ti \u2013 sjajna prilika za mlade koji \u017eele promjene - Europe House\" \/>\n<meta property=\"og:description\" content=\"U toku novi poziv za mlade, rok za prijave 20. jul\" \/>\n<meta property=\"og:url\" content=\"https:\/\/www.evropskakuca.me\/me\/bas-ti-sjajna-prilika-za-mlade-koji-zele-promjene\/\" \/>\n<meta property=\"og:site_name\" content=\"Europe House\" \/>\n<meta property=\"article:publisher\" content=\"https:\/\/www.facebook.com\/evropska.kuca\" \/>\n<meta property=\"article:published_time\" content=\"2021-07-09T06:41:57+00:00\" \/>\n<meta property=\"og:image\" content=\"https:\/\/www.evropskakuca.me\/wp-content\/uploads\/2021\/07\/fin-fb.png\" \/>\n\t<meta property=\"og:image:width\" content=\"1200\" \/>\n\t<meta property=\"og:image:height\" content=\"628\" \/>\n\t<meta property=\"og:image:type\" content=\"image\/png\" \/>\n<meta name=\"author\" content=\"mkajic\" \/>\n<meta name=\"twitter:card\" content=\"summary_large_image\" \/>\n<meta name=\"twitter:creator\" content=\"@evropska_kuca\" \/>\n<meta name=\"twitter:site\" content=\"@evropska_kuca\" \/>\n<meta name=\"twitter:label1\" content=\"Written by\" \/>\n\t<meta name=\"twitter:data1\" content=\"mkajic\" \/>\n\t<meta name=\"twitter:label2\" content=\"Est. reading time\" \/>\n\t<meta name=\"twitter:data2\" content=\"2 minutes\" \/>\n<script type=\"application\/ld+json\" class=\"yoast-schema-graph\">{\"@context\":\"https:\\\/\\\/schema.org\",\"@graph\":[{\"@type\":\"Article\",\"@id\":\"https:\\\/\\\/www.evropskakuca.me\\\/me\\\/bas-ti-sjajna-prilika-za-mlade-koji-zele-promjene\\\/#article\",\"isPartOf\":{\"@id\":\"https:\\\/\\\/www.evropskakuca.me\\\/me\\\/bas-ti-sjajna-prilika-za-mlade-koji-zele-promjene\\\/\"},\"author\":{\"name\":\"mkajic\",\"@id\":\"https:\\\/\\\/www.evropskakuca.me\\\/me\\\/#\\\/schema\\\/person\\\/a1d0dcdaefe4a1cd1d60d200ea137ba4\"},\"headline\":\"Ba\u0161 ti \u2013 sjajna prilika za mlade koji \u017eele promjene\",\"datePublished\":\"2021-07-09T06:41:57+00:00\",\"mainEntityOfPage\":{\"@id\":\"https:\\\/\\\/www.evropskakuca.me\\\/me\\\/bas-ti-sjajna-prilika-za-mlade-koji-zele-promjene\\\/\"},\"wordCount\":334,\"publisher\":{\"@id\":\"https:\\\/\\\/www.evropskakuca.me\\\/me\\\/#organization\"},\"image\":{\"@id\":\"https:\\\/\\\/www.evropskakuca.me\\\/me\\\/bas-ti-sjajna-prilika-za-mlade-koji-zele-promjene\\\/#primaryimage\"},\"thumbnailUrl\":\"https:\\\/\\\/www.evropskakuca.me\\\/wp-content\\\/uploads\\\/2021\\\/07\\\/fin-fb.png\",\"articleSection\":[\"Kampanje i eventi\",\"Novosti\"],\"inLanguage\":\"me-ME\"},{\"@type\":\"WebPage\",\"@id\":\"https:\\\/\\\/www.evropskakuca.me\\\/me\\\/bas-ti-sjajna-prilika-za-mlade-koji-zele-promjene\\\/\",\"url\":\"https:\\\/\\\/www.evropskakuca.me\\\/me\\\/bas-ti-sjajna-prilika-za-mlade-koji-zele-promjene\\\/\",\"name\":\"Ba\u0161 ti \u2013 sjajna prilika za mlade koji \u017eele promjene - Europe House\",\"isPartOf\":{\"@id\":\"https:\\\/\\\/www.evropskakuca.me\\\/me\\\/#website\"},\"primaryImageOfPage\":{\"@id\":\"https:\\\/\\\/www.evropskakuca.me\\\/me\\\/bas-ti-sjajna-prilika-za-mlade-koji-zele-promjene\\\/#primaryimage\"},\"image\":{\"@id\":\"https:\\\/\\\/www.evropskakuca.me\\\/me\\\/bas-ti-sjajna-prilika-za-mlade-koji-zele-promjene\\\/#primaryimage\"},\"thumbnailUrl\":\"https:\\\/\\\/www.evropskakuca.me\\\/wp-content\\\/uploads\\\/2021\\\/07\\\/fin-fb.png\",\"datePublished\":\"2021-07-09T06:41:57+00:00\",\"breadcrumb\":{\"@id\":\"https:\\\/\\\/www.evropskakuca.me\\\/me\\\/bas-ti-sjajna-prilika-za-mlade-koji-zele-promjene\\\/#breadcrumb\"},\"inLanguage\":\"me-ME\",\"potentialAction\":[{\"@type\":\"ReadAction\",\"target\":[\"https:\\\/\\\/www.evropskakuca.me\\\/me\\\/bas-ti-sjajna-prilika-za-mlade-koji-zele-promjene\\\/\"]}]},{\"@type\":\"ImageObject\",\"inLanguage\":\"me-ME\",\"@id\":\"https:\\\/\\\/www.evropskakuca.me\\\/me\\\/bas-ti-sjajna-prilika-za-mlade-koji-zele-promjene\\\/#primaryimage\",\"url\":\"https:\\\/\\\/www.evropskakuca.me\\\/wp-content\\\/uploads\\\/2021\\\/07\\\/fin-fb.png\",\"contentUrl\":\"https:\\\/\\\/www.evropskakuca.me\\\/wp-content\\\/uploads\\\/2021\\\/07\\\/fin-fb.png\",\"width\":1200,\"height\":628},{\"@type\":\"BreadcrumbList\",\"@id\":\"https:\\\/\\\/www.evropskakuca.me\\\/me\\\/bas-ti-sjajna-prilika-za-mlade-koji-zele-promjene\\\/#breadcrumb\",\"itemListElement\":[{\"@type\":\"ListItem\",\"position\":1,\"name\":\"Home\",\"item\":\"https:\\\/\\\/www.evropskakuca.me\\\/me\\\/\"},{\"@type\":\"ListItem\",\"position\":2,\"name\":\"Ba\u0161 ti \u2013 sjajna prilika za mlade koji \u017eele promjene\"}]},{\"@type\":\"WebSite\",\"@id\":\"https:\\\/\\\/www.evropskakuca.me\\\/me\\\/#website\",\"url\":\"https:\\\/\\\/www.evropskakuca.me\\\/me\\\/\",\"name\":\"Evropean house\",\"description\":\"\",\"publisher\":{\"@id\":\"https:\\\/\\\/www.evropskakuca.me\\\/me\\\/#organization\"},\"potentialAction\":[{\"@type\":\"SearchAction\",\"target\":{\"@type\":\"EntryPoint\",\"urlTemplate\":\"https:\\\/\\\/www.evropskakuca.me\\\/me\\\/?s={search_term_string}\"},\"query-input\":{\"@type\":\"PropertyValueSpecification\",\"valueRequired\":true,\"valueName\":\"search_term_string\"}}],\"inLanguage\":\"me-ME\"},{\"@type\":\"Organization\",\"@id\":\"https:\\\/\\\/www.evropskakuca.me\\\/me\\\/#organization\",\"name\":\"Evropean house\",\"url\":\"https:\\\/\\\/www.evropskakuca.me\\\/me\\\/\",\"logo\":{\"@type\":\"ImageObject\",\"inLanguage\":\"me-ME\",\"@id\":\"https:\\\/\\\/www.evropskakuca.me\\\/me\\\/#\\\/schema\\\/logo\\\/image\\\/\",\"url\":\"https:\\\/\\\/www.evropskakuca.me\\\/wp-content\\\/uploads\\\/2025\\\/01\\\/evropska-kuca-logo-1.png\",\"contentUrl\":\"https:\\\/\\\/www.evropskakuca.me\\\/wp-content\\\/uploads\\\/2025\\\/01\\\/evropska-kuca-logo-1.png\",\"width\":425,\"height\":312,\"caption\":\"Evropean house\"},\"image\":{\"@id\":\"https:\\\/\\\/www.evropskakuca.me\\\/me\\\/#\\\/schema\\\/logo\\\/image\\\/\"},\"sameAs\":[\"https:\\\/\\\/www.facebook.com\\\/evropska.kuca\",\"https:\\\/\\\/x.com\\\/evropska_kuca\",\"https:\\\/\\\/www.instagram.com\\\/evropska_kuca\"]},{\"@type\":\"Person\",\"@id\":\"https:\\\/\\\/www.evropskakuca.me\\\/me\\\/#\\\/schema\\\/person\\\/a1d0dcdaefe4a1cd1d60d200ea137ba4\",\"name\":\"mkajic\",\"image\":{\"@type\":\"ImageObject\",\"inLanguage\":\"me-ME\",\"@id\":\"https:\\\/\\\/secure.gravatar.com\\\/avatar\\\/731fa035cefab7316e6bafd1f25a93fb731a07de14e2d9923f8db4422628eabc?s=96&d=mm&r=g\",\"url\":\"https:\\\/\\\/secure.gravatar.com\\\/avatar\\\/731fa035cefab7316e6bafd1f25a93fb731a07de14e2d9923f8db4422628eabc?s=96&d=mm&r=g\",\"contentUrl\":\"https:\\\/\\\/secure.gravatar.com\\\/avatar\\\/731fa035cefab7316e6bafd1f25a93fb731a07de14e2d9923f8db4422628eabc?s=96&d=mm&r=g\",\"caption\":\"mkajic\"},\"sameAs\":[\"https:\\\/\\\/evropskakuca.me\"],\"url\":\"https:\\\/\\\/www.evropskakuca.me\\\/me\\\/author\\\/mkajic\\\/\"}]}<\/script>\n<!-- \/ Yoast SEO plugin. -->","yoast_head_json":{"title":"Ba\u0161 ti \u2013 sjajna prilika za mlade koji \u017eele promjene - Europe House","robots":{"index":"index","follow":"follow","max-snippet":"max-snippet:-1","max-image-preview":"max-image-preview:large","max-video-preview":"max-video-preview:-1"},"canonical":"https:\/\/www.evropskakuca.me\/me\/bas-ti-sjajna-prilika-za-mlade-koji-zele-promjene\/","og_locale":"en_US","og_type":"article","og_title":"Ba\u0161 ti \u2013 sjajna prilika za mlade koji \u017eele promjene - Europe House","og_description":"U toku novi poziv za mlade, rok za prijave 20. jul","og_url":"https:\/\/www.evropskakuca.me\/me\/bas-ti-sjajna-prilika-za-mlade-koji-zele-promjene\/","og_site_name":"Europe House","article_publisher":"https:\/\/www.facebook.com\/evropska.kuca","article_published_time":"2021-07-09T06:41:57+00:00","og_image":[{"width":1200,"height":628,"url":"https:\/\/www.evropskakuca.me\/wp-content\/uploads\/2021\/07\/fin-fb.png","type":"image\/png"}],"author":"mkajic","twitter_card":"summary_large_image","twitter_creator":"@evropska_kuca","twitter_site":"@evropska_kuca","twitter_misc":{"Written by":"mkajic","Est. reading time":"2 minutes"},"schema":{"@context":"https:\/\/schema.org","@graph":[{"@type":"Article","@id":"https:\/\/www.evropskakuca.me\/me\/bas-ti-sjajna-prilika-za-mlade-koji-zele-promjene\/#article","isPartOf":{"@id":"https:\/\/www.evropskakuca.me\/me\/bas-ti-sjajna-prilika-za-mlade-koji-zele-promjene\/"},"author":{"name":"mkajic","@id":"https:\/\/www.evropskakuca.me\/me\/#\/schema\/person\/a1d0dcdaefe4a1cd1d60d200ea137ba4"},"headline":"Ba\u0161 ti \u2013 sjajna prilika za mlade koji \u017eele promjene","datePublished":"2021-07-09T06:41:57+00:00","mainEntityOfPage":{"@id":"https:\/\/www.evropskakuca.me\/me\/bas-ti-sjajna-prilika-za-mlade-koji-zele-promjene\/"},"wordCount":334,"publisher":{"@id":"https:\/\/www.evropskakuca.me\/me\/#organization"},"image":{"@id":"https:\/\/www.evropskakuca.me\/me\/bas-ti-sjajna-prilika-za-mlade-koji-zele-promjene\/#primaryimage"},"thumbnailUrl":"https:\/\/www.evropskakuca.me\/wp-content\/uploads\/2021\/07\/fin-fb.png","articleSection":["Kampanje i eventi","Novosti"],"inLanguage":"me-ME"},{"@type":"WebPage","@id":"https:\/\/www.evropskakuca.me\/me\/bas-ti-sjajna-prilika-za-mlade-koji-zele-promjene\/","url":"https:\/\/www.evropskakuca.me\/me\/bas-ti-sjajna-prilika-za-mlade-koji-zele-promjene\/","name":"Ba\u0161 ti \u2013 sjajna prilika za mlade koji \u017eele promjene - Europe House","isPartOf":{"@id":"https:\/\/www.evropskakuca.me\/me\/#website"},"primaryImageOfPage":{"@id":"https:\/\/www.evropskakuca.me\/me\/bas-ti-sjajna-prilika-za-mlade-koji-zele-promjene\/#primaryimage"},"image":{"@id":"https:\/\/www.evropskakuca.me\/me\/bas-ti-sjajna-prilika-za-mlade-koji-zele-promjene\/#primaryimage"},"thumbnailUrl":"https:\/\/www.evropskakuca.me\/wp-content\/uploads\/2021\/07\/fin-fb.png","datePublished":"2021-07-09T06:41:57+00:00","breadcrumb":{"@id":"https:\/\/www.evropskakuca.me\/me\/bas-ti-sjajna-prilika-za-mlade-koji-zele-promjene\/#breadcrumb"},"inLanguage":"me-ME","potentialAction":[{"@type":"ReadAction","target":["https:\/\/www.evropskakuca.me\/me\/bas-ti-sjajna-prilika-za-mlade-koji-zele-promjene\/"]}]},{"@type":"ImageObject","inLanguage":"me-ME","@id":"https:\/\/www.evropskakuca.me\/me\/bas-ti-sjajna-prilika-za-mlade-koji-zele-promjene\/#primaryimage","url":"https:\/\/www.evropskakuca.me\/wp-content\/uploads\/2021\/07\/fin-fb.png","contentUrl":"https:\/\/www.evropskakuca.me\/wp-content\/uploads\/2021\/07\/fin-fb.png","width":1200,"height":628},{"@type":"BreadcrumbList","@id":"https:\/\/www.evropskakuca.me\/me\/bas-ti-sjajna-prilika-za-mlade-koji-zele-promjene\/#breadcrumb","itemListElement":[{"@type":"ListItem","position":1,"name":"Home","item":"https:\/\/www.evropskakuca.me\/me\/"},{"@type":"ListItem","position":2,"name":"Ba\u0161 ti \u2013 sjajna prilika za mlade koji \u017eele promjene"}]},{"@type":"WebSite","@id":"https:\/\/www.evropskakuca.me\/me\/#website","url":"https:\/\/www.evropskakuca.me\/me\/","name":"Evropean house","description":"","publisher":{"@id":"https:\/\/www.evropskakuca.me\/me\/#organization"},"potentialAction":[{"@type":"SearchAction","target":{"@type":"EntryPoint","urlTemplate":"https:\/\/www.evropskakuca.me\/me\/?s={search_term_string}"},"query-input":{"@type":"PropertyValueSpecification","valueRequired":true,"valueName":"search_term_string"}}],"inLanguage":"me-ME"},{"@type":"Organization","@id":"https:\/\/www.evropskakuca.me\/me\/#organization","name":"Evropean house","url":"https:\/\/www.evropskakuca.me\/me\/","logo":{"@type":"ImageObject","inLanguage":"me-ME","@id":"https:\/\/www.evropskakuca.me\/me\/#\/schema\/logo\/image\/","url":"https:\/\/www.evropskakuca.me\/wp-content\/uploads\/2025\/01\/evropska-kuca-logo-1.png","contentUrl":"https:\/\/www.evropskakuca.me\/wp-content\/uploads\/2025\/01\/evropska-kuca-logo-1.png","width":425,"height":312,"caption":"Evropean house"},"image":{"@id":"https:\/\/www.evropskakuca.me\/me\/#\/schema\/logo\/image\/"},"sameAs":["https:\/\/www.facebook.com\/evropska.kuca","https:\/\/x.com\/evropska_kuca","https:\/\/www.instagram.com\/evropska_kuca"]},{"@type":"Person","@id":"https:\/\/www.evropskakuca.me\/me\/#\/schema\/person\/a1d0dcdaefe4a1cd1d60d200ea137ba4","name":"mkajic","image":{"@type":"ImageObject","inLanguage":"me-ME","@id":"https:\/\/secure.gravatar.com\/avatar\/731fa035cefab7316e6bafd1f25a93fb731a07de14e2d9923f8db4422628eabc?s=96&d=mm&r=g","url":"https:\/\/secure.gravatar.com\/avatar\/731fa035cefab7316e6bafd1f25a93fb731a07de14e2d9923f8db4422628eabc?s=96&d=mm&r=g","contentUrl":"https:\/\/secure.gravatar.com\/avatar\/731fa035cefab7316e6bafd1f25a93fb731a07de14e2d9923f8db4422628eabc?s=96&d=mm&r=g","caption":"mkajic"},"sameAs":["https:\/\/evropskakuca.me"],"url":"https:\/\/www.evropskakuca.me\/me\/author\/mkajic\/"}]}},"_links":{"self":[{"href":"https:\/\/www.evropskakuca.me\/me\/wp-json\/wp\/v2\/posts\/13564","targetHints":{"allow":["GET"]}}],"collection":[{"href":"https:\/\/www.evropskakuca.me\/me\/wp-json\/wp\/v2\/posts"}],"about":[{"href":"https:\/\/www.evropskakuca.me\/me\/wp-json\/wp\/v2\/types\/post"}],"author":[{"embeddable":true,"href":"https:\/\/www.evropskakuca.me\/me\/wp-json\/wp\/v2\/users\/1"}],"replies":[{"embeddable":true,"href":"https:\/\/www.evropskakuca.me\/me\/wp-json\/wp\/v2\/comments?post=13564"}],"version-history":[{"count":0,"href":"https:\/\/www.evropskakuca.me\/me\/wp-json\/wp\/v2\/posts\/13564\/revisions"}],"wp:featuredmedia":[{"embeddable":true,"href":"https:\/\/www.evropskakuca.me\/me\/wp-json\/wp\/v2\/media\/36956"}],"wp:attachment":[{"href":"https:\/\/www.evropskakuca.me\/me\/wp-json\/wp\/v2\/media?parent=13564"}],"wp:term":[{"taxonomy":"category","embeddable":true,"href":"https:\/\/www.evropskakuca.me\/me\/wp-json\/wp\/v2\/categories?post=13564"},{"taxonomy":"post_tag","embeddable":true,"href":"https:\/\/www.evropskakuca.me\/me\/wp-json\/wp\/v2\/tags?post=13564"}],"curies":[{"name":"wp","href":"https:\/\/api.w.org\/{rel}","templated":true}]}}