{"id":13552,"date":"2021-07-09T06:38:03","date_gmt":"2021-07-09T06:38:03","guid":{"rendered":"http:\/\/www.evropskakuca.me\/?p=13552"},"modified":"2021-07-09T06:38:03","modified_gmt":"2021-07-09T06:38:03","slug":"medijska-pismenost-najvaznija-u-dugorocnoj-borbi-protiv-dezinformacija","status":"publish","type":"post","link":"https:\/\/www.evropskakuca.me\/me\/medijska-pismenost-najvaznija-u-dugorocnoj-borbi-protiv-dezinformacija\/","title":{"rendered":"Medijska pismenost najva\u017enija u dugoro\u010dnoj borbi protiv dezinformacija"},"content":{"rendered":"<p>Vec\u0301ini mladih u Crnoj Gori nedostaje politi\u010dka i gra\u0111anska pismenost, kao i kriti\u010dko razmi\u0161ljanje, jer informacije o va\u017enim temama dobijaju isklju\u010divo putem dru\u0161tvenih mre\u017ea. To je zaklju\u010dak panela \u201eWeB Media Literacy: Omladinski i mejnstrim mediji\u201c, organizovanog u okviru EU projekta, koji sprovodi NVO Juventas u saradnji sa organizacijama iz regiona.<\/p>\n<p>Izvr\u0161na direktorica Juventasa, Ivana Vujovi\u0107 je\u00a0istakla da bi omladinski i mejnstrim mediji trebalo da istra\u017euju potrebe mladih, probleme sa kojima se suo\u010davaju i potencijalna rje\u0161enja, a za dugoro\u010dnu borbu protiv dezinformacija najva\u017enija je medijska pismenost.<\/p>\n<p>\u201cIz ugla odraslih mladi su ili problem ili im je potrebna za\u0161tita, odatle istra\u017eivanja pokazuju da mladi smatraju da se \u010de\u0161\u0107e prikazuju kao neaktivni ili problemati\u010dni. Autenti\u010dan glas mladih o pitanjima koja smatraju va\u017enim, naj\u010de\u0161\u0107e se \u010duje kroz sadr\u017eaje koje sami kreiraju, kroz omladisnke medije i dru\u0161tvene mre\u017ee\u201d, kazala je Vujovi\u0107.<\/p>\n<p>Podsjetila je da se Crna Gora se, u pogledu indeksa medijske pismenosti, po ocjeni Instituta za otvoreno dru\u0161tvo, nalazi na 32. mjestu od ukupno 35 zemalja na toj rang listi.<\/p>\n<p>\u201cOvaj podatak mora sve da nas opomene i podstakne da zajedni\u010dkim naporima unaprijedimo stepen medijske pismenosti. Naro\u010dito je zna\u010dajno unapre\u0111ivati medijsku pismenost kod mladih, upravo zbog toga \u0161to oni provode najvi\u0161e vremena koriste\u0107i medije, a kao populacija su veoma ranjivi. Tako\u0111e, mediji su sna\u017eni agensi socijalizacije, kroz njih usvajamo vrijednosti i razvijamo stavove prema brojnim pitanjima, zbog \u010dega je veoma va\u017eno da sadr\u017eaje dekonstrui\u0161emo i kriti\u010dki analiziramo. Uz pomo\u0107 medijske pismenosti mo\u017eemo izbje\u0107i predrasude, ali i prepoznati govor mr\u017enje, propagandu, spin i druge neeti\u010dne sadr\u017eaje\u201d, objasnila je Vujovi\u0107.<\/p>\n<p>Savjetnik za strate\u0161ke komunikacije u Delegaciji EU u Crnoj Gori, Radovan Bogojevi\u0107\u00a0smatra da je najva\u017enija dugoro\u010dna borba protiv dezinformacija, a ona se isklju\u010divo radi tako \u0161to se podi\u017ee medijska pismenost.<\/p>\n<p><img fetchpriority=\"high\" decoding=\"async\" class=\"alignnone size-full wp-image-13555\" src=\"http:\/\/www.evropskakuca.me\/wp-content\/uploads\/2021\/07\/radovan-2.jpg\" alt=\"\" width=\"800\" height=\"533\" \/><\/p>\n<p>\u201cEvropska Unija to radi na mnogo na\u010dina. Uklju\u010dili smo medijsku pismenosot u Akcioni plan o demokratiji, u Direktivu o audio-vizuelnim uslugama, u Kreativnu Evropu, Erasmus. Na mnogo frontova poku\u0161avamo da pove\u0107amo medijsku pismenost. Jako je bitno i obrazovanje. Ovo je previ\u0161e bitna oblast da bi neko mogao ostati izvan nje, jer svima nama treba medijska pismenost, posebno mladim ljudima\u201d, kazao je Bogojevi\u0107.<\/p>\n<p>Programski direktor ND Vijesti Mihailo Jovovi\u0107\u00a0smatra da omladinski mediji predstavljaju poku\u0161aj kopije mejnstrim medija.<\/p>\n<p><img decoding=\"async\" class=\"alignnone size-full wp-image-13557\" src=\"http:\/\/www.evropskakuca.me\/wp-content\/uploads\/2021\/07\/jovovic.jpg\" alt=\"\" width=\"799\" height=\"533\" \/><\/p>\n<p>\u201cIma tamo stvari koje su zanimljive i meni, kao nekome ko nije mlad. Ali ako omladinski mediji i ti mladi ljudi koji rade u medijima ne poka\u017eu zube u tom periodu dok su mladi oni ih nikad ne\u0107e pokazati. Mislim da su mnogi mladi nedovoljno aktivni i da dopu\u0161taju da im drugi kreiraju ono \u0161to bi oni sami trebalo da kreiraju. Nisam pristalica omladinskih redakcija, jer bi onda u svakom mediju trebalo da postoji i redakcija za starije, sredovje\u010dne\u201d, kazao je Jovovi\u0107.<\/p>\n<p>Glavna i odgovorna urednica Omladinskog portala Makanje, Maja Nikoli\u0107\u00a0kazala je da omladinski portali opstaju zahvaljuju\u0107i entuzijazmu ljudi koji rade na tim portalima. \u201cUvijek pri\u010damo o mladima, o tome koliko su oni va\u017eni, koliko su omladinski mediji zapravo bitni, ali mislim da im se ne posve\u0107uje dovoljno pa\u017enje\u201d, ukazala je Nikoli\u0107.<\/p>\n<p><img decoding=\"async\" class=\"alignnone size-full wp-image-13559\" src=\"http:\/\/www.evropskakuca.me\/wp-content\/uploads\/2021\/07\/panel-m.jpg\" alt=\"\" width=\"799\" height=\"533\" \/><\/p>\n<p>Glavna i odgovorna urednica Radija KR\u0160, Jelena Kavari\u0107\u00a0smatra da su omladinski mediji sada u boljem polo\u017eaju nego ranije, ali razvoj omladinskih medija i kreiranje nezavisnosti je, kako je rekla, optere\u0107eno problemom egzistencije. \u201cIdeja koja je u Radiju Kr\u0161 za\u017eivjela 2014. godine jeste da de mladim ljudima ponudi prostor da oni budu ti koji \u0107e podu\u010diti svoju generaciju, koji \u0107e prenijeti prave poruke. I ta ideja i dalje \u017eivi. Na mladima je najve\u0107a odgovornost da se izborimo sa svime\u201d, rekla je Kavari\u0107.<\/p>\n<p>Panel je realizovan u okviru regionalnog projekta \u201eWeB Media Literacy\u201c, koji se sprovodi uz podr\u0161ku Evropske unije, a \u010diji je cilj unapre\u0111enje medijske pismenosti u Crnoj Gori, Srbiji, Hrvatskoj i Bosni i Hercegovini kroz saradnju i razmjenu iskustva i znanja me\u0111u mladima u ovim zemljama.<\/p>\n<p>&nbsp;<\/p>\n","protected":false},"excerpt":{"rendered":"<p>Zaklju\u010dak panela \u201eWeB Media Literacy: Omladinski i mejnstrim mediji\u201c<\/p>\n","protected":false},"author":1,"featured_media":0,"comment_status":"closed","ping_status":"closed","sticky":false,"template":"","format":"standard","meta":{"_acf_changed":false,"footnotes":""},"categories":[31],"tags":[],"class_list":["post-13552","post","type-post","status-publish","format-standard","hentry","category-news"],"acf":[],"yoast_head":"<!-- This site is optimized with the Yoast SEO plugin v27.3 - https:\/\/yoast.com\/product\/yoast-seo-wordpress\/ -->\n<title>Medijska pismenost najva\u017enija u dugoro\u010dnoj borbi protiv dezinformacija - Europe House<\/title>\n<meta name=\"robots\" content=\"index, follow, max-snippet:-1, max-image-preview:large, max-video-preview:-1\" \/>\n<link rel=\"canonical\" href=\"https:\/\/www.evropskakuca.me\/me\/medijska-pismenost-najvaznija-u-dugorocnoj-borbi-protiv-dezinformacija\/\" \/>\n<meta property=\"og:locale\" content=\"en_US\" \/>\n<meta property=\"og:type\" content=\"article\" \/>\n<meta property=\"og:title\" content=\"Medijska pismenost najva\u017enija u dugoro\u010dnoj borbi protiv dezinformacija - Europe House\" \/>\n<meta property=\"og:description\" content=\"Zaklju\u010dak panela \u201eWeB Media Literacy: Omladinski i mejnstrim mediji\u201c\" \/>\n<meta property=\"og:url\" content=\"https:\/\/www.evropskakuca.me\/me\/medijska-pismenost-najvaznija-u-dugorocnoj-borbi-protiv-dezinformacija\/\" \/>\n<meta property=\"og:site_name\" content=\"Europe House\" \/>\n<meta property=\"article:publisher\" content=\"https:\/\/www.facebook.com\/evropska.kuca\" \/>\n<meta property=\"article:published_time\" content=\"2021-07-09T06:38:03+00:00\" \/>\n<meta property=\"og:image\" content=\"http:\/\/www.evropskakuca.me\/wp-content\/uploads\/2021\/07\/radovan-2.jpg\" \/>\n<meta name=\"author\" content=\"mkajic\" \/>\n<meta name=\"twitter:card\" content=\"summary_large_image\" \/>\n<meta name=\"twitter:creator\" content=\"@evropska_kuca\" \/>\n<meta name=\"twitter:site\" content=\"@evropska_kuca\" \/>\n<meta name=\"twitter:label1\" content=\"Written by\" \/>\n\t<meta name=\"twitter:data1\" content=\"mkajic\" \/>\n\t<meta name=\"twitter:label2\" content=\"Est. reading time\" \/>\n\t<meta name=\"twitter:data2\" content=\"3 minutes\" \/>\n<script type=\"application\/ld+json\" class=\"yoast-schema-graph\">{\"@context\":\"https:\\\/\\\/schema.org\",\"@graph\":[{\"@type\":\"Article\",\"@id\":\"https:\\\/\\\/www.evropskakuca.me\\\/me\\\/medijska-pismenost-najvaznija-u-dugorocnoj-borbi-protiv-dezinformacija\\\/#article\",\"isPartOf\":{\"@id\":\"https:\\\/\\\/www.evropskakuca.me\\\/me\\\/medijska-pismenost-najvaznija-u-dugorocnoj-borbi-protiv-dezinformacija\\\/\"},\"author\":{\"name\":\"mkajic\",\"@id\":\"https:\\\/\\\/www.evropskakuca.me\\\/me\\\/#\\\/schema\\\/person\\\/a1d0dcdaefe4a1cd1d60d200ea137ba4\"},\"headline\":\"Medijska pismenost najva\u017enija u dugoro\u010dnoj borbi protiv dezinformacija\",\"datePublished\":\"2021-07-09T06:38:03+00:00\",\"mainEntityOfPage\":{\"@id\":\"https:\\\/\\\/www.evropskakuca.me\\\/me\\\/medijska-pismenost-najvaznija-u-dugorocnoj-borbi-protiv-dezinformacija\\\/\"},\"wordCount\":704,\"publisher\":{\"@id\":\"https:\\\/\\\/www.evropskakuca.me\\\/me\\\/#organization\"},\"image\":{\"@id\":\"https:\\\/\\\/www.evropskakuca.me\\\/me\\\/medijska-pismenost-najvaznija-u-dugorocnoj-borbi-protiv-dezinformacija\\\/#primaryimage\"},\"thumbnailUrl\":\"http:\\\/\\\/www.evropskakuca.me\\\/wp-content\\\/uploads\\\/2021\\\/07\\\/radovan-2.jpg\",\"articleSection\":[\"News\"],\"inLanguage\":\"me-ME\"},{\"@type\":\"WebPage\",\"@id\":\"https:\\\/\\\/www.evropskakuca.me\\\/me\\\/medijska-pismenost-najvaznija-u-dugorocnoj-borbi-protiv-dezinformacija\\\/\",\"url\":\"https:\\\/\\\/www.evropskakuca.me\\\/me\\\/medijska-pismenost-najvaznija-u-dugorocnoj-borbi-protiv-dezinformacija\\\/\",\"name\":\"Medijska pismenost najva\u017enija u dugoro\u010dnoj borbi protiv dezinformacija - Europe House\",\"isPartOf\":{\"@id\":\"https:\\\/\\\/www.evropskakuca.me\\\/me\\\/#website\"},\"primaryImageOfPage\":{\"@id\":\"https:\\\/\\\/www.evropskakuca.me\\\/me\\\/medijska-pismenost-najvaznija-u-dugorocnoj-borbi-protiv-dezinformacija\\\/#primaryimage\"},\"image\":{\"@id\":\"https:\\\/\\\/www.evropskakuca.me\\\/me\\\/medijska-pismenost-najvaznija-u-dugorocnoj-borbi-protiv-dezinformacija\\\/#primaryimage\"},\"thumbnailUrl\":\"http:\\\/\\\/www.evropskakuca.me\\\/wp-content\\\/uploads\\\/2021\\\/07\\\/radovan-2.jpg\",\"datePublished\":\"2021-07-09T06:38:03+00:00\",\"breadcrumb\":{\"@id\":\"https:\\\/\\\/www.evropskakuca.me\\\/me\\\/medijska-pismenost-najvaznija-u-dugorocnoj-borbi-protiv-dezinformacija\\\/#breadcrumb\"},\"inLanguage\":\"me-ME\",\"potentialAction\":[{\"@type\":\"ReadAction\",\"target\":[\"https:\\\/\\\/www.evropskakuca.me\\\/me\\\/medijska-pismenost-najvaznija-u-dugorocnoj-borbi-protiv-dezinformacija\\\/\"]}]},{\"@type\":\"ImageObject\",\"inLanguage\":\"me-ME\",\"@id\":\"https:\\\/\\\/www.evropskakuca.me\\\/me\\\/medijska-pismenost-najvaznija-u-dugorocnoj-borbi-protiv-dezinformacija\\\/#primaryimage\",\"url\":\"http:\\\/\\\/www.evropskakuca.me\\\/wp-content\\\/uploads\\\/2021\\\/07\\\/radovan-2.jpg\",\"contentUrl\":\"http:\\\/\\\/www.evropskakuca.me\\\/wp-content\\\/uploads\\\/2021\\\/07\\\/radovan-2.jpg\"},{\"@type\":\"BreadcrumbList\",\"@id\":\"https:\\\/\\\/www.evropskakuca.me\\\/me\\\/medijska-pismenost-najvaznija-u-dugorocnoj-borbi-protiv-dezinformacija\\\/#breadcrumb\",\"itemListElement\":[{\"@type\":\"ListItem\",\"position\":1,\"name\":\"Home\",\"item\":\"https:\\\/\\\/www.evropskakuca.me\\\/me\\\/\"},{\"@type\":\"ListItem\",\"position\":2,\"name\":\"Medijska pismenost najva\u017enija u dugoro\u010dnoj borbi protiv dezinformacija\"}]},{\"@type\":\"WebSite\",\"@id\":\"https:\\\/\\\/www.evropskakuca.me\\\/me\\\/#website\",\"url\":\"https:\\\/\\\/www.evropskakuca.me\\\/me\\\/\",\"name\":\"Evropean house\",\"description\":\"\",\"publisher\":{\"@id\":\"https:\\\/\\\/www.evropskakuca.me\\\/me\\\/#organization\"},\"potentialAction\":[{\"@type\":\"SearchAction\",\"target\":{\"@type\":\"EntryPoint\",\"urlTemplate\":\"https:\\\/\\\/www.evropskakuca.me\\\/me\\\/?s={search_term_string}\"},\"query-input\":{\"@type\":\"PropertyValueSpecification\",\"valueRequired\":true,\"valueName\":\"search_term_string\"}}],\"inLanguage\":\"me-ME\"},{\"@type\":\"Organization\",\"@id\":\"https:\\\/\\\/www.evropskakuca.me\\\/me\\\/#organization\",\"name\":\"Evropean house\",\"url\":\"https:\\\/\\\/www.evropskakuca.me\\\/me\\\/\",\"logo\":{\"@type\":\"ImageObject\",\"inLanguage\":\"me-ME\",\"@id\":\"https:\\\/\\\/www.evropskakuca.me\\\/me\\\/#\\\/schema\\\/logo\\\/image\\\/\",\"url\":\"https:\\\/\\\/www.evropskakuca.me\\\/wp-content\\\/uploads\\\/2025\\\/01\\\/evropska-kuca-logo-1.png\",\"contentUrl\":\"https:\\\/\\\/www.evropskakuca.me\\\/wp-content\\\/uploads\\\/2025\\\/01\\\/evropska-kuca-logo-1.png\",\"width\":425,\"height\":312,\"caption\":\"Evropean house\"},\"image\":{\"@id\":\"https:\\\/\\\/www.evropskakuca.me\\\/me\\\/#\\\/schema\\\/logo\\\/image\\\/\"},\"sameAs\":[\"https:\\\/\\\/www.facebook.com\\\/evropska.kuca\",\"https:\\\/\\\/x.com\\\/evropska_kuca\",\"https:\\\/\\\/www.instagram.com\\\/evropska_kuca\"]},{\"@type\":\"Person\",\"@id\":\"https:\\\/\\\/www.evropskakuca.me\\\/me\\\/#\\\/schema\\\/person\\\/a1d0dcdaefe4a1cd1d60d200ea137ba4\",\"name\":\"mkajic\",\"image\":{\"@type\":\"ImageObject\",\"inLanguage\":\"me-ME\",\"@id\":\"https:\\\/\\\/secure.gravatar.com\\\/avatar\\\/731fa035cefab7316e6bafd1f25a93fb731a07de14e2d9923f8db4422628eabc?s=96&d=mm&r=g\",\"url\":\"https:\\\/\\\/secure.gravatar.com\\\/avatar\\\/731fa035cefab7316e6bafd1f25a93fb731a07de14e2d9923f8db4422628eabc?s=96&d=mm&r=g\",\"contentUrl\":\"https:\\\/\\\/secure.gravatar.com\\\/avatar\\\/731fa035cefab7316e6bafd1f25a93fb731a07de14e2d9923f8db4422628eabc?s=96&d=mm&r=g\",\"caption\":\"mkajic\"},\"sameAs\":[\"https:\\\/\\\/evropskakuca.me\"],\"url\":\"https:\\\/\\\/www.evropskakuca.me\\\/me\\\/author\\\/mkajic\\\/\"}]}<\/script>\n<!-- \/ Yoast SEO plugin. -->","yoast_head_json":{"title":"Medijska pismenost najva\u017enija u dugoro\u010dnoj borbi protiv dezinformacija - Europe House","robots":{"index":"index","follow":"follow","max-snippet":"max-snippet:-1","max-image-preview":"max-image-preview:large","max-video-preview":"max-video-preview:-1"},"canonical":"https:\/\/www.evropskakuca.me\/me\/medijska-pismenost-najvaznija-u-dugorocnoj-borbi-protiv-dezinformacija\/","og_locale":"en_US","og_type":"article","og_title":"Medijska pismenost najva\u017enija u dugoro\u010dnoj borbi protiv dezinformacija - Europe House","og_description":"Zaklju\u010dak panela \u201eWeB Media Literacy: Omladinski i mejnstrim mediji\u201c","og_url":"https:\/\/www.evropskakuca.me\/me\/medijska-pismenost-najvaznija-u-dugorocnoj-borbi-protiv-dezinformacija\/","og_site_name":"Europe House","article_publisher":"https:\/\/www.facebook.com\/evropska.kuca","article_published_time":"2021-07-09T06:38:03+00:00","og_image":[{"url":"http:\/\/www.evropskakuca.me\/wp-content\/uploads\/2021\/07\/radovan-2.jpg","type":"","width":"","height":""}],"author":"mkajic","twitter_card":"summary_large_image","twitter_creator":"@evropska_kuca","twitter_site":"@evropska_kuca","twitter_misc":{"Written by":"mkajic","Est. reading time":"3 minutes"},"schema":{"@context":"https:\/\/schema.org","@graph":[{"@type":"Article","@id":"https:\/\/www.evropskakuca.me\/me\/medijska-pismenost-najvaznija-u-dugorocnoj-borbi-protiv-dezinformacija\/#article","isPartOf":{"@id":"https:\/\/www.evropskakuca.me\/me\/medijska-pismenost-najvaznija-u-dugorocnoj-borbi-protiv-dezinformacija\/"},"author":{"name":"mkajic","@id":"https:\/\/www.evropskakuca.me\/me\/#\/schema\/person\/a1d0dcdaefe4a1cd1d60d200ea137ba4"},"headline":"Medijska pismenost najva\u017enija u dugoro\u010dnoj borbi protiv dezinformacija","datePublished":"2021-07-09T06:38:03+00:00","mainEntityOfPage":{"@id":"https:\/\/www.evropskakuca.me\/me\/medijska-pismenost-najvaznija-u-dugorocnoj-borbi-protiv-dezinformacija\/"},"wordCount":704,"publisher":{"@id":"https:\/\/www.evropskakuca.me\/me\/#organization"},"image":{"@id":"https:\/\/www.evropskakuca.me\/me\/medijska-pismenost-najvaznija-u-dugorocnoj-borbi-protiv-dezinformacija\/#primaryimage"},"thumbnailUrl":"http:\/\/www.evropskakuca.me\/wp-content\/uploads\/2021\/07\/radovan-2.jpg","articleSection":["News"],"inLanguage":"me-ME"},{"@type":"WebPage","@id":"https:\/\/www.evropskakuca.me\/me\/medijska-pismenost-najvaznija-u-dugorocnoj-borbi-protiv-dezinformacija\/","url":"https:\/\/www.evropskakuca.me\/me\/medijska-pismenost-najvaznija-u-dugorocnoj-borbi-protiv-dezinformacija\/","name":"Medijska pismenost najva\u017enija u dugoro\u010dnoj borbi protiv dezinformacija - Europe House","isPartOf":{"@id":"https:\/\/www.evropskakuca.me\/me\/#website"},"primaryImageOfPage":{"@id":"https:\/\/www.evropskakuca.me\/me\/medijska-pismenost-najvaznija-u-dugorocnoj-borbi-protiv-dezinformacija\/#primaryimage"},"image":{"@id":"https:\/\/www.evropskakuca.me\/me\/medijska-pismenost-najvaznija-u-dugorocnoj-borbi-protiv-dezinformacija\/#primaryimage"},"thumbnailUrl":"http:\/\/www.evropskakuca.me\/wp-content\/uploads\/2021\/07\/radovan-2.jpg","datePublished":"2021-07-09T06:38:03+00:00","breadcrumb":{"@id":"https:\/\/www.evropskakuca.me\/me\/medijska-pismenost-najvaznija-u-dugorocnoj-borbi-protiv-dezinformacija\/#breadcrumb"},"inLanguage":"me-ME","potentialAction":[{"@type":"ReadAction","target":["https:\/\/www.evropskakuca.me\/me\/medijska-pismenost-najvaznija-u-dugorocnoj-borbi-protiv-dezinformacija\/"]}]},{"@type":"ImageObject","inLanguage":"me-ME","@id":"https:\/\/www.evropskakuca.me\/me\/medijska-pismenost-najvaznija-u-dugorocnoj-borbi-protiv-dezinformacija\/#primaryimage","url":"http:\/\/www.evropskakuca.me\/wp-content\/uploads\/2021\/07\/radovan-2.jpg","contentUrl":"http:\/\/www.evropskakuca.me\/wp-content\/uploads\/2021\/07\/radovan-2.jpg"},{"@type":"BreadcrumbList","@id":"https:\/\/www.evropskakuca.me\/me\/medijska-pismenost-najvaznija-u-dugorocnoj-borbi-protiv-dezinformacija\/#breadcrumb","itemListElement":[{"@type":"ListItem","position":1,"name":"Home","item":"https:\/\/www.evropskakuca.me\/me\/"},{"@type":"ListItem","position":2,"name":"Medijska pismenost najva\u017enija u dugoro\u010dnoj borbi protiv dezinformacija"}]},{"@type":"WebSite","@id":"https:\/\/www.evropskakuca.me\/me\/#website","url":"https:\/\/www.evropskakuca.me\/me\/","name":"Evropean house","description":"","publisher":{"@id":"https:\/\/www.evropskakuca.me\/me\/#organization"},"potentialAction":[{"@type":"SearchAction","target":{"@type":"EntryPoint","urlTemplate":"https:\/\/www.evropskakuca.me\/me\/?s={search_term_string}"},"query-input":{"@type":"PropertyValueSpecification","valueRequired":true,"valueName":"search_term_string"}}],"inLanguage":"me-ME"},{"@type":"Organization","@id":"https:\/\/www.evropskakuca.me\/me\/#organization","name":"Evropean house","url":"https:\/\/www.evropskakuca.me\/me\/","logo":{"@type":"ImageObject","inLanguage":"me-ME","@id":"https:\/\/www.evropskakuca.me\/me\/#\/schema\/logo\/image\/","url":"https:\/\/www.evropskakuca.me\/wp-content\/uploads\/2025\/01\/evropska-kuca-logo-1.png","contentUrl":"https:\/\/www.evropskakuca.me\/wp-content\/uploads\/2025\/01\/evropska-kuca-logo-1.png","width":425,"height":312,"caption":"Evropean house"},"image":{"@id":"https:\/\/www.evropskakuca.me\/me\/#\/schema\/logo\/image\/"},"sameAs":["https:\/\/www.facebook.com\/evropska.kuca","https:\/\/x.com\/evropska_kuca","https:\/\/www.instagram.com\/evropska_kuca"]},{"@type":"Person","@id":"https:\/\/www.evropskakuca.me\/me\/#\/schema\/person\/a1d0dcdaefe4a1cd1d60d200ea137ba4","name":"mkajic","image":{"@type":"ImageObject","inLanguage":"me-ME","@id":"https:\/\/secure.gravatar.com\/avatar\/731fa035cefab7316e6bafd1f25a93fb731a07de14e2d9923f8db4422628eabc?s=96&d=mm&r=g","url":"https:\/\/secure.gravatar.com\/avatar\/731fa035cefab7316e6bafd1f25a93fb731a07de14e2d9923f8db4422628eabc?s=96&d=mm&r=g","contentUrl":"https:\/\/secure.gravatar.com\/avatar\/731fa035cefab7316e6bafd1f25a93fb731a07de14e2d9923f8db4422628eabc?s=96&d=mm&r=g","caption":"mkajic"},"sameAs":["https:\/\/evropskakuca.me"],"url":"https:\/\/www.evropskakuca.me\/me\/author\/mkajic\/"}]}},"_links":{"self":[{"href":"https:\/\/www.evropskakuca.me\/me\/wp-json\/wp\/v2\/posts\/13552","targetHints":{"allow":["GET"]}}],"collection":[{"href":"https:\/\/www.evropskakuca.me\/me\/wp-json\/wp\/v2\/posts"}],"about":[{"href":"https:\/\/www.evropskakuca.me\/me\/wp-json\/wp\/v2\/types\/post"}],"author":[{"embeddable":true,"href":"https:\/\/www.evropskakuca.me\/me\/wp-json\/wp\/v2\/users\/1"}],"replies":[{"embeddable":true,"href":"https:\/\/www.evropskakuca.me\/me\/wp-json\/wp\/v2\/comments?post=13552"}],"version-history":[{"count":0,"href":"https:\/\/www.evropskakuca.me\/me\/wp-json\/wp\/v2\/posts\/13552\/revisions"}],"wp:attachment":[{"href":"https:\/\/www.evropskakuca.me\/me\/wp-json\/wp\/v2\/media?parent=13552"}],"wp:term":[{"taxonomy":"category","embeddable":true,"href":"https:\/\/www.evropskakuca.me\/me\/wp-json\/wp\/v2\/categories?post=13552"},{"taxonomy":"post_tag","embeddable":true,"href":"https:\/\/www.evropskakuca.me\/me\/wp-json\/wp\/v2\/tags?post=13552"}],"curies":[{"name":"wp","href":"https:\/\/api.w.org\/{rel}","templated":true}]}}