{"id":12411,"date":"2021-06-17T13:59:52","date_gmt":"2021-06-17T13:59:52","guid":{"rendered":"http:\/\/www.evropskakuca.me\/?p=12411"},"modified":"2021-06-17T13:59:52","modified_gmt":"2021-06-17T13:59:52","slug":"ambasadorka-popa-posjetila-cetinje-i-budvu","status":"publish","type":"post","link":"https:\/\/www.evropskakuca.me\/me\/ambasadorka-popa-posjetila-cetinje-i-budvu\/","title":{"rendered":"Ambasadorka Popa posjetila Cetinje i Budvu"},"content":{"rendered":"<p>\u0160efica Delegacije Evropske unije u Crnoj Gori ambasadorka Oana Kristina Popa posjetila je Prijestonicu Cetinje i Op\u0161tinu Budva. U okviru svoje prve radne posjete ovim gradovima, Popa je ocijenila da \u0107e EU\u00a0 nastaviti da podr\u017eava lokalne zajednice \u0161irom Crne Gore, kako bi pomogla da se turizam i ukupna ekonomija zemlje \u0161to prije oporave. Ambasadorka Popa je podsjetila na zna\u010dajna ulaganja EU u za\u0161titu \u017eivotne sredine u Crnoj Gori, kao klju\u010dne vrijednosti za bolji kvalitet \u017eivota dana\u0161njih i budu\u0107ih generacija.<\/p>\n<p>\u201cEU je obezbijedila 3 miliona eura za podr\u0161ku razvoju i izgradnji kanalizacionog sistema na Cetinju. Tako\u0111e, ulo\u017eili smo preko 1,5 miliona eura za sanaciju nekada\u0161nje nelegalne deponije Vrtijeljka. Danas sam imala zadovoljstvo da se uvjerim da je ova nekada\u0161nja crna ekolo\u0161ka ta\u010dka pretvorena u obnovljenu zelenu oblast,\u201d naglasila je ambasadorka.<\/p>\n<p><img fetchpriority=\"high\" decoding=\"async\" class=\"alignnone size-large wp-image-12407\" src=\"http:\/\/www.evropskakuca.me\/wp-content\/uploads\/2021\/06\/lipska-1024x682.jpg\" alt=\"\" width=\"1024\" height=\"682\" \/><\/p>\n<p>\u0160efica Delegacije EU je tako\u0111e ocijenila da je Lipska pe\u0107ina dobar primjer odr\u017eivog kori\u0161\u0107enja prirodnog naslje\u0111a za razvoj turizma, izraziv\u0161i zadovoljstvo da je Evropska unija podr\u017eala ovaj projekat.<\/p>\n<p>\u201cU Budvi, sara\u0111ujemo sa dr\u017eavnim i lokalnim vlastima daju\u0107i podr\u0161ku u pripremi infrastrukturnih projekata, a tako\u0111e poma\u017eemo i cilju efikasnijeg upravljanja priobalnim podru\u010djem,\u201d navela je ambasadorka.<\/p>\n<p><img decoding=\"async\" class=\"alignnone size-full wp-image-12409\" src=\"http:\/\/www.evropskakuca.me\/wp-content\/uploads\/2021\/06\/budva-3.jpg\" alt=\"\" width=\"960\" height=\"639\" \/><\/p>\n<p>Ocijenila je da je crnogorska obala izuzetno dragocjen resurs, koji je potrebno za\u0161tititi i razvijati na odr\u017eiv na\u010din.<\/p>\n<p>Ambasadorka Popa je podsjetila da je Evropska unija obezbijedila 115 miliona eura za podr\u0161ku u borbi protiv pandemije korona virusa u Crnoj Gori, nagla\u0161avaju\u0107i da je ovaj novac ve\u0107 pomogao u za\u0161titi zdravlja gra\u0111ana i o\u010duvanju hiljada radnih mjesta.\u00a0Popa je prethodno posjetila Pljevlja, \u017dabljak, Berane, Ro\u017eaje, Ulcinj i Bar.<\/p>\n","protected":false},"excerpt":{"rendered":"<p>\u201eEU podr\u017eava projekte za\u0161tite \u017eivotne sredine i odr\u017eivog razvoja \u0161irom Crne Gore\u201c  <\/p>\n","protected":false},"author":1,"featured_media":36822,"comment_status":"closed","ping_status":"closed","sticky":false,"template":"","format":"standard","meta":{"_acf_changed":false,"footnotes":""},"categories":[283],"tags":[],"class_list":["post-12411","post","type-post","status-publish","format-standard","has-post-thumbnail","hentry","category-novosti-me"],"acf":[],"yoast_head":"<!-- This site is optimized with the Yoast SEO plugin v27.3 - https:\/\/yoast.com\/product\/yoast-seo-wordpress\/ -->\n<title>Ambasadorka Popa posjetila Cetinje i Budvu - Europe House<\/title>\n<meta name=\"robots\" content=\"index, follow, max-snippet:-1, max-image-preview:large, max-video-preview:-1\" \/>\n<link rel=\"canonical\" href=\"https:\/\/www.evropskakuca.me\/me\/ambasadorka-popa-posjetila-cetinje-i-budvu\/\" \/>\n<meta property=\"og:locale\" content=\"en_US\" \/>\n<meta property=\"og:type\" content=\"article\" \/>\n<meta property=\"og:title\" content=\"Ambasadorka Popa posjetila Cetinje i Budvu - Europe House\" \/>\n<meta property=\"og:description\" content=\"\u201eEU podr\u017eava projekte za\u0161tite \u017eivotne sredine i odr\u017eivog razvoja \u0161irom Crne Gore\u201c\" \/>\n<meta property=\"og:url\" content=\"https:\/\/www.evropskakuca.me\/me\/ambasadorka-popa-posjetila-cetinje-i-budvu\/\" \/>\n<meta property=\"og:site_name\" content=\"Europe House\" \/>\n<meta property=\"article:publisher\" content=\"https:\/\/www.facebook.com\/evropska.kuca\" \/>\n<meta property=\"article:published_time\" content=\"2021-06-17T13:59:52+00:00\" \/>\n<meta property=\"og:image\" content=\"https:\/\/www.evropskakuca.me\/wp-content\/uploads\/2021\/06\/ct.jpg\" \/>\n\t<meta property=\"og:image:width\" content=\"1024\" \/>\n\t<meta property=\"og:image:height\" content=\"682\" \/>\n\t<meta property=\"og:image:type\" content=\"image\/jpeg\" \/>\n<meta name=\"author\" content=\"mkajic\" \/>\n<meta name=\"twitter:card\" content=\"summary_large_image\" \/>\n<meta name=\"twitter:creator\" content=\"@evropska_kuca\" \/>\n<meta name=\"twitter:site\" content=\"@evropska_kuca\" \/>\n<meta name=\"twitter:label1\" content=\"Written by\" \/>\n\t<meta name=\"twitter:data1\" content=\"mkajic\" \/>\n\t<meta name=\"twitter:label2\" content=\"Est. reading time\" \/>\n\t<meta name=\"twitter:data2\" content=\"1 minute\" \/>\n<script type=\"application\/ld+json\" class=\"yoast-schema-graph\">{\"@context\":\"https:\\\/\\\/schema.org\",\"@graph\":[{\"@type\":\"Article\",\"@id\":\"https:\\\/\\\/www.evropskakuca.me\\\/me\\\/ambasadorka-popa-posjetila-cetinje-i-budvu\\\/#article\",\"isPartOf\":{\"@id\":\"https:\\\/\\\/www.evropskakuca.me\\\/me\\\/ambasadorka-popa-posjetila-cetinje-i-budvu\\\/\"},\"author\":{\"name\":\"mkajic\",\"@id\":\"https:\\\/\\\/www.evropskakuca.me\\\/me\\\/#\\\/schema\\\/person\\\/a1d0dcdaefe4a1cd1d60d200ea137ba4\"},\"headline\":\"Ambasadorka Popa posjetila Cetinje i Budvu\",\"datePublished\":\"2021-06-17T13:59:52+00:00\",\"mainEntityOfPage\":{\"@id\":\"https:\\\/\\\/www.evropskakuca.me\\\/me\\\/ambasadorka-popa-posjetila-cetinje-i-budvu\\\/\"},\"wordCount\":292,\"publisher\":{\"@id\":\"https:\\\/\\\/www.evropskakuca.me\\\/me\\\/#organization\"},\"image\":{\"@id\":\"https:\\\/\\\/www.evropskakuca.me\\\/me\\\/ambasadorka-popa-posjetila-cetinje-i-budvu\\\/#primaryimage\"},\"thumbnailUrl\":\"https:\\\/\\\/www.evropskakuca.me\\\/wp-content\\\/uploads\\\/2021\\\/06\\\/ct.jpg\",\"articleSection\":[\"Novosti\"],\"inLanguage\":\"me-ME\"},{\"@type\":\"WebPage\",\"@id\":\"https:\\\/\\\/www.evropskakuca.me\\\/me\\\/ambasadorka-popa-posjetila-cetinje-i-budvu\\\/\",\"url\":\"https:\\\/\\\/www.evropskakuca.me\\\/me\\\/ambasadorka-popa-posjetila-cetinje-i-budvu\\\/\",\"name\":\"Ambasadorka Popa posjetila Cetinje i Budvu - Europe House\",\"isPartOf\":{\"@id\":\"https:\\\/\\\/www.evropskakuca.me\\\/me\\\/#website\"},\"primaryImageOfPage\":{\"@id\":\"https:\\\/\\\/www.evropskakuca.me\\\/me\\\/ambasadorka-popa-posjetila-cetinje-i-budvu\\\/#primaryimage\"},\"image\":{\"@id\":\"https:\\\/\\\/www.evropskakuca.me\\\/me\\\/ambasadorka-popa-posjetila-cetinje-i-budvu\\\/#primaryimage\"},\"thumbnailUrl\":\"https:\\\/\\\/www.evropskakuca.me\\\/wp-content\\\/uploads\\\/2021\\\/06\\\/ct.jpg\",\"datePublished\":\"2021-06-17T13:59:52+00:00\",\"breadcrumb\":{\"@id\":\"https:\\\/\\\/www.evropskakuca.me\\\/me\\\/ambasadorka-popa-posjetila-cetinje-i-budvu\\\/#breadcrumb\"},\"inLanguage\":\"me-ME\",\"potentialAction\":[{\"@type\":\"ReadAction\",\"target\":[\"https:\\\/\\\/www.evropskakuca.me\\\/me\\\/ambasadorka-popa-posjetila-cetinje-i-budvu\\\/\"]}]},{\"@type\":\"ImageObject\",\"inLanguage\":\"me-ME\",\"@id\":\"https:\\\/\\\/www.evropskakuca.me\\\/me\\\/ambasadorka-popa-posjetila-cetinje-i-budvu\\\/#primaryimage\",\"url\":\"https:\\\/\\\/www.evropskakuca.me\\\/wp-content\\\/uploads\\\/2021\\\/06\\\/ct.jpg\",\"contentUrl\":\"https:\\\/\\\/www.evropskakuca.me\\\/wp-content\\\/uploads\\\/2021\\\/06\\\/ct.jpg\",\"width\":1024,\"height\":682},{\"@type\":\"BreadcrumbList\",\"@id\":\"https:\\\/\\\/www.evropskakuca.me\\\/me\\\/ambasadorka-popa-posjetila-cetinje-i-budvu\\\/#breadcrumb\",\"itemListElement\":[{\"@type\":\"ListItem\",\"position\":1,\"name\":\"Home\",\"item\":\"https:\\\/\\\/www.evropskakuca.me\\\/me\\\/\"},{\"@type\":\"ListItem\",\"position\":2,\"name\":\"Ambasadorka Popa posjetila Cetinje i Budvu\"}]},{\"@type\":\"WebSite\",\"@id\":\"https:\\\/\\\/www.evropskakuca.me\\\/me\\\/#website\",\"url\":\"https:\\\/\\\/www.evropskakuca.me\\\/me\\\/\",\"name\":\"Evropean house\",\"description\":\"\",\"publisher\":{\"@id\":\"https:\\\/\\\/www.evropskakuca.me\\\/me\\\/#organization\"},\"potentialAction\":[{\"@type\":\"SearchAction\",\"target\":{\"@type\":\"EntryPoint\",\"urlTemplate\":\"https:\\\/\\\/www.evropskakuca.me\\\/me\\\/?s={search_term_string}\"},\"query-input\":{\"@type\":\"PropertyValueSpecification\",\"valueRequired\":true,\"valueName\":\"search_term_string\"}}],\"inLanguage\":\"me-ME\"},{\"@type\":\"Organization\",\"@id\":\"https:\\\/\\\/www.evropskakuca.me\\\/me\\\/#organization\",\"name\":\"Evropean house\",\"url\":\"https:\\\/\\\/www.evropskakuca.me\\\/me\\\/\",\"logo\":{\"@type\":\"ImageObject\",\"inLanguage\":\"me-ME\",\"@id\":\"https:\\\/\\\/www.evropskakuca.me\\\/me\\\/#\\\/schema\\\/logo\\\/image\\\/\",\"url\":\"https:\\\/\\\/www.evropskakuca.me\\\/wp-content\\\/uploads\\\/2025\\\/01\\\/evropska-kuca-logo-1.png\",\"contentUrl\":\"https:\\\/\\\/www.evropskakuca.me\\\/wp-content\\\/uploads\\\/2025\\\/01\\\/evropska-kuca-logo-1.png\",\"width\":425,\"height\":312,\"caption\":\"Evropean house\"},\"image\":{\"@id\":\"https:\\\/\\\/www.evropskakuca.me\\\/me\\\/#\\\/schema\\\/logo\\\/image\\\/\"},\"sameAs\":[\"https:\\\/\\\/www.facebook.com\\\/evropska.kuca\",\"https:\\\/\\\/x.com\\\/evropska_kuca\",\"https:\\\/\\\/www.instagram.com\\\/evropska_kuca\"]},{\"@type\":\"Person\",\"@id\":\"https:\\\/\\\/www.evropskakuca.me\\\/me\\\/#\\\/schema\\\/person\\\/a1d0dcdaefe4a1cd1d60d200ea137ba4\",\"name\":\"mkajic\",\"image\":{\"@type\":\"ImageObject\",\"inLanguage\":\"me-ME\",\"@id\":\"https:\\\/\\\/secure.gravatar.com\\\/avatar\\\/731fa035cefab7316e6bafd1f25a93fb731a07de14e2d9923f8db4422628eabc?s=96&d=mm&r=g\",\"url\":\"https:\\\/\\\/secure.gravatar.com\\\/avatar\\\/731fa035cefab7316e6bafd1f25a93fb731a07de14e2d9923f8db4422628eabc?s=96&d=mm&r=g\",\"contentUrl\":\"https:\\\/\\\/secure.gravatar.com\\\/avatar\\\/731fa035cefab7316e6bafd1f25a93fb731a07de14e2d9923f8db4422628eabc?s=96&d=mm&r=g\",\"caption\":\"mkajic\"},\"sameAs\":[\"https:\\\/\\\/evropskakuca.me\"],\"url\":\"https:\\\/\\\/www.evropskakuca.me\\\/me\\\/author\\\/mkajic\\\/\"}]}<\/script>\n<!-- \/ Yoast SEO plugin. -->","yoast_head_json":{"title":"Ambasadorka Popa posjetila Cetinje i Budvu - Europe House","robots":{"index":"index","follow":"follow","max-snippet":"max-snippet:-1","max-image-preview":"max-image-preview:large","max-video-preview":"max-video-preview:-1"},"canonical":"https:\/\/www.evropskakuca.me\/me\/ambasadorka-popa-posjetila-cetinje-i-budvu\/","og_locale":"en_US","og_type":"article","og_title":"Ambasadorka Popa posjetila Cetinje i Budvu - Europe House","og_description":"\u201eEU podr\u017eava projekte za\u0161tite \u017eivotne sredine i odr\u017eivog razvoja \u0161irom Crne Gore\u201c","og_url":"https:\/\/www.evropskakuca.me\/me\/ambasadorka-popa-posjetila-cetinje-i-budvu\/","og_site_name":"Europe House","article_publisher":"https:\/\/www.facebook.com\/evropska.kuca","article_published_time":"2021-06-17T13:59:52+00:00","og_image":[{"width":1024,"height":682,"url":"https:\/\/www.evropskakuca.me\/wp-content\/uploads\/2021\/06\/ct.jpg","type":"image\/jpeg"}],"author":"mkajic","twitter_card":"summary_large_image","twitter_creator":"@evropska_kuca","twitter_site":"@evropska_kuca","twitter_misc":{"Written by":"mkajic","Est. reading time":"1 minute"},"schema":{"@context":"https:\/\/schema.org","@graph":[{"@type":"Article","@id":"https:\/\/www.evropskakuca.me\/me\/ambasadorka-popa-posjetila-cetinje-i-budvu\/#article","isPartOf":{"@id":"https:\/\/www.evropskakuca.me\/me\/ambasadorka-popa-posjetila-cetinje-i-budvu\/"},"author":{"name":"mkajic","@id":"https:\/\/www.evropskakuca.me\/me\/#\/schema\/person\/a1d0dcdaefe4a1cd1d60d200ea137ba4"},"headline":"Ambasadorka Popa posjetila Cetinje i Budvu","datePublished":"2021-06-17T13:59:52+00:00","mainEntityOfPage":{"@id":"https:\/\/www.evropskakuca.me\/me\/ambasadorka-popa-posjetila-cetinje-i-budvu\/"},"wordCount":292,"publisher":{"@id":"https:\/\/www.evropskakuca.me\/me\/#organization"},"image":{"@id":"https:\/\/www.evropskakuca.me\/me\/ambasadorka-popa-posjetila-cetinje-i-budvu\/#primaryimage"},"thumbnailUrl":"https:\/\/www.evropskakuca.me\/wp-content\/uploads\/2021\/06\/ct.jpg","articleSection":["Novosti"],"inLanguage":"me-ME"},{"@type":"WebPage","@id":"https:\/\/www.evropskakuca.me\/me\/ambasadorka-popa-posjetila-cetinje-i-budvu\/","url":"https:\/\/www.evropskakuca.me\/me\/ambasadorka-popa-posjetila-cetinje-i-budvu\/","name":"Ambasadorka Popa posjetila Cetinje i Budvu - Europe House","isPartOf":{"@id":"https:\/\/www.evropskakuca.me\/me\/#website"},"primaryImageOfPage":{"@id":"https:\/\/www.evropskakuca.me\/me\/ambasadorka-popa-posjetila-cetinje-i-budvu\/#primaryimage"},"image":{"@id":"https:\/\/www.evropskakuca.me\/me\/ambasadorka-popa-posjetila-cetinje-i-budvu\/#primaryimage"},"thumbnailUrl":"https:\/\/www.evropskakuca.me\/wp-content\/uploads\/2021\/06\/ct.jpg","datePublished":"2021-06-17T13:59:52+00:00","breadcrumb":{"@id":"https:\/\/www.evropskakuca.me\/me\/ambasadorka-popa-posjetila-cetinje-i-budvu\/#breadcrumb"},"inLanguage":"me-ME","potentialAction":[{"@type":"ReadAction","target":["https:\/\/www.evropskakuca.me\/me\/ambasadorka-popa-posjetila-cetinje-i-budvu\/"]}]},{"@type":"ImageObject","inLanguage":"me-ME","@id":"https:\/\/www.evropskakuca.me\/me\/ambasadorka-popa-posjetila-cetinje-i-budvu\/#primaryimage","url":"https:\/\/www.evropskakuca.me\/wp-content\/uploads\/2021\/06\/ct.jpg","contentUrl":"https:\/\/www.evropskakuca.me\/wp-content\/uploads\/2021\/06\/ct.jpg","width":1024,"height":682},{"@type":"BreadcrumbList","@id":"https:\/\/www.evropskakuca.me\/me\/ambasadorka-popa-posjetila-cetinje-i-budvu\/#breadcrumb","itemListElement":[{"@type":"ListItem","position":1,"name":"Home","item":"https:\/\/www.evropskakuca.me\/me\/"},{"@type":"ListItem","position":2,"name":"Ambasadorka Popa posjetila Cetinje i Budvu"}]},{"@type":"WebSite","@id":"https:\/\/www.evropskakuca.me\/me\/#website","url":"https:\/\/www.evropskakuca.me\/me\/","name":"Evropean house","description":"","publisher":{"@id":"https:\/\/www.evropskakuca.me\/me\/#organization"},"potentialAction":[{"@type":"SearchAction","target":{"@type":"EntryPoint","urlTemplate":"https:\/\/www.evropskakuca.me\/me\/?s={search_term_string}"},"query-input":{"@type":"PropertyValueSpecification","valueRequired":true,"valueName":"search_term_string"}}],"inLanguage":"me-ME"},{"@type":"Organization","@id":"https:\/\/www.evropskakuca.me\/me\/#organization","name":"Evropean house","url":"https:\/\/www.evropskakuca.me\/me\/","logo":{"@type":"ImageObject","inLanguage":"me-ME","@id":"https:\/\/www.evropskakuca.me\/me\/#\/schema\/logo\/image\/","url":"https:\/\/www.evropskakuca.me\/wp-content\/uploads\/2025\/01\/evropska-kuca-logo-1.png","contentUrl":"https:\/\/www.evropskakuca.me\/wp-content\/uploads\/2025\/01\/evropska-kuca-logo-1.png","width":425,"height":312,"caption":"Evropean house"},"image":{"@id":"https:\/\/www.evropskakuca.me\/me\/#\/schema\/logo\/image\/"},"sameAs":["https:\/\/www.facebook.com\/evropska.kuca","https:\/\/x.com\/evropska_kuca","https:\/\/www.instagram.com\/evropska_kuca"]},{"@type":"Person","@id":"https:\/\/www.evropskakuca.me\/me\/#\/schema\/person\/a1d0dcdaefe4a1cd1d60d200ea137ba4","name":"mkajic","image":{"@type":"ImageObject","inLanguage":"me-ME","@id":"https:\/\/secure.gravatar.com\/avatar\/731fa035cefab7316e6bafd1f25a93fb731a07de14e2d9923f8db4422628eabc?s=96&d=mm&r=g","url":"https:\/\/secure.gravatar.com\/avatar\/731fa035cefab7316e6bafd1f25a93fb731a07de14e2d9923f8db4422628eabc?s=96&d=mm&r=g","contentUrl":"https:\/\/secure.gravatar.com\/avatar\/731fa035cefab7316e6bafd1f25a93fb731a07de14e2d9923f8db4422628eabc?s=96&d=mm&r=g","caption":"mkajic"},"sameAs":["https:\/\/evropskakuca.me"],"url":"https:\/\/www.evropskakuca.me\/me\/author\/mkajic\/"}]}},"_links":{"self":[{"href":"https:\/\/www.evropskakuca.me\/me\/wp-json\/wp\/v2\/posts\/12411","targetHints":{"allow":["GET"]}}],"collection":[{"href":"https:\/\/www.evropskakuca.me\/me\/wp-json\/wp\/v2\/posts"}],"about":[{"href":"https:\/\/www.evropskakuca.me\/me\/wp-json\/wp\/v2\/types\/post"}],"author":[{"embeddable":true,"href":"https:\/\/www.evropskakuca.me\/me\/wp-json\/wp\/v2\/users\/1"}],"replies":[{"embeddable":true,"href":"https:\/\/www.evropskakuca.me\/me\/wp-json\/wp\/v2\/comments?post=12411"}],"version-history":[{"count":0,"href":"https:\/\/www.evropskakuca.me\/me\/wp-json\/wp\/v2\/posts\/12411\/revisions"}],"wp:featuredmedia":[{"embeddable":true,"href":"https:\/\/www.evropskakuca.me\/me\/wp-json\/wp\/v2\/media\/36822"}],"wp:attachment":[{"href":"https:\/\/www.evropskakuca.me\/me\/wp-json\/wp\/v2\/media?parent=12411"}],"wp:term":[{"taxonomy":"category","embeddable":true,"href":"https:\/\/www.evropskakuca.me\/me\/wp-json\/wp\/v2\/categories?post=12411"},{"taxonomy":"post_tag","embeddable":true,"href":"https:\/\/www.evropskakuca.me\/me\/wp-json\/wp\/v2\/tags?post=12411"}],"curies":[{"name":"wp","href":"https:\/\/api.w.org\/{rel}","templated":true}]}}