{"id":11123,"date":"2021-04-21T14:36:19","date_gmt":"2021-04-21T14:36:19","guid":{"rendered":"http:\/\/www.evropskakuca.me\/?p=11123"},"modified":"2021-04-21T14:36:19","modified_gmt":"2021-04-21T14:36:19","slug":"evropska-komisija-i-austrija-obezbijedile-vakcine-protiv-kovida-19-za-zapadni-balkan","status":"publish","type":"post","link":"https:\/\/www.evropskakuca.me\/me\/evropska-komisija-i-austrija-obezbijedile-vakcine-protiv-kovida-19-za-zapadni-balkan\/","title":{"rendered":"Evropska komisija i Austrija obezbijedile vakcine protiv kovida-19 za Zapadni Balkan"},"content":{"rendered":"<p>Evropska komisija i Austrija danas najavljuju sklapanje sporazuma o isporuci vakcina protiv kovida-19 za Zapadni Balkan. Evropska komisija finansira isporuku 651 hiljada doza vakcina BioNTech\/Pfizer, koje \u0107e biti podijeljene uz podr\u0161ku Austrije. Prva isporuka svim partnerima u regionu o\u010dekuje se u maju, a isporuka redovnih tran\u0161i \u0107e se nastaviti do avgusta.<\/p>\n<p>\u201e<i>Klju\u010dno je svuda ubrzati kampanje vakcinacije. Sre\u0107na sam \u0161to mogu da najavim da smo osigurali doze za podr\u0161ku vakcinacije zdravstvenih radnika i drugih ranjivih grupa na Zapadnom Balkanu. Evropska unija stoji uz partnere u regionu, koji u nama vide podr\u0161ku. \u017delim da zahvalim Austriji \u0161to je omogu\u0107ila ovaj transfer, pokazuju\u0107i svoju \u010dvrstu posve\u0107enost i solidarnost sa Zapadnim Balkanom<\/i>\u201c, kazala je predsjednica Evropske komisije Ursula\u00a0<b>fon der Lajen<\/b>.<\/p>\n<p>\u201e<i>Uprkos trenutnoj nesta\u0161ici na globalnom nivou, EU \u0107e isporu\u010diti spasonosne vakcine za Zapadni Balkan. Podr\u0161ku pru\u017eamo od po\u010detka pandemije kovida-19: prvo, u vidu hitne medicinske opreme poput maski, respiratora, jedinica za intenzivnu njegu i vozila hitne pomo\u0107i; drugo, ja\u010danjem otpornosti. Sada \u0107emo pomo\u0107i da se osigura vakcinacija svih medicinskih radnika u regionu koji su na prvoj liniji borbe, kao i nekih drugih ranjivih grupa. Stalo nam je do Zapadnog Balkana, \u010dija je budu\u0107nost u Evropskoj uniji<\/i>\u201d, dodao je evropski komesar za susjedstvo i pro\u0161irenje Oliver\u00a0<b>Varhelji.<\/b><\/p>\n<p><i>\u201eGlavni je prioritet da vakcine protiv kovida-19 budu brzo i sveobuhvatno dostupne ljudima \u0161irom Evrope. U tom kontekstu, podr\u0161ka Zapadnom Balkanu u pristupu vakcinama \u010din je evropske solidarnosti i ulaganja u zdravlje i sigurnost cijelog regiona. Na kraju, prazna podru\u010dja na mapi vakcinacije, ma gdje bila, predstavljaju opasnost za sve nas. Niko nije siguran dok svi ne budu sigurni\u201d,<\/i>\u00a0naglasio je austrijski ministar vanjskih poslova\u00a0<b>Aleksander \u0160alenberg<\/b>.<\/p>\n<p>Austrija je dijeljenje ovih vakcina omogu\u0107ila kroz pravne aran\u017emane s proizvo\u0111a\u010dem i partnerima sa Zapadnog Balkana. Doze se finansiraju iz paketa vrijednog 70 miliona eura, koji je Komisija usvojila u decembru 2020. kako bi pomogla u pokrivanju tro\u0161kova vakcina osiguranih prema unaprijed utvr\u0111enim ugovorima EU o nabavci za partnere sa Zapadnog Balkana. Raspodjela izme\u0111u zemalja bi\u0107e zasnovana na epidemiolo\u0161kim potrebama, prioritizuju\u0107i medicinske radnike na prvoj liniji borbe protiv virusa i druge ranjive grupe.<\/p>\n<p><b>Kontekst<\/b><\/p>\n<p><span lang=\"BS-LATN-BA\" xml:lang=\"BS-LATN-BA\">Evropska komisija se zala\u017ee za vakcinaciju svih kojima je vakcina potrebna, bilo gdje u svijetu. Zbog toga se odmah odazvala na poziv Svjetske zdravstvene organizacije na akciju, te pomogla da se, od 4. maja 2020, prikupi gotovo 16 milijardi eura u okviru\u00a0<\/span><a href=\"https:\/\/global-response.europa.eu\/index_en\"><span lang=\"BS-LATN-BA\" xml:lang=\"BS-LATN-BA\">Globalnog odgovora na koronavirus<\/span><\/a><span lang=\"BS-LATN-BA\" xml:lang=\"BS-LATN-BA\">, globalne inicijative za univerzalni pristup testovima, lije\u010denju i vakcinama protiv koronavirusa, te za globalni oporavak.<\/span><\/p>\n<p><span lang=\"BS-LATN-BA\" xml:lang=\"BS-LATN-BA\">Instrument KOVAKS je temeljna komponenta koja se odnosi na vakcine u okviru Akceleratora za pristup alatima u borbi protiv kovida-19 (ACT), odnosno globalnoj saradnji za ubrzavanje razvoja, proizvodnje i jednakog pristupa testovima, lije\u010denju i vakcinama protiv kovida-19.\u00a0<\/span><span lang=\"IT\" xml:lang=\"IT\">EU i njene dr\u017eave \u010dlanice su do sada najavile 2,47 milijarde eura podr\u0161ke za KOVAKS. KOVAKS namjerava da do kraja 2021. nabavi 2 milijarde doza, uklju\u010duju\u0107i preko 1,3 milijarde doza za zemlje u razvoju.<\/span><\/p>\n<p><span lang=\"IT\" xml:lang=\"IT\">Pored toga, Strategija EU za vakcine tako\u0111e doprinosi naporima globalne solidarnosti. EU je ulo\u017eila blizu 3 milijarde eura za predfinansiranje proizvodnje vakcina kroz ugovore o avansnoj kupovini zaklju\u010dene s farmaceutskim kompanijama. Ovi ugovori dr\u017eavama \u010dlanicama EU pru\u017eaju mogu\u0107nost preprodaje, doniranja ili prenosa partnerskim zemljama.<\/span><\/p>\n<p><span lang=\"IT\" xml:lang=\"IT\">Komisija je 19. januara predlo\u017eila uspostavljanje mehanizma EU za dijeljenje vakcina, koji \u0107e obratiti posebnu pa\u017enju na Zapadni Balkan, susjedstvo EU i Afriku, i koji \u0107e koristiti prije svega zdravstvenim radnicima i ranjivoj populaciji.<\/span><\/p>\n<p><span lang=\"IT\" xml:lang=\"IT\">EU je od po\u010detka krize hitro djelovala kako bi podr\u017eala partnere sa Zapadnog Balkana, mobilizuju\u0107i vrlo zna\u010dajan paket od 3,3 milijarde eura za pomo\u0107 u rje\u0161avanju neposredne zdravstvene krize i ubla\u017eavanju dru\u0161tveno-ekonomske krize. Nedavno, u oktobru 2020, Komisija je predstavila i Ekonomski i investicioni plan vrijedan do 9 milijardi eura, kako bi podstakla dugoro\u010dni oporavak Zapadnog Balkana i pribli\u017eavanje EU.<\/span><\/p>\n<p>&nbsp;<\/p>\n","protected":false},"excerpt":{"rendered":"<p>Evropska komisija i Austrija danas najavljuju sklapanje sporazuma o isporuci vakcina protiv kovida-19 za Zapadni Balkan. Evropska komisija finansira isporuku 651 hiljada doza vakcina BioNTech\/Pfizer, koje \u0107e biti podijeljene uz podr\u0161ku Austrije. Prva isporuka svim partnerima u regionu o\u010dekuje se u maju, a isporuka redovnih tran\u0161i \u0107e se nastaviti do avgusta. \u201eKlju\u010dno je svuda ubrzati [&hellip;]<\/p>\n","protected":false},"author":1,"featured_media":35916,"comment_status":"closed","ping_status":"closed","sticky":false,"template":"","format":"standard","meta":{"_acf_changed":false,"footnotes":""},"categories":[287,283],"tags":[],"class_list":["post-11123","post","type-post","status-publish","format-standard","has-post-thumbnail","hentry","category-koronavirusa","category-novosti-me"],"acf":[],"yoast_head":"<!-- This site is optimized with the Yoast SEO plugin v27.3 - https:\/\/yoast.com\/product\/yoast-seo-wordpress\/ -->\n<title>Evropska komisija i Austrija obezbijedile vakcine protiv kovida-19 za Zapadni Balkan - Europe House<\/title>\n<meta name=\"robots\" content=\"index, follow, max-snippet:-1, max-image-preview:large, max-video-preview:-1\" \/>\n<link rel=\"canonical\" href=\"https:\/\/www.evropskakuca.me\/me\/evropska-komisija-i-austrija-obezbijedile-vakcine-protiv-kovida-19-za-zapadni-balkan\/\" \/>\n<meta property=\"og:locale\" content=\"en_US\" \/>\n<meta property=\"og:type\" content=\"article\" \/>\n<meta property=\"og:title\" content=\"Evropska komisija i Austrija obezbijedile vakcine protiv kovida-19 za Zapadni Balkan - Europe House\" \/>\n<meta property=\"og:description\" content=\"Evropska komisija i Austrija danas najavljuju sklapanje sporazuma o isporuci vakcina protiv kovida-19 za Zapadni Balkan. Evropska komisija finansira isporuku 651 hiljada doza vakcina BioNTech\/Pfizer, koje \u0107e biti podijeljene uz podr\u0161ku Austrije. Prva isporuka svim partnerima u regionu o\u010dekuje se u maju, a isporuka redovnih tran\u0161i \u0107e se nastaviti do avgusta. \u201eKlju\u010dno je svuda ubrzati [&hellip;]\" \/>\n<meta property=\"og:url\" content=\"https:\/\/www.evropskakuca.me\/me\/evropska-komisija-i-austrija-obezbijedile-vakcine-protiv-kovida-19-za-zapadni-balkan\/\" \/>\n<meta property=\"og:site_name\" content=\"Europe House\" \/>\n<meta property=\"article:publisher\" content=\"https:\/\/www.facebook.com\/evropska.kuca\" \/>\n<meta property=\"article:published_time\" content=\"2021-04-21T14:36:19+00:00\" \/>\n<meta property=\"og:image\" content=\"https:\/\/www.evropskakuca.me\/wp-content\/uploads\/2021\/04\/P050943-689577-scaled.jpg\" \/>\n\t<meta property=\"og:image:width\" content=\"2560\" \/>\n\t<meta property=\"og:image:height\" content=\"1706\" \/>\n\t<meta property=\"og:image:type\" content=\"image\/jpeg\" \/>\n<meta name=\"author\" content=\"mkajic\" \/>\n<meta name=\"twitter:card\" content=\"summary_large_image\" \/>\n<meta name=\"twitter:creator\" content=\"@evropska_kuca\" \/>\n<meta name=\"twitter:site\" content=\"@evropska_kuca\" \/>\n<meta name=\"twitter:label1\" content=\"Written by\" \/>\n\t<meta name=\"twitter:data1\" content=\"mkajic\" \/>\n\t<meta name=\"twitter:label2\" content=\"Est. reading time\" \/>\n\t<meta name=\"twitter:data2\" content=\"3 minutes\" \/>\n<script type=\"application\/ld+json\" class=\"yoast-schema-graph\">{\"@context\":\"https:\\\/\\\/schema.org\",\"@graph\":[{\"@type\":\"Article\",\"@id\":\"https:\\\/\\\/www.evropskakuca.me\\\/me\\\/evropska-komisija-i-austrija-obezbijedile-vakcine-protiv-kovida-19-za-zapadni-balkan\\\/#article\",\"isPartOf\":{\"@id\":\"https:\\\/\\\/www.evropskakuca.me\\\/me\\\/evropska-komisija-i-austrija-obezbijedile-vakcine-protiv-kovida-19-za-zapadni-balkan\\\/\"},\"author\":{\"name\":\"mkajic\",\"@id\":\"https:\\\/\\\/www.evropskakuca.me\\\/me\\\/#\\\/schema\\\/person\\\/a1d0dcdaefe4a1cd1d60d200ea137ba4\"},\"headline\":\"Evropska komisija i Austrija obezbijedile vakcine protiv kovida-19 za Zapadni Balkan\",\"datePublished\":\"2021-04-21T14:36:19+00:00\",\"mainEntityOfPage\":{\"@id\":\"https:\\\/\\\/www.evropskakuca.me\\\/me\\\/evropska-komisija-i-austrija-obezbijedile-vakcine-protiv-kovida-19-za-zapadni-balkan\\\/\"},\"wordCount\":669,\"publisher\":{\"@id\":\"https:\\\/\\\/www.evropskakuca.me\\\/me\\\/#organization\"},\"image\":{\"@id\":\"https:\\\/\\\/www.evropskakuca.me\\\/me\\\/evropska-komisija-i-austrija-obezbijedile-vakcine-protiv-kovida-19-za-zapadni-balkan\\\/#primaryimage\"},\"thumbnailUrl\":\"https:\\\/\\\/www.evropskakuca.me\\\/wp-content\\\/uploads\\\/2021\\\/04\\\/P050943-689577-scaled.jpg\",\"articleSection\":[\"Koronavirusa\",\"Novosti\"],\"inLanguage\":\"me-ME\"},{\"@type\":\"WebPage\",\"@id\":\"https:\\\/\\\/www.evropskakuca.me\\\/me\\\/evropska-komisija-i-austrija-obezbijedile-vakcine-protiv-kovida-19-za-zapadni-balkan\\\/\",\"url\":\"https:\\\/\\\/www.evropskakuca.me\\\/me\\\/evropska-komisija-i-austrija-obezbijedile-vakcine-protiv-kovida-19-za-zapadni-balkan\\\/\",\"name\":\"Evropska komisija i Austrija obezbijedile vakcine protiv kovida-19 za Zapadni Balkan - Europe House\",\"isPartOf\":{\"@id\":\"https:\\\/\\\/www.evropskakuca.me\\\/me\\\/#website\"},\"primaryImageOfPage\":{\"@id\":\"https:\\\/\\\/www.evropskakuca.me\\\/me\\\/evropska-komisija-i-austrija-obezbijedile-vakcine-protiv-kovida-19-za-zapadni-balkan\\\/#primaryimage\"},\"image\":{\"@id\":\"https:\\\/\\\/www.evropskakuca.me\\\/me\\\/evropska-komisija-i-austrija-obezbijedile-vakcine-protiv-kovida-19-za-zapadni-balkan\\\/#primaryimage\"},\"thumbnailUrl\":\"https:\\\/\\\/www.evropskakuca.me\\\/wp-content\\\/uploads\\\/2021\\\/04\\\/P050943-689577-scaled.jpg\",\"datePublished\":\"2021-04-21T14:36:19+00:00\",\"breadcrumb\":{\"@id\":\"https:\\\/\\\/www.evropskakuca.me\\\/me\\\/evropska-komisija-i-austrija-obezbijedile-vakcine-protiv-kovida-19-za-zapadni-balkan\\\/#breadcrumb\"},\"inLanguage\":\"me-ME\",\"potentialAction\":[{\"@type\":\"ReadAction\",\"target\":[\"https:\\\/\\\/www.evropskakuca.me\\\/me\\\/evropska-komisija-i-austrija-obezbijedile-vakcine-protiv-kovida-19-za-zapadni-balkan\\\/\"]}]},{\"@type\":\"ImageObject\",\"inLanguage\":\"me-ME\",\"@id\":\"https:\\\/\\\/www.evropskakuca.me\\\/me\\\/evropska-komisija-i-austrija-obezbijedile-vakcine-protiv-kovida-19-za-zapadni-balkan\\\/#primaryimage\",\"url\":\"https:\\\/\\\/www.evropskakuca.me\\\/wp-content\\\/uploads\\\/2021\\\/04\\\/P050943-689577-scaled.jpg\",\"contentUrl\":\"https:\\\/\\\/www.evropskakuca.me\\\/wp-content\\\/uploads\\\/2021\\\/04\\\/P050943-689577-scaled.jpg\",\"width\":2560,\"height\":1706},{\"@type\":\"BreadcrumbList\",\"@id\":\"https:\\\/\\\/www.evropskakuca.me\\\/me\\\/evropska-komisija-i-austrija-obezbijedile-vakcine-protiv-kovida-19-za-zapadni-balkan\\\/#breadcrumb\",\"itemListElement\":[{\"@type\":\"ListItem\",\"position\":1,\"name\":\"Home\",\"item\":\"https:\\\/\\\/www.evropskakuca.me\\\/me\\\/\"},{\"@type\":\"ListItem\",\"position\":2,\"name\":\"Evropska komisija i Austrija obezbijedile vakcine protiv kovida-19 za Zapadni Balkan\"}]},{\"@type\":\"WebSite\",\"@id\":\"https:\\\/\\\/www.evropskakuca.me\\\/me\\\/#website\",\"url\":\"https:\\\/\\\/www.evropskakuca.me\\\/me\\\/\",\"name\":\"Evropean house\",\"description\":\"\",\"publisher\":{\"@id\":\"https:\\\/\\\/www.evropskakuca.me\\\/me\\\/#organization\"},\"potentialAction\":[{\"@type\":\"SearchAction\",\"target\":{\"@type\":\"EntryPoint\",\"urlTemplate\":\"https:\\\/\\\/www.evropskakuca.me\\\/me\\\/?s={search_term_string}\"},\"query-input\":{\"@type\":\"PropertyValueSpecification\",\"valueRequired\":true,\"valueName\":\"search_term_string\"}}],\"inLanguage\":\"me-ME\"},{\"@type\":\"Organization\",\"@id\":\"https:\\\/\\\/www.evropskakuca.me\\\/me\\\/#organization\",\"name\":\"Evropean house\",\"url\":\"https:\\\/\\\/www.evropskakuca.me\\\/me\\\/\",\"logo\":{\"@type\":\"ImageObject\",\"inLanguage\":\"me-ME\",\"@id\":\"https:\\\/\\\/www.evropskakuca.me\\\/me\\\/#\\\/schema\\\/logo\\\/image\\\/\",\"url\":\"https:\\\/\\\/www.evropskakuca.me\\\/wp-content\\\/uploads\\\/2025\\\/01\\\/evropska-kuca-logo-1.png\",\"contentUrl\":\"https:\\\/\\\/www.evropskakuca.me\\\/wp-content\\\/uploads\\\/2025\\\/01\\\/evropska-kuca-logo-1.png\",\"width\":425,\"height\":312,\"caption\":\"Evropean house\"},\"image\":{\"@id\":\"https:\\\/\\\/www.evropskakuca.me\\\/me\\\/#\\\/schema\\\/logo\\\/image\\\/\"},\"sameAs\":[\"https:\\\/\\\/www.facebook.com\\\/evropska.kuca\",\"https:\\\/\\\/x.com\\\/evropska_kuca\",\"https:\\\/\\\/www.instagram.com\\\/evropska_kuca\"]},{\"@type\":\"Person\",\"@id\":\"https:\\\/\\\/www.evropskakuca.me\\\/me\\\/#\\\/schema\\\/person\\\/a1d0dcdaefe4a1cd1d60d200ea137ba4\",\"name\":\"mkajic\",\"image\":{\"@type\":\"ImageObject\",\"inLanguage\":\"me-ME\",\"@id\":\"https:\\\/\\\/secure.gravatar.com\\\/avatar\\\/731fa035cefab7316e6bafd1f25a93fb731a07de14e2d9923f8db4422628eabc?s=96&d=mm&r=g\",\"url\":\"https:\\\/\\\/secure.gravatar.com\\\/avatar\\\/731fa035cefab7316e6bafd1f25a93fb731a07de14e2d9923f8db4422628eabc?s=96&d=mm&r=g\",\"contentUrl\":\"https:\\\/\\\/secure.gravatar.com\\\/avatar\\\/731fa035cefab7316e6bafd1f25a93fb731a07de14e2d9923f8db4422628eabc?s=96&d=mm&r=g\",\"caption\":\"mkajic\"},\"sameAs\":[\"https:\\\/\\\/evropskakuca.me\"],\"url\":\"https:\\\/\\\/www.evropskakuca.me\\\/me\\\/author\\\/mkajic\\\/\"}]}<\/script>\n<!-- \/ Yoast SEO plugin. -->","yoast_head_json":{"title":"Evropska komisija i Austrija obezbijedile vakcine protiv kovida-19 za Zapadni Balkan - Europe House","robots":{"index":"index","follow":"follow","max-snippet":"max-snippet:-1","max-image-preview":"max-image-preview:large","max-video-preview":"max-video-preview:-1"},"canonical":"https:\/\/www.evropskakuca.me\/me\/evropska-komisija-i-austrija-obezbijedile-vakcine-protiv-kovida-19-za-zapadni-balkan\/","og_locale":"en_US","og_type":"article","og_title":"Evropska komisija i Austrija obezbijedile vakcine protiv kovida-19 za Zapadni Balkan - Europe House","og_description":"Evropska komisija i Austrija danas najavljuju sklapanje sporazuma o isporuci vakcina protiv kovida-19 za Zapadni Balkan. Evropska komisija finansira isporuku 651 hiljada doza vakcina BioNTech\/Pfizer, koje \u0107e biti podijeljene uz podr\u0161ku Austrije. Prva isporuka svim partnerima u regionu o\u010dekuje se u maju, a isporuka redovnih tran\u0161i \u0107e se nastaviti do avgusta. \u201eKlju\u010dno je svuda ubrzati [&hellip;]","og_url":"https:\/\/www.evropskakuca.me\/me\/evropska-komisija-i-austrija-obezbijedile-vakcine-protiv-kovida-19-za-zapadni-balkan\/","og_site_name":"Europe House","article_publisher":"https:\/\/www.facebook.com\/evropska.kuca","article_published_time":"2021-04-21T14:36:19+00:00","og_image":[{"width":2560,"height":1706,"url":"https:\/\/www.evropskakuca.me\/wp-content\/uploads\/2021\/04\/P050943-689577-scaled.jpg","type":"image\/jpeg"}],"author":"mkajic","twitter_card":"summary_large_image","twitter_creator":"@evropska_kuca","twitter_site":"@evropska_kuca","twitter_misc":{"Written by":"mkajic","Est. reading time":"3 minutes"},"schema":{"@context":"https:\/\/schema.org","@graph":[{"@type":"Article","@id":"https:\/\/www.evropskakuca.me\/me\/evropska-komisija-i-austrija-obezbijedile-vakcine-protiv-kovida-19-za-zapadni-balkan\/#article","isPartOf":{"@id":"https:\/\/www.evropskakuca.me\/me\/evropska-komisija-i-austrija-obezbijedile-vakcine-protiv-kovida-19-za-zapadni-balkan\/"},"author":{"name":"mkajic","@id":"https:\/\/www.evropskakuca.me\/me\/#\/schema\/person\/a1d0dcdaefe4a1cd1d60d200ea137ba4"},"headline":"Evropska komisija i Austrija obezbijedile vakcine protiv kovida-19 za Zapadni Balkan","datePublished":"2021-04-21T14:36:19+00:00","mainEntityOfPage":{"@id":"https:\/\/www.evropskakuca.me\/me\/evropska-komisija-i-austrija-obezbijedile-vakcine-protiv-kovida-19-za-zapadni-balkan\/"},"wordCount":669,"publisher":{"@id":"https:\/\/www.evropskakuca.me\/me\/#organization"},"image":{"@id":"https:\/\/www.evropskakuca.me\/me\/evropska-komisija-i-austrija-obezbijedile-vakcine-protiv-kovida-19-za-zapadni-balkan\/#primaryimage"},"thumbnailUrl":"https:\/\/www.evropskakuca.me\/wp-content\/uploads\/2021\/04\/P050943-689577-scaled.jpg","articleSection":["Koronavirusa","Novosti"],"inLanguage":"me-ME"},{"@type":"WebPage","@id":"https:\/\/www.evropskakuca.me\/me\/evropska-komisija-i-austrija-obezbijedile-vakcine-protiv-kovida-19-za-zapadni-balkan\/","url":"https:\/\/www.evropskakuca.me\/me\/evropska-komisija-i-austrija-obezbijedile-vakcine-protiv-kovida-19-za-zapadni-balkan\/","name":"Evropska komisija i Austrija obezbijedile vakcine protiv kovida-19 za Zapadni Balkan - Europe House","isPartOf":{"@id":"https:\/\/www.evropskakuca.me\/me\/#website"},"primaryImageOfPage":{"@id":"https:\/\/www.evropskakuca.me\/me\/evropska-komisija-i-austrija-obezbijedile-vakcine-protiv-kovida-19-za-zapadni-balkan\/#primaryimage"},"image":{"@id":"https:\/\/www.evropskakuca.me\/me\/evropska-komisija-i-austrija-obezbijedile-vakcine-protiv-kovida-19-za-zapadni-balkan\/#primaryimage"},"thumbnailUrl":"https:\/\/www.evropskakuca.me\/wp-content\/uploads\/2021\/04\/P050943-689577-scaled.jpg","datePublished":"2021-04-21T14:36:19+00:00","breadcrumb":{"@id":"https:\/\/www.evropskakuca.me\/me\/evropska-komisija-i-austrija-obezbijedile-vakcine-protiv-kovida-19-za-zapadni-balkan\/#breadcrumb"},"inLanguage":"me-ME","potentialAction":[{"@type":"ReadAction","target":["https:\/\/www.evropskakuca.me\/me\/evropska-komisija-i-austrija-obezbijedile-vakcine-protiv-kovida-19-za-zapadni-balkan\/"]}]},{"@type":"ImageObject","inLanguage":"me-ME","@id":"https:\/\/www.evropskakuca.me\/me\/evropska-komisija-i-austrija-obezbijedile-vakcine-protiv-kovida-19-za-zapadni-balkan\/#primaryimage","url":"https:\/\/www.evropskakuca.me\/wp-content\/uploads\/2021\/04\/P050943-689577-scaled.jpg","contentUrl":"https:\/\/www.evropskakuca.me\/wp-content\/uploads\/2021\/04\/P050943-689577-scaled.jpg","width":2560,"height":1706},{"@type":"BreadcrumbList","@id":"https:\/\/www.evropskakuca.me\/me\/evropska-komisija-i-austrija-obezbijedile-vakcine-protiv-kovida-19-za-zapadni-balkan\/#breadcrumb","itemListElement":[{"@type":"ListItem","position":1,"name":"Home","item":"https:\/\/www.evropskakuca.me\/me\/"},{"@type":"ListItem","position":2,"name":"Evropska komisija i Austrija obezbijedile vakcine protiv kovida-19 za Zapadni Balkan"}]},{"@type":"WebSite","@id":"https:\/\/www.evropskakuca.me\/me\/#website","url":"https:\/\/www.evropskakuca.me\/me\/","name":"Evropean house","description":"","publisher":{"@id":"https:\/\/www.evropskakuca.me\/me\/#organization"},"potentialAction":[{"@type":"SearchAction","target":{"@type":"EntryPoint","urlTemplate":"https:\/\/www.evropskakuca.me\/me\/?s={search_term_string}"},"query-input":{"@type":"PropertyValueSpecification","valueRequired":true,"valueName":"search_term_string"}}],"inLanguage":"me-ME"},{"@type":"Organization","@id":"https:\/\/www.evropskakuca.me\/me\/#organization","name":"Evropean house","url":"https:\/\/www.evropskakuca.me\/me\/","logo":{"@type":"ImageObject","inLanguage":"me-ME","@id":"https:\/\/www.evropskakuca.me\/me\/#\/schema\/logo\/image\/","url":"https:\/\/www.evropskakuca.me\/wp-content\/uploads\/2025\/01\/evropska-kuca-logo-1.png","contentUrl":"https:\/\/www.evropskakuca.me\/wp-content\/uploads\/2025\/01\/evropska-kuca-logo-1.png","width":425,"height":312,"caption":"Evropean house"},"image":{"@id":"https:\/\/www.evropskakuca.me\/me\/#\/schema\/logo\/image\/"},"sameAs":["https:\/\/www.facebook.com\/evropska.kuca","https:\/\/x.com\/evropska_kuca","https:\/\/www.instagram.com\/evropska_kuca"]},{"@type":"Person","@id":"https:\/\/www.evropskakuca.me\/me\/#\/schema\/person\/a1d0dcdaefe4a1cd1d60d200ea137ba4","name":"mkajic","image":{"@type":"ImageObject","inLanguage":"me-ME","@id":"https:\/\/secure.gravatar.com\/avatar\/731fa035cefab7316e6bafd1f25a93fb731a07de14e2d9923f8db4422628eabc?s=96&d=mm&r=g","url":"https:\/\/secure.gravatar.com\/avatar\/731fa035cefab7316e6bafd1f25a93fb731a07de14e2d9923f8db4422628eabc?s=96&d=mm&r=g","contentUrl":"https:\/\/secure.gravatar.com\/avatar\/731fa035cefab7316e6bafd1f25a93fb731a07de14e2d9923f8db4422628eabc?s=96&d=mm&r=g","caption":"mkajic"},"sameAs":["https:\/\/evropskakuca.me"],"url":"https:\/\/www.evropskakuca.me\/me\/author\/mkajic\/"}]}},"_links":{"self":[{"href":"https:\/\/www.evropskakuca.me\/me\/wp-json\/wp\/v2\/posts\/11123","targetHints":{"allow":["GET"]}}],"collection":[{"href":"https:\/\/www.evropskakuca.me\/me\/wp-json\/wp\/v2\/posts"}],"about":[{"href":"https:\/\/www.evropskakuca.me\/me\/wp-json\/wp\/v2\/types\/post"}],"author":[{"embeddable":true,"href":"https:\/\/www.evropskakuca.me\/me\/wp-json\/wp\/v2\/users\/1"}],"replies":[{"embeddable":true,"href":"https:\/\/www.evropskakuca.me\/me\/wp-json\/wp\/v2\/comments?post=11123"}],"version-history":[{"count":0,"href":"https:\/\/www.evropskakuca.me\/me\/wp-json\/wp\/v2\/posts\/11123\/revisions"}],"wp:featuredmedia":[{"embeddable":true,"href":"https:\/\/www.evropskakuca.me\/me\/wp-json\/wp\/v2\/media\/35916"}],"wp:attachment":[{"href":"https:\/\/www.evropskakuca.me\/me\/wp-json\/wp\/v2\/media?parent=11123"}],"wp:term":[{"taxonomy":"category","embeddable":true,"href":"https:\/\/www.evropskakuca.me\/me\/wp-json\/wp\/v2\/categories?post=11123"},{"taxonomy":"post_tag","embeddable":true,"href":"https:\/\/www.evropskakuca.me\/me\/wp-json\/wp\/v2\/tags?post=11123"}],"curies":[{"name":"wp","href":"https:\/\/api.w.org\/{rel}","templated":true}]}}