{"id":11107,"date":"2021-04-13T09:09:17","date_gmt":"2021-04-13T09:09:17","guid":{"rendered":"http:\/\/www.evropskakuca.me\/?p=11107"},"modified":"2021-04-13T09:09:17","modified_gmt":"2021-04-13T09:09:17","slug":"korona-virus-tim-evropa-za-godinu-pomogao-partnerske-zemlje-sa-vise-od-26-milijardi-eura","status":"publish","type":"post","link":"https:\/\/www.evropskakuca.me\/me\/korona-virus-tim-evropa-za-godinu-pomogao-partnerske-zemlje-sa-vise-od-26-milijardi-eura\/","title":{"rendered":"Korona virus: Tim Evropa za godinu pomogao partnerske zemlje sa vi\u0161e od 26 milijardi eura"},"content":{"rendered":"<p><a href=\"https:\/\/www.consilium.europa.eu\/hr\/policies\/coronavirus\/global-solidarity\/\">Prije ta\u010dno godinu dana<\/a>\u00a0Evropska komisija i Visoki predstavnik utvrdili su planove za ciljani odgovor EU kako bi kombinovanjem sredstava EU, dr\u017eava \u010dlanica i evropskih finansijskih institucija ujedinjenih kao \u201eTim Evropa\u201d partnerskim zemljama pomogli u borbi protiv pandemije korona virusa. Do 1.\u00a0januara\u00a02021. Tim Evropa izdvojio je vi\u0161e od 26\u00a0milijardi\u00a0eura pomo\u0107i partnerskim zemljama u \u010ditavom svijetu, \u0161to je 65\u00a0% cjelokupnog paketa pomo\u0107i koji sada iznosi vi\u0161e od 40\u00a0milijardi\u00a0eura i prema\u0161uje prvotno obe\u0107anih 20\u00a0milijardi\u00a0eura.<\/p>\n<p>Tim Evropa radi i na globalnom, ravnopravnom pristupu vakcinama protiv bolesti COVID-19 i sprovodi kampanju vakcinisanja, uz istovremeno razmatranje mogu\u0107nosti za ja\u010danje lokalnih kapaciteta za proizvodnju. EU je imala vode\u0107u ulogu u uspostavljanju <strong>instrumenta COVAX<\/strong>, globalne inicijative u okviru koje zemlje s visokim dohotkom mogu finansirati vakcine za zemlje sa niskim i srednjim dohotkom i u kojoj je Tim Evropa jedan od vode\u0107ih donatora, s vi\u0161e od 2,2\u00a0milijarde\u00a0eura.<\/p>\n<p><strong>Kada je rije\u010d o pomo\u0107i Zapadnom Balkanu, Tim Evropa je do sada obezbjedio <\/strong>vi\u0161e od 11,3\u00a0miliona komada za\u0161titne i medicinske opreme kao \u0161to su respiratori, kreveti za intenzivnu njegu, kontejneri za trija\u017eu bolesnika, vozila hitne pomo\u0107i i 30\u00a0000 manjih medicinskih ure\u0111aja. U okviru hitne podr\u0161ke osigurano je i preko 80\u00a0000 testova na COVID, materijal za kalibraciju dodatnih 580\u00a0000 testova i 25\u00a0000 litara dezinficijensa. Dio novca usmjeren je i na pomo\u0107\u00a0<strong>Zapadnom Balkanu i isto\u010dnom susjedstvu<\/strong>, u suradnji sa Svjetskom zdravstvenom organizacijom, kako bi se pripremili za dostavu i primjenu vakcina protiv bolesti COVID-19 te kako bi se pove\u0107ala otpornost na zdravstvene krize. Tim Evropa je opredijelio i pomo\u0107 za firme na\u00a0Z<strong>apadnom Balkanu,<\/strong>\u00a0u kojoj ulestvuje do 70 lokalnih banaka u regiji, koje \u0107e privatnom sektoru omogu\u0107iti lak\u0161i pristup kreditima. Istovremeno, EU putem EIB osigurava zna\u010dajna sredstva za dodatne zajmove za ulaganja javnog sektora i dalje kreditiranje preduze\u0107a kako bi se o\u010duvala mnoga radna mjesta.<\/p>\n<p>Na temelju uspjeha Tima Evropa, EU i dr\u017eave \u010dlanice dogovorili su se da \u0107e dosada\u0161nji rad podi\u0107i na vi\u0161i nivo zajedni\u010dkim osmi\u0161ljavanjem, finansiranjem i sprovo\u0111enjem <strong>inicijativa Tima Evrope<\/strong>. U sljede\u0107em programskom ciklusu to \u0107e biti transformacijski projekti za partnerske zemlje, fokusairani na glavna prioritetna podru\u010dja EU, u skladu s potrebama partnerskih zemalja.<\/p>\n","protected":false},"excerpt":{"rendered":"<p>Prije ta\u010dno godinu dana\u00a0Evropska komisija i Visoki predstavnik utvrdili su planove za ciljani odgovor EU kako bi kombinovanjem sredstava EU, dr\u017eava \u010dlanica i evropskih finansijskih institucija ujedinjenih kao \u201eTim Evropa\u201d partnerskim zemljama pomogli u borbi protiv pandemije korona virusa. Do 1.\u00a0januara\u00a02021. Tim Evropa izdvojio je vi\u0161e od 26\u00a0milijardi\u00a0eura pomo\u0107i partnerskim zemljama u \u010ditavom svijetu, \u0161to [&hellip;]<\/p>\n","protected":false},"author":1,"featured_media":35850,"comment_status":"closed","ping_status":"closed","sticky":false,"template":"","format":"standard","meta":{"_acf_changed":false,"footnotes":""},"categories":[287,283],"tags":[],"class_list":["post-11107","post","type-post","status-publish","format-standard","has-post-thumbnail","hentry","category-koronavirusa","category-novosti-me"],"acf":[],"yoast_head":"<!-- This site is optimized with the Yoast SEO plugin v27.3 - https:\/\/yoast.com\/product\/yoast-seo-wordpress\/ -->\n<title>Korona virus: Tim Evropa za godinu pomogao partnerske zemlje sa vi\u0161e od 26 milijardi eura - Europe House<\/title>\n<meta name=\"robots\" content=\"index, follow, max-snippet:-1, max-image-preview:large, max-video-preview:-1\" \/>\n<link rel=\"canonical\" href=\"https:\/\/www.evropskakuca.me\/me\/korona-virus-tim-evropa-za-godinu-pomogao-partnerske-zemlje-sa-vise-od-26-milijardi-eura\/\" \/>\n<meta property=\"og:locale\" content=\"en_US\" \/>\n<meta property=\"og:type\" content=\"article\" \/>\n<meta property=\"og:title\" content=\"Korona virus: Tim Evropa za godinu pomogao partnerske zemlje sa vi\u0161e od 26 milijardi eura - Europe House\" \/>\n<meta property=\"og:description\" content=\"Prije ta\u010dno godinu dana\u00a0Evropska komisija i Visoki predstavnik utvrdili su planove za ciljani odgovor EU kako bi kombinovanjem sredstava EU, dr\u017eava \u010dlanica i evropskih finansijskih institucija ujedinjenih kao \u201eTim Evropa\u201d partnerskim zemljama pomogli u borbi protiv pandemije korona virusa. Do 1.\u00a0januara\u00a02021. Tim Evropa izdvojio je vi\u0161e od 26\u00a0milijardi\u00a0eura pomo\u0107i partnerskim zemljama u \u010ditavom svijetu, \u0161to [&hellip;]\" \/>\n<meta property=\"og:url\" content=\"https:\/\/www.evropskakuca.me\/me\/korona-virus-tim-evropa-za-godinu-pomogao-partnerske-zemlje-sa-vise-od-26-milijardi-eura\/\" \/>\n<meta property=\"og:site_name\" content=\"Europe House\" \/>\n<meta property=\"article:publisher\" content=\"https:\/\/www.facebook.com\/evropska.kuca\" \/>\n<meta property=\"article:published_time\" content=\"2021-04-13T09:09:17+00:00\" \/>\n<meta property=\"og:image\" content=\"https:\/\/www.evropskakuca.me\/wp-content\/uploads\/2021\/03\/donacija-2.jpg\" \/>\n\t<meta property=\"og:image:width\" content=\"750\" \/>\n\t<meta property=\"og:image:height\" content=\"499\" \/>\n\t<meta property=\"og:image:type\" content=\"image\/jpeg\" \/>\n<meta name=\"author\" content=\"mkajic\" \/>\n<meta name=\"twitter:card\" content=\"summary_large_image\" \/>\n<meta name=\"twitter:creator\" content=\"@evropska_kuca\" \/>\n<meta name=\"twitter:site\" content=\"@evropska_kuca\" \/>\n<meta name=\"twitter:label1\" content=\"Written by\" \/>\n\t<meta name=\"twitter:data1\" content=\"mkajic\" \/>\n\t<meta name=\"twitter:label2\" content=\"Est. reading time\" \/>\n\t<meta name=\"twitter:data2\" content=\"2 minutes\" \/>\n<script type=\"application\/ld+json\" class=\"yoast-schema-graph\">{\"@context\":\"https:\\\/\\\/schema.org\",\"@graph\":[{\"@type\":\"Article\",\"@id\":\"https:\\\/\\\/www.evropskakuca.me\\\/me\\\/korona-virus-tim-evropa-za-godinu-pomogao-partnerske-zemlje-sa-vise-od-26-milijardi-eura\\\/#article\",\"isPartOf\":{\"@id\":\"https:\\\/\\\/www.evropskakuca.me\\\/me\\\/korona-virus-tim-evropa-za-godinu-pomogao-partnerske-zemlje-sa-vise-od-26-milijardi-eura\\\/\"},\"author\":{\"name\":\"mkajic\",\"@id\":\"https:\\\/\\\/www.evropskakuca.me\\\/me\\\/#\\\/schema\\\/person\\\/a1d0dcdaefe4a1cd1d60d200ea137ba4\"},\"headline\":\"Korona virus: Tim Evropa za godinu pomogao partnerske zemlje sa vi\u0161e od 26 milijardi eura\",\"datePublished\":\"2021-04-13T09:09:17+00:00\",\"mainEntityOfPage\":{\"@id\":\"https:\\\/\\\/www.evropskakuca.me\\\/me\\\/korona-virus-tim-evropa-za-godinu-pomogao-partnerske-zemlje-sa-vise-od-26-milijardi-eura\\\/\"},\"wordCount\":396,\"publisher\":{\"@id\":\"https:\\\/\\\/www.evropskakuca.me\\\/me\\\/#organization\"},\"image\":{\"@id\":\"https:\\\/\\\/www.evropskakuca.me\\\/me\\\/korona-virus-tim-evropa-za-godinu-pomogao-partnerske-zemlje-sa-vise-od-26-milijardi-eura\\\/#primaryimage\"},\"thumbnailUrl\":\"https:\\\/\\\/www.evropskakuca.me\\\/wp-content\\\/uploads\\\/2021\\\/03\\\/donacija-2.jpg\",\"articleSection\":[\"Koronavirusa\",\"Novosti\"],\"inLanguage\":\"me-ME\"},{\"@type\":\"WebPage\",\"@id\":\"https:\\\/\\\/www.evropskakuca.me\\\/me\\\/korona-virus-tim-evropa-za-godinu-pomogao-partnerske-zemlje-sa-vise-od-26-milijardi-eura\\\/\",\"url\":\"https:\\\/\\\/www.evropskakuca.me\\\/me\\\/korona-virus-tim-evropa-za-godinu-pomogao-partnerske-zemlje-sa-vise-od-26-milijardi-eura\\\/\",\"name\":\"Korona virus: Tim Evropa za godinu pomogao partnerske zemlje sa vi\u0161e od 26 milijardi eura - Europe House\",\"isPartOf\":{\"@id\":\"https:\\\/\\\/www.evropskakuca.me\\\/me\\\/#website\"},\"primaryImageOfPage\":{\"@id\":\"https:\\\/\\\/www.evropskakuca.me\\\/me\\\/korona-virus-tim-evropa-za-godinu-pomogao-partnerske-zemlje-sa-vise-od-26-milijardi-eura\\\/#primaryimage\"},\"image\":{\"@id\":\"https:\\\/\\\/www.evropskakuca.me\\\/me\\\/korona-virus-tim-evropa-za-godinu-pomogao-partnerske-zemlje-sa-vise-od-26-milijardi-eura\\\/#primaryimage\"},\"thumbnailUrl\":\"https:\\\/\\\/www.evropskakuca.me\\\/wp-content\\\/uploads\\\/2021\\\/03\\\/donacija-2.jpg\",\"datePublished\":\"2021-04-13T09:09:17+00:00\",\"breadcrumb\":{\"@id\":\"https:\\\/\\\/www.evropskakuca.me\\\/me\\\/korona-virus-tim-evropa-za-godinu-pomogao-partnerske-zemlje-sa-vise-od-26-milijardi-eura\\\/#breadcrumb\"},\"inLanguage\":\"me-ME\",\"potentialAction\":[{\"@type\":\"ReadAction\",\"target\":[\"https:\\\/\\\/www.evropskakuca.me\\\/me\\\/korona-virus-tim-evropa-za-godinu-pomogao-partnerske-zemlje-sa-vise-od-26-milijardi-eura\\\/\"]}]},{\"@type\":\"ImageObject\",\"inLanguage\":\"me-ME\",\"@id\":\"https:\\\/\\\/www.evropskakuca.me\\\/me\\\/korona-virus-tim-evropa-za-godinu-pomogao-partnerske-zemlje-sa-vise-od-26-milijardi-eura\\\/#primaryimage\",\"url\":\"https:\\\/\\\/www.evropskakuca.me\\\/wp-content\\\/uploads\\\/2021\\\/03\\\/donacija-2.jpg\",\"contentUrl\":\"https:\\\/\\\/www.evropskakuca.me\\\/wp-content\\\/uploads\\\/2021\\\/03\\\/donacija-2.jpg\",\"width\":750,\"height\":499},{\"@type\":\"BreadcrumbList\",\"@id\":\"https:\\\/\\\/www.evropskakuca.me\\\/me\\\/korona-virus-tim-evropa-za-godinu-pomogao-partnerske-zemlje-sa-vise-od-26-milijardi-eura\\\/#breadcrumb\",\"itemListElement\":[{\"@type\":\"ListItem\",\"position\":1,\"name\":\"Home\",\"item\":\"https:\\\/\\\/www.evropskakuca.me\\\/me\\\/\"},{\"@type\":\"ListItem\",\"position\":2,\"name\":\"Korona virus: Tim Evropa za godinu pomogao partnerske zemlje sa vi\u0161e od 26 milijardi eura\"}]},{\"@type\":\"WebSite\",\"@id\":\"https:\\\/\\\/www.evropskakuca.me\\\/me\\\/#website\",\"url\":\"https:\\\/\\\/www.evropskakuca.me\\\/me\\\/\",\"name\":\"Evropean house\",\"description\":\"\",\"publisher\":{\"@id\":\"https:\\\/\\\/www.evropskakuca.me\\\/me\\\/#organization\"},\"potentialAction\":[{\"@type\":\"SearchAction\",\"target\":{\"@type\":\"EntryPoint\",\"urlTemplate\":\"https:\\\/\\\/www.evropskakuca.me\\\/me\\\/?s={search_term_string}\"},\"query-input\":{\"@type\":\"PropertyValueSpecification\",\"valueRequired\":true,\"valueName\":\"search_term_string\"}}],\"inLanguage\":\"me-ME\"},{\"@type\":\"Organization\",\"@id\":\"https:\\\/\\\/www.evropskakuca.me\\\/me\\\/#organization\",\"name\":\"Evropean house\",\"url\":\"https:\\\/\\\/www.evropskakuca.me\\\/me\\\/\",\"logo\":{\"@type\":\"ImageObject\",\"inLanguage\":\"me-ME\",\"@id\":\"https:\\\/\\\/www.evropskakuca.me\\\/me\\\/#\\\/schema\\\/logo\\\/image\\\/\",\"url\":\"https:\\\/\\\/www.evropskakuca.me\\\/wp-content\\\/uploads\\\/2025\\\/01\\\/evropska-kuca-logo-1.png\",\"contentUrl\":\"https:\\\/\\\/www.evropskakuca.me\\\/wp-content\\\/uploads\\\/2025\\\/01\\\/evropska-kuca-logo-1.png\",\"width\":425,\"height\":312,\"caption\":\"Evropean house\"},\"image\":{\"@id\":\"https:\\\/\\\/www.evropskakuca.me\\\/me\\\/#\\\/schema\\\/logo\\\/image\\\/\"},\"sameAs\":[\"https:\\\/\\\/www.facebook.com\\\/evropska.kuca\",\"https:\\\/\\\/x.com\\\/evropska_kuca\",\"https:\\\/\\\/www.instagram.com\\\/evropska_kuca\"]},{\"@type\":\"Person\",\"@id\":\"https:\\\/\\\/www.evropskakuca.me\\\/me\\\/#\\\/schema\\\/person\\\/a1d0dcdaefe4a1cd1d60d200ea137ba4\",\"name\":\"mkajic\",\"image\":{\"@type\":\"ImageObject\",\"inLanguage\":\"me-ME\",\"@id\":\"https:\\\/\\\/secure.gravatar.com\\\/avatar\\\/731fa035cefab7316e6bafd1f25a93fb731a07de14e2d9923f8db4422628eabc?s=96&d=mm&r=g\",\"url\":\"https:\\\/\\\/secure.gravatar.com\\\/avatar\\\/731fa035cefab7316e6bafd1f25a93fb731a07de14e2d9923f8db4422628eabc?s=96&d=mm&r=g\",\"contentUrl\":\"https:\\\/\\\/secure.gravatar.com\\\/avatar\\\/731fa035cefab7316e6bafd1f25a93fb731a07de14e2d9923f8db4422628eabc?s=96&d=mm&r=g\",\"caption\":\"mkajic\"},\"sameAs\":[\"https:\\\/\\\/evropskakuca.me\"],\"url\":\"https:\\\/\\\/www.evropskakuca.me\\\/me\\\/author\\\/mkajic\\\/\"}]}<\/script>\n<!-- \/ Yoast SEO plugin. -->","yoast_head_json":{"title":"Korona virus: Tim Evropa za godinu pomogao partnerske zemlje sa vi\u0161e od 26 milijardi eura - Europe House","robots":{"index":"index","follow":"follow","max-snippet":"max-snippet:-1","max-image-preview":"max-image-preview:large","max-video-preview":"max-video-preview:-1"},"canonical":"https:\/\/www.evropskakuca.me\/me\/korona-virus-tim-evropa-za-godinu-pomogao-partnerske-zemlje-sa-vise-od-26-milijardi-eura\/","og_locale":"en_US","og_type":"article","og_title":"Korona virus: Tim Evropa za godinu pomogao partnerske zemlje sa vi\u0161e od 26 milijardi eura - Europe House","og_description":"Prije ta\u010dno godinu dana\u00a0Evropska komisija i Visoki predstavnik utvrdili su planove za ciljani odgovor EU kako bi kombinovanjem sredstava EU, dr\u017eava \u010dlanica i evropskih finansijskih institucija ujedinjenih kao \u201eTim Evropa\u201d partnerskim zemljama pomogli u borbi protiv pandemije korona virusa. Do 1.\u00a0januara\u00a02021. Tim Evropa izdvojio je vi\u0161e od 26\u00a0milijardi\u00a0eura pomo\u0107i partnerskim zemljama u \u010ditavom svijetu, \u0161to [&hellip;]","og_url":"https:\/\/www.evropskakuca.me\/me\/korona-virus-tim-evropa-za-godinu-pomogao-partnerske-zemlje-sa-vise-od-26-milijardi-eura\/","og_site_name":"Europe House","article_publisher":"https:\/\/www.facebook.com\/evropska.kuca","article_published_time":"2021-04-13T09:09:17+00:00","og_image":[{"width":750,"height":499,"url":"https:\/\/www.evropskakuca.me\/wp-content\/uploads\/2021\/03\/donacija-2.jpg","type":"image\/jpeg"}],"author":"mkajic","twitter_card":"summary_large_image","twitter_creator":"@evropska_kuca","twitter_site":"@evropska_kuca","twitter_misc":{"Written by":"mkajic","Est. reading time":"2 minutes"},"schema":{"@context":"https:\/\/schema.org","@graph":[{"@type":"Article","@id":"https:\/\/www.evropskakuca.me\/me\/korona-virus-tim-evropa-za-godinu-pomogao-partnerske-zemlje-sa-vise-od-26-milijardi-eura\/#article","isPartOf":{"@id":"https:\/\/www.evropskakuca.me\/me\/korona-virus-tim-evropa-za-godinu-pomogao-partnerske-zemlje-sa-vise-od-26-milijardi-eura\/"},"author":{"name":"mkajic","@id":"https:\/\/www.evropskakuca.me\/me\/#\/schema\/person\/a1d0dcdaefe4a1cd1d60d200ea137ba4"},"headline":"Korona virus: Tim Evropa za godinu pomogao partnerske zemlje sa vi\u0161e od 26 milijardi eura","datePublished":"2021-04-13T09:09:17+00:00","mainEntityOfPage":{"@id":"https:\/\/www.evropskakuca.me\/me\/korona-virus-tim-evropa-za-godinu-pomogao-partnerske-zemlje-sa-vise-od-26-milijardi-eura\/"},"wordCount":396,"publisher":{"@id":"https:\/\/www.evropskakuca.me\/me\/#organization"},"image":{"@id":"https:\/\/www.evropskakuca.me\/me\/korona-virus-tim-evropa-za-godinu-pomogao-partnerske-zemlje-sa-vise-od-26-milijardi-eura\/#primaryimage"},"thumbnailUrl":"https:\/\/www.evropskakuca.me\/wp-content\/uploads\/2021\/03\/donacija-2.jpg","articleSection":["Koronavirusa","Novosti"],"inLanguage":"me-ME"},{"@type":"WebPage","@id":"https:\/\/www.evropskakuca.me\/me\/korona-virus-tim-evropa-za-godinu-pomogao-partnerske-zemlje-sa-vise-od-26-milijardi-eura\/","url":"https:\/\/www.evropskakuca.me\/me\/korona-virus-tim-evropa-za-godinu-pomogao-partnerske-zemlje-sa-vise-od-26-milijardi-eura\/","name":"Korona virus: Tim Evropa za godinu pomogao partnerske zemlje sa vi\u0161e od 26 milijardi eura - Europe House","isPartOf":{"@id":"https:\/\/www.evropskakuca.me\/me\/#website"},"primaryImageOfPage":{"@id":"https:\/\/www.evropskakuca.me\/me\/korona-virus-tim-evropa-za-godinu-pomogao-partnerske-zemlje-sa-vise-od-26-milijardi-eura\/#primaryimage"},"image":{"@id":"https:\/\/www.evropskakuca.me\/me\/korona-virus-tim-evropa-za-godinu-pomogao-partnerske-zemlje-sa-vise-od-26-milijardi-eura\/#primaryimage"},"thumbnailUrl":"https:\/\/www.evropskakuca.me\/wp-content\/uploads\/2021\/03\/donacija-2.jpg","datePublished":"2021-04-13T09:09:17+00:00","breadcrumb":{"@id":"https:\/\/www.evropskakuca.me\/me\/korona-virus-tim-evropa-za-godinu-pomogao-partnerske-zemlje-sa-vise-od-26-milijardi-eura\/#breadcrumb"},"inLanguage":"me-ME","potentialAction":[{"@type":"ReadAction","target":["https:\/\/www.evropskakuca.me\/me\/korona-virus-tim-evropa-za-godinu-pomogao-partnerske-zemlje-sa-vise-od-26-milijardi-eura\/"]}]},{"@type":"ImageObject","inLanguage":"me-ME","@id":"https:\/\/www.evropskakuca.me\/me\/korona-virus-tim-evropa-za-godinu-pomogao-partnerske-zemlje-sa-vise-od-26-milijardi-eura\/#primaryimage","url":"https:\/\/www.evropskakuca.me\/wp-content\/uploads\/2021\/03\/donacija-2.jpg","contentUrl":"https:\/\/www.evropskakuca.me\/wp-content\/uploads\/2021\/03\/donacija-2.jpg","width":750,"height":499},{"@type":"BreadcrumbList","@id":"https:\/\/www.evropskakuca.me\/me\/korona-virus-tim-evropa-za-godinu-pomogao-partnerske-zemlje-sa-vise-od-26-milijardi-eura\/#breadcrumb","itemListElement":[{"@type":"ListItem","position":1,"name":"Home","item":"https:\/\/www.evropskakuca.me\/me\/"},{"@type":"ListItem","position":2,"name":"Korona virus: Tim Evropa za godinu pomogao partnerske zemlje sa vi\u0161e od 26 milijardi eura"}]},{"@type":"WebSite","@id":"https:\/\/www.evropskakuca.me\/me\/#website","url":"https:\/\/www.evropskakuca.me\/me\/","name":"Evropean house","description":"","publisher":{"@id":"https:\/\/www.evropskakuca.me\/me\/#organization"},"potentialAction":[{"@type":"SearchAction","target":{"@type":"EntryPoint","urlTemplate":"https:\/\/www.evropskakuca.me\/me\/?s={search_term_string}"},"query-input":{"@type":"PropertyValueSpecification","valueRequired":true,"valueName":"search_term_string"}}],"inLanguage":"me-ME"},{"@type":"Organization","@id":"https:\/\/www.evropskakuca.me\/me\/#organization","name":"Evropean house","url":"https:\/\/www.evropskakuca.me\/me\/","logo":{"@type":"ImageObject","inLanguage":"me-ME","@id":"https:\/\/www.evropskakuca.me\/me\/#\/schema\/logo\/image\/","url":"https:\/\/www.evropskakuca.me\/wp-content\/uploads\/2025\/01\/evropska-kuca-logo-1.png","contentUrl":"https:\/\/www.evropskakuca.me\/wp-content\/uploads\/2025\/01\/evropska-kuca-logo-1.png","width":425,"height":312,"caption":"Evropean house"},"image":{"@id":"https:\/\/www.evropskakuca.me\/me\/#\/schema\/logo\/image\/"},"sameAs":["https:\/\/www.facebook.com\/evropska.kuca","https:\/\/x.com\/evropska_kuca","https:\/\/www.instagram.com\/evropska_kuca"]},{"@type":"Person","@id":"https:\/\/www.evropskakuca.me\/me\/#\/schema\/person\/a1d0dcdaefe4a1cd1d60d200ea137ba4","name":"mkajic","image":{"@type":"ImageObject","inLanguage":"me-ME","@id":"https:\/\/secure.gravatar.com\/avatar\/731fa035cefab7316e6bafd1f25a93fb731a07de14e2d9923f8db4422628eabc?s=96&d=mm&r=g","url":"https:\/\/secure.gravatar.com\/avatar\/731fa035cefab7316e6bafd1f25a93fb731a07de14e2d9923f8db4422628eabc?s=96&d=mm&r=g","contentUrl":"https:\/\/secure.gravatar.com\/avatar\/731fa035cefab7316e6bafd1f25a93fb731a07de14e2d9923f8db4422628eabc?s=96&d=mm&r=g","caption":"mkajic"},"sameAs":["https:\/\/evropskakuca.me"],"url":"https:\/\/www.evropskakuca.me\/me\/author\/mkajic\/"}]}},"_links":{"self":[{"href":"https:\/\/www.evropskakuca.me\/me\/wp-json\/wp\/v2\/posts\/11107","targetHints":{"allow":["GET"]}}],"collection":[{"href":"https:\/\/www.evropskakuca.me\/me\/wp-json\/wp\/v2\/posts"}],"about":[{"href":"https:\/\/www.evropskakuca.me\/me\/wp-json\/wp\/v2\/types\/post"}],"author":[{"embeddable":true,"href":"https:\/\/www.evropskakuca.me\/me\/wp-json\/wp\/v2\/users\/1"}],"replies":[{"embeddable":true,"href":"https:\/\/www.evropskakuca.me\/me\/wp-json\/wp\/v2\/comments?post=11107"}],"version-history":[{"count":0,"href":"https:\/\/www.evropskakuca.me\/me\/wp-json\/wp\/v2\/posts\/11107\/revisions"}],"wp:featuredmedia":[{"embeddable":true,"href":"https:\/\/www.evropskakuca.me\/me\/wp-json\/wp\/v2\/media\/35850"}],"wp:attachment":[{"href":"https:\/\/www.evropskakuca.me\/me\/wp-json\/wp\/v2\/media?parent=11107"}],"wp:term":[{"taxonomy":"category","embeddable":true,"href":"https:\/\/www.evropskakuca.me\/me\/wp-json\/wp\/v2\/categories?post=11107"},{"taxonomy":"post_tag","embeddable":true,"href":"https:\/\/www.evropskakuca.me\/me\/wp-json\/wp\/v2\/tags?post=11107"}],"curies":[{"name":"wp","href":"https:\/\/api.w.org\/{rel}","templated":true}]}}