{"id":11055,"date":"2021-04-08T12:19:12","date_gmt":"2021-04-08T12:19:12","guid":{"rendered":"http:\/\/www.evropskakuca.me\/?p=11055"},"modified":"2021-04-08T12:19:12","modified_gmt":"2021-04-08T12:19:12","slug":"prica-o-dvije-dame-i-jednoj-skoli","status":"publish","type":"post","link":"https:\/\/www.evropskakuca.me\/me\/prica-o-dvije-dame-i-jednoj-skoli\/","title":{"rendered":"Pri\u010da o dvije dame i jednoj \u0161koli"},"content":{"rendered":"<p>Sve po\u010dinje sa znanjem, a znanje po\u010dinje obrazovanjem. Zato je \u0161kola bitna. \u201cBo\u017eidar Vukovi\u0107-Podgori\u010danin\u201c, \u0161kola na periferiji Podgorice, mnogima je bila prvi prag znanja. To je \u0161kola koju poha\u0111a i veliki broj romske i egip\u0107anske djece. Na\u017ealost, mnoga ne presko\u010de taj prag. Ali je mnogo i onih koji znaju kakva mo\u0107 le\u017ei u znanju. Jasmina Beri\u0161a \u0161kolu \u201cBo\u017eidar Vukovi\u0107-Podgori\u010danin\u201c napu\u0161ta sa svim peticama i diplomom \u201eLu\u010da\u201c. Jasno je da je sre\u0107na i ponosna na sebe.<\/p>\n<p>\u201cDonekle sam i primjer drugoj romskoj djeci, a posebno djevojkama, da nastave svoje \u0161kolovanje, \u0161to i jeste najva\u017enija stvar u dana\u0161njem svijetu. Kroz obrazovanje mo\u017eete sve ostvariti jer je to klju\u010d koji otvara mnoga vrata.\u201c svjesna je Jasmina.<\/p>\n<p>Jasmina se sprema za srednju \u0161kolu, a ve\u0107 razmi\u0161lja o fakultetu. Dane provodi u\u010de\u0107i, dok mnogo njenih vr\u0161njaka uveliko radi, kako bi pomogli svoje porodice.<\/p>\n<p>\u201cImala sam priliku da upoznam djecu koja napu\u0161taju \u0161kolu da\u00a0 bi pomagali svojim roditeljima. To nije prisilan rad, ve\u0107 i sami vide da im ne preostaje ni\u0161ta drugo, ve\u0107 da pomognu svojim roditeljima. Voljela bih da nije tako.\u201c ka\u017ee Jasmina.<\/p>\n<p>Jasmina sebe vidi kao uspje\u0161nu, samostalnu \u017eenu sa fakultetskom diplomom, u svijetu u kojem \u0107e biti vi\u0161e pravde. Ka\u017ee da danas ima mnogo djece koja ne mogu da idu u \u0161kolu, a morali bi biti \u0111aci. Nada se da \u0107e u godinama koje dolaze situacija biti mnogo bolja i da \u0107e biti mnogo vi\u0161e djece u \u0161kolskim klupama nego na ulici. Jasmina sa osmjehom gleda na budu\u0107nost.<\/p>\n<p>I \u0160ejla Pepi\u0107 je zavr\u0161ila osnovnu \u0161kolu \u201cBo\u017eidar Vukovi\u0107-Podgori\u010danin\u201c. Danas zavr\u0161ava Fakultet politi\u010dkih nauka i jo\u0161 par ispita je dijeli od diplome socijalnog radnika. Svoju osnovnu \u0161kolu voli jer prihvata razli\u010ditosti, prihvata svu djecu bez obzira odakle dolaze. \u201eSa drugim \u0161kolama to nije slu\u010daj\u201c, ka\u017ee \u0160ejla. Diskriminacije ima, makar one prikirvene.<\/p>\n<p>Razli\u010ditost \u0160ejla prihvata kao razli\u010ditost ljudskih karaktera, ostale razlike prema njenom mi\u0161ljenju ne bi trebale postojati. Vidi se napredak kada je po\u0161tovanje ljudskih prava Roma u pitanju, ka\u017ee \u0160ejla, ali jo\u0161 uvijek je to daleko od potrebnog. Sada treba vi\u0161e pa\u017enje posvetiti\u00a0 Romkinjama, a posebno djevoj\u010dicama.<\/p>\n<p>\u201cDjevoj\u010dice bih povezala sa osnovnim obrazovanjem, jer je ono obavezno za sve. Ali isto tako ima mnogo djevoj\u010dica koje sa ranim zasnivanjem bra\u010dne zajednice ne zavr\u0161e svoje osnovno obrazovanje. To se smatra dijelom tradicije i obi\u010daja i institucije su te koje moraju da rade na pove\u0107anju svijesti kod zajednice i njenoj integraciji,\u201c tvrdi \u0160ejla<\/p>\n<p>\u0160ejla je dvije godine provela u \u0161koli kao medijatorka sa romskom i egip\u0107anskom zajednicom. Povezivala je djecu sa \u0161kolom, \u0161kolu sa roditeljima, zajednicom. Sve sa \u017eeljom da \u0161to vi\u0161e djece iz ranjivih grupa slijedi njen i Jasminin primjer. Njih dvije obe\u0107avaju da \u0107e se kroz \u017eivot boriti da \u0161to vi\u0161e djece shvati da sve po\u010dinje sa znanjem a znanje po\u010dinje obrazovanjem. I \u0161kolom, kao \u0161to je \u201cBo\u017eidar Vukovi\u0107-Podgori\u010danin.\u201c<\/p>\n","protected":false},"excerpt":{"rendered":"<p>Sve po\u010dinje sa znanjem<\/p>\n","protected":false},"author":1,"featured_media":35976,"comment_status":"closed","ping_status":"closed","sticky":false,"template":"","format":"standard","meta":{"_acf_changed":false,"footnotes":""},"categories":[283],"tags":[],"class_list":["post-11055","post","type-post","status-publish","format-standard","has-post-thumbnail","hentry","category-novosti-me"],"acf":[],"yoast_head":"<!-- This site is optimized with the Yoast SEO plugin v27.3 - https:\/\/yoast.com\/product\/yoast-seo-wordpress\/ -->\n<title>Pri\u010da o dvije dame i jednoj \u0161koli - Europe House<\/title>\n<meta name=\"robots\" content=\"index, follow, max-snippet:-1, max-image-preview:large, max-video-preview:-1\" \/>\n<link rel=\"canonical\" href=\"https:\/\/www.evropskakuca.me\/me\/prica-o-dvije-dame-i-jednoj-skoli\/\" \/>\n<meta property=\"og:locale\" content=\"en_US\" \/>\n<meta property=\"og:type\" content=\"article\" \/>\n<meta property=\"og:title\" content=\"Pri\u010da o dvije dame i jednoj \u0161koli - Europe House\" \/>\n<meta property=\"og:description\" content=\"Sve po\u010dinje sa znanjem\" \/>\n<meta property=\"og:url\" content=\"https:\/\/www.evropskakuca.me\/me\/prica-o-dvije-dame-i-jednoj-skoli\/\" \/>\n<meta property=\"og:site_name\" content=\"Europe House\" \/>\n<meta property=\"article:publisher\" content=\"https:\/\/www.facebook.com\/evropska.kuca\" \/>\n<meta property=\"article:published_time\" content=\"2021-04-08T12:19:12+00:00\" \/>\n<meta property=\"og:image\" content=\"https:\/\/www.evropskakuca.me\/wp-content\/uploads\/2021\/04\/pg-2-scaled.jpg\" \/>\n\t<meta property=\"og:image:width\" content=\"2560\" \/>\n\t<meta property=\"og:image:height\" content=\"1707\" \/>\n\t<meta property=\"og:image:type\" content=\"image\/jpeg\" \/>\n<meta name=\"author\" content=\"mkajic\" \/>\n<meta name=\"twitter:card\" content=\"summary_large_image\" \/>\n<meta name=\"twitter:creator\" content=\"@evropska_kuca\" \/>\n<meta name=\"twitter:site\" content=\"@evropska_kuca\" \/>\n<meta name=\"twitter:label1\" content=\"Written by\" \/>\n\t<meta name=\"twitter:data1\" content=\"mkajic\" \/>\n\t<meta name=\"twitter:label2\" content=\"Est. reading time\" \/>\n\t<meta name=\"twitter:data2\" content=\"3 minutes\" \/>\n<script type=\"application\/ld+json\" class=\"yoast-schema-graph\">{\"@context\":\"https:\\\/\\\/schema.org\",\"@graph\":[{\"@type\":\"Article\",\"@id\":\"https:\\\/\\\/www.evropskakuca.me\\\/me\\\/prica-o-dvije-dame-i-jednoj-skoli\\\/#article\",\"isPartOf\":{\"@id\":\"https:\\\/\\\/www.evropskakuca.me\\\/me\\\/prica-o-dvije-dame-i-jednoj-skoli\\\/\"},\"author\":{\"name\":\"mkajic\",\"@id\":\"https:\\\/\\\/www.evropskakuca.me\\\/me\\\/#\\\/schema\\\/person\\\/a1d0dcdaefe4a1cd1d60d200ea137ba4\"},\"headline\":\"Pri\u010da o dvije dame i jednoj \u0161koli\",\"datePublished\":\"2021-04-08T12:19:12+00:00\",\"mainEntityOfPage\":{\"@id\":\"https:\\\/\\\/www.evropskakuca.me\\\/me\\\/prica-o-dvije-dame-i-jednoj-skoli\\\/\"},\"wordCount\":536,\"publisher\":{\"@id\":\"https:\\\/\\\/www.evropskakuca.me\\\/me\\\/#organization\"},\"image\":{\"@id\":\"https:\\\/\\\/www.evropskakuca.me\\\/me\\\/prica-o-dvije-dame-i-jednoj-skoli\\\/#primaryimage\"},\"thumbnailUrl\":\"https:\\\/\\\/www.evropskakuca.me\\\/wp-content\\\/uploads\\\/2021\\\/04\\\/pg-2-scaled.jpg\",\"articleSection\":[\"Novosti\"],\"inLanguage\":\"me-ME\"},{\"@type\":\"WebPage\",\"@id\":\"https:\\\/\\\/www.evropskakuca.me\\\/me\\\/prica-o-dvije-dame-i-jednoj-skoli\\\/\",\"url\":\"https:\\\/\\\/www.evropskakuca.me\\\/me\\\/prica-o-dvije-dame-i-jednoj-skoli\\\/\",\"name\":\"Pri\u010da o dvije dame i jednoj \u0161koli - Europe House\",\"isPartOf\":{\"@id\":\"https:\\\/\\\/www.evropskakuca.me\\\/me\\\/#website\"},\"primaryImageOfPage\":{\"@id\":\"https:\\\/\\\/www.evropskakuca.me\\\/me\\\/prica-o-dvije-dame-i-jednoj-skoli\\\/#primaryimage\"},\"image\":{\"@id\":\"https:\\\/\\\/www.evropskakuca.me\\\/me\\\/prica-o-dvije-dame-i-jednoj-skoli\\\/#primaryimage\"},\"thumbnailUrl\":\"https:\\\/\\\/www.evropskakuca.me\\\/wp-content\\\/uploads\\\/2021\\\/04\\\/pg-2-scaled.jpg\",\"datePublished\":\"2021-04-08T12:19:12+00:00\",\"breadcrumb\":{\"@id\":\"https:\\\/\\\/www.evropskakuca.me\\\/me\\\/prica-o-dvije-dame-i-jednoj-skoli\\\/#breadcrumb\"},\"inLanguage\":\"me-ME\",\"potentialAction\":[{\"@type\":\"ReadAction\",\"target\":[\"https:\\\/\\\/www.evropskakuca.me\\\/me\\\/prica-o-dvije-dame-i-jednoj-skoli\\\/\"]}]},{\"@type\":\"ImageObject\",\"inLanguage\":\"me-ME\",\"@id\":\"https:\\\/\\\/www.evropskakuca.me\\\/me\\\/prica-o-dvije-dame-i-jednoj-skoli\\\/#primaryimage\",\"url\":\"https:\\\/\\\/www.evropskakuca.me\\\/wp-content\\\/uploads\\\/2021\\\/04\\\/pg-2-scaled.jpg\",\"contentUrl\":\"https:\\\/\\\/www.evropskakuca.me\\\/wp-content\\\/uploads\\\/2021\\\/04\\\/pg-2-scaled.jpg\",\"width\":2560,\"height\":1707},{\"@type\":\"BreadcrumbList\",\"@id\":\"https:\\\/\\\/www.evropskakuca.me\\\/me\\\/prica-o-dvije-dame-i-jednoj-skoli\\\/#breadcrumb\",\"itemListElement\":[{\"@type\":\"ListItem\",\"position\":1,\"name\":\"Home\",\"item\":\"https:\\\/\\\/www.evropskakuca.me\\\/me\\\/\"},{\"@type\":\"ListItem\",\"position\":2,\"name\":\"Pri\u010da o dvije dame i jednoj \u0161koli\"}]},{\"@type\":\"WebSite\",\"@id\":\"https:\\\/\\\/www.evropskakuca.me\\\/me\\\/#website\",\"url\":\"https:\\\/\\\/www.evropskakuca.me\\\/me\\\/\",\"name\":\"Evropean house\",\"description\":\"\",\"publisher\":{\"@id\":\"https:\\\/\\\/www.evropskakuca.me\\\/me\\\/#organization\"},\"potentialAction\":[{\"@type\":\"SearchAction\",\"target\":{\"@type\":\"EntryPoint\",\"urlTemplate\":\"https:\\\/\\\/www.evropskakuca.me\\\/me\\\/?s={search_term_string}\"},\"query-input\":{\"@type\":\"PropertyValueSpecification\",\"valueRequired\":true,\"valueName\":\"search_term_string\"}}],\"inLanguage\":\"me-ME\"},{\"@type\":\"Organization\",\"@id\":\"https:\\\/\\\/www.evropskakuca.me\\\/me\\\/#organization\",\"name\":\"Evropean house\",\"url\":\"https:\\\/\\\/www.evropskakuca.me\\\/me\\\/\",\"logo\":{\"@type\":\"ImageObject\",\"inLanguage\":\"me-ME\",\"@id\":\"https:\\\/\\\/www.evropskakuca.me\\\/me\\\/#\\\/schema\\\/logo\\\/image\\\/\",\"url\":\"https:\\\/\\\/www.evropskakuca.me\\\/wp-content\\\/uploads\\\/2025\\\/01\\\/evropska-kuca-logo-1.png\",\"contentUrl\":\"https:\\\/\\\/www.evropskakuca.me\\\/wp-content\\\/uploads\\\/2025\\\/01\\\/evropska-kuca-logo-1.png\",\"width\":425,\"height\":312,\"caption\":\"Evropean house\"},\"image\":{\"@id\":\"https:\\\/\\\/www.evropskakuca.me\\\/me\\\/#\\\/schema\\\/logo\\\/image\\\/\"},\"sameAs\":[\"https:\\\/\\\/www.facebook.com\\\/evropska.kuca\",\"https:\\\/\\\/x.com\\\/evropska_kuca\",\"https:\\\/\\\/www.instagram.com\\\/evropska_kuca\"]},{\"@type\":\"Person\",\"@id\":\"https:\\\/\\\/www.evropskakuca.me\\\/me\\\/#\\\/schema\\\/person\\\/a1d0dcdaefe4a1cd1d60d200ea137ba4\",\"name\":\"mkajic\",\"image\":{\"@type\":\"ImageObject\",\"inLanguage\":\"me-ME\",\"@id\":\"https:\\\/\\\/secure.gravatar.com\\\/avatar\\\/731fa035cefab7316e6bafd1f25a93fb731a07de14e2d9923f8db4422628eabc?s=96&d=mm&r=g\",\"url\":\"https:\\\/\\\/secure.gravatar.com\\\/avatar\\\/731fa035cefab7316e6bafd1f25a93fb731a07de14e2d9923f8db4422628eabc?s=96&d=mm&r=g\",\"contentUrl\":\"https:\\\/\\\/secure.gravatar.com\\\/avatar\\\/731fa035cefab7316e6bafd1f25a93fb731a07de14e2d9923f8db4422628eabc?s=96&d=mm&r=g\",\"caption\":\"mkajic\"},\"sameAs\":[\"https:\\\/\\\/evropskakuca.me\"],\"url\":\"https:\\\/\\\/www.evropskakuca.me\\\/me\\\/author\\\/mkajic\\\/\"}]}<\/script>\n<!-- \/ Yoast SEO plugin. -->","yoast_head_json":{"title":"Pri\u010da o dvije dame i jednoj \u0161koli - Europe House","robots":{"index":"index","follow":"follow","max-snippet":"max-snippet:-1","max-image-preview":"max-image-preview:large","max-video-preview":"max-video-preview:-1"},"canonical":"https:\/\/www.evropskakuca.me\/me\/prica-o-dvije-dame-i-jednoj-skoli\/","og_locale":"en_US","og_type":"article","og_title":"Pri\u010da o dvije dame i jednoj \u0161koli - Europe House","og_description":"Sve po\u010dinje sa znanjem","og_url":"https:\/\/www.evropskakuca.me\/me\/prica-o-dvije-dame-i-jednoj-skoli\/","og_site_name":"Europe House","article_publisher":"https:\/\/www.facebook.com\/evropska.kuca","article_published_time":"2021-04-08T12:19:12+00:00","og_image":[{"width":2560,"height":1707,"url":"https:\/\/www.evropskakuca.me\/wp-content\/uploads\/2021\/04\/pg-2-scaled.jpg","type":"image\/jpeg"}],"author":"mkajic","twitter_card":"summary_large_image","twitter_creator":"@evropska_kuca","twitter_site":"@evropska_kuca","twitter_misc":{"Written by":"mkajic","Est. reading time":"3 minutes"},"schema":{"@context":"https:\/\/schema.org","@graph":[{"@type":"Article","@id":"https:\/\/www.evropskakuca.me\/me\/prica-o-dvije-dame-i-jednoj-skoli\/#article","isPartOf":{"@id":"https:\/\/www.evropskakuca.me\/me\/prica-o-dvije-dame-i-jednoj-skoli\/"},"author":{"name":"mkajic","@id":"https:\/\/www.evropskakuca.me\/me\/#\/schema\/person\/a1d0dcdaefe4a1cd1d60d200ea137ba4"},"headline":"Pri\u010da o dvije dame i jednoj \u0161koli","datePublished":"2021-04-08T12:19:12+00:00","mainEntityOfPage":{"@id":"https:\/\/www.evropskakuca.me\/me\/prica-o-dvije-dame-i-jednoj-skoli\/"},"wordCount":536,"publisher":{"@id":"https:\/\/www.evropskakuca.me\/me\/#organization"},"image":{"@id":"https:\/\/www.evropskakuca.me\/me\/prica-o-dvije-dame-i-jednoj-skoli\/#primaryimage"},"thumbnailUrl":"https:\/\/www.evropskakuca.me\/wp-content\/uploads\/2021\/04\/pg-2-scaled.jpg","articleSection":["Novosti"],"inLanguage":"me-ME"},{"@type":"WebPage","@id":"https:\/\/www.evropskakuca.me\/me\/prica-o-dvije-dame-i-jednoj-skoli\/","url":"https:\/\/www.evropskakuca.me\/me\/prica-o-dvije-dame-i-jednoj-skoli\/","name":"Pri\u010da o dvije dame i jednoj \u0161koli - Europe House","isPartOf":{"@id":"https:\/\/www.evropskakuca.me\/me\/#website"},"primaryImageOfPage":{"@id":"https:\/\/www.evropskakuca.me\/me\/prica-o-dvije-dame-i-jednoj-skoli\/#primaryimage"},"image":{"@id":"https:\/\/www.evropskakuca.me\/me\/prica-o-dvije-dame-i-jednoj-skoli\/#primaryimage"},"thumbnailUrl":"https:\/\/www.evropskakuca.me\/wp-content\/uploads\/2021\/04\/pg-2-scaled.jpg","datePublished":"2021-04-08T12:19:12+00:00","breadcrumb":{"@id":"https:\/\/www.evropskakuca.me\/me\/prica-o-dvije-dame-i-jednoj-skoli\/#breadcrumb"},"inLanguage":"me-ME","potentialAction":[{"@type":"ReadAction","target":["https:\/\/www.evropskakuca.me\/me\/prica-o-dvije-dame-i-jednoj-skoli\/"]}]},{"@type":"ImageObject","inLanguage":"me-ME","@id":"https:\/\/www.evropskakuca.me\/me\/prica-o-dvije-dame-i-jednoj-skoli\/#primaryimage","url":"https:\/\/www.evropskakuca.me\/wp-content\/uploads\/2021\/04\/pg-2-scaled.jpg","contentUrl":"https:\/\/www.evropskakuca.me\/wp-content\/uploads\/2021\/04\/pg-2-scaled.jpg","width":2560,"height":1707},{"@type":"BreadcrumbList","@id":"https:\/\/www.evropskakuca.me\/me\/prica-o-dvije-dame-i-jednoj-skoli\/#breadcrumb","itemListElement":[{"@type":"ListItem","position":1,"name":"Home","item":"https:\/\/www.evropskakuca.me\/me\/"},{"@type":"ListItem","position":2,"name":"Pri\u010da o dvije dame i jednoj \u0161koli"}]},{"@type":"WebSite","@id":"https:\/\/www.evropskakuca.me\/me\/#website","url":"https:\/\/www.evropskakuca.me\/me\/","name":"Evropean house","description":"","publisher":{"@id":"https:\/\/www.evropskakuca.me\/me\/#organization"},"potentialAction":[{"@type":"SearchAction","target":{"@type":"EntryPoint","urlTemplate":"https:\/\/www.evropskakuca.me\/me\/?s={search_term_string}"},"query-input":{"@type":"PropertyValueSpecification","valueRequired":true,"valueName":"search_term_string"}}],"inLanguage":"me-ME"},{"@type":"Organization","@id":"https:\/\/www.evropskakuca.me\/me\/#organization","name":"Evropean house","url":"https:\/\/www.evropskakuca.me\/me\/","logo":{"@type":"ImageObject","inLanguage":"me-ME","@id":"https:\/\/www.evropskakuca.me\/me\/#\/schema\/logo\/image\/","url":"https:\/\/www.evropskakuca.me\/wp-content\/uploads\/2025\/01\/evropska-kuca-logo-1.png","contentUrl":"https:\/\/www.evropskakuca.me\/wp-content\/uploads\/2025\/01\/evropska-kuca-logo-1.png","width":425,"height":312,"caption":"Evropean house"},"image":{"@id":"https:\/\/www.evropskakuca.me\/me\/#\/schema\/logo\/image\/"},"sameAs":["https:\/\/www.facebook.com\/evropska.kuca","https:\/\/x.com\/evropska_kuca","https:\/\/www.instagram.com\/evropska_kuca"]},{"@type":"Person","@id":"https:\/\/www.evropskakuca.me\/me\/#\/schema\/person\/a1d0dcdaefe4a1cd1d60d200ea137ba4","name":"mkajic","image":{"@type":"ImageObject","inLanguage":"me-ME","@id":"https:\/\/secure.gravatar.com\/avatar\/731fa035cefab7316e6bafd1f25a93fb731a07de14e2d9923f8db4422628eabc?s=96&d=mm&r=g","url":"https:\/\/secure.gravatar.com\/avatar\/731fa035cefab7316e6bafd1f25a93fb731a07de14e2d9923f8db4422628eabc?s=96&d=mm&r=g","contentUrl":"https:\/\/secure.gravatar.com\/avatar\/731fa035cefab7316e6bafd1f25a93fb731a07de14e2d9923f8db4422628eabc?s=96&d=mm&r=g","caption":"mkajic"},"sameAs":["https:\/\/evropskakuca.me"],"url":"https:\/\/www.evropskakuca.me\/me\/author\/mkajic\/"}]}},"_links":{"self":[{"href":"https:\/\/www.evropskakuca.me\/me\/wp-json\/wp\/v2\/posts\/11055","targetHints":{"allow":["GET"]}}],"collection":[{"href":"https:\/\/www.evropskakuca.me\/me\/wp-json\/wp\/v2\/posts"}],"about":[{"href":"https:\/\/www.evropskakuca.me\/me\/wp-json\/wp\/v2\/types\/post"}],"author":[{"embeddable":true,"href":"https:\/\/www.evropskakuca.me\/me\/wp-json\/wp\/v2\/users\/1"}],"replies":[{"embeddable":true,"href":"https:\/\/www.evropskakuca.me\/me\/wp-json\/wp\/v2\/comments?post=11055"}],"version-history":[{"count":0,"href":"https:\/\/www.evropskakuca.me\/me\/wp-json\/wp\/v2\/posts\/11055\/revisions"}],"wp:featuredmedia":[{"embeddable":true,"href":"https:\/\/www.evropskakuca.me\/me\/wp-json\/wp\/v2\/media\/35976"}],"wp:attachment":[{"href":"https:\/\/www.evropskakuca.me\/me\/wp-json\/wp\/v2\/media?parent=11055"}],"wp:term":[{"taxonomy":"category","embeddable":true,"href":"https:\/\/www.evropskakuca.me\/me\/wp-json\/wp\/v2\/categories?post=11055"},{"taxonomy":"post_tag","embeddable":true,"href":"https:\/\/www.evropskakuca.me\/me\/wp-json\/wp\/v2\/tags?post=11055"}],"curies":[{"name":"wp","href":"https:\/\/api.w.org\/{rel}","templated":true}]}}