{"id":11030,"date":"2020-09-10T08:14:03","date_gmt":"2020-09-10T08:14:03","guid":{"rendered":"http:\/\/www.evropskakuca.me\/?p=11030"},"modified":"2020-09-10T08:14:03","modified_gmt":"2020-09-10T08:14:03","slug":"donacija-eu-licna-zastitna-oprema-za-zdravstvene-radnike-2","status":"publish","type":"post","link":"https:\/\/www.evropskakuca.me\/me\/donacija-eu-licna-zastitna-oprema-za-zdravstvene-radnike-2\/","title":{"rendered":"Donacija EU: Li\u010dna za\u0161titna oprema za zdravstvene radnike"},"content":{"rendered":"<p><span lang=\"SR-LATN-ME\" xml:lang=\"SR-LATN-ME\">Najnovija donacija Evropske unije, u vidu li\u010dne za\u0161titne opreme za zdravstvene radnike vrijedne preko 200,000 eura, uru\u010dena je i stavljena na raspolaganje zdravstvenom sistemu Crne Gore. Ova isporuka obuhvata 8.000 za\u0161titnih odijela, 332.000 navlaka za obu\u0107u, 457.700 hirur\u0161kih kapa i 600.000 hirur\u0161kih rukavica. Donacija je dio projekta Evropske unije za hitnu podr\u0161ku Crnoj Gori u borbi protiv Covid-19, ukupne vrijednosti 3 miliona eura, a koji sprovodi Kancelarija UNDP u Crnoj Gori. Od po\u010detka projekta, od aprila do danas, isporu\u010deno je ukupno 100 bolni\u010dkih respiratora, 10 savremenih rendgenskih ure\u0111aja i skoro 2 miliona komada li\u010dne za\u0161titne opreme, uklju\u010duju\u0107i hirur\u0161ke maske, rukavice, kape, za\u0161titna odijela, kecelje, nao\u010dare, navlake za obu\u0107u, itd.\u00a0\u00a0<\/span><\/p>\n<p><span lang=\"SR-LATN-ME\" xml:lang=\"SR-LATN-ME\">Povodom primopredaje opreme, \u0161efica Delegacije Evropske unije u Crnoj Gori, ambasadorka Oana Kristina Popa<b>\u00a0<\/b>naglasila je da je dana\u0161nja donacija jo\u0161 jedna potvrda da je Evropska unija u te\u0161kim vremenima uz Crnu Goru, poma\u017eu\u0107i njenim zdravstvenim slu\u017ebama da se izbore sa epidemijom korona virusa. \u201eOd izbijanja epidemije korona virusa, Evropska unija je jasno pokazala da Crna Gora nije sama, da smo uz vas i da mo\u017eete ra\u010dunati na solidarnost i podr\u0161ku EU, u cilju ubla\u017eavanja posljedica ove krize,\u201c navela je ambasadorka Popa. Ambasadorka je podsjetila da je dana\u0161nja isporuka dio paketa podr\u0161ke Evropske unije u vrijednosti od 53 miliona eura, namijenjenog crnogorskom zdravstvenom sektoru i drugim sektorima koji su najvi\u0161e pogo\u0111eni krizom izazvanom korona virusom. \u201eDanas kada isporu\u010dujemo za\u0161titnu opremu koja je od vitalnog zna\u010daja za crnogorske zdavstvene radnike, nastavljamo da pokazujemo da solidarnost nije samo puka rije\u010d, ve\u0107 klju\u010dna evropska vrijednost,\u201c zaklju\u010dila je ambasadorka Popa. \u00a0<\/span><\/p>\n<p><span lang=\"SR-LATN-ME\" xml:lang=\"SR-LATN-ME\">U ime Nacionalnog koordinacionog tima,<b>\u00a0<\/b>direktor Klini\u010dkog centra Crne Gore, dr Jevto Erakovi\u0107 zahvalio se Evropskoj uniji na podr\u0161ci i pomo\u0107i koju su pru\u017eili Crnoj Gori od prvog dana izbijanja epidemije COVID-19. \u201eOva podr\u0161ka nam je mnogo zna\u010dila i uvijek je stizala u pravom trenutku. To je slu\u010daj i sa ovom isporukom, s obzirom na rastu\u0107i broj registrovanih infekcija i COVID pacijenata,\u201c naglasio je dr Erakovi\u0107. On je kazao da mo\u017eemo biti veoma zadovoljni odgovorom crnogorskog zdravstvenog sistema i da kapaciteti Kli\u010dkog centra Crne Gore i drugih institucija mogu u potpunosti da odgovore na sve izazove koji su pred nama. \u201eUjedno, poruka svim gra\u0111anima je da treba da se pridr\u017eavaju svih mjera koje je preporu\u010dilo Nacionalno koordinaciono tijelo. Uz pra\u0107enje tih preporuka mo\u0107i \u0107emo lak\u0161e da se izborimo sa ovim virusom,\u201c kazao je dr Erakovi\u0107 zahvaliv\u0161i se partnerima iz Delegacije EU i UNDP na uspje\u0161noj i kvalitetnoj saradnji.\u00a0<\/span><\/p>\n<p><span lang=\"SR-LATN-ME\" xml:lang=\"SR-LATN-ME\">Daniela Ga\u0161parikova, stalna predstavnica UNDP u Crnoj Gori<strong>\u00a0<\/strong>podsjetila da je ovo ve\u0107 peti kontigent medicinske i li\u010dne za\u0161titne opreme, koji je obezbije\u0111en u okviru projekta koji finansira Evropska unija. \u201eU posljednjih par mjeseci isporu\u010dili smo zdravstvenom sektoru 100 bolni\u010dkih respiratora, 10 digitalnih rendgena i skoro 2 miliona komada li\u010dne za\u0161titne opreme, uklju\u010duju\u0107i i dana\u0161nju donaciju. Ovo je dokaz \u010dvrstog partnerstva izme\u0111u Evropske unije, UNDP i nacionalnih partnera.\u201c kazala je Ga\u0161parikova. Ona je istakla da su gra\u0111ani Crne Gore ve\u0107 u prvom talasu pokazali da se epidemija mo\u017ee dr\u017eati pod kontrolom odgovornim pona\u0161anjem, samodisciplinom i po\u0161tovanjem mjera. \u201e\u017delim da apelujem na sve gra\u0111ane da nastave da neznatno prilago\u0111avaju pona\u0161anje i da svojom odgovorno\u0161\u0107u doprinesu da Crna Gora savlada izazove i epidemiju ponovo stavi pod kontrolu. Zato je moja poruka gra\u0111anima vrlo jednostavna: distanca, ruke, maska!\u201c kazala je Ga\u0161parikova.\u00a0\u00a0<\/span><\/p>\n<p><span lang=\"SR-LATN-ME\" xml:lang=\"SR-LATN-ME\">***<\/span><\/p>\n<p><span lang=\"SR-LATN-ME\" xml:lang=\"SR-LATN-ME\">Delegacija Evropske unije i Program Ujedinjenih nacija za razvoj (UNDP) u Crnoj Gori potpisali su po\u010detkom aprila ugovor u vrijednosti od 3 miliona eura za nabavku neophodne medicinske opreme i li\u010dne za\u0161titne opreme za potrebe zdravstvenog sistema. Ugovor se finansira iz sredstava EU, a nabavku sprovodi UNDP u bliskoj saradnji sa nadle\u017enim institucijama.<\/span><\/p>\n","protected":false},"excerpt":{"rendered":"<p>Najnovija donacija Evropske unije, u vidu li\u010dne za\u0161titne opreme za zdravstvene radnike vrijedne preko 200,000 eura, uru\u010dena je i stavljena na raspolaganje zdravstvenom sistemu Crne Gore. Ova isporuka obuhvata 8.000 za\u0161titnih odijela, 332.000 navlaka za obu\u0107u, 457.700 hirur\u0161kih kapa i 600.000 hirur\u0161kih rukavica. Donacija je dio projekta Evropske unije za hitnu podr\u0161ku Crnoj Gori u [&hellip;]<\/p>\n","protected":false},"author":1,"featured_media":35980,"comment_status":"closed","ping_status":"closed","sticky":false,"template":"","format":"standard","meta":{"_acf_changed":false,"footnotes":""},"categories":[287],"tags":[],"class_list":["post-11030","post","type-post","status-publish","format-standard","has-post-thumbnail","hentry","category-koronavirusa"],"acf":[],"yoast_head":"<!-- This site is optimized with the Yoast SEO plugin v27.3 - https:\/\/yoast.com\/product\/yoast-seo-wordpress\/ -->\n<title>Donacija EU: Li\u010dna za\u0161titna oprema za zdravstvene radnike - Europe House<\/title>\n<meta name=\"robots\" content=\"index, follow, max-snippet:-1, max-image-preview:large, max-video-preview:-1\" \/>\n<link rel=\"canonical\" href=\"https:\/\/www.evropskakuca.me\/me\/donacija-eu-licna-zastitna-oprema-za-zdravstvene-radnike-2\/\" \/>\n<meta property=\"og:locale\" content=\"en_US\" \/>\n<meta property=\"og:type\" content=\"article\" \/>\n<meta property=\"og:title\" content=\"Donacija EU: Li\u010dna za\u0161titna oprema za zdravstvene radnike - Europe House\" \/>\n<meta property=\"og:description\" content=\"Najnovija donacija Evropske unije, u vidu li\u010dne za\u0161titne opreme za zdravstvene radnike vrijedne preko 200,000 eura, uru\u010dena je i stavljena na raspolaganje zdravstvenom sistemu Crne Gore. Ova isporuka obuhvata 8.000 za\u0161titnih odijela, 332.000 navlaka za obu\u0107u, 457.700 hirur\u0161kih kapa i 600.000 hirur\u0161kih rukavica. Donacija je dio projekta Evropske unije za hitnu podr\u0161ku Crnoj Gori u [&hellip;]\" \/>\n<meta property=\"og:url\" content=\"https:\/\/www.evropskakuca.me\/me\/donacija-eu-licna-zastitna-oprema-za-zdravstvene-radnike-2\/\" \/>\n<meta property=\"og:site_name\" content=\"Europe House\" \/>\n<meta property=\"article:publisher\" content=\"https:\/\/www.facebook.com\/evropska.kuca\" \/>\n<meta property=\"article:published_time\" content=\"2020-09-10T08:14:03+00:00\" \/>\n<meta property=\"og:image\" content=\"https:\/\/www.evropskakuca.me\/wp-content\/uploads\/2021\/04\/undp_help_-1.jpg\" \/>\n\t<meta property=\"og:image:width\" content=\"750\" \/>\n\t<meta property=\"og:image:height\" content=\"500\" \/>\n\t<meta property=\"og:image:type\" content=\"image\/jpeg\" \/>\n<meta name=\"author\" content=\"mkajic\" \/>\n<meta name=\"twitter:card\" content=\"summary_large_image\" \/>\n<meta name=\"twitter:creator\" content=\"@evropska_kuca\" \/>\n<meta name=\"twitter:site\" content=\"@evropska_kuca\" \/>\n<meta name=\"twitter:label1\" content=\"Written by\" \/>\n\t<meta name=\"twitter:data1\" content=\"mkajic\" \/>\n\t<meta name=\"twitter:label2\" content=\"Est. reading time\" \/>\n\t<meta name=\"twitter:data2\" content=\"3 minutes\" \/>\n<script type=\"application\/ld+json\" class=\"yoast-schema-graph\">{\"@context\":\"https:\\\/\\\/schema.org\",\"@graph\":[{\"@type\":\"Article\",\"@id\":\"https:\\\/\\\/www.evropskakuca.me\\\/me\\\/donacija-eu-licna-zastitna-oprema-za-zdravstvene-radnike-2\\\/#article\",\"isPartOf\":{\"@id\":\"https:\\\/\\\/www.evropskakuca.me\\\/me\\\/donacija-eu-licna-zastitna-oprema-za-zdravstvene-radnike-2\\\/\"},\"author\":{\"name\":\"mkajic\",\"@id\":\"https:\\\/\\\/www.evropskakuca.me\\\/me\\\/#\\\/schema\\\/person\\\/a1d0dcdaefe4a1cd1d60d200ea137ba4\"},\"headline\":\"Donacija EU: Li\u010dna za\u0161titna oprema za zdravstvene radnike\",\"datePublished\":\"2020-09-10T08:14:03+00:00\",\"mainEntityOfPage\":{\"@id\":\"https:\\\/\\\/www.evropskakuca.me\\\/me\\\/donacija-eu-licna-zastitna-oprema-za-zdravstvene-radnike-2\\\/\"},\"wordCount\":674,\"publisher\":{\"@id\":\"https:\\\/\\\/www.evropskakuca.me\\\/me\\\/#organization\"},\"image\":{\"@id\":\"https:\\\/\\\/www.evropskakuca.me\\\/me\\\/donacija-eu-licna-zastitna-oprema-za-zdravstvene-radnike-2\\\/#primaryimage\"},\"thumbnailUrl\":\"https:\\\/\\\/www.evropskakuca.me\\\/wp-content\\\/uploads\\\/2021\\\/04\\\/undp_help_-1.jpg\",\"articleSection\":[\"Koronavirusa\"],\"inLanguage\":\"me-ME\"},{\"@type\":\"WebPage\",\"@id\":\"https:\\\/\\\/www.evropskakuca.me\\\/me\\\/donacija-eu-licna-zastitna-oprema-za-zdravstvene-radnike-2\\\/\",\"url\":\"https:\\\/\\\/www.evropskakuca.me\\\/me\\\/donacija-eu-licna-zastitna-oprema-za-zdravstvene-radnike-2\\\/\",\"name\":\"Donacija EU: Li\u010dna za\u0161titna oprema za zdravstvene radnike - Europe House\",\"isPartOf\":{\"@id\":\"https:\\\/\\\/www.evropskakuca.me\\\/me\\\/#website\"},\"primaryImageOfPage\":{\"@id\":\"https:\\\/\\\/www.evropskakuca.me\\\/me\\\/donacija-eu-licna-zastitna-oprema-za-zdravstvene-radnike-2\\\/#primaryimage\"},\"image\":{\"@id\":\"https:\\\/\\\/www.evropskakuca.me\\\/me\\\/donacija-eu-licna-zastitna-oprema-za-zdravstvene-radnike-2\\\/#primaryimage\"},\"thumbnailUrl\":\"https:\\\/\\\/www.evropskakuca.me\\\/wp-content\\\/uploads\\\/2021\\\/04\\\/undp_help_-1.jpg\",\"datePublished\":\"2020-09-10T08:14:03+00:00\",\"breadcrumb\":{\"@id\":\"https:\\\/\\\/www.evropskakuca.me\\\/me\\\/donacija-eu-licna-zastitna-oprema-za-zdravstvene-radnike-2\\\/#breadcrumb\"},\"inLanguage\":\"me-ME\",\"potentialAction\":[{\"@type\":\"ReadAction\",\"target\":[\"https:\\\/\\\/www.evropskakuca.me\\\/me\\\/donacija-eu-licna-zastitna-oprema-za-zdravstvene-radnike-2\\\/\"]}]},{\"@type\":\"ImageObject\",\"inLanguage\":\"me-ME\",\"@id\":\"https:\\\/\\\/www.evropskakuca.me\\\/me\\\/donacija-eu-licna-zastitna-oprema-za-zdravstvene-radnike-2\\\/#primaryimage\",\"url\":\"https:\\\/\\\/www.evropskakuca.me\\\/wp-content\\\/uploads\\\/2021\\\/04\\\/undp_help_-1.jpg\",\"contentUrl\":\"https:\\\/\\\/www.evropskakuca.me\\\/wp-content\\\/uploads\\\/2021\\\/04\\\/undp_help_-1.jpg\",\"width\":750,\"height\":500},{\"@type\":\"BreadcrumbList\",\"@id\":\"https:\\\/\\\/www.evropskakuca.me\\\/me\\\/donacija-eu-licna-zastitna-oprema-za-zdravstvene-radnike-2\\\/#breadcrumb\",\"itemListElement\":[{\"@type\":\"ListItem\",\"position\":1,\"name\":\"Home\",\"item\":\"https:\\\/\\\/www.evropskakuca.me\\\/me\\\/\"},{\"@type\":\"ListItem\",\"position\":2,\"name\":\"Donacija EU: Li\u010dna za\u0161titna oprema za zdravstvene radnike\"}]},{\"@type\":\"WebSite\",\"@id\":\"https:\\\/\\\/www.evropskakuca.me\\\/me\\\/#website\",\"url\":\"https:\\\/\\\/www.evropskakuca.me\\\/me\\\/\",\"name\":\"Evropean house\",\"description\":\"\",\"publisher\":{\"@id\":\"https:\\\/\\\/www.evropskakuca.me\\\/me\\\/#organization\"},\"potentialAction\":[{\"@type\":\"SearchAction\",\"target\":{\"@type\":\"EntryPoint\",\"urlTemplate\":\"https:\\\/\\\/www.evropskakuca.me\\\/me\\\/?s={search_term_string}\"},\"query-input\":{\"@type\":\"PropertyValueSpecification\",\"valueRequired\":true,\"valueName\":\"search_term_string\"}}],\"inLanguage\":\"me-ME\"},{\"@type\":\"Organization\",\"@id\":\"https:\\\/\\\/www.evropskakuca.me\\\/me\\\/#organization\",\"name\":\"Evropean house\",\"url\":\"https:\\\/\\\/www.evropskakuca.me\\\/me\\\/\",\"logo\":{\"@type\":\"ImageObject\",\"inLanguage\":\"me-ME\",\"@id\":\"https:\\\/\\\/www.evropskakuca.me\\\/me\\\/#\\\/schema\\\/logo\\\/image\\\/\",\"url\":\"https:\\\/\\\/www.evropskakuca.me\\\/wp-content\\\/uploads\\\/2025\\\/01\\\/evropska-kuca-logo-1.png\",\"contentUrl\":\"https:\\\/\\\/www.evropskakuca.me\\\/wp-content\\\/uploads\\\/2025\\\/01\\\/evropska-kuca-logo-1.png\",\"width\":425,\"height\":312,\"caption\":\"Evropean house\"},\"image\":{\"@id\":\"https:\\\/\\\/www.evropskakuca.me\\\/me\\\/#\\\/schema\\\/logo\\\/image\\\/\"},\"sameAs\":[\"https:\\\/\\\/www.facebook.com\\\/evropska.kuca\",\"https:\\\/\\\/x.com\\\/evropska_kuca\",\"https:\\\/\\\/www.instagram.com\\\/evropska_kuca\"]},{\"@type\":\"Person\",\"@id\":\"https:\\\/\\\/www.evropskakuca.me\\\/me\\\/#\\\/schema\\\/person\\\/a1d0dcdaefe4a1cd1d60d200ea137ba4\",\"name\":\"mkajic\",\"image\":{\"@type\":\"ImageObject\",\"inLanguage\":\"me-ME\",\"@id\":\"https:\\\/\\\/secure.gravatar.com\\\/avatar\\\/731fa035cefab7316e6bafd1f25a93fb731a07de14e2d9923f8db4422628eabc?s=96&d=mm&r=g\",\"url\":\"https:\\\/\\\/secure.gravatar.com\\\/avatar\\\/731fa035cefab7316e6bafd1f25a93fb731a07de14e2d9923f8db4422628eabc?s=96&d=mm&r=g\",\"contentUrl\":\"https:\\\/\\\/secure.gravatar.com\\\/avatar\\\/731fa035cefab7316e6bafd1f25a93fb731a07de14e2d9923f8db4422628eabc?s=96&d=mm&r=g\",\"caption\":\"mkajic\"},\"sameAs\":[\"https:\\\/\\\/evropskakuca.me\"],\"url\":\"https:\\\/\\\/www.evropskakuca.me\\\/me\\\/author\\\/mkajic\\\/\"}]}<\/script>\n<!-- \/ Yoast SEO plugin. -->","yoast_head_json":{"title":"Donacija EU: Li\u010dna za\u0161titna oprema za zdravstvene radnike - Europe House","robots":{"index":"index","follow":"follow","max-snippet":"max-snippet:-1","max-image-preview":"max-image-preview:large","max-video-preview":"max-video-preview:-1"},"canonical":"https:\/\/www.evropskakuca.me\/me\/donacija-eu-licna-zastitna-oprema-za-zdravstvene-radnike-2\/","og_locale":"en_US","og_type":"article","og_title":"Donacija EU: Li\u010dna za\u0161titna oprema za zdravstvene radnike - Europe House","og_description":"Najnovija donacija Evropske unije, u vidu li\u010dne za\u0161titne opreme za zdravstvene radnike vrijedne preko 200,000 eura, uru\u010dena je i stavljena na raspolaganje zdravstvenom sistemu Crne Gore. Ova isporuka obuhvata 8.000 za\u0161titnih odijela, 332.000 navlaka za obu\u0107u, 457.700 hirur\u0161kih kapa i 600.000 hirur\u0161kih rukavica. Donacija je dio projekta Evropske unije za hitnu podr\u0161ku Crnoj Gori u [&hellip;]","og_url":"https:\/\/www.evropskakuca.me\/me\/donacija-eu-licna-zastitna-oprema-za-zdravstvene-radnike-2\/","og_site_name":"Europe House","article_publisher":"https:\/\/www.facebook.com\/evropska.kuca","article_published_time":"2020-09-10T08:14:03+00:00","og_image":[{"width":750,"height":500,"url":"https:\/\/www.evropskakuca.me\/wp-content\/uploads\/2021\/04\/undp_help_-1.jpg","type":"image\/jpeg"}],"author":"mkajic","twitter_card":"summary_large_image","twitter_creator":"@evropska_kuca","twitter_site":"@evropska_kuca","twitter_misc":{"Written by":"mkajic","Est. reading time":"3 minutes"},"schema":{"@context":"https:\/\/schema.org","@graph":[{"@type":"Article","@id":"https:\/\/www.evropskakuca.me\/me\/donacija-eu-licna-zastitna-oprema-za-zdravstvene-radnike-2\/#article","isPartOf":{"@id":"https:\/\/www.evropskakuca.me\/me\/donacija-eu-licna-zastitna-oprema-za-zdravstvene-radnike-2\/"},"author":{"name":"mkajic","@id":"https:\/\/www.evropskakuca.me\/me\/#\/schema\/person\/a1d0dcdaefe4a1cd1d60d200ea137ba4"},"headline":"Donacija EU: Li\u010dna za\u0161titna oprema za zdravstvene radnike","datePublished":"2020-09-10T08:14:03+00:00","mainEntityOfPage":{"@id":"https:\/\/www.evropskakuca.me\/me\/donacija-eu-licna-zastitna-oprema-za-zdravstvene-radnike-2\/"},"wordCount":674,"publisher":{"@id":"https:\/\/www.evropskakuca.me\/me\/#organization"},"image":{"@id":"https:\/\/www.evropskakuca.me\/me\/donacija-eu-licna-zastitna-oprema-za-zdravstvene-radnike-2\/#primaryimage"},"thumbnailUrl":"https:\/\/www.evropskakuca.me\/wp-content\/uploads\/2021\/04\/undp_help_-1.jpg","articleSection":["Koronavirusa"],"inLanguage":"me-ME"},{"@type":"WebPage","@id":"https:\/\/www.evropskakuca.me\/me\/donacija-eu-licna-zastitna-oprema-za-zdravstvene-radnike-2\/","url":"https:\/\/www.evropskakuca.me\/me\/donacija-eu-licna-zastitna-oprema-za-zdravstvene-radnike-2\/","name":"Donacija EU: Li\u010dna za\u0161titna oprema za zdravstvene radnike - Europe House","isPartOf":{"@id":"https:\/\/www.evropskakuca.me\/me\/#website"},"primaryImageOfPage":{"@id":"https:\/\/www.evropskakuca.me\/me\/donacija-eu-licna-zastitna-oprema-za-zdravstvene-radnike-2\/#primaryimage"},"image":{"@id":"https:\/\/www.evropskakuca.me\/me\/donacija-eu-licna-zastitna-oprema-za-zdravstvene-radnike-2\/#primaryimage"},"thumbnailUrl":"https:\/\/www.evropskakuca.me\/wp-content\/uploads\/2021\/04\/undp_help_-1.jpg","datePublished":"2020-09-10T08:14:03+00:00","breadcrumb":{"@id":"https:\/\/www.evropskakuca.me\/me\/donacija-eu-licna-zastitna-oprema-za-zdravstvene-radnike-2\/#breadcrumb"},"inLanguage":"me-ME","potentialAction":[{"@type":"ReadAction","target":["https:\/\/www.evropskakuca.me\/me\/donacija-eu-licna-zastitna-oprema-za-zdravstvene-radnike-2\/"]}]},{"@type":"ImageObject","inLanguage":"me-ME","@id":"https:\/\/www.evropskakuca.me\/me\/donacija-eu-licna-zastitna-oprema-za-zdravstvene-radnike-2\/#primaryimage","url":"https:\/\/www.evropskakuca.me\/wp-content\/uploads\/2021\/04\/undp_help_-1.jpg","contentUrl":"https:\/\/www.evropskakuca.me\/wp-content\/uploads\/2021\/04\/undp_help_-1.jpg","width":750,"height":500},{"@type":"BreadcrumbList","@id":"https:\/\/www.evropskakuca.me\/me\/donacija-eu-licna-zastitna-oprema-za-zdravstvene-radnike-2\/#breadcrumb","itemListElement":[{"@type":"ListItem","position":1,"name":"Home","item":"https:\/\/www.evropskakuca.me\/me\/"},{"@type":"ListItem","position":2,"name":"Donacija EU: Li\u010dna za\u0161titna oprema za zdravstvene radnike"}]},{"@type":"WebSite","@id":"https:\/\/www.evropskakuca.me\/me\/#website","url":"https:\/\/www.evropskakuca.me\/me\/","name":"Evropean house","description":"","publisher":{"@id":"https:\/\/www.evropskakuca.me\/me\/#organization"},"potentialAction":[{"@type":"SearchAction","target":{"@type":"EntryPoint","urlTemplate":"https:\/\/www.evropskakuca.me\/me\/?s={search_term_string}"},"query-input":{"@type":"PropertyValueSpecification","valueRequired":true,"valueName":"search_term_string"}}],"inLanguage":"me-ME"},{"@type":"Organization","@id":"https:\/\/www.evropskakuca.me\/me\/#organization","name":"Evropean house","url":"https:\/\/www.evropskakuca.me\/me\/","logo":{"@type":"ImageObject","inLanguage":"me-ME","@id":"https:\/\/www.evropskakuca.me\/me\/#\/schema\/logo\/image\/","url":"https:\/\/www.evropskakuca.me\/wp-content\/uploads\/2025\/01\/evropska-kuca-logo-1.png","contentUrl":"https:\/\/www.evropskakuca.me\/wp-content\/uploads\/2025\/01\/evropska-kuca-logo-1.png","width":425,"height":312,"caption":"Evropean house"},"image":{"@id":"https:\/\/www.evropskakuca.me\/me\/#\/schema\/logo\/image\/"},"sameAs":["https:\/\/www.facebook.com\/evropska.kuca","https:\/\/x.com\/evropska_kuca","https:\/\/www.instagram.com\/evropska_kuca"]},{"@type":"Person","@id":"https:\/\/www.evropskakuca.me\/me\/#\/schema\/person\/a1d0dcdaefe4a1cd1d60d200ea137ba4","name":"mkajic","image":{"@type":"ImageObject","inLanguage":"me-ME","@id":"https:\/\/secure.gravatar.com\/avatar\/731fa035cefab7316e6bafd1f25a93fb731a07de14e2d9923f8db4422628eabc?s=96&d=mm&r=g","url":"https:\/\/secure.gravatar.com\/avatar\/731fa035cefab7316e6bafd1f25a93fb731a07de14e2d9923f8db4422628eabc?s=96&d=mm&r=g","contentUrl":"https:\/\/secure.gravatar.com\/avatar\/731fa035cefab7316e6bafd1f25a93fb731a07de14e2d9923f8db4422628eabc?s=96&d=mm&r=g","caption":"mkajic"},"sameAs":["https:\/\/evropskakuca.me"],"url":"https:\/\/www.evropskakuca.me\/me\/author\/mkajic\/"}]}},"_links":{"self":[{"href":"https:\/\/www.evropskakuca.me\/me\/wp-json\/wp\/v2\/posts\/11030","targetHints":{"allow":["GET"]}}],"collection":[{"href":"https:\/\/www.evropskakuca.me\/me\/wp-json\/wp\/v2\/posts"}],"about":[{"href":"https:\/\/www.evropskakuca.me\/me\/wp-json\/wp\/v2\/types\/post"}],"author":[{"embeddable":true,"href":"https:\/\/www.evropskakuca.me\/me\/wp-json\/wp\/v2\/users\/1"}],"replies":[{"embeddable":true,"href":"https:\/\/www.evropskakuca.me\/me\/wp-json\/wp\/v2\/comments?post=11030"}],"version-history":[{"count":0,"href":"https:\/\/www.evropskakuca.me\/me\/wp-json\/wp\/v2\/posts\/11030\/revisions"}],"wp:featuredmedia":[{"embeddable":true,"href":"https:\/\/www.evropskakuca.me\/me\/wp-json\/wp\/v2\/media\/35980"}],"wp:attachment":[{"href":"https:\/\/www.evropskakuca.me\/me\/wp-json\/wp\/v2\/media?parent=11030"}],"wp:term":[{"taxonomy":"category","embeddable":true,"href":"https:\/\/www.evropskakuca.me\/me\/wp-json\/wp\/v2\/categories?post=11030"},{"taxonomy":"post_tag","embeddable":true,"href":"https:\/\/www.evropskakuca.me\/me\/wp-json\/wp\/v2\/tags?post=11030"}],"curies":[{"name":"wp","href":"https:\/\/api.w.org\/{rel}","templated":true}]}}