{"id":10993,"date":"2021-04-05T09:33:31","date_gmt":"2021-04-05T09:33:31","guid":{"rendered":"http:\/\/www.evropskakuca.me\/?p=10993"},"modified":"2021-04-05T09:33:31","modified_gmt":"2021-04-05T09:33:31","slug":"raspisan-konkurs-za-podrsku-projektima-organizacija-civilnog-drustva","status":"publish","type":"post","link":"https:\/\/www.evropskakuca.me\/me\/raspisan-konkurs-za-podrsku-projektima-organizacija-civilnog-drustva\/","title":{"rendered":"Raspisan konkurs za podr\u0161ku projektima organizacija civilnog dru\u0161tva"},"content":{"rendered":"<p>Centar za gra\u0111ansko obrazovanje (CGO) u okviru projekta \u201eOCD u Crnoj Gori \u2013 od osnovnih usluga do oblikovanja politika &#8211; M\u2019BASE\u201c raspisao je konkurs za podr\u0161ku projektima organizacija civilnog dru\u0161tva (OCD) u Crnoj Gori. Prijedloge projekata, koji treba da doprinesu uspje\u0161nom procesu evropskih integracija Crne Gore osna\u017eivanjem u\u010de\u0161\u0107a civilnog dru\u0161tva u procesima dono\u0161enja odluka i sprovo\u0111enja reformi, kao i ja\u010danjem partnerstava izme\u0111u OCD, ali i OCD i lokalnih samouprava, mogu se dostaviti do 9. maja 2021. do 16h. Na konkurs se mogu prijaviti OCD koje:<\/p>\n<ul>\n<li>imaju status pravnog lica;<\/li>\n<li>neprofitnog su tipa;<\/li>\n<li>registrovane su u Crnoj Gori najmanje 12 mjeseci prije roka za dostavljanje prijedloga projekta i imaju sjedi\u0161te u Crnoj Gori;<\/li>\n<li>direktno su odgovorne za pripremu i upravljanje projektom.<\/li>\n<\/ul>\n<p>Za prijavu na konkurs, potrebno je popuniti: Prijavni formular, Prijedlog bud\u017eeta i Matricu logi\u010dkog okvira (samo za kategoriju 2), koje mo\u017eete na\u0107i na sajtu <a href=\"http:\/\/cgo-cce.org\/2021\/04\/02\/konkurs-za-podrsku-projektima-organizacija-civilnog-drustva-ocd-u-crnoj-gori\/#.YGrUtegzZPY\">CGO<\/a>. Prije popunjavanja ovih formulara pa\u017eljivo pro\u010ditajte detaljan Vodi\u010d. Za OCD koje \u0107e biti podr\u017eane pripremljen je sveobuhvatan program ja\u010danja kapaciteta u upravljanju projektima, ja\u010danju vidljivosti tih projektnih aktivnosti i sprovo\u0111enju javnih i zagovara\u010dkih kampanja, kao i monitoringu javnih institucija. Prijava na konkurs, zajedno sa prate\u0107om tehni\u010dkom dokumentacijom, \u0161alje se mailom na adresu: MBASE@cgo-cce.org, sa naznakom \u2013 \u201eKonkurs za podr\u0161ku projektima OCD u Crnoj Gori \u2013 M&#8217;BASE\u201d, a \u0161tampanu verziju na adresu: Centar za gra\u0111ansko obrazovanje (CGO), Bulevar Svetog Petra Cetinjskog 96, III\/6 81 000 Podgorica. U slu\u010daju nedoumica, dodatne informacije mo\u017eete dobiti slanjem pitanja na <a href=\"mailto:MBASE@cgo-cce.org\">MBASE@cgo-cce.org<\/a>, najkasnije do 21.aprila 2021. do 16h00. Predvi\u0111eno je da se ovim konkursom OCD ukupno dodijeli 550,000 EUR kroz dvije kategorije:<\/p>\n<p>&nbsp;<\/p>\n<p>Minimum \u00a0\u00a0\u00a0\u00a0\u00a0\u00a0\u00a0 Maksimum<\/p>\n<p>Kategorija 1 \u00a0\u00a0\u00a0 10,000 EUR \u00a0\u00a0\u00a0 20,000 EUR<\/p>\n<p>Kategorija 2 \u00a0\u00a0\u00a0 20,000 EUR \u00a0\u00a0\u00a0 60,000 EUR<\/p>\n<p>Tra\u017eeni iznos sredstava u okviru ovog konkursa mo\u017ee biti izme\u0111u minimalnih 70% do maksimalnih<\/p>\n<p>100% prihvatljivih tro\u0161kova. Razlika izme\u0111u tra\u017eenog i odobrenog iznosa podr\u0161ke, ukoliko nije podr\u017ean 100%, mora do\u0107i iz sredstava koja nijesu iz bud\u017eeta Evropske unije. Projekat OCD u Crnoj Gori \u2013 od osnovnih usluga do oblikovanja politika &#8211; M\u2019BASE sprovodi Centar za gra\u0111ansko obrazovanje (CGO), u partnerstvu sa njema\u010dkom fondacijom Friedrich Ebert (FES), NVO Centar za za\u0161titu i prou\u010davanje ptica Crne Gore (CZIP) i NVO Politikon mre\u017ea, a u saradnji sa Ministarstvom javne uprave, digitalnog dru\u0161tva i medija i Kancelarijom za evropske integracije Vlade Crne Gore. Projekat finansira Evropska unija.<\/p>\n","protected":false},"excerpt":{"rendered":"<p>U okviru EU projekta M\u2019BASE<\/p>\n","protected":false},"author":1,"featured_media":35974,"comment_status":"closed","ping_status":"closed","sticky":false,"template":"","format":"standard","meta":{"_acf_changed":false,"footnotes":""},"categories":[283],"tags":[],"class_list":["post-10993","post","type-post","status-publish","format-standard","has-post-thumbnail","hentry","category-novosti-me"],"acf":[],"yoast_head":"<!-- This site is optimized with the Yoast SEO plugin v27.3 - https:\/\/yoast.com\/product\/yoast-seo-wordpress\/ -->\n<title>Raspisan konkurs za podr\u0161ku projektima organizacija civilnog dru\u0161tva - Europe House<\/title>\n<meta name=\"robots\" content=\"index, follow, max-snippet:-1, max-image-preview:large, max-video-preview:-1\" \/>\n<link rel=\"canonical\" href=\"https:\/\/www.evropskakuca.me\/me\/raspisan-konkurs-za-podrsku-projektima-organizacija-civilnog-drustva\/\" \/>\n<meta property=\"og:locale\" content=\"en_US\" \/>\n<meta property=\"og:type\" content=\"article\" \/>\n<meta property=\"og:title\" content=\"Raspisan konkurs za podr\u0161ku projektima organizacija civilnog dru\u0161tva - Europe House\" \/>\n<meta property=\"og:description\" content=\"U okviru EU projekta M\u2019BASE\" \/>\n<meta property=\"og:url\" content=\"https:\/\/www.evropskakuca.me\/me\/raspisan-konkurs-za-podrsku-projektima-organizacija-civilnog-drustva\/\" \/>\n<meta property=\"og:site_name\" content=\"Europe House\" \/>\n<meta property=\"article:publisher\" content=\"https:\/\/www.facebook.com\/evropska.kuca\" \/>\n<meta property=\"article:published_time\" content=\"2021-04-05T09:33:31+00:00\" \/>\n<meta property=\"og:image\" content=\"https:\/\/www.evropskakuca.me\/wp-content\/uploads\/2021\/04\/mbase-konkurs.jpg\" \/>\n\t<meta property=\"og:image:width\" content=\"1200\" \/>\n\t<meta property=\"og:image:height\" content=\"861\" \/>\n\t<meta property=\"og:image:type\" content=\"image\/jpeg\" \/>\n<meta name=\"author\" content=\"mkajic\" \/>\n<meta name=\"twitter:card\" content=\"summary_large_image\" \/>\n<meta name=\"twitter:creator\" content=\"@evropska_kuca\" \/>\n<meta name=\"twitter:site\" content=\"@evropska_kuca\" \/>\n<meta name=\"twitter:label1\" content=\"Written by\" \/>\n\t<meta name=\"twitter:data1\" content=\"mkajic\" \/>\n\t<meta name=\"twitter:label2\" content=\"Est. reading time\" \/>\n\t<meta name=\"twitter:data2\" content=\"2 minutes\" \/>\n<script type=\"application\/ld+json\" class=\"yoast-schema-graph\">{\"@context\":\"https:\\\/\\\/schema.org\",\"@graph\":[{\"@type\":\"Article\",\"@id\":\"https:\\\/\\\/www.evropskakuca.me\\\/me\\\/raspisan-konkurs-za-podrsku-projektima-organizacija-civilnog-drustva\\\/#article\",\"isPartOf\":{\"@id\":\"https:\\\/\\\/www.evropskakuca.me\\\/me\\\/raspisan-konkurs-za-podrsku-projektima-organizacija-civilnog-drustva\\\/\"},\"author\":{\"name\":\"mkajic\",\"@id\":\"https:\\\/\\\/www.evropskakuca.me\\\/me\\\/#\\\/schema\\\/person\\\/a1d0dcdaefe4a1cd1d60d200ea137ba4\"},\"headline\":\"Raspisan konkurs za podr\u0161ku projektima organizacija civilnog dru\u0161tva\",\"datePublished\":\"2021-04-05T09:33:31+00:00\",\"mainEntityOfPage\":{\"@id\":\"https:\\\/\\\/www.evropskakuca.me\\\/me\\\/raspisan-konkurs-za-podrsku-projektima-organizacija-civilnog-drustva\\\/\"},\"wordCount\":421,\"publisher\":{\"@id\":\"https:\\\/\\\/www.evropskakuca.me\\\/me\\\/#organization\"},\"image\":{\"@id\":\"https:\\\/\\\/www.evropskakuca.me\\\/me\\\/raspisan-konkurs-za-podrsku-projektima-organizacija-civilnog-drustva\\\/#primaryimage\"},\"thumbnailUrl\":\"https:\\\/\\\/www.evropskakuca.me\\\/wp-content\\\/uploads\\\/2021\\\/04\\\/mbase-konkurs.jpg\",\"articleSection\":[\"Novosti\"],\"inLanguage\":\"me-ME\"},{\"@type\":\"WebPage\",\"@id\":\"https:\\\/\\\/www.evropskakuca.me\\\/me\\\/raspisan-konkurs-za-podrsku-projektima-organizacija-civilnog-drustva\\\/\",\"url\":\"https:\\\/\\\/www.evropskakuca.me\\\/me\\\/raspisan-konkurs-za-podrsku-projektima-organizacija-civilnog-drustva\\\/\",\"name\":\"Raspisan konkurs za podr\u0161ku projektima organizacija civilnog dru\u0161tva - Europe House\",\"isPartOf\":{\"@id\":\"https:\\\/\\\/www.evropskakuca.me\\\/me\\\/#website\"},\"primaryImageOfPage\":{\"@id\":\"https:\\\/\\\/www.evropskakuca.me\\\/me\\\/raspisan-konkurs-za-podrsku-projektima-organizacija-civilnog-drustva\\\/#primaryimage\"},\"image\":{\"@id\":\"https:\\\/\\\/www.evropskakuca.me\\\/me\\\/raspisan-konkurs-za-podrsku-projektima-organizacija-civilnog-drustva\\\/#primaryimage\"},\"thumbnailUrl\":\"https:\\\/\\\/www.evropskakuca.me\\\/wp-content\\\/uploads\\\/2021\\\/04\\\/mbase-konkurs.jpg\",\"datePublished\":\"2021-04-05T09:33:31+00:00\",\"breadcrumb\":{\"@id\":\"https:\\\/\\\/www.evropskakuca.me\\\/me\\\/raspisan-konkurs-za-podrsku-projektima-organizacija-civilnog-drustva\\\/#breadcrumb\"},\"inLanguage\":\"me-ME\",\"potentialAction\":[{\"@type\":\"ReadAction\",\"target\":[\"https:\\\/\\\/www.evropskakuca.me\\\/me\\\/raspisan-konkurs-za-podrsku-projektima-organizacija-civilnog-drustva\\\/\"]}]},{\"@type\":\"ImageObject\",\"inLanguage\":\"me-ME\",\"@id\":\"https:\\\/\\\/www.evropskakuca.me\\\/me\\\/raspisan-konkurs-za-podrsku-projektima-organizacija-civilnog-drustva\\\/#primaryimage\",\"url\":\"https:\\\/\\\/www.evropskakuca.me\\\/wp-content\\\/uploads\\\/2021\\\/04\\\/mbase-konkurs.jpg\",\"contentUrl\":\"https:\\\/\\\/www.evropskakuca.me\\\/wp-content\\\/uploads\\\/2021\\\/04\\\/mbase-konkurs.jpg\",\"width\":1200,\"height\":861},{\"@type\":\"BreadcrumbList\",\"@id\":\"https:\\\/\\\/www.evropskakuca.me\\\/me\\\/raspisan-konkurs-za-podrsku-projektima-organizacija-civilnog-drustva\\\/#breadcrumb\",\"itemListElement\":[{\"@type\":\"ListItem\",\"position\":1,\"name\":\"Home\",\"item\":\"https:\\\/\\\/www.evropskakuca.me\\\/me\\\/\"},{\"@type\":\"ListItem\",\"position\":2,\"name\":\"Raspisan konkurs za podr\u0161ku projektima organizacija civilnog dru\u0161tva\"}]},{\"@type\":\"WebSite\",\"@id\":\"https:\\\/\\\/www.evropskakuca.me\\\/me\\\/#website\",\"url\":\"https:\\\/\\\/www.evropskakuca.me\\\/me\\\/\",\"name\":\"Evropean house\",\"description\":\"\",\"publisher\":{\"@id\":\"https:\\\/\\\/www.evropskakuca.me\\\/me\\\/#organization\"},\"potentialAction\":[{\"@type\":\"SearchAction\",\"target\":{\"@type\":\"EntryPoint\",\"urlTemplate\":\"https:\\\/\\\/www.evropskakuca.me\\\/me\\\/?s={search_term_string}\"},\"query-input\":{\"@type\":\"PropertyValueSpecification\",\"valueRequired\":true,\"valueName\":\"search_term_string\"}}],\"inLanguage\":\"me-ME\"},{\"@type\":\"Organization\",\"@id\":\"https:\\\/\\\/www.evropskakuca.me\\\/me\\\/#organization\",\"name\":\"Evropean house\",\"url\":\"https:\\\/\\\/www.evropskakuca.me\\\/me\\\/\",\"logo\":{\"@type\":\"ImageObject\",\"inLanguage\":\"me-ME\",\"@id\":\"https:\\\/\\\/www.evropskakuca.me\\\/me\\\/#\\\/schema\\\/logo\\\/image\\\/\",\"url\":\"https:\\\/\\\/www.evropskakuca.me\\\/wp-content\\\/uploads\\\/2025\\\/01\\\/evropska-kuca-logo-1.png\",\"contentUrl\":\"https:\\\/\\\/www.evropskakuca.me\\\/wp-content\\\/uploads\\\/2025\\\/01\\\/evropska-kuca-logo-1.png\",\"width\":425,\"height\":312,\"caption\":\"Evropean house\"},\"image\":{\"@id\":\"https:\\\/\\\/www.evropskakuca.me\\\/me\\\/#\\\/schema\\\/logo\\\/image\\\/\"},\"sameAs\":[\"https:\\\/\\\/www.facebook.com\\\/evropska.kuca\",\"https:\\\/\\\/x.com\\\/evropska_kuca\",\"https:\\\/\\\/www.instagram.com\\\/evropska_kuca\"]},{\"@type\":\"Person\",\"@id\":\"https:\\\/\\\/www.evropskakuca.me\\\/me\\\/#\\\/schema\\\/person\\\/a1d0dcdaefe4a1cd1d60d200ea137ba4\",\"name\":\"mkajic\",\"image\":{\"@type\":\"ImageObject\",\"inLanguage\":\"me-ME\",\"@id\":\"https:\\\/\\\/secure.gravatar.com\\\/avatar\\\/731fa035cefab7316e6bafd1f25a93fb731a07de14e2d9923f8db4422628eabc?s=96&d=mm&r=g\",\"url\":\"https:\\\/\\\/secure.gravatar.com\\\/avatar\\\/731fa035cefab7316e6bafd1f25a93fb731a07de14e2d9923f8db4422628eabc?s=96&d=mm&r=g\",\"contentUrl\":\"https:\\\/\\\/secure.gravatar.com\\\/avatar\\\/731fa035cefab7316e6bafd1f25a93fb731a07de14e2d9923f8db4422628eabc?s=96&d=mm&r=g\",\"caption\":\"mkajic\"},\"sameAs\":[\"https:\\\/\\\/evropskakuca.me\"],\"url\":\"https:\\\/\\\/www.evropskakuca.me\\\/me\\\/author\\\/mkajic\\\/\"}]}<\/script>\n<!-- \/ Yoast SEO plugin. -->","yoast_head_json":{"title":"Raspisan konkurs za podr\u0161ku projektima organizacija civilnog dru\u0161tva - Europe House","robots":{"index":"index","follow":"follow","max-snippet":"max-snippet:-1","max-image-preview":"max-image-preview:large","max-video-preview":"max-video-preview:-1"},"canonical":"https:\/\/www.evropskakuca.me\/me\/raspisan-konkurs-za-podrsku-projektima-organizacija-civilnog-drustva\/","og_locale":"en_US","og_type":"article","og_title":"Raspisan konkurs za podr\u0161ku projektima organizacija civilnog dru\u0161tva - Europe House","og_description":"U okviru EU projekta M\u2019BASE","og_url":"https:\/\/www.evropskakuca.me\/me\/raspisan-konkurs-za-podrsku-projektima-organizacija-civilnog-drustva\/","og_site_name":"Europe House","article_publisher":"https:\/\/www.facebook.com\/evropska.kuca","article_published_time":"2021-04-05T09:33:31+00:00","og_image":[{"width":1200,"height":861,"url":"https:\/\/www.evropskakuca.me\/wp-content\/uploads\/2021\/04\/mbase-konkurs.jpg","type":"image\/jpeg"}],"author":"mkajic","twitter_card":"summary_large_image","twitter_creator":"@evropska_kuca","twitter_site":"@evropska_kuca","twitter_misc":{"Written by":"mkajic","Est. reading time":"2 minutes"},"schema":{"@context":"https:\/\/schema.org","@graph":[{"@type":"Article","@id":"https:\/\/www.evropskakuca.me\/me\/raspisan-konkurs-za-podrsku-projektima-organizacija-civilnog-drustva\/#article","isPartOf":{"@id":"https:\/\/www.evropskakuca.me\/me\/raspisan-konkurs-za-podrsku-projektima-organizacija-civilnog-drustva\/"},"author":{"name":"mkajic","@id":"https:\/\/www.evropskakuca.me\/me\/#\/schema\/person\/a1d0dcdaefe4a1cd1d60d200ea137ba4"},"headline":"Raspisan konkurs za podr\u0161ku projektima organizacija civilnog dru\u0161tva","datePublished":"2021-04-05T09:33:31+00:00","mainEntityOfPage":{"@id":"https:\/\/www.evropskakuca.me\/me\/raspisan-konkurs-za-podrsku-projektima-organizacija-civilnog-drustva\/"},"wordCount":421,"publisher":{"@id":"https:\/\/www.evropskakuca.me\/me\/#organization"},"image":{"@id":"https:\/\/www.evropskakuca.me\/me\/raspisan-konkurs-za-podrsku-projektima-organizacija-civilnog-drustva\/#primaryimage"},"thumbnailUrl":"https:\/\/www.evropskakuca.me\/wp-content\/uploads\/2021\/04\/mbase-konkurs.jpg","articleSection":["Novosti"],"inLanguage":"me-ME"},{"@type":"WebPage","@id":"https:\/\/www.evropskakuca.me\/me\/raspisan-konkurs-za-podrsku-projektima-organizacija-civilnog-drustva\/","url":"https:\/\/www.evropskakuca.me\/me\/raspisan-konkurs-za-podrsku-projektima-organizacija-civilnog-drustva\/","name":"Raspisan konkurs za podr\u0161ku projektima organizacija civilnog dru\u0161tva - Europe House","isPartOf":{"@id":"https:\/\/www.evropskakuca.me\/me\/#website"},"primaryImageOfPage":{"@id":"https:\/\/www.evropskakuca.me\/me\/raspisan-konkurs-za-podrsku-projektima-organizacija-civilnog-drustva\/#primaryimage"},"image":{"@id":"https:\/\/www.evropskakuca.me\/me\/raspisan-konkurs-za-podrsku-projektima-organizacija-civilnog-drustva\/#primaryimage"},"thumbnailUrl":"https:\/\/www.evropskakuca.me\/wp-content\/uploads\/2021\/04\/mbase-konkurs.jpg","datePublished":"2021-04-05T09:33:31+00:00","breadcrumb":{"@id":"https:\/\/www.evropskakuca.me\/me\/raspisan-konkurs-za-podrsku-projektima-organizacija-civilnog-drustva\/#breadcrumb"},"inLanguage":"me-ME","potentialAction":[{"@type":"ReadAction","target":["https:\/\/www.evropskakuca.me\/me\/raspisan-konkurs-za-podrsku-projektima-organizacija-civilnog-drustva\/"]}]},{"@type":"ImageObject","inLanguage":"me-ME","@id":"https:\/\/www.evropskakuca.me\/me\/raspisan-konkurs-za-podrsku-projektima-organizacija-civilnog-drustva\/#primaryimage","url":"https:\/\/www.evropskakuca.me\/wp-content\/uploads\/2021\/04\/mbase-konkurs.jpg","contentUrl":"https:\/\/www.evropskakuca.me\/wp-content\/uploads\/2021\/04\/mbase-konkurs.jpg","width":1200,"height":861},{"@type":"BreadcrumbList","@id":"https:\/\/www.evropskakuca.me\/me\/raspisan-konkurs-za-podrsku-projektima-organizacija-civilnog-drustva\/#breadcrumb","itemListElement":[{"@type":"ListItem","position":1,"name":"Home","item":"https:\/\/www.evropskakuca.me\/me\/"},{"@type":"ListItem","position":2,"name":"Raspisan konkurs za podr\u0161ku projektima organizacija civilnog dru\u0161tva"}]},{"@type":"WebSite","@id":"https:\/\/www.evropskakuca.me\/me\/#website","url":"https:\/\/www.evropskakuca.me\/me\/","name":"Evropean house","description":"","publisher":{"@id":"https:\/\/www.evropskakuca.me\/me\/#organization"},"potentialAction":[{"@type":"SearchAction","target":{"@type":"EntryPoint","urlTemplate":"https:\/\/www.evropskakuca.me\/me\/?s={search_term_string}"},"query-input":{"@type":"PropertyValueSpecification","valueRequired":true,"valueName":"search_term_string"}}],"inLanguage":"me-ME"},{"@type":"Organization","@id":"https:\/\/www.evropskakuca.me\/me\/#organization","name":"Evropean house","url":"https:\/\/www.evropskakuca.me\/me\/","logo":{"@type":"ImageObject","inLanguage":"me-ME","@id":"https:\/\/www.evropskakuca.me\/me\/#\/schema\/logo\/image\/","url":"https:\/\/www.evropskakuca.me\/wp-content\/uploads\/2025\/01\/evropska-kuca-logo-1.png","contentUrl":"https:\/\/www.evropskakuca.me\/wp-content\/uploads\/2025\/01\/evropska-kuca-logo-1.png","width":425,"height":312,"caption":"Evropean house"},"image":{"@id":"https:\/\/www.evropskakuca.me\/me\/#\/schema\/logo\/image\/"},"sameAs":["https:\/\/www.facebook.com\/evropska.kuca","https:\/\/x.com\/evropska_kuca","https:\/\/www.instagram.com\/evropska_kuca"]},{"@type":"Person","@id":"https:\/\/www.evropskakuca.me\/me\/#\/schema\/person\/a1d0dcdaefe4a1cd1d60d200ea137ba4","name":"mkajic","image":{"@type":"ImageObject","inLanguage":"me-ME","@id":"https:\/\/secure.gravatar.com\/avatar\/731fa035cefab7316e6bafd1f25a93fb731a07de14e2d9923f8db4422628eabc?s=96&d=mm&r=g","url":"https:\/\/secure.gravatar.com\/avatar\/731fa035cefab7316e6bafd1f25a93fb731a07de14e2d9923f8db4422628eabc?s=96&d=mm&r=g","contentUrl":"https:\/\/secure.gravatar.com\/avatar\/731fa035cefab7316e6bafd1f25a93fb731a07de14e2d9923f8db4422628eabc?s=96&d=mm&r=g","caption":"mkajic"},"sameAs":["https:\/\/evropskakuca.me"],"url":"https:\/\/www.evropskakuca.me\/me\/author\/mkajic\/"}]}},"_links":{"self":[{"href":"https:\/\/www.evropskakuca.me\/me\/wp-json\/wp\/v2\/posts\/10993","targetHints":{"allow":["GET"]}}],"collection":[{"href":"https:\/\/www.evropskakuca.me\/me\/wp-json\/wp\/v2\/posts"}],"about":[{"href":"https:\/\/www.evropskakuca.me\/me\/wp-json\/wp\/v2\/types\/post"}],"author":[{"embeddable":true,"href":"https:\/\/www.evropskakuca.me\/me\/wp-json\/wp\/v2\/users\/1"}],"replies":[{"embeddable":true,"href":"https:\/\/www.evropskakuca.me\/me\/wp-json\/wp\/v2\/comments?post=10993"}],"version-history":[{"count":0,"href":"https:\/\/www.evropskakuca.me\/me\/wp-json\/wp\/v2\/posts\/10993\/revisions"}],"wp:featuredmedia":[{"embeddable":true,"href":"https:\/\/www.evropskakuca.me\/me\/wp-json\/wp\/v2\/media\/35974"}],"wp:attachment":[{"href":"https:\/\/www.evropskakuca.me\/me\/wp-json\/wp\/v2\/media?parent=10993"}],"wp:term":[{"taxonomy":"category","embeddable":true,"href":"https:\/\/www.evropskakuca.me\/me\/wp-json\/wp\/v2\/categories?post=10993"},{"taxonomy":"post_tag","embeddable":true,"href":"https:\/\/www.evropskakuca.me\/me\/wp-json\/wp\/v2\/tags?post=10993"}],"curies":[{"name":"wp","href":"https:\/\/api.w.org\/{rel}","templated":true}]}}