{"id":10990,"date":"2021-04-01T12:04:40","date_gmt":"2021-04-01T12:04:40","guid":{"rendered":"http:\/\/www.evropskakuca.me\/?p=10990"},"modified":"2021-04-01T12:04:40","modified_gmt":"2021-04-01T12:04:40","slug":"nova-isporuka-zastitne-opreme-kroz-mehanizam-resceu","status":"publish","type":"post","link":"https:\/\/www.evropskakuca.me\/me\/nova-isporuka-zastitne-opreme-kroz-mehanizam-resceu\/","title":{"rendered":"Nova isporuka za\u0161titne opreme kroz mehanizam rescEU"},"content":{"rendered":"<p>Nova isporuka li\u010dne za\u0161titne opreme iz rezervi instrumenta <em>rescEU<\/em>, u okviru Mehanizma EU za civilnu za\u0161titu, stigla je ove sedmice u Crnu Goru, a manji dio o\u010dekuje se naredne sedmice. 300.000 maski, 227.900 rukavica, 100.000 za\u0161titnih nao\u010dara, 100.000 navlaka za cipele i druga za\u0161titna oprema stigla je iz nekoliko dr\u017eava \u010dlanica EU: Rumunije, Gr\u010dke, Njema\u010dke i Belgije. Korisnik sve medicinske opreme je dr\u017eavna apotekarska ustanova \u201eMontefarm\u201d.<\/p>\n<p>Prva isporuka 31. marta sadr\u017eala je za\u0161titnu opremu iz Gr\u010dke, koja se sastojala od 200.000 komada vinilnih rukavica, 100.000 komada za\u0161titnih nao\u010dara i 100.000 komada navlaka za cipele. Komentari\u0161u\u0107i dolazak medicinske opreme, ambasador Gr\u010dke Panajotis Partsos kazao je da je to druga po\u0161iljka Civilne za\u0161tite Gr\u010dke, nakon one od 11. februara 2021, kada je 90.000 maski tipa FFP2 isporu\u010deno direktno Klini\u010dkom centru Crne Gore. \u201eEvropska unija je ovdje, zajedno sa svojim dr\u017eavama \u010dlanicama, pokazuju\u0107i spremnost da stane uz Crnu Goru i pomogne joj da se suo\u010di s pandemijom. Kroz ovu krizu mo\u017eemo pro\u0107i uz solidarnost\u201c, kazao je on.<\/p>\n<p><img fetchpriority=\"high\" decoding=\"async\" class=\"alignnone size-large wp-image-10986\" src=\"http:\/\/www.evropskakuca.me\/wp-content\/uploads\/2021\/04\/za-sajt-1024x683.jpg\" alt=\"\" width=\"1024\" height=\"683\" \/><\/p>\n<p>Po\u0161iljka iz Rumunije uklju\u010duje 100.000 maski FFP2 i 100.000 maski FFP3, u vrijednosti od 651.380 eura. Ranije danas, ambasador Rumunije Viorel Ardeleanu u\u010destvovao je u doga\u0111aju uru\u010denja donacije medicinske opreme \u201eMontefarm\u201d-u, zajedno s dr\u017eavnim sekretarom Ministarstva unutra\u0161njih poslova Zoranom Miljani\u0107em, otpravnicom poslova Delegacije EU Plamenom Hala\u010devom, predstavnikom rumunske Generalne inspekcije za vanredne situacije, potpukovnikom Adrijanom Deakuom i rumunskim konzulom Raduom Gorin\u010dioijem. Rumunski ambasador je istakao zna\u010daj Mehanizma EU za civilnu za\u0161titu u pru\u017eanju podr\u0161ke Crnoj Gori i drugim zemljama koje tra\u017ee pomo\u0107 EU, u duhu evropske solidarnosti. Ovo je tre\u0107a isporuka za\u0161titne opreme i medicinskih maski koje je Rumunija od po\u010detka pandemije donirala Crnoj Gori, kroz evropski instrument civilne za\u0161tite iz rezervi formiranih u okviru <em>RescEU<\/em>. Rumunija je 8. jula 2020. isporu\u010dila 10.000 za\u0161titnih maski, a dodatnih 10.000 maski je 11. maja 2020. poslato u Crnu Goru kroz <em>RescEU<\/em>.<\/p>\n<p><img decoding=\"async\" class=\"alignnone size-large wp-image-10988\" src=\"http:\/\/www.evropskakuca.me\/wp-content\/uploads\/2021\/04\/za-sajt-6-1024x683.jpg\" alt=\"\" width=\"1024\" height=\"683\" \/><\/p>\n<p>Isporuka iz Belgije, koja treba da stigne 7. i 9. aprila, sadr\u017ea\u0107e 100.000 hirur\u0161kih maski, 27.900 komada nitrilnih rukavica i 10.000 \u0161titnika za lice. Belgijski ambasador Koen Adam rekao je da je veoma zadovoljan ovom donacijom koja dolazi u izazovnom trenutku za Crnu Goru. \u201eEU se zasniva na solidarnosti, ne samo me\u0111u dr\u017eavama \u010dlanicama, ve\u0107 i sa susjednim zemljama, a posebno sa zemljama kandidatima za \u010dlanstvo. Svaka prilika da ovu solidarnost sa crnogorskim narodom u\u010dinimo opipljivom i konkretnom je odli\u010dna \u201c, kazao je Adam.<\/p>\n<p>O\u010dekuje se da \u0107e oprema iz Njema\u010dke sti\u0107i sjutra.<\/p>\n<p>Otpravnica poslova Delegacije EU u Crnoj Gori Plamena Hala\u010deva istakla je da, u ovim te\u0161kim vremenima, EU i njene dr\u017eave \u010dlanice nastavljaju da pru\u017eaju ruku pomo\u0107i i objezbje\u0111uju podr\u0161ku onima kojima je najpotrebnija. \u201ePandemija jo\u0161 nije gotova, tako da moramo biti na oprezu, po\u0161tovati \u200b\u200bepidemiolo\u0161ke mjere, nositi masku i dr\u017eati distancu. Nadam se da \u0107e ova oprema pomo\u0107i onima koji su na prvoj liniji borbe \u2013 medicinskom osoblju \u2013 da sigurno i efikasno obavljaju svoj posao od klju\u010dnog zna\u010daja. Zajedno smo u ovome i samo \u0107emo zajedno pobijediti ovu pandemiju, jer niko ne\u0107e biti siguran dok svi to ne budu\u201d, naglasila je Hala\u010deva.<\/p>\n<p>Dr\u017eavni sekretar Zoran Miljani\u0107 istakao je da donacija predstavlja dragocjenu i prijeko potrebnu pomo\u0107 zdravstvenim radnicima. \u201eUz to, nosi poruku solidarnosti, ljudskosti i jedinstva Evrope u borbi protiv koronavirusa; to je dokaz da nas evropski prijatelji ne ostavljaju same i zaboravljene u ovim te\u0161kim vremenima kada se svaka zemlja suo\u010dava s ovim problemom. Dakle, na ovaj na\u010din, Evropa \u0161alje poruku da se kroz brigu o drugima brine i o sebi, te da svi zajedno radimo na stvaranju jedinstvenog odgovora za koji vjerujem da \u0107e na kraju dati \u017eeljene rezultate\u201d, rekao je Miljani\u0107.<\/p>\n<p>KONTEKST:<\/p>\n<p><em>Evropska komisija je u martu 2020. uspostavila strate\u0161ki instrument rescEU \u2013 zajedni\u010dku evropsku rezervu hitne medicinske opreme, poput respiratora, za\u0161titnih maski, rukavica i laboratorijskog materijala, kako bi pomogla zemljama EU da se suo\u010de s pandemijom koronavirusa. Komisija finansira 100% ovog instrumenta (uklju\u010duju\u0107i nabavku, odr\u017eavanje i tro\u0161kove isporuke), \u010diji je doma\u0107in nekoliko dr\u017eava \u010dlanica, a koji se dopunjava u kontinuitetu. Dr\u017eave doma\u0107ini odgovorne su za nabavku opreme uz podr\u0161ku Komisije. Crna Gora je ve\u0107 imala koristi od isporuka kroz mehanizam RescEU, koje su omogu\u0107ile Austrija, Bugarska, Hrvatska, Njema\u010dka, Gr\u010dka, Ma\u0111arska i Rumunija.<\/em><\/p>\n<p><em>\u00a0<\/em><\/p>\n","protected":false},"excerpt":{"rendered":"<p>Nova isporuka li\u010dne za\u0161titne opreme iz rezervi instrumenta rescEU, u okviru Mehanizma EU za civilnu za\u0161titu, stigla je ove sedmice u Crnu Goru, a manji dio o\u010dekuje se naredne sedmice. 300.000 maski, 227.900 rukavica, 100.000 za\u0161titnih nao\u010dara, 100.000 navlaka za cipele i druga za\u0161titna oprema stigla je iz nekoliko dr\u017eava \u010dlanica EU: Rumunije, Gr\u010dke, Njema\u010dke [&hellip;]<\/p>\n","protected":false},"author":1,"featured_media":35988,"comment_status":"closed","ping_status":"closed","sticky":false,"template":"","format":"standard","meta":{"_acf_changed":false,"footnotes":""},"categories":[287],"tags":[],"class_list":["post-10990","post","type-post","status-publish","format-standard","has-post-thumbnail","hentry","category-koronavirusa"],"acf":[],"yoast_head":"<!-- This site is optimized with the Yoast SEO plugin v27.3 - https:\/\/yoast.com\/product\/yoast-seo-wordpress\/ -->\n<title>Nova isporuka za\u0161titne opreme kroz mehanizam rescEU - Europe House<\/title>\n<meta name=\"robots\" content=\"index, follow, max-snippet:-1, max-image-preview:large, max-video-preview:-1\" \/>\n<link rel=\"canonical\" href=\"https:\/\/www.evropskakuca.me\/me\/nova-isporuka-zastitne-opreme-kroz-mehanizam-resceu\/\" \/>\n<meta property=\"og:locale\" content=\"en_US\" \/>\n<meta property=\"og:type\" content=\"article\" \/>\n<meta property=\"og:title\" content=\"Nova isporuka za\u0161titne opreme kroz mehanizam rescEU - Europe House\" \/>\n<meta property=\"og:description\" content=\"Nova isporuka li\u010dne za\u0161titne opreme iz rezervi instrumenta rescEU, u okviru Mehanizma EU za civilnu za\u0161titu, stigla je ove sedmice u Crnu Goru, a manji dio o\u010dekuje se naredne sedmice. 300.000 maski, 227.900 rukavica, 100.000 za\u0161titnih nao\u010dara, 100.000 navlaka za cipele i druga za\u0161titna oprema stigla je iz nekoliko dr\u017eava \u010dlanica EU: Rumunije, Gr\u010dke, Njema\u010dke [&hellip;]\" \/>\n<meta property=\"og:url\" content=\"https:\/\/www.evropskakuca.me\/me\/nova-isporuka-zastitne-opreme-kroz-mehanizam-resceu\/\" \/>\n<meta property=\"og:site_name\" content=\"Europe House\" \/>\n<meta property=\"article:publisher\" content=\"https:\/\/www.facebook.com\/evropska.kuca\" \/>\n<meta property=\"article:published_time\" content=\"2021-04-01T12:04:40+00:00\" \/>\n<meta property=\"og:image\" content=\"https:\/\/www.evropskakuca.me\/wp-content\/uploads\/2021\/04\/za-sajt-4.jpg\" \/>\n\t<meta property=\"og:image:width\" content=\"1731\" \/>\n\t<meta property=\"og:image:height\" content=\"1154\" \/>\n\t<meta property=\"og:image:type\" content=\"image\/jpeg\" \/>\n<meta name=\"author\" content=\"mkajic\" \/>\n<meta name=\"twitter:card\" content=\"summary_large_image\" \/>\n<meta name=\"twitter:creator\" content=\"@evropska_kuca\" \/>\n<meta name=\"twitter:site\" content=\"@evropska_kuca\" \/>\n<meta name=\"twitter:label1\" content=\"Written by\" \/>\n\t<meta name=\"twitter:data1\" content=\"mkajic\" \/>\n\t<meta name=\"twitter:label2\" content=\"Est. reading time\" \/>\n\t<meta name=\"twitter:data2\" content=\"4 minutes\" \/>\n<script type=\"application\/ld+json\" class=\"yoast-schema-graph\">{\"@context\":\"https:\\\/\\\/schema.org\",\"@graph\":[{\"@type\":\"Article\",\"@id\":\"https:\\\/\\\/www.evropskakuca.me\\\/me\\\/nova-isporuka-zastitne-opreme-kroz-mehanizam-resceu\\\/#article\",\"isPartOf\":{\"@id\":\"https:\\\/\\\/www.evropskakuca.me\\\/me\\\/nova-isporuka-zastitne-opreme-kroz-mehanizam-resceu\\\/\"},\"author\":{\"name\":\"mkajic\",\"@id\":\"https:\\\/\\\/www.evropskakuca.me\\\/me\\\/#\\\/schema\\\/person\\\/a1d0dcdaefe4a1cd1d60d200ea137ba4\"},\"headline\":\"Nova isporuka za\u0161titne opreme kroz mehanizam rescEU\",\"datePublished\":\"2021-04-01T12:04:40+00:00\",\"mainEntityOfPage\":{\"@id\":\"https:\\\/\\\/www.evropskakuca.me\\\/me\\\/nova-isporuka-zastitne-opreme-kroz-mehanizam-resceu\\\/\"},\"wordCount\":757,\"publisher\":{\"@id\":\"https:\\\/\\\/www.evropskakuca.me\\\/me\\\/#organization\"},\"image\":{\"@id\":\"https:\\\/\\\/www.evropskakuca.me\\\/me\\\/nova-isporuka-zastitne-opreme-kroz-mehanizam-resceu\\\/#primaryimage\"},\"thumbnailUrl\":\"https:\\\/\\\/www.evropskakuca.me\\\/wp-content\\\/uploads\\\/2021\\\/04\\\/za-sajt-4.jpg\",\"articleSection\":[\"Koronavirusa\"],\"inLanguage\":\"me-ME\"},{\"@type\":\"WebPage\",\"@id\":\"https:\\\/\\\/www.evropskakuca.me\\\/me\\\/nova-isporuka-zastitne-opreme-kroz-mehanizam-resceu\\\/\",\"url\":\"https:\\\/\\\/www.evropskakuca.me\\\/me\\\/nova-isporuka-zastitne-opreme-kroz-mehanizam-resceu\\\/\",\"name\":\"Nova isporuka za\u0161titne opreme kroz mehanizam rescEU - Europe House\",\"isPartOf\":{\"@id\":\"https:\\\/\\\/www.evropskakuca.me\\\/me\\\/#website\"},\"primaryImageOfPage\":{\"@id\":\"https:\\\/\\\/www.evropskakuca.me\\\/me\\\/nova-isporuka-zastitne-opreme-kroz-mehanizam-resceu\\\/#primaryimage\"},\"image\":{\"@id\":\"https:\\\/\\\/www.evropskakuca.me\\\/me\\\/nova-isporuka-zastitne-opreme-kroz-mehanizam-resceu\\\/#primaryimage\"},\"thumbnailUrl\":\"https:\\\/\\\/www.evropskakuca.me\\\/wp-content\\\/uploads\\\/2021\\\/04\\\/za-sajt-4.jpg\",\"datePublished\":\"2021-04-01T12:04:40+00:00\",\"breadcrumb\":{\"@id\":\"https:\\\/\\\/www.evropskakuca.me\\\/me\\\/nova-isporuka-zastitne-opreme-kroz-mehanizam-resceu\\\/#breadcrumb\"},\"inLanguage\":\"me-ME\",\"potentialAction\":[{\"@type\":\"ReadAction\",\"target\":[\"https:\\\/\\\/www.evropskakuca.me\\\/me\\\/nova-isporuka-zastitne-opreme-kroz-mehanizam-resceu\\\/\"]}]},{\"@type\":\"ImageObject\",\"inLanguage\":\"me-ME\",\"@id\":\"https:\\\/\\\/www.evropskakuca.me\\\/me\\\/nova-isporuka-zastitne-opreme-kroz-mehanizam-resceu\\\/#primaryimage\",\"url\":\"https:\\\/\\\/www.evropskakuca.me\\\/wp-content\\\/uploads\\\/2021\\\/04\\\/za-sajt-4.jpg\",\"contentUrl\":\"https:\\\/\\\/www.evropskakuca.me\\\/wp-content\\\/uploads\\\/2021\\\/04\\\/za-sajt-4.jpg\",\"width\":1731,\"height\":1154},{\"@type\":\"BreadcrumbList\",\"@id\":\"https:\\\/\\\/www.evropskakuca.me\\\/me\\\/nova-isporuka-zastitne-opreme-kroz-mehanizam-resceu\\\/#breadcrumb\",\"itemListElement\":[{\"@type\":\"ListItem\",\"position\":1,\"name\":\"Home\",\"item\":\"https:\\\/\\\/www.evropskakuca.me\\\/me\\\/\"},{\"@type\":\"ListItem\",\"position\":2,\"name\":\"Nova isporuka za\u0161titne opreme kroz mehanizam rescEU\"}]},{\"@type\":\"WebSite\",\"@id\":\"https:\\\/\\\/www.evropskakuca.me\\\/me\\\/#website\",\"url\":\"https:\\\/\\\/www.evropskakuca.me\\\/me\\\/\",\"name\":\"Evropean house\",\"description\":\"\",\"publisher\":{\"@id\":\"https:\\\/\\\/www.evropskakuca.me\\\/me\\\/#organization\"},\"potentialAction\":[{\"@type\":\"SearchAction\",\"target\":{\"@type\":\"EntryPoint\",\"urlTemplate\":\"https:\\\/\\\/www.evropskakuca.me\\\/me\\\/?s={search_term_string}\"},\"query-input\":{\"@type\":\"PropertyValueSpecification\",\"valueRequired\":true,\"valueName\":\"search_term_string\"}}],\"inLanguage\":\"me-ME\"},{\"@type\":\"Organization\",\"@id\":\"https:\\\/\\\/www.evropskakuca.me\\\/me\\\/#organization\",\"name\":\"Evropean house\",\"url\":\"https:\\\/\\\/www.evropskakuca.me\\\/me\\\/\",\"logo\":{\"@type\":\"ImageObject\",\"inLanguage\":\"me-ME\",\"@id\":\"https:\\\/\\\/www.evropskakuca.me\\\/me\\\/#\\\/schema\\\/logo\\\/image\\\/\",\"url\":\"https:\\\/\\\/www.evropskakuca.me\\\/wp-content\\\/uploads\\\/2025\\\/01\\\/evropska-kuca-logo-1.png\",\"contentUrl\":\"https:\\\/\\\/www.evropskakuca.me\\\/wp-content\\\/uploads\\\/2025\\\/01\\\/evropska-kuca-logo-1.png\",\"width\":425,\"height\":312,\"caption\":\"Evropean house\"},\"image\":{\"@id\":\"https:\\\/\\\/www.evropskakuca.me\\\/me\\\/#\\\/schema\\\/logo\\\/image\\\/\"},\"sameAs\":[\"https:\\\/\\\/www.facebook.com\\\/evropska.kuca\",\"https:\\\/\\\/x.com\\\/evropska_kuca\",\"https:\\\/\\\/www.instagram.com\\\/evropska_kuca\"]},{\"@type\":\"Person\",\"@id\":\"https:\\\/\\\/www.evropskakuca.me\\\/me\\\/#\\\/schema\\\/person\\\/a1d0dcdaefe4a1cd1d60d200ea137ba4\",\"name\":\"mkajic\",\"image\":{\"@type\":\"ImageObject\",\"inLanguage\":\"me-ME\",\"@id\":\"https:\\\/\\\/secure.gravatar.com\\\/avatar\\\/731fa035cefab7316e6bafd1f25a93fb731a07de14e2d9923f8db4422628eabc?s=96&d=mm&r=g\",\"url\":\"https:\\\/\\\/secure.gravatar.com\\\/avatar\\\/731fa035cefab7316e6bafd1f25a93fb731a07de14e2d9923f8db4422628eabc?s=96&d=mm&r=g\",\"contentUrl\":\"https:\\\/\\\/secure.gravatar.com\\\/avatar\\\/731fa035cefab7316e6bafd1f25a93fb731a07de14e2d9923f8db4422628eabc?s=96&d=mm&r=g\",\"caption\":\"mkajic\"},\"sameAs\":[\"https:\\\/\\\/evropskakuca.me\"],\"url\":\"https:\\\/\\\/www.evropskakuca.me\\\/me\\\/author\\\/mkajic\\\/\"}]}<\/script>\n<!-- \/ Yoast SEO plugin. -->","yoast_head_json":{"title":"Nova isporuka za\u0161titne opreme kroz mehanizam rescEU - Europe House","robots":{"index":"index","follow":"follow","max-snippet":"max-snippet:-1","max-image-preview":"max-image-preview:large","max-video-preview":"max-video-preview:-1"},"canonical":"https:\/\/www.evropskakuca.me\/me\/nova-isporuka-zastitne-opreme-kroz-mehanizam-resceu\/","og_locale":"en_US","og_type":"article","og_title":"Nova isporuka za\u0161titne opreme kroz mehanizam rescEU - Europe House","og_description":"Nova isporuka li\u010dne za\u0161titne opreme iz rezervi instrumenta rescEU, u okviru Mehanizma EU za civilnu za\u0161titu, stigla je ove sedmice u Crnu Goru, a manji dio o\u010dekuje se naredne sedmice. 300.000 maski, 227.900 rukavica, 100.000 za\u0161titnih nao\u010dara, 100.000 navlaka za cipele i druga za\u0161titna oprema stigla je iz nekoliko dr\u017eava \u010dlanica EU: Rumunije, Gr\u010dke, Njema\u010dke [&hellip;]","og_url":"https:\/\/www.evropskakuca.me\/me\/nova-isporuka-zastitne-opreme-kroz-mehanizam-resceu\/","og_site_name":"Europe House","article_publisher":"https:\/\/www.facebook.com\/evropska.kuca","article_published_time":"2021-04-01T12:04:40+00:00","og_image":[{"width":1731,"height":1154,"url":"https:\/\/www.evropskakuca.me\/wp-content\/uploads\/2021\/04\/za-sajt-4.jpg","type":"image\/jpeg"}],"author":"mkajic","twitter_card":"summary_large_image","twitter_creator":"@evropska_kuca","twitter_site":"@evropska_kuca","twitter_misc":{"Written by":"mkajic","Est. reading time":"4 minutes"},"schema":{"@context":"https:\/\/schema.org","@graph":[{"@type":"Article","@id":"https:\/\/www.evropskakuca.me\/me\/nova-isporuka-zastitne-opreme-kroz-mehanizam-resceu\/#article","isPartOf":{"@id":"https:\/\/www.evropskakuca.me\/me\/nova-isporuka-zastitne-opreme-kroz-mehanizam-resceu\/"},"author":{"name":"mkajic","@id":"https:\/\/www.evropskakuca.me\/me\/#\/schema\/person\/a1d0dcdaefe4a1cd1d60d200ea137ba4"},"headline":"Nova isporuka za\u0161titne opreme kroz mehanizam rescEU","datePublished":"2021-04-01T12:04:40+00:00","mainEntityOfPage":{"@id":"https:\/\/www.evropskakuca.me\/me\/nova-isporuka-zastitne-opreme-kroz-mehanizam-resceu\/"},"wordCount":757,"publisher":{"@id":"https:\/\/www.evropskakuca.me\/me\/#organization"},"image":{"@id":"https:\/\/www.evropskakuca.me\/me\/nova-isporuka-zastitne-opreme-kroz-mehanizam-resceu\/#primaryimage"},"thumbnailUrl":"https:\/\/www.evropskakuca.me\/wp-content\/uploads\/2021\/04\/za-sajt-4.jpg","articleSection":["Koronavirusa"],"inLanguage":"me-ME"},{"@type":"WebPage","@id":"https:\/\/www.evropskakuca.me\/me\/nova-isporuka-zastitne-opreme-kroz-mehanizam-resceu\/","url":"https:\/\/www.evropskakuca.me\/me\/nova-isporuka-zastitne-opreme-kroz-mehanizam-resceu\/","name":"Nova isporuka za\u0161titne opreme kroz mehanizam rescEU - Europe House","isPartOf":{"@id":"https:\/\/www.evropskakuca.me\/me\/#website"},"primaryImageOfPage":{"@id":"https:\/\/www.evropskakuca.me\/me\/nova-isporuka-zastitne-opreme-kroz-mehanizam-resceu\/#primaryimage"},"image":{"@id":"https:\/\/www.evropskakuca.me\/me\/nova-isporuka-zastitne-opreme-kroz-mehanizam-resceu\/#primaryimage"},"thumbnailUrl":"https:\/\/www.evropskakuca.me\/wp-content\/uploads\/2021\/04\/za-sajt-4.jpg","datePublished":"2021-04-01T12:04:40+00:00","breadcrumb":{"@id":"https:\/\/www.evropskakuca.me\/me\/nova-isporuka-zastitne-opreme-kroz-mehanizam-resceu\/#breadcrumb"},"inLanguage":"me-ME","potentialAction":[{"@type":"ReadAction","target":["https:\/\/www.evropskakuca.me\/me\/nova-isporuka-zastitne-opreme-kroz-mehanizam-resceu\/"]}]},{"@type":"ImageObject","inLanguage":"me-ME","@id":"https:\/\/www.evropskakuca.me\/me\/nova-isporuka-zastitne-opreme-kroz-mehanizam-resceu\/#primaryimage","url":"https:\/\/www.evropskakuca.me\/wp-content\/uploads\/2021\/04\/za-sajt-4.jpg","contentUrl":"https:\/\/www.evropskakuca.me\/wp-content\/uploads\/2021\/04\/za-sajt-4.jpg","width":1731,"height":1154},{"@type":"BreadcrumbList","@id":"https:\/\/www.evropskakuca.me\/me\/nova-isporuka-zastitne-opreme-kroz-mehanizam-resceu\/#breadcrumb","itemListElement":[{"@type":"ListItem","position":1,"name":"Home","item":"https:\/\/www.evropskakuca.me\/me\/"},{"@type":"ListItem","position":2,"name":"Nova isporuka za\u0161titne opreme kroz mehanizam rescEU"}]},{"@type":"WebSite","@id":"https:\/\/www.evropskakuca.me\/me\/#website","url":"https:\/\/www.evropskakuca.me\/me\/","name":"Evropean house","description":"","publisher":{"@id":"https:\/\/www.evropskakuca.me\/me\/#organization"},"potentialAction":[{"@type":"SearchAction","target":{"@type":"EntryPoint","urlTemplate":"https:\/\/www.evropskakuca.me\/me\/?s={search_term_string}"},"query-input":{"@type":"PropertyValueSpecification","valueRequired":true,"valueName":"search_term_string"}}],"inLanguage":"me-ME"},{"@type":"Organization","@id":"https:\/\/www.evropskakuca.me\/me\/#organization","name":"Evropean house","url":"https:\/\/www.evropskakuca.me\/me\/","logo":{"@type":"ImageObject","inLanguage":"me-ME","@id":"https:\/\/www.evropskakuca.me\/me\/#\/schema\/logo\/image\/","url":"https:\/\/www.evropskakuca.me\/wp-content\/uploads\/2025\/01\/evropska-kuca-logo-1.png","contentUrl":"https:\/\/www.evropskakuca.me\/wp-content\/uploads\/2025\/01\/evropska-kuca-logo-1.png","width":425,"height":312,"caption":"Evropean house"},"image":{"@id":"https:\/\/www.evropskakuca.me\/me\/#\/schema\/logo\/image\/"},"sameAs":["https:\/\/www.facebook.com\/evropska.kuca","https:\/\/x.com\/evropska_kuca","https:\/\/www.instagram.com\/evropska_kuca"]},{"@type":"Person","@id":"https:\/\/www.evropskakuca.me\/me\/#\/schema\/person\/a1d0dcdaefe4a1cd1d60d200ea137ba4","name":"mkajic","image":{"@type":"ImageObject","inLanguage":"me-ME","@id":"https:\/\/secure.gravatar.com\/avatar\/731fa035cefab7316e6bafd1f25a93fb731a07de14e2d9923f8db4422628eabc?s=96&d=mm&r=g","url":"https:\/\/secure.gravatar.com\/avatar\/731fa035cefab7316e6bafd1f25a93fb731a07de14e2d9923f8db4422628eabc?s=96&d=mm&r=g","contentUrl":"https:\/\/secure.gravatar.com\/avatar\/731fa035cefab7316e6bafd1f25a93fb731a07de14e2d9923f8db4422628eabc?s=96&d=mm&r=g","caption":"mkajic"},"sameAs":["https:\/\/evropskakuca.me"],"url":"https:\/\/www.evropskakuca.me\/me\/author\/mkajic\/"}]}},"_links":{"self":[{"href":"https:\/\/www.evropskakuca.me\/me\/wp-json\/wp\/v2\/posts\/10990","targetHints":{"allow":["GET"]}}],"collection":[{"href":"https:\/\/www.evropskakuca.me\/me\/wp-json\/wp\/v2\/posts"}],"about":[{"href":"https:\/\/www.evropskakuca.me\/me\/wp-json\/wp\/v2\/types\/post"}],"author":[{"embeddable":true,"href":"https:\/\/www.evropskakuca.me\/me\/wp-json\/wp\/v2\/users\/1"}],"replies":[{"embeddable":true,"href":"https:\/\/www.evropskakuca.me\/me\/wp-json\/wp\/v2\/comments?post=10990"}],"version-history":[{"count":0,"href":"https:\/\/www.evropskakuca.me\/me\/wp-json\/wp\/v2\/posts\/10990\/revisions"}],"wp:featuredmedia":[{"embeddable":true,"href":"https:\/\/www.evropskakuca.me\/me\/wp-json\/wp\/v2\/media\/35988"}],"wp:attachment":[{"href":"https:\/\/www.evropskakuca.me\/me\/wp-json\/wp\/v2\/media?parent=10990"}],"wp:term":[{"taxonomy":"category","embeddable":true,"href":"https:\/\/www.evropskakuca.me\/me\/wp-json\/wp\/v2\/categories?post=10990"},{"taxonomy":"post_tag","embeddable":true,"href":"https:\/\/www.evropskakuca.me\/me\/wp-json\/wp\/v2\/tags?post=10990"}],"curies":[{"name":"wp","href":"https:\/\/api.w.org\/{rel}","templated":true}]}}