{"id":10967,"date":"2021-03-28T19:09:00","date_gmt":"2021-03-28T19:09:00","guid":{"rendered":"http:\/\/www.evropskakuca.me\/?p=10967"},"modified":"2021-03-28T19:09:00","modified_gmt":"2021-03-28T19:09:00","slug":"prva-isporuka-covax-vakcina-stigla-u-crnu-goru","status":"publish","type":"post","link":"https:\/\/www.evropskakuca.me\/me\/prva-isporuka-covax-vakcina-stigla-u-crnu-goru\/","title":{"rendered":"Prva isporuka COVAX vakcina stigla u Crnu Goru"},"content":{"rendered":"<p>Prva isporuka, od 24,000 doza vakcina, iz COVAX mehanizma stigla je u Crnu Goru u nedjelju, 28. marta 2021, \u0161to \u0107e pomo\u0107i da masovna vakcinacija u zemlji otpo\u010dne \u0161to prije.<\/p>\n<p>\u201cEvropska unija\u00a0je\u00a0jedan od najve\u0107ih donatora\u00a0ove globalne inicijative, i zadovoljstvo je vidjeti da je ona djelotvorna\u00a0i\u00a0da\u00a0isporu\u010duje\u00a0efikasne i sigurne vakcine. Imunizacija protiv virusa najbolji je na\u010din da se ova pandemija zaustavi i\u00a0da se\u00a0za\u0161tite crnogorski gra\u0111ani,\u00a0naro\u010dito oni najranjiviji. Svi\u00a0stojimo\u00a0zajedno u\u00a0ovoj\u00a0nezapam\u0107enoj\u00a0zdravstvenoj krizi, i niko ne\u0107e biti\u00a0bezbjedan dok svi\u00a0ne budu bezbjedni,\u201d izjavila je ambasadorka EU u Crnoj Gori Oana Kristina Popa prilikom dolaska prve isporuke COVAX vakcina na Aerodrom u Podgorici.<\/p>\n<p>&nbsp;<\/p>\n<div class=\"media media-element-container media-eeas_full_width\">\n<div id=\"file-100125\" class=\"file file-image file-image-jpeg\">\n<div class=\"content\"><img decoding=\"async\" class=\"media-element file-eeas-full-width\" src=\"https:\/\/eeas.europa.eu\/sites\/default\/files\/styles\/eeas_full_width\/public\/4_1_3.jpg?itok=KqRRxl-v\" alt=\"\" data-delta=\"1\" \/><\/div>\n<\/div>\n<\/div>\n<p>&nbsp;<\/p>\n<p>Tim\u00a0Evropa, koji uklju\u010duje EU, njene dr\u017eave \u010dlanice i Evropsku investicionu banku , izdvojio je za\u00a0COVAX vi\u0161e od 2,2 milijarde eura, uklju\u010duju\u0107i milijardu eura iz\u00a0bud\u017eeta Unije.<\/p>\n<p>Finansijska sredstva Tima Evropa obezbijedila su neposrednu\u00a0finansijsku\u00a0podr\u0161ku\u00a0COVAX i\u00a0prednost u pregovorima\u00a0s farmaceutskim\u00a0ku\u0107ama.<\/p>\n<p>Ova neposredna dostupnost finansijskih sredstava\u00a0tako\u0111e je bila\u00a0od\u00a0klju\u010dnog\u00a0zna\u010daja\u00a0kako bi se vakcine \u0161to prije isporu\u010dile zemljama \u010dlanicama\u00a0Kovaksa,\u00a0uklju\u010duju\u0107i Crnu Goru.<\/p>\n","protected":false},"excerpt":{"rendered":"<p>Prva isporuka, od 24,000 doza vakcina, iz COVAX mehanizma stigla je u Crnu Goru u nedjelju, 28. marta 2021, \u0161to \u0107e pomo\u0107i da masovna vakcinacija u zemlji otpo\u010dne \u0161to prije. \u201cEvropska unija\u00a0je\u00a0jedan od najve\u0107ih donatora\u00a0ove globalne inicijative, i zadovoljstvo je vidjeti da je ona djelotvorna\u00a0i\u00a0da\u00a0isporu\u010duje\u00a0efikasne i sigurne vakcine. Imunizacija protiv virusa najbolji je na\u010din da [&hellip;]<\/p>\n","protected":false},"author":1,"featured_media":31192,"comment_status":"closed","ping_status":"closed","sticky":false,"template":"","format":"standard","meta":{"_acf_changed":false,"footnotes":""},"categories":[287],"tags":[],"class_list":["post-10967","post","type-post","status-publish","format-standard","has-post-thumbnail","hentry","category-koronavirusa"],"acf":[],"yoast_head":"<!-- This site is optimized with the Yoast SEO plugin v27.3 - https:\/\/yoast.com\/product\/yoast-seo-wordpress\/ -->\n<title>Prva isporuka COVAX vakcina stigla u Crnu Goru - Europe House<\/title>\n<meta name=\"robots\" content=\"index, follow, max-snippet:-1, max-image-preview:large, max-video-preview:-1\" \/>\n<link rel=\"canonical\" href=\"https:\/\/www.evropskakuca.me\/me\/prva-isporuka-covax-vakcina-stigla-u-crnu-goru\/\" \/>\n<meta property=\"og:locale\" content=\"en_US\" \/>\n<meta property=\"og:type\" content=\"article\" \/>\n<meta property=\"og:title\" content=\"Prva isporuka COVAX vakcina stigla u Crnu Goru - Europe House\" \/>\n<meta property=\"og:description\" content=\"Prva isporuka, od 24,000 doza vakcina, iz COVAX mehanizma stigla je u Crnu Goru u nedjelju, 28. marta 2021, \u0161to \u0107e pomo\u0107i da masovna vakcinacija u zemlji otpo\u010dne \u0161to prije. \u201cEvropska unija\u00a0je\u00a0jedan od najve\u0107ih donatora\u00a0ove globalne inicijative, i zadovoljstvo je vidjeti da je ona djelotvorna\u00a0i\u00a0da\u00a0isporu\u010duje\u00a0efikasne i sigurne vakcine. Imunizacija protiv virusa najbolji je na\u010din da [&hellip;]\" \/>\n<meta property=\"og:url\" content=\"https:\/\/www.evropskakuca.me\/me\/prva-isporuka-covax-vakcina-stigla-u-crnu-goru\/\" \/>\n<meta property=\"og:site_name\" content=\"Europe House\" \/>\n<meta property=\"article:publisher\" content=\"https:\/\/www.facebook.com\/evropska.kuca\" \/>\n<meta property=\"article:published_time\" content=\"2021-03-28T19:09:00+00:00\" \/>\n<meta property=\"og:image\" content=\"https:\/\/www.evropskakuca.me\/wp-content\/uploads\/2015\/06\/2.jpg\" \/>\n\t<meta property=\"og:image:width\" content=\"560\" \/>\n\t<meta property=\"og:image:height\" content=\"352\" \/>\n\t<meta property=\"og:image:type\" content=\"image\/jpeg\" \/>\n<meta name=\"author\" content=\"mkajic\" \/>\n<meta name=\"twitter:card\" content=\"summary_large_image\" \/>\n<meta name=\"twitter:creator\" content=\"@evropska_kuca\" \/>\n<meta name=\"twitter:site\" content=\"@evropska_kuca\" \/>\n<meta name=\"twitter:label1\" content=\"Written by\" \/>\n\t<meta name=\"twitter:data1\" content=\"mkajic\" \/>\n\t<meta name=\"twitter:label2\" content=\"Est. reading time\" \/>\n\t<meta name=\"twitter:data2\" content=\"1 minute\" \/>\n<script type=\"application\/ld+json\" class=\"yoast-schema-graph\">{\"@context\":\"https:\\\/\\\/schema.org\",\"@graph\":[{\"@type\":\"Article\",\"@id\":\"https:\\\/\\\/www.evropskakuca.me\\\/me\\\/prva-isporuka-covax-vakcina-stigla-u-crnu-goru\\\/#article\",\"isPartOf\":{\"@id\":\"https:\\\/\\\/www.evropskakuca.me\\\/me\\\/prva-isporuka-covax-vakcina-stigla-u-crnu-goru\\\/\"},\"author\":{\"name\":\"mkajic\",\"@id\":\"https:\\\/\\\/www.evropskakuca.me\\\/me\\\/#\\\/schema\\\/person\\\/a1d0dcdaefe4a1cd1d60d200ea137ba4\"},\"headline\":\"Prva isporuka COVAX vakcina stigla u Crnu Goru\",\"datePublished\":\"2021-03-28T19:09:00+00:00\",\"mainEntityOfPage\":{\"@id\":\"https:\\\/\\\/www.evropskakuca.me\\\/me\\\/prva-isporuka-covax-vakcina-stigla-u-crnu-goru\\\/\"},\"wordCount\":211,\"publisher\":{\"@id\":\"https:\\\/\\\/www.evropskakuca.me\\\/me\\\/#organization\"},\"image\":{\"@id\":\"https:\\\/\\\/www.evropskakuca.me\\\/me\\\/prva-isporuka-covax-vakcina-stigla-u-crnu-goru\\\/#primaryimage\"},\"thumbnailUrl\":\"https:\\\/\\\/www.evropskakuca.me\\\/wp-content\\\/uploads\\\/2015\\\/06\\\/2.jpg\",\"articleSection\":[\"Koronavirusa\"],\"inLanguage\":\"me-ME\"},{\"@type\":\"WebPage\",\"@id\":\"https:\\\/\\\/www.evropskakuca.me\\\/me\\\/prva-isporuka-covax-vakcina-stigla-u-crnu-goru\\\/\",\"url\":\"https:\\\/\\\/www.evropskakuca.me\\\/me\\\/prva-isporuka-covax-vakcina-stigla-u-crnu-goru\\\/\",\"name\":\"Prva isporuka COVAX vakcina stigla u Crnu Goru - Europe House\",\"isPartOf\":{\"@id\":\"https:\\\/\\\/www.evropskakuca.me\\\/me\\\/#website\"},\"primaryImageOfPage\":{\"@id\":\"https:\\\/\\\/www.evropskakuca.me\\\/me\\\/prva-isporuka-covax-vakcina-stigla-u-crnu-goru\\\/#primaryimage\"},\"image\":{\"@id\":\"https:\\\/\\\/www.evropskakuca.me\\\/me\\\/prva-isporuka-covax-vakcina-stigla-u-crnu-goru\\\/#primaryimage\"},\"thumbnailUrl\":\"https:\\\/\\\/www.evropskakuca.me\\\/wp-content\\\/uploads\\\/2015\\\/06\\\/2.jpg\",\"datePublished\":\"2021-03-28T19:09:00+00:00\",\"breadcrumb\":{\"@id\":\"https:\\\/\\\/www.evropskakuca.me\\\/me\\\/prva-isporuka-covax-vakcina-stigla-u-crnu-goru\\\/#breadcrumb\"},\"inLanguage\":\"me-ME\",\"potentialAction\":[{\"@type\":\"ReadAction\",\"target\":[\"https:\\\/\\\/www.evropskakuca.me\\\/me\\\/prva-isporuka-covax-vakcina-stigla-u-crnu-goru\\\/\"]}]},{\"@type\":\"ImageObject\",\"inLanguage\":\"me-ME\",\"@id\":\"https:\\\/\\\/www.evropskakuca.me\\\/me\\\/prva-isporuka-covax-vakcina-stigla-u-crnu-goru\\\/#primaryimage\",\"url\":\"https:\\\/\\\/www.evropskakuca.me\\\/wp-content\\\/uploads\\\/2015\\\/06\\\/2.jpg\",\"contentUrl\":\"https:\\\/\\\/www.evropskakuca.me\\\/wp-content\\\/uploads\\\/2015\\\/06\\\/2.jpg\",\"width\":560,\"height\":352},{\"@type\":\"BreadcrumbList\",\"@id\":\"https:\\\/\\\/www.evropskakuca.me\\\/me\\\/prva-isporuka-covax-vakcina-stigla-u-crnu-goru\\\/#breadcrumb\",\"itemListElement\":[{\"@type\":\"ListItem\",\"position\":1,\"name\":\"Home\",\"item\":\"https:\\\/\\\/www.evropskakuca.me\\\/me\\\/\"},{\"@type\":\"ListItem\",\"position\":2,\"name\":\"Prva isporuka COVAX vakcina stigla u Crnu Goru\"}]},{\"@type\":\"WebSite\",\"@id\":\"https:\\\/\\\/www.evropskakuca.me\\\/me\\\/#website\",\"url\":\"https:\\\/\\\/www.evropskakuca.me\\\/me\\\/\",\"name\":\"Evropean house\",\"description\":\"\",\"publisher\":{\"@id\":\"https:\\\/\\\/www.evropskakuca.me\\\/me\\\/#organization\"},\"potentialAction\":[{\"@type\":\"SearchAction\",\"target\":{\"@type\":\"EntryPoint\",\"urlTemplate\":\"https:\\\/\\\/www.evropskakuca.me\\\/me\\\/?s={search_term_string}\"},\"query-input\":{\"@type\":\"PropertyValueSpecification\",\"valueRequired\":true,\"valueName\":\"search_term_string\"}}],\"inLanguage\":\"me-ME\"},{\"@type\":\"Organization\",\"@id\":\"https:\\\/\\\/www.evropskakuca.me\\\/me\\\/#organization\",\"name\":\"Evropean house\",\"url\":\"https:\\\/\\\/www.evropskakuca.me\\\/me\\\/\",\"logo\":{\"@type\":\"ImageObject\",\"inLanguage\":\"me-ME\",\"@id\":\"https:\\\/\\\/www.evropskakuca.me\\\/me\\\/#\\\/schema\\\/logo\\\/image\\\/\",\"url\":\"https:\\\/\\\/www.evropskakuca.me\\\/wp-content\\\/uploads\\\/2025\\\/01\\\/evropska-kuca-logo-1.png\",\"contentUrl\":\"https:\\\/\\\/www.evropskakuca.me\\\/wp-content\\\/uploads\\\/2025\\\/01\\\/evropska-kuca-logo-1.png\",\"width\":425,\"height\":312,\"caption\":\"Evropean house\"},\"image\":{\"@id\":\"https:\\\/\\\/www.evropskakuca.me\\\/me\\\/#\\\/schema\\\/logo\\\/image\\\/\"},\"sameAs\":[\"https:\\\/\\\/www.facebook.com\\\/evropska.kuca\",\"https:\\\/\\\/x.com\\\/evropska_kuca\",\"https:\\\/\\\/www.instagram.com\\\/evropska_kuca\"]},{\"@type\":\"Person\",\"@id\":\"https:\\\/\\\/www.evropskakuca.me\\\/me\\\/#\\\/schema\\\/person\\\/a1d0dcdaefe4a1cd1d60d200ea137ba4\",\"name\":\"mkajic\",\"image\":{\"@type\":\"ImageObject\",\"inLanguage\":\"me-ME\",\"@id\":\"https:\\\/\\\/secure.gravatar.com\\\/avatar\\\/731fa035cefab7316e6bafd1f25a93fb731a07de14e2d9923f8db4422628eabc?s=96&d=mm&r=g\",\"url\":\"https:\\\/\\\/secure.gravatar.com\\\/avatar\\\/731fa035cefab7316e6bafd1f25a93fb731a07de14e2d9923f8db4422628eabc?s=96&d=mm&r=g\",\"contentUrl\":\"https:\\\/\\\/secure.gravatar.com\\\/avatar\\\/731fa035cefab7316e6bafd1f25a93fb731a07de14e2d9923f8db4422628eabc?s=96&d=mm&r=g\",\"caption\":\"mkajic\"},\"sameAs\":[\"https:\\\/\\\/evropskakuca.me\"],\"url\":\"https:\\\/\\\/www.evropskakuca.me\\\/me\\\/author\\\/mkajic\\\/\"}]}<\/script>\n<!-- \/ Yoast SEO plugin. -->","yoast_head_json":{"title":"Prva isporuka COVAX vakcina stigla u Crnu Goru - Europe House","robots":{"index":"index","follow":"follow","max-snippet":"max-snippet:-1","max-image-preview":"max-image-preview:large","max-video-preview":"max-video-preview:-1"},"canonical":"https:\/\/www.evropskakuca.me\/me\/prva-isporuka-covax-vakcina-stigla-u-crnu-goru\/","og_locale":"en_US","og_type":"article","og_title":"Prva isporuka COVAX vakcina stigla u Crnu Goru - Europe House","og_description":"Prva isporuka, od 24,000 doza vakcina, iz COVAX mehanizma stigla je u Crnu Goru u nedjelju, 28. marta 2021, \u0161to \u0107e pomo\u0107i da masovna vakcinacija u zemlji otpo\u010dne \u0161to prije. \u201cEvropska unija\u00a0je\u00a0jedan od najve\u0107ih donatora\u00a0ove globalne inicijative, i zadovoljstvo je vidjeti da je ona djelotvorna\u00a0i\u00a0da\u00a0isporu\u010duje\u00a0efikasne i sigurne vakcine. Imunizacija protiv virusa najbolji je na\u010din da [&hellip;]","og_url":"https:\/\/www.evropskakuca.me\/me\/prva-isporuka-covax-vakcina-stigla-u-crnu-goru\/","og_site_name":"Europe House","article_publisher":"https:\/\/www.facebook.com\/evropska.kuca","article_published_time":"2021-03-28T19:09:00+00:00","og_image":[{"width":560,"height":352,"url":"https:\/\/www.evropskakuca.me\/wp-content\/uploads\/2015\/06\/2.jpg","type":"image\/jpeg"}],"author":"mkajic","twitter_card":"summary_large_image","twitter_creator":"@evropska_kuca","twitter_site":"@evropska_kuca","twitter_misc":{"Written by":"mkajic","Est. reading time":"1 minute"},"schema":{"@context":"https:\/\/schema.org","@graph":[{"@type":"Article","@id":"https:\/\/www.evropskakuca.me\/me\/prva-isporuka-covax-vakcina-stigla-u-crnu-goru\/#article","isPartOf":{"@id":"https:\/\/www.evropskakuca.me\/me\/prva-isporuka-covax-vakcina-stigla-u-crnu-goru\/"},"author":{"name":"mkajic","@id":"https:\/\/www.evropskakuca.me\/me\/#\/schema\/person\/a1d0dcdaefe4a1cd1d60d200ea137ba4"},"headline":"Prva isporuka COVAX vakcina stigla u Crnu Goru","datePublished":"2021-03-28T19:09:00+00:00","mainEntityOfPage":{"@id":"https:\/\/www.evropskakuca.me\/me\/prva-isporuka-covax-vakcina-stigla-u-crnu-goru\/"},"wordCount":211,"publisher":{"@id":"https:\/\/www.evropskakuca.me\/me\/#organization"},"image":{"@id":"https:\/\/www.evropskakuca.me\/me\/prva-isporuka-covax-vakcina-stigla-u-crnu-goru\/#primaryimage"},"thumbnailUrl":"https:\/\/www.evropskakuca.me\/wp-content\/uploads\/2015\/06\/2.jpg","articleSection":["Koronavirusa"],"inLanguage":"me-ME"},{"@type":"WebPage","@id":"https:\/\/www.evropskakuca.me\/me\/prva-isporuka-covax-vakcina-stigla-u-crnu-goru\/","url":"https:\/\/www.evropskakuca.me\/me\/prva-isporuka-covax-vakcina-stigla-u-crnu-goru\/","name":"Prva isporuka COVAX vakcina stigla u Crnu Goru - Europe House","isPartOf":{"@id":"https:\/\/www.evropskakuca.me\/me\/#website"},"primaryImageOfPage":{"@id":"https:\/\/www.evropskakuca.me\/me\/prva-isporuka-covax-vakcina-stigla-u-crnu-goru\/#primaryimage"},"image":{"@id":"https:\/\/www.evropskakuca.me\/me\/prva-isporuka-covax-vakcina-stigla-u-crnu-goru\/#primaryimage"},"thumbnailUrl":"https:\/\/www.evropskakuca.me\/wp-content\/uploads\/2015\/06\/2.jpg","datePublished":"2021-03-28T19:09:00+00:00","breadcrumb":{"@id":"https:\/\/www.evropskakuca.me\/me\/prva-isporuka-covax-vakcina-stigla-u-crnu-goru\/#breadcrumb"},"inLanguage":"me-ME","potentialAction":[{"@type":"ReadAction","target":["https:\/\/www.evropskakuca.me\/me\/prva-isporuka-covax-vakcina-stigla-u-crnu-goru\/"]}]},{"@type":"ImageObject","inLanguage":"me-ME","@id":"https:\/\/www.evropskakuca.me\/me\/prva-isporuka-covax-vakcina-stigla-u-crnu-goru\/#primaryimage","url":"https:\/\/www.evropskakuca.me\/wp-content\/uploads\/2015\/06\/2.jpg","contentUrl":"https:\/\/www.evropskakuca.me\/wp-content\/uploads\/2015\/06\/2.jpg","width":560,"height":352},{"@type":"BreadcrumbList","@id":"https:\/\/www.evropskakuca.me\/me\/prva-isporuka-covax-vakcina-stigla-u-crnu-goru\/#breadcrumb","itemListElement":[{"@type":"ListItem","position":1,"name":"Home","item":"https:\/\/www.evropskakuca.me\/me\/"},{"@type":"ListItem","position":2,"name":"Prva isporuka COVAX vakcina stigla u Crnu Goru"}]},{"@type":"WebSite","@id":"https:\/\/www.evropskakuca.me\/me\/#website","url":"https:\/\/www.evropskakuca.me\/me\/","name":"Evropean house","description":"","publisher":{"@id":"https:\/\/www.evropskakuca.me\/me\/#organization"},"potentialAction":[{"@type":"SearchAction","target":{"@type":"EntryPoint","urlTemplate":"https:\/\/www.evropskakuca.me\/me\/?s={search_term_string}"},"query-input":{"@type":"PropertyValueSpecification","valueRequired":true,"valueName":"search_term_string"}}],"inLanguage":"me-ME"},{"@type":"Organization","@id":"https:\/\/www.evropskakuca.me\/me\/#organization","name":"Evropean house","url":"https:\/\/www.evropskakuca.me\/me\/","logo":{"@type":"ImageObject","inLanguage":"me-ME","@id":"https:\/\/www.evropskakuca.me\/me\/#\/schema\/logo\/image\/","url":"https:\/\/www.evropskakuca.me\/wp-content\/uploads\/2025\/01\/evropska-kuca-logo-1.png","contentUrl":"https:\/\/www.evropskakuca.me\/wp-content\/uploads\/2025\/01\/evropska-kuca-logo-1.png","width":425,"height":312,"caption":"Evropean house"},"image":{"@id":"https:\/\/www.evropskakuca.me\/me\/#\/schema\/logo\/image\/"},"sameAs":["https:\/\/www.facebook.com\/evropska.kuca","https:\/\/x.com\/evropska_kuca","https:\/\/www.instagram.com\/evropska_kuca"]},{"@type":"Person","@id":"https:\/\/www.evropskakuca.me\/me\/#\/schema\/person\/a1d0dcdaefe4a1cd1d60d200ea137ba4","name":"mkajic","image":{"@type":"ImageObject","inLanguage":"me-ME","@id":"https:\/\/secure.gravatar.com\/avatar\/731fa035cefab7316e6bafd1f25a93fb731a07de14e2d9923f8db4422628eabc?s=96&d=mm&r=g","url":"https:\/\/secure.gravatar.com\/avatar\/731fa035cefab7316e6bafd1f25a93fb731a07de14e2d9923f8db4422628eabc?s=96&d=mm&r=g","contentUrl":"https:\/\/secure.gravatar.com\/avatar\/731fa035cefab7316e6bafd1f25a93fb731a07de14e2d9923f8db4422628eabc?s=96&d=mm&r=g","caption":"mkajic"},"sameAs":["https:\/\/evropskakuca.me"],"url":"https:\/\/www.evropskakuca.me\/me\/author\/mkajic\/"}]}},"_links":{"self":[{"href":"https:\/\/www.evropskakuca.me\/me\/wp-json\/wp\/v2\/posts\/10967","targetHints":{"allow":["GET"]}}],"collection":[{"href":"https:\/\/www.evropskakuca.me\/me\/wp-json\/wp\/v2\/posts"}],"about":[{"href":"https:\/\/www.evropskakuca.me\/me\/wp-json\/wp\/v2\/types\/post"}],"author":[{"embeddable":true,"href":"https:\/\/www.evropskakuca.me\/me\/wp-json\/wp\/v2\/users\/1"}],"replies":[{"embeddable":true,"href":"https:\/\/www.evropskakuca.me\/me\/wp-json\/wp\/v2\/comments?post=10967"}],"version-history":[{"count":0,"href":"https:\/\/www.evropskakuca.me\/me\/wp-json\/wp\/v2\/posts\/10967\/revisions"}],"wp:featuredmedia":[{"embeddable":true,"href":"https:\/\/www.evropskakuca.me\/me\/wp-json\/wp\/v2\/media\/31192"}],"wp:attachment":[{"href":"https:\/\/www.evropskakuca.me\/me\/wp-json\/wp\/v2\/media?parent=10967"}],"wp:term":[{"taxonomy":"category","embeddable":true,"href":"https:\/\/www.evropskakuca.me\/me\/wp-json\/wp\/v2\/categories?post=10967"},{"taxonomy":"post_tag","embeddable":true,"href":"https:\/\/www.evropskakuca.me\/me\/wp-json\/wp\/v2\/tags?post=10967"}],"curies":[{"name":"wp","href":"https:\/\/api.w.org\/{rel}","templated":true}]}}