{"id":10924,"date":"2020-09-11T09:04:42","date_gmt":"2020-09-11T09:04:42","guid":{"rendered":"http:\/\/www.evropskakuca.me\/?p=10924"},"modified":"2020-09-11T09:04:42","modified_gmt":"2020-09-11T09:04:42","slug":"dezinformacije-eu-procjenjuje-kodeks-prakse-i-objavljuje-izvjestaje-platforma-o-dezinformacijama-povezanim-sa-koronavirusom","status":"publish","type":"post","link":"https:\/\/www.evropskakuca.me\/me\/dezinformacije-eu-procjenjuje-kodeks-prakse-i-objavljuje-izvjestaje-platforma-o-dezinformacijama-povezanim-sa-koronavirusom\/","title":{"rendered":"Dezinformacije: EU procjenjuje Kodeks prakse i objavljuje izvje\u0161taje platforma o dezinformacijama povezanim sa koronavirusom"},"content":{"rendered":"<p>Komisija predstavlja procjenu primjene i efikasnosti Kodeksa o dezinformacijama. Procjena pokazuje da se Kodeks pokazao kao vrlo vrijedan instrument, prvi takve vrste u svijetu, te da je pru\u017eio okvir za strukturisani dijalog izme\u0111u relevantnih sudionika kako bi se osigurala ve\u0107a transparentnost politika platformi protiv dezinformacija unutar EU. U isto vrijeme, procjena isti\u010de odre\u0111ene nedostatke uglavnom zbog samoregulativne prirode Kodeksa.<\/p>\n<p>V\u011bra Jourov\u00e1, potpredsjednica za vrijednosti i transparentnost, rekla je: \u201cKodeks prakse pokazao je da mre\u017ene platforme i sektor ogla\u0161avanja mogu mnogo u\u010diniti na suzbijanju dezinformacija kada se stave pod lupu javnosti. Ali platforme moraju biti odgovorne i jo\u0161 odgovornije; one moraju postati transparentnije. Do\u0161lo je vrijeme da se ide dalje od mjera samoregulacije. Evropa je u najboljem polo\u017eaju da predvodi i predla\u017ee instrumente za otporniju i po\u0161teniju demokratiju u sve digitalnijem svijetu. &#8221;<\/p>\n<p>Thierry Breton, komesar za unutarnje tr\u017ei\u0161te, rekao je: \u201cOrganizacija i sigurnost na\u0161eg digitalnog informacijskog prostora postalo je prioritet. Kodeks je jasan primjer kako javne institucije mogu efikasnije sara\u0111ivati \u200b\u200bs tehnolo\u0161kim kompanijama kako bi donijele stvarne koristi na\u0161em dru\u0161tvu. To je jedinstveni alat za Evropu da bude asertivna u odbrani svojih interesa i vrijednosti. Borba protiv dezinformacija zajedni\u010dka je odgovornost, koju sektor tehnologije i ogla\u0161avanja mora u potpunosti preuzeti.&#8221;<\/p>\n<p>Komisija, uz pomo\u0107 Evropske regulatorne grupe za audiovizuelne medijske usluge (ERGA), sara\u0111uje sa mre\u017enim platformama i udru\u017eenjima za ogla\u0161avanje kako bi nadgledala sprovo\u0111enje obaveza utvr\u0111enih Kodeksom prakse o dezinformacijama. Procjena Kodeksa pokriva po\u010detnih 12 mjeseci rada. Donijela je pozitivne ishode. Posebno je pove\u0107ana odgovornost platformi i javni nadzor nad mjerama koje su potpisnici preduzeli u borbi protiv dezinformacija unutar EU. Me\u0111utim, kvalitet informacija koje otkrivaju potpisnici Kodeksa jo\u0161 uvijek je nedovoljan i nedostaci ograni\u010davaju djelotvornost Kodeksa.<\/p>\n<p>Procjena je utvrdila sljede\u0107e nedostatke:<\/p>\n<ul>\n<li>odsustvo relevantnih klju\u010dnih pokazatelja u\u010dinka (KPI) za procjenu efikasnosti politika platformi za suzbijanje pojave;<\/li>\n<li>nedostatak jasnijih postupaka, zajedni\u010dke definicije i preciznijih obaveza;<\/li>\n<li>nedostatak pristupa podacima koji omogu\u0107avaju nezavisnu procjenu novih trendova i prijetnji koje predstavljaju mre\u017ene dezinformacije;<\/li>\n<li>nedostaje strukturirana saradnja izme\u0111u platformi i istra\u017eiva\u010dke zajednice;<\/li>\n<li>potreba za uklju\u010divanjem drugih relevantnih sudionika, posebno iz sektora ogla\u0161avanja.<\/li>\n<\/ul>\n<p><b>Izvje\u0161taji o radnjama preduzetim u borbi protiv dezinformacija povezanih sa koronavirusom<\/b><\/p>\n<p>Od izbijanja pandemije i \u201einfodemije\u201c koronavirusa, Komisija je utvrdila uravnote\u017een i sveobuhvatan evropski pristup dezinformacijama povezanim s koronavirusom u Zajedni\u010dkoj komunikaciji od 10. juna 2020. godine i bila je u bliskom kontaktu s platformama koje se pridr\u017eavaju Kodeksa prakse kako bi se osiguralo da su njegove za\u0161titne mjere efikasno primijenjene.<\/p>\n<p>Platforme su pokazale da mogu dalje pobolj\u0161ati svoje performanse u odnosu na ono \u0161to je prethodno postignuto prema Kodeksu. Preduzete mjere dovele su do konkretnih i mjerljivih rezultata, tj. Pove\u0107anja va\u017enosti u mjerodavnim izvorima informacija i dostupnosti novih alata korisnicima za kriti\u010dku procjenu internetskog sadr\u017eaja i prijavljivanje mogu\u0107ih zloupotreba. Kriza je tako\u0111e rezultirala poja\u010danom saradnjom s osobama koje provjeravaju \u010dinjenice i istra\u017eiva\u010dima i, u odre\u0111enim slu\u010dajevima, smanjenjem ili uklanjanjem sadr\u017eaja provjerenog kao la\u017enog ili obmanjuju\u0107eg i potencijalno \u0161tetnog po zdravlje ljudi.<\/p>\n<p>Stoga, uz ocjenu Kodeksa prakse, Komisija objavljuje i prve osnovne izvje\u0161taje o radnjama preduzetim od strane potpisnika Kodeksa u borbi protiv la\u017enih i obmanjuju\u0107ih informacija povezanih s koronavirusom do 31. jula. To uklju\u010duje inicijative za:<\/p>\n<p>Promovisati i dati vidljivost autoritativnim sadr\u017eajima na nivou EU i dr\u017eava \u010dlanica. Na primjer, Google Search istakao je \u010dlanke koje su objavile organizacije za provjeru \u010dinjenica EU, koje su generisale vi\u0161e od 155 miliona utisaka u prvoj polovini 2020. godine, a LinkedIn je poslao &#8220;European Daily Rundown&#8221;,\u00a0 sa\u017eetak vijesti iskusnih novinara, do skoro 10 miliona zainteresovanih \u010dlanova iz\u00a0 EU.<\/p>\n<p>pobolj\u0161ati svijest korisnika: Facebook i Instagram usmjerili su vi\u0161e od 2 milijarde ljudi na resurse zdravstvenih vlasti, uklju\u010duju\u0107i SZO.<\/p>\n<p>Otkrivanje i ometanje manipulativnog pona\u0161anja: Twitter je provjerio vi\u0161e od 3,4 miliona sumnjivih ra\u010duna \u010diji je cilj rasprava o koronavirusu.<\/p>\n<p>Ograni\u010diti ogla\u0161avanje povezano s dezinformacijama o koronavirusu kako bi sprije\u010dili ogla\u0161iva\u010de da ih kapitaliziraju. Sve su platforme omogu\u0107ile oglase u vezi sa koronavirusom od strane javnih zdravstvenih vlasti i zdravstvenih organizacija.<\/p>\n<p>Rade\u0107i na zajedni\u010dkoj komunikaciji, Komisija \u0107e na mjese\u010dnom nivou okupljati specifi\u010dne pokazatelje sa platformi za pra\u0107enje djelotvornosti i uticaja njihovih politika u suzbijanju \u0161irenja dezinformacija povezanih s pandemijom koronavirusa.<\/p>\n<p>Baziraju\u0107i se na akcijama navedenim u Zajedni\u010dkoj komunikaciji, i rje\u0161avaju\u0107i nedostatke utvr\u0111ene u procjeni Kodeksa, Komisija \u0107e pru\u017eiti svoj sveobuhvatan pristup predstavljanjem dvije komplementarne inicijative do kraja godine: Akcionog plana za evropsku demokratiju i Paket zakona o digitalnim uslugama. Dalje \u0107e oja\u010dati rad EU na suzbijanju dezinformacija i adaptaciji na \u0161irenje prijetnji i manipulacija, podr\u017eati slobodne i nezavisne medije, bolje regulisati digitalni informativni prostor i nadograditi osnovna pravila za sve internetske usluge.<\/p>\n","protected":false},"excerpt":{"rendered":"<p>Komisija predstavlja procjenu primjene i efikasnosti Kodeksa o dezinformacijama. Procjena pokazuje da se Kodeks pokazao kao vrlo vrijedan instrument, prvi takve vrste u svijetu, te da je pru\u017eio okvir za strukturisani dijalog izme\u0111u relevantnih sudionika kako bi se osigurala ve\u0107a transparentnost politika platformi protiv dezinformacija unutar EU. U isto vrijeme, procjena isti\u010de odre\u0111ene nedostatke uglavnom [&hellip;]<\/p>\n","protected":false},"author":1,"featured_media":35844,"comment_status":"closed","ping_status":"closed","sticky":false,"template":"","format":"standard","meta":{"_acf_changed":false,"footnotes":""},"categories":[287],"tags":[],"class_list":["post-10924","post","type-post","status-publish","format-standard","has-post-thumbnail","hentry","category-koronavirusa"],"acf":[],"yoast_head":"<!-- This site is optimized with the Yoast SEO plugin v27.3 - https:\/\/yoast.com\/product\/yoast-seo-wordpress\/ -->\n<title>Dezinformacije: EU procjenjuje Kodeks prakse i objavljuje izvje\u0161taje platforma o dezinformacijama povezanim sa koronavirusom - Europe House<\/title>\n<meta name=\"robots\" content=\"index, follow, max-snippet:-1, max-image-preview:large, max-video-preview:-1\" \/>\n<link rel=\"canonical\" href=\"https:\/\/www.evropskakuca.me\/me\/dezinformacije-eu-procjenjuje-kodeks-prakse-i-objavljuje-izvjestaje-platforma-o-dezinformacijama-povezanim-sa-koronavirusom\/\" \/>\n<meta property=\"og:locale\" content=\"en_US\" \/>\n<meta property=\"og:type\" content=\"article\" \/>\n<meta property=\"og:title\" content=\"Dezinformacije: EU procjenjuje Kodeks prakse i objavljuje izvje\u0161taje platforma o dezinformacijama povezanim sa koronavirusom - Europe House\" \/>\n<meta property=\"og:description\" content=\"Komisija predstavlja procjenu primjene i efikasnosti Kodeksa o dezinformacijama. Procjena pokazuje da se Kodeks pokazao kao vrlo vrijedan instrument, prvi takve vrste u svijetu, te da je pru\u017eio okvir za strukturisani dijalog izme\u0111u relevantnih sudionika kako bi se osigurala ve\u0107a transparentnost politika platformi protiv dezinformacija unutar EU. U isto vrijeme, procjena isti\u010de odre\u0111ene nedostatke uglavnom [&hellip;]\" \/>\n<meta property=\"og:url\" content=\"https:\/\/www.evropskakuca.me\/me\/dezinformacije-eu-procjenjuje-kodeks-prakse-i-objavljuje-izvjestaje-platforma-o-dezinformacijama-povezanim-sa-koronavirusom\/\" \/>\n<meta property=\"og:site_name\" content=\"Europe House\" \/>\n<meta property=\"article:publisher\" content=\"https:\/\/www.facebook.com\/evropska.kuca\" \/>\n<meta property=\"article:published_time\" content=\"2020-09-11T09:04:42+00:00\" \/>\n<meta property=\"og:image\" content=\"https:\/\/www.evropskakuca.me\/wp-content\/uploads\/2021\/03\/disinformation_digi_copy_39334_111.jpg\" \/>\n\t<meta property=\"og:image:width\" content=\"750\" \/>\n\t<meta property=\"og:image:height\" content=\"422\" \/>\n\t<meta property=\"og:image:type\" content=\"image\/jpeg\" \/>\n<meta name=\"author\" content=\"mkajic\" \/>\n<meta name=\"twitter:card\" content=\"summary_large_image\" \/>\n<meta name=\"twitter:creator\" content=\"@evropska_kuca\" \/>\n<meta name=\"twitter:site\" content=\"@evropska_kuca\" \/>\n<meta name=\"twitter:label1\" content=\"Written by\" \/>\n\t<meta name=\"twitter:data1\" content=\"mkajic\" \/>\n\t<meta name=\"twitter:label2\" content=\"Est. reading time\" \/>\n\t<meta name=\"twitter:data2\" content=\"4 minutes\" \/>\n<script type=\"application\/ld+json\" class=\"yoast-schema-graph\">{\"@context\":\"https:\\\/\\\/schema.org\",\"@graph\":[{\"@type\":\"Article\",\"@id\":\"https:\\\/\\\/www.evropskakuca.me\\\/me\\\/dezinformacije-eu-procjenjuje-kodeks-prakse-i-objavljuje-izvjestaje-platforma-o-dezinformacijama-povezanim-sa-koronavirusom\\\/#article\",\"isPartOf\":{\"@id\":\"https:\\\/\\\/www.evropskakuca.me\\\/me\\\/dezinformacije-eu-procjenjuje-kodeks-prakse-i-objavljuje-izvjestaje-platforma-o-dezinformacijama-povezanim-sa-koronavirusom\\\/\"},\"author\":{\"name\":\"mkajic\",\"@id\":\"https:\\\/\\\/www.evropskakuca.me\\\/me\\\/#\\\/schema\\\/person\\\/a1d0dcdaefe4a1cd1d60d200ea137ba4\"},\"headline\":\"Dezinformacije: EU procjenjuje Kodeks prakse i objavljuje izvje\u0161taje platforma o dezinformacijama povezanim sa koronavirusom\",\"datePublished\":\"2020-09-11T09:04:42+00:00\",\"mainEntityOfPage\":{\"@id\":\"https:\\\/\\\/www.evropskakuca.me\\\/me\\\/dezinformacije-eu-procjenjuje-kodeks-prakse-i-objavljuje-izvjestaje-platforma-o-dezinformacijama-povezanim-sa-koronavirusom\\\/\"},\"wordCount\":845,\"publisher\":{\"@id\":\"https:\\\/\\\/www.evropskakuca.me\\\/me\\\/#organization\"},\"image\":{\"@id\":\"https:\\\/\\\/www.evropskakuca.me\\\/me\\\/dezinformacije-eu-procjenjuje-kodeks-prakse-i-objavljuje-izvjestaje-platforma-o-dezinformacijama-povezanim-sa-koronavirusom\\\/#primaryimage\"},\"thumbnailUrl\":\"https:\\\/\\\/www.evropskakuca.me\\\/wp-content\\\/uploads\\\/2021\\\/03\\\/disinformation_digi_copy_39334_111.jpg\",\"articleSection\":[\"Koronavirusa\"],\"inLanguage\":\"me-ME\"},{\"@type\":\"WebPage\",\"@id\":\"https:\\\/\\\/www.evropskakuca.me\\\/me\\\/dezinformacije-eu-procjenjuje-kodeks-prakse-i-objavljuje-izvjestaje-platforma-o-dezinformacijama-povezanim-sa-koronavirusom\\\/\",\"url\":\"https:\\\/\\\/www.evropskakuca.me\\\/me\\\/dezinformacije-eu-procjenjuje-kodeks-prakse-i-objavljuje-izvjestaje-platforma-o-dezinformacijama-povezanim-sa-koronavirusom\\\/\",\"name\":\"Dezinformacije: EU procjenjuje Kodeks prakse i objavljuje izvje\u0161taje platforma o dezinformacijama povezanim sa koronavirusom - Europe House\",\"isPartOf\":{\"@id\":\"https:\\\/\\\/www.evropskakuca.me\\\/me\\\/#website\"},\"primaryImageOfPage\":{\"@id\":\"https:\\\/\\\/www.evropskakuca.me\\\/me\\\/dezinformacije-eu-procjenjuje-kodeks-prakse-i-objavljuje-izvjestaje-platforma-o-dezinformacijama-povezanim-sa-koronavirusom\\\/#primaryimage\"},\"image\":{\"@id\":\"https:\\\/\\\/www.evropskakuca.me\\\/me\\\/dezinformacije-eu-procjenjuje-kodeks-prakse-i-objavljuje-izvjestaje-platforma-o-dezinformacijama-povezanim-sa-koronavirusom\\\/#primaryimage\"},\"thumbnailUrl\":\"https:\\\/\\\/www.evropskakuca.me\\\/wp-content\\\/uploads\\\/2021\\\/03\\\/disinformation_digi_copy_39334_111.jpg\",\"datePublished\":\"2020-09-11T09:04:42+00:00\",\"breadcrumb\":{\"@id\":\"https:\\\/\\\/www.evropskakuca.me\\\/me\\\/dezinformacije-eu-procjenjuje-kodeks-prakse-i-objavljuje-izvjestaje-platforma-o-dezinformacijama-povezanim-sa-koronavirusom\\\/#breadcrumb\"},\"inLanguage\":\"me-ME\",\"potentialAction\":[{\"@type\":\"ReadAction\",\"target\":[\"https:\\\/\\\/www.evropskakuca.me\\\/me\\\/dezinformacije-eu-procjenjuje-kodeks-prakse-i-objavljuje-izvjestaje-platforma-o-dezinformacijama-povezanim-sa-koronavirusom\\\/\"]}]},{\"@type\":\"ImageObject\",\"inLanguage\":\"me-ME\",\"@id\":\"https:\\\/\\\/www.evropskakuca.me\\\/me\\\/dezinformacije-eu-procjenjuje-kodeks-prakse-i-objavljuje-izvjestaje-platforma-o-dezinformacijama-povezanim-sa-koronavirusom\\\/#primaryimage\",\"url\":\"https:\\\/\\\/www.evropskakuca.me\\\/wp-content\\\/uploads\\\/2021\\\/03\\\/disinformation_digi_copy_39334_111.jpg\",\"contentUrl\":\"https:\\\/\\\/www.evropskakuca.me\\\/wp-content\\\/uploads\\\/2021\\\/03\\\/disinformation_digi_copy_39334_111.jpg\",\"width\":750,\"height\":422},{\"@type\":\"BreadcrumbList\",\"@id\":\"https:\\\/\\\/www.evropskakuca.me\\\/me\\\/dezinformacije-eu-procjenjuje-kodeks-prakse-i-objavljuje-izvjestaje-platforma-o-dezinformacijama-povezanim-sa-koronavirusom\\\/#breadcrumb\",\"itemListElement\":[{\"@type\":\"ListItem\",\"position\":1,\"name\":\"Home\",\"item\":\"https:\\\/\\\/www.evropskakuca.me\\\/me\\\/\"},{\"@type\":\"ListItem\",\"position\":2,\"name\":\"Dezinformacije: EU procjenjuje Kodeks prakse i objavljuje izvje\u0161taje platforma o dezinformacijama povezanim sa koronavirusom\"}]},{\"@type\":\"WebSite\",\"@id\":\"https:\\\/\\\/www.evropskakuca.me\\\/me\\\/#website\",\"url\":\"https:\\\/\\\/www.evropskakuca.me\\\/me\\\/\",\"name\":\"Evropean house\",\"description\":\"\",\"publisher\":{\"@id\":\"https:\\\/\\\/www.evropskakuca.me\\\/me\\\/#organization\"},\"potentialAction\":[{\"@type\":\"SearchAction\",\"target\":{\"@type\":\"EntryPoint\",\"urlTemplate\":\"https:\\\/\\\/www.evropskakuca.me\\\/me\\\/?s={search_term_string}\"},\"query-input\":{\"@type\":\"PropertyValueSpecification\",\"valueRequired\":true,\"valueName\":\"search_term_string\"}}],\"inLanguage\":\"me-ME\"},{\"@type\":\"Organization\",\"@id\":\"https:\\\/\\\/www.evropskakuca.me\\\/me\\\/#organization\",\"name\":\"Evropean house\",\"url\":\"https:\\\/\\\/www.evropskakuca.me\\\/me\\\/\",\"logo\":{\"@type\":\"ImageObject\",\"inLanguage\":\"me-ME\",\"@id\":\"https:\\\/\\\/www.evropskakuca.me\\\/me\\\/#\\\/schema\\\/logo\\\/image\\\/\",\"url\":\"https:\\\/\\\/www.evropskakuca.me\\\/wp-content\\\/uploads\\\/2025\\\/01\\\/evropska-kuca-logo-1.png\",\"contentUrl\":\"https:\\\/\\\/www.evropskakuca.me\\\/wp-content\\\/uploads\\\/2025\\\/01\\\/evropska-kuca-logo-1.png\",\"width\":425,\"height\":312,\"caption\":\"Evropean house\"},\"image\":{\"@id\":\"https:\\\/\\\/www.evropskakuca.me\\\/me\\\/#\\\/schema\\\/logo\\\/image\\\/\"},\"sameAs\":[\"https:\\\/\\\/www.facebook.com\\\/evropska.kuca\",\"https:\\\/\\\/x.com\\\/evropska_kuca\",\"https:\\\/\\\/www.instagram.com\\\/evropska_kuca\"]},{\"@type\":\"Person\",\"@id\":\"https:\\\/\\\/www.evropskakuca.me\\\/me\\\/#\\\/schema\\\/person\\\/a1d0dcdaefe4a1cd1d60d200ea137ba4\",\"name\":\"mkajic\",\"image\":{\"@type\":\"ImageObject\",\"inLanguage\":\"me-ME\",\"@id\":\"https:\\\/\\\/secure.gravatar.com\\\/avatar\\\/731fa035cefab7316e6bafd1f25a93fb731a07de14e2d9923f8db4422628eabc?s=96&d=mm&r=g\",\"url\":\"https:\\\/\\\/secure.gravatar.com\\\/avatar\\\/731fa035cefab7316e6bafd1f25a93fb731a07de14e2d9923f8db4422628eabc?s=96&d=mm&r=g\",\"contentUrl\":\"https:\\\/\\\/secure.gravatar.com\\\/avatar\\\/731fa035cefab7316e6bafd1f25a93fb731a07de14e2d9923f8db4422628eabc?s=96&d=mm&r=g\",\"caption\":\"mkajic\"},\"sameAs\":[\"https:\\\/\\\/evropskakuca.me\"],\"url\":\"https:\\\/\\\/www.evropskakuca.me\\\/me\\\/author\\\/mkajic\\\/\"}]}<\/script>\n<!-- \/ Yoast SEO plugin. -->","yoast_head_json":{"title":"Dezinformacije: EU procjenjuje Kodeks prakse i objavljuje izvje\u0161taje platforma o dezinformacijama povezanim sa koronavirusom - Europe House","robots":{"index":"index","follow":"follow","max-snippet":"max-snippet:-1","max-image-preview":"max-image-preview:large","max-video-preview":"max-video-preview:-1"},"canonical":"https:\/\/www.evropskakuca.me\/me\/dezinformacije-eu-procjenjuje-kodeks-prakse-i-objavljuje-izvjestaje-platforma-o-dezinformacijama-povezanim-sa-koronavirusom\/","og_locale":"en_US","og_type":"article","og_title":"Dezinformacije: EU procjenjuje Kodeks prakse i objavljuje izvje\u0161taje platforma o dezinformacijama povezanim sa koronavirusom - Europe House","og_description":"Komisija predstavlja procjenu primjene i efikasnosti Kodeksa o dezinformacijama. Procjena pokazuje da se Kodeks pokazao kao vrlo vrijedan instrument, prvi takve vrste u svijetu, te da je pru\u017eio okvir za strukturisani dijalog izme\u0111u relevantnih sudionika kako bi se osigurala ve\u0107a transparentnost politika platformi protiv dezinformacija unutar EU. U isto vrijeme, procjena isti\u010de odre\u0111ene nedostatke uglavnom [&hellip;]","og_url":"https:\/\/www.evropskakuca.me\/me\/dezinformacije-eu-procjenjuje-kodeks-prakse-i-objavljuje-izvjestaje-platforma-o-dezinformacijama-povezanim-sa-koronavirusom\/","og_site_name":"Europe House","article_publisher":"https:\/\/www.facebook.com\/evropska.kuca","article_published_time":"2020-09-11T09:04:42+00:00","og_image":[{"width":750,"height":422,"url":"https:\/\/www.evropskakuca.me\/wp-content\/uploads\/2021\/03\/disinformation_digi_copy_39334_111.jpg","type":"image\/jpeg"}],"author":"mkajic","twitter_card":"summary_large_image","twitter_creator":"@evropska_kuca","twitter_site":"@evropska_kuca","twitter_misc":{"Written by":"mkajic","Est. reading time":"4 minutes"},"schema":{"@context":"https:\/\/schema.org","@graph":[{"@type":"Article","@id":"https:\/\/www.evropskakuca.me\/me\/dezinformacije-eu-procjenjuje-kodeks-prakse-i-objavljuje-izvjestaje-platforma-o-dezinformacijama-povezanim-sa-koronavirusom\/#article","isPartOf":{"@id":"https:\/\/www.evropskakuca.me\/me\/dezinformacije-eu-procjenjuje-kodeks-prakse-i-objavljuje-izvjestaje-platforma-o-dezinformacijama-povezanim-sa-koronavirusom\/"},"author":{"name":"mkajic","@id":"https:\/\/www.evropskakuca.me\/me\/#\/schema\/person\/a1d0dcdaefe4a1cd1d60d200ea137ba4"},"headline":"Dezinformacije: EU procjenjuje Kodeks prakse i objavljuje izvje\u0161taje platforma o dezinformacijama povezanim sa koronavirusom","datePublished":"2020-09-11T09:04:42+00:00","mainEntityOfPage":{"@id":"https:\/\/www.evropskakuca.me\/me\/dezinformacije-eu-procjenjuje-kodeks-prakse-i-objavljuje-izvjestaje-platforma-o-dezinformacijama-povezanim-sa-koronavirusom\/"},"wordCount":845,"publisher":{"@id":"https:\/\/www.evropskakuca.me\/me\/#organization"},"image":{"@id":"https:\/\/www.evropskakuca.me\/me\/dezinformacije-eu-procjenjuje-kodeks-prakse-i-objavljuje-izvjestaje-platforma-o-dezinformacijama-povezanim-sa-koronavirusom\/#primaryimage"},"thumbnailUrl":"https:\/\/www.evropskakuca.me\/wp-content\/uploads\/2021\/03\/disinformation_digi_copy_39334_111.jpg","articleSection":["Koronavirusa"],"inLanguage":"me-ME"},{"@type":"WebPage","@id":"https:\/\/www.evropskakuca.me\/me\/dezinformacije-eu-procjenjuje-kodeks-prakse-i-objavljuje-izvjestaje-platforma-o-dezinformacijama-povezanim-sa-koronavirusom\/","url":"https:\/\/www.evropskakuca.me\/me\/dezinformacije-eu-procjenjuje-kodeks-prakse-i-objavljuje-izvjestaje-platforma-o-dezinformacijama-povezanim-sa-koronavirusom\/","name":"Dezinformacije: EU procjenjuje Kodeks prakse i objavljuje izvje\u0161taje platforma o dezinformacijama povezanim sa koronavirusom - Europe House","isPartOf":{"@id":"https:\/\/www.evropskakuca.me\/me\/#website"},"primaryImageOfPage":{"@id":"https:\/\/www.evropskakuca.me\/me\/dezinformacije-eu-procjenjuje-kodeks-prakse-i-objavljuje-izvjestaje-platforma-o-dezinformacijama-povezanim-sa-koronavirusom\/#primaryimage"},"image":{"@id":"https:\/\/www.evropskakuca.me\/me\/dezinformacije-eu-procjenjuje-kodeks-prakse-i-objavljuje-izvjestaje-platforma-o-dezinformacijama-povezanim-sa-koronavirusom\/#primaryimage"},"thumbnailUrl":"https:\/\/www.evropskakuca.me\/wp-content\/uploads\/2021\/03\/disinformation_digi_copy_39334_111.jpg","datePublished":"2020-09-11T09:04:42+00:00","breadcrumb":{"@id":"https:\/\/www.evropskakuca.me\/me\/dezinformacije-eu-procjenjuje-kodeks-prakse-i-objavljuje-izvjestaje-platforma-o-dezinformacijama-povezanim-sa-koronavirusom\/#breadcrumb"},"inLanguage":"me-ME","potentialAction":[{"@type":"ReadAction","target":["https:\/\/www.evropskakuca.me\/me\/dezinformacije-eu-procjenjuje-kodeks-prakse-i-objavljuje-izvjestaje-platforma-o-dezinformacijama-povezanim-sa-koronavirusom\/"]}]},{"@type":"ImageObject","inLanguage":"me-ME","@id":"https:\/\/www.evropskakuca.me\/me\/dezinformacije-eu-procjenjuje-kodeks-prakse-i-objavljuje-izvjestaje-platforma-o-dezinformacijama-povezanim-sa-koronavirusom\/#primaryimage","url":"https:\/\/www.evropskakuca.me\/wp-content\/uploads\/2021\/03\/disinformation_digi_copy_39334_111.jpg","contentUrl":"https:\/\/www.evropskakuca.me\/wp-content\/uploads\/2021\/03\/disinformation_digi_copy_39334_111.jpg","width":750,"height":422},{"@type":"BreadcrumbList","@id":"https:\/\/www.evropskakuca.me\/me\/dezinformacije-eu-procjenjuje-kodeks-prakse-i-objavljuje-izvjestaje-platforma-o-dezinformacijama-povezanim-sa-koronavirusom\/#breadcrumb","itemListElement":[{"@type":"ListItem","position":1,"name":"Home","item":"https:\/\/www.evropskakuca.me\/me\/"},{"@type":"ListItem","position":2,"name":"Dezinformacije: EU procjenjuje Kodeks prakse i objavljuje izvje\u0161taje platforma o dezinformacijama povezanim sa koronavirusom"}]},{"@type":"WebSite","@id":"https:\/\/www.evropskakuca.me\/me\/#website","url":"https:\/\/www.evropskakuca.me\/me\/","name":"Evropean house","description":"","publisher":{"@id":"https:\/\/www.evropskakuca.me\/me\/#organization"},"potentialAction":[{"@type":"SearchAction","target":{"@type":"EntryPoint","urlTemplate":"https:\/\/www.evropskakuca.me\/me\/?s={search_term_string}"},"query-input":{"@type":"PropertyValueSpecification","valueRequired":true,"valueName":"search_term_string"}}],"inLanguage":"me-ME"},{"@type":"Organization","@id":"https:\/\/www.evropskakuca.me\/me\/#organization","name":"Evropean house","url":"https:\/\/www.evropskakuca.me\/me\/","logo":{"@type":"ImageObject","inLanguage":"me-ME","@id":"https:\/\/www.evropskakuca.me\/me\/#\/schema\/logo\/image\/","url":"https:\/\/www.evropskakuca.me\/wp-content\/uploads\/2025\/01\/evropska-kuca-logo-1.png","contentUrl":"https:\/\/www.evropskakuca.me\/wp-content\/uploads\/2025\/01\/evropska-kuca-logo-1.png","width":425,"height":312,"caption":"Evropean house"},"image":{"@id":"https:\/\/www.evropskakuca.me\/me\/#\/schema\/logo\/image\/"},"sameAs":["https:\/\/www.facebook.com\/evropska.kuca","https:\/\/x.com\/evropska_kuca","https:\/\/www.instagram.com\/evropska_kuca"]},{"@type":"Person","@id":"https:\/\/www.evropskakuca.me\/me\/#\/schema\/person\/a1d0dcdaefe4a1cd1d60d200ea137ba4","name":"mkajic","image":{"@type":"ImageObject","inLanguage":"me-ME","@id":"https:\/\/secure.gravatar.com\/avatar\/731fa035cefab7316e6bafd1f25a93fb731a07de14e2d9923f8db4422628eabc?s=96&d=mm&r=g","url":"https:\/\/secure.gravatar.com\/avatar\/731fa035cefab7316e6bafd1f25a93fb731a07de14e2d9923f8db4422628eabc?s=96&d=mm&r=g","contentUrl":"https:\/\/secure.gravatar.com\/avatar\/731fa035cefab7316e6bafd1f25a93fb731a07de14e2d9923f8db4422628eabc?s=96&d=mm&r=g","caption":"mkajic"},"sameAs":["https:\/\/evropskakuca.me"],"url":"https:\/\/www.evropskakuca.me\/me\/author\/mkajic\/"}]}},"_links":{"self":[{"href":"https:\/\/www.evropskakuca.me\/me\/wp-json\/wp\/v2\/posts\/10924","targetHints":{"allow":["GET"]}}],"collection":[{"href":"https:\/\/www.evropskakuca.me\/me\/wp-json\/wp\/v2\/posts"}],"about":[{"href":"https:\/\/www.evropskakuca.me\/me\/wp-json\/wp\/v2\/types\/post"}],"author":[{"embeddable":true,"href":"https:\/\/www.evropskakuca.me\/me\/wp-json\/wp\/v2\/users\/1"}],"replies":[{"embeddable":true,"href":"https:\/\/www.evropskakuca.me\/me\/wp-json\/wp\/v2\/comments?post=10924"}],"version-history":[{"count":0,"href":"https:\/\/www.evropskakuca.me\/me\/wp-json\/wp\/v2\/posts\/10924\/revisions"}],"wp:featuredmedia":[{"embeddable":true,"href":"https:\/\/www.evropskakuca.me\/me\/wp-json\/wp\/v2\/media\/35844"}],"wp:attachment":[{"href":"https:\/\/www.evropskakuca.me\/me\/wp-json\/wp\/v2\/media?parent=10924"}],"wp:term":[{"taxonomy":"category","embeddable":true,"href":"https:\/\/www.evropskakuca.me\/me\/wp-json\/wp\/v2\/categories?post=10924"},{"taxonomy":"post_tag","embeddable":true,"href":"https:\/\/www.evropskakuca.me\/me\/wp-json\/wp\/v2\/tags?post=10924"}],"curies":[{"name":"wp","href":"https:\/\/api.w.org\/{rel}","templated":true}]}}