{"id":10914,"date":"2020-09-14T08:58:38","date_gmt":"2020-09-14T08:58:38","guid":{"rendered":"http:\/\/www.evropskakuca.me\/?p=10914"},"modified":"2020-09-14T08:58:38","modified_gmt":"2020-09-14T08:58:38","slug":"eib-i-irf-potpisale-su-ugovor-o-pozajmici-vrijednoj-50-miliona-eura-za-brzi-oporavak-msp-i-preduzeca-sa-srednjom-trzisnom-kapitalizacijom-u-crnoj-gori-nakon-epidemije-koronavirusa","status":"publish","type":"post","link":"https:\/\/www.evropskakuca.me\/me\/eib-i-irf-potpisale-su-ugovor-o-pozajmici-vrijednoj-50-miliona-eura-za-brzi-oporavak-msp-i-preduzeca-sa-srednjom-trzisnom-kapitalizacijom-u-crnoj-gori-nakon-epidemije-koronavirusa\/","title":{"rendered":"EIB i IRF potpisale su ugovor o pozajmici vrijednoj 50 miliona eura za br\u017ei oporavak MSP i preduze\u0107a sa srednjom tr\u017ei\u0161nom kapitalizacijom u Crnoj Gori nakon epidemije koronavirusa"},"content":{"rendered":"<ul style=\"font-weight: 400;\">\n<li>EIB \u0107e ulo\u017eiti 50 miliona eura za podr\u0161ku turizmu i drugim sektorima koji su najte\u017ee pogo\u0111eni epidemijom COVID-19, kao i za pomo\u0107 preduze\u0107ima da sa\u010duvaju likvidnost i radna mjesta.<\/li>\n<li>EIB i IRF sara\u0111uju na pove\u0107anju otpornosti ekonomije Crne Gore i unapre\u0111enju zapo\u0161ljavanja mladih.<\/li>\n<li>Ovo je prvi kredit EIB za br\u017ei oporavak ekonomije Crne Gore u okviru vanrednih finansijskih mjera Banke u vezi sa pandemijom COVID-19.<\/li>\n<\/ul>\n<p style=\"font-weight: 400;\">Mala i srednja preduze\u0107a (MSP) i preduze\u0107a sa srednjom tr\u017ei\u0161nom kapitalizacijom koja posluju u sektoru turizma i drugim sektorima u Crnoj Gori koji su najte\u017ee pogo\u0111eni pandemijom COVID-19 mo\u0107i \u0107e da koriste sredstva iz kredita vrijednog 50 miliona eura po osnovu ugovora koji je Evropska investiciona banka (EIB) danas zaklju\u010dila sa Investiciono-razvojnim fondom Crne Gore (IRF). Kredit \u0107e pru\u017eiti podr\u0161ku za br\u017ei oporavak crnogorske privrede kroz povoljnije finansiranje za MSP, preduze\u0107a sa srednjom tr\u017ei\u0161nom kapitalizacijom i javna preduze\u0107a kako bi se sa\u010duvala radna mjesta i likvidnost preduze\u0107a.<\/p>\n<p style=\"font-weight: 400;\">Kredit je dio programa podr\u0161ke Tima Evropa za oporavak Zapadnog Balkana od COVID-19, koji je najavljen na samitu EU-Zapadni Balkan odr\u017eanom u Zagrebu u aprilu. Ovaj program preduze\u0107ima pru\u017ea povoljno finansiranje kako bi se obezbijedio nastavak njihovog poslovanja i br\u017ei i odr\u017eiviji oporavak od pandemije. Ova kreditna linija tako\u0111e predstavlja prvu tran\u0161u iz programa kreditiranja vrijednog 500 miliona eura koji je Upravni odbor EIB odobrio u junu 2020. godine, a koja je namijenjena javnom sektoru i nacionalnim promotivnim bankama u regionu Zapadnog Balkana.<\/p>\n<p style=\"font-weight: 400;\">Potpredsjednik EIB Dario Scannapieco je izjavio: &#8220;MSP i preduze\u0107a sa srednjom tr\u017ei\u0161nom kapitalizacijom u Crnoj Gori su te\u0161ko pogo\u0111ena pandemijom COVID-19. S obzirom na to da je turizam glavni pokreta\u010d ekonomskog rasta, EIB \u0107e pomo\u0107i Crnoj Gori da se suo\u010di sa ovim do sada nevi\u0111enim izazovima, te \u0107e pru\u017eiti podr\u0161ku primarnom izvoru prihoda u zemlji, br\u017eem oporavku i razvoju otpornije ekonomije. Na\u0161i povoljniji krediti pru\u017ei\u0107e podr\u0161ku drugim klju\u010dnim sektorima, kao \u0161to su trgovina, transport i gra\u0111evinarstvo. Ponosni smo \u0161to mo\u017eemo da pru\u017eimo ovu klju\u010dnu komponentu paketa podr\u0161ke Tima Evropa za Crnu Goru, zemlju kandidata za pridru\u017eivanje Evropskoj Uniji.&#8221;<\/p>\n<p style=\"font-weight: 400;\">Zoran Vuk\u010devi\u0107, predsjednik Investiciono-razvojnog fonda Crne Gore, je izjavio: &#8220;Evropska investiciona banka je jo\u0161 jednom pokazala da je pravi prijatelj Crne Gore i strate\u0161ki partner Investiciono-razvojnog fonda time \u0161to je pru\u017eila dodatnu podr\u0161ku u ovim kriznim i izazovnim vremenima koja su pred crnogorskom ekonomijom, ali i pred drugim ekonomijama \u0161irom svijeta. Saradnja Investiciono-razvojnog fonda sa Evropskom investicionom bankom, ne samo u ova krizna vremena, od velikog je zna\u010daja za IRF, a prije svega za crnogorsku ekonomiju. Sredstva iz kredita za odgovor na krizu izazvanu pandemijom COVID-19 namijenjena su za o\u010duvanje likvidnosti i radnih mjesta, ali tako\u0111e i za razvojne projekte koji \u0107e doprinijeti stvaranju nove ekonomske vrijednosti u Crnoj Gori i podr\u017eati transformaciju na\u0161e ekonomije u cirkularni i odr\u017eivi sistem u postpandemijskom periodu koji slijedi. Do sada, ova sredstva upotrijebljena su za podr\u0161ku preko 750 projekata koji su stvorili i\/ili sa\u010duvali preko 25.000 radnih mjesta u Crnoj Gori. Vjerujem da su ovi projekti dali poseban impuls razvoju ekonomije Crne Gore i ja\u010danju njenog puta evropskih integracija.&#8221;<\/p>\n<p style=\"font-weight: 400;\">Oana-Cristina Popa, ambasadorka EU i \u0161efica Delegacije Evropske unije u Crnoj Gori, izjavila je<b><strong>:<\/strong><\/b>\u00a0&#8220;MSP predstavljaju okosnicu crnogorske ekonomije i generi\u0161u vi\u0161e od tri \u010detvrtine radnih mjesta i skoro 70% dodate vrijednosti. \u010cak i prije krize izazvane pandemijom COVID-19, MSP bila su suo\u010dena sa brojnim izazovima, kao \u0161to su slab pristup finansiranju, birokratija, neodgovaraju\u0107a infrastruktura i nedovoljno kvalifikovana radna snaga. EU tradicionalno podr\u017eava sektor MSP, te poma\u017ee preduze\u0107ima da se izbore sa ovim izazovima i pove\u0107aju konkurentnost crnogorske ekonomije. U ovo vrijeme zdravstvene i ekonomske krize bez presedana, pomo\u0107 EIB je jo\u0161 dragocjenija dok se MSP bore da o\u010duvaju likvidnost i radna mjesta. U kombinaciji sa planiranom pomo\u0107i Delegacije EU za podr\u0161ku mikro i malim preduze\u0107ima u borbi sa posljedicama pandemije COVID-19, ovaj ugovor o kreditu pru\u017ea zna\u010dajnu osnovu za br\u017ei oporavak crnogorske ekonomije.&#8221;<\/p>\n<p style=\"font-weight: 400;\">Kredit EIB bi\u0107e dostupan pojedina\u010dnim preduzetnicima, privrednim dru\u0161tvima i javnim preduze\u0107ima iz razli\u010ditih sektora preko IRF. Ova operacija naro\u010dito ima za cilj da pomogne u rje\u0161avanju izazova u pogledu obrtnog kapitala, likvidnosti i investicionih ograni\u010denja sa kojima se suo\u010davaju MSP i preduze\u0107a sa srednjom tr\u017ei\u0161nom kapitalizacijom u Crnoj Gori u kontekstu pandemije COVID-19. Kreditna linija \u0107e omogu\u0107iti ve\u0107u fleksibilnost za ubrzanje isplate sredstava i rje\u0161avanje najhitnijih problema koji se ti\u010du likvidnosti i zapo\u0161ljavanja. Sredstva \u0107e podsta\u0107i otvaranje novih radnih mjesta i izvo\u0111enje obuka za mlade u okviru Evropske inicijative za zapo\u0161ljavanje i obuku mladih za Zapadni Balkan (EYET) koja ima za cilj unapre\u0111enje zapo\u0161ljavanja mladih u Crnoj Gori.<\/p>\n<p style=\"font-weight: 400;\">Do dana\u0161njeg dana, EIB i IRF su zaklju\u010dili pet sporazuma i isplatili 320 miliona eura za potrebe crnogorske ekonomije, \u0161to je sa\u010duvalo vi\u0161e od 25.000 radnih mjesta.<\/p>\n<p style=\"font-weight: 400;\"><b><strong>Propratni podaci<\/strong><\/b><\/p>\n<p style=\"font-weight: 400;\">\n<p style=\"font-weight: 400;\"><b><strong>O EIB:<\/strong><\/b><\/p>\n<p style=\"font-weight: 400;\">Evropska investiciona banka (EIB) je institucija za dugoro\u010dne pozajmice Evropske unije i u vlasni\u0161tvu je njenih dr\u017eava \u010dlanica. Ona \u010dini dugoro\u010dno finansiranje dostupnim za \u010dvrsto ulaganje da bi doprinijela ciljevima politike EU.\u00a0<a href=\"http:\/\/www.eib.org\/\">www.eib.org(link is external)<\/a><\/p>\n<p style=\"font-weight: 400;\"><b><strong>O EIB u Crnoj Gori:<\/strong><\/b><\/p>\n<p style=\"font-weight: 400;\"><b><strong>O EIB-u na Balkanu:<\/strong><\/b><\/p>\n<p style=\"font-weight: 400;\">EIB je jedan od vode\u0107ih me\u0111unarodnih finansijera na Zapadnom Balkanu. Od 2007. godine Banka je u regionu finansirala projekte ukupne vrijednosti skoro 8 milijardi eura. Pored nastavka podr\u0161ke za rekonstrukciju i unapre\u0111enje javne infrastrukture, EIB je od 2010. godine pro\u0161irila aktivnosti na brojne nove oblasti, kao \u0161to su zdravstvo, istra\u017eivanje i razvoj, obrazovanje i MSP.<\/p>\n<p style=\"font-weight: 400;\">Za vi\u0161e informacija o aktivnostima EIB-a na Zapadnom Balkanu posjetite sljede\u0107u stranicu:\u00a0<a href=\"http:\/\/www.eib.org\/en\/publications\/the-eib-in-the-western-balkans\">www.eib.org\/en\/publications\/the-eib-in-the-western-balkans(link is external)<\/a><\/p>\n<p style=\"font-weight: 400;\"><b><strong>O Timu Evropa i odgovoru na Covid-19 na Zapadnom Balkanu:<\/strong><\/b><\/p>\n<p style=\"font-weight: 400;\">U okviru strategije #TeamEurope, globalnog odgovora EU na COVID-19, EIB Grupa je brzo mobilisala 5,2 milijardi eura izvan EU namijenjenih ubrzavanju finansiranja i pru\u017eanje ciljane tehni\u010dke pomo\u0107i. Za zemlje Zapadnog Balkana, EIB je naro\u010dito spremila paket podr\u0161ke u vrijednosti 1,7 milijardi eura, prvenstveno za MSP i zdravstveni sektor. EU je tako\u0111e mobilisala 53 miliona eura za grantove za zdravstveni sektor u Crnoj Gori, uklju\u010duju\u0107i tri miliona za nabavku zdravstvene opreme koja spasava \u017eivote, respiratora, digitalnih mobilnih rendgen aparata, kompleta za testiranje i li\u010dne za\u0161titne opreme. Preostalih 50 miliona eura \u0107e biti upotrijebljeno za ubla\u017eavanje socioekonomskih posljedica pandemije za najvi\u0161e pogo\u0111ena preduze\u0107a, kao \u0161to su kompanije koje posluju u sektoru turizma i transporta. Ukupna vrijednost paketa finansijske podr\u0161ke EU za Zapadni Balkan iznosi vi\u0161e od 3,3 milijarde eura.<\/p>\n<p style=\"font-weight: 400;\"><b><strong>O IRF<\/strong><\/b><\/p>\n<p style=\"font-weight: 400;\">Investiciono-razvojni fond Crne Gore AD (IRF) osnovan je 23. aprila 2010. godine u skladu sa Zakonom o investiciono-razvojnom fondu koji je usvojio Parlament Crne Gore 28. decembra 2009. godine, nakon objavljivanja zakona u Slu\u017ebenom listu. IRF osnovan je kao akcionarsko dru\u0161tvo u kojem je dr\u017eava vlasnik 100% akcija. Primarna uloga IRF, kao razvojne institucije, je da pru\u017ea finansijsku podr\u0161ku za unapre\u0111enje ekonomskog i socijalnog razvoja Crne Gore. U tu svrhu, banka pru\u017ea direktne pozajmice za sektore od strate\u0161kog ekonomskog zna\u010daja (turizam, usluge, proizvodnja itd.), te tako\u0111e kanali\u0161e svoja sredstva u sektore sa kojima komercijalne banke slabije sara\u0111uju. IRF prvenstveno finansira MSP, preduzetnike, fizi\u010dka lica (poljoprivredne proizvo\u0111a\u010de), op\u0161tine, javna preduze\u0107a itd. IRF tako\u0111e kanali\u0161e sredstva preko komercijalnih banaka za bolji pristup MSP.\u00a0<a href=\"https:\/\/www.irfcg.me\/me\/\">https:\/\/www.irfcg.me\/me\/<\/a><\/p>\n","protected":false},"excerpt":{"rendered":"<p>EIB \u0107e ulo\u017eiti 50 miliona eura za podr\u0161ku turizmu i drugim sektorima koji su najte\u017ee pogo\u0111eni epidemijom COVID-19, kao i za pomo\u0107 preduze\u0107ima da sa\u010duvaju likvidnost i radna mjesta. EIB i IRF sara\u0111uju na pove\u0107anju otpornosti ekonomije Crne Gore i unapre\u0111enju zapo\u0161ljavanja mladih. Ovo je prvi kredit EIB za br\u017ei oporavak ekonomije Crne Gore u [&hellip;]<\/p>\n","protected":false},"author":1,"featured_media":35872,"comment_status":"closed","ping_status":"closed","sticky":false,"template":"","format":"standard","meta":{"_acf_changed":false,"footnotes":""},"categories":[287,283],"tags":[],"class_list":["post-10914","post","type-post","status-publish","format-standard","has-post-thumbnail","hentry","category-koronavirusa","category-novosti-me"],"acf":[],"yoast_head":"<!-- This site is optimized with the Yoast SEO plugin v27.3 - https:\/\/yoast.com\/product\/yoast-seo-wordpress\/ -->\n<title>EIB i IRF potpisale su ugovor o pozajmici vrijednoj 50 miliona eura za br\u017ei oporavak MSP i preduze\u0107a sa srednjom tr\u017ei\u0161nom kapitalizacijom u Crnoj Gori nakon epidemije koronavirusa - Europe House<\/title>\n<meta name=\"robots\" content=\"index, follow, max-snippet:-1, max-image-preview:large, max-video-preview:-1\" \/>\n<link rel=\"canonical\" href=\"https:\/\/www.evropskakuca.me\/me\/eib-i-irf-potpisale-su-ugovor-o-pozajmici-vrijednoj-50-miliona-eura-za-brzi-oporavak-msp-i-preduzeca-sa-srednjom-trzisnom-kapitalizacijom-u-crnoj-gori-nakon-epidemije-koronavirusa\/\" \/>\n<meta property=\"og:locale\" content=\"en_US\" \/>\n<meta property=\"og:type\" content=\"article\" \/>\n<meta property=\"og:title\" content=\"EIB i IRF potpisale su ugovor o pozajmici vrijednoj 50 miliona eura za br\u017ei oporavak MSP i preduze\u0107a sa srednjom tr\u017ei\u0161nom kapitalizacijom u Crnoj Gori nakon epidemije koronavirusa - Europe House\" \/>\n<meta property=\"og:description\" content=\"EIB \u0107e ulo\u017eiti 50 miliona eura za podr\u0161ku turizmu i drugim sektorima koji su najte\u017ee pogo\u0111eni epidemijom COVID-19, kao i za pomo\u0107 preduze\u0107ima da sa\u010duvaju likvidnost i radna mjesta. EIB i IRF sara\u0111uju na pove\u0107anju otpornosti ekonomije Crne Gore i unapre\u0111enju zapo\u0161ljavanja mladih. Ovo je prvi kredit EIB za br\u017ei oporavak ekonomije Crne Gore u [&hellip;]\" \/>\n<meta property=\"og:url\" content=\"https:\/\/www.evropskakuca.me\/me\/eib-i-irf-potpisale-su-ugovor-o-pozajmici-vrijednoj-50-miliona-eura-za-brzi-oporavak-msp-i-preduzeca-sa-srednjom-trzisnom-kapitalizacijom-u-crnoj-gori-nakon-epidemije-koronavirusa\/\" \/>\n<meta property=\"og:site_name\" content=\"Europe House\" \/>\n<meta property=\"article:publisher\" content=\"https:\/\/www.facebook.com\/evropska.kuca\" \/>\n<meta property=\"article:published_time\" content=\"2020-09-14T08:58:38+00:00\" \/>\n<meta property=\"og:image\" content=\"https:\/\/www.evropskakuca.me\/wp-content\/uploads\/2021\/03\/montenegrin_tourism.jpg\" \/>\n\t<meta property=\"og:image:width\" content=\"750\" \/>\n\t<meta property=\"og:image:height\" content=\"563\" \/>\n\t<meta property=\"og:image:type\" content=\"image\/jpeg\" \/>\n<meta name=\"author\" content=\"mkajic\" \/>\n<meta name=\"twitter:card\" content=\"summary_large_image\" \/>\n<meta name=\"twitter:creator\" content=\"@evropska_kuca\" \/>\n<meta name=\"twitter:site\" content=\"@evropska_kuca\" \/>\n<meta name=\"twitter:label1\" content=\"Written by\" \/>\n\t<meta name=\"twitter:data1\" content=\"mkajic\" \/>\n\t<meta name=\"twitter:label2\" content=\"Est. reading time\" \/>\n\t<meta name=\"twitter:data2\" content=\"6 minutes\" \/>\n<script type=\"application\/ld+json\" class=\"yoast-schema-graph\">{\"@context\":\"https:\\\/\\\/schema.org\",\"@graph\":[{\"@type\":\"Article\",\"@id\":\"https:\\\/\\\/www.evropskakuca.me\\\/me\\\/eib-i-irf-potpisale-su-ugovor-o-pozajmici-vrijednoj-50-miliona-eura-za-brzi-oporavak-msp-i-preduzeca-sa-srednjom-trzisnom-kapitalizacijom-u-crnoj-gori-nakon-epidemije-koronavirusa\\\/#article\",\"isPartOf\":{\"@id\":\"https:\\\/\\\/www.evropskakuca.me\\\/me\\\/eib-i-irf-potpisale-su-ugovor-o-pozajmici-vrijednoj-50-miliona-eura-za-brzi-oporavak-msp-i-preduzeca-sa-srednjom-trzisnom-kapitalizacijom-u-crnoj-gori-nakon-epidemije-koronavirusa\\\/\"},\"author\":{\"name\":\"mkajic\",\"@id\":\"https:\\\/\\\/www.evropskakuca.me\\\/me\\\/#\\\/schema\\\/person\\\/a1d0dcdaefe4a1cd1d60d200ea137ba4\"},\"headline\":\"EIB i IRF potpisale su ugovor o pozajmici vrijednoj 50 miliona eura za br\u017ei oporavak MSP i preduze\u0107a sa srednjom tr\u017ei\u0161nom kapitalizacijom u Crnoj Gori nakon epidemije koronavirusa\",\"datePublished\":\"2020-09-14T08:58:38+00:00\",\"mainEntityOfPage\":{\"@id\":\"https:\\\/\\\/www.evropskakuca.me\\\/me\\\/eib-i-irf-potpisale-su-ugovor-o-pozajmici-vrijednoj-50-miliona-eura-za-brzi-oporavak-msp-i-preduzeca-sa-srednjom-trzisnom-kapitalizacijom-u-crnoj-gori-nakon-epidemije-koronavirusa\\\/\"},\"wordCount\":1329,\"publisher\":{\"@id\":\"https:\\\/\\\/www.evropskakuca.me\\\/me\\\/#organization\"},\"image\":{\"@id\":\"https:\\\/\\\/www.evropskakuca.me\\\/me\\\/eib-i-irf-potpisale-su-ugovor-o-pozajmici-vrijednoj-50-miliona-eura-za-brzi-oporavak-msp-i-preduzeca-sa-srednjom-trzisnom-kapitalizacijom-u-crnoj-gori-nakon-epidemije-koronavirusa\\\/#primaryimage\"},\"thumbnailUrl\":\"https:\\\/\\\/www.evropskakuca.me\\\/wp-content\\\/uploads\\\/2021\\\/03\\\/montenegrin_tourism.jpg\",\"articleSection\":[\"Koronavirusa\",\"Novosti\"],\"inLanguage\":\"me-ME\"},{\"@type\":\"WebPage\",\"@id\":\"https:\\\/\\\/www.evropskakuca.me\\\/me\\\/eib-i-irf-potpisale-su-ugovor-o-pozajmici-vrijednoj-50-miliona-eura-za-brzi-oporavak-msp-i-preduzeca-sa-srednjom-trzisnom-kapitalizacijom-u-crnoj-gori-nakon-epidemije-koronavirusa\\\/\",\"url\":\"https:\\\/\\\/www.evropskakuca.me\\\/me\\\/eib-i-irf-potpisale-su-ugovor-o-pozajmici-vrijednoj-50-miliona-eura-za-brzi-oporavak-msp-i-preduzeca-sa-srednjom-trzisnom-kapitalizacijom-u-crnoj-gori-nakon-epidemije-koronavirusa\\\/\",\"name\":\"EIB i IRF potpisale su ugovor o pozajmici vrijednoj 50 miliona eura za br\u017ei oporavak MSP i preduze\u0107a sa srednjom tr\u017ei\u0161nom kapitalizacijom u Crnoj Gori nakon epidemije koronavirusa - Europe House\",\"isPartOf\":{\"@id\":\"https:\\\/\\\/www.evropskakuca.me\\\/me\\\/#website\"},\"primaryImageOfPage\":{\"@id\":\"https:\\\/\\\/www.evropskakuca.me\\\/me\\\/eib-i-irf-potpisale-su-ugovor-o-pozajmici-vrijednoj-50-miliona-eura-za-brzi-oporavak-msp-i-preduzeca-sa-srednjom-trzisnom-kapitalizacijom-u-crnoj-gori-nakon-epidemije-koronavirusa\\\/#primaryimage\"},\"image\":{\"@id\":\"https:\\\/\\\/www.evropskakuca.me\\\/me\\\/eib-i-irf-potpisale-su-ugovor-o-pozajmici-vrijednoj-50-miliona-eura-za-brzi-oporavak-msp-i-preduzeca-sa-srednjom-trzisnom-kapitalizacijom-u-crnoj-gori-nakon-epidemije-koronavirusa\\\/#primaryimage\"},\"thumbnailUrl\":\"https:\\\/\\\/www.evropskakuca.me\\\/wp-content\\\/uploads\\\/2021\\\/03\\\/montenegrin_tourism.jpg\",\"datePublished\":\"2020-09-14T08:58:38+00:00\",\"breadcrumb\":{\"@id\":\"https:\\\/\\\/www.evropskakuca.me\\\/me\\\/eib-i-irf-potpisale-su-ugovor-o-pozajmici-vrijednoj-50-miliona-eura-za-brzi-oporavak-msp-i-preduzeca-sa-srednjom-trzisnom-kapitalizacijom-u-crnoj-gori-nakon-epidemije-koronavirusa\\\/#breadcrumb\"},\"inLanguage\":\"me-ME\",\"potentialAction\":[{\"@type\":\"ReadAction\",\"target\":[\"https:\\\/\\\/www.evropskakuca.me\\\/me\\\/eib-i-irf-potpisale-su-ugovor-o-pozajmici-vrijednoj-50-miliona-eura-za-brzi-oporavak-msp-i-preduzeca-sa-srednjom-trzisnom-kapitalizacijom-u-crnoj-gori-nakon-epidemije-koronavirusa\\\/\"]}]},{\"@type\":\"ImageObject\",\"inLanguage\":\"me-ME\",\"@id\":\"https:\\\/\\\/www.evropskakuca.me\\\/me\\\/eib-i-irf-potpisale-su-ugovor-o-pozajmici-vrijednoj-50-miliona-eura-za-brzi-oporavak-msp-i-preduzeca-sa-srednjom-trzisnom-kapitalizacijom-u-crnoj-gori-nakon-epidemije-koronavirusa\\\/#primaryimage\",\"url\":\"https:\\\/\\\/www.evropskakuca.me\\\/wp-content\\\/uploads\\\/2021\\\/03\\\/montenegrin_tourism.jpg\",\"contentUrl\":\"https:\\\/\\\/www.evropskakuca.me\\\/wp-content\\\/uploads\\\/2021\\\/03\\\/montenegrin_tourism.jpg\",\"width\":750,\"height\":563},{\"@type\":\"BreadcrumbList\",\"@id\":\"https:\\\/\\\/www.evropskakuca.me\\\/me\\\/eib-i-irf-potpisale-su-ugovor-o-pozajmici-vrijednoj-50-miliona-eura-za-brzi-oporavak-msp-i-preduzeca-sa-srednjom-trzisnom-kapitalizacijom-u-crnoj-gori-nakon-epidemije-koronavirusa\\\/#breadcrumb\",\"itemListElement\":[{\"@type\":\"ListItem\",\"position\":1,\"name\":\"Home\",\"item\":\"https:\\\/\\\/www.evropskakuca.me\\\/me\\\/\"},{\"@type\":\"ListItem\",\"position\":2,\"name\":\"EIB i IRF potpisale su ugovor o pozajmici vrijednoj 50 miliona eura za br\u017ei oporavak MSP i preduze\u0107a sa srednjom tr\u017ei\u0161nom kapitalizacijom u Crnoj Gori nakon epidemije koronavirusa\"}]},{\"@type\":\"WebSite\",\"@id\":\"https:\\\/\\\/www.evropskakuca.me\\\/me\\\/#website\",\"url\":\"https:\\\/\\\/www.evropskakuca.me\\\/me\\\/\",\"name\":\"Evropean house\",\"description\":\"\",\"publisher\":{\"@id\":\"https:\\\/\\\/www.evropskakuca.me\\\/me\\\/#organization\"},\"potentialAction\":[{\"@type\":\"SearchAction\",\"target\":{\"@type\":\"EntryPoint\",\"urlTemplate\":\"https:\\\/\\\/www.evropskakuca.me\\\/me\\\/?s={search_term_string}\"},\"query-input\":{\"@type\":\"PropertyValueSpecification\",\"valueRequired\":true,\"valueName\":\"search_term_string\"}}],\"inLanguage\":\"me-ME\"},{\"@type\":\"Organization\",\"@id\":\"https:\\\/\\\/www.evropskakuca.me\\\/me\\\/#organization\",\"name\":\"Evropean house\",\"url\":\"https:\\\/\\\/www.evropskakuca.me\\\/me\\\/\",\"logo\":{\"@type\":\"ImageObject\",\"inLanguage\":\"me-ME\",\"@id\":\"https:\\\/\\\/www.evropskakuca.me\\\/me\\\/#\\\/schema\\\/logo\\\/image\\\/\",\"url\":\"https:\\\/\\\/www.evropskakuca.me\\\/wp-content\\\/uploads\\\/2025\\\/01\\\/evropska-kuca-logo-1.png\",\"contentUrl\":\"https:\\\/\\\/www.evropskakuca.me\\\/wp-content\\\/uploads\\\/2025\\\/01\\\/evropska-kuca-logo-1.png\",\"width\":425,\"height\":312,\"caption\":\"Evropean house\"},\"image\":{\"@id\":\"https:\\\/\\\/www.evropskakuca.me\\\/me\\\/#\\\/schema\\\/logo\\\/image\\\/\"},\"sameAs\":[\"https:\\\/\\\/www.facebook.com\\\/evropska.kuca\",\"https:\\\/\\\/x.com\\\/evropska_kuca\",\"https:\\\/\\\/www.instagram.com\\\/evropska_kuca\"]},{\"@type\":\"Person\",\"@id\":\"https:\\\/\\\/www.evropskakuca.me\\\/me\\\/#\\\/schema\\\/person\\\/a1d0dcdaefe4a1cd1d60d200ea137ba4\",\"name\":\"mkajic\",\"image\":{\"@type\":\"ImageObject\",\"inLanguage\":\"me-ME\",\"@id\":\"https:\\\/\\\/secure.gravatar.com\\\/avatar\\\/731fa035cefab7316e6bafd1f25a93fb731a07de14e2d9923f8db4422628eabc?s=96&d=mm&r=g\",\"url\":\"https:\\\/\\\/secure.gravatar.com\\\/avatar\\\/731fa035cefab7316e6bafd1f25a93fb731a07de14e2d9923f8db4422628eabc?s=96&d=mm&r=g\",\"contentUrl\":\"https:\\\/\\\/secure.gravatar.com\\\/avatar\\\/731fa035cefab7316e6bafd1f25a93fb731a07de14e2d9923f8db4422628eabc?s=96&d=mm&r=g\",\"caption\":\"mkajic\"},\"sameAs\":[\"https:\\\/\\\/evropskakuca.me\"],\"url\":\"https:\\\/\\\/www.evropskakuca.me\\\/me\\\/author\\\/mkajic\\\/\"}]}<\/script>\n<!-- \/ Yoast SEO plugin. -->","yoast_head_json":{"title":"EIB i IRF potpisale su ugovor o pozajmici vrijednoj 50 miliona eura za br\u017ei oporavak MSP i preduze\u0107a sa srednjom tr\u017ei\u0161nom kapitalizacijom u Crnoj Gori nakon epidemije koronavirusa - Europe House","robots":{"index":"index","follow":"follow","max-snippet":"max-snippet:-1","max-image-preview":"max-image-preview:large","max-video-preview":"max-video-preview:-1"},"canonical":"https:\/\/www.evropskakuca.me\/me\/eib-i-irf-potpisale-su-ugovor-o-pozajmici-vrijednoj-50-miliona-eura-za-brzi-oporavak-msp-i-preduzeca-sa-srednjom-trzisnom-kapitalizacijom-u-crnoj-gori-nakon-epidemije-koronavirusa\/","og_locale":"en_US","og_type":"article","og_title":"EIB i IRF potpisale su ugovor o pozajmici vrijednoj 50 miliona eura za br\u017ei oporavak MSP i preduze\u0107a sa srednjom tr\u017ei\u0161nom kapitalizacijom u Crnoj Gori nakon epidemije koronavirusa - Europe House","og_description":"EIB \u0107e ulo\u017eiti 50 miliona eura za podr\u0161ku turizmu i drugim sektorima koji su najte\u017ee pogo\u0111eni epidemijom COVID-19, kao i za pomo\u0107 preduze\u0107ima da sa\u010duvaju likvidnost i radna mjesta. EIB i IRF sara\u0111uju na pove\u0107anju otpornosti ekonomije Crne Gore i unapre\u0111enju zapo\u0161ljavanja mladih. Ovo je prvi kredit EIB za br\u017ei oporavak ekonomije Crne Gore u [&hellip;]","og_url":"https:\/\/www.evropskakuca.me\/me\/eib-i-irf-potpisale-su-ugovor-o-pozajmici-vrijednoj-50-miliona-eura-za-brzi-oporavak-msp-i-preduzeca-sa-srednjom-trzisnom-kapitalizacijom-u-crnoj-gori-nakon-epidemije-koronavirusa\/","og_site_name":"Europe House","article_publisher":"https:\/\/www.facebook.com\/evropska.kuca","article_published_time":"2020-09-14T08:58:38+00:00","og_image":[{"width":750,"height":563,"url":"https:\/\/www.evropskakuca.me\/wp-content\/uploads\/2021\/03\/montenegrin_tourism.jpg","type":"image\/jpeg"}],"author":"mkajic","twitter_card":"summary_large_image","twitter_creator":"@evropska_kuca","twitter_site":"@evropska_kuca","twitter_misc":{"Written by":"mkajic","Est. reading time":"6 minutes"},"schema":{"@context":"https:\/\/schema.org","@graph":[{"@type":"Article","@id":"https:\/\/www.evropskakuca.me\/me\/eib-i-irf-potpisale-su-ugovor-o-pozajmici-vrijednoj-50-miliona-eura-za-brzi-oporavak-msp-i-preduzeca-sa-srednjom-trzisnom-kapitalizacijom-u-crnoj-gori-nakon-epidemije-koronavirusa\/#article","isPartOf":{"@id":"https:\/\/www.evropskakuca.me\/me\/eib-i-irf-potpisale-su-ugovor-o-pozajmici-vrijednoj-50-miliona-eura-za-brzi-oporavak-msp-i-preduzeca-sa-srednjom-trzisnom-kapitalizacijom-u-crnoj-gori-nakon-epidemije-koronavirusa\/"},"author":{"name":"mkajic","@id":"https:\/\/www.evropskakuca.me\/me\/#\/schema\/person\/a1d0dcdaefe4a1cd1d60d200ea137ba4"},"headline":"EIB i IRF potpisale su ugovor o pozajmici vrijednoj 50 miliona eura za br\u017ei oporavak MSP i preduze\u0107a sa srednjom tr\u017ei\u0161nom kapitalizacijom u Crnoj Gori nakon epidemije koronavirusa","datePublished":"2020-09-14T08:58:38+00:00","mainEntityOfPage":{"@id":"https:\/\/www.evropskakuca.me\/me\/eib-i-irf-potpisale-su-ugovor-o-pozajmici-vrijednoj-50-miliona-eura-za-brzi-oporavak-msp-i-preduzeca-sa-srednjom-trzisnom-kapitalizacijom-u-crnoj-gori-nakon-epidemije-koronavirusa\/"},"wordCount":1329,"publisher":{"@id":"https:\/\/www.evropskakuca.me\/me\/#organization"},"image":{"@id":"https:\/\/www.evropskakuca.me\/me\/eib-i-irf-potpisale-su-ugovor-o-pozajmici-vrijednoj-50-miliona-eura-za-brzi-oporavak-msp-i-preduzeca-sa-srednjom-trzisnom-kapitalizacijom-u-crnoj-gori-nakon-epidemije-koronavirusa\/#primaryimage"},"thumbnailUrl":"https:\/\/www.evropskakuca.me\/wp-content\/uploads\/2021\/03\/montenegrin_tourism.jpg","articleSection":["Koronavirusa","Novosti"],"inLanguage":"me-ME"},{"@type":"WebPage","@id":"https:\/\/www.evropskakuca.me\/me\/eib-i-irf-potpisale-su-ugovor-o-pozajmici-vrijednoj-50-miliona-eura-za-brzi-oporavak-msp-i-preduzeca-sa-srednjom-trzisnom-kapitalizacijom-u-crnoj-gori-nakon-epidemije-koronavirusa\/","url":"https:\/\/www.evropskakuca.me\/me\/eib-i-irf-potpisale-su-ugovor-o-pozajmici-vrijednoj-50-miliona-eura-za-brzi-oporavak-msp-i-preduzeca-sa-srednjom-trzisnom-kapitalizacijom-u-crnoj-gori-nakon-epidemije-koronavirusa\/","name":"EIB i IRF potpisale su ugovor o pozajmici vrijednoj 50 miliona eura za br\u017ei oporavak MSP i preduze\u0107a sa srednjom tr\u017ei\u0161nom kapitalizacijom u Crnoj Gori nakon epidemije koronavirusa - Europe House","isPartOf":{"@id":"https:\/\/www.evropskakuca.me\/me\/#website"},"primaryImageOfPage":{"@id":"https:\/\/www.evropskakuca.me\/me\/eib-i-irf-potpisale-su-ugovor-o-pozajmici-vrijednoj-50-miliona-eura-za-brzi-oporavak-msp-i-preduzeca-sa-srednjom-trzisnom-kapitalizacijom-u-crnoj-gori-nakon-epidemije-koronavirusa\/#primaryimage"},"image":{"@id":"https:\/\/www.evropskakuca.me\/me\/eib-i-irf-potpisale-su-ugovor-o-pozajmici-vrijednoj-50-miliona-eura-za-brzi-oporavak-msp-i-preduzeca-sa-srednjom-trzisnom-kapitalizacijom-u-crnoj-gori-nakon-epidemije-koronavirusa\/#primaryimage"},"thumbnailUrl":"https:\/\/www.evropskakuca.me\/wp-content\/uploads\/2021\/03\/montenegrin_tourism.jpg","datePublished":"2020-09-14T08:58:38+00:00","breadcrumb":{"@id":"https:\/\/www.evropskakuca.me\/me\/eib-i-irf-potpisale-su-ugovor-o-pozajmici-vrijednoj-50-miliona-eura-za-brzi-oporavak-msp-i-preduzeca-sa-srednjom-trzisnom-kapitalizacijom-u-crnoj-gori-nakon-epidemije-koronavirusa\/#breadcrumb"},"inLanguage":"me-ME","potentialAction":[{"@type":"ReadAction","target":["https:\/\/www.evropskakuca.me\/me\/eib-i-irf-potpisale-su-ugovor-o-pozajmici-vrijednoj-50-miliona-eura-za-brzi-oporavak-msp-i-preduzeca-sa-srednjom-trzisnom-kapitalizacijom-u-crnoj-gori-nakon-epidemije-koronavirusa\/"]}]},{"@type":"ImageObject","inLanguage":"me-ME","@id":"https:\/\/www.evropskakuca.me\/me\/eib-i-irf-potpisale-su-ugovor-o-pozajmici-vrijednoj-50-miliona-eura-za-brzi-oporavak-msp-i-preduzeca-sa-srednjom-trzisnom-kapitalizacijom-u-crnoj-gori-nakon-epidemije-koronavirusa\/#primaryimage","url":"https:\/\/www.evropskakuca.me\/wp-content\/uploads\/2021\/03\/montenegrin_tourism.jpg","contentUrl":"https:\/\/www.evropskakuca.me\/wp-content\/uploads\/2021\/03\/montenegrin_tourism.jpg","width":750,"height":563},{"@type":"BreadcrumbList","@id":"https:\/\/www.evropskakuca.me\/me\/eib-i-irf-potpisale-su-ugovor-o-pozajmici-vrijednoj-50-miliona-eura-za-brzi-oporavak-msp-i-preduzeca-sa-srednjom-trzisnom-kapitalizacijom-u-crnoj-gori-nakon-epidemije-koronavirusa\/#breadcrumb","itemListElement":[{"@type":"ListItem","position":1,"name":"Home","item":"https:\/\/www.evropskakuca.me\/me\/"},{"@type":"ListItem","position":2,"name":"EIB i IRF potpisale su ugovor o pozajmici vrijednoj 50 miliona eura za br\u017ei oporavak MSP i preduze\u0107a sa srednjom tr\u017ei\u0161nom kapitalizacijom u Crnoj Gori nakon epidemije koronavirusa"}]},{"@type":"WebSite","@id":"https:\/\/www.evropskakuca.me\/me\/#website","url":"https:\/\/www.evropskakuca.me\/me\/","name":"Evropean house","description":"","publisher":{"@id":"https:\/\/www.evropskakuca.me\/me\/#organization"},"potentialAction":[{"@type":"SearchAction","target":{"@type":"EntryPoint","urlTemplate":"https:\/\/www.evropskakuca.me\/me\/?s={search_term_string}"},"query-input":{"@type":"PropertyValueSpecification","valueRequired":true,"valueName":"search_term_string"}}],"inLanguage":"me-ME"},{"@type":"Organization","@id":"https:\/\/www.evropskakuca.me\/me\/#organization","name":"Evropean house","url":"https:\/\/www.evropskakuca.me\/me\/","logo":{"@type":"ImageObject","inLanguage":"me-ME","@id":"https:\/\/www.evropskakuca.me\/me\/#\/schema\/logo\/image\/","url":"https:\/\/www.evropskakuca.me\/wp-content\/uploads\/2025\/01\/evropska-kuca-logo-1.png","contentUrl":"https:\/\/www.evropskakuca.me\/wp-content\/uploads\/2025\/01\/evropska-kuca-logo-1.png","width":425,"height":312,"caption":"Evropean house"},"image":{"@id":"https:\/\/www.evropskakuca.me\/me\/#\/schema\/logo\/image\/"},"sameAs":["https:\/\/www.facebook.com\/evropska.kuca","https:\/\/x.com\/evropska_kuca","https:\/\/www.instagram.com\/evropska_kuca"]},{"@type":"Person","@id":"https:\/\/www.evropskakuca.me\/me\/#\/schema\/person\/a1d0dcdaefe4a1cd1d60d200ea137ba4","name":"mkajic","image":{"@type":"ImageObject","inLanguage":"me-ME","@id":"https:\/\/secure.gravatar.com\/avatar\/731fa035cefab7316e6bafd1f25a93fb731a07de14e2d9923f8db4422628eabc?s=96&d=mm&r=g","url":"https:\/\/secure.gravatar.com\/avatar\/731fa035cefab7316e6bafd1f25a93fb731a07de14e2d9923f8db4422628eabc?s=96&d=mm&r=g","contentUrl":"https:\/\/secure.gravatar.com\/avatar\/731fa035cefab7316e6bafd1f25a93fb731a07de14e2d9923f8db4422628eabc?s=96&d=mm&r=g","caption":"mkajic"},"sameAs":["https:\/\/evropskakuca.me"],"url":"https:\/\/www.evropskakuca.me\/me\/author\/mkajic\/"}]}},"_links":{"self":[{"href":"https:\/\/www.evropskakuca.me\/me\/wp-json\/wp\/v2\/posts\/10914","targetHints":{"allow":["GET"]}}],"collection":[{"href":"https:\/\/www.evropskakuca.me\/me\/wp-json\/wp\/v2\/posts"}],"about":[{"href":"https:\/\/www.evropskakuca.me\/me\/wp-json\/wp\/v2\/types\/post"}],"author":[{"embeddable":true,"href":"https:\/\/www.evropskakuca.me\/me\/wp-json\/wp\/v2\/users\/1"}],"replies":[{"embeddable":true,"href":"https:\/\/www.evropskakuca.me\/me\/wp-json\/wp\/v2\/comments?post=10914"}],"version-history":[{"count":0,"href":"https:\/\/www.evropskakuca.me\/me\/wp-json\/wp\/v2\/posts\/10914\/revisions"}],"wp:featuredmedia":[{"embeddable":true,"href":"https:\/\/www.evropskakuca.me\/me\/wp-json\/wp\/v2\/media\/35872"}],"wp:attachment":[{"href":"https:\/\/www.evropskakuca.me\/me\/wp-json\/wp\/v2\/media?parent=10914"}],"wp:term":[{"taxonomy":"category","embeddable":true,"href":"https:\/\/www.evropskakuca.me\/me\/wp-json\/wp\/v2\/categories?post=10914"},{"taxonomy":"post_tag","embeddable":true,"href":"https:\/\/www.evropskakuca.me\/me\/wp-json\/wp\/v2\/tags?post=10914"}],"curies":[{"name":"wp","href":"https:\/\/api.w.org\/{rel}","templated":true}]}}