{"id":10903,"date":"2020-10-05T08:49:39","date_gmt":"2020-10-05T08:49:39","guid":{"rendered":"http:\/\/www.evropskakuca.me\/?p=10903"},"modified":"2020-10-05T08:49:39","modified_gmt":"2020-10-05T08:49:39","slug":"pojacati-podrsku-nastavnicima","status":"publish","type":"post","link":"https:\/\/www.evropskakuca.me\/me\/pojacati-podrsku-nastavnicima\/","title":{"rendered":"Poja\u010dati podr\u0161ku nastavnicima"},"content":{"rendered":"<div id=\"layout-pre-content\" class=\"container\">\n<div class=\"pre-content\">\n<div class=\"region region-content-pre\">\n<div id=\"block-eeas-ct-all-eeas-node-preview\" class=\"block block-eeas-ct-all contextual-links-region panel panel-default clearfix\">\n<div class=\"panel-body content\">\n<div class=\"eeas-node-teaser\">\n<p>foto: Du\u0161ko Miljani\u0107, UNICEF<\/p>\n<\/div>\n<\/div>\n<\/div>\n<\/div>\n<\/div>\n<\/div>\n<div id=\"layout-body\" class=\"container\">\n<div class=\"row\">\n<div id=\"content-wrapper\" class=\"col-lg-8 col-md-8 col-sm-12 col-md-12\">\n<div class=\"row\">\n<div class=\"col-lg-12 col-md-12 col-sm-12 col-xs-12\">\n<div class=\"region region-content\">\n<div id=\"block-system-main\" class=\"block block-system panel panel-default clearfix\">\n<div class=\"panel-body content\">\n<div class=\"ds-2col-stacked-fluid node node-eeas-news node-promoted node-full view-mode-full group-one-column clearfix\">\n<div class=\"group-right\">\n<div class=\"field field-name-body field-type-text-with-summary field-label-hidden\">\n<div class=\"field-items\">\n<div class=\"field-item even\">\n<p>Povodom Svjetskog dana nastavnika, koji se \u0161irom svijeta obilje\u017eava 5. oktobra, UNICEF i Delegacija EU u Crnoj Gori pozivaju na ja\u010danje podr\u0161ke nastavnicima kako bi se osiguralo da svako dijete dobije kvalitetno inkluzivno obrazovanje tokom pandemije COVID-a-19.<\/p>\n<p>\u201cSvi se sje\u0107amo barem jednog nastavnika koji nam je promijenio \u017eivot \u2012 koji nam je pomogao da prona\u0111emo svoj talenat, podr\u017eao nas kada nam je bilo najpotrebnije i nadahnuo nas da postanemo ono \u0161to jesmo. Dobri nastavnici su su\u0161tina kvalitetnog obrazovanja. Zbog toga je presudno redovno se s njima konsultovati o izazovima s kojima se suo\u010davaju, ali i o najboljim na\u010dinima za organizovanje bezbjednog, kvalitetnog i inkluzivnog obrazovanja tokom ove pandemije, te im pru\u017eiti svu potrebnu podr\u0161ku\u201d, rekao je \u0161ef predstavni\u0161tva UNICEF-a u Crnoj Gori Huan Santander.<\/p>\n<p>UNICEF i EU nedavno su uputili globalni apel da podstaknu dr\u017eave da daju prioritet bezbjednom i kvalitetnom obrazovanju po mjeri djeteta tokom pandemije, fokusiraju\u0107i se na potrebe najugro\u017eenijih grupa.<\/p>\n<p>\u201cNajugro\u017eenija djeca \u2012 ona sa smetnjama u razvoju, ona koja \u017eive u siroma\u0161tvu, romska i egip\u0107anska djeca i ona sa hroni\u010dnim bolestima \u2012 pla\u0107aju najvi\u0161u cijenu obrazovne krize izazvane pandemijom COVID-a-19. Davanjem prioriteta najmarginalizovanijoj djeci mo\u017eemo smanjiti nejednakost u obrazovanju i osigurati da svako dijete stekne znanja i vje\u0161tine potrebne za uspjeh u \u017eivotu. Da bismo to postigli, moramo kontinuirano podr\u017eavati nastavnike\u201d, poru\u010dila je \u0161efica Delegacije Evropske unije u Crnoj Gori Oana-Kristina Popa.<\/p>\n<p>Prema istra\u017eivanju koje je po\u010detkom septembra Ipsos sproveo s roditeljima Crne Gore, uz podr\u0161ku UNICEF-a i Britanske ambasade u Podgorici, \u010dak 86% roditelja izdvojilo je komunikaciju i saradnju s nastavnicima kao najpozitivniji aspekt u\u010denja na daljinu tokom prethodne \u0161kolske godine.<\/p>\n<p>U Crnoj Gori, kao i \u0161irom svijeta, nastavnici vrijedno rade kako bi svojim u\u010denicima stvorili novo okru\u017eenje za u\u010denje i osigurali da se \u0161kola mo\u017ee nastaviti. Da bi imali kvalitetno obrazovanje tokom ove pandemije, potrebno je svim nastavnicima pru\u017eiti psihosocijalnu podr\u0161ku. Tako\u0111e, nastavnicima su neophodne nove tehnologije i obuke za sticanje digitalnih vje\u0161tina i znanja kako bi ih efikasno koristili. Iz tog razloga, UNICEF je, u saradnji s Ministarstvom prosvjete, do sada omogu\u0107io obuku 2.000 nastavnika za kori\u0161\u0107enje digitalnih alata za kvalitetnije obrazovanje putem interneta. Nova grupa od 2.200 nastavnika bi\u0107e obu\u010dena tokom ovog polugo\u0111a.<\/p>\n<p>EU podr\u017eava nastavnike kroz obuke u raznim oblastima i poma\u017ee reformu crnogorskog obrazovnog sistema kroz ja\u010danje inkluzivnog obrazovanja, razvoj kurikuluma, modernizaciju stru\u010dnog obrazovanja i pobolj\u0161anje kvaliteta nastave.<\/p>\n<\/div>\n<\/div>\n<\/div>\n<\/div>\n<\/div>\n<\/div>\n<\/div>\n<\/div>\n<\/div>\n<\/div>\n<\/div>\n<\/div>\n<\/div>\n","protected":false},"excerpt":{"rendered":"<p>foto: Du\u0161ko Miljani\u0107, UNICEF Povodom Svjetskog dana nastavnika, koji se \u0161irom svijeta obilje\u017eava 5. oktobra, UNICEF i Delegacija EU u Crnoj Gori pozivaju na ja\u010danje podr\u0161ke nastavnicima kako bi se osiguralo da svako dijete dobije kvalitetno inkluzivno obrazovanje tokom pandemije COVID-a-19. \u201cSvi se sje\u0107amo barem jednog nastavnika koji nam je promijenio \u017eivot \u2012 koji nam [&hellip;]<\/p>\n","protected":false},"author":1,"featured_media":35842,"comment_status":"closed","ping_status":"closed","sticky":false,"template":"","format":"standard","meta":{"_acf_changed":false,"footnotes":""},"categories":[287,283],"tags":[],"class_list":["post-10903","post","type-post","status-publish","format-standard","has-post-thumbnail","hentry","category-koronavirusa","category-novosti-me"],"acf":[],"yoast_head":"<!-- This site is optimized with the Yoast SEO plugin v27.3 - https:\/\/yoast.com\/product\/yoast-seo-wordpress\/ -->\n<title>Poja\u010dati podr\u0161ku nastavnicima - Europe House<\/title>\n<meta name=\"robots\" content=\"index, follow, max-snippet:-1, max-image-preview:large, max-video-preview:-1\" \/>\n<link rel=\"canonical\" href=\"https:\/\/www.evropskakuca.me\/me\/pojacati-podrsku-nastavnicima\/\" \/>\n<meta property=\"og:locale\" content=\"en_US\" \/>\n<meta property=\"og:type\" content=\"article\" \/>\n<meta property=\"og:title\" content=\"Poja\u010dati podr\u0161ku nastavnicima - Europe House\" \/>\n<meta property=\"og:description\" content=\"foto: Du\u0161ko Miljani\u0107, UNICEF Povodom Svjetskog dana nastavnika, koji se \u0161irom svijeta obilje\u017eava 5. oktobra, UNICEF i Delegacija EU u Crnoj Gori pozivaju na ja\u010danje podr\u0161ke nastavnicima kako bi se osiguralo da svako dijete dobije kvalitetno inkluzivno obrazovanje tokom pandemije COVID-a-19. \u201cSvi se sje\u0107amo barem jednog nastavnika koji nam je promijenio \u017eivot \u2012 koji nam [&hellip;]\" \/>\n<meta property=\"og:url\" content=\"https:\/\/www.evropskakuca.me\/me\/pojacati-podrsku-nastavnicima\/\" \/>\n<meta property=\"og:site_name\" content=\"Europe House\" \/>\n<meta property=\"article:publisher\" content=\"https:\/\/www.facebook.com\/evropska.kuca\" \/>\n<meta property=\"article:published_time\" content=\"2020-10-05T08:49:39+00:00\" \/>\n<meta property=\"og:image\" content=\"https:\/\/www.evropskakuca.me\/wp-content\/uploads\/2021\/03\/dan_ucitelja.jpg\" \/>\n\t<meta property=\"og:image:width\" content=\"750\" \/>\n\t<meta property=\"og:image:height\" content=\"422\" \/>\n\t<meta property=\"og:image:type\" content=\"image\/jpeg\" \/>\n<meta name=\"author\" content=\"mkajic\" \/>\n<meta name=\"twitter:card\" content=\"summary_large_image\" \/>\n<meta name=\"twitter:creator\" content=\"@evropska_kuca\" \/>\n<meta name=\"twitter:site\" content=\"@evropska_kuca\" \/>\n<meta name=\"twitter:label1\" content=\"Written by\" \/>\n\t<meta name=\"twitter:data1\" content=\"mkajic\" \/>\n\t<meta name=\"twitter:label2\" content=\"Est. reading time\" \/>\n\t<meta name=\"twitter:data2\" content=\"2 minutes\" \/>\n<script type=\"application\/ld+json\" class=\"yoast-schema-graph\">{\"@context\":\"https:\\\/\\\/schema.org\",\"@graph\":[{\"@type\":\"Article\",\"@id\":\"https:\\\/\\\/www.evropskakuca.me\\\/me\\\/pojacati-podrsku-nastavnicima\\\/#article\",\"isPartOf\":{\"@id\":\"https:\\\/\\\/www.evropskakuca.me\\\/me\\\/pojacati-podrsku-nastavnicima\\\/\"},\"author\":{\"name\":\"mkajic\",\"@id\":\"https:\\\/\\\/www.evropskakuca.me\\\/me\\\/#\\\/schema\\\/person\\\/a1d0dcdaefe4a1cd1d60d200ea137ba4\"},\"headline\":\"Poja\u010dati podr\u0161ku nastavnicima\",\"datePublished\":\"2020-10-05T08:49:39+00:00\",\"mainEntityOfPage\":{\"@id\":\"https:\\\/\\\/www.evropskakuca.me\\\/me\\\/pojacati-podrsku-nastavnicima\\\/\"},\"wordCount\":438,\"publisher\":{\"@id\":\"https:\\\/\\\/www.evropskakuca.me\\\/me\\\/#organization\"},\"image\":{\"@id\":\"https:\\\/\\\/www.evropskakuca.me\\\/me\\\/pojacati-podrsku-nastavnicima\\\/#primaryimage\"},\"thumbnailUrl\":\"https:\\\/\\\/www.evropskakuca.me\\\/wp-content\\\/uploads\\\/2021\\\/03\\\/dan_ucitelja.jpg\",\"articleSection\":[\"Koronavirusa\",\"Novosti\"],\"inLanguage\":\"me-ME\"},{\"@type\":\"WebPage\",\"@id\":\"https:\\\/\\\/www.evropskakuca.me\\\/me\\\/pojacati-podrsku-nastavnicima\\\/\",\"url\":\"https:\\\/\\\/www.evropskakuca.me\\\/me\\\/pojacati-podrsku-nastavnicima\\\/\",\"name\":\"Poja\u010dati podr\u0161ku nastavnicima - Europe House\",\"isPartOf\":{\"@id\":\"https:\\\/\\\/www.evropskakuca.me\\\/me\\\/#website\"},\"primaryImageOfPage\":{\"@id\":\"https:\\\/\\\/www.evropskakuca.me\\\/me\\\/pojacati-podrsku-nastavnicima\\\/#primaryimage\"},\"image\":{\"@id\":\"https:\\\/\\\/www.evropskakuca.me\\\/me\\\/pojacati-podrsku-nastavnicima\\\/#primaryimage\"},\"thumbnailUrl\":\"https:\\\/\\\/www.evropskakuca.me\\\/wp-content\\\/uploads\\\/2021\\\/03\\\/dan_ucitelja.jpg\",\"datePublished\":\"2020-10-05T08:49:39+00:00\",\"breadcrumb\":{\"@id\":\"https:\\\/\\\/www.evropskakuca.me\\\/me\\\/pojacati-podrsku-nastavnicima\\\/#breadcrumb\"},\"inLanguage\":\"me-ME\",\"potentialAction\":[{\"@type\":\"ReadAction\",\"target\":[\"https:\\\/\\\/www.evropskakuca.me\\\/me\\\/pojacati-podrsku-nastavnicima\\\/\"]}]},{\"@type\":\"ImageObject\",\"inLanguage\":\"me-ME\",\"@id\":\"https:\\\/\\\/www.evropskakuca.me\\\/me\\\/pojacati-podrsku-nastavnicima\\\/#primaryimage\",\"url\":\"https:\\\/\\\/www.evropskakuca.me\\\/wp-content\\\/uploads\\\/2021\\\/03\\\/dan_ucitelja.jpg\",\"contentUrl\":\"https:\\\/\\\/www.evropskakuca.me\\\/wp-content\\\/uploads\\\/2021\\\/03\\\/dan_ucitelja.jpg\",\"width\":750,\"height\":422},{\"@type\":\"BreadcrumbList\",\"@id\":\"https:\\\/\\\/www.evropskakuca.me\\\/me\\\/pojacati-podrsku-nastavnicima\\\/#breadcrumb\",\"itemListElement\":[{\"@type\":\"ListItem\",\"position\":1,\"name\":\"Home\",\"item\":\"https:\\\/\\\/www.evropskakuca.me\\\/me\\\/\"},{\"@type\":\"ListItem\",\"position\":2,\"name\":\"Poja\u010dati podr\u0161ku nastavnicima\"}]},{\"@type\":\"WebSite\",\"@id\":\"https:\\\/\\\/www.evropskakuca.me\\\/me\\\/#website\",\"url\":\"https:\\\/\\\/www.evropskakuca.me\\\/me\\\/\",\"name\":\"Evropean house\",\"description\":\"\",\"publisher\":{\"@id\":\"https:\\\/\\\/www.evropskakuca.me\\\/me\\\/#organization\"},\"potentialAction\":[{\"@type\":\"SearchAction\",\"target\":{\"@type\":\"EntryPoint\",\"urlTemplate\":\"https:\\\/\\\/www.evropskakuca.me\\\/me\\\/?s={search_term_string}\"},\"query-input\":{\"@type\":\"PropertyValueSpecification\",\"valueRequired\":true,\"valueName\":\"search_term_string\"}}],\"inLanguage\":\"me-ME\"},{\"@type\":\"Organization\",\"@id\":\"https:\\\/\\\/www.evropskakuca.me\\\/me\\\/#organization\",\"name\":\"Evropean house\",\"url\":\"https:\\\/\\\/www.evropskakuca.me\\\/me\\\/\",\"logo\":{\"@type\":\"ImageObject\",\"inLanguage\":\"me-ME\",\"@id\":\"https:\\\/\\\/www.evropskakuca.me\\\/me\\\/#\\\/schema\\\/logo\\\/image\\\/\",\"url\":\"https:\\\/\\\/www.evropskakuca.me\\\/wp-content\\\/uploads\\\/2025\\\/01\\\/evropska-kuca-logo-1.png\",\"contentUrl\":\"https:\\\/\\\/www.evropskakuca.me\\\/wp-content\\\/uploads\\\/2025\\\/01\\\/evropska-kuca-logo-1.png\",\"width\":425,\"height\":312,\"caption\":\"Evropean house\"},\"image\":{\"@id\":\"https:\\\/\\\/www.evropskakuca.me\\\/me\\\/#\\\/schema\\\/logo\\\/image\\\/\"},\"sameAs\":[\"https:\\\/\\\/www.facebook.com\\\/evropska.kuca\",\"https:\\\/\\\/x.com\\\/evropska_kuca\",\"https:\\\/\\\/www.instagram.com\\\/evropska_kuca\"]},{\"@type\":\"Person\",\"@id\":\"https:\\\/\\\/www.evropskakuca.me\\\/me\\\/#\\\/schema\\\/person\\\/a1d0dcdaefe4a1cd1d60d200ea137ba4\",\"name\":\"mkajic\",\"image\":{\"@type\":\"ImageObject\",\"inLanguage\":\"me-ME\",\"@id\":\"https:\\\/\\\/secure.gravatar.com\\\/avatar\\\/731fa035cefab7316e6bafd1f25a93fb731a07de14e2d9923f8db4422628eabc?s=96&d=mm&r=g\",\"url\":\"https:\\\/\\\/secure.gravatar.com\\\/avatar\\\/731fa035cefab7316e6bafd1f25a93fb731a07de14e2d9923f8db4422628eabc?s=96&d=mm&r=g\",\"contentUrl\":\"https:\\\/\\\/secure.gravatar.com\\\/avatar\\\/731fa035cefab7316e6bafd1f25a93fb731a07de14e2d9923f8db4422628eabc?s=96&d=mm&r=g\",\"caption\":\"mkajic\"},\"sameAs\":[\"https:\\\/\\\/evropskakuca.me\"],\"url\":\"https:\\\/\\\/www.evropskakuca.me\\\/me\\\/author\\\/mkajic\\\/\"}]}<\/script>\n<!-- \/ Yoast SEO plugin. -->","yoast_head_json":{"title":"Poja\u010dati podr\u0161ku nastavnicima - Europe House","robots":{"index":"index","follow":"follow","max-snippet":"max-snippet:-1","max-image-preview":"max-image-preview:large","max-video-preview":"max-video-preview:-1"},"canonical":"https:\/\/www.evropskakuca.me\/me\/pojacati-podrsku-nastavnicima\/","og_locale":"en_US","og_type":"article","og_title":"Poja\u010dati podr\u0161ku nastavnicima - Europe House","og_description":"foto: Du\u0161ko Miljani\u0107, UNICEF Povodom Svjetskog dana nastavnika, koji se \u0161irom svijeta obilje\u017eava 5. oktobra, UNICEF i Delegacija EU u Crnoj Gori pozivaju na ja\u010danje podr\u0161ke nastavnicima kako bi se osiguralo da svako dijete dobije kvalitetno inkluzivno obrazovanje tokom pandemije COVID-a-19. \u201cSvi se sje\u0107amo barem jednog nastavnika koji nam je promijenio \u017eivot \u2012 koji nam [&hellip;]","og_url":"https:\/\/www.evropskakuca.me\/me\/pojacati-podrsku-nastavnicima\/","og_site_name":"Europe House","article_publisher":"https:\/\/www.facebook.com\/evropska.kuca","article_published_time":"2020-10-05T08:49:39+00:00","og_image":[{"width":750,"height":422,"url":"https:\/\/www.evropskakuca.me\/wp-content\/uploads\/2021\/03\/dan_ucitelja.jpg","type":"image\/jpeg"}],"author":"mkajic","twitter_card":"summary_large_image","twitter_creator":"@evropska_kuca","twitter_site":"@evropska_kuca","twitter_misc":{"Written by":"mkajic","Est. reading time":"2 minutes"},"schema":{"@context":"https:\/\/schema.org","@graph":[{"@type":"Article","@id":"https:\/\/www.evropskakuca.me\/me\/pojacati-podrsku-nastavnicima\/#article","isPartOf":{"@id":"https:\/\/www.evropskakuca.me\/me\/pojacati-podrsku-nastavnicima\/"},"author":{"name":"mkajic","@id":"https:\/\/www.evropskakuca.me\/me\/#\/schema\/person\/a1d0dcdaefe4a1cd1d60d200ea137ba4"},"headline":"Poja\u010dati podr\u0161ku nastavnicima","datePublished":"2020-10-05T08:49:39+00:00","mainEntityOfPage":{"@id":"https:\/\/www.evropskakuca.me\/me\/pojacati-podrsku-nastavnicima\/"},"wordCount":438,"publisher":{"@id":"https:\/\/www.evropskakuca.me\/me\/#organization"},"image":{"@id":"https:\/\/www.evropskakuca.me\/me\/pojacati-podrsku-nastavnicima\/#primaryimage"},"thumbnailUrl":"https:\/\/www.evropskakuca.me\/wp-content\/uploads\/2021\/03\/dan_ucitelja.jpg","articleSection":["Koronavirusa","Novosti"],"inLanguage":"me-ME"},{"@type":"WebPage","@id":"https:\/\/www.evropskakuca.me\/me\/pojacati-podrsku-nastavnicima\/","url":"https:\/\/www.evropskakuca.me\/me\/pojacati-podrsku-nastavnicima\/","name":"Poja\u010dati podr\u0161ku nastavnicima - Europe House","isPartOf":{"@id":"https:\/\/www.evropskakuca.me\/me\/#website"},"primaryImageOfPage":{"@id":"https:\/\/www.evropskakuca.me\/me\/pojacati-podrsku-nastavnicima\/#primaryimage"},"image":{"@id":"https:\/\/www.evropskakuca.me\/me\/pojacati-podrsku-nastavnicima\/#primaryimage"},"thumbnailUrl":"https:\/\/www.evropskakuca.me\/wp-content\/uploads\/2021\/03\/dan_ucitelja.jpg","datePublished":"2020-10-05T08:49:39+00:00","breadcrumb":{"@id":"https:\/\/www.evropskakuca.me\/me\/pojacati-podrsku-nastavnicima\/#breadcrumb"},"inLanguage":"me-ME","potentialAction":[{"@type":"ReadAction","target":["https:\/\/www.evropskakuca.me\/me\/pojacati-podrsku-nastavnicima\/"]}]},{"@type":"ImageObject","inLanguage":"me-ME","@id":"https:\/\/www.evropskakuca.me\/me\/pojacati-podrsku-nastavnicima\/#primaryimage","url":"https:\/\/www.evropskakuca.me\/wp-content\/uploads\/2021\/03\/dan_ucitelja.jpg","contentUrl":"https:\/\/www.evropskakuca.me\/wp-content\/uploads\/2021\/03\/dan_ucitelja.jpg","width":750,"height":422},{"@type":"BreadcrumbList","@id":"https:\/\/www.evropskakuca.me\/me\/pojacati-podrsku-nastavnicima\/#breadcrumb","itemListElement":[{"@type":"ListItem","position":1,"name":"Home","item":"https:\/\/www.evropskakuca.me\/me\/"},{"@type":"ListItem","position":2,"name":"Poja\u010dati podr\u0161ku nastavnicima"}]},{"@type":"WebSite","@id":"https:\/\/www.evropskakuca.me\/me\/#website","url":"https:\/\/www.evropskakuca.me\/me\/","name":"Evropean house","description":"","publisher":{"@id":"https:\/\/www.evropskakuca.me\/me\/#organization"},"potentialAction":[{"@type":"SearchAction","target":{"@type":"EntryPoint","urlTemplate":"https:\/\/www.evropskakuca.me\/me\/?s={search_term_string}"},"query-input":{"@type":"PropertyValueSpecification","valueRequired":true,"valueName":"search_term_string"}}],"inLanguage":"me-ME"},{"@type":"Organization","@id":"https:\/\/www.evropskakuca.me\/me\/#organization","name":"Evropean house","url":"https:\/\/www.evropskakuca.me\/me\/","logo":{"@type":"ImageObject","inLanguage":"me-ME","@id":"https:\/\/www.evropskakuca.me\/me\/#\/schema\/logo\/image\/","url":"https:\/\/www.evropskakuca.me\/wp-content\/uploads\/2025\/01\/evropska-kuca-logo-1.png","contentUrl":"https:\/\/www.evropskakuca.me\/wp-content\/uploads\/2025\/01\/evropska-kuca-logo-1.png","width":425,"height":312,"caption":"Evropean house"},"image":{"@id":"https:\/\/www.evropskakuca.me\/me\/#\/schema\/logo\/image\/"},"sameAs":["https:\/\/www.facebook.com\/evropska.kuca","https:\/\/x.com\/evropska_kuca","https:\/\/www.instagram.com\/evropska_kuca"]},{"@type":"Person","@id":"https:\/\/www.evropskakuca.me\/me\/#\/schema\/person\/a1d0dcdaefe4a1cd1d60d200ea137ba4","name":"mkajic","image":{"@type":"ImageObject","inLanguage":"me-ME","@id":"https:\/\/secure.gravatar.com\/avatar\/731fa035cefab7316e6bafd1f25a93fb731a07de14e2d9923f8db4422628eabc?s=96&d=mm&r=g","url":"https:\/\/secure.gravatar.com\/avatar\/731fa035cefab7316e6bafd1f25a93fb731a07de14e2d9923f8db4422628eabc?s=96&d=mm&r=g","contentUrl":"https:\/\/secure.gravatar.com\/avatar\/731fa035cefab7316e6bafd1f25a93fb731a07de14e2d9923f8db4422628eabc?s=96&d=mm&r=g","caption":"mkajic"},"sameAs":["https:\/\/evropskakuca.me"],"url":"https:\/\/www.evropskakuca.me\/me\/author\/mkajic\/"}]}},"_links":{"self":[{"href":"https:\/\/www.evropskakuca.me\/me\/wp-json\/wp\/v2\/posts\/10903","targetHints":{"allow":["GET"]}}],"collection":[{"href":"https:\/\/www.evropskakuca.me\/me\/wp-json\/wp\/v2\/posts"}],"about":[{"href":"https:\/\/www.evropskakuca.me\/me\/wp-json\/wp\/v2\/types\/post"}],"author":[{"embeddable":true,"href":"https:\/\/www.evropskakuca.me\/me\/wp-json\/wp\/v2\/users\/1"}],"replies":[{"embeddable":true,"href":"https:\/\/www.evropskakuca.me\/me\/wp-json\/wp\/v2\/comments?post=10903"}],"version-history":[{"count":0,"href":"https:\/\/www.evropskakuca.me\/me\/wp-json\/wp\/v2\/posts\/10903\/revisions"}],"wp:featuredmedia":[{"embeddable":true,"href":"https:\/\/www.evropskakuca.me\/me\/wp-json\/wp\/v2\/media\/35842"}],"wp:attachment":[{"href":"https:\/\/www.evropskakuca.me\/me\/wp-json\/wp\/v2\/media?parent=10903"}],"wp:term":[{"taxonomy":"category","embeddable":true,"href":"https:\/\/www.evropskakuca.me\/me\/wp-json\/wp\/v2\/categories?post=10903"},{"taxonomy":"post_tag","embeddable":true,"href":"https:\/\/www.evropskakuca.me\/me\/wp-json\/wp\/v2\/tags?post=10903"}],"curies":[{"name":"wp","href":"https:\/\/api.w.org\/{rel}","templated":true}]}}