{"id":10891,"date":"2020-10-14T08:44:07","date_gmt":"2020-10-14T08:44:07","guid":{"rendered":"http:\/\/www.evropskakuca.me\/?p=10891"},"modified":"2020-10-14T08:44:07","modified_gmt":"2020-10-14T08:44:07","slug":"eu-donirala-novu-zastitnu-medicinsku-opremu-za-borbu-protiv-korona-virusa-2","status":"publish","type":"post","link":"https:\/\/www.evropskakuca.me\/me\/eu-donirala-novu-zastitnu-medicinsku-opremu-za-borbu-protiv-korona-virusa-2\/","title":{"rendered":"EU donirala novu za\u0161titnu medicinsku opremu za borbu protiv korona virusa"},"content":{"rendered":"<p><span lang=\"sr\" xml:lang=\"sr\">Evropska unija donirala je Crnoj Gori novih 25 000 FFP2 maski i 15 000 jednokratnih hirur\u0161kih odijela. Pomo\u0107 je dodijeljena iz zajedni\u010dke evropske rezerve medicinske opreme &#8211; rescEU, koja je formirana kao posebna komponenta Mehanizma EU za civilnu za\u0161titu, nakon izbijanja pandemije korona virusa. Pored Crne Gore, opremu je dobila i Sjeverna Makedonije, a njen prevoz omogu\u0107ila je Njema\u010dka.<\/span><\/p>\n<p>&nbsp;<\/p>\n<div class=\"media media-element-container media-eeas_full_width\">\n<div id=\"file-91930\" class=\"file file-image file-image-jpeg\">\n<div class=\"content\"><img decoding=\"async\" class=\"media-element file-eeas-full-width\" src=\"https:\/\/eeas.europa.eu\/sites\/default\/files\/styles\/eeas_full_width\/public\/resceu_oprema_14102020_2_sajt.jpeg?itok=iUcMssFG\" alt=\"\" data-delta=\"1\" \/><\/div>\n<\/div>\n<\/div>\n<p><span lang=\"sr\" xml:lang=\"sr\">\u201eRezerva rescEU i Mehanizam EU za civilnu za\u0161titu nastavljaju da dokazuju svoju vrijednost u pru\u017eanju pomoc\u0301i onima kojima je potrebna. Li\u010dna za\u0161titna oprema ostaje neophodna sve dok se borimo protiv korona virusa. Zahvaljujem Nema\u010dkoj \u0161to su nabavili i prevezli ovu seriju rescEU opreme\u201c, rekao je komesar za krizno upravljanje Janez Lenar\u010di\u010d.<\/span><\/p>\n<p><span lang=\"SR-LATN-RS\" xml:lang=\"SR-LATN-RS\">Generalni direktor Direktorata za vanredne situacije u Ministarstvu unutra\u0161njih poslova, Mirsad Muli\u0107, iskazao je zahvalnost za doniranu opremu i kazao da \u0107e biti vrlo zna\u010dajna u daljoj borbi sa korona virusom.<\/span><\/p>\n<p>&nbsp;<\/p>\n<div class=\"media media-element-container media-eeas_full_width\">\n<div id=\"file-91931\" class=\"file file-image file-image-jpeg\">\n<div class=\"content\"><img decoding=\"async\" class=\"media-element file-eeas-full-width\" src=\"https:\/\/eeas.europa.eu\/sites\/default\/files\/styles\/eeas_full_width\/public\/resceu_oprema_14102020_3_sajt.jpeg?itok=zd4uSZmL\" alt=\"\" data-delta=\"2\" \/><\/div>\n<\/div>\n<\/div>\n<p><span lang=\"SR-LATN-RS\" xml:lang=\"SR-LATN-RS\">\u201eOva donacija je jo\u0161 jedna potvrda partnerskog odnosa Crne Gore i Evropske unije. Svaka donacija i nova isporuka \u010dine Crnu Goru sna\u017enijom u kontinuiranom odgovoru na ovaj izazov\u201c, istakao je Muli\u0107.<\/span><\/p>\n<p><span lang=\"sr\" xml:lang=\"sr\">Od izbijanja epidemije korona virusa do sada,\u00a0<\/span><span lang=\"sr\" xml:lang=\"sr\">Evropska unija je Crnoj Gori donirala ukupno 100 bolni\u010dkih respiratora, 10 savremenih rendgenskih ure\u0111aja i skoro 2 miliona komada li\u010dne za\u0161titne opreme, uklju\u010duju\u0107i hirur\u0161ke maske, rukavice, kape, za\u0161titna odijela, kecelje, nao\u010dare, navlake za obu\u0107u, itd.\u00a0<\/span><\/p>\n","protected":false},"excerpt":{"rendered":"<p>Evropska unija donirala je Crnoj Gori novih 25 000 FFP2 maski i 15 000 jednokratnih hirur\u0161kih odijela. Pomo\u0107 je dodijeljena iz zajedni\u010dke evropske rezerve medicinske opreme &#8211; rescEU, koja je formirana kao posebna komponenta Mehanizma EU za civilnu za\u0161titu, nakon izbijanja pandemije korona virusa. Pored Crne Gore, opremu je dobila i Sjeverna Makedonije, a njen [&hellip;]<\/p>\n","protected":false},"author":1,"featured_media":0,"comment_status":"closed","ping_status":"closed","sticky":false,"template":"","format":"standard","meta":{"_acf_changed":false,"footnotes":""},"categories":[287,283],"tags":[],"class_list":["post-10891","post","type-post","status-publish","format-standard","hentry","category-koronavirusa","category-novosti-me"],"acf":[],"yoast_head":"<!-- This site is optimized with the Yoast SEO plugin v27.3 - https:\/\/yoast.com\/product\/yoast-seo-wordpress\/ -->\n<title>EU donirala novu za\u0161titnu medicinsku opremu za borbu protiv korona virusa - Europe House<\/title>\n<meta name=\"robots\" content=\"index, follow, max-snippet:-1, max-image-preview:large, max-video-preview:-1\" \/>\n<link rel=\"canonical\" href=\"https:\/\/www.evropskakuca.me\/me\/eu-donirala-novu-zastitnu-medicinsku-opremu-za-borbu-protiv-korona-virusa-2\/\" \/>\n<meta property=\"og:locale\" content=\"en_US\" \/>\n<meta property=\"og:type\" content=\"article\" \/>\n<meta property=\"og:title\" content=\"EU donirala novu za\u0161titnu medicinsku opremu za borbu protiv korona virusa - Europe House\" \/>\n<meta property=\"og:description\" content=\"Evropska unija donirala je Crnoj Gori novih 25 000 FFP2 maski i 15 000 jednokratnih hirur\u0161kih odijela. Pomo\u0107 je dodijeljena iz zajedni\u010dke evropske rezerve medicinske opreme &#8211; rescEU, koja je formirana kao posebna komponenta Mehanizma EU za civilnu za\u0161titu, nakon izbijanja pandemije korona virusa. Pored Crne Gore, opremu je dobila i Sjeverna Makedonije, a njen [&hellip;]\" \/>\n<meta property=\"og:url\" content=\"https:\/\/www.evropskakuca.me\/me\/eu-donirala-novu-zastitnu-medicinsku-opremu-za-borbu-protiv-korona-virusa-2\/\" \/>\n<meta property=\"og:site_name\" content=\"Europe House\" \/>\n<meta property=\"article:publisher\" content=\"https:\/\/www.facebook.com\/evropska.kuca\" \/>\n<meta property=\"article:published_time\" content=\"2020-10-14T08:44:07+00:00\" \/>\n<meta property=\"og:image\" content=\"https:\/\/eeas.europa.eu\/sites\/default\/files\/styles\/eeas_full_width\/public\/resceu_oprema_14102020_2_sajt.jpeg?itok=iUcMssFG\" \/>\n<meta name=\"author\" content=\"mkajic\" \/>\n<meta name=\"twitter:card\" content=\"summary_large_image\" \/>\n<meta name=\"twitter:creator\" content=\"@evropska_kuca\" \/>\n<meta name=\"twitter:site\" content=\"@evropska_kuca\" \/>\n<meta name=\"twitter:label1\" content=\"Written by\" \/>\n\t<meta name=\"twitter:data1\" content=\"mkajic\" \/>\n\t<meta name=\"twitter:label2\" content=\"Est. reading time\" \/>\n\t<meta name=\"twitter:data2\" content=\"1 minute\" \/>\n<script type=\"application\/ld+json\" class=\"yoast-schema-graph\">{\"@context\":\"https:\\\/\\\/schema.org\",\"@graph\":[{\"@type\":\"Article\",\"@id\":\"https:\\\/\\\/www.evropskakuca.me\\\/me\\\/eu-donirala-novu-zastitnu-medicinsku-opremu-za-borbu-protiv-korona-virusa-2\\\/#article\",\"isPartOf\":{\"@id\":\"https:\\\/\\\/www.evropskakuca.me\\\/me\\\/eu-donirala-novu-zastitnu-medicinsku-opremu-za-borbu-protiv-korona-virusa-2\\\/\"},\"author\":{\"name\":\"mkajic\",\"@id\":\"https:\\\/\\\/www.evropskakuca.me\\\/me\\\/#\\\/schema\\\/person\\\/a1d0dcdaefe4a1cd1d60d200ea137ba4\"},\"headline\":\"EU donirala novu za\u0161titnu medicinsku opremu za borbu protiv korona virusa\",\"datePublished\":\"2020-10-14T08:44:07+00:00\",\"mainEntityOfPage\":{\"@id\":\"https:\\\/\\\/www.evropskakuca.me\\\/me\\\/eu-donirala-novu-zastitnu-medicinsku-opremu-za-borbu-protiv-korona-virusa-2\\\/\"},\"wordCount\":246,\"publisher\":{\"@id\":\"https:\\\/\\\/www.evropskakuca.me\\\/me\\\/#organization\"},\"image\":{\"@id\":\"https:\\\/\\\/www.evropskakuca.me\\\/me\\\/eu-donirala-novu-zastitnu-medicinsku-opremu-za-borbu-protiv-korona-virusa-2\\\/#primaryimage\"},\"thumbnailUrl\":\"https:\\\/\\\/eeas.europa.eu\\\/sites\\\/default\\\/files\\\/styles\\\/eeas_full_width\\\/public\\\/resceu_oprema_14102020_2_sajt.jpeg?itok=iUcMssFG\",\"articleSection\":[\"Koronavirusa\",\"Novosti\"],\"inLanguage\":\"me-ME\"},{\"@type\":\"WebPage\",\"@id\":\"https:\\\/\\\/www.evropskakuca.me\\\/me\\\/eu-donirala-novu-zastitnu-medicinsku-opremu-za-borbu-protiv-korona-virusa-2\\\/\",\"url\":\"https:\\\/\\\/www.evropskakuca.me\\\/me\\\/eu-donirala-novu-zastitnu-medicinsku-opremu-za-borbu-protiv-korona-virusa-2\\\/\",\"name\":\"EU donirala novu za\u0161titnu medicinsku opremu za borbu protiv korona virusa - Europe House\",\"isPartOf\":{\"@id\":\"https:\\\/\\\/www.evropskakuca.me\\\/me\\\/#website\"},\"primaryImageOfPage\":{\"@id\":\"https:\\\/\\\/www.evropskakuca.me\\\/me\\\/eu-donirala-novu-zastitnu-medicinsku-opremu-za-borbu-protiv-korona-virusa-2\\\/#primaryimage\"},\"image\":{\"@id\":\"https:\\\/\\\/www.evropskakuca.me\\\/me\\\/eu-donirala-novu-zastitnu-medicinsku-opremu-za-borbu-protiv-korona-virusa-2\\\/#primaryimage\"},\"thumbnailUrl\":\"https:\\\/\\\/eeas.europa.eu\\\/sites\\\/default\\\/files\\\/styles\\\/eeas_full_width\\\/public\\\/resceu_oprema_14102020_2_sajt.jpeg?itok=iUcMssFG\",\"datePublished\":\"2020-10-14T08:44:07+00:00\",\"breadcrumb\":{\"@id\":\"https:\\\/\\\/www.evropskakuca.me\\\/me\\\/eu-donirala-novu-zastitnu-medicinsku-opremu-za-borbu-protiv-korona-virusa-2\\\/#breadcrumb\"},\"inLanguage\":\"me-ME\",\"potentialAction\":[{\"@type\":\"ReadAction\",\"target\":[\"https:\\\/\\\/www.evropskakuca.me\\\/me\\\/eu-donirala-novu-zastitnu-medicinsku-opremu-za-borbu-protiv-korona-virusa-2\\\/\"]}]},{\"@type\":\"ImageObject\",\"inLanguage\":\"me-ME\",\"@id\":\"https:\\\/\\\/www.evropskakuca.me\\\/me\\\/eu-donirala-novu-zastitnu-medicinsku-opremu-za-borbu-protiv-korona-virusa-2\\\/#primaryimage\",\"url\":\"https:\\\/\\\/eeas.europa.eu\\\/sites\\\/default\\\/files\\\/styles\\\/eeas_full_width\\\/public\\\/resceu_oprema_14102020_2_sajt.jpeg?itok=iUcMssFG\",\"contentUrl\":\"https:\\\/\\\/eeas.europa.eu\\\/sites\\\/default\\\/files\\\/styles\\\/eeas_full_width\\\/public\\\/resceu_oprema_14102020_2_sajt.jpeg?itok=iUcMssFG\"},{\"@type\":\"BreadcrumbList\",\"@id\":\"https:\\\/\\\/www.evropskakuca.me\\\/me\\\/eu-donirala-novu-zastitnu-medicinsku-opremu-za-borbu-protiv-korona-virusa-2\\\/#breadcrumb\",\"itemListElement\":[{\"@type\":\"ListItem\",\"position\":1,\"name\":\"Home\",\"item\":\"https:\\\/\\\/www.evropskakuca.me\\\/me\\\/\"},{\"@type\":\"ListItem\",\"position\":2,\"name\":\"EU donirala novu za\u0161titnu medicinsku opremu za borbu protiv korona virusa\"}]},{\"@type\":\"WebSite\",\"@id\":\"https:\\\/\\\/www.evropskakuca.me\\\/me\\\/#website\",\"url\":\"https:\\\/\\\/www.evropskakuca.me\\\/me\\\/\",\"name\":\"Evropean house\",\"description\":\"\",\"publisher\":{\"@id\":\"https:\\\/\\\/www.evropskakuca.me\\\/me\\\/#organization\"},\"potentialAction\":[{\"@type\":\"SearchAction\",\"target\":{\"@type\":\"EntryPoint\",\"urlTemplate\":\"https:\\\/\\\/www.evropskakuca.me\\\/me\\\/?s={search_term_string}\"},\"query-input\":{\"@type\":\"PropertyValueSpecification\",\"valueRequired\":true,\"valueName\":\"search_term_string\"}}],\"inLanguage\":\"me-ME\"},{\"@type\":\"Organization\",\"@id\":\"https:\\\/\\\/www.evropskakuca.me\\\/me\\\/#organization\",\"name\":\"Evropean house\",\"url\":\"https:\\\/\\\/www.evropskakuca.me\\\/me\\\/\",\"logo\":{\"@type\":\"ImageObject\",\"inLanguage\":\"me-ME\",\"@id\":\"https:\\\/\\\/www.evropskakuca.me\\\/me\\\/#\\\/schema\\\/logo\\\/image\\\/\",\"url\":\"https:\\\/\\\/www.evropskakuca.me\\\/wp-content\\\/uploads\\\/2025\\\/01\\\/evropska-kuca-logo-1.png\",\"contentUrl\":\"https:\\\/\\\/www.evropskakuca.me\\\/wp-content\\\/uploads\\\/2025\\\/01\\\/evropska-kuca-logo-1.png\",\"width\":425,\"height\":312,\"caption\":\"Evropean house\"},\"image\":{\"@id\":\"https:\\\/\\\/www.evropskakuca.me\\\/me\\\/#\\\/schema\\\/logo\\\/image\\\/\"},\"sameAs\":[\"https:\\\/\\\/www.facebook.com\\\/evropska.kuca\",\"https:\\\/\\\/x.com\\\/evropska_kuca\",\"https:\\\/\\\/www.instagram.com\\\/evropska_kuca\"]},{\"@type\":\"Person\",\"@id\":\"https:\\\/\\\/www.evropskakuca.me\\\/me\\\/#\\\/schema\\\/person\\\/a1d0dcdaefe4a1cd1d60d200ea137ba4\",\"name\":\"mkajic\",\"image\":{\"@type\":\"ImageObject\",\"inLanguage\":\"me-ME\",\"@id\":\"https:\\\/\\\/secure.gravatar.com\\\/avatar\\\/731fa035cefab7316e6bafd1f25a93fb731a07de14e2d9923f8db4422628eabc?s=96&d=mm&r=g\",\"url\":\"https:\\\/\\\/secure.gravatar.com\\\/avatar\\\/731fa035cefab7316e6bafd1f25a93fb731a07de14e2d9923f8db4422628eabc?s=96&d=mm&r=g\",\"contentUrl\":\"https:\\\/\\\/secure.gravatar.com\\\/avatar\\\/731fa035cefab7316e6bafd1f25a93fb731a07de14e2d9923f8db4422628eabc?s=96&d=mm&r=g\",\"caption\":\"mkajic\"},\"sameAs\":[\"https:\\\/\\\/evropskakuca.me\"],\"url\":\"https:\\\/\\\/www.evropskakuca.me\\\/me\\\/author\\\/mkajic\\\/\"}]}<\/script>\n<!-- \/ Yoast SEO plugin. -->","yoast_head_json":{"title":"EU donirala novu za\u0161titnu medicinsku opremu za borbu protiv korona virusa - Europe House","robots":{"index":"index","follow":"follow","max-snippet":"max-snippet:-1","max-image-preview":"max-image-preview:large","max-video-preview":"max-video-preview:-1"},"canonical":"https:\/\/www.evropskakuca.me\/me\/eu-donirala-novu-zastitnu-medicinsku-opremu-za-borbu-protiv-korona-virusa-2\/","og_locale":"en_US","og_type":"article","og_title":"EU donirala novu za\u0161titnu medicinsku opremu za borbu protiv korona virusa - Europe House","og_description":"Evropska unija donirala je Crnoj Gori novih 25 000 FFP2 maski i 15 000 jednokratnih hirur\u0161kih odijela. Pomo\u0107 je dodijeljena iz zajedni\u010dke evropske rezerve medicinske opreme &#8211; rescEU, koja je formirana kao posebna komponenta Mehanizma EU za civilnu za\u0161titu, nakon izbijanja pandemije korona virusa. Pored Crne Gore, opremu je dobila i Sjeverna Makedonije, a njen [&hellip;]","og_url":"https:\/\/www.evropskakuca.me\/me\/eu-donirala-novu-zastitnu-medicinsku-opremu-za-borbu-protiv-korona-virusa-2\/","og_site_name":"Europe House","article_publisher":"https:\/\/www.facebook.com\/evropska.kuca","article_published_time":"2020-10-14T08:44:07+00:00","og_image":[{"url":"https:\/\/eeas.europa.eu\/sites\/default\/files\/styles\/eeas_full_width\/public\/resceu_oprema_14102020_2_sajt.jpeg?itok=iUcMssFG","type":"","width":"","height":""}],"author":"mkajic","twitter_card":"summary_large_image","twitter_creator":"@evropska_kuca","twitter_site":"@evropska_kuca","twitter_misc":{"Written by":"mkajic","Est. reading time":"1 minute"},"schema":{"@context":"https:\/\/schema.org","@graph":[{"@type":"Article","@id":"https:\/\/www.evropskakuca.me\/me\/eu-donirala-novu-zastitnu-medicinsku-opremu-za-borbu-protiv-korona-virusa-2\/#article","isPartOf":{"@id":"https:\/\/www.evropskakuca.me\/me\/eu-donirala-novu-zastitnu-medicinsku-opremu-za-borbu-protiv-korona-virusa-2\/"},"author":{"name":"mkajic","@id":"https:\/\/www.evropskakuca.me\/me\/#\/schema\/person\/a1d0dcdaefe4a1cd1d60d200ea137ba4"},"headline":"EU donirala novu za\u0161titnu medicinsku opremu za borbu protiv korona virusa","datePublished":"2020-10-14T08:44:07+00:00","mainEntityOfPage":{"@id":"https:\/\/www.evropskakuca.me\/me\/eu-donirala-novu-zastitnu-medicinsku-opremu-za-borbu-protiv-korona-virusa-2\/"},"wordCount":246,"publisher":{"@id":"https:\/\/www.evropskakuca.me\/me\/#organization"},"image":{"@id":"https:\/\/www.evropskakuca.me\/me\/eu-donirala-novu-zastitnu-medicinsku-opremu-za-borbu-protiv-korona-virusa-2\/#primaryimage"},"thumbnailUrl":"https:\/\/eeas.europa.eu\/sites\/default\/files\/styles\/eeas_full_width\/public\/resceu_oprema_14102020_2_sajt.jpeg?itok=iUcMssFG","articleSection":["Koronavirusa","Novosti"],"inLanguage":"me-ME"},{"@type":"WebPage","@id":"https:\/\/www.evropskakuca.me\/me\/eu-donirala-novu-zastitnu-medicinsku-opremu-za-borbu-protiv-korona-virusa-2\/","url":"https:\/\/www.evropskakuca.me\/me\/eu-donirala-novu-zastitnu-medicinsku-opremu-za-borbu-protiv-korona-virusa-2\/","name":"EU donirala novu za\u0161titnu medicinsku opremu za borbu protiv korona virusa - Europe House","isPartOf":{"@id":"https:\/\/www.evropskakuca.me\/me\/#website"},"primaryImageOfPage":{"@id":"https:\/\/www.evropskakuca.me\/me\/eu-donirala-novu-zastitnu-medicinsku-opremu-za-borbu-protiv-korona-virusa-2\/#primaryimage"},"image":{"@id":"https:\/\/www.evropskakuca.me\/me\/eu-donirala-novu-zastitnu-medicinsku-opremu-za-borbu-protiv-korona-virusa-2\/#primaryimage"},"thumbnailUrl":"https:\/\/eeas.europa.eu\/sites\/default\/files\/styles\/eeas_full_width\/public\/resceu_oprema_14102020_2_sajt.jpeg?itok=iUcMssFG","datePublished":"2020-10-14T08:44:07+00:00","breadcrumb":{"@id":"https:\/\/www.evropskakuca.me\/me\/eu-donirala-novu-zastitnu-medicinsku-opremu-za-borbu-protiv-korona-virusa-2\/#breadcrumb"},"inLanguage":"me-ME","potentialAction":[{"@type":"ReadAction","target":["https:\/\/www.evropskakuca.me\/me\/eu-donirala-novu-zastitnu-medicinsku-opremu-za-borbu-protiv-korona-virusa-2\/"]}]},{"@type":"ImageObject","inLanguage":"me-ME","@id":"https:\/\/www.evropskakuca.me\/me\/eu-donirala-novu-zastitnu-medicinsku-opremu-za-borbu-protiv-korona-virusa-2\/#primaryimage","url":"https:\/\/eeas.europa.eu\/sites\/default\/files\/styles\/eeas_full_width\/public\/resceu_oprema_14102020_2_sajt.jpeg?itok=iUcMssFG","contentUrl":"https:\/\/eeas.europa.eu\/sites\/default\/files\/styles\/eeas_full_width\/public\/resceu_oprema_14102020_2_sajt.jpeg?itok=iUcMssFG"},{"@type":"BreadcrumbList","@id":"https:\/\/www.evropskakuca.me\/me\/eu-donirala-novu-zastitnu-medicinsku-opremu-za-borbu-protiv-korona-virusa-2\/#breadcrumb","itemListElement":[{"@type":"ListItem","position":1,"name":"Home","item":"https:\/\/www.evropskakuca.me\/me\/"},{"@type":"ListItem","position":2,"name":"EU donirala novu za\u0161titnu medicinsku opremu za borbu protiv korona virusa"}]},{"@type":"WebSite","@id":"https:\/\/www.evropskakuca.me\/me\/#website","url":"https:\/\/www.evropskakuca.me\/me\/","name":"Evropean house","description":"","publisher":{"@id":"https:\/\/www.evropskakuca.me\/me\/#organization"},"potentialAction":[{"@type":"SearchAction","target":{"@type":"EntryPoint","urlTemplate":"https:\/\/www.evropskakuca.me\/me\/?s={search_term_string}"},"query-input":{"@type":"PropertyValueSpecification","valueRequired":true,"valueName":"search_term_string"}}],"inLanguage":"me-ME"},{"@type":"Organization","@id":"https:\/\/www.evropskakuca.me\/me\/#organization","name":"Evropean house","url":"https:\/\/www.evropskakuca.me\/me\/","logo":{"@type":"ImageObject","inLanguage":"me-ME","@id":"https:\/\/www.evropskakuca.me\/me\/#\/schema\/logo\/image\/","url":"https:\/\/www.evropskakuca.me\/wp-content\/uploads\/2025\/01\/evropska-kuca-logo-1.png","contentUrl":"https:\/\/www.evropskakuca.me\/wp-content\/uploads\/2025\/01\/evropska-kuca-logo-1.png","width":425,"height":312,"caption":"Evropean house"},"image":{"@id":"https:\/\/www.evropskakuca.me\/me\/#\/schema\/logo\/image\/"},"sameAs":["https:\/\/www.facebook.com\/evropska.kuca","https:\/\/x.com\/evropska_kuca","https:\/\/www.instagram.com\/evropska_kuca"]},{"@type":"Person","@id":"https:\/\/www.evropskakuca.me\/me\/#\/schema\/person\/a1d0dcdaefe4a1cd1d60d200ea137ba4","name":"mkajic","image":{"@type":"ImageObject","inLanguage":"me-ME","@id":"https:\/\/secure.gravatar.com\/avatar\/731fa035cefab7316e6bafd1f25a93fb731a07de14e2d9923f8db4422628eabc?s=96&d=mm&r=g","url":"https:\/\/secure.gravatar.com\/avatar\/731fa035cefab7316e6bafd1f25a93fb731a07de14e2d9923f8db4422628eabc?s=96&d=mm&r=g","contentUrl":"https:\/\/secure.gravatar.com\/avatar\/731fa035cefab7316e6bafd1f25a93fb731a07de14e2d9923f8db4422628eabc?s=96&d=mm&r=g","caption":"mkajic"},"sameAs":["https:\/\/evropskakuca.me"],"url":"https:\/\/www.evropskakuca.me\/me\/author\/mkajic\/"}]}},"_links":{"self":[{"href":"https:\/\/www.evropskakuca.me\/me\/wp-json\/wp\/v2\/posts\/10891","targetHints":{"allow":["GET"]}}],"collection":[{"href":"https:\/\/www.evropskakuca.me\/me\/wp-json\/wp\/v2\/posts"}],"about":[{"href":"https:\/\/www.evropskakuca.me\/me\/wp-json\/wp\/v2\/types\/post"}],"author":[{"embeddable":true,"href":"https:\/\/www.evropskakuca.me\/me\/wp-json\/wp\/v2\/users\/1"}],"replies":[{"embeddable":true,"href":"https:\/\/www.evropskakuca.me\/me\/wp-json\/wp\/v2\/comments?post=10891"}],"version-history":[{"count":0,"href":"https:\/\/www.evropskakuca.me\/me\/wp-json\/wp\/v2\/posts\/10891\/revisions"}],"wp:attachment":[{"href":"https:\/\/www.evropskakuca.me\/me\/wp-json\/wp\/v2\/media?parent=10891"}],"wp:term":[{"taxonomy":"category","embeddable":true,"href":"https:\/\/www.evropskakuca.me\/me\/wp-json\/wp\/v2\/categories?post=10891"},{"taxonomy":"post_tag","embeddable":true,"href":"https:\/\/www.evropskakuca.me\/me\/wp-json\/wp\/v2\/tags?post=10891"}],"curies":[{"name":"wp","href":"https:\/\/api.w.org\/{rel}","templated":true}]}}