{"id":10875,"date":"2021-03-24T11:56:30","date_gmt":"2021-03-24T11:56:30","guid":{"rendered":"http:\/\/www.evropskakuca.me\/?p=10875"},"modified":"2021-03-24T11:56:30","modified_gmt":"2021-03-24T11:56:30","slug":"evropska-komisija-kreirala-virtuelni-park-oprasivaca","status":"publish","type":"post","link":"https:\/\/www.evropskakuca.me\/me\/evropska-komisija-kreirala-virtuelni-park-oprasivaca\/","title":{"rendered":"Evropska Komisija kreirala virtuelni park opra\u0161iva\u010da"},"content":{"rendered":"<p>Broj opra\u0161iva\u010da, prenosilaca polena kod biljaka, u alarmantnom je padu, \u010dime je ugro\u017eena bezbjednost hrane i sam opstanak ljudi. Zato je Evropska komisija kreirala <a href=\"https:\/\/env.dataplatform.tech.ec.europa.eu\/products\/pollinators\/vr\/\">Park opra\u0161iva\u010da<\/a>, interaktivni digitalni alat za podizanje svijesti o va\u017enosti ovog problema i pokretanje globalne akcije za njegovo re\u0161avanje. Zami\u0161ljen kao dio Inicijative EU za opra\u0161iva\u010de, Park opra\u0161iva\u010da treba da podigne svijest, uklju\u010di cjelokupno dru\u0161tvo i promovi\u0161e saradnju na o\u010duvanju divljih opra\u0161iva\u010da.<\/p>\n<p>Dizajniran u saradnji sa svjetski poznatim &#8216;arhibiotektom&#8217; Vincentom Callebautom, Park opra\u0161iva\u010da nudi uvid u mra\u010dnu buduc\u0301nost koja nas o\u010dekuje, ukoliko radikalno ne promijenimo svoj odnos prema prirodi. Javno dostupan kao veb verzija i u virtuelnoj stvarnosti, Park poziva posjetioce da saznaju vi\u0161e o opra\u0161iva\u010dima, oku\u0161aju se u opra\u0161ivanju, kupuju namirnice u svijetu li\u0161enom opra\u0161iva\u010da i saznaju kako mogu pomoc\u0301i u izbjegavanju ove moguc\u0301e buduc\u0301nosti. Ova nova inicijativa poku\u0161ava da iskoristi snagu najbr\u017ee rastuc\u0301e medijske platforme na svijetu &#8211; dvije milijarde video igara na svijetu &#8211; i time cilja posebno mla\u0111e generacije.<\/p>\n<p>Ova inicijativa poma\u017ee u tekuc\u0301im naporima evropskog Zelenog sporazuma da se pozabave prirodnim krizama i krizama opra\u0161iva\u010da, posebno kao \u0161to je istaknuto u Strategiji EU o biodiverzitetu i Strategiji od farme do trpeze. Konkretno, \u010dlanice Globalne koalicije EU \u201eUjedinjene za biodiverzitet\u201c pozvane su da koriste opra\u0161iva\u010dki park kao dio sopstvenih kampanja oko gubitka biodiverziteta uo\u010di Petnaestog sastanka Konferencije potpisnica Konvencije o biolo\u0161koj raznolikostikasnije ove godine. Komesar za \u017eivotnu sredinu, okeane i ribarstvo Virginijus Sinkevi\u010dius rekao je:<\/p>\n<p>\u201eAlarmantan pad insekata koji opra\u0161uju usjeve i samonikle biljke ugro\u017eava sigurnost hrane i ugro\u017eava na\u0161 opstanak. EU vec\u0301 naporno radi na tome da preokrene gubitak opra\u0161iva\u010da evropskim Zelenim sporazumom, ali potrebni su nam \u0161iroki napori u \u010ditavom dru\u0161tvu, uz doprinos nau\u010dnika i stru\u010dnjaka, preduzec\u0301a i gra\u0111ana. Cilj Parka opra\u0161iva\u010da je da prika\u017ee opasnosti od \u201euobi\u010dajenog poslovanja\u201c, pozivajuc\u0301i nas da oja\u010damo napore da za\u0161titimo opra\u0161iva\u010de i obezbijedimo bolju buduc\u0301nost za sebe i buduc\u0301e generacije \u201c.<\/p>\n<p>Povjerenica za zdravlje i bezbijednost hrane Stella Kiriakides rekla je:<\/p>\n<p>\u201eTrec\u0301inu sve hrane koju jedemo, na\u0161eg voc\u0301a, povrc\u0301a, ulja i ora\u0161astih plodova, opra\u0161uju p\u010dele. Upotreba pesticida koji \u0161tete opra\u0161iva\u010dima u poljoprivredi jedan je od faktora koji doprinosi njihovom opadanju. Zbog toga smo zabranili upotrebu takvih supstanci, poput odre\u0111enih neonikotinoida. Obezbje\u0111ivanje visokog nivoa za\u0161tite opra\u0161iva\u010da je veoma va\u017eno za Komisiju kada odlu\u010duje o odobravanju aktivnih supstanci za upotrebu u sredstvima za za\u0161titu bilja, a za\u0161tita c\u0301e biti dodatno pobolj\u0161ana ciljevima smanjenja pesticida u strategiji Od farme do trpeze. \u201c<\/p>\n<p>Komisija trenutno preispituje Inicijativu za opra\u0161iva\u010de EU, s ciljem daljeg ja\u010danja akcija za zaustavljanje pada broja ovih dragocjenih insekata, a tokom druge polovine godine predvi\u0111ene su javne konsultacije. Akcioni plan za nula zaga\u0111enja koji se o\u010dekuje u narednim mjesecima tako\u0111e c\u0301e dati zna\u010dajan doprinos zaustavljanju i preokretanju gubitka opra\u0161iva\u010da.<\/p>\n<p><iframe title=\"Pollinator Park trailer\" width=\"800\" height=\"450\" src=\"https:\/\/www.youtube.com\/embed\/Xxy6q5M3LTw?feature=oembed\" frameborder=\"0\" allow=\"accelerometer; autoplay; clipboard-write; encrypted-media; gyroscope; picture-in-picture; web-share\" referrerpolicy=\"strict-origin-when-cross-origin\" allowfullscreen><\/iframe><\/p>\n","protected":false},"excerpt":{"rendered":"<p>Park nudi uvid u buduc\u0301nost koja nas \u010deka, ukoliko ne promijenimo odnos prema prirodi<\/p>\n","protected":false},"author":1,"featured_media":35878,"comment_status":"closed","ping_status":"closed","sticky":false,"template":"","format":"standard","meta":{"_acf_changed":false,"footnotes":""},"categories":[283],"tags":[],"class_list":["post-10875","post","type-post","status-publish","format-standard","has-post-thumbnail","hentry","category-novosti-me"],"acf":[],"yoast_head":"<!-- This site is optimized with the Yoast SEO plugin v27.3 - https:\/\/yoast.com\/product\/yoast-seo-wordpress\/ -->\n<title>Evropska Komisija kreirala virtuelni park opra\u0161iva\u010da - Europe House<\/title>\n<meta name=\"robots\" content=\"index, follow, max-snippet:-1, max-image-preview:large, max-video-preview:-1\" \/>\n<link rel=\"canonical\" href=\"https:\/\/www.evropskakuca.me\/me\/evropska-komisija-kreirala-virtuelni-park-oprasivaca\/\" \/>\n<meta property=\"og:locale\" content=\"en_US\" \/>\n<meta property=\"og:type\" content=\"article\" \/>\n<meta property=\"og:title\" content=\"Evropska Komisija kreirala virtuelni park opra\u0161iva\u010da - Europe House\" \/>\n<meta property=\"og:description\" content=\"Park nudi uvid u buduc\u0301nost koja nas \u010deka, ukoliko ne promijenimo odnos prema prirodi\" \/>\n<meta property=\"og:url\" content=\"https:\/\/www.evropskakuca.me\/me\/evropska-komisija-kreirala-virtuelni-park-oprasivaca\/\" \/>\n<meta property=\"og:site_name\" content=\"Europe House\" \/>\n<meta property=\"article:publisher\" content=\"https:\/\/www.facebook.com\/evropska.kuca\" \/>\n<meta property=\"article:published_time\" content=\"2021-03-24T11:56:30+00:00\" \/>\n<meta property=\"og:image\" content=\"https:\/\/www.evropskakuca.me\/wp-content\/uploads\/2021\/03\/pcela-scaled.jpg\" \/>\n\t<meta property=\"og:image:width\" content=\"2560\" \/>\n\t<meta property=\"og:image:height\" content=\"1709\" \/>\n\t<meta property=\"og:image:type\" content=\"image\/jpeg\" \/>\n<meta name=\"author\" content=\"mkajic\" \/>\n<meta name=\"twitter:card\" content=\"summary_large_image\" \/>\n<meta name=\"twitter:creator\" content=\"@evropska_kuca\" \/>\n<meta name=\"twitter:site\" content=\"@evropska_kuca\" \/>\n<meta name=\"twitter:label1\" content=\"Written by\" \/>\n\t<meta name=\"twitter:data1\" content=\"mkajic\" \/>\n\t<meta name=\"twitter:label2\" content=\"Est. reading time\" \/>\n\t<meta name=\"twitter:data2\" content=\"3 minutes\" \/>\n<script type=\"application\/ld+json\" class=\"yoast-schema-graph\">{\"@context\":\"https:\\\/\\\/schema.org\",\"@graph\":[{\"@type\":\"Article\",\"@id\":\"https:\\\/\\\/www.evropskakuca.me\\\/me\\\/evropska-komisija-kreirala-virtuelni-park-oprasivaca\\\/#article\",\"isPartOf\":{\"@id\":\"https:\\\/\\\/www.evropskakuca.me\\\/me\\\/evropska-komisija-kreirala-virtuelni-park-oprasivaca\\\/\"},\"author\":{\"name\":\"mkajic\",\"@id\":\"https:\\\/\\\/www.evropskakuca.me\\\/me\\\/#\\\/schema\\\/person\\\/a1d0dcdaefe4a1cd1d60d200ea137ba4\"},\"headline\":\"Evropska Komisija kreirala virtuelni park opra\u0161iva\u010da\",\"datePublished\":\"2021-03-24T11:56:30+00:00\",\"mainEntityOfPage\":{\"@id\":\"https:\\\/\\\/www.evropskakuca.me\\\/me\\\/evropska-komisija-kreirala-virtuelni-park-oprasivaca\\\/\"},\"wordCount\":559,\"publisher\":{\"@id\":\"https:\\\/\\\/www.evropskakuca.me\\\/me\\\/#organization\"},\"image\":{\"@id\":\"https:\\\/\\\/www.evropskakuca.me\\\/me\\\/evropska-komisija-kreirala-virtuelni-park-oprasivaca\\\/#primaryimage\"},\"thumbnailUrl\":\"https:\\\/\\\/www.evropskakuca.me\\\/wp-content\\\/uploads\\\/2021\\\/03\\\/pcela-scaled.jpg\",\"articleSection\":[\"Novosti\"],\"inLanguage\":\"me-ME\"},{\"@type\":\"WebPage\",\"@id\":\"https:\\\/\\\/www.evropskakuca.me\\\/me\\\/evropska-komisija-kreirala-virtuelni-park-oprasivaca\\\/\",\"url\":\"https:\\\/\\\/www.evropskakuca.me\\\/me\\\/evropska-komisija-kreirala-virtuelni-park-oprasivaca\\\/\",\"name\":\"Evropska Komisija kreirala virtuelni park opra\u0161iva\u010da - Europe House\",\"isPartOf\":{\"@id\":\"https:\\\/\\\/www.evropskakuca.me\\\/me\\\/#website\"},\"primaryImageOfPage\":{\"@id\":\"https:\\\/\\\/www.evropskakuca.me\\\/me\\\/evropska-komisija-kreirala-virtuelni-park-oprasivaca\\\/#primaryimage\"},\"image\":{\"@id\":\"https:\\\/\\\/www.evropskakuca.me\\\/me\\\/evropska-komisija-kreirala-virtuelni-park-oprasivaca\\\/#primaryimage\"},\"thumbnailUrl\":\"https:\\\/\\\/www.evropskakuca.me\\\/wp-content\\\/uploads\\\/2021\\\/03\\\/pcela-scaled.jpg\",\"datePublished\":\"2021-03-24T11:56:30+00:00\",\"breadcrumb\":{\"@id\":\"https:\\\/\\\/www.evropskakuca.me\\\/me\\\/evropska-komisija-kreirala-virtuelni-park-oprasivaca\\\/#breadcrumb\"},\"inLanguage\":\"me-ME\",\"potentialAction\":[{\"@type\":\"ReadAction\",\"target\":[\"https:\\\/\\\/www.evropskakuca.me\\\/me\\\/evropska-komisija-kreirala-virtuelni-park-oprasivaca\\\/\"]}]},{\"@type\":\"ImageObject\",\"inLanguage\":\"me-ME\",\"@id\":\"https:\\\/\\\/www.evropskakuca.me\\\/me\\\/evropska-komisija-kreirala-virtuelni-park-oprasivaca\\\/#primaryimage\",\"url\":\"https:\\\/\\\/www.evropskakuca.me\\\/wp-content\\\/uploads\\\/2021\\\/03\\\/pcela-scaled.jpg\",\"contentUrl\":\"https:\\\/\\\/www.evropskakuca.me\\\/wp-content\\\/uploads\\\/2021\\\/03\\\/pcela-scaled.jpg\",\"width\":2560,\"height\":1709},{\"@type\":\"BreadcrumbList\",\"@id\":\"https:\\\/\\\/www.evropskakuca.me\\\/me\\\/evropska-komisija-kreirala-virtuelni-park-oprasivaca\\\/#breadcrumb\",\"itemListElement\":[{\"@type\":\"ListItem\",\"position\":1,\"name\":\"Home\",\"item\":\"https:\\\/\\\/www.evropskakuca.me\\\/me\\\/\"},{\"@type\":\"ListItem\",\"position\":2,\"name\":\"Evropska Komisija kreirala virtuelni park opra\u0161iva\u010da\"}]},{\"@type\":\"WebSite\",\"@id\":\"https:\\\/\\\/www.evropskakuca.me\\\/me\\\/#website\",\"url\":\"https:\\\/\\\/www.evropskakuca.me\\\/me\\\/\",\"name\":\"Evropean house\",\"description\":\"\",\"publisher\":{\"@id\":\"https:\\\/\\\/www.evropskakuca.me\\\/me\\\/#organization\"},\"potentialAction\":[{\"@type\":\"SearchAction\",\"target\":{\"@type\":\"EntryPoint\",\"urlTemplate\":\"https:\\\/\\\/www.evropskakuca.me\\\/me\\\/?s={search_term_string}\"},\"query-input\":{\"@type\":\"PropertyValueSpecification\",\"valueRequired\":true,\"valueName\":\"search_term_string\"}}],\"inLanguage\":\"me-ME\"},{\"@type\":\"Organization\",\"@id\":\"https:\\\/\\\/www.evropskakuca.me\\\/me\\\/#organization\",\"name\":\"Evropean house\",\"url\":\"https:\\\/\\\/www.evropskakuca.me\\\/me\\\/\",\"logo\":{\"@type\":\"ImageObject\",\"inLanguage\":\"me-ME\",\"@id\":\"https:\\\/\\\/www.evropskakuca.me\\\/me\\\/#\\\/schema\\\/logo\\\/image\\\/\",\"url\":\"https:\\\/\\\/www.evropskakuca.me\\\/wp-content\\\/uploads\\\/2025\\\/01\\\/evropska-kuca-logo-1.png\",\"contentUrl\":\"https:\\\/\\\/www.evropskakuca.me\\\/wp-content\\\/uploads\\\/2025\\\/01\\\/evropska-kuca-logo-1.png\",\"width\":425,\"height\":312,\"caption\":\"Evropean house\"},\"image\":{\"@id\":\"https:\\\/\\\/www.evropskakuca.me\\\/me\\\/#\\\/schema\\\/logo\\\/image\\\/\"},\"sameAs\":[\"https:\\\/\\\/www.facebook.com\\\/evropska.kuca\",\"https:\\\/\\\/x.com\\\/evropska_kuca\",\"https:\\\/\\\/www.instagram.com\\\/evropska_kuca\"]},{\"@type\":\"Person\",\"@id\":\"https:\\\/\\\/www.evropskakuca.me\\\/me\\\/#\\\/schema\\\/person\\\/a1d0dcdaefe4a1cd1d60d200ea137ba4\",\"name\":\"mkajic\",\"image\":{\"@type\":\"ImageObject\",\"inLanguage\":\"me-ME\",\"@id\":\"https:\\\/\\\/secure.gravatar.com\\\/avatar\\\/731fa035cefab7316e6bafd1f25a93fb731a07de14e2d9923f8db4422628eabc?s=96&d=mm&r=g\",\"url\":\"https:\\\/\\\/secure.gravatar.com\\\/avatar\\\/731fa035cefab7316e6bafd1f25a93fb731a07de14e2d9923f8db4422628eabc?s=96&d=mm&r=g\",\"contentUrl\":\"https:\\\/\\\/secure.gravatar.com\\\/avatar\\\/731fa035cefab7316e6bafd1f25a93fb731a07de14e2d9923f8db4422628eabc?s=96&d=mm&r=g\",\"caption\":\"mkajic\"},\"sameAs\":[\"https:\\\/\\\/evropskakuca.me\"],\"url\":\"https:\\\/\\\/www.evropskakuca.me\\\/me\\\/author\\\/mkajic\\\/\"}]}<\/script>\n<!-- \/ Yoast SEO plugin. -->","yoast_head_json":{"title":"Evropska Komisija kreirala virtuelni park opra\u0161iva\u010da - Europe House","robots":{"index":"index","follow":"follow","max-snippet":"max-snippet:-1","max-image-preview":"max-image-preview:large","max-video-preview":"max-video-preview:-1"},"canonical":"https:\/\/www.evropskakuca.me\/me\/evropska-komisija-kreirala-virtuelni-park-oprasivaca\/","og_locale":"en_US","og_type":"article","og_title":"Evropska Komisija kreirala virtuelni park opra\u0161iva\u010da - Europe House","og_description":"Park nudi uvid u buduc\u0301nost koja nas \u010deka, ukoliko ne promijenimo odnos prema prirodi","og_url":"https:\/\/www.evropskakuca.me\/me\/evropska-komisija-kreirala-virtuelni-park-oprasivaca\/","og_site_name":"Europe House","article_publisher":"https:\/\/www.facebook.com\/evropska.kuca","article_published_time":"2021-03-24T11:56:30+00:00","og_image":[{"width":2560,"height":1709,"url":"https:\/\/www.evropskakuca.me\/wp-content\/uploads\/2021\/03\/pcela-scaled.jpg","type":"image\/jpeg"}],"author":"mkajic","twitter_card":"summary_large_image","twitter_creator":"@evropska_kuca","twitter_site":"@evropska_kuca","twitter_misc":{"Written by":"mkajic","Est. reading time":"3 minutes"},"schema":{"@context":"https:\/\/schema.org","@graph":[{"@type":"Article","@id":"https:\/\/www.evropskakuca.me\/me\/evropska-komisija-kreirala-virtuelni-park-oprasivaca\/#article","isPartOf":{"@id":"https:\/\/www.evropskakuca.me\/me\/evropska-komisija-kreirala-virtuelni-park-oprasivaca\/"},"author":{"name":"mkajic","@id":"https:\/\/www.evropskakuca.me\/me\/#\/schema\/person\/a1d0dcdaefe4a1cd1d60d200ea137ba4"},"headline":"Evropska Komisija kreirala virtuelni park opra\u0161iva\u010da","datePublished":"2021-03-24T11:56:30+00:00","mainEntityOfPage":{"@id":"https:\/\/www.evropskakuca.me\/me\/evropska-komisija-kreirala-virtuelni-park-oprasivaca\/"},"wordCount":559,"publisher":{"@id":"https:\/\/www.evropskakuca.me\/me\/#organization"},"image":{"@id":"https:\/\/www.evropskakuca.me\/me\/evropska-komisija-kreirala-virtuelni-park-oprasivaca\/#primaryimage"},"thumbnailUrl":"https:\/\/www.evropskakuca.me\/wp-content\/uploads\/2021\/03\/pcela-scaled.jpg","articleSection":["Novosti"],"inLanguage":"me-ME"},{"@type":"WebPage","@id":"https:\/\/www.evropskakuca.me\/me\/evropska-komisija-kreirala-virtuelni-park-oprasivaca\/","url":"https:\/\/www.evropskakuca.me\/me\/evropska-komisija-kreirala-virtuelni-park-oprasivaca\/","name":"Evropska Komisija kreirala virtuelni park opra\u0161iva\u010da - Europe House","isPartOf":{"@id":"https:\/\/www.evropskakuca.me\/me\/#website"},"primaryImageOfPage":{"@id":"https:\/\/www.evropskakuca.me\/me\/evropska-komisija-kreirala-virtuelni-park-oprasivaca\/#primaryimage"},"image":{"@id":"https:\/\/www.evropskakuca.me\/me\/evropska-komisija-kreirala-virtuelni-park-oprasivaca\/#primaryimage"},"thumbnailUrl":"https:\/\/www.evropskakuca.me\/wp-content\/uploads\/2021\/03\/pcela-scaled.jpg","datePublished":"2021-03-24T11:56:30+00:00","breadcrumb":{"@id":"https:\/\/www.evropskakuca.me\/me\/evropska-komisija-kreirala-virtuelni-park-oprasivaca\/#breadcrumb"},"inLanguage":"me-ME","potentialAction":[{"@type":"ReadAction","target":["https:\/\/www.evropskakuca.me\/me\/evropska-komisija-kreirala-virtuelni-park-oprasivaca\/"]}]},{"@type":"ImageObject","inLanguage":"me-ME","@id":"https:\/\/www.evropskakuca.me\/me\/evropska-komisija-kreirala-virtuelni-park-oprasivaca\/#primaryimage","url":"https:\/\/www.evropskakuca.me\/wp-content\/uploads\/2021\/03\/pcela-scaled.jpg","contentUrl":"https:\/\/www.evropskakuca.me\/wp-content\/uploads\/2021\/03\/pcela-scaled.jpg","width":2560,"height":1709},{"@type":"BreadcrumbList","@id":"https:\/\/www.evropskakuca.me\/me\/evropska-komisija-kreirala-virtuelni-park-oprasivaca\/#breadcrumb","itemListElement":[{"@type":"ListItem","position":1,"name":"Home","item":"https:\/\/www.evropskakuca.me\/me\/"},{"@type":"ListItem","position":2,"name":"Evropska Komisija kreirala virtuelni park opra\u0161iva\u010da"}]},{"@type":"WebSite","@id":"https:\/\/www.evropskakuca.me\/me\/#website","url":"https:\/\/www.evropskakuca.me\/me\/","name":"Evropean house","description":"","publisher":{"@id":"https:\/\/www.evropskakuca.me\/me\/#organization"},"potentialAction":[{"@type":"SearchAction","target":{"@type":"EntryPoint","urlTemplate":"https:\/\/www.evropskakuca.me\/me\/?s={search_term_string}"},"query-input":{"@type":"PropertyValueSpecification","valueRequired":true,"valueName":"search_term_string"}}],"inLanguage":"me-ME"},{"@type":"Organization","@id":"https:\/\/www.evropskakuca.me\/me\/#organization","name":"Evropean house","url":"https:\/\/www.evropskakuca.me\/me\/","logo":{"@type":"ImageObject","inLanguage":"me-ME","@id":"https:\/\/www.evropskakuca.me\/me\/#\/schema\/logo\/image\/","url":"https:\/\/www.evropskakuca.me\/wp-content\/uploads\/2025\/01\/evropska-kuca-logo-1.png","contentUrl":"https:\/\/www.evropskakuca.me\/wp-content\/uploads\/2025\/01\/evropska-kuca-logo-1.png","width":425,"height":312,"caption":"Evropean house"},"image":{"@id":"https:\/\/www.evropskakuca.me\/me\/#\/schema\/logo\/image\/"},"sameAs":["https:\/\/www.facebook.com\/evropska.kuca","https:\/\/x.com\/evropska_kuca","https:\/\/www.instagram.com\/evropska_kuca"]},{"@type":"Person","@id":"https:\/\/www.evropskakuca.me\/me\/#\/schema\/person\/a1d0dcdaefe4a1cd1d60d200ea137ba4","name":"mkajic","image":{"@type":"ImageObject","inLanguage":"me-ME","@id":"https:\/\/secure.gravatar.com\/avatar\/731fa035cefab7316e6bafd1f25a93fb731a07de14e2d9923f8db4422628eabc?s=96&d=mm&r=g","url":"https:\/\/secure.gravatar.com\/avatar\/731fa035cefab7316e6bafd1f25a93fb731a07de14e2d9923f8db4422628eabc?s=96&d=mm&r=g","contentUrl":"https:\/\/secure.gravatar.com\/avatar\/731fa035cefab7316e6bafd1f25a93fb731a07de14e2d9923f8db4422628eabc?s=96&d=mm&r=g","caption":"mkajic"},"sameAs":["https:\/\/evropskakuca.me"],"url":"https:\/\/www.evropskakuca.me\/me\/author\/mkajic\/"}]}},"_links":{"self":[{"href":"https:\/\/www.evropskakuca.me\/me\/wp-json\/wp\/v2\/posts\/10875","targetHints":{"allow":["GET"]}}],"collection":[{"href":"https:\/\/www.evropskakuca.me\/me\/wp-json\/wp\/v2\/posts"}],"about":[{"href":"https:\/\/www.evropskakuca.me\/me\/wp-json\/wp\/v2\/types\/post"}],"author":[{"embeddable":true,"href":"https:\/\/www.evropskakuca.me\/me\/wp-json\/wp\/v2\/users\/1"}],"replies":[{"embeddable":true,"href":"https:\/\/www.evropskakuca.me\/me\/wp-json\/wp\/v2\/comments?post=10875"}],"version-history":[{"count":0,"href":"https:\/\/www.evropskakuca.me\/me\/wp-json\/wp\/v2\/posts\/10875\/revisions"}],"wp:featuredmedia":[{"embeddable":true,"href":"https:\/\/www.evropskakuca.me\/me\/wp-json\/wp\/v2\/media\/35878"}],"wp:attachment":[{"href":"https:\/\/www.evropskakuca.me\/me\/wp-json\/wp\/v2\/media?parent=10875"}],"wp:term":[{"taxonomy":"category","embeddable":true,"href":"https:\/\/www.evropskakuca.me\/me\/wp-json\/wp\/v2\/categories?post=10875"},{"taxonomy":"post_tag","embeddable":true,"href":"https:\/\/www.evropskakuca.me\/me\/wp-json\/wp\/v2\/tags?post=10875"}],"curies":[{"name":"wp","href":"https:\/\/api.w.org\/{rel}","templated":true}]}}