{"id":10859,"date":"2020-11-11T11:24:34","date_gmt":"2020-11-11T11:24:34","guid":{"rendered":"http:\/\/www.evropskakuca.me\/?p=10859"},"modified":"2020-11-11T11:24:34","modified_gmt":"2020-11-11T11:24:34","slug":"evropska-unija-obezbijedila-do-40-miliona-eura-budzetske-podrske-crnoj-gori-uplacena-prva-rata-od-28-miliona-eura","status":"publish","type":"post","link":"https:\/\/www.evropskakuca.me\/me\/evropska-unija-obezbijedila-do-40-miliona-eura-budzetske-podrske-crnoj-gori-uplacena-prva-rata-od-28-miliona-eura\/","title":{"rendered":"Evropska unija obezbijedila do 40 miliona eura bud\u017eetske podr\u0161ke Crnoj Gori, upla\u0107ena prva rata od 28 miliona eura"},"content":{"rendered":"<p><span lang=\"EN-GB\" xml:lang=\"EN-GB\">Evropska komisija je uplatila Crnoj Gori prvu ratu od 28 miliona eura bespovratne finansijske pomo\u0107i. Ova zna\u010dajna bud\u017eetska pomo\u0107 namijenjena je ubla\u017eavanju ekonomskih posljedica epidemije korona virusa i podr\u0161ci odgovoru javnih vlasti na dru\u0161tvene i ekonomske izazove.\u00a0<\/span><\/p>\n<p><span lang=\"EN-GB\" xml:lang=\"EN-GB\">Ovih 28 miliona eura predstavlja samo dio pomo\u0107i dostupne Crnoj Gori u okviru ugovora o bud\u017eetskoj podr\u0161ci u vrijednosti do 40,5 miliona eura. Ova bud\u017eetska podr\u0161ka dio je bespovratne finansijske pomo\u0107i vrijedne 53 miliona eura, koju je Evropska unija obezbijedila Crnoj Gori za nabavku hitne medicinske opreme i za pru\u017eanje pomo\u0107i ugro\u017eenim pojedcinima, preduzetnicima i kompanijama, zdravstvenom sektoru i ostalim sektorima koji su najozbiljnije pogo\u0111eni krizom izazvanom korona virusom. Ova pomo\u0107 se nadovezuje na 30 miliona eura koje je EU obezbijedila Crnoj Gori u okviru makroekonomske finansijske podr\u0161ke u oktobru.<\/span><\/p>\n<p><span lang=\"EN-GB\" xml:lang=\"EN-GB\">Isplata druge, finalne rate podr\u0161ke do ukupnog iznosa od 40,5 miliona zavisi\u0107e od ispunjavanja niza obaveza koje je Crna Gora preuzela u vezi sa dru\u0161tvenim i ekonomskim faktorima. Najva\u017eniji uslovi su da Vlada treba da iskoristi sredstva EU da podr\u017ei \u0161to ve\u0107i broj malih preduze\u0107a, naro\u010dito da im pomogne da isplate plate njihovim zaposlenim, i da finansira socijalna davanja za socijalno ugro\u017eenu djecu, stare osobe, osobe sa invaliditetom i porodice kojima je potrebna pomo\u0107. Drugi va\u017eni uslovi su da socijalna davanja ne budu umanjena i da bude unaprije\u0111ena transparentnost i pristup informacijama o bud\u017eetskoj potro\u0161nji. Dodatnih 500,000 eura u okviru ovih 40,5 miliona bi\u0107e iskori\u0161\u0107eno za saradnju sa Me\u0111unarodnom organizacijom rada, za podr\u0161ku pokretanju programa zapo\u0161ljavanja \u010diji je cilj da pomognu ljudima da se ponovo zaposle.<\/span><\/p>\n<p>Finansijski odgovor na COVID-19 dolazi u isto vrijeme kad i nedavno objavljeni Ekonomski i investicioni plan, kao i pripreme Crne Gore i Evropske unije za novi program IPA III za naredni sedmogodi\u0161nji period. Ovim je nagla\u0161ena kontinuirana podr\u0161ka koju EU pru\u017ea Crnoj Gori i \u0161irem region Zapadnog Balkana.<\/p>\n","protected":false},"excerpt":{"rendered":"<p>Evropska komisija je uplatila Crnoj Gori prvu ratu od 28 miliona eura bespovratne finansijske pomo\u0107i. Ova zna\u010dajna bud\u017eetska pomo\u0107 namijenjena je ubla\u017eavanju ekonomskih posljedica epidemije korona virusa i podr\u0161ci odgovoru javnih vlasti na dru\u0161tvene i ekonomske izazove.\u00a0 Ovih 28 miliona eura predstavlja samo dio pomo\u0107i dostupne Crnoj Gori u okviru ugovora o bud\u017eetskoj podr\u0161ci u [&hellip;]<\/p>\n","protected":false},"author":1,"featured_media":35838,"comment_status":"closed","ping_status":"closed","sticky":false,"template":"","format":"standard","meta":{"_acf_changed":false,"footnotes":""},"categories":[287,283],"tags":[],"class_list":["post-10859","post","type-post","status-publish","format-standard","has-post-thumbnail","hentry","category-koronavirusa","category-novosti-me"],"acf":[],"yoast_head":"<!-- This site is optimized with the Yoast SEO plugin v27.3 - https:\/\/yoast.com\/product\/yoast-seo-wordpress\/ -->\n<title>Evropska unija obezbijedila do 40 miliona eura bud\u017eetske podr\u0161ke Crnoj Gori, upla\u0107ena prva rata od 28 miliona eura - Europe House<\/title>\n<meta name=\"robots\" content=\"index, follow, max-snippet:-1, max-image-preview:large, max-video-preview:-1\" \/>\n<link rel=\"canonical\" href=\"https:\/\/www.evropskakuca.me\/me\/evropska-unija-obezbijedila-do-40-miliona-eura-budzetske-podrske-crnoj-gori-uplacena-prva-rata-od-28-miliona-eura\/\" \/>\n<meta property=\"og:locale\" content=\"en_US\" \/>\n<meta property=\"og:type\" content=\"article\" \/>\n<meta property=\"og:title\" content=\"Evropska unija obezbijedila do 40 miliona eura bud\u017eetske podr\u0161ke Crnoj Gori, upla\u0107ena prva rata od 28 miliona eura - Europe House\" \/>\n<meta property=\"og:description\" content=\"Evropska komisija je uplatila Crnoj Gori prvu ratu od 28 miliona eura bespovratne finansijske pomo\u0107i. Ova zna\u010dajna bud\u017eetska pomo\u0107 namijenjena je ubla\u017eavanju ekonomskih posljedica epidemije korona virusa i podr\u0161ci odgovoru javnih vlasti na dru\u0161tvene i ekonomske izazove.\u00a0 Ovih 28 miliona eura predstavlja samo dio pomo\u0107i dostupne Crnoj Gori u okviru ugovora o bud\u017eetskoj podr\u0161ci u [&hellip;]\" \/>\n<meta property=\"og:url\" content=\"https:\/\/www.evropskakuca.me\/me\/evropska-unija-obezbijedila-do-40-miliona-eura-budzetske-podrske-crnoj-gori-uplacena-prva-rata-od-28-miliona-eura\/\" \/>\n<meta property=\"og:site_name\" content=\"Europe House\" \/>\n<meta property=\"article:publisher\" content=\"https:\/\/www.facebook.com\/evropska.kuca\" \/>\n<meta property=\"article:published_time\" content=\"2020-11-11T11:24:34+00:00\" \/>\n<meta property=\"og:image\" content=\"https:\/\/www.evropskakuca.me\/wp-content\/uploads\/2021\/03\/cg_eu.jpg\" \/>\n\t<meta property=\"og:image:width\" content=\"750\" \/>\n\t<meta property=\"og:image:height\" content=\"500\" \/>\n\t<meta property=\"og:image:type\" content=\"image\/jpeg\" \/>\n<meta name=\"author\" content=\"mkajic\" \/>\n<meta name=\"twitter:card\" content=\"summary_large_image\" \/>\n<meta name=\"twitter:creator\" content=\"@evropska_kuca\" \/>\n<meta name=\"twitter:site\" content=\"@evropska_kuca\" \/>\n<meta name=\"twitter:label1\" content=\"Written by\" \/>\n\t<meta name=\"twitter:data1\" content=\"mkajic\" \/>\n\t<meta name=\"twitter:label2\" content=\"Est. reading time\" \/>\n\t<meta name=\"twitter:data2\" content=\"2 minutes\" \/>\n<script type=\"application\/ld+json\" class=\"yoast-schema-graph\">{\"@context\":\"https:\\\/\\\/schema.org\",\"@graph\":[{\"@type\":\"Article\",\"@id\":\"https:\\\/\\\/www.evropskakuca.me\\\/me\\\/evropska-unija-obezbijedila-do-40-miliona-eura-budzetske-podrske-crnoj-gori-uplacena-prva-rata-od-28-miliona-eura\\\/#article\",\"isPartOf\":{\"@id\":\"https:\\\/\\\/www.evropskakuca.me\\\/me\\\/evropska-unija-obezbijedila-do-40-miliona-eura-budzetske-podrske-crnoj-gori-uplacena-prva-rata-od-28-miliona-eura\\\/\"},\"author\":{\"name\":\"mkajic\",\"@id\":\"https:\\\/\\\/www.evropskakuca.me\\\/me\\\/#\\\/schema\\\/person\\\/a1d0dcdaefe4a1cd1d60d200ea137ba4\"},\"headline\":\"Evropska unija obezbijedila do 40 miliona eura bud\u017eetske podr\u0161ke Crnoj Gori, upla\u0107ena prva rata od 28 miliona eura\",\"datePublished\":\"2020-11-11T11:24:34+00:00\",\"mainEntityOfPage\":{\"@id\":\"https:\\\/\\\/www.evropskakuca.me\\\/me\\\/evropska-unija-obezbijedila-do-40-miliona-eura-budzetske-podrske-crnoj-gori-uplacena-prva-rata-od-28-miliona-eura\\\/\"},\"wordCount\":351,\"publisher\":{\"@id\":\"https:\\\/\\\/www.evropskakuca.me\\\/me\\\/#organization\"},\"image\":{\"@id\":\"https:\\\/\\\/www.evropskakuca.me\\\/me\\\/evropska-unija-obezbijedila-do-40-miliona-eura-budzetske-podrske-crnoj-gori-uplacena-prva-rata-od-28-miliona-eura\\\/#primaryimage\"},\"thumbnailUrl\":\"https:\\\/\\\/www.evropskakuca.me\\\/wp-content\\\/uploads\\\/2021\\\/03\\\/cg_eu.jpg\",\"articleSection\":[\"Koronavirusa\",\"Novosti\"],\"inLanguage\":\"me-ME\"},{\"@type\":\"WebPage\",\"@id\":\"https:\\\/\\\/www.evropskakuca.me\\\/me\\\/evropska-unija-obezbijedila-do-40-miliona-eura-budzetske-podrske-crnoj-gori-uplacena-prva-rata-od-28-miliona-eura\\\/\",\"url\":\"https:\\\/\\\/www.evropskakuca.me\\\/me\\\/evropska-unija-obezbijedila-do-40-miliona-eura-budzetske-podrske-crnoj-gori-uplacena-prva-rata-od-28-miliona-eura\\\/\",\"name\":\"Evropska unija obezbijedila do 40 miliona eura bud\u017eetske podr\u0161ke Crnoj Gori, upla\u0107ena prva rata od 28 miliona eura - Europe House\",\"isPartOf\":{\"@id\":\"https:\\\/\\\/www.evropskakuca.me\\\/me\\\/#website\"},\"primaryImageOfPage\":{\"@id\":\"https:\\\/\\\/www.evropskakuca.me\\\/me\\\/evropska-unija-obezbijedila-do-40-miliona-eura-budzetske-podrske-crnoj-gori-uplacena-prva-rata-od-28-miliona-eura\\\/#primaryimage\"},\"image\":{\"@id\":\"https:\\\/\\\/www.evropskakuca.me\\\/me\\\/evropska-unija-obezbijedila-do-40-miliona-eura-budzetske-podrske-crnoj-gori-uplacena-prva-rata-od-28-miliona-eura\\\/#primaryimage\"},\"thumbnailUrl\":\"https:\\\/\\\/www.evropskakuca.me\\\/wp-content\\\/uploads\\\/2021\\\/03\\\/cg_eu.jpg\",\"datePublished\":\"2020-11-11T11:24:34+00:00\",\"breadcrumb\":{\"@id\":\"https:\\\/\\\/www.evropskakuca.me\\\/me\\\/evropska-unija-obezbijedila-do-40-miliona-eura-budzetske-podrske-crnoj-gori-uplacena-prva-rata-od-28-miliona-eura\\\/#breadcrumb\"},\"inLanguage\":\"me-ME\",\"potentialAction\":[{\"@type\":\"ReadAction\",\"target\":[\"https:\\\/\\\/www.evropskakuca.me\\\/me\\\/evropska-unija-obezbijedila-do-40-miliona-eura-budzetske-podrske-crnoj-gori-uplacena-prva-rata-od-28-miliona-eura\\\/\"]}]},{\"@type\":\"ImageObject\",\"inLanguage\":\"me-ME\",\"@id\":\"https:\\\/\\\/www.evropskakuca.me\\\/me\\\/evropska-unija-obezbijedila-do-40-miliona-eura-budzetske-podrske-crnoj-gori-uplacena-prva-rata-od-28-miliona-eura\\\/#primaryimage\",\"url\":\"https:\\\/\\\/www.evropskakuca.me\\\/wp-content\\\/uploads\\\/2021\\\/03\\\/cg_eu.jpg\",\"contentUrl\":\"https:\\\/\\\/www.evropskakuca.me\\\/wp-content\\\/uploads\\\/2021\\\/03\\\/cg_eu.jpg\",\"width\":750,\"height\":500},{\"@type\":\"BreadcrumbList\",\"@id\":\"https:\\\/\\\/www.evropskakuca.me\\\/me\\\/evropska-unija-obezbijedila-do-40-miliona-eura-budzetske-podrske-crnoj-gori-uplacena-prva-rata-od-28-miliona-eura\\\/#breadcrumb\",\"itemListElement\":[{\"@type\":\"ListItem\",\"position\":1,\"name\":\"Home\",\"item\":\"https:\\\/\\\/www.evropskakuca.me\\\/me\\\/\"},{\"@type\":\"ListItem\",\"position\":2,\"name\":\"Evropska unija obezbijedila do 40 miliona eura bud\u017eetske podr\u0161ke Crnoj Gori, upla\u0107ena prva rata od 28 miliona eura\"}]},{\"@type\":\"WebSite\",\"@id\":\"https:\\\/\\\/www.evropskakuca.me\\\/me\\\/#website\",\"url\":\"https:\\\/\\\/www.evropskakuca.me\\\/me\\\/\",\"name\":\"Evropean house\",\"description\":\"\",\"publisher\":{\"@id\":\"https:\\\/\\\/www.evropskakuca.me\\\/me\\\/#organization\"},\"potentialAction\":[{\"@type\":\"SearchAction\",\"target\":{\"@type\":\"EntryPoint\",\"urlTemplate\":\"https:\\\/\\\/www.evropskakuca.me\\\/me\\\/?s={search_term_string}\"},\"query-input\":{\"@type\":\"PropertyValueSpecification\",\"valueRequired\":true,\"valueName\":\"search_term_string\"}}],\"inLanguage\":\"me-ME\"},{\"@type\":\"Organization\",\"@id\":\"https:\\\/\\\/www.evropskakuca.me\\\/me\\\/#organization\",\"name\":\"Evropean house\",\"url\":\"https:\\\/\\\/www.evropskakuca.me\\\/me\\\/\",\"logo\":{\"@type\":\"ImageObject\",\"inLanguage\":\"me-ME\",\"@id\":\"https:\\\/\\\/www.evropskakuca.me\\\/me\\\/#\\\/schema\\\/logo\\\/image\\\/\",\"url\":\"https:\\\/\\\/www.evropskakuca.me\\\/wp-content\\\/uploads\\\/2025\\\/01\\\/evropska-kuca-logo-1.png\",\"contentUrl\":\"https:\\\/\\\/www.evropskakuca.me\\\/wp-content\\\/uploads\\\/2025\\\/01\\\/evropska-kuca-logo-1.png\",\"width\":425,\"height\":312,\"caption\":\"Evropean house\"},\"image\":{\"@id\":\"https:\\\/\\\/www.evropskakuca.me\\\/me\\\/#\\\/schema\\\/logo\\\/image\\\/\"},\"sameAs\":[\"https:\\\/\\\/www.facebook.com\\\/evropska.kuca\",\"https:\\\/\\\/x.com\\\/evropska_kuca\",\"https:\\\/\\\/www.instagram.com\\\/evropska_kuca\"]},{\"@type\":\"Person\",\"@id\":\"https:\\\/\\\/www.evropskakuca.me\\\/me\\\/#\\\/schema\\\/person\\\/a1d0dcdaefe4a1cd1d60d200ea137ba4\",\"name\":\"mkajic\",\"image\":{\"@type\":\"ImageObject\",\"inLanguage\":\"me-ME\",\"@id\":\"https:\\\/\\\/secure.gravatar.com\\\/avatar\\\/731fa035cefab7316e6bafd1f25a93fb731a07de14e2d9923f8db4422628eabc?s=96&d=mm&r=g\",\"url\":\"https:\\\/\\\/secure.gravatar.com\\\/avatar\\\/731fa035cefab7316e6bafd1f25a93fb731a07de14e2d9923f8db4422628eabc?s=96&d=mm&r=g\",\"contentUrl\":\"https:\\\/\\\/secure.gravatar.com\\\/avatar\\\/731fa035cefab7316e6bafd1f25a93fb731a07de14e2d9923f8db4422628eabc?s=96&d=mm&r=g\",\"caption\":\"mkajic\"},\"sameAs\":[\"https:\\\/\\\/evropskakuca.me\"],\"url\":\"https:\\\/\\\/www.evropskakuca.me\\\/me\\\/author\\\/mkajic\\\/\"}]}<\/script>\n<!-- \/ Yoast SEO plugin. -->","yoast_head_json":{"title":"Evropska unija obezbijedila do 40 miliona eura bud\u017eetske podr\u0161ke Crnoj Gori, upla\u0107ena prva rata od 28 miliona eura - Europe House","robots":{"index":"index","follow":"follow","max-snippet":"max-snippet:-1","max-image-preview":"max-image-preview:large","max-video-preview":"max-video-preview:-1"},"canonical":"https:\/\/www.evropskakuca.me\/me\/evropska-unija-obezbijedila-do-40-miliona-eura-budzetske-podrske-crnoj-gori-uplacena-prva-rata-od-28-miliona-eura\/","og_locale":"en_US","og_type":"article","og_title":"Evropska unija obezbijedila do 40 miliona eura bud\u017eetske podr\u0161ke Crnoj Gori, upla\u0107ena prva rata od 28 miliona eura - Europe House","og_description":"Evropska komisija je uplatila Crnoj Gori prvu ratu od 28 miliona eura bespovratne finansijske pomo\u0107i. Ova zna\u010dajna bud\u017eetska pomo\u0107 namijenjena je ubla\u017eavanju ekonomskih posljedica epidemije korona virusa i podr\u0161ci odgovoru javnih vlasti na dru\u0161tvene i ekonomske izazove.\u00a0 Ovih 28 miliona eura predstavlja samo dio pomo\u0107i dostupne Crnoj Gori u okviru ugovora o bud\u017eetskoj podr\u0161ci u [&hellip;]","og_url":"https:\/\/www.evropskakuca.me\/me\/evropska-unija-obezbijedila-do-40-miliona-eura-budzetske-podrske-crnoj-gori-uplacena-prva-rata-od-28-miliona-eura\/","og_site_name":"Europe House","article_publisher":"https:\/\/www.facebook.com\/evropska.kuca","article_published_time":"2020-11-11T11:24:34+00:00","og_image":[{"width":750,"height":500,"url":"https:\/\/www.evropskakuca.me\/wp-content\/uploads\/2021\/03\/cg_eu.jpg","type":"image\/jpeg"}],"author":"mkajic","twitter_card":"summary_large_image","twitter_creator":"@evropska_kuca","twitter_site":"@evropska_kuca","twitter_misc":{"Written by":"mkajic","Est. reading time":"2 minutes"},"schema":{"@context":"https:\/\/schema.org","@graph":[{"@type":"Article","@id":"https:\/\/www.evropskakuca.me\/me\/evropska-unija-obezbijedila-do-40-miliona-eura-budzetske-podrske-crnoj-gori-uplacena-prva-rata-od-28-miliona-eura\/#article","isPartOf":{"@id":"https:\/\/www.evropskakuca.me\/me\/evropska-unija-obezbijedila-do-40-miliona-eura-budzetske-podrske-crnoj-gori-uplacena-prva-rata-od-28-miliona-eura\/"},"author":{"name":"mkajic","@id":"https:\/\/www.evropskakuca.me\/me\/#\/schema\/person\/a1d0dcdaefe4a1cd1d60d200ea137ba4"},"headline":"Evropska unija obezbijedila do 40 miliona eura bud\u017eetske podr\u0161ke Crnoj Gori, upla\u0107ena prva rata od 28 miliona eura","datePublished":"2020-11-11T11:24:34+00:00","mainEntityOfPage":{"@id":"https:\/\/www.evropskakuca.me\/me\/evropska-unija-obezbijedila-do-40-miliona-eura-budzetske-podrske-crnoj-gori-uplacena-prva-rata-od-28-miliona-eura\/"},"wordCount":351,"publisher":{"@id":"https:\/\/www.evropskakuca.me\/me\/#organization"},"image":{"@id":"https:\/\/www.evropskakuca.me\/me\/evropska-unija-obezbijedila-do-40-miliona-eura-budzetske-podrske-crnoj-gori-uplacena-prva-rata-od-28-miliona-eura\/#primaryimage"},"thumbnailUrl":"https:\/\/www.evropskakuca.me\/wp-content\/uploads\/2021\/03\/cg_eu.jpg","articleSection":["Koronavirusa","Novosti"],"inLanguage":"me-ME"},{"@type":"WebPage","@id":"https:\/\/www.evropskakuca.me\/me\/evropska-unija-obezbijedila-do-40-miliona-eura-budzetske-podrske-crnoj-gori-uplacena-prva-rata-od-28-miliona-eura\/","url":"https:\/\/www.evropskakuca.me\/me\/evropska-unija-obezbijedila-do-40-miliona-eura-budzetske-podrske-crnoj-gori-uplacena-prva-rata-od-28-miliona-eura\/","name":"Evropska unija obezbijedila do 40 miliona eura bud\u017eetske podr\u0161ke Crnoj Gori, upla\u0107ena prva rata od 28 miliona eura - Europe House","isPartOf":{"@id":"https:\/\/www.evropskakuca.me\/me\/#website"},"primaryImageOfPage":{"@id":"https:\/\/www.evropskakuca.me\/me\/evropska-unija-obezbijedila-do-40-miliona-eura-budzetske-podrske-crnoj-gori-uplacena-prva-rata-od-28-miliona-eura\/#primaryimage"},"image":{"@id":"https:\/\/www.evropskakuca.me\/me\/evropska-unija-obezbijedila-do-40-miliona-eura-budzetske-podrske-crnoj-gori-uplacena-prva-rata-od-28-miliona-eura\/#primaryimage"},"thumbnailUrl":"https:\/\/www.evropskakuca.me\/wp-content\/uploads\/2021\/03\/cg_eu.jpg","datePublished":"2020-11-11T11:24:34+00:00","breadcrumb":{"@id":"https:\/\/www.evropskakuca.me\/me\/evropska-unija-obezbijedila-do-40-miliona-eura-budzetske-podrske-crnoj-gori-uplacena-prva-rata-od-28-miliona-eura\/#breadcrumb"},"inLanguage":"me-ME","potentialAction":[{"@type":"ReadAction","target":["https:\/\/www.evropskakuca.me\/me\/evropska-unija-obezbijedila-do-40-miliona-eura-budzetske-podrske-crnoj-gori-uplacena-prva-rata-od-28-miliona-eura\/"]}]},{"@type":"ImageObject","inLanguage":"me-ME","@id":"https:\/\/www.evropskakuca.me\/me\/evropska-unija-obezbijedila-do-40-miliona-eura-budzetske-podrske-crnoj-gori-uplacena-prva-rata-od-28-miliona-eura\/#primaryimage","url":"https:\/\/www.evropskakuca.me\/wp-content\/uploads\/2021\/03\/cg_eu.jpg","contentUrl":"https:\/\/www.evropskakuca.me\/wp-content\/uploads\/2021\/03\/cg_eu.jpg","width":750,"height":500},{"@type":"BreadcrumbList","@id":"https:\/\/www.evropskakuca.me\/me\/evropska-unija-obezbijedila-do-40-miliona-eura-budzetske-podrske-crnoj-gori-uplacena-prva-rata-od-28-miliona-eura\/#breadcrumb","itemListElement":[{"@type":"ListItem","position":1,"name":"Home","item":"https:\/\/www.evropskakuca.me\/me\/"},{"@type":"ListItem","position":2,"name":"Evropska unija obezbijedila do 40 miliona eura bud\u017eetske podr\u0161ke Crnoj Gori, upla\u0107ena prva rata od 28 miliona eura"}]},{"@type":"WebSite","@id":"https:\/\/www.evropskakuca.me\/me\/#website","url":"https:\/\/www.evropskakuca.me\/me\/","name":"Evropean house","description":"","publisher":{"@id":"https:\/\/www.evropskakuca.me\/me\/#organization"},"potentialAction":[{"@type":"SearchAction","target":{"@type":"EntryPoint","urlTemplate":"https:\/\/www.evropskakuca.me\/me\/?s={search_term_string}"},"query-input":{"@type":"PropertyValueSpecification","valueRequired":true,"valueName":"search_term_string"}}],"inLanguage":"me-ME"},{"@type":"Organization","@id":"https:\/\/www.evropskakuca.me\/me\/#organization","name":"Evropean house","url":"https:\/\/www.evropskakuca.me\/me\/","logo":{"@type":"ImageObject","inLanguage":"me-ME","@id":"https:\/\/www.evropskakuca.me\/me\/#\/schema\/logo\/image\/","url":"https:\/\/www.evropskakuca.me\/wp-content\/uploads\/2025\/01\/evropska-kuca-logo-1.png","contentUrl":"https:\/\/www.evropskakuca.me\/wp-content\/uploads\/2025\/01\/evropska-kuca-logo-1.png","width":425,"height":312,"caption":"Evropean house"},"image":{"@id":"https:\/\/www.evropskakuca.me\/me\/#\/schema\/logo\/image\/"},"sameAs":["https:\/\/www.facebook.com\/evropska.kuca","https:\/\/x.com\/evropska_kuca","https:\/\/www.instagram.com\/evropska_kuca"]},{"@type":"Person","@id":"https:\/\/www.evropskakuca.me\/me\/#\/schema\/person\/a1d0dcdaefe4a1cd1d60d200ea137ba4","name":"mkajic","image":{"@type":"ImageObject","inLanguage":"me-ME","@id":"https:\/\/secure.gravatar.com\/avatar\/731fa035cefab7316e6bafd1f25a93fb731a07de14e2d9923f8db4422628eabc?s=96&d=mm&r=g","url":"https:\/\/secure.gravatar.com\/avatar\/731fa035cefab7316e6bafd1f25a93fb731a07de14e2d9923f8db4422628eabc?s=96&d=mm&r=g","contentUrl":"https:\/\/secure.gravatar.com\/avatar\/731fa035cefab7316e6bafd1f25a93fb731a07de14e2d9923f8db4422628eabc?s=96&d=mm&r=g","caption":"mkajic"},"sameAs":["https:\/\/evropskakuca.me"],"url":"https:\/\/www.evropskakuca.me\/me\/author\/mkajic\/"}]}},"_links":{"self":[{"href":"https:\/\/www.evropskakuca.me\/me\/wp-json\/wp\/v2\/posts\/10859","targetHints":{"allow":["GET"]}}],"collection":[{"href":"https:\/\/www.evropskakuca.me\/me\/wp-json\/wp\/v2\/posts"}],"about":[{"href":"https:\/\/www.evropskakuca.me\/me\/wp-json\/wp\/v2\/types\/post"}],"author":[{"embeddable":true,"href":"https:\/\/www.evropskakuca.me\/me\/wp-json\/wp\/v2\/users\/1"}],"replies":[{"embeddable":true,"href":"https:\/\/www.evropskakuca.me\/me\/wp-json\/wp\/v2\/comments?post=10859"}],"version-history":[{"count":0,"href":"https:\/\/www.evropskakuca.me\/me\/wp-json\/wp\/v2\/posts\/10859\/revisions"}],"wp:featuredmedia":[{"embeddable":true,"href":"https:\/\/www.evropskakuca.me\/me\/wp-json\/wp\/v2\/media\/35838"}],"wp:attachment":[{"href":"https:\/\/www.evropskakuca.me\/me\/wp-json\/wp\/v2\/media?parent=10859"}],"wp:term":[{"taxonomy":"category","embeddable":true,"href":"https:\/\/www.evropskakuca.me\/me\/wp-json\/wp\/v2\/categories?post=10859"},{"taxonomy":"post_tag","embeddable":true,"href":"https:\/\/www.evropskakuca.me\/me\/wp-json\/wp\/v2\/tags?post=10859"}],"curies":[{"name":"wp","href":"https:\/\/api.w.org\/{rel}","templated":true}]}}