{"id":10855,"date":"2020-11-25T11:21:43","date_gmt":"2020-11-25T11:21:43","guid":{"rendered":"http:\/\/www.evropskakuca.me\/?p=10855"},"modified":"2020-11-25T11:21:43","modified_gmt":"2020-11-25T11:21:43","slug":"donacija-eu-stiglo-jos-206-000-zastitnih-maski-2","status":"publish","type":"post","link":"https:\/\/www.evropskakuca.me\/me\/donacija-eu-stiglo-jos-206-000-zastitnih-maski-2\/","title":{"rendered":"Donacija EU: Stiglo jo\u0161 206.000 za\u0161titnih maski"},"content":{"rendered":"<p><span lang=\"EN-GB\" xml:lang=\"EN-GB\">U Crnu Goru je dopremljen jo\u0161 jedan kontigent za\u0161titne medicinske opreme namijenjene zdravstvenim radnicima, vrijedan 137,000 eura. Isporuka obuhvata 200.000 komada hiru\u0161kih maski, tipa IIR, i 6.000 komada visoko kvalitetnih maski, tipa N95, koje su stavljene na raspolaganje zdravstvenom sistemu Crne Gore. Dana\u0161nja donacija je dio donacije Evropske unije za hitnu podr\u0161ku Crnoj Gori u borbi protiv Covid-19, \u010dija je ukupna vrijednost 3 miliona eura, a koji sprovodi Kancelarija UNDP u Crnoj Gori. Od po\u010detka projekta, isporu\u010deno je ukupno 100 bolni\u010dkih respiratora, 10 savremenih rendgenskih ure\u0111aja i preko dva miliona komada li\u010dne za\u0161titne opreme.<\/span><\/p>\n<p><span lang=\"EN-GB\" xml:lang=\"EN-GB\">Povodom primopredaje opreme,\u00a0<b>\u0161efica Delegacije Evropske unije u Crnoj Gori, ambasadorka Oana Kristina Popa<\/b>\u00a0naglasila je da je dana\u0161nja donacija jo\u0161 jedna potvrda solidarnost i prijateljstva gra\u0111ana EU sa gra\u0111anima Crne Gore. \u201cOvom isporukom kompletiramo paket donacija Evropske unije vrijedan 3 miliona eura. U okviru ovog paketa bespovratne finansijske pomo\u0107i Evropske unije, Crnoj Gori su obezbije\u0111ena najneophodnija za\u0161titna sredstava za zdravstvene radnike, kao i vitalna medicinska oprema, uklju\u010duju\u0107i i 100 respiratora, \u010dime je zna\u010dajno unaprije\u0111ena sposobnost zdravstvenog sistema da za\u0161titi \u017eivote i\u00a0 zdravlje gra\u0111ana. U vremenu te\u0161kih zdravstvenih i ekonomskih isku\u0161enja, Evropska unija nastavlja da afirmi\u0161e solidarnost kao svoju temeljnu vrijednost i nastavlja da podr\u017eava Crnu Goru u zajedni\u010dkoj borbi protiv pandemije korona virusa,\u201d poru\u010dila je ambasadorka Popa.<\/span><\/p>\n<p>&nbsp;<\/p>\n<div class=\"media media-element-container media-eeas_full_width\">\n<div id=\"file-94301\" class=\"file file-image file-image-jpeg\">\n<div class=\"content\"><img decoding=\"async\" class=\"media-element file-eeas-full-width\" src=\"https:\/\/eeas.europa.eu\/sites\/default\/files\/styles\/eeas_full_width\/public\/donacija_2.jpg?itok=_pIM6X-F\" alt=\"\" data-delta=\"1\" \/><\/div>\n<\/div>\n<\/div>\n<p><b><span lang=\"EN-GB\" xml:lang=\"EN-GB\">Glavni pregovara\u010d Crne Gore sa Evropskom unijom<\/span><\/b><span lang=\"EN-GB\" xml:lang=\"EN-GB\">\u00a0<b>i nacionalni IPA koordinator, Aleksandar Drljevi\u0107\u00a0<\/b>je podsjetio da je Vlada ve\u0107 po\u010detkom pandemije tokom dijaloga sa Evropskom komisijom ukazala na va\u017enost brze podr\u0161ke zdravstvenom sistemu u vidu dodatne za\u0161titne i medicinske opreme za zdravstvene institucije, ali i naglasila va\u017enost konsolidovane dugoro\u010dne podr\u0161ke Evropske unije za saniranje posljedica epidemije. \u201c\u010cinjenica da je dana\u0161njom isporukom donacija EU kompletirana posebno je va\u017ena za na\u0161 zdravstveni sistem, koji \u0107e, opremljen novim respiratorima, mobilnim rendgenskim aparatima, ali i za\u0161titnom opremom biti spremniji za sve ve\u0107e izazove koje nam name\u0107e \u0161irenje novog virusa. Ukupna podr\u0161ka Evropske unije tokom epidemije potvr\u0111uje da je solidarnost osnovna vrijednost ujedinjene Evrope, a upravo solidarnost na djelu u Crnoj Gori ukazuje na va\u017enost procesa pristupanja Evropskoj uniji i u vremenu ukupnih izazova sa kojima se suo\u010davamo,\u201d ocijenio je Drljevi\u0107.<\/span><\/p>\n<p>&nbsp;<\/p>\n<div class=\"media media-element-container media-eeas_full_width\">\n<div id=\"file-94302\" class=\"file file-image file-image-jpeg\">\n<div class=\"content\"><img decoding=\"async\" class=\"media-element file-eeas-full-width\" src=\"https:\/\/eeas.europa.eu\/sites\/default\/files\/styles\/eeas_full_width\/public\/donacija_3.jpg?itok=0XEonjyd\" alt=\"\" data-delta=\"2\" \/><\/div>\n<\/div>\n<\/div>\n<p><b><span lang=\"EN-GB\" xml:lang=\"EN-GB\">Daniela Ga\u0161parikova, stalna predstavnica UNDP u Crnoj Gori<\/span><\/b><span lang=\"EN-GB\" xml:lang=\"EN-GB\">\u00a0je istakla da \u201e<i>je ovo poslednja u nizu od sedam isporuka medicinske i li\u010dne za\u0161titne opreme, koja je obezbije\u0111ena u okviru projekta koji finansira Evropska unija<\/i>.\u00a0<i>Realizacija ovog projekta je sna\u017ena potvrda solidarnosti i partnerstva koje \u0107e pomo\u0107i da sa\u010duvamo \u017eivote gra\u0111ana, pru\u017eimo adekvatan odgovor izazovima i pobijedimo pandemiju. Osim ove inicijative, UNDP realizuje nekoliko projekata na planu dugoro\u010dnog ja\u010danja zdravstvenog sistema kroz uvo\u0111enje digitalnih tehnologija, koje \u0107e\u00a0otvoriti\u00a0 nove mogu\u0107nosti za prevenciju, lije\u010denje i pove\u0107anje kvaliteta zdravstvenih usluga \u0161to \u0107e biti\u00a0od velike koristi i pacijentima i zdravstvenim radnicima u Crnoj Gori<\/i>\u2019\u2019, istakla je Ga\u0161parikova i<i>\u00a0<\/i>naglasila<i>\u00a0,,da se kontinuirana podr\u0161ka UNDP evropskom putu Crne Gore nastavlja kroz ja\u010danje institucija sistema i doprinos ukupnom socijalno-ekonomskom oporavku zemlje\u2019\u2019.<\/i><\/span><\/p>\n<p><span lang=\"SR-LATN-ME\" xml:lang=\"SR-LATN-ME\">***<\/span><\/p>\n<p><span lang=\"EN-GB\" xml:lang=\"EN-GB\">Kao dio zajedni\u010dkog odgovora na pandemiju koronavirusa, Delegacija Evropske unije i Program Ujedinjenih nacija za razvoj (UNDP) u Crnoj Gori potpisali su po\u010detkom aprila ugovor vrijedan 3 miliona eura za nabavku neophodne medicinske opreme i li\u010dne za\u0161titne opreme za zdravstvene radnike. Ugovor se finansira iz sredstava EU, a nabavku je sprovodio UNDP u saradnji sa nadle\u017enim institucijama.<\/span><\/p>\n<p><span lang=\"EN-GB\" xml:lang=\"EN-GB\">Donirana medicinska oprema doprinije\u0107e unapre\u0111enju bolni\u010dkih kapaciteta u Crnoj Gori i nakon \u0161to se epidemije zavr\u0161i, jer \u0107e savremeni rendgenski ure\u0111aji pru\u017eiti precizniju i br\u017eu radiografsku dijagnostiku u bolnicama u Baru, Nik\u0161i\u0107u, Beranama, Pljevljima, Bijelom Polju, kao i u Klini\u010dkom centru Crne Gore \u2013 na Infektivnoj klinici, Klinici za neurologiju, Institutu za bolesti djece, Centralnoj intezivnoj njezi i Intenzivnoj metaboli\u010dkoj jedinici.<\/span><\/p>\n","protected":false},"excerpt":{"rendered":"<p>U Crnu Goru je dopremljen jo\u0161 jedan kontigent za\u0161titne medicinske opreme namijenjene zdravstvenim radnicima, vrijedan 137,000 eura. Isporuka obuhvata 200.000 komada hiru\u0161kih maski, tipa IIR, i 6.000 komada visoko kvalitetnih maski, tipa N95, koje su stavljene na raspolaganje zdravstvenom sistemu Crne Gore. Dana\u0161nja donacija je dio donacije Evropske unije za hitnu podr\u0161ku Crnoj Gori u [&hellip;]<\/p>\n","protected":false},"author":1,"featured_media":35850,"comment_status":"closed","ping_status":"closed","sticky":false,"template":"","format":"standard","meta":{"_acf_changed":false,"footnotes":""},"categories":[287,283],"tags":[],"class_list":["post-10855","post","type-post","status-publish","format-standard","has-post-thumbnail","hentry","category-koronavirusa","category-novosti-me"],"acf":[],"yoast_head":"<!-- This site is optimized with the Yoast SEO plugin v27.3 - https:\/\/yoast.com\/product\/yoast-seo-wordpress\/ -->\n<title>Donacija EU: Stiglo jo\u0161 206.000 za\u0161titnih maski - Europe House<\/title>\n<meta name=\"robots\" content=\"index, follow, max-snippet:-1, max-image-preview:large, max-video-preview:-1\" \/>\n<link rel=\"canonical\" href=\"https:\/\/www.evropskakuca.me\/me\/donacija-eu-stiglo-jos-206-000-zastitnih-maski-2\/\" \/>\n<meta property=\"og:locale\" content=\"en_US\" \/>\n<meta property=\"og:type\" content=\"article\" \/>\n<meta property=\"og:title\" content=\"Donacija EU: Stiglo jo\u0161 206.000 za\u0161titnih maski - Europe House\" \/>\n<meta property=\"og:description\" content=\"U Crnu Goru je dopremljen jo\u0161 jedan kontigent za\u0161titne medicinske opreme namijenjene zdravstvenim radnicima, vrijedan 137,000 eura. Isporuka obuhvata 200.000 komada hiru\u0161kih maski, tipa IIR, i 6.000 komada visoko kvalitetnih maski, tipa N95, koje su stavljene na raspolaganje zdravstvenom sistemu Crne Gore. Dana\u0161nja donacija je dio donacije Evropske unije za hitnu podr\u0161ku Crnoj Gori u [&hellip;]\" \/>\n<meta property=\"og:url\" content=\"https:\/\/www.evropskakuca.me\/me\/donacija-eu-stiglo-jos-206-000-zastitnih-maski-2\/\" \/>\n<meta property=\"og:site_name\" content=\"Europe House\" \/>\n<meta property=\"article:publisher\" content=\"https:\/\/www.facebook.com\/evropska.kuca\" \/>\n<meta property=\"article:published_time\" content=\"2020-11-25T11:21:43+00:00\" \/>\n<meta property=\"og:image\" content=\"https:\/\/www.evropskakuca.me\/wp-content\/uploads\/2021\/03\/donacija-2.jpg\" \/>\n\t<meta property=\"og:image:width\" content=\"750\" \/>\n\t<meta property=\"og:image:height\" content=\"499\" \/>\n\t<meta property=\"og:image:type\" content=\"image\/jpeg\" \/>\n<meta name=\"author\" content=\"mkajic\" \/>\n<meta name=\"twitter:card\" content=\"summary_large_image\" \/>\n<meta name=\"twitter:creator\" content=\"@evropska_kuca\" \/>\n<meta name=\"twitter:site\" content=\"@evropska_kuca\" \/>\n<meta name=\"twitter:label1\" content=\"Written by\" \/>\n\t<meta name=\"twitter:data1\" content=\"mkajic\" \/>\n\t<meta name=\"twitter:label2\" content=\"Est. reading time\" \/>\n\t<meta name=\"twitter:data2\" content=\"3 minutes\" \/>\n<script type=\"application\/ld+json\" class=\"yoast-schema-graph\">{\"@context\":\"https:\\\/\\\/schema.org\",\"@graph\":[{\"@type\":\"Article\",\"@id\":\"https:\\\/\\\/www.evropskakuca.me\\\/me\\\/donacija-eu-stiglo-jos-206-000-zastitnih-maski-2\\\/#article\",\"isPartOf\":{\"@id\":\"https:\\\/\\\/www.evropskakuca.me\\\/me\\\/donacija-eu-stiglo-jos-206-000-zastitnih-maski-2\\\/\"},\"author\":{\"name\":\"mkajic\",\"@id\":\"https:\\\/\\\/www.evropskakuca.me\\\/me\\\/#\\\/schema\\\/person\\\/a1d0dcdaefe4a1cd1d60d200ea137ba4\"},\"headline\":\"Donacija EU: Stiglo jo\u0161 206.000 za\u0161titnih maski\",\"datePublished\":\"2020-11-25T11:21:43+00:00\",\"mainEntityOfPage\":{\"@id\":\"https:\\\/\\\/www.evropskakuca.me\\\/me\\\/donacija-eu-stiglo-jos-206-000-zastitnih-maski-2\\\/\"},\"wordCount\":669,\"publisher\":{\"@id\":\"https:\\\/\\\/www.evropskakuca.me\\\/me\\\/#organization\"},\"image\":{\"@id\":\"https:\\\/\\\/www.evropskakuca.me\\\/me\\\/donacija-eu-stiglo-jos-206-000-zastitnih-maski-2\\\/#primaryimage\"},\"thumbnailUrl\":\"https:\\\/\\\/www.evropskakuca.me\\\/wp-content\\\/uploads\\\/2021\\\/03\\\/donacija-2.jpg\",\"articleSection\":[\"Koronavirusa\",\"Novosti\"],\"inLanguage\":\"me-ME\"},{\"@type\":\"WebPage\",\"@id\":\"https:\\\/\\\/www.evropskakuca.me\\\/me\\\/donacija-eu-stiglo-jos-206-000-zastitnih-maski-2\\\/\",\"url\":\"https:\\\/\\\/www.evropskakuca.me\\\/me\\\/donacija-eu-stiglo-jos-206-000-zastitnih-maski-2\\\/\",\"name\":\"Donacija EU: Stiglo jo\u0161 206.000 za\u0161titnih maski - Europe House\",\"isPartOf\":{\"@id\":\"https:\\\/\\\/www.evropskakuca.me\\\/me\\\/#website\"},\"primaryImageOfPage\":{\"@id\":\"https:\\\/\\\/www.evropskakuca.me\\\/me\\\/donacija-eu-stiglo-jos-206-000-zastitnih-maski-2\\\/#primaryimage\"},\"image\":{\"@id\":\"https:\\\/\\\/www.evropskakuca.me\\\/me\\\/donacija-eu-stiglo-jos-206-000-zastitnih-maski-2\\\/#primaryimage\"},\"thumbnailUrl\":\"https:\\\/\\\/www.evropskakuca.me\\\/wp-content\\\/uploads\\\/2021\\\/03\\\/donacija-2.jpg\",\"datePublished\":\"2020-11-25T11:21:43+00:00\",\"breadcrumb\":{\"@id\":\"https:\\\/\\\/www.evropskakuca.me\\\/me\\\/donacija-eu-stiglo-jos-206-000-zastitnih-maski-2\\\/#breadcrumb\"},\"inLanguage\":\"me-ME\",\"potentialAction\":[{\"@type\":\"ReadAction\",\"target\":[\"https:\\\/\\\/www.evropskakuca.me\\\/me\\\/donacija-eu-stiglo-jos-206-000-zastitnih-maski-2\\\/\"]}]},{\"@type\":\"ImageObject\",\"inLanguage\":\"me-ME\",\"@id\":\"https:\\\/\\\/www.evropskakuca.me\\\/me\\\/donacija-eu-stiglo-jos-206-000-zastitnih-maski-2\\\/#primaryimage\",\"url\":\"https:\\\/\\\/www.evropskakuca.me\\\/wp-content\\\/uploads\\\/2021\\\/03\\\/donacija-2.jpg\",\"contentUrl\":\"https:\\\/\\\/www.evropskakuca.me\\\/wp-content\\\/uploads\\\/2021\\\/03\\\/donacija-2.jpg\",\"width\":750,\"height\":499},{\"@type\":\"BreadcrumbList\",\"@id\":\"https:\\\/\\\/www.evropskakuca.me\\\/me\\\/donacija-eu-stiglo-jos-206-000-zastitnih-maski-2\\\/#breadcrumb\",\"itemListElement\":[{\"@type\":\"ListItem\",\"position\":1,\"name\":\"Home\",\"item\":\"https:\\\/\\\/www.evropskakuca.me\\\/me\\\/\"},{\"@type\":\"ListItem\",\"position\":2,\"name\":\"Donacija EU: Stiglo jo\u0161 206.000 za\u0161titnih maski\"}]},{\"@type\":\"WebSite\",\"@id\":\"https:\\\/\\\/www.evropskakuca.me\\\/me\\\/#website\",\"url\":\"https:\\\/\\\/www.evropskakuca.me\\\/me\\\/\",\"name\":\"Evropean house\",\"description\":\"\",\"publisher\":{\"@id\":\"https:\\\/\\\/www.evropskakuca.me\\\/me\\\/#organization\"},\"potentialAction\":[{\"@type\":\"SearchAction\",\"target\":{\"@type\":\"EntryPoint\",\"urlTemplate\":\"https:\\\/\\\/www.evropskakuca.me\\\/me\\\/?s={search_term_string}\"},\"query-input\":{\"@type\":\"PropertyValueSpecification\",\"valueRequired\":true,\"valueName\":\"search_term_string\"}}],\"inLanguage\":\"me-ME\"},{\"@type\":\"Organization\",\"@id\":\"https:\\\/\\\/www.evropskakuca.me\\\/me\\\/#organization\",\"name\":\"Evropean house\",\"url\":\"https:\\\/\\\/www.evropskakuca.me\\\/me\\\/\",\"logo\":{\"@type\":\"ImageObject\",\"inLanguage\":\"me-ME\",\"@id\":\"https:\\\/\\\/www.evropskakuca.me\\\/me\\\/#\\\/schema\\\/logo\\\/image\\\/\",\"url\":\"https:\\\/\\\/www.evropskakuca.me\\\/wp-content\\\/uploads\\\/2025\\\/01\\\/evropska-kuca-logo-1.png\",\"contentUrl\":\"https:\\\/\\\/www.evropskakuca.me\\\/wp-content\\\/uploads\\\/2025\\\/01\\\/evropska-kuca-logo-1.png\",\"width\":425,\"height\":312,\"caption\":\"Evropean house\"},\"image\":{\"@id\":\"https:\\\/\\\/www.evropskakuca.me\\\/me\\\/#\\\/schema\\\/logo\\\/image\\\/\"},\"sameAs\":[\"https:\\\/\\\/www.facebook.com\\\/evropska.kuca\",\"https:\\\/\\\/x.com\\\/evropska_kuca\",\"https:\\\/\\\/www.instagram.com\\\/evropska_kuca\"]},{\"@type\":\"Person\",\"@id\":\"https:\\\/\\\/www.evropskakuca.me\\\/me\\\/#\\\/schema\\\/person\\\/a1d0dcdaefe4a1cd1d60d200ea137ba4\",\"name\":\"mkajic\",\"image\":{\"@type\":\"ImageObject\",\"inLanguage\":\"me-ME\",\"@id\":\"https:\\\/\\\/secure.gravatar.com\\\/avatar\\\/731fa035cefab7316e6bafd1f25a93fb731a07de14e2d9923f8db4422628eabc?s=96&d=mm&r=g\",\"url\":\"https:\\\/\\\/secure.gravatar.com\\\/avatar\\\/731fa035cefab7316e6bafd1f25a93fb731a07de14e2d9923f8db4422628eabc?s=96&d=mm&r=g\",\"contentUrl\":\"https:\\\/\\\/secure.gravatar.com\\\/avatar\\\/731fa035cefab7316e6bafd1f25a93fb731a07de14e2d9923f8db4422628eabc?s=96&d=mm&r=g\",\"caption\":\"mkajic\"},\"sameAs\":[\"https:\\\/\\\/evropskakuca.me\"],\"url\":\"https:\\\/\\\/www.evropskakuca.me\\\/me\\\/author\\\/mkajic\\\/\"}]}<\/script>\n<!-- \/ Yoast SEO plugin. -->","yoast_head_json":{"title":"Donacija EU: Stiglo jo\u0161 206.000 za\u0161titnih maski - Europe House","robots":{"index":"index","follow":"follow","max-snippet":"max-snippet:-1","max-image-preview":"max-image-preview:large","max-video-preview":"max-video-preview:-1"},"canonical":"https:\/\/www.evropskakuca.me\/me\/donacija-eu-stiglo-jos-206-000-zastitnih-maski-2\/","og_locale":"en_US","og_type":"article","og_title":"Donacija EU: Stiglo jo\u0161 206.000 za\u0161titnih maski - Europe House","og_description":"U Crnu Goru je dopremljen jo\u0161 jedan kontigent za\u0161titne medicinske opreme namijenjene zdravstvenim radnicima, vrijedan 137,000 eura. Isporuka obuhvata 200.000 komada hiru\u0161kih maski, tipa IIR, i 6.000 komada visoko kvalitetnih maski, tipa N95, koje su stavljene na raspolaganje zdravstvenom sistemu Crne Gore. Dana\u0161nja donacija je dio donacije Evropske unije za hitnu podr\u0161ku Crnoj Gori u [&hellip;]","og_url":"https:\/\/www.evropskakuca.me\/me\/donacija-eu-stiglo-jos-206-000-zastitnih-maski-2\/","og_site_name":"Europe House","article_publisher":"https:\/\/www.facebook.com\/evropska.kuca","article_published_time":"2020-11-25T11:21:43+00:00","og_image":[{"width":750,"height":499,"url":"https:\/\/www.evropskakuca.me\/wp-content\/uploads\/2021\/03\/donacija-2.jpg","type":"image\/jpeg"}],"author":"mkajic","twitter_card":"summary_large_image","twitter_creator":"@evropska_kuca","twitter_site":"@evropska_kuca","twitter_misc":{"Written by":"mkajic","Est. reading time":"3 minutes"},"schema":{"@context":"https:\/\/schema.org","@graph":[{"@type":"Article","@id":"https:\/\/www.evropskakuca.me\/me\/donacija-eu-stiglo-jos-206-000-zastitnih-maski-2\/#article","isPartOf":{"@id":"https:\/\/www.evropskakuca.me\/me\/donacija-eu-stiglo-jos-206-000-zastitnih-maski-2\/"},"author":{"name":"mkajic","@id":"https:\/\/www.evropskakuca.me\/me\/#\/schema\/person\/a1d0dcdaefe4a1cd1d60d200ea137ba4"},"headline":"Donacija EU: Stiglo jo\u0161 206.000 za\u0161titnih maski","datePublished":"2020-11-25T11:21:43+00:00","mainEntityOfPage":{"@id":"https:\/\/www.evropskakuca.me\/me\/donacija-eu-stiglo-jos-206-000-zastitnih-maski-2\/"},"wordCount":669,"publisher":{"@id":"https:\/\/www.evropskakuca.me\/me\/#organization"},"image":{"@id":"https:\/\/www.evropskakuca.me\/me\/donacija-eu-stiglo-jos-206-000-zastitnih-maski-2\/#primaryimage"},"thumbnailUrl":"https:\/\/www.evropskakuca.me\/wp-content\/uploads\/2021\/03\/donacija-2.jpg","articleSection":["Koronavirusa","Novosti"],"inLanguage":"me-ME"},{"@type":"WebPage","@id":"https:\/\/www.evropskakuca.me\/me\/donacija-eu-stiglo-jos-206-000-zastitnih-maski-2\/","url":"https:\/\/www.evropskakuca.me\/me\/donacija-eu-stiglo-jos-206-000-zastitnih-maski-2\/","name":"Donacija EU: Stiglo jo\u0161 206.000 za\u0161titnih maski - Europe House","isPartOf":{"@id":"https:\/\/www.evropskakuca.me\/me\/#website"},"primaryImageOfPage":{"@id":"https:\/\/www.evropskakuca.me\/me\/donacija-eu-stiglo-jos-206-000-zastitnih-maski-2\/#primaryimage"},"image":{"@id":"https:\/\/www.evropskakuca.me\/me\/donacija-eu-stiglo-jos-206-000-zastitnih-maski-2\/#primaryimage"},"thumbnailUrl":"https:\/\/www.evropskakuca.me\/wp-content\/uploads\/2021\/03\/donacija-2.jpg","datePublished":"2020-11-25T11:21:43+00:00","breadcrumb":{"@id":"https:\/\/www.evropskakuca.me\/me\/donacija-eu-stiglo-jos-206-000-zastitnih-maski-2\/#breadcrumb"},"inLanguage":"me-ME","potentialAction":[{"@type":"ReadAction","target":["https:\/\/www.evropskakuca.me\/me\/donacija-eu-stiglo-jos-206-000-zastitnih-maski-2\/"]}]},{"@type":"ImageObject","inLanguage":"me-ME","@id":"https:\/\/www.evropskakuca.me\/me\/donacija-eu-stiglo-jos-206-000-zastitnih-maski-2\/#primaryimage","url":"https:\/\/www.evropskakuca.me\/wp-content\/uploads\/2021\/03\/donacija-2.jpg","contentUrl":"https:\/\/www.evropskakuca.me\/wp-content\/uploads\/2021\/03\/donacija-2.jpg","width":750,"height":499},{"@type":"BreadcrumbList","@id":"https:\/\/www.evropskakuca.me\/me\/donacija-eu-stiglo-jos-206-000-zastitnih-maski-2\/#breadcrumb","itemListElement":[{"@type":"ListItem","position":1,"name":"Home","item":"https:\/\/www.evropskakuca.me\/me\/"},{"@type":"ListItem","position":2,"name":"Donacija EU: Stiglo jo\u0161 206.000 za\u0161titnih maski"}]},{"@type":"WebSite","@id":"https:\/\/www.evropskakuca.me\/me\/#website","url":"https:\/\/www.evropskakuca.me\/me\/","name":"Evropean house","description":"","publisher":{"@id":"https:\/\/www.evropskakuca.me\/me\/#organization"},"potentialAction":[{"@type":"SearchAction","target":{"@type":"EntryPoint","urlTemplate":"https:\/\/www.evropskakuca.me\/me\/?s={search_term_string}"},"query-input":{"@type":"PropertyValueSpecification","valueRequired":true,"valueName":"search_term_string"}}],"inLanguage":"me-ME"},{"@type":"Organization","@id":"https:\/\/www.evropskakuca.me\/me\/#organization","name":"Evropean house","url":"https:\/\/www.evropskakuca.me\/me\/","logo":{"@type":"ImageObject","inLanguage":"me-ME","@id":"https:\/\/www.evropskakuca.me\/me\/#\/schema\/logo\/image\/","url":"https:\/\/www.evropskakuca.me\/wp-content\/uploads\/2025\/01\/evropska-kuca-logo-1.png","contentUrl":"https:\/\/www.evropskakuca.me\/wp-content\/uploads\/2025\/01\/evropska-kuca-logo-1.png","width":425,"height":312,"caption":"Evropean house"},"image":{"@id":"https:\/\/www.evropskakuca.me\/me\/#\/schema\/logo\/image\/"},"sameAs":["https:\/\/www.facebook.com\/evropska.kuca","https:\/\/x.com\/evropska_kuca","https:\/\/www.instagram.com\/evropska_kuca"]},{"@type":"Person","@id":"https:\/\/www.evropskakuca.me\/me\/#\/schema\/person\/a1d0dcdaefe4a1cd1d60d200ea137ba4","name":"mkajic","image":{"@type":"ImageObject","inLanguage":"me-ME","@id":"https:\/\/secure.gravatar.com\/avatar\/731fa035cefab7316e6bafd1f25a93fb731a07de14e2d9923f8db4422628eabc?s=96&d=mm&r=g","url":"https:\/\/secure.gravatar.com\/avatar\/731fa035cefab7316e6bafd1f25a93fb731a07de14e2d9923f8db4422628eabc?s=96&d=mm&r=g","contentUrl":"https:\/\/secure.gravatar.com\/avatar\/731fa035cefab7316e6bafd1f25a93fb731a07de14e2d9923f8db4422628eabc?s=96&d=mm&r=g","caption":"mkajic"},"sameAs":["https:\/\/evropskakuca.me"],"url":"https:\/\/www.evropskakuca.me\/me\/author\/mkajic\/"}]}},"_links":{"self":[{"href":"https:\/\/www.evropskakuca.me\/me\/wp-json\/wp\/v2\/posts\/10855","targetHints":{"allow":["GET"]}}],"collection":[{"href":"https:\/\/www.evropskakuca.me\/me\/wp-json\/wp\/v2\/posts"}],"about":[{"href":"https:\/\/www.evropskakuca.me\/me\/wp-json\/wp\/v2\/types\/post"}],"author":[{"embeddable":true,"href":"https:\/\/www.evropskakuca.me\/me\/wp-json\/wp\/v2\/users\/1"}],"replies":[{"embeddable":true,"href":"https:\/\/www.evropskakuca.me\/me\/wp-json\/wp\/v2\/comments?post=10855"}],"version-history":[{"count":0,"href":"https:\/\/www.evropskakuca.me\/me\/wp-json\/wp\/v2\/posts\/10855\/revisions"}],"wp:featuredmedia":[{"embeddable":true,"href":"https:\/\/www.evropskakuca.me\/me\/wp-json\/wp\/v2\/media\/35850"}],"wp:attachment":[{"href":"https:\/\/www.evropskakuca.me\/me\/wp-json\/wp\/v2\/media?parent=10855"}],"wp:term":[{"taxonomy":"category","embeddable":true,"href":"https:\/\/www.evropskakuca.me\/me\/wp-json\/wp\/v2\/categories?post=10855"},{"taxonomy":"post_tag","embeddable":true,"href":"https:\/\/www.evropskakuca.me\/me\/wp-json\/wp\/v2\/tags?post=10855"}],"curies":[{"name":"wp","href":"https:\/\/api.w.org\/{rel}","templated":true}]}}