{"id":10838,"date":"2021-01-27T10:54:09","date_gmt":"2021-01-27T10:54:09","guid":{"rendered":"http:\/\/www.evropskakuca.me\/?p=10838"},"modified":"2021-01-27T10:54:09","modified_gmt":"2021-01-27T10:54:09","slug":"potpisan-finansijski-sporazum-o-podrsci-eu-zdravstvu","status":"publish","type":"post","link":"https:\/\/www.evropskakuca.me\/me\/potpisan-finansijski-sporazum-o-podrsci-eu-zdravstvu\/","title":{"rendered":"Potpisan finansijski sporazum o podr\u0161ci EU zdravstvu"},"content":{"rendered":"<p><span lang=\"BS-LATN-BA\" xml:lang=\"BS-LATN-BA\">\u0160efica Delegacije EU u Crnoj Gori, ambasadorka Oana Kristina Popa i glavna pregovara\u010dica Zorka Kordi\u0107 potpisale su danas Sporazum o finansiranju podr\u0161ke EU zdravstvenom sektoru u borbi protiv COVID-19. Ova bespovratna pomo\u0107 Unije, vrijedna 9,5 miliona eura, usmjerena je na pru\u017eanje podr\u0161ke zdravstvenom sektoru nakon zavr\u0161etka trenutne zdravstvene krize i na ja\u010danje njegove otpornosti za suo\u010davanje sa sli\u010dnim prijetnjama u budu\u0107nosti. Ona obuhvata ulaganje u infrastrukturu, opremu i ljudske kapacitete crnogorskog zdravstvenog sistema za kontrolu bolesti i rje\u0161avanje pitanja zdravstvene bezbjednosti.<\/span><\/p>\n<div class=\"media media-element-container media-eeas_full_width\">\n<div id=\"file-96641\" class=\"file file-image file-image-jpeg\">\n<div class=\"content\"><img decoding=\"async\" class=\"media-element file-eeas-full-width\" src=\"https:\/\/eeas.europa.eu\/sites\/default\/files\/styles\/eeas_full_width\/public\/sporazum_za_sajt_2.jpg?itok=dJX4T2a6\" alt=\"\" data-delta=\"1\" \/><\/div>\n<\/div>\n<\/div>\n<p><span lang=\"BS-LATN-BA\" xml:lang=\"BS-LATN-BA\">Ambasadorka Popa je naglasila da \u0107e danas ugovorena podr\u0161ka EU donijeti dugoro\u010dne koristi crnogorskom zdravstvenom sistemu i kvalitetu zdravstvenih usluga koje se nude gra\u0111anima. \u201eOva \u0107e zdravstvena kriza \u2013 koliko god da je izazovna \u2013 pro\u0107i, ali \u0107e ostati klinike i laboratorije. S pogledom na budu\u0107nost, \u017eelimo da nastavimo da unapre\u0111ujemo \u200b\u200bcrnogorski zdravstveni sistem, pribli\u017eavaju\u0107i ga evropskim standardima. To je ono \u0161to Crna Gora zaslu\u017euje i \u0161to je su\u0161tina procesa integracije: pobolj\u0161anje kvaliteta \u017eivota gra\u0111ana\u201c, kazala je ambasadorka EU.<\/span><\/p>\n<p><span lang=\"BS-LATN-BA\" xml:lang=\"BS-LATN-BA\">Glavna pregovara\u010dica, Zorka Kordi\u0107, je poru\u010dila da je evropska perspektiva Crne Gore osna\u017eena strukturiranom, ciljanom i vrijednom podr\u0161kom zdravstvenom sistemu Crne Gore istakav\u0161i da je EU me\u0111u prvima prepoznala potrebu da pomogne u ovom dijelu, ali i u dugoro\u010dnijem suo\u010davanju sa ekonomskim i dru\u0161tvenim posljedicama pandemije.\u00a0<\/span><\/p>\n<p>&nbsp;<\/p>\n<div class=\"media media-element-container media-eeas_full_width\">\n<div id=\"file-96642\" class=\"file file-image file-image-jpeg\">\n<div class=\"content\"><img decoding=\"async\" class=\"media-element file-eeas-full-width\" src=\"https:\/\/eeas.europa.eu\/sites\/default\/files\/styles\/eeas_full_width\/public\/sporazum_za_sajt_3.jpg?itok=ZOY7wxP3\" alt=\"\" data-delta=\"2\" \/><\/div>\n<\/div>\n<\/div>\n<p><span lang=\"BS-LATN-BA\" xml:lang=\"BS-LATN-BA\">\u201cZajedno sa EU gradimo odr\u017eiv zdravstveni sistem: od ukupno opredijeljenih 15,5 miliona eura obuhva\u0107enih Finansijskim sporazumom za program IPA 2018 bi\u0107e finansirano 7 aktivnosti \u010dija realizacija \u0107e podi\u0107i kvalitet usluga na evropski nivo i osigurati zadovoljstvo na\u0161ih gra\u0111ana zdravstvenim uslugama\u201d, poru\u010dila je Kordi\u0107.<\/span><\/p>\n<p><span lang=\"BS-LATN-BA\" xml:lang=\"BS-LATN-BA\">Ona je istakla da\u00a0proces pristupanja EU ima transformativni karakter i slu\u017ei reformama dru\u0161tva i unapre\u0111enju institucija, znanja i vje\u0161tina, dok realizacijom ovakvih projekata, \u010dinimo proces opipljivim i dugoro\u010dno korisnim za gra\u0111ane.<\/span><\/p>\n<p><span lang=\"SR-LATN-ME\" xml:lang=\"SR-LATN-ME\">Ministarka zdravlja Jelena Borovini\u0107-Bojovi\u0107 naglasila je da je pandemija jo\u0161 jednom upozorila \u010dovje\u010danstvo da niko nije siguran, ako svi nismo sigurni.<\/span><\/p>\n<div class=\"media media-element-container media-eeas_full_width\">\n<div id=\"file-96643\" class=\"file file-image file-image-jpeg\">\n<div class=\"content\"><img decoding=\"async\" class=\"media-element file-eeas-full-width\" src=\"https:\/\/eeas.europa.eu\/sites\/default\/files\/styles\/eeas_full_width\/public\/sporazum_za_sajt_4.jpg?itok=gh8CfOfp\" alt=\"\" data-delta=\"3\" \/><\/div>\n<\/div>\n<\/div>\n<p><span lang=\"SR-LATN-ME\" xml:lang=\"SR-LATN-ME\">\u201eI da upravo u tom smislu, ruka podr\u0161ke i pomo\u0107i koju jo\u0161 jednom dobijamo od Evropske unije, dodatno govori u prilog koliko su jedinstvo i zajedni\u0161tvo va\u017eni u rje\u0161avanju ovog globalnog problema. Upravo iz tih razloga \u017eelim da naglasim zna\u010daj ovakve vrste pomo\u0107i u smislu budu\u0107eg rada, sazrijevanja i stasavanja zdravstvenog sistema Crne Gore. Pandemija je tu, ali \u0107e jednog dana pandemija pro\u0107i i osta\u0107e sve \u0161to nam je ovom prilikom dodijeljeno kroz jednu veliku solidarnost i veliku podr\u0161ku Evropske unije\u201c, navela je Borovini\u0107-Bojovi\u0107.<\/span><\/p>\n<p><span lang=\"BS-LATN-BA\" xml:lang=\"BS-LATN-BA\">Ovim sporazumom o finansiranju predvi\u0111ena je nabavku PCR opreme sposobne za analizu velikog broja respiratornih uzoraka za detekciju COVID-19, \u0161to \u0107e pove\u0107ati dr\u017eavne kapacitete za testiranje i detekciju koronavirusa.<\/span><\/p>\n<p><span lang=\"BS-LATN-BA\" xml:lang=\"BS-LATN-BA\">Bi\u0107e izgra\u0111eni brojni objekti za smje\u0161taj medicinskih struktura va\u017enih za prevenciju i kontrolu zaraznih bolesti i za lije\u010denje pacijenata. Za izgradnju Klinike za infektivne bolesti i dermato-venerologiju, Evropska unija je opredijelila ukupno 8,5 miliona eura, uklju\u010duju\u0107i 4 miliona eura iz ovog paketa i 4,5 miliona eura iz prethodno dodijeljenih sredstava. Sredstva EU \u0107e se koristiti tako\u0111e i za izgradnju Centra za kontrolu i prevenciju infektivnih bolesti s Operativnim centrom za hitne slu\u010dajeve i prvom laboratorijom 3. nivoa biolo\u0161ke bezbjednosti, dok \u0107e se obnoviti i opremiti nekoliko mikrobiolo\u0161kih laboratorija.<\/span><\/p>\n<p><span lang=\"BS-LATN-BA\" xml:lang=\"BS-LATN-BA\">Kao neposredna podr\u0161ka Crnoj Gori u rje\u0161avanju teku\u0107e pandemije, sredstva se dodjeljuju i za sprovo\u0111enje efikasne i koordinirane strategije komunikacije i anga\u017eovanja zajednice, kako bi se odgovorilo na COVID-19 i ubla\u017eio njegov uticaj. Pored toga, EU \u0107e, zajedno sa UNICEF-om, raditi na pobolj\u0161anju sistema upravljanja vakcinama, osiguravanju kontinuiteta usluga imunizacije i pove\u0107anju pokrivenosti imunizacijom.<\/span><\/p>\n<p><span lang=\"BS-LATN-BA\" xml:lang=\"BS-LATN-BA\">Danas ugovoreni paket podr\u0161ke od 9,5 miliona eura dio je ve\u0107eg programa EU, vrijednog 53 miliona eura bespovratne finansijske pomo\u0107i koju EU pru\u017ea Crnoj Gori. Zna\u010dajan dio programa podr\u0161ke, odnosno 40,5 miliona eura, dodjeljuje se kao direktna bud\u017eetska podr\u0161ka za ubla\u017eavanje ekonomskih posljedica pandemije i podr\u0161ka socijalnom i ekonomskom odgovoru dr\u017eavnih vlasti. Prvu ratu bud\u017eetske podr\u0161ke, u vrijednosti od 28 miliona eura, EU je uplatila u novembru 2020. U okviru istog programa, tokom 2020. godine je obezbije\u0111eno 100 respiratora, 10 digitalnih rendgen aparata i vi\u0161e od 2 miliona komada za\u0161titne opreme, kao pomo\u0107 zdravstvenim radnicima da ostanu bezbjedni dok se brinu o onima kojima je potrebna njega.<\/span><\/p>\n<p><span lang=\"BS-LATN-BA\" xml:lang=\"BS-LATN-BA\">Sve dr\u017eave Zapadnog Balkana, uklju\u010duju\u0107i i Crnu Goru, pridru\u017eile su se inicijativi COVAX kako bi osigurale pristup vakcinama nabavljenim po dogovorenoj cijeni. Osim toga, u decembru 2020, Unija je izdvojila 70 miliona eura iz pretpristupnih fondova EU za kupovinu vakcina za Zapadni Balkan, kroz niz ugovora o preprodaji zaklju\u010denih s dr\u017eavama \u010dlanicama EU, odnosno sporazuma o dodjeli bespovratnih sredstava. Komisija se u svom saop\u0161tenju od 19. januara 2021. obavezala da \u0107e uspostaviti i posebni EU mehanizam za podjelu vakcina, s posebnom pa\u017enjom posve\u0107enom Zapadnom Balkanu.<\/span><\/p>\n<p>&nbsp;<\/p>\n","protected":false},"excerpt":{"rendered":"<p>\u0160efica Delegacije EU u Crnoj Gori, ambasadorka Oana Kristina Popa i glavna pregovara\u010dica Zorka Kordi\u0107 potpisale su danas Sporazum o finansiranju podr\u0161ke EU zdravstvenom sektoru u borbi protiv COVID-19. Ova bespovratna pomo\u0107 Unije, vrijedna 9,5 miliona eura, usmjerena je na pru\u017eanje podr\u0161ke zdravstvenom sektoru nakon zavr\u0161etka trenutne zdravstvene krize i na ja\u010danje njegove otpornosti za [&hellip;]<\/p>\n","protected":false},"author":1,"featured_media":35892,"comment_status":"closed","ping_status":"closed","sticky":false,"template":"","format":"standard","meta":{"_acf_changed":false,"footnotes":""},"categories":[287,283],"tags":[],"class_list":["post-10838","post","type-post","status-publish","format-standard","has-post-thumbnail","hentry","category-koronavirusa","category-novosti-me"],"acf":[],"yoast_head":"<!-- This site is optimized with the Yoast SEO plugin v27.3 - https:\/\/yoast.com\/product\/yoast-seo-wordpress\/ -->\n<title>Potpisan finansijski sporazum o podr\u0161ci EU zdravstvu - Europe House<\/title>\n<meta name=\"robots\" content=\"index, follow, max-snippet:-1, max-image-preview:large, max-video-preview:-1\" \/>\n<link rel=\"canonical\" href=\"https:\/\/www.evropskakuca.me\/me\/potpisan-finansijski-sporazum-o-podrsci-eu-zdravstvu\/\" \/>\n<meta property=\"og:locale\" content=\"en_US\" \/>\n<meta property=\"og:type\" content=\"article\" \/>\n<meta property=\"og:title\" content=\"Potpisan finansijski sporazum o podr\u0161ci EU zdravstvu - Europe House\" \/>\n<meta property=\"og:description\" content=\"\u0160efica Delegacije EU u Crnoj Gori, ambasadorka Oana Kristina Popa i glavna pregovara\u010dica Zorka Kordi\u0107 potpisale su danas Sporazum o finansiranju podr\u0161ke EU zdravstvenom sektoru u borbi protiv COVID-19. Ova bespovratna pomo\u0107 Unije, vrijedna 9,5 miliona eura, usmjerena je na pru\u017eanje podr\u0161ke zdravstvenom sektoru nakon zavr\u0161etka trenutne zdravstvene krize i na ja\u010danje njegove otpornosti za [&hellip;]\" \/>\n<meta property=\"og:url\" content=\"https:\/\/www.evropskakuca.me\/me\/potpisan-finansijski-sporazum-o-podrsci-eu-zdravstvu\/\" \/>\n<meta property=\"og:site_name\" content=\"Europe House\" \/>\n<meta property=\"article:publisher\" content=\"https:\/\/www.facebook.com\/evropska.kuca\" \/>\n<meta property=\"article:published_time\" content=\"2021-01-27T10:54:09+00:00\" \/>\n<meta property=\"og:image\" content=\"https:\/\/www.evropskakuca.me\/wp-content\/uploads\/2021\/03\/sporazum_za_sajt.jpg\" \/>\n\t<meta property=\"og:image:width\" content=\"750\" \/>\n\t<meta property=\"og:image:height\" content=\"500\" \/>\n\t<meta property=\"og:image:type\" content=\"image\/jpeg\" \/>\n<meta name=\"author\" content=\"mkajic\" \/>\n<meta name=\"twitter:card\" content=\"summary_large_image\" \/>\n<meta name=\"twitter:creator\" content=\"@evropska_kuca\" \/>\n<meta name=\"twitter:site\" content=\"@evropska_kuca\" \/>\n<meta name=\"twitter:label1\" content=\"Written by\" \/>\n\t<meta name=\"twitter:data1\" content=\"mkajic\" \/>\n\t<meta name=\"twitter:label2\" content=\"Est. reading time\" \/>\n\t<meta name=\"twitter:data2\" content=\"4 minutes\" \/>\n<script type=\"application\/ld+json\" class=\"yoast-schema-graph\">{\"@context\":\"https:\\\/\\\/schema.org\",\"@graph\":[{\"@type\":\"Article\",\"@id\":\"https:\\\/\\\/www.evropskakuca.me\\\/me\\\/potpisan-finansijski-sporazum-o-podrsci-eu-zdravstvu\\\/#article\",\"isPartOf\":{\"@id\":\"https:\\\/\\\/www.evropskakuca.me\\\/me\\\/potpisan-finansijski-sporazum-o-podrsci-eu-zdravstvu\\\/\"},\"author\":{\"name\":\"mkajic\",\"@id\":\"https:\\\/\\\/www.evropskakuca.me\\\/me\\\/#\\\/schema\\\/person\\\/a1d0dcdaefe4a1cd1d60d200ea137ba4\"},\"headline\":\"Potpisan finansijski sporazum o podr\u0161ci EU zdravstvu\",\"datePublished\":\"2021-01-27T10:54:09+00:00\",\"mainEntityOfPage\":{\"@id\":\"https:\\\/\\\/www.evropskakuca.me\\\/me\\\/potpisan-finansijski-sporazum-o-podrsci-eu-zdravstvu\\\/\"},\"wordCount\":841,\"publisher\":{\"@id\":\"https:\\\/\\\/www.evropskakuca.me\\\/me\\\/#organization\"},\"image\":{\"@id\":\"https:\\\/\\\/www.evropskakuca.me\\\/me\\\/potpisan-finansijski-sporazum-o-podrsci-eu-zdravstvu\\\/#primaryimage\"},\"thumbnailUrl\":\"https:\\\/\\\/www.evropskakuca.me\\\/wp-content\\\/uploads\\\/2021\\\/03\\\/sporazum_za_sajt.jpg\",\"articleSection\":[\"Koronavirusa\",\"Novosti\"],\"inLanguage\":\"me-ME\"},{\"@type\":\"WebPage\",\"@id\":\"https:\\\/\\\/www.evropskakuca.me\\\/me\\\/potpisan-finansijski-sporazum-o-podrsci-eu-zdravstvu\\\/\",\"url\":\"https:\\\/\\\/www.evropskakuca.me\\\/me\\\/potpisan-finansijski-sporazum-o-podrsci-eu-zdravstvu\\\/\",\"name\":\"Potpisan finansijski sporazum o podr\u0161ci EU zdravstvu - Europe House\",\"isPartOf\":{\"@id\":\"https:\\\/\\\/www.evropskakuca.me\\\/me\\\/#website\"},\"primaryImageOfPage\":{\"@id\":\"https:\\\/\\\/www.evropskakuca.me\\\/me\\\/potpisan-finansijski-sporazum-o-podrsci-eu-zdravstvu\\\/#primaryimage\"},\"image\":{\"@id\":\"https:\\\/\\\/www.evropskakuca.me\\\/me\\\/potpisan-finansijski-sporazum-o-podrsci-eu-zdravstvu\\\/#primaryimage\"},\"thumbnailUrl\":\"https:\\\/\\\/www.evropskakuca.me\\\/wp-content\\\/uploads\\\/2021\\\/03\\\/sporazum_za_sajt.jpg\",\"datePublished\":\"2021-01-27T10:54:09+00:00\",\"breadcrumb\":{\"@id\":\"https:\\\/\\\/www.evropskakuca.me\\\/me\\\/potpisan-finansijski-sporazum-o-podrsci-eu-zdravstvu\\\/#breadcrumb\"},\"inLanguage\":\"me-ME\",\"potentialAction\":[{\"@type\":\"ReadAction\",\"target\":[\"https:\\\/\\\/www.evropskakuca.me\\\/me\\\/potpisan-finansijski-sporazum-o-podrsci-eu-zdravstvu\\\/\"]}]},{\"@type\":\"ImageObject\",\"inLanguage\":\"me-ME\",\"@id\":\"https:\\\/\\\/www.evropskakuca.me\\\/me\\\/potpisan-finansijski-sporazum-o-podrsci-eu-zdravstvu\\\/#primaryimage\",\"url\":\"https:\\\/\\\/www.evropskakuca.me\\\/wp-content\\\/uploads\\\/2021\\\/03\\\/sporazum_za_sajt.jpg\",\"contentUrl\":\"https:\\\/\\\/www.evropskakuca.me\\\/wp-content\\\/uploads\\\/2021\\\/03\\\/sporazum_za_sajt.jpg\",\"width\":750,\"height\":500},{\"@type\":\"BreadcrumbList\",\"@id\":\"https:\\\/\\\/www.evropskakuca.me\\\/me\\\/potpisan-finansijski-sporazum-o-podrsci-eu-zdravstvu\\\/#breadcrumb\",\"itemListElement\":[{\"@type\":\"ListItem\",\"position\":1,\"name\":\"Home\",\"item\":\"https:\\\/\\\/www.evropskakuca.me\\\/me\\\/\"},{\"@type\":\"ListItem\",\"position\":2,\"name\":\"Potpisan finansijski sporazum o podr\u0161ci EU zdravstvu\"}]},{\"@type\":\"WebSite\",\"@id\":\"https:\\\/\\\/www.evropskakuca.me\\\/me\\\/#website\",\"url\":\"https:\\\/\\\/www.evropskakuca.me\\\/me\\\/\",\"name\":\"Evropean house\",\"description\":\"\",\"publisher\":{\"@id\":\"https:\\\/\\\/www.evropskakuca.me\\\/me\\\/#organization\"},\"potentialAction\":[{\"@type\":\"SearchAction\",\"target\":{\"@type\":\"EntryPoint\",\"urlTemplate\":\"https:\\\/\\\/www.evropskakuca.me\\\/me\\\/?s={search_term_string}\"},\"query-input\":{\"@type\":\"PropertyValueSpecification\",\"valueRequired\":true,\"valueName\":\"search_term_string\"}}],\"inLanguage\":\"me-ME\"},{\"@type\":\"Organization\",\"@id\":\"https:\\\/\\\/www.evropskakuca.me\\\/me\\\/#organization\",\"name\":\"Evropean house\",\"url\":\"https:\\\/\\\/www.evropskakuca.me\\\/me\\\/\",\"logo\":{\"@type\":\"ImageObject\",\"inLanguage\":\"me-ME\",\"@id\":\"https:\\\/\\\/www.evropskakuca.me\\\/me\\\/#\\\/schema\\\/logo\\\/image\\\/\",\"url\":\"https:\\\/\\\/www.evropskakuca.me\\\/wp-content\\\/uploads\\\/2025\\\/01\\\/evropska-kuca-logo-1.png\",\"contentUrl\":\"https:\\\/\\\/www.evropskakuca.me\\\/wp-content\\\/uploads\\\/2025\\\/01\\\/evropska-kuca-logo-1.png\",\"width\":425,\"height\":312,\"caption\":\"Evropean house\"},\"image\":{\"@id\":\"https:\\\/\\\/www.evropskakuca.me\\\/me\\\/#\\\/schema\\\/logo\\\/image\\\/\"},\"sameAs\":[\"https:\\\/\\\/www.facebook.com\\\/evropska.kuca\",\"https:\\\/\\\/x.com\\\/evropska_kuca\",\"https:\\\/\\\/www.instagram.com\\\/evropska_kuca\"]},{\"@type\":\"Person\",\"@id\":\"https:\\\/\\\/www.evropskakuca.me\\\/me\\\/#\\\/schema\\\/person\\\/a1d0dcdaefe4a1cd1d60d200ea137ba4\",\"name\":\"mkajic\",\"image\":{\"@type\":\"ImageObject\",\"inLanguage\":\"me-ME\",\"@id\":\"https:\\\/\\\/secure.gravatar.com\\\/avatar\\\/731fa035cefab7316e6bafd1f25a93fb731a07de14e2d9923f8db4422628eabc?s=96&d=mm&r=g\",\"url\":\"https:\\\/\\\/secure.gravatar.com\\\/avatar\\\/731fa035cefab7316e6bafd1f25a93fb731a07de14e2d9923f8db4422628eabc?s=96&d=mm&r=g\",\"contentUrl\":\"https:\\\/\\\/secure.gravatar.com\\\/avatar\\\/731fa035cefab7316e6bafd1f25a93fb731a07de14e2d9923f8db4422628eabc?s=96&d=mm&r=g\",\"caption\":\"mkajic\"},\"sameAs\":[\"https:\\\/\\\/evropskakuca.me\"],\"url\":\"https:\\\/\\\/www.evropskakuca.me\\\/me\\\/author\\\/mkajic\\\/\"}]}<\/script>\n<!-- \/ Yoast SEO plugin. -->","yoast_head_json":{"title":"Potpisan finansijski sporazum o podr\u0161ci EU zdravstvu - Europe House","robots":{"index":"index","follow":"follow","max-snippet":"max-snippet:-1","max-image-preview":"max-image-preview:large","max-video-preview":"max-video-preview:-1"},"canonical":"https:\/\/www.evropskakuca.me\/me\/potpisan-finansijski-sporazum-o-podrsci-eu-zdravstvu\/","og_locale":"en_US","og_type":"article","og_title":"Potpisan finansijski sporazum o podr\u0161ci EU zdravstvu - Europe House","og_description":"\u0160efica Delegacije EU u Crnoj Gori, ambasadorka Oana Kristina Popa i glavna pregovara\u010dica Zorka Kordi\u0107 potpisale su danas Sporazum o finansiranju podr\u0161ke EU zdravstvenom sektoru u borbi protiv COVID-19. Ova bespovratna pomo\u0107 Unije, vrijedna 9,5 miliona eura, usmjerena je na pru\u017eanje podr\u0161ke zdravstvenom sektoru nakon zavr\u0161etka trenutne zdravstvene krize i na ja\u010danje njegove otpornosti za [&hellip;]","og_url":"https:\/\/www.evropskakuca.me\/me\/potpisan-finansijski-sporazum-o-podrsci-eu-zdravstvu\/","og_site_name":"Europe House","article_publisher":"https:\/\/www.facebook.com\/evropska.kuca","article_published_time":"2021-01-27T10:54:09+00:00","og_image":[{"width":750,"height":500,"url":"https:\/\/www.evropskakuca.me\/wp-content\/uploads\/2021\/03\/sporazum_za_sajt.jpg","type":"image\/jpeg"}],"author":"mkajic","twitter_card":"summary_large_image","twitter_creator":"@evropska_kuca","twitter_site":"@evropska_kuca","twitter_misc":{"Written by":"mkajic","Est. reading time":"4 minutes"},"schema":{"@context":"https:\/\/schema.org","@graph":[{"@type":"Article","@id":"https:\/\/www.evropskakuca.me\/me\/potpisan-finansijski-sporazum-o-podrsci-eu-zdravstvu\/#article","isPartOf":{"@id":"https:\/\/www.evropskakuca.me\/me\/potpisan-finansijski-sporazum-o-podrsci-eu-zdravstvu\/"},"author":{"name":"mkajic","@id":"https:\/\/www.evropskakuca.me\/me\/#\/schema\/person\/a1d0dcdaefe4a1cd1d60d200ea137ba4"},"headline":"Potpisan finansijski sporazum o podr\u0161ci EU zdravstvu","datePublished":"2021-01-27T10:54:09+00:00","mainEntityOfPage":{"@id":"https:\/\/www.evropskakuca.me\/me\/potpisan-finansijski-sporazum-o-podrsci-eu-zdravstvu\/"},"wordCount":841,"publisher":{"@id":"https:\/\/www.evropskakuca.me\/me\/#organization"},"image":{"@id":"https:\/\/www.evropskakuca.me\/me\/potpisan-finansijski-sporazum-o-podrsci-eu-zdravstvu\/#primaryimage"},"thumbnailUrl":"https:\/\/www.evropskakuca.me\/wp-content\/uploads\/2021\/03\/sporazum_za_sajt.jpg","articleSection":["Koronavirusa","Novosti"],"inLanguage":"me-ME"},{"@type":"WebPage","@id":"https:\/\/www.evropskakuca.me\/me\/potpisan-finansijski-sporazum-o-podrsci-eu-zdravstvu\/","url":"https:\/\/www.evropskakuca.me\/me\/potpisan-finansijski-sporazum-o-podrsci-eu-zdravstvu\/","name":"Potpisan finansijski sporazum o podr\u0161ci EU zdravstvu - Europe House","isPartOf":{"@id":"https:\/\/www.evropskakuca.me\/me\/#website"},"primaryImageOfPage":{"@id":"https:\/\/www.evropskakuca.me\/me\/potpisan-finansijski-sporazum-o-podrsci-eu-zdravstvu\/#primaryimage"},"image":{"@id":"https:\/\/www.evropskakuca.me\/me\/potpisan-finansijski-sporazum-o-podrsci-eu-zdravstvu\/#primaryimage"},"thumbnailUrl":"https:\/\/www.evropskakuca.me\/wp-content\/uploads\/2021\/03\/sporazum_za_sajt.jpg","datePublished":"2021-01-27T10:54:09+00:00","breadcrumb":{"@id":"https:\/\/www.evropskakuca.me\/me\/potpisan-finansijski-sporazum-o-podrsci-eu-zdravstvu\/#breadcrumb"},"inLanguage":"me-ME","potentialAction":[{"@type":"ReadAction","target":["https:\/\/www.evropskakuca.me\/me\/potpisan-finansijski-sporazum-o-podrsci-eu-zdravstvu\/"]}]},{"@type":"ImageObject","inLanguage":"me-ME","@id":"https:\/\/www.evropskakuca.me\/me\/potpisan-finansijski-sporazum-o-podrsci-eu-zdravstvu\/#primaryimage","url":"https:\/\/www.evropskakuca.me\/wp-content\/uploads\/2021\/03\/sporazum_za_sajt.jpg","contentUrl":"https:\/\/www.evropskakuca.me\/wp-content\/uploads\/2021\/03\/sporazum_za_sajt.jpg","width":750,"height":500},{"@type":"BreadcrumbList","@id":"https:\/\/www.evropskakuca.me\/me\/potpisan-finansijski-sporazum-o-podrsci-eu-zdravstvu\/#breadcrumb","itemListElement":[{"@type":"ListItem","position":1,"name":"Home","item":"https:\/\/www.evropskakuca.me\/me\/"},{"@type":"ListItem","position":2,"name":"Potpisan finansijski sporazum o podr\u0161ci EU zdravstvu"}]},{"@type":"WebSite","@id":"https:\/\/www.evropskakuca.me\/me\/#website","url":"https:\/\/www.evropskakuca.me\/me\/","name":"Evropean house","description":"","publisher":{"@id":"https:\/\/www.evropskakuca.me\/me\/#organization"},"potentialAction":[{"@type":"SearchAction","target":{"@type":"EntryPoint","urlTemplate":"https:\/\/www.evropskakuca.me\/me\/?s={search_term_string}"},"query-input":{"@type":"PropertyValueSpecification","valueRequired":true,"valueName":"search_term_string"}}],"inLanguage":"me-ME"},{"@type":"Organization","@id":"https:\/\/www.evropskakuca.me\/me\/#organization","name":"Evropean house","url":"https:\/\/www.evropskakuca.me\/me\/","logo":{"@type":"ImageObject","inLanguage":"me-ME","@id":"https:\/\/www.evropskakuca.me\/me\/#\/schema\/logo\/image\/","url":"https:\/\/www.evropskakuca.me\/wp-content\/uploads\/2025\/01\/evropska-kuca-logo-1.png","contentUrl":"https:\/\/www.evropskakuca.me\/wp-content\/uploads\/2025\/01\/evropska-kuca-logo-1.png","width":425,"height":312,"caption":"Evropean house"},"image":{"@id":"https:\/\/www.evropskakuca.me\/me\/#\/schema\/logo\/image\/"},"sameAs":["https:\/\/www.facebook.com\/evropska.kuca","https:\/\/x.com\/evropska_kuca","https:\/\/www.instagram.com\/evropska_kuca"]},{"@type":"Person","@id":"https:\/\/www.evropskakuca.me\/me\/#\/schema\/person\/a1d0dcdaefe4a1cd1d60d200ea137ba4","name":"mkajic","image":{"@type":"ImageObject","inLanguage":"me-ME","@id":"https:\/\/secure.gravatar.com\/avatar\/731fa035cefab7316e6bafd1f25a93fb731a07de14e2d9923f8db4422628eabc?s=96&d=mm&r=g","url":"https:\/\/secure.gravatar.com\/avatar\/731fa035cefab7316e6bafd1f25a93fb731a07de14e2d9923f8db4422628eabc?s=96&d=mm&r=g","contentUrl":"https:\/\/secure.gravatar.com\/avatar\/731fa035cefab7316e6bafd1f25a93fb731a07de14e2d9923f8db4422628eabc?s=96&d=mm&r=g","caption":"mkajic"},"sameAs":["https:\/\/evropskakuca.me"],"url":"https:\/\/www.evropskakuca.me\/me\/author\/mkajic\/"}]}},"_links":{"self":[{"href":"https:\/\/www.evropskakuca.me\/me\/wp-json\/wp\/v2\/posts\/10838","targetHints":{"allow":["GET"]}}],"collection":[{"href":"https:\/\/www.evropskakuca.me\/me\/wp-json\/wp\/v2\/posts"}],"about":[{"href":"https:\/\/www.evropskakuca.me\/me\/wp-json\/wp\/v2\/types\/post"}],"author":[{"embeddable":true,"href":"https:\/\/www.evropskakuca.me\/me\/wp-json\/wp\/v2\/users\/1"}],"replies":[{"embeddable":true,"href":"https:\/\/www.evropskakuca.me\/me\/wp-json\/wp\/v2\/comments?post=10838"}],"version-history":[{"count":0,"href":"https:\/\/www.evropskakuca.me\/me\/wp-json\/wp\/v2\/posts\/10838\/revisions"}],"wp:featuredmedia":[{"embeddable":true,"href":"https:\/\/www.evropskakuca.me\/me\/wp-json\/wp\/v2\/media\/35892"}],"wp:attachment":[{"href":"https:\/\/www.evropskakuca.me\/me\/wp-json\/wp\/v2\/media?parent=10838"}],"wp:term":[{"taxonomy":"category","embeddable":true,"href":"https:\/\/www.evropskakuca.me\/me\/wp-json\/wp\/v2\/categories?post=10838"},{"taxonomy":"post_tag","embeddable":true,"href":"https:\/\/www.evropskakuca.me\/me\/wp-json\/wp\/v2\/tags?post=10838"}],"curies":[{"name":"wp","href":"https:\/\/api.w.org\/{rel}","templated":true}]}}