{"id":10826,"date":"2021-02-09T10:48:03","date_gmt":"2021-02-09T10:48:03","guid":{"rendered":"http:\/\/www.evropskakuca.me\/?p=10826"},"modified":"2021-02-09T10:48:03","modified_gmt":"2021-02-09T10:48:03","slug":"teskoce-na-migrantskoj-ruti-tokom-pandemije-covid-19","status":"publish","type":"post","link":"https:\/\/www.evropskakuca.me\/me\/teskoce-na-migrantskoj-ruti-tokom-pandemije-covid-19\/","title":{"rendered":"Te\u0161ko\u0107e na migrantskoj ruti tokom pandemije COVID-19"},"content":{"rendered":"<p><b><strong><em>\u00a9IOM Montenegro\/D.Miljkovic<\/em><\/strong><\/b><\/p>\n<p>Ahmad<a href=\"https:\/\/eeas.europa.eu\/delegations\/montenegro\/92862\/te%C5%A1ko%C4%87e-na-migrantskoj-ruti-tokom-pandemije-covid-19_me#_edn1\" name=\"_ednref1\">[i]<\/a>, porijeklom iz grada Hasaki u Siriji, je svoje putovanje zapo\u010deo 2014. godine, kada je jo\u0161 kao \u010detrnaestogodi\u0161nji dje\u010dak izbjegao nasilnu regrutaciju za paravojne formacije. Njegova porodica ga je tada, iz straha, poslala samog na put za Tursku.<\/p>\n<p>U Istanbulu je bio sve do 2019. godine usputno rade\u0107i u pekari i kao kroja\u010d za jednu firmu. Taj period \u017eivota opisao je kao te\u017eak, navode\u0107i: \u201eNisu mi pla\u0107ali no\u0107ni rad, rekli su ako \u017eelim da zadr\u017eim posao, treba da radim i no\u0107u\u201c. U septembru 2019. godine porodica mu je poslala novac da nastavi put dalje. Do\u0161ao je u Gr\u010dku, gdje je nakon 10 dana pje\u0161a\u010denja kona\u010dno stigao do Atine i iznajmio stan koji je pla\u0107ao 100 eura mjese\u010dno.<\/p>\n<p>Tokom boravka u Atini, zapo\u010dela je globalna pandemija Covid-19. Isti\u010du\u0107i najve\u0107e izazove, Ahmad ka\u017ee: \u201eNajve\u0107i problem mi je bio policijski \u010das zbog kog nisam mogao da napustim stan\u201c. Kada su mjere popustile, rije\u0161io je da nastavi put dalje. Dva puta je vra\u0107an iz Albanije, ali je tre\u0107i put uspio da preko Albanije i Kosova<a href=\"https:\/\/eeas.europa.eu\/delegations\/montenegro\/92862\/te%C5%A1ko%C4%87e-na-migrantskoj-ruti-tokom-pandemije-covid-19_me#_edn1\" name=\"_ednref1\">[i]<\/a>\u00a0do\u0111e do Srbije.<\/p>\n<p><img fetchpriority=\"high\" decoding=\"async\" class=\"alignnone size-large wp-image-10829\" src=\"http:\/\/www.evropskakuca.me\/wp-content\/uploads\/2021\/03\/202102-ilo-1.jpg\" alt=\"\" width=\"750\" height=\"500\" \/><\/p>\n<p>Photo | \u00a9IOM Montenegro<\/p>\n<p>Isti\u010de da mu je jedan od najve\u0107ih problema predstavljalo odr\u017eavanje li\u010dne higijene na putu: od pje\u0161a\u010denja po nepristupa\u010dnom terenu \u010desto danima bez pauze, spavanja na zemlji u \u0161umama, uz nedostatak teku\u0107e (i pija\u0107e) vode, sapuna i drugih sredstava za dezinfekciju, a \u010desto i novca da bi ih kupio<\/p>\n<p>Pandemija ga je dodatno \u010dinila nervoznim, jer je brinuo kako da o\u010duva zdravlje u takvim te\u0161kim uslovima. Me\u0111utim, ve\u0107i problem mu je predstavljalo to \u0161to nije mogao da nastavi put. \u201eTri puta su me vra\u0107ali iz Ma\u0111arske i tri puta iz Rumunije. U Rumuniji su me policajci udarali elektri\u010dnim palicama i slomili su mi telefon\u201c, zbog \u010dega je rije\u0161io da vi\u0161e ne\u0107e poku\u0161avati dalje. Od svojih prijatelja je \u010duo za novi kamp u Crnoj Gori za koji su mu rekli da ima dobre uslove, te ga je tako put nanio na Bo\u017eaj.<\/p>\n<p>\u201eOvdje\u00a0mi\u00a0se\u00a0svi\u0111a,\u00a0hrana\u00a0je\u00a0dobra,\u00a0higijena\u00a0je\u00a0na\u00a0nivou,\u00a0a\u00a0slu\u017ebenici\u00a0se\u00a0prema\u00a0nama\u00a0lijepo\u00a0ophode\u201c<\/p>\n<p>Ahmad navodi &#8220;Osje\u0107am se bezbjedno u Centru, i ne osje\u0107am strah kao \u0161to sam ranije. Ovdje se sve mjere po\u0161tuju, slu\u017ebenici nose maske, kamp se \u010disti i dezinfikuje svakodnevno, \u0161to \u010dini da se osje\u0107am bezbjedno i sigurno da mogu da o\u010duvam svoje zdravlje&#8221;. Dodaje da je to jedan od razloga zbog kojih je odlu\u010dio da ostane u Crnoj Gori i zatra\u017ei azil.<\/p>\n<p>Prihvatni centar na Bo\u017eaju je osnovan 2019. godine uz pomo\u0107 delegacije Evropske unije u Crnoj Gori. Tokom 2020. godine, kroz projekat \u201eOdgovor na COVID-19 i izazove za migrante i izbjeglice na Zapadnom Balkanu\u201c\u00a0, koji se finansira od strane EU Instrumenta doprino\u0161enja Stabilnosti i Miru (IcSP), centar je adaptiran za odgovor na probleme izazvane COVID-19 pandemijom i otvoren je u avgustu 2020.<\/p>\n<p>Tokom otvaranja Centra za prihvat stranaca koji tra\u017ee me\u0111unarodnu za\u0161titu, \u0161ef Sektora za saradnju u Delegaciji Evropske unije u Crnoj Gori, gospodin Herman \u0160pic je rekao: \u02ddEvropska unija ostaje pri stavu da poma\u017ee najranjivijim kategorijama dru\u0161tva tokom zdravstvene krize, bilo da su u pitanju crnogorski dr\u017eavljani ili izbjeglice i tra\u017eioci azila u Crnoj Gori. Nastavljamo da sara\u0111ujemo sa dr\u017eavnim institucijama i me\u0111unarodnim organizacijama da bismo prevazi\u0161li te\u0161ko\u0107e nastale usljed pandemije. Pohvaljujemo predanost crnogorskih institucija u opho\u0111enju prema migrantima sa po\u0161tovanjem i dostojanstvom u ovim te\u0161kim vremenima\u02dd.<\/p>\n<p>\u201eGlavni izvori informacija su mi leci i bro\u0161ure koje se nalaze u kampu, kao i slu\u017ebenici koji nas redovno upu\u0107uju na no\u0161enje maski i odr\u017eavanje li\u010dne higijene\u201c<\/p>\n<p><img decoding=\"async\" class=\"alignnone size-full wp-image-10831\" src=\"http:\/\/www.evropskakuca.me\/wp-content\/uploads\/2021\/03\/202102-ilo-3-2.jpg\" alt=\"\" width=\"900\" height=\"600\" \/> <img decoding=\"async\" class=\"alignnone size-large wp-image-10833\" src=\"http:\/\/www.evropskakuca.me\/wp-content\/uploads\/2021\/03\/202102-ilo-3-3.jpg\" alt=\"\" width=\"900\" height=\"600\" \/> <img loading=\"lazy\" decoding=\"async\" class=\"alignnone size-large wp-image-10835\" src=\"http:\/\/www.evropskakuca.me\/wp-content\/uploads\/2021\/03\/202102-ilo-2.jpg\" alt=\"\" width=\"750\" height=\"500\" \/><\/p>\n<p>Photo | \u00a9IOM Montenegro<\/p>\n<p>Tokom njihovog boravka na Bo\u017eaju, migrantima dva puta dnevno medicinska sestra mjeri tjelesnu temperaturu. Dodatno, doktor svakodnevno stoji na raspolaganju i pru\u017ea medicinsku pomo\u0107.<\/p>\n<p>Zahvaljuju\u0107i podr\u0161ci EU IcSP, pri prijemu u Centar, migrantima se dijele maske, rukavice i gel za dezinfekciju ruku. Tako\u0111e, korisnicima se pru\u017ea higijenski paket koji sadr\u017ei sapun, gel za tu\u0161iranje, \u0161ampon, set za brijanje, pastu i \u010detkicu za zube, uz \u010distu odje\u0107u. Isto tako, dijele se i paketi sa hranom i pija\u0107om vodom. Svakodnevno zaposleni daju sredstva i pribore za odr\u017eavanje higijena spavaju\u0107ih i zajedni\u010dkih prostorija.<\/p>\n<p>Iako je u trenutku pisanja ovog teksta Crna Gora bila \u010detvrtom mjestu u svijetu po stopi zaraze COVIDom- 19, mjere koje se sprovode kako bi se sprje\u010dilo \u0161irenje virusa me\u0111u migrantima su se pokazale efikasnim, \u00a0te od avgusta, kada je kamp po\u010deo sa radom, jo\u0161 uvijek nije bilo slu\u010dajeva zaraze Covid-om me\u0111u migrantima\/korisnicima.<\/p>\n<p><em>Autorka teksta: Mia Abdi\u0107, socijalna radnica, IOM Crna Gora Mobilni tim<\/em><\/p>\n<p>&nbsp;<\/p>\n<p><a href=\"https:\/\/eeas.europa.eu\/delegations\/montenegro\/92862\/te%C5%A1ko%C4%87e-na-migrantskoj-ruti-tokom-pandemije-covid-19_me#_ednref1\" name=\"_edn1\">[i]<\/a>\u00a0Ime je izmijenjeno iz sigurnosnih i privatnih razloga<\/p>\n<p><a href=\"https:\/\/eeas.europa.eu\/delegations\/montenegro\/92862\/te%C5%A1ko%C4%87e-na-migrantskoj-ruti-tokom-pandemije-covid-19_me#_ednref2\" name=\"_edn2\">[ii]<\/a>\u00a0Za potrebe IOM-a: Reference za Kosovo \u0107e se posmatrati u kontekstu rezolucije 1244 Savjeta bezbjednosti Ujedinjenih nacija (1999).<\/p>\n<p>Za potrebe Evropske unije: Ovaj naziv je upotrijebljen bez predrasude o poziciji statusa, a u skladu je sa UNSCR 1244\/1999 i stavom Me\u0111unarodnog suda pravde o progla\u0161enju nezavisnosti Kosova.<\/p>\n","protected":false},"excerpt":{"rendered":"<p>\u00a9IOM Montenegro\/D.Miljkovic Ahmad[i], porijeklom iz grada Hasaki u Siriji, je svoje putovanje zapo\u010deo 2014. godine, kada je jo\u0161 kao \u010detrnaestogodi\u0161nji dje\u010dak izbjegao nasilnu regrutaciju za paravojne formacije. Njegova porodica ga je tada, iz straha, poslala samog na put za Tursku. U Istanbulu je bio sve do 2019. godine usputno rade\u0107i u pekari i kao kroja\u010d [&hellip;]<\/p>\n","protected":false},"author":1,"featured_media":35822,"comment_status":"closed","ping_status":"closed","sticky":false,"template":"","format":"standard","meta":{"_acf_changed":false,"footnotes":""},"categories":[287,283],"tags":[],"class_list":["post-10826","post","type-post","status-publish","format-standard","has-post-thumbnail","hentry","category-koronavirusa","category-novosti-me"],"acf":[],"yoast_head":"<!-- This site is optimized with the Yoast SEO plugin v27.3 - https:\/\/yoast.com\/product\/yoast-seo-wordpress\/ -->\n<title>Te\u0161ko\u0107e na migrantskoj ruti tokom pandemije COVID-19 - Europe House<\/title>\n<meta name=\"robots\" content=\"index, follow, max-snippet:-1, max-image-preview:large, max-video-preview:-1\" \/>\n<link rel=\"canonical\" href=\"https:\/\/www.evropskakuca.me\/me\/teskoce-na-migrantskoj-ruti-tokom-pandemije-covid-19\/\" \/>\n<meta property=\"og:locale\" content=\"en_US\" \/>\n<meta property=\"og:type\" content=\"article\" \/>\n<meta property=\"og:title\" content=\"Te\u0161ko\u0107e na migrantskoj ruti tokom pandemije COVID-19 - Europe House\" \/>\n<meta property=\"og:description\" content=\"\u00a9IOM Montenegro\/D.Miljkovic Ahmad[i], porijeklom iz grada Hasaki u Siriji, je svoje putovanje zapo\u010deo 2014. godine, kada je jo\u0161 kao \u010detrnaestogodi\u0161nji dje\u010dak izbjegao nasilnu regrutaciju za paravojne formacije. Njegova porodica ga je tada, iz straha, poslala samog na put za Tursku. U Istanbulu je bio sve do 2019. godine usputno rade\u0107i u pekari i kao kroja\u010d [&hellip;]\" \/>\n<meta property=\"og:url\" content=\"https:\/\/www.evropskakuca.me\/me\/teskoce-na-migrantskoj-ruti-tokom-pandemije-covid-19\/\" \/>\n<meta property=\"og:site_name\" content=\"Europe House\" \/>\n<meta property=\"article:publisher\" content=\"https:\/\/www.facebook.com\/evropska.kuca\" \/>\n<meta property=\"article:published_time\" content=\"2021-02-09T10:48:03+00:00\" \/>\n<meta property=\"og:image\" content=\"https:\/\/www.evropskakuca.me\/wp-content\/uploads\/2021\/03\/202102-ilo-3-1.jpg\" \/>\n\t<meta property=\"og:image:width\" content=\"750\" \/>\n\t<meta property=\"og:image:height\" content=\"500\" \/>\n\t<meta property=\"og:image:type\" content=\"image\/jpeg\" \/>\n<meta name=\"author\" content=\"mkajic\" \/>\n<meta name=\"twitter:card\" content=\"summary_large_image\" \/>\n<meta name=\"twitter:creator\" content=\"@evropska_kuca\" \/>\n<meta name=\"twitter:site\" content=\"@evropska_kuca\" \/>\n<meta name=\"twitter:label1\" content=\"Written by\" \/>\n\t<meta name=\"twitter:data1\" content=\"mkajic\" \/>\n\t<meta name=\"twitter:label2\" content=\"Est. reading time\" \/>\n\t<meta name=\"twitter:data2\" content=\"4 minutes\" \/>\n<script type=\"application\/ld+json\" class=\"yoast-schema-graph\">{\"@context\":\"https:\\\/\\\/schema.org\",\"@graph\":[{\"@type\":\"Article\",\"@id\":\"https:\\\/\\\/www.evropskakuca.me\\\/me\\\/teskoce-na-migrantskoj-ruti-tokom-pandemije-covid-19\\\/#article\",\"isPartOf\":{\"@id\":\"https:\\\/\\\/www.evropskakuca.me\\\/me\\\/teskoce-na-migrantskoj-ruti-tokom-pandemije-covid-19\\\/\"},\"author\":{\"name\":\"mkajic\",\"@id\":\"https:\\\/\\\/www.evropskakuca.me\\\/me\\\/#\\\/schema\\\/person\\\/a1d0dcdaefe4a1cd1d60d200ea137ba4\"},\"headline\":\"Te\u0161ko\u0107e na migrantskoj ruti tokom pandemije COVID-19\",\"datePublished\":\"2021-02-09T10:48:03+00:00\",\"mainEntityOfPage\":{\"@id\":\"https:\\\/\\\/www.evropskakuca.me\\\/me\\\/teskoce-na-migrantskoj-ruti-tokom-pandemije-covid-19\\\/\"},\"wordCount\":892,\"publisher\":{\"@id\":\"https:\\\/\\\/www.evropskakuca.me\\\/me\\\/#organization\"},\"image\":{\"@id\":\"https:\\\/\\\/www.evropskakuca.me\\\/me\\\/teskoce-na-migrantskoj-ruti-tokom-pandemije-covid-19\\\/#primaryimage\"},\"thumbnailUrl\":\"https:\\\/\\\/www.evropskakuca.me\\\/wp-content\\\/uploads\\\/2021\\\/03\\\/202102-ilo-3-1.jpg\",\"articleSection\":[\"Koronavirusa\",\"Novosti\"],\"inLanguage\":\"me-ME\"},{\"@type\":\"WebPage\",\"@id\":\"https:\\\/\\\/www.evropskakuca.me\\\/me\\\/teskoce-na-migrantskoj-ruti-tokom-pandemije-covid-19\\\/\",\"url\":\"https:\\\/\\\/www.evropskakuca.me\\\/me\\\/teskoce-na-migrantskoj-ruti-tokom-pandemije-covid-19\\\/\",\"name\":\"Te\u0161ko\u0107e na migrantskoj ruti tokom pandemije COVID-19 - Europe House\",\"isPartOf\":{\"@id\":\"https:\\\/\\\/www.evropskakuca.me\\\/me\\\/#website\"},\"primaryImageOfPage\":{\"@id\":\"https:\\\/\\\/www.evropskakuca.me\\\/me\\\/teskoce-na-migrantskoj-ruti-tokom-pandemije-covid-19\\\/#primaryimage\"},\"image\":{\"@id\":\"https:\\\/\\\/www.evropskakuca.me\\\/me\\\/teskoce-na-migrantskoj-ruti-tokom-pandemije-covid-19\\\/#primaryimage\"},\"thumbnailUrl\":\"https:\\\/\\\/www.evropskakuca.me\\\/wp-content\\\/uploads\\\/2021\\\/03\\\/202102-ilo-3-1.jpg\",\"datePublished\":\"2021-02-09T10:48:03+00:00\",\"breadcrumb\":{\"@id\":\"https:\\\/\\\/www.evropskakuca.me\\\/me\\\/teskoce-na-migrantskoj-ruti-tokom-pandemije-covid-19\\\/#breadcrumb\"},\"inLanguage\":\"me-ME\",\"potentialAction\":[{\"@type\":\"ReadAction\",\"target\":[\"https:\\\/\\\/www.evropskakuca.me\\\/me\\\/teskoce-na-migrantskoj-ruti-tokom-pandemije-covid-19\\\/\"]}]},{\"@type\":\"ImageObject\",\"inLanguage\":\"me-ME\",\"@id\":\"https:\\\/\\\/www.evropskakuca.me\\\/me\\\/teskoce-na-migrantskoj-ruti-tokom-pandemije-covid-19\\\/#primaryimage\",\"url\":\"https:\\\/\\\/www.evropskakuca.me\\\/wp-content\\\/uploads\\\/2021\\\/03\\\/202102-ilo-3-1.jpg\",\"contentUrl\":\"https:\\\/\\\/www.evropskakuca.me\\\/wp-content\\\/uploads\\\/2021\\\/03\\\/202102-ilo-3-1.jpg\",\"width\":750,\"height\":500},{\"@type\":\"BreadcrumbList\",\"@id\":\"https:\\\/\\\/www.evropskakuca.me\\\/me\\\/teskoce-na-migrantskoj-ruti-tokom-pandemije-covid-19\\\/#breadcrumb\",\"itemListElement\":[{\"@type\":\"ListItem\",\"position\":1,\"name\":\"Home\",\"item\":\"https:\\\/\\\/www.evropskakuca.me\\\/me\\\/\"},{\"@type\":\"ListItem\",\"position\":2,\"name\":\"Te\u0161ko\u0107e na migrantskoj ruti tokom pandemije COVID-19\"}]},{\"@type\":\"WebSite\",\"@id\":\"https:\\\/\\\/www.evropskakuca.me\\\/me\\\/#website\",\"url\":\"https:\\\/\\\/www.evropskakuca.me\\\/me\\\/\",\"name\":\"Evropean house\",\"description\":\"\",\"publisher\":{\"@id\":\"https:\\\/\\\/www.evropskakuca.me\\\/me\\\/#organization\"},\"potentialAction\":[{\"@type\":\"SearchAction\",\"target\":{\"@type\":\"EntryPoint\",\"urlTemplate\":\"https:\\\/\\\/www.evropskakuca.me\\\/me\\\/?s={search_term_string}\"},\"query-input\":{\"@type\":\"PropertyValueSpecification\",\"valueRequired\":true,\"valueName\":\"search_term_string\"}}],\"inLanguage\":\"me-ME\"},{\"@type\":\"Organization\",\"@id\":\"https:\\\/\\\/www.evropskakuca.me\\\/me\\\/#organization\",\"name\":\"Evropean house\",\"url\":\"https:\\\/\\\/www.evropskakuca.me\\\/me\\\/\",\"logo\":{\"@type\":\"ImageObject\",\"inLanguage\":\"me-ME\",\"@id\":\"https:\\\/\\\/www.evropskakuca.me\\\/me\\\/#\\\/schema\\\/logo\\\/image\\\/\",\"url\":\"https:\\\/\\\/www.evropskakuca.me\\\/wp-content\\\/uploads\\\/2025\\\/01\\\/evropska-kuca-logo-1.png\",\"contentUrl\":\"https:\\\/\\\/www.evropskakuca.me\\\/wp-content\\\/uploads\\\/2025\\\/01\\\/evropska-kuca-logo-1.png\",\"width\":425,\"height\":312,\"caption\":\"Evropean house\"},\"image\":{\"@id\":\"https:\\\/\\\/www.evropskakuca.me\\\/me\\\/#\\\/schema\\\/logo\\\/image\\\/\"},\"sameAs\":[\"https:\\\/\\\/www.facebook.com\\\/evropska.kuca\",\"https:\\\/\\\/x.com\\\/evropska_kuca\",\"https:\\\/\\\/www.instagram.com\\\/evropska_kuca\"]},{\"@type\":\"Person\",\"@id\":\"https:\\\/\\\/www.evropskakuca.me\\\/me\\\/#\\\/schema\\\/person\\\/a1d0dcdaefe4a1cd1d60d200ea137ba4\",\"name\":\"mkajic\",\"image\":{\"@type\":\"ImageObject\",\"inLanguage\":\"me-ME\",\"@id\":\"https:\\\/\\\/secure.gravatar.com\\\/avatar\\\/731fa035cefab7316e6bafd1f25a93fb731a07de14e2d9923f8db4422628eabc?s=96&d=mm&r=g\",\"url\":\"https:\\\/\\\/secure.gravatar.com\\\/avatar\\\/731fa035cefab7316e6bafd1f25a93fb731a07de14e2d9923f8db4422628eabc?s=96&d=mm&r=g\",\"contentUrl\":\"https:\\\/\\\/secure.gravatar.com\\\/avatar\\\/731fa035cefab7316e6bafd1f25a93fb731a07de14e2d9923f8db4422628eabc?s=96&d=mm&r=g\",\"caption\":\"mkajic\"},\"sameAs\":[\"https:\\\/\\\/evropskakuca.me\"],\"url\":\"https:\\\/\\\/www.evropskakuca.me\\\/me\\\/author\\\/mkajic\\\/\"}]}<\/script>\n<!-- \/ Yoast SEO plugin. -->","yoast_head_json":{"title":"Te\u0161ko\u0107e na migrantskoj ruti tokom pandemije COVID-19 - Europe House","robots":{"index":"index","follow":"follow","max-snippet":"max-snippet:-1","max-image-preview":"max-image-preview:large","max-video-preview":"max-video-preview:-1"},"canonical":"https:\/\/www.evropskakuca.me\/me\/teskoce-na-migrantskoj-ruti-tokom-pandemije-covid-19\/","og_locale":"en_US","og_type":"article","og_title":"Te\u0161ko\u0107e na migrantskoj ruti tokom pandemije COVID-19 - Europe House","og_description":"\u00a9IOM Montenegro\/D.Miljkovic Ahmad[i], porijeklom iz grada Hasaki u Siriji, je svoje putovanje zapo\u010deo 2014. godine, kada je jo\u0161 kao \u010detrnaestogodi\u0161nji dje\u010dak izbjegao nasilnu regrutaciju za paravojne formacije. Njegova porodica ga je tada, iz straha, poslala samog na put za Tursku. U Istanbulu je bio sve do 2019. godine usputno rade\u0107i u pekari i kao kroja\u010d [&hellip;]","og_url":"https:\/\/www.evropskakuca.me\/me\/teskoce-na-migrantskoj-ruti-tokom-pandemije-covid-19\/","og_site_name":"Europe House","article_publisher":"https:\/\/www.facebook.com\/evropska.kuca","article_published_time":"2021-02-09T10:48:03+00:00","og_image":[{"width":750,"height":500,"url":"https:\/\/www.evropskakuca.me\/wp-content\/uploads\/2021\/03\/202102-ilo-3-1.jpg","type":"image\/jpeg"}],"author":"mkajic","twitter_card":"summary_large_image","twitter_creator":"@evropska_kuca","twitter_site":"@evropska_kuca","twitter_misc":{"Written by":"mkajic","Est. reading time":"4 minutes"},"schema":{"@context":"https:\/\/schema.org","@graph":[{"@type":"Article","@id":"https:\/\/www.evropskakuca.me\/me\/teskoce-na-migrantskoj-ruti-tokom-pandemije-covid-19\/#article","isPartOf":{"@id":"https:\/\/www.evropskakuca.me\/me\/teskoce-na-migrantskoj-ruti-tokom-pandemije-covid-19\/"},"author":{"name":"mkajic","@id":"https:\/\/www.evropskakuca.me\/me\/#\/schema\/person\/a1d0dcdaefe4a1cd1d60d200ea137ba4"},"headline":"Te\u0161ko\u0107e na migrantskoj ruti tokom pandemije COVID-19","datePublished":"2021-02-09T10:48:03+00:00","mainEntityOfPage":{"@id":"https:\/\/www.evropskakuca.me\/me\/teskoce-na-migrantskoj-ruti-tokom-pandemije-covid-19\/"},"wordCount":892,"publisher":{"@id":"https:\/\/www.evropskakuca.me\/me\/#organization"},"image":{"@id":"https:\/\/www.evropskakuca.me\/me\/teskoce-na-migrantskoj-ruti-tokom-pandemije-covid-19\/#primaryimage"},"thumbnailUrl":"https:\/\/www.evropskakuca.me\/wp-content\/uploads\/2021\/03\/202102-ilo-3-1.jpg","articleSection":["Koronavirusa","Novosti"],"inLanguage":"me-ME"},{"@type":"WebPage","@id":"https:\/\/www.evropskakuca.me\/me\/teskoce-na-migrantskoj-ruti-tokom-pandemije-covid-19\/","url":"https:\/\/www.evropskakuca.me\/me\/teskoce-na-migrantskoj-ruti-tokom-pandemije-covid-19\/","name":"Te\u0161ko\u0107e na migrantskoj ruti tokom pandemije COVID-19 - Europe House","isPartOf":{"@id":"https:\/\/www.evropskakuca.me\/me\/#website"},"primaryImageOfPage":{"@id":"https:\/\/www.evropskakuca.me\/me\/teskoce-na-migrantskoj-ruti-tokom-pandemije-covid-19\/#primaryimage"},"image":{"@id":"https:\/\/www.evropskakuca.me\/me\/teskoce-na-migrantskoj-ruti-tokom-pandemije-covid-19\/#primaryimage"},"thumbnailUrl":"https:\/\/www.evropskakuca.me\/wp-content\/uploads\/2021\/03\/202102-ilo-3-1.jpg","datePublished":"2021-02-09T10:48:03+00:00","breadcrumb":{"@id":"https:\/\/www.evropskakuca.me\/me\/teskoce-na-migrantskoj-ruti-tokom-pandemije-covid-19\/#breadcrumb"},"inLanguage":"me-ME","potentialAction":[{"@type":"ReadAction","target":["https:\/\/www.evropskakuca.me\/me\/teskoce-na-migrantskoj-ruti-tokom-pandemije-covid-19\/"]}]},{"@type":"ImageObject","inLanguage":"me-ME","@id":"https:\/\/www.evropskakuca.me\/me\/teskoce-na-migrantskoj-ruti-tokom-pandemije-covid-19\/#primaryimage","url":"https:\/\/www.evropskakuca.me\/wp-content\/uploads\/2021\/03\/202102-ilo-3-1.jpg","contentUrl":"https:\/\/www.evropskakuca.me\/wp-content\/uploads\/2021\/03\/202102-ilo-3-1.jpg","width":750,"height":500},{"@type":"BreadcrumbList","@id":"https:\/\/www.evropskakuca.me\/me\/teskoce-na-migrantskoj-ruti-tokom-pandemije-covid-19\/#breadcrumb","itemListElement":[{"@type":"ListItem","position":1,"name":"Home","item":"https:\/\/www.evropskakuca.me\/me\/"},{"@type":"ListItem","position":2,"name":"Te\u0161ko\u0107e na migrantskoj ruti tokom pandemije COVID-19"}]},{"@type":"WebSite","@id":"https:\/\/www.evropskakuca.me\/me\/#website","url":"https:\/\/www.evropskakuca.me\/me\/","name":"Evropean house","description":"","publisher":{"@id":"https:\/\/www.evropskakuca.me\/me\/#organization"},"potentialAction":[{"@type":"SearchAction","target":{"@type":"EntryPoint","urlTemplate":"https:\/\/www.evropskakuca.me\/me\/?s={search_term_string}"},"query-input":{"@type":"PropertyValueSpecification","valueRequired":true,"valueName":"search_term_string"}}],"inLanguage":"me-ME"},{"@type":"Organization","@id":"https:\/\/www.evropskakuca.me\/me\/#organization","name":"Evropean house","url":"https:\/\/www.evropskakuca.me\/me\/","logo":{"@type":"ImageObject","inLanguage":"me-ME","@id":"https:\/\/www.evropskakuca.me\/me\/#\/schema\/logo\/image\/","url":"https:\/\/www.evropskakuca.me\/wp-content\/uploads\/2025\/01\/evropska-kuca-logo-1.png","contentUrl":"https:\/\/www.evropskakuca.me\/wp-content\/uploads\/2025\/01\/evropska-kuca-logo-1.png","width":425,"height":312,"caption":"Evropean house"},"image":{"@id":"https:\/\/www.evropskakuca.me\/me\/#\/schema\/logo\/image\/"},"sameAs":["https:\/\/www.facebook.com\/evropska.kuca","https:\/\/x.com\/evropska_kuca","https:\/\/www.instagram.com\/evropska_kuca"]},{"@type":"Person","@id":"https:\/\/www.evropskakuca.me\/me\/#\/schema\/person\/a1d0dcdaefe4a1cd1d60d200ea137ba4","name":"mkajic","image":{"@type":"ImageObject","inLanguage":"me-ME","@id":"https:\/\/secure.gravatar.com\/avatar\/731fa035cefab7316e6bafd1f25a93fb731a07de14e2d9923f8db4422628eabc?s=96&d=mm&r=g","url":"https:\/\/secure.gravatar.com\/avatar\/731fa035cefab7316e6bafd1f25a93fb731a07de14e2d9923f8db4422628eabc?s=96&d=mm&r=g","contentUrl":"https:\/\/secure.gravatar.com\/avatar\/731fa035cefab7316e6bafd1f25a93fb731a07de14e2d9923f8db4422628eabc?s=96&d=mm&r=g","caption":"mkajic"},"sameAs":["https:\/\/evropskakuca.me"],"url":"https:\/\/www.evropskakuca.me\/me\/author\/mkajic\/"}]}},"_links":{"self":[{"href":"https:\/\/www.evropskakuca.me\/me\/wp-json\/wp\/v2\/posts\/10826","targetHints":{"allow":["GET"]}}],"collection":[{"href":"https:\/\/www.evropskakuca.me\/me\/wp-json\/wp\/v2\/posts"}],"about":[{"href":"https:\/\/www.evropskakuca.me\/me\/wp-json\/wp\/v2\/types\/post"}],"author":[{"embeddable":true,"href":"https:\/\/www.evropskakuca.me\/me\/wp-json\/wp\/v2\/users\/1"}],"replies":[{"embeddable":true,"href":"https:\/\/www.evropskakuca.me\/me\/wp-json\/wp\/v2\/comments?post=10826"}],"version-history":[{"count":0,"href":"https:\/\/www.evropskakuca.me\/me\/wp-json\/wp\/v2\/posts\/10826\/revisions"}],"wp:featuredmedia":[{"embeddable":true,"href":"https:\/\/www.evropskakuca.me\/me\/wp-json\/wp\/v2\/media\/35822"}],"wp:attachment":[{"href":"https:\/\/www.evropskakuca.me\/me\/wp-json\/wp\/v2\/media?parent=10826"}],"wp:term":[{"taxonomy":"category","embeddable":true,"href":"https:\/\/www.evropskakuca.me\/me\/wp-json\/wp\/v2\/categories?post=10826"},{"taxonomy":"post_tag","embeddable":true,"href":"https:\/\/www.evropskakuca.me\/me\/wp-json\/wp\/v2\/tags?post=10826"}],"curies":[{"name":"wp","href":"https:\/\/api.w.org\/{rel}","templated":true}]}}