{"id":10816,"date":"2021-02-11T10:36:30","date_gmt":"2021-02-11T10:36:30","guid":{"rendered":"http:\/\/www.evropskakuca.me\/?p=10816"},"modified":"2021-02-11T10:36:30","modified_gmt":"2021-02-11T10:36:30","slug":"nova-donacija-u-okviru-eu-mehanizma-za-civilnu-zastitu","status":"publish","type":"post","link":"https:\/\/www.evropskakuca.me\/me\/nova-donacija-u-okviru-eu-mehanizma-za-civilnu-zastitu\/","title":{"rendered":"Nova donacija u okviru EU Mehanizma za civilnu za\u0161titu"},"content":{"rendered":"<div id=\"layout-pre-content\" class=\"container\">\n<div class=\"pre-content\">\n<div class=\"region region-content-pre\">\n<div id=\"block-eeas-ct-all-eeas-node-preview\" class=\"block block-eeas-ct-all panel panel-default clearfix\">\n<div class=\"panel-body content\">\n<div class=\"eeas-node-teaser\">\n<p>Klini\u010dki centar Crne Gore dobio je 90 000 FFP2 za\u0161titnih maski, koje je donirala Evropska unija u okviru EU Mehanizam za civilnu za\u0161titu, na zahtjev dr\u017eave Crne Gore. Vrijednost donacije, koja je dopremljena iz skladi\u0161ta rescEU medicinske rezerve u Gr\u010dkoj, iznosi 360 000 eura. Ranije je dopremljen i kontingent pomo\u0107i iz Slova\u010dke, koji sadr\u017ei 15 hiljada PCR testova, 1 000 pe\u0161kira i 120 \u0107ebadi.<\/p>\n<\/div>\n<\/div>\n<\/div>\n<\/div>\n<\/div>\n<\/div>\n<div id=\"layout-body\" class=\"container\">\n<div class=\"row\">\n<div id=\"content-wrapper\" class=\"col-lg-8 col-md-8 col-sm-12 col-md-12\">\n<div class=\"row\">\n<div class=\"col-lg-12 col-md-12 col-sm-12 col-xs-12\">\n<div class=\"region region-content\">\n<div id=\"block-system-main\" class=\"block block-system panel panel-default clearfix\">\n<div class=\"panel-body content\">\n<div class=\"ds-2col-stacked-fluid node node-eeas-news node-promoted node-full view-mode-full group-one-column clearfix\">\n<div class=\"group-right\">\n<div class=\"field field-name-body field-type-text-with-summary field-label-hidden\">\n<div class=\"field-items\">\n<div class=\"field-item even\">\n<p>&nbsp;<\/p>\n<div class=\"media media-element-container media-eeas_full_width\">\n<div id=\"file-97545\" class=\"file file-image file-image-jpeg\">\n<div class=\"content\"><img decoding=\"async\" class=\"media-element file-eeas-full-width\" src=\"https:\/\/eeas.europa.eu\/sites\/default\/files\/styles\/eeas_full_width\/public\/1_2_1.jpg?itok=zGrZTTal\" alt=\"\" data-delta=\"1\" \/><\/div>\n<\/div>\n<\/div>\n<p><span lang=\"sr\" xml:lang=\"sr\">\u201cOvo je jo\u0161 jedna u nizu potvrda da EU nije zaboravila Zapadni Balkan. Naprotiv, dokazuje da je spremna da kroz razne instrumente daje doprinos u prevazila\u017eenju problema vezanih za pojavu korona virusa na ovim prostorima. Donacija u vidu\u00a0 90.000 maski FFP2 u vrijednosti od 360 000 eura pomo\u0107i \u0107e zaposlenima u KCCG da na sigurniji i bezbjedniji na\u010din rade zahtjevne i te\u0161ke poslove, poma\u017eu\u0107i svima onima kojima se pru\u017ea medicinska pomo\u0107 u ovoj ustanovi\u201d, kazao je ministar unutra\u0161njih poslova Sergej Sekulovi\u0107, povodom uru\u010denja donacije.<\/span><\/p>\n<p><span lang=\"sr\" xml:lang=\"sr\">Tro\u0161kove nabavke, skladi\u0161tenja i transporta medicinske opreme u okviru medicinske rezerve rescEU u potpunosti finansira Evropska komisija. EU koordini\u0161e i sufinansira transportne tro\u0161kove svih isporuka putem EU Mehanizma za civilnu za\u0161titu.<\/span><\/p>\n<p>&nbsp;<\/p>\n<div class=\"media media-element-container media-eeas_full_width\">\n<div id=\"file-97546\" class=\"file file-image file-image-jpeg\">\n<div class=\"content\"><img decoding=\"async\" class=\"media-element file-eeas-full-width\" src=\"https:\/\/eeas.europa.eu\/sites\/default\/files\/styles\/eeas_full_width\/public\/1_1_1.jpg?itok=BETlTH_Y\" alt=\"\" data-delta=\"2\" \/><\/div>\n<\/div>\n<\/div>\n<p><span lang=\"sr\" xml:lang=\"sr\">\u201cEU nastavlja da poma\u017ee usmjeravanje pomoc\u0301i za borbu protiv pandemije, unutar EU, ali i u susjednim zemljama koje se tako\u0111e bore protiv koronavirusa. Zahvaljujem se dr\u017eavama \u010dlanicama i dr\u017eavama u\u010desnicama na njihovoj solidarnosti u ovom klju\u010dnom trenutku\u201c, rekao je Janez Lenar\u010di\u010d, evropski Komesar za upravljanje krizama.<\/span><\/p>\n<p><span lang=\"sr\" xml:lang=\"sr\">Cjelokupna sadr\u017eina isporu\u010dene donacije bi\u0107e stavljena na raspolaganje Klini\u010dkom centru Crne Gore.<\/span><\/p>\n<p><span lang=\"sr\" xml:lang=\"sr\">\u201cOvo je jo\u0161 jedna u nizu donacija koja je u Crnu Goru stigla sa relevantnih evropskih adresa,\u00a0 a koju je MUP opredijelio za KCCG. Zahvalni smo na tome, jer se na taj na\u010din potvr\u0111uje da dr\u017eava prepoznaje svu te\u017einu i slo\u017eenost poslova koje obavljamo mi u Klini\u010dkom centru bore\u0107i se za zdravlje svakog pacijenta\u201d, kazala je direktorica KCCG Ljiljana Radulovi\u0107.<\/span><\/p>\n<p><span lang=\"sr\" xml:lang=\"sr\">Od marta 2020. godine, EU je izdvojila 53 miliona eura za pomoc\u0301 odgovoru Crne Gore na pandemiju, uklju\u010dujuc\u0301i isporuku medicinske opreme, kao i dugoro\u010dna ulaganja u zdravstvenu infrastrukturu i socijalno-ekonomski oporavak zemlje.<\/span><\/p>\n<\/div>\n<\/div>\n<\/div>\n<\/div>\n<\/div>\n<\/div>\n<\/div>\n<\/div>\n<\/div>\n<\/div>\n<\/div>\n<\/div>\n<\/div>\n","protected":false},"excerpt":{"rendered":"<p>Evropska unija donirala 90 hiljada za\u0161titnih maski KCCG<\/p>\n","protected":false},"author":1,"featured_media":35880,"comment_status":"closed","ping_status":"closed","sticky":false,"template":"","format":"standard","meta":{"_acf_changed":false,"footnotes":""},"categories":[287,283],"tags":[],"class_list":["post-10816","post","type-post","status-publish","format-standard","has-post-thumbnail","hentry","category-koronavirusa","category-novosti-me"],"acf":[],"yoast_head":"<!-- This site is optimized with the Yoast SEO plugin v27.3 - https:\/\/yoast.com\/product\/yoast-seo-wordpress\/ -->\n<title>Nova donacija u okviru EU Mehanizma za civilnu za\u0161titu - Europe House<\/title>\n<meta name=\"robots\" content=\"index, follow, max-snippet:-1, max-image-preview:large, max-video-preview:-1\" \/>\n<link rel=\"canonical\" href=\"https:\/\/www.evropskakuca.me\/me\/nova-donacija-u-okviru-eu-mehanizma-za-civilnu-zastitu\/\" \/>\n<meta property=\"og:locale\" content=\"en_US\" \/>\n<meta property=\"og:type\" content=\"article\" \/>\n<meta property=\"og:title\" content=\"Nova donacija u okviru EU Mehanizma za civilnu za\u0161titu - Europe House\" \/>\n<meta property=\"og:description\" content=\"Evropska unija donirala 90 hiljada za\u0161titnih maski KCCG\" \/>\n<meta property=\"og:url\" content=\"https:\/\/www.evropskakuca.me\/me\/nova-donacija-u-okviru-eu-mehanizma-za-civilnu-zastitu\/\" \/>\n<meta property=\"og:site_name\" content=\"Europe House\" \/>\n<meta property=\"article:publisher\" content=\"https:\/\/www.facebook.com\/evropska.kuca\" \/>\n<meta property=\"article:published_time\" content=\"2021-02-11T10:36:30+00:00\" \/>\n<meta property=\"og:image\" content=\"https:\/\/www.evropskakuca.me\/wp-content\/uploads\/2021\/03\/pomoc.jpg\" \/>\n\t<meta property=\"og:image:width\" content=\"750\" \/>\n\t<meta property=\"og:image:height\" content=\"497\" \/>\n\t<meta property=\"og:image:type\" content=\"image\/jpeg\" \/>\n<meta name=\"author\" content=\"mkajic\" \/>\n<meta name=\"twitter:card\" content=\"summary_large_image\" \/>\n<meta name=\"twitter:creator\" content=\"@evropska_kuca\" \/>\n<meta name=\"twitter:site\" content=\"@evropska_kuca\" \/>\n<meta name=\"twitter:label1\" content=\"Written by\" \/>\n\t<meta name=\"twitter:data1\" content=\"mkajic\" \/>\n\t<meta name=\"twitter:label2\" content=\"Est. reading time\" \/>\n\t<meta name=\"twitter:data2\" content=\"2 minutes\" \/>\n<script type=\"application\/ld+json\" class=\"yoast-schema-graph\">{\"@context\":\"https:\\\/\\\/schema.org\",\"@graph\":[{\"@type\":\"Article\",\"@id\":\"https:\\\/\\\/www.evropskakuca.me\\\/me\\\/nova-donacija-u-okviru-eu-mehanizma-za-civilnu-zastitu\\\/#article\",\"isPartOf\":{\"@id\":\"https:\\\/\\\/www.evropskakuca.me\\\/me\\\/nova-donacija-u-okviru-eu-mehanizma-za-civilnu-zastitu\\\/\"},\"author\":{\"name\":\"mkajic\",\"@id\":\"https:\\\/\\\/www.evropskakuca.me\\\/me\\\/#\\\/schema\\\/person\\\/a1d0dcdaefe4a1cd1d60d200ea137ba4\"},\"headline\":\"Nova donacija u okviru EU Mehanizma za civilnu za\u0161titu\",\"datePublished\":\"2021-02-11T10:36:30+00:00\",\"mainEntityOfPage\":{\"@id\":\"https:\\\/\\\/www.evropskakuca.me\\\/me\\\/nova-donacija-u-okviru-eu-mehanizma-za-civilnu-zastitu\\\/\"},\"wordCount\":374,\"publisher\":{\"@id\":\"https:\\\/\\\/www.evropskakuca.me\\\/me\\\/#organization\"},\"image\":{\"@id\":\"https:\\\/\\\/www.evropskakuca.me\\\/me\\\/nova-donacija-u-okviru-eu-mehanizma-za-civilnu-zastitu\\\/#primaryimage\"},\"thumbnailUrl\":\"https:\\\/\\\/www.evropskakuca.me\\\/wp-content\\\/uploads\\\/2021\\\/03\\\/pomoc.jpg\",\"articleSection\":[\"Koronavirusa\",\"Novosti\"],\"inLanguage\":\"me-ME\"},{\"@type\":\"WebPage\",\"@id\":\"https:\\\/\\\/www.evropskakuca.me\\\/me\\\/nova-donacija-u-okviru-eu-mehanizma-za-civilnu-zastitu\\\/\",\"url\":\"https:\\\/\\\/www.evropskakuca.me\\\/me\\\/nova-donacija-u-okviru-eu-mehanizma-za-civilnu-zastitu\\\/\",\"name\":\"Nova donacija u okviru EU Mehanizma za civilnu za\u0161titu - Europe House\",\"isPartOf\":{\"@id\":\"https:\\\/\\\/www.evropskakuca.me\\\/me\\\/#website\"},\"primaryImageOfPage\":{\"@id\":\"https:\\\/\\\/www.evropskakuca.me\\\/me\\\/nova-donacija-u-okviru-eu-mehanizma-za-civilnu-zastitu\\\/#primaryimage\"},\"image\":{\"@id\":\"https:\\\/\\\/www.evropskakuca.me\\\/me\\\/nova-donacija-u-okviru-eu-mehanizma-za-civilnu-zastitu\\\/#primaryimage\"},\"thumbnailUrl\":\"https:\\\/\\\/www.evropskakuca.me\\\/wp-content\\\/uploads\\\/2021\\\/03\\\/pomoc.jpg\",\"datePublished\":\"2021-02-11T10:36:30+00:00\",\"breadcrumb\":{\"@id\":\"https:\\\/\\\/www.evropskakuca.me\\\/me\\\/nova-donacija-u-okviru-eu-mehanizma-za-civilnu-zastitu\\\/#breadcrumb\"},\"inLanguage\":\"me-ME\",\"potentialAction\":[{\"@type\":\"ReadAction\",\"target\":[\"https:\\\/\\\/www.evropskakuca.me\\\/me\\\/nova-donacija-u-okviru-eu-mehanizma-za-civilnu-zastitu\\\/\"]}]},{\"@type\":\"ImageObject\",\"inLanguage\":\"me-ME\",\"@id\":\"https:\\\/\\\/www.evropskakuca.me\\\/me\\\/nova-donacija-u-okviru-eu-mehanizma-za-civilnu-zastitu\\\/#primaryimage\",\"url\":\"https:\\\/\\\/www.evropskakuca.me\\\/wp-content\\\/uploads\\\/2021\\\/03\\\/pomoc.jpg\",\"contentUrl\":\"https:\\\/\\\/www.evropskakuca.me\\\/wp-content\\\/uploads\\\/2021\\\/03\\\/pomoc.jpg\",\"width\":750,\"height\":497},{\"@type\":\"BreadcrumbList\",\"@id\":\"https:\\\/\\\/www.evropskakuca.me\\\/me\\\/nova-donacija-u-okviru-eu-mehanizma-za-civilnu-zastitu\\\/#breadcrumb\",\"itemListElement\":[{\"@type\":\"ListItem\",\"position\":1,\"name\":\"Home\",\"item\":\"https:\\\/\\\/www.evropskakuca.me\\\/me\\\/\"},{\"@type\":\"ListItem\",\"position\":2,\"name\":\"Nova donacija u okviru EU Mehanizma za civilnu za\u0161titu\"}]},{\"@type\":\"WebSite\",\"@id\":\"https:\\\/\\\/www.evropskakuca.me\\\/me\\\/#website\",\"url\":\"https:\\\/\\\/www.evropskakuca.me\\\/me\\\/\",\"name\":\"Evropean house\",\"description\":\"\",\"publisher\":{\"@id\":\"https:\\\/\\\/www.evropskakuca.me\\\/me\\\/#organization\"},\"potentialAction\":[{\"@type\":\"SearchAction\",\"target\":{\"@type\":\"EntryPoint\",\"urlTemplate\":\"https:\\\/\\\/www.evropskakuca.me\\\/me\\\/?s={search_term_string}\"},\"query-input\":{\"@type\":\"PropertyValueSpecification\",\"valueRequired\":true,\"valueName\":\"search_term_string\"}}],\"inLanguage\":\"me-ME\"},{\"@type\":\"Organization\",\"@id\":\"https:\\\/\\\/www.evropskakuca.me\\\/me\\\/#organization\",\"name\":\"Evropean house\",\"url\":\"https:\\\/\\\/www.evropskakuca.me\\\/me\\\/\",\"logo\":{\"@type\":\"ImageObject\",\"inLanguage\":\"me-ME\",\"@id\":\"https:\\\/\\\/www.evropskakuca.me\\\/me\\\/#\\\/schema\\\/logo\\\/image\\\/\",\"url\":\"https:\\\/\\\/www.evropskakuca.me\\\/wp-content\\\/uploads\\\/2025\\\/01\\\/evropska-kuca-logo-1.png\",\"contentUrl\":\"https:\\\/\\\/www.evropskakuca.me\\\/wp-content\\\/uploads\\\/2025\\\/01\\\/evropska-kuca-logo-1.png\",\"width\":425,\"height\":312,\"caption\":\"Evropean house\"},\"image\":{\"@id\":\"https:\\\/\\\/www.evropskakuca.me\\\/me\\\/#\\\/schema\\\/logo\\\/image\\\/\"},\"sameAs\":[\"https:\\\/\\\/www.facebook.com\\\/evropska.kuca\",\"https:\\\/\\\/x.com\\\/evropska_kuca\",\"https:\\\/\\\/www.instagram.com\\\/evropska_kuca\"]},{\"@type\":\"Person\",\"@id\":\"https:\\\/\\\/www.evropskakuca.me\\\/me\\\/#\\\/schema\\\/person\\\/a1d0dcdaefe4a1cd1d60d200ea137ba4\",\"name\":\"mkajic\",\"image\":{\"@type\":\"ImageObject\",\"inLanguage\":\"me-ME\",\"@id\":\"https:\\\/\\\/secure.gravatar.com\\\/avatar\\\/731fa035cefab7316e6bafd1f25a93fb731a07de14e2d9923f8db4422628eabc?s=96&d=mm&r=g\",\"url\":\"https:\\\/\\\/secure.gravatar.com\\\/avatar\\\/731fa035cefab7316e6bafd1f25a93fb731a07de14e2d9923f8db4422628eabc?s=96&d=mm&r=g\",\"contentUrl\":\"https:\\\/\\\/secure.gravatar.com\\\/avatar\\\/731fa035cefab7316e6bafd1f25a93fb731a07de14e2d9923f8db4422628eabc?s=96&d=mm&r=g\",\"caption\":\"mkajic\"},\"sameAs\":[\"https:\\\/\\\/evropskakuca.me\"],\"url\":\"https:\\\/\\\/www.evropskakuca.me\\\/me\\\/author\\\/mkajic\\\/\"}]}<\/script>\n<!-- \/ Yoast SEO plugin. -->","yoast_head_json":{"title":"Nova donacija u okviru EU Mehanizma za civilnu za\u0161titu - Europe House","robots":{"index":"index","follow":"follow","max-snippet":"max-snippet:-1","max-image-preview":"max-image-preview:large","max-video-preview":"max-video-preview:-1"},"canonical":"https:\/\/www.evropskakuca.me\/me\/nova-donacija-u-okviru-eu-mehanizma-za-civilnu-zastitu\/","og_locale":"en_US","og_type":"article","og_title":"Nova donacija u okviru EU Mehanizma za civilnu za\u0161titu - Europe House","og_description":"Evropska unija donirala 90 hiljada za\u0161titnih maski KCCG","og_url":"https:\/\/www.evropskakuca.me\/me\/nova-donacija-u-okviru-eu-mehanizma-za-civilnu-zastitu\/","og_site_name":"Europe House","article_publisher":"https:\/\/www.facebook.com\/evropska.kuca","article_published_time":"2021-02-11T10:36:30+00:00","og_image":[{"width":750,"height":497,"url":"https:\/\/www.evropskakuca.me\/wp-content\/uploads\/2021\/03\/pomoc.jpg","type":"image\/jpeg"}],"author":"mkajic","twitter_card":"summary_large_image","twitter_creator":"@evropska_kuca","twitter_site":"@evropska_kuca","twitter_misc":{"Written by":"mkajic","Est. reading time":"2 minutes"},"schema":{"@context":"https:\/\/schema.org","@graph":[{"@type":"Article","@id":"https:\/\/www.evropskakuca.me\/me\/nova-donacija-u-okviru-eu-mehanizma-za-civilnu-zastitu\/#article","isPartOf":{"@id":"https:\/\/www.evropskakuca.me\/me\/nova-donacija-u-okviru-eu-mehanizma-za-civilnu-zastitu\/"},"author":{"name":"mkajic","@id":"https:\/\/www.evropskakuca.me\/me\/#\/schema\/person\/a1d0dcdaefe4a1cd1d60d200ea137ba4"},"headline":"Nova donacija u okviru EU Mehanizma za civilnu za\u0161titu","datePublished":"2021-02-11T10:36:30+00:00","mainEntityOfPage":{"@id":"https:\/\/www.evropskakuca.me\/me\/nova-donacija-u-okviru-eu-mehanizma-za-civilnu-zastitu\/"},"wordCount":374,"publisher":{"@id":"https:\/\/www.evropskakuca.me\/me\/#organization"},"image":{"@id":"https:\/\/www.evropskakuca.me\/me\/nova-donacija-u-okviru-eu-mehanizma-za-civilnu-zastitu\/#primaryimage"},"thumbnailUrl":"https:\/\/www.evropskakuca.me\/wp-content\/uploads\/2021\/03\/pomoc.jpg","articleSection":["Koronavirusa","Novosti"],"inLanguage":"me-ME"},{"@type":"WebPage","@id":"https:\/\/www.evropskakuca.me\/me\/nova-donacija-u-okviru-eu-mehanizma-za-civilnu-zastitu\/","url":"https:\/\/www.evropskakuca.me\/me\/nova-donacija-u-okviru-eu-mehanizma-za-civilnu-zastitu\/","name":"Nova donacija u okviru EU Mehanizma za civilnu za\u0161titu - Europe House","isPartOf":{"@id":"https:\/\/www.evropskakuca.me\/me\/#website"},"primaryImageOfPage":{"@id":"https:\/\/www.evropskakuca.me\/me\/nova-donacija-u-okviru-eu-mehanizma-za-civilnu-zastitu\/#primaryimage"},"image":{"@id":"https:\/\/www.evropskakuca.me\/me\/nova-donacija-u-okviru-eu-mehanizma-za-civilnu-zastitu\/#primaryimage"},"thumbnailUrl":"https:\/\/www.evropskakuca.me\/wp-content\/uploads\/2021\/03\/pomoc.jpg","datePublished":"2021-02-11T10:36:30+00:00","breadcrumb":{"@id":"https:\/\/www.evropskakuca.me\/me\/nova-donacija-u-okviru-eu-mehanizma-za-civilnu-zastitu\/#breadcrumb"},"inLanguage":"me-ME","potentialAction":[{"@type":"ReadAction","target":["https:\/\/www.evropskakuca.me\/me\/nova-donacija-u-okviru-eu-mehanizma-za-civilnu-zastitu\/"]}]},{"@type":"ImageObject","inLanguage":"me-ME","@id":"https:\/\/www.evropskakuca.me\/me\/nova-donacija-u-okviru-eu-mehanizma-za-civilnu-zastitu\/#primaryimage","url":"https:\/\/www.evropskakuca.me\/wp-content\/uploads\/2021\/03\/pomoc.jpg","contentUrl":"https:\/\/www.evropskakuca.me\/wp-content\/uploads\/2021\/03\/pomoc.jpg","width":750,"height":497},{"@type":"BreadcrumbList","@id":"https:\/\/www.evropskakuca.me\/me\/nova-donacija-u-okviru-eu-mehanizma-za-civilnu-zastitu\/#breadcrumb","itemListElement":[{"@type":"ListItem","position":1,"name":"Home","item":"https:\/\/www.evropskakuca.me\/me\/"},{"@type":"ListItem","position":2,"name":"Nova donacija u okviru EU Mehanizma za civilnu za\u0161titu"}]},{"@type":"WebSite","@id":"https:\/\/www.evropskakuca.me\/me\/#website","url":"https:\/\/www.evropskakuca.me\/me\/","name":"Evropean house","description":"","publisher":{"@id":"https:\/\/www.evropskakuca.me\/me\/#organization"},"potentialAction":[{"@type":"SearchAction","target":{"@type":"EntryPoint","urlTemplate":"https:\/\/www.evropskakuca.me\/me\/?s={search_term_string}"},"query-input":{"@type":"PropertyValueSpecification","valueRequired":true,"valueName":"search_term_string"}}],"inLanguage":"me-ME"},{"@type":"Organization","@id":"https:\/\/www.evropskakuca.me\/me\/#organization","name":"Evropean house","url":"https:\/\/www.evropskakuca.me\/me\/","logo":{"@type":"ImageObject","inLanguage":"me-ME","@id":"https:\/\/www.evropskakuca.me\/me\/#\/schema\/logo\/image\/","url":"https:\/\/www.evropskakuca.me\/wp-content\/uploads\/2025\/01\/evropska-kuca-logo-1.png","contentUrl":"https:\/\/www.evropskakuca.me\/wp-content\/uploads\/2025\/01\/evropska-kuca-logo-1.png","width":425,"height":312,"caption":"Evropean house"},"image":{"@id":"https:\/\/www.evropskakuca.me\/me\/#\/schema\/logo\/image\/"},"sameAs":["https:\/\/www.facebook.com\/evropska.kuca","https:\/\/x.com\/evropska_kuca","https:\/\/www.instagram.com\/evropska_kuca"]},{"@type":"Person","@id":"https:\/\/www.evropskakuca.me\/me\/#\/schema\/person\/a1d0dcdaefe4a1cd1d60d200ea137ba4","name":"mkajic","image":{"@type":"ImageObject","inLanguage":"me-ME","@id":"https:\/\/secure.gravatar.com\/avatar\/731fa035cefab7316e6bafd1f25a93fb731a07de14e2d9923f8db4422628eabc?s=96&d=mm&r=g","url":"https:\/\/secure.gravatar.com\/avatar\/731fa035cefab7316e6bafd1f25a93fb731a07de14e2d9923f8db4422628eabc?s=96&d=mm&r=g","contentUrl":"https:\/\/secure.gravatar.com\/avatar\/731fa035cefab7316e6bafd1f25a93fb731a07de14e2d9923f8db4422628eabc?s=96&d=mm&r=g","caption":"mkajic"},"sameAs":["https:\/\/evropskakuca.me"],"url":"https:\/\/www.evropskakuca.me\/me\/author\/mkajic\/"}]}},"_links":{"self":[{"href":"https:\/\/www.evropskakuca.me\/me\/wp-json\/wp\/v2\/posts\/10816","targetHints":{"allow":["GET"]}}],"collection":[{"href":"https:\/\/www.evropskakuca.me\/me\/wp-json\/wp\/v2\/posts"}],"about":[{"href":"https:\/\/www.evropskakuca.me\/me\/wp-json\/wp\/v2\/types\/post"}],"author":[{"embeddable":true,"href":"https:\/\/www.evropskakuca.me\/me\/wp-json\/wp\/v2\/users\/1"}],"replies":[{"embeddable":true,"href":"https:\/\/www.evropskakuca.me\/me\/wp-json\/wp\/v2\/comments?post=10816"}],"version-history":[{"count":0,"href":"https:\/\/www.evropskakuca.me\/me\/wp-json\/wp\/v2\/posts\/10816\/revisions"}],"wp:featuredmedia":[{"embeddable":true,"href":"https:\/\/www.evropskakuca.me\/me\/wp-json\/wp\/v2\/media\/35880"}],"wp:attachment":[{"href":"https:\/\/www.evropskakuca.me\/me\/wp-json\/wp\/v2\/media?parent=10816"}],"wp:term":[{"taxonomy":"category","embeddable":true,"href":"https:\/\/www.evropskakuca.me\/me\/wp-json\/wp\/v2\/categories?post=10816"},{"taxonomy":"post_tag","embeddable":true,"href":"https:\/\/www.evropskakuca.me\/me\/wp-json\/wp\/v2\/tags?post=10816"}],"curies":[{"name":"wp","href":"https:\/\/api.w.org\/{rel}","templated":true}]}}