{"id":10777,"date":"2021-03-15T13:41:26","date_gmt":"2021-03-15T13:41:26","guid":{"rendered":"http:\/\/www.evropskakuca.me\/?p=10777"},"modified":"2021-03-15T13:41:26","modified_gmt":"2021-03-15T13:41:26","slug":"komisija-postavlja-prioritete-za-istrazivanje-i-inovacije-za-odrzivu-buducnost","status":"publish","type":"post","link":"https:\/\/www.evropskakuca.me\/me\/komisija-postavlja-prioritete-za-istrazivanje-i-inovacije-za-odrzivu-buducnost\/","title":{"rendered":"Komisija postavlja prioritete za istra\u017eivanje i inovacije za odr\u017eivu buduc\u0301nost"},"content":{"rendered":"<p>Evropska komisija usvojila je prvi strate\u0161ki plan za Horizon Europe, novi program EU za istra\u017eivanje i inovacije vrijedan 95,5 milijardi eura u trenutnim okvirima. Strate\u0161ki plan je novina u programu Horizon Europe i postavlja strate\u0161ke orijentacije za fokus investicija u prve \u010detiri godine programa. Obezbje\u0111uje da istra\u017eiva\u010dke i inovacione akcije EU doprinose prioritetima EU, uklju\u010dujuc\u0301i klimatski neutralnu i zelenu Evropu, Evropu koja odgovara digitalnom dobu i ekonomiju koja pogoduje ljudima.<\/p>\n<p>Margrethe Vestager, izvr\u0161na potpredsjednica za Evropu prilago\u0111enu digitalnom dobu, rekla je: \u201cOvaj plan pru\u017ea okvir za vrhunska istra\u017eivanja i inovacije zasnovane na izvrsnosti koji se pru\u017eaju uz radni program Horizon Europe. Sa ovom strate\u0161kom orijentacijom osiguravamo da ulaganja u istra\u017eivanje i inovacije mogu doprinijeti procesu oporavka zasnovan na dvostrukoj zelenoj i digitalnoj tranziciji, otpornosti i otvorenoj strate\u0161koj autonomiji.\u201d<\/p>\n<p>Mariya Gabriel, komesarka za inovacije, istra\u017eivanje, kulturu, obrazovanje i omladinu, rekla je: \u201cOrijentacije strate\u0161kog plana osigurac\u0301e da na\u0161i zajedni\u010dki prioriteti politike EU imaju koristi od novih znanja, ideja i inovacija. Ovaj novi pristup je jo\u0161 jedan na\u010din da se osigura da c\u0301e se istra\u017eivanje i inovacije koje finansira EU baviti izazovima sa kojima se suo\u010davaju Evropljani \u201c.<\/p>\n<p><strong>Ambiciozan plan za ambiciozan program<\/strong><\/p>\n<p>Strate\u0161ki plan postavlja \u010detiri strate\u0161ke orijentacije za ulaganja u istra\u017eivanje i inovacije u okviru Horizon Europe za naredne \u010detiri godine:<\/p>\n<ul>\n<li>Promovisanje otvorene strate\u0161ke autonomije vo\u0111enjem razvoja klju\u010dnih digitalnih tehnologija, tehnologija koje omoguc\u0301avaju i razvijaju se, sektora i lanaca vrijednosti;<\/li>\n<li>Obnavljanje evropskih ekosistema i biodiverziteta i upravljanje odr\u017eivim prirodnim resursima;<\/li>\n<li>Pretvaranje Evrope u prvu digitalno omoguc\u0301enu, kru\u017enu, klimatski neutralnu i odr\u017eivu ekonomiju;<\/li>\n<li>Stvaranje otpornijeg, inkluzivnijeg i demokratskijeg evropskog dru\u0161tva.<\/li>\n<\/ul>\n<p>Me\u0111unarodna saradnja podupire sve \u010detiri orijentacije, jer je od su\u0161tinskog zna\u010daja za suo\u010davanje sa mnogim globalnim izazovima.<\/p>\n<p>Strate\u0161ki plan tako\u0111e identifikuje evropska partnerstva koja sufinansiraju i programiraju i misije EU koje treba podr\u017eati kroz Horizon Europe. Partnerstva c\u0301e pokrivati kriti\u010dna podru\u010dja kao \u0161to su energija, transport, biodiverzitet, zdravlje, hrana i cirkularnost i dopunjavac\u0301e deset institucionalizovanih evropskih partnerstava koje je Komisija predlo\u017eila u februaru. Misije EU c\u0301e se baviti globalnim izazovima koji uti\u010du na na\u0161 svakodnevni \u017eivot postavljanjem ambicioznih i inspirativnih, ali dosti\u017enih ciljeva poput borbe protiv raka, prilago\u0111avanja klimatskim promjenama, za\u0161tite na\u0161ih okeana, \u010dinec\u0301i gradove zelenijim i osiguravajuc\u0301i zdravlje i ishranu zemlji\u0161ta. Koristec\u0301i \u0161irok portfelj instrumenata iz razli\u010ditih disciplina i politi\u010dkih oblasti, misije EU c\u0301e se baviti slo\u017eenim pitanjima kroz istra\u017eiva\u010dke projekte, mjere politike ili \u010dak zakonodavne inicijative.<\/p>\n<p>Orijentacije plana tako\u0111e se bave brojnim horizontalnim pitanjima, poput pola. Integrisanje rodne dimenzije podrazumijevano c\u0301e biti uslov za sadr\u017eaj istra\u017eivanja i inovacija tokom cijelog programa, osim ako nije odre\u0111eno da pol ili rod mo\u017eda nisu relevantni za doti\u010dnu temu.<\/p>\n<p>Sledec\u0301i koraci<\/p>\n<p>Prioriteti utvr\u0111eni strate\u0161kim planom Horizon Europe sprove\u0161c\u0301e se kroz program rada Horizon Europe. Utvr\u0111uje moguc\u0301nosti finansiranja istra\u017eiva\u010dkih i inovacionih aktivnosti putem tematskih poziva za podno\u0161enje predloga i tema. Prvi pozivi za podno\u0161enje ponuda bic\u0301e objavljeni na prolec\u0301e 2021. godine i bic\u0301e predstavljeni na Evropskim danima istra\u017eivanja i inovacija 23. i 24. juna.<\/p>\n<p><strong>Pozadina<\/strong><\/p>\n<p>Nakon politi\u010dkog sporazuma o Horizon Europe iz marta-aprila 2019, Komisija je zapo\u010dela proces strate\u0161kog planiranja. Rezultati su izlo\u017eeni u strate\u0161kom planu.<\/p>\n<p>Strate\u0161ki plan pripremljen je nakon opse\u017enog procesa ko-dizajna koji uklju\u010duje Evropski parlament, dr\u017eave \u010dlanice, zainteresovane strane i \u0161iru javnost. U raznim fazama procesa strate\u0161kog planiranja podnijeto je vi\u0161e od 8000 priloga. Inkluzivni proces ko-dizajna ima za cilj da obezbijedi naj\u0161ire moguc\u0301e vlasni\u0161tvo i optimizuje ukupni uticaj Horizon Europe.<\/p>\n","protected":false},"excerpt":{"rendered":"<p>Prvi strate\u0161ki plan Horizon Europe 2021-2024<\/p>\n","protected":false},"author":1,"featured_media":35500,"comment_status":"closed","ping_status":"closed","sticky":false,"template":"","format":"standard","meta":{"_acf_changed":false,"footnotes":""},"categories":[283],"tags":[],"class_list":["post-10777","post","type-post","status-publish","format-standard","has-post-thumbnail","hentry","category-novosti-me"],"acf":[],"yoast_head":"<!-- This site is optimized with the Yoast SEO plugin v27.3 - https:\/\/yoast.com\/product\/yoast-seo-wordpress\/ -->\n<title>Komisija postavlja prioritete za istra\u017eivanje i inovacije za odr\u017eivu buduc\u0301nost - Europe House<\/title>\n<meta name=\"robots\" content=\"index, follow, max-snippet:-1, max-image-preview:large, max-video-preview:-1\" \/>\n<link rel=\"canonical\" href=\"https:\/\/www.evropskakuca.me\/me\/komisija-postavlja-prioritete-za-istrazivanje-i-inovacije-za-odrzivu-buducnost\/\" \/>\n<meta property=\"og:locale\" content=\"en_US\" \/>\n<meta property=\"og:type\" content=\"article\" \/>\n<meta property=\"og:title\" content=\"Komisija postavlja prioritete za istra\u017eivanje i inovacije za odr\u017eivu buduc\u0301nost - Europe House\" \/>\n<meta property=\"og:description\" content=\"Prvi strate\u0161ki plan Horizon Europe 2021-2024\" \/>\n<meta property=\"og:url\" content=\"https:\/\/www.evropskakuca.me\/me\/komisija-postavlja-prioritete-za-istrazivanje-i-inovacije-za-odrzivu-buducnost\/\" \/>\n<meta property=\"og:site_name\" content=\"Europe House\" \/>\n<meta property=\"article:publisher\" content=\"https:\/\/www.facebook.com\/evropska.kuca\" \/>\n<meta property=\"article:published_time\" content=\"2021-03-15T13:41:26+00:00\" \/>\n<meta property=\"og:image\" content=\"https:\/\/www.evropskakuca.me\/wp-content\/uploads\/2020\/06\/evropska-komisija-2.jpg\" \/>\n\t<meta property=\"og:image:width\" content=\"640\" \/>\n\t<meta property=\"og:image:height\" content=\"426\" \/>\n\t<meta property=\"og:image:type\" content=\"image\/jpeg\" \/>\n<meta name=\"author\" content=\"mkajic\" \/>\n<meta name=\"twitter:card\" content=\"summary_large_image\" \/>\n<meta name=\"twitter:creator\" content=\"@evropska_kuca\" \/>\n<meta name=\"twitter:site\" content=\"@evropska_kuca\" \/>\n<meta name=\"twitter:label1\" content=\"Written by\" \/>\n\t<meta name=\"twitter:data1\" content=\"mkajic\" \/>\n\t<meta name=\"twitter:label2\" content=\"Est. reading time\" \/>\n\t<meta name=\"twitter:data2\" content=\"3 minutes\" \/>\n<script type=\"application\/ld+json\" class=\"yoast-schema-graph\">{\"@context\":\"https:\\\/\\\/schema.org\",\"@graph\":[{\"@type\":\"Article\",\"@id\":\"https:\\\/\\\/www.evropskakuca.me\\\/me\\\/komisija-postavlja-prioritete-za-istrazivanje-i-inovacije-za-odrzivu-buducnost\\\/#article\",\"isPartOf\":{\"@id\":\"https:\\\/\\\/www.evropskakuca.me\\\/me\\\/komisija-postavlja-prioritete-za-istrazivanje-i-inovacije-za-odrzivu-buducnost\\\/\"},\"author\":{\"name\":\"mkajic\",\"@id\":\"https:\\\/\\\/www.evropskakuca.me\\\/me\\\/#\\\/schema\\\/person\\\/a1d0dcdaefe4a1cd1d60d200ea137ba4\"},\"headline\":\"Komisija postavlja prioritete za istra\u017eivanje i inovacije za odr\u017eivu buduc\u0301nost\",\"datePublished\":\"2021-03-15T13:41:26+00:00\",\"mainEntityOfPage\":{\"@id\":\"https:\\\/\\\/www.evropskakuca.me\\\/me\\\/komisija-postavlja-prioritete-za-istrazivanje-i-inovacije-za-odrzivu-buducnost\\\/\"},\"wordCount\":657,\"publisher\":{\"@id\":\"https:\\\/\\\/www.evropskakuca.me\\\/me\\\/#organization\"},\"image\":{\"@id\":\"https:\\\/\\\/www.evropskakuca.me\\\/me\\\/komisija-postavlja-prioritete-za-istrazivanje-i-inovacije-za-odrzivu-buducnost\\\/#primaryimage\"},\"thumbnailUrl\":\"https:\\\/\\\/www.evropskakuca.me\\\/wp-content\\\/uploads\\\/2020\\\/06\\\/evropska-komisija-2.jpg\",\"articleSection\":[\"Novosti\"],\"inLanguage\":\"me-ME\"},{\"@type\":\"WebPage\",\"@id\":\"https:\\\/\\\/www.evropskakuca.me\\\/me\\\/komisija-postavlja-prioritete-za-istrazivanje-i-inovacije-za-odrzivu-buducnost\\\/\",\"url\":\"https:\\\/\\\/www.evropskakuca.me\\\/me\\\/komisija-postavlja-prioritete-za-istrazivanje-i-inovacije-za-odrzivu-buducnost\\\/\",\"name\":\"Komisija postavlja prioritete za istra\u017eivanje i inovacije za odr\u017eivu buduc\u0301nost - Europe House\",\"isPartOf\":{\"@id\":\"https:\\\/\\\/www.evropskakuca.me\\\/me\\\/#website\"},\"primaryImageOfPage\":{\"@id\":\"https:\\\/\\\/www.evropskakuca.me\\\/me\\\/komisija-postavlja-prioritete-za-istrazivanje-i-inovacije-za-odrzivu-buducnost\\\/#primaryimage\"},\"image\":{\"@id\":\"https:\\\/\\\/www.evropskakuca.me\\\/me\\\/komisija-postavlja-prioritete-za-istrazivanje-i-inovacije-za-odrzivu-buducnost\\\/#primaryimage\"},\"thumbnailUrl\":\"https:\\\/\\\/www.evropskakuca.me\\\/wp-content\\\/uploads\\\/2020\\\/06\\\/evropska-komisija-2.jpg\",\"datePublished\":\"2021-03-15T13:41:26+00:00\",\"breadcrumb\":{\"@id\":\"https:\\\/\\\/www.evropskakuca.me\\\/me\\\/komisija-postavlja-prioritete-za-istrazivanje-i-inovacije-za-odrzivu-buducnost\\\/#breadcrumb\"},\"inLanguage\":\"me-ME\",\"potentialAction\":[{\"@type\":\"ReadAction\",\"target\":[\"https:\\\/\\\/www.evropskakuca.me\\\/me\\\/komisija-postavlja-prioritete-za-istrazivanje-i-inovacije-za-odrzivu-buducnost\\\/\"]}]},{\"@type\":\"ImageObject\",\"inLanguage\":\"me-ME\",\"@id\":\"https:\\\/\\\/www.evropskakuca.me\\\/me\\\/komisija-postavlja-prioritete-za-istrazivanje-i-inovacije-za-odrzivu-buducnost\\\/#primaryimage\",\"url\":\"https:\\\/\\\/www.evropskakuca.me\\\/wp-content\\\/uploads\\\/2020\\\/06\\\/evropska-komisija-2.jpg\",\"contentUrl\":\"https:\\\/\\\/www.evropskakuca.me\\\/wp-content\\\/uploads\\\/2020\\\/06\\\/evropska-komisija-2.jpg\",\"width\":640,\"height\":426},{\"@type\":\"BreadcrumbList\",\"@id\":\"https:\\\/\\\/www.evropskakuca.me\\\/me\\\/komisija-postavlja-prioritete-za-istrazivanje-i-inovacije-za-odrzivu-buducnost\\\/#breadcrumb\",\"itemListElement\":[{\"@type\":\"ListItem\",\"position\":1,\"name\":\"Home\",\"item\":\"https:\\\/\\\/www.evropskakuca.me\\\/me\\\/\"},{\"@type\":\"ListItem\",\"position\":2,\"name\":\"Komisija postavlja prioritete za istra\u017eivanje i inovacije za odr\u017eivu buduc\u0301nost\"}]},{\"@type\":\"WebSite\",\"@id\":\"https:\\\/\\\/www.evropskakuca.me\\\/me\\\/#website\",\"url\":\"https:\\\/\\\/www.evropskakuca.me\\\/me\\\/\",\"name\":\"Evropean house\",\"description\":\"\",\"publisher\":{\"@id\":\"https:\\\/\\\/www.evropskakuca.me\\\/me\\\/#organization\"},\"potentialAction\":[{\"@type\":\"SearchAction\",\"target\":{\"@type\":\"EntryPoint\",\"urlTemplate\":\"https:\\\/\\\/www.evropskakuca.me\\\/me\\\/?s={search_term_string}\"},\"query-input\":{\"@type\":\"PropertyValueSpecification\",\"valueRequired\":true,\"valueName\":\"search_term_string\"}}],\"inLanguage\":\"me-ME\"},{\"@type\":\"Organization\",\"@id\":\"https:\\\/\\\/www.evropskakuca.me\\\/me\\\/#organization\",\"name\":\"Evropean house\",\"url\":\"https:\\\/\\\/www.evropskakuca.me\\\/me\\\/\",\"logo\":{\"@type\":\"ImageObject\",\"inLanguage\":\"me-ME\",\"@id\":\"https:\\\/\\\/www.evropskakuca.me\\\/me\\\/#\\\/schema\\\/logo\\\/image\\\/\",\"url\":\"https:\\\/\\\/www.evropskakuca.me\\\/wp-content\\\/uploads\\\/2025\\\/01\\\/evropska-kuca-logo-1.png\",\"contentUrl\":\"https:\\\/\\\/www.evropskakuca.me\\\/wp-content\\\/uploads\\\/2025\\\/01\\\/evropska-kuca-logo-1.png\",\"width\":425,\"height\":312,\"caption\":\"Evropean house\"},\"image\":{\"@id\":\"https:\\\/\\\/www.evropskakuca.me\\\/me\\\/#\\\/schema\\\/logo\\\/image\\\/\"},\"sameAs\":[\"https:\\\/\\\/www.facebook.com\\\/evropska.kuca\",\"https:\\\/\\\/x.com\\\/evropska_kuca\",\"https:\\\/\\\/www.instagram.com\\\/evropska_kuca\"]},{\"@type\":\"Person\",\"@id\":\"https:\\\/\\\/www.evropskakuca.me\\\/me\\\/#\\\/schema\\\/person\\\/a1d0dcdaefe4a1cd1d60d200ea137ba4\",\"name\":\"mkajic\",\"image\":{\"@type\":\"ImageObject\",\"inLanguage\":\"me-ME\",\"@id\":\"https:\\\/\\\/secure.gravatar.com\\\/avatar\\\/731fa035cefab7316e6bafd1f25a93fb731a07de14e2d9923f8db4422628eabc?s=96&d=mm&r=g\",\"url\":\"https:\\\/\\\/secure.gravatar.com\\\/avatar\\\/731fa035cefab7316e6bafd1f25a93fb731a07de14e2d9923f8db4422628eabc?s=96&d=mm&r=g\",\"contentUrl\":\"https:\\\/\\\/secure.gravatar.com\\\/avatar\\\/731fa035cefab7316e6bafd1f25a93fb731a07de14e2d9923f8db4422628eabc?s=96&d=mm&r=g\",\"caption\":\"mkajic\"},\"sameAs\":[\"https:\\\/\\\/evropskakuca.me\"],\"url\":\"https:\\\/\\\/www.evropskakuca.me\\\/me\\\/author\\\/mkajic\\\/\"}]}<\/script>\n<!-- \/ Yoast SEO plugin. -->","yoast_head_json":{"title":"Komisija postavlja prioritete za istra\u017eivanje i inovacije za odr\u017eivu buduc\u0301nost - Europe House","robots":{"index":"index","follow":"follow","max-snippet":"max-snippet:-1","max-image-preview":"max-image-preview:large","max-video-preview":"max-video-preview:-1"},"canonical":"https:\/\/www.evropskakuca.me\/me\/komisija-postavlja-prioritete-za-istrazivanje-i-inovacije-za-odrzivu-buducnost\/","og_locale":"en_US","og_type":"article","og_title":"Komisija postavlja prioritete za istra\u017eivanje i inovacije za odr\u017eivu buduc\u0301nost - Europe House","og_description":"Prvi strate\u0161ki plan Horizon Europe 2021-2024","og_url":"https:\/\/www.evropskakuca.me\/me\/komisija-postavlja-prioritete-za-istrazivanje-i-inovacije-za-odrzivu-buducnost\/","og_site_name":"Europe House","article_publisher":"https:\/\/www.facebook.com\/evropska.kuca","article_published_time":"2021-03-15T13:41:26+00:00","og_image":[{"width":640,"height":426,"url":"https:\/\/www.evropskakuca.me\/wp-content\/uploads\/2020\/06\/evropska-komisija-2.jpg","type":"image\/jpeg"}],"author":"mkajic","twitter_card":"summary_large_image","twitter_creator":"@evropska_kuca","twitter_site":"@evropska_kuca","twitter_misc":{"Written by":"mkajic","Est. reading time":"3 minutes"},"schema":{"@context":"https:\/\/schema.org","@graph":[{"@type":"Article","@id":"https:\/\/www.evropskakuca.me\/me\/komisija-postavlja-prioritete-za-istrazivanje-i-inovacije-za-odrzivu-buducnost\/#article","isPartOf":{"@id":"https:\/\/www.evropskakuca.me\/me\/komisija-postavlja-prioritete-za-istrazivanje-i-inovacije-za-odrzivu-buducnost\/"},"author":{"name":"mkajic","@id":"https:\/\/www.evropskakuca.me\/me\/#\/schema\/person\/a1d0dcdaefe4a1cd1d60d200ea137ba4"},"headline":"Komisija postavlja prioritete za istra\u017eivanje i inovacije za odr\u017eivu buduc\u0301nost","datePublished":"2021-03-15T13:41:26+00:00","mainEntityOfPage":{"@id":"https:\/\/www.evropskakuca.me\/me\/komisija-postavlja-prioritete-za-istrazivanje-i-inovacije-za-odrzivu-buducnost\/"},"wordCount":657,"publisher":{"@id":"https:\/\/www.evropskakuca.me\/me\/#organization"},"image":{"@id":"https:\/\/www.evropskakuca.me\/me\/komisija-postavlja-prioritete-za-istrazivanje-i-inovacije-za-odrzivu-buducnost\/#primaryimage"},"thumbnailUrl":"https:\/\/www.evropskakuca.me\/wp-content\/uploads\/2020\/06\/evropska-komisija-2.jpg","articleSection":["Novosti"],"inLanguage":"me-ME"},{"@type":"WebPage","@id":"https:\/\/www.evropskakuca.me\/me\/komisija-postavlja-prioritete-za-istrazivanje-i-inovacije-za-odrzivu-buducnost\/","url":"https:\/\/www.evropskakuca.me\/me\/komisija-postavlja-prioritete-za-istrazivanje-i-inovacije-za-odrzivu-buducnost\/","name":"Komisija postavlja prioritete za istra\u017eivanje i inovacije za odr\u017eivu buduc\u0301nost - Europe House","isPartOf":{"@id":"https:\/\/www.evropskakuca.me\/me\/#website"},"primaryImageOfPage":{"@id":"https:\/\/www.evropskakuca.me\/me\/komisija-postavlja-prioritete-za-istrazivanje-i-inovacije-za-odrzivu-buducnost\/#primaryimage"},"image":{"@id":"https:\/\/www.evropskakuca.me\/me\/komisija-postavlja-prioritete-za-istrazivanje-i-inovacije-za-odrzivu-buducnost\/#primaryimage"},"thumbnailUrl":"https:\/\/www.evropskakuca.me\/wp-content\/uploads\/2020\/06\/evropska-komisija-2.jpg","datePublished":"2021-03-15T13:41:26+00:00","breadcrumb":{"@id":"https:\/\/www.evropskakuca.me\/me\/komisija-postavlja-prioritete-za-istrazivanje-i-inovacije-za-odrzivu-buducnost\/#breadcrumb"},"inLanguage":"me-ME","potentialAction":[{"@type":"ReadAction","target":["https:\/\/www.evropskakuca.me\/me\/komisija-postavlja-prioritete-za-istrazivanje-i-inovacije-za-odrzivu-buducnost\/"]}]},{"@type":"ImageObject","inLanguage":"me-ME","@id":"https:\/\/www.evropskakuca.me\/me\/komisija-postavlja-prioritete-za-istrazivanje-i-inovacije-za-odrzivu-buducnost\/#primaryimage","url":"https:\/\/www.evropskakuca.me\/wp-content\/uploads\/2020\/06\/evropska-komisija-2.jpg","contentUrl":"https:\/\/www.evropskakuca.me\/wp-content\/uploads\/2020\/06\/evropska-komisija-2.jpg","width":640,"height":426},{"@type":"BreadcrumbList","@id":"https:\/\/www.evropskakuca.me\/me\/komisija-postavlja-prioritete-za-istrazivanje-i-inovacije-za-odrzivu-buducnost\/#breadcrumb","itemListElement":[{"@type":"ListItem","position":1,"name":"Home","item":"https:\/\/www.evropskakuca.me\/me\/"},{"@type":"ListItem","position":2,"name":"Komisija postavlja prioritete za istra\u017eivanje i inovacije za odr\u017eivu buduc\u0301nost"}]},{"@type":"WebSite","@id":"https:\/\/www.evropskakuca.me\/me\/#website","url":"https:\/\/www.evropskakuca.me\/me\/","name":"Evropean house","description":"","publisher":{"@id":"https:\/\/www.evropskakuca.me\/me\/#organization"},"potentialAction":[{"@type":"SearchAction","target":{"@type":"EntryPoint","urlTemplate":"https:\/\/www.evropskakuca.me\/me\/?s={search_term_string}"},"query-input":{"@type":"PropertyValueSpecification","valueRequired":true,"valueName":"search_term_string"}}],"inLanguage":"me-ME"},{"@type":"Organization","@id":"https:\/\/www.evropskakuca.me\/me\/#organization","name":"Evropean house","url":"https:\/\/www.evropskakuca.me\/me\/","logo":{"@type":"ImageObject","inLanguage":"me-ME","@id":"https:\/\/www.evropskakuca.me\/me\/#\/schema\/logo\/image\/","url":"https:\/\/www.evropskakuca.me\/wp-content\/uploads\/2025\/01\/evropska-kuca-logo-1.png","contentUrl":"https:\/\/www.evropskakuca.me\/wp-content\/uploads\/2025\/01\/evropska-kuca-logo-1.png","width":425,"height":312,"caption":"Evropean house"},"image":{"@id":"https:\/\/www.evropskakuca.me\/me\/#\/schema\/logo\/image\/"},"sameAs":["https:\/\/www.facebook.com\/evropska.kuca","https:\/\/x.com\/evropska_kuca","https:\/\/www.instagram.com\/evropska_kuca"]},{"@type":"Person","@id":"https:\/\/www.evropskakuca.me\/me\/#\/schema\/person\/a1d0dcdaefe4a1cd1d60d200ea137ba4","name":"mkajic","image":{"@type":"ImageObject","inLanguage":"me-ME","@id":"https:\/\/secure.gravatar.com\/avatar\/731fa035cefab7316e6bafd1f25a93fb731a07de14e2d9923f8db4422628eabc?s=96&d=mm&r=g","url":"https:\/\/secure.gravatar.com\/avatar\/731fa035cefab7316e6bafd1f25a93fb731a07de14e2d9923f8db4422628eabc?s=96&d=mm&r=g","contentUrl":"https:\/\/secure.gravatar.com\/avatar\/731fa035cefab7316e6bafd1f25a93fb731a07de14e2d9923f8db4422628eabc?s=96&d=mm&r=g","caption":"mkajic"},"sameAs":["https:\/\/evropskakuca.me"],"url":"https:\/\/www.evropskakuca.me\/me\/author\/mkajic\/"}]}},"_links":{"self":[{"href":"https:\/\/www.evropskakuca.me\/me\/wp-json\/wp\/v2\/posts\/10777","targetHints":{"allow":["GET"]}}],"collection":[{"href":"https:\/\/www.evropskakuca.me\/me\/wp-json\/wp\/v2\/posts"}],"about":[{"href":"https:\/\/www.evropskakuca.me\/me\/wp-json\/wp\/v2\/types\/post"}],"author":[{"embeddable":true,"href":"https:\/\/www.evropskakuca.me\/me\/wp-json\/wp\/v2\/users\/1"}],"replies":[{"embeddable":true,"href":"https:\/\/www.evropskakuca.me\/me\/wp-json\/wp\/v2\/comments?post=10777"}],"version-history":[{"count":0,"href":"https:\/\/www.evropskakuca.me\/me\/wp-json\/wp\/v2\/posts\/10777\/revisions"}],"wp:featuredmedia":[{"embeddable":true,"href":"https:\/\/www.evropskakuca.me\/me\/wp-json\/wp\/v2\/media\/35500"}],"wp:attachment":[{"href":"https:\/\/www.evropskakuca.me\/me\/wp-json\/wp\/v2\/media?parent=10777"}],"wp:term":[{"taxonomy":"category","embeddable":true,"href":"https:\/\/www.evropskakuca.me\/me\/wp-json\/wp\/v2\/categories?post=10777"},{"taxonomy":"post_tag","embeddable":true,"href":"https:\/\/www.evropskakuca.me\/me\/wp-json\/wp\/v2\/tags?post=10777"}],"curies":[{"name":"wp","href":"https:\/\/api.w.org\/{rel}","templated":true}]}}