{"id":10720,"date":"2021-02-24T20:57:19","date_gmt":"2021-02-24T20:57:19","guid":{"rendered":"http:\/\/www.evropskakuca.me\/?p=10720"},"modified":"2021-02-24T20:57:19","modified_gmt":"2021-02-24T20:57:19","slug":"ambasadorka-popa-odrzala-prvo-predavanje-studentima-ekonomskog-fakulteta","status":"publish","type":"post","link":"https:\/\/www.evropskakuca.me\/me\/ambasadorka-popa-odrzala-prvo-predavanje-studentima-ekonomskog-fakulteta\/","title":{"rendered":"Ambasadorka Popa odr\u017eala prvo predavanje studentima Ekonomskog fakulteta"},"content":{"rendered":"<p>Ekonomski fakultet u Podgorici dobio je projekat \u201e\u017dan Mone Centar izvrsnosti: Izazovi politike pro\u0161irenja &#8211; evropska versus kineska diplomatija na Zapadnom Balkanu 2020-2023\u201c, u okviru Erasmus+ programa. Rije\u010d je o presti\u017enom EU projektu, koji \u0107e Univerzitet Crne Gore i sam fakultet pozicionirati na evropskom i svjetskom nivou, kao institucije sposobne za izvrsnost u nastavi i istra\u017eivanju u oblasti me\u0111unarodnih odnosa, evropskih tema i integracija. Uloga samog Centra izvrsnosti bi\u0107e podsticanje debate o pro\u0161irenju i efektima geopolitike u Crnoj Gori, kroz aktivno anga\u017eovanje lokalnih, evropskih i kineskih stru\u010dnjaka.<\/p>\n<p>Prilikom predstavljana projekta studentima, koje je organizovano na Ekonomskom fakultetu povodom po\u010detka drugog semestra, dekan Nikola Milovi\u0107 istakao je da \u0107e projekat uticati i na osavremenjavanje nastavnog programa na predmetima sa evropskom tematikom, kao i na izmjene metoda rada, \u0161to \u0107e voditi ka reformi i modernizaciji nastavnog procesa.<\/p>\n<p><img fetchpriority=\"high\" decoding=\"async\" class=\"alignnone size-large wp-image-10723\" src=\"http:\/\/www.evropskakuca.me\/wp-content\/uploads\/2021\/02\/predavanje-15-1024x683.jpg\" alt=\"\" width=\"1024\" height=\"683\" \/><\/p>\n<p>\u201eUvjeren sam da \u0107e jo\u0161 jedan \u017dan Mone projekat na Ekonomskom fakultetu, ali i prvi Centar izvrsnosti, doprinijeti prvenstveno kvalitetu nastavnog procesa, a zatim posljedi\u010dno i razvoju Crne Gore kao dru\u0161tva zasnovanog na znanju, uz podr\u0161ku jednom od glavnih spoljnopoliti\u010dkih ciljeva na\u0161e dr\u017eave, a to je punopravno \u010dlanstvo u Evropskoj uniji\u201c, poru\u010dio je Milovi\u0107.<\/p>\n<p>Projekat vodi profesorica Danijela Ja\u0107imovi\u0107, koja je istakla da se projekat odnosi na izvrsnost u nastavi i istra\u017eivanju, u kojima je, kako ka\u017ee, Ekonomski fakultet uvijek bio inovator.<\/p>\n<p><img decoding=\"async\" class=\"alignnone size-large wp-image-10725\" src=\"http:\/\/www.evropskakuca.me\/wp-content\/uploads\/2021\/02\/predavanje-6-1024x683.jpg\" alt=\"\" width=\"1024\" height=\"683\" \/><\/p>\n<p>\u201eIma\u0107emo priliku da ugostimo 10-ak profesora iz EU i Kine, koji \u0107e biti aktivno uklju\u010deni u proces izvo\u0111enja nastave za studente osnovnih, magistarskih i doktorskih studija. To je veoma va\u017eno, jer su na\u0161i studenti budu\u0107i profesionalci, koji \u0107e raditi u javnom i privatnom sektoru i doprinositi kvalitetom svog znanja evropskim procesima koji stoje pred Crnom Gorom\u201c,\u00a0 rekla je Ja\u0107imovi\u0107.<\/p>\n<p>Predstavljanju projekta prisustvovala je i ambasadorka Evropske unije u Crnoj Gori Oana Kristina Popa, koja je tom prilikom odr\u017eala i kratko predavanje o odnosu evropske i kineske diplomatije u Crnoj Gori. U svom uvodnom obra\u0107anju, Popa je \u010destitala fakultetu i skrenula pa\u017enju na to kolika je \u010dast dobiti ovakav projekat, posebno ako se zna da se prvi put dodjeljuje u Crnoj Gori.<\/p>\n<p>\u201eIstra\u017eivanja sprovedena kroz ovaj projekat bi\u0107e veoma va\u017ena, kako za evropske institucije, tako i za crnogorske kreatore politike na razli\u010ditim nivoima. Zato pozivam sve u\u010desnike projekata da uklju\u010de donosioce odluka u su\u0161tinski dijalog\u201c, navela je Popa.<\/p>\n<p><img decoding=\"async\" class=\"alignnone size-large wp-image-10727\" src=\"http:\/\/www.evropskakuca.me\/wp-content\/uploads\/2021\/02\/predavanje-3-1024x683.jpg\" alt=\"\" width=\"1024\" height=\"683\" \/><\/p>\n<p>Tokom svog predavanja, ambasadorka se osvrnula na ocjenu da su EU i Kina suprotstavljene na Zapadnom Balkanu, kao dvije sile koje se bore za uticaj. Ona smatra da je ovo vi\u0111enje odnosa &#8211; \u00a0suvi\u0161e pojednostavljeno.<\/p>\n<p>\u201cEU ne nudi samo ekonomsku korist, ve\u0107 i perspektivu \u010dlanstva i solidarnost koja je prati. Ovu solidarnost sa Crnom Gorom pokazujemo u kontinuitetu. Tokom protekle godine, obilje\u017eene pandemijom COVID-19, EU je donirala 53 miliona eura vrijednu pomo\u0107, kako za neposredne potrebe \u2013 poput\u00a0 maski, respiratora i druge opreme, tako i za dugoro\u010dnija ulaganja poput izgradnje bolnica, podr\u0161ku privredi i nezaposlenima\u201c, podsjetila je ambasadorka EU u Crnoj Gori.<\/p>\n<p>Ona je naglasila da budu\u0107nost Crne Gore i cijelog Zapadnog Balkana le\u017ei u EU, \u0161to je potvrdilo nedavno istra\u017eivanje javnog mnjenja koje je pokazalo da 75% gra\u0111ana Crne Gore podr\u017eava pristupanje dr\u017eave EU.<\/p>\n<p><img loading=\"lazy\" decoding=\"async\" class=\"alignnone size-large wp-image-10729\" src=\"http:\/\/www.evropskakuca.me\/wp-content\/uploads\/2021\/02\/predavanje-7-1024x683.jpg\" alt=\"\" width=\"1024\" height=\"683\" \/><\/p>\n<p>\u201eCrna Gora bira EU, a EU tako\u0111e bira Crnu Goru. Kako je predsjednica Evropske komisije Ursula Von der Lajen izjavila u svom govoru o stanju Unije: Zapadni Balkan je dio Evrope \u2013 a ne samo usputna stanica na Putu svile. To ne zna\u010di da Zapadni Balkan treba da odbije mogu\u0107nosti koje donosi kineska ekonomska aktivnost u regiji. Na kraju krajeva, region ima zna\u010dajne investicione potrebe. Ali investicioni projekti treba da budu u skladu s namjerom regiona da se pridru\u017ei EU. Investicije treba da po\u0161tuju evropske politike i pravila u odnosu na, na primjer, javne nabavke, konkurenciju, \u017eivotnu sredinu, energiju ili saobra\u0107aj\u201c, poru\u010dila je Popa.<\/p>\n<p>Popa je tokom predavanja navela i da sama EU ima sna\u017ene odnose s Kinom. \u201eTaj odnos je istovremeno jedan od strate\u0161ki najva\u017enijih i jedan od najizazovnijih koje imamo\u201c, navela je ona.<\/p>\n<p><img loading=\"lazy\" decoding=\"async\" class=\"alignnone size-large wp-image-10731\" src=\"http:\/\/www.evropskakuca.me\/wp-content\/uploads\/2021\/02\/predavanje-8-1024x683.jpg\" alt=\"\" width=\"1024\" height=\"683\" \/><\/p>\n<p>\u201eKina je, u isto vrijeme i u razli\u010ditim oblastima, partner za saradnju s kojim EU ima blisko uskla\u0111ene ciljeve; pregovara\u010dki partner s kojim EU treba da prona\u0111e ravnote\u017eu me\u0111usobnih interesa; ekonomski konkurent u potrazi za tehnolo\u0161kim napretkom; ali i sistemski suparnik koji promovi\u0161e alternativne modele upravljanja. Da bismo upravljali odnosom s Kinom u godinama koje dolaze, moramo o\u010duvati sna\u017eno jedinstvo izme\u0111u dr\u017eava \u010dlanica EU i budu\u0107ih dr\u017eava \u010dlanica, kao \u0161to je Crna Gora, u odnosu na sva ova pitanja\u201c, zaklju\u010dila je Popa.<\/p>\n<p>Ba\u0161 kao i predavanje ambasadorke Pope, sva nastava organizovana u okviru ovog projekta bi\u0107e na engleskom jeziku. Time \u0107e se stvoriti uslovi da se pet predmeta na Ekonomskom fakultetu UCG i tri predmeta na Humanisti\u010dkim studijama UDG akredituju na engleskom jeziku iz oblasti me\u0111unarodnih odnosa i evropskih integracija.<\/p>\n","protected":false},"excerpt":{"rendered":"<p>Prilikom predstavljanja presti\u017enog EU projekta \u201e\u017dan Mone Centar izvrsnosti\u201c<\/p>\n","protected":false},"author":1,"featured_media":35800,"comment_status":"closed","ping_status":"closed","sticky":false,"template":"","format":"standard","meta":{"_acf_changed":false,"footnotes":""},"categories":[283],"tags":[],"class_list":["post-10720","post","type-post","status-publish","format-standard","has-post-thumbnail","hentry","category-novosti-me"],"acf":[],"yoast_head":"<!-- This site is optimized with the Yoast SEO plugin v27.3 - https:\/\/yoast.com\/product\/yoast-seo-wordpress\/ -->\n<title>Ambasadorka Popa odr\u017eala prvo predavanje studentima Ekonomskog fakulteta - Europe House<\/title>\n<meta name=\"robots\" content=\"index, follow, max-snippet:-1, max-image-preview:large, max-video-preview:-1\" \/>\n<link rel=\"canonical\" href=\"https:\/\/www.evropskakuca.me\/me\/ambasadorka-popa-odrzala-prvo-predavanje-studentima-ekonomskog-fakulteta\/\" \/>\n<meta property=\"og:locale\" content=\"en_US\" \/>\n<meta property=\"og:type\" content=\"article\" \/>\n<meta property=\"og:title\" content=\"Ambasadorka Popa odr\u017eala prvo predavanje studentima Ekonomskog fakulteta - Europe House\" \/>\n<meta property=\"og:description\" content=\"Prilikom predstavljanja presti\u017enog EU projekta \u201e\u017dan Mone Centar izvrsnosti\u201c\" \/>\n<meta property=\"og:url\" content=\"https:\/\/www.evropskakuca.me\/me\/ambasadorka-popa-odrzala-prvo-predavanje-studentima-ekonomskog-fakulteta\/\" \/>\n<meta property=\"og:site_name\" content=\"Europe House\" \/>\n<meta property=\"article:publisher\" content=\"https:\/\/www.facebook.com\/evropska.kuca\" \/>\n<meta property=\"article:published_time\" content=\"2021-02-24T20:57:19+00:00\" \/>\n<meta property=\"og:image\" content=\"https:\/\/www.evropskakuca.me\/wp-content\/uploads\/2021\/02\/predavanje-12.jpg\" \/>\n\t<meta property=\"og:image:width\" content=\"2500\" \/>\n\t<meta property=\"og:image:height\" content=\"1667\" \/>\n\t<meta property=\"og:image:type\" content=\"image\/jpeg\" \/>\n<meta name=\"author\" content=\"mkajic\" \/>\n<meta name=\"twitter:card\" content=\"summary_large_image\" \/>\n<meta name=\"twitter:creator\" content=\"@evropska_kuca\" \/>\n<meta name=\"twitter:site\" content=\"@evropska_kuca\" \/>\n<meta name=\"twitter:label1\" content=\"Written by\" \/>\n\t<meta name=\"twitter:data1\" content=\"mkajic\" \/>\n\t<meta name=\"twitter:label2\" content=\"Est. reading time\" \/>\n\t<meta name=\"twitter:data2\" content=\"4 minutes\" \/>\n<script type=\"application\/ld+json\" class=\"yoast-schema-graph\">{\"@context\":\"https:\\\/\\\/schema.org\",\"@graph\":[{\"@type\":\"Article\",\"@id\":\"https:\\\/\\\/www.evropskakuca.me\\\/me\\\/ambasadorka-popa-odrzala-prvo-predavanje-studentima-ekonomskog-fakulteta\\\/#article\",\"isPartOf\":{\"@id\":\"https:\\\/\\\/www.evropskakuca.me\\\/me\\\/ambasadorka-popa-odrzala-prvo-predavanje-studentima-ekonomskog-fakulteta\\\/\"},\"author\":{\"name\":\"mkajic\",\"@id\":\"https:\\\/\\\/www.evropskakuca.me\\\/me\\\/#\\\/schema\\\/person\\\/a1d0dcdaefe4a1cd1d60d200ea137ba4\"},\"headline\":\"Ambasadorka Popa odr\u017eala prvo predavanje studentima Ekonomskog fakulteta\",\"datePublished\":\"2021-02-24T20:57:19+00:00\",\"mainEntityOfPage\":{\"@id\":\"https:\\\/\\\/www.evropskakuca.me\\\/me\\\/ambasadorka-popa-odrzala-prvo-predavanje-studentima-ekonomskog-fakulteta\\\/\"},\"wordCount\":855,\"publisher\":{\"@id\":\"https:\\\/\\\/www.evropskakuca.me\\\/me\\\/#organization\"},\"image\":{\"@id\":\"https:\\\/\\\/www.evropskakuca.me\\\/me\\\/ambasadorka-popa-odrzala-prvo-predavanje-studentima-ekonomskog-fakulteta\\\/#primaryimage\"},\"thumbnailUrl\":\"https:\\\/\\\/www.evropskakuca.me\\\/wp-content\\\/uploads\\\/2021\\\/02\\\/predavanje-12.jpg\",\"articleSection\":[\"Novosti\"],\"inLanguage\":\"me-ME\"},{\"@type\":\"WebPage\",\"@id\":\"https:\\\/\\\/www.evropskakuca.me\\\/me\\\/ambasadorka-popa-odrzala-prvo-predavanje-studentima-ekonomskog-fakulteta\\\/\",\"url\":\"https:\\\/\\\/www.evropskakuca.me\\\/me\\\/ambasadorka-popa-odrzala-prvo-predavanje-studentima-ekonomskog-fakulteta\\\/\",\"name\":\"Ambasadorka Popa odr\u017eala prvo predavanje studentima Ekonomskog fakulteta - Europe House\",\"isPartOf\":{\"@id\":\"https:\\\/\\\/www.evropskakuca.me\\\/me\\\/#website\"},\"primaryImageOfPage\":{\"@id\":\"https:\\\/\\\/www.evropskakuca.me\\\/me\\\/ambasadorka-popa-odrzala-prvo-predavanje-studentima-ekonomskog-fakulteta\\\/#primaryimage\"},\"image\":{\"@id\":\"https:\\\/\\\/www.evropskakuca.me\\\/me\\\/ambasadorka-popa-odrzala-prvo-predavanje-studentima-ekonomskog-fakulteta\\\/#primaryimage\"},\"thumbnailUrl\":\"https:\\\/\\\/www.evropskakuca.me\\\/wp-content\\\/uploads\\\/2021\\\/02\\\/predavanje-12.jpg\",\"datePublished\":\"2021-02-24T20:57:19+00:00\",\"breadcrumb\":{\"@id\":\"https:\\\/\\\/www.evropskakuca.me\\\/me\\\/ambasadorka-popa-odrzala-prvo-predavanje-studentima-ekonomskog-fakulteta\\\/#breadcrumb\"},\"inLanguage\":\"me-ME\",\"potentialAction\":[{\"@type\":\"ReadAction\",\"target\":[\"https:\\\/\\\/www.evropskakuca.me\\\/me\\\/ambasadorka-popa-odrzala-prvo-predavanje-studentima-ekonomskog-fakulteta\\\/\"]}]},{\"@type\":\"ImageObject\",\"inLanguage\":\"me-ME\",\"@id\":\"https:\\\/\\\/www.evropskakuca.me\\\/me\\\/ambasadorka-popa-odrzala-prvo-predavanje-studentima-ekonomskog-fakulteta\\\/#primaryimage\",\"url\":\"https:\\\/\\\/www.evropskakuca.me\\\/wp-content\\\/uploads\\\/2021\\\/02\\\/predavanje-12.jpg\",\"contentUrl\":\"https:\\\/\\\/www.evropskakuca.me\\\/wp-content\\\/uploads\\\/2021\\\/02\\\/predavanje-12.jpg\",\"width\":2500,\"height\":1667},{\"@type\":\"BreadcrumbList\",\"@id\":\"https:\\\/\\\/www.evropskakuca.me\\\/me\\\/ambasadorka-popa-odrzala-prvo-predavanje-studentima-ekonomskog-fakulteta\\\/#breadcrumb\",\"itemListElement\":[{\"@type\":\"ListItem\",\"position\":1,\"name\":\"Home\",\"item\":\"https:\\\/\\\/www.evropskakuca.me\\\/me\\\/\"},{\"@type\":\"ListItem\",\"position\":2,\"name\":\"Ambasadorka Popa odr\u017eala prvo predavanje studentima Ekonomskog fakulteta\"}]},{\"@type\":\"WebSite\",\"@id\":\"https:\\\/\\\/www.evropskakuca.me\\\/me\\\/#website\",\"url\":\"https:\\\/\\\/www.evropskakuca.me\\\/me\\\/\",\"name\":\"Evropean house\",\"description\":\"\",\"publisher\":{\"@id\":\"https:\\\/\\\/www.evropskakuca.me\\\/me\\\/#organization\"},\"potentialAction\":[{\"@type\":\"SearchAction\",\"target\":{\"@type\":\"EntryPoint\",\"urlTemplate\":\"https:\\\/\\\/www.evropskakuca.me\\\/me\\\/?s={search_term_string}\"},\"query-input\":{\"@type\":\"PropertyValueSpecification\",\"valueRequired\":true,\"valueName\":\"search_term_string\"}}],\"inLanguage\":\"me-ME\"},{\"@type\":\"Organization\",\"@id\":\"https:\\\/\\\/www.evropskakuca.me\\\/me\\\/#organization\",\"name\":\"Evropean house\",\"url\":\"https:\\\/\\\/www.evropskakuca.me\\\/me\\\/\",\"logo\":{\"@type\":\"ImageObject\",\"inLanguage\":\"me-ME\",\"@id\":\"https:\\\/\\\/www.evropskakuca.me\\\/me\\\/#\\\/schema\\\/logo\\\/image\\\/\",\"url\":\"https:\\\/\\\/www.evropskakuca.me\\\/wp-content\\\/uploads\\\/2025\\\/01\\\/evropska-kuca-logo-1.png\",\"contentUrl\":\"https:\\\/\\\/www.evropskakuca.me\\\/wp-content\\\/uploads\\\/2025\\\/01\\\/evropska-kuca-logo-1.png\",\"width\":425,\"height\":312,\"caption\":\"Evropean house\"},\"image\":{\"@id\":\"https:\\\/\\\/www.evropskakuca.me\\\/me\\\/#\\\/schema\\\/logo\\\/image\\\/\"},\"sameAs\":[\"https:\\\/\\\/www.facebook.com\\\/evropska.kuca\",\"https:\\\/\\\/x.com\\\/evropska_kuca\",\"https:\\\/\\\/www.instagram.com\\\/evropska_kuca\"]},{\"@type\":\"Person\",\"@id\":\"https:\\\/\\\/www.evropskakuca.me\\\/me\\\/#\\\/schema\\\/person\\\/a1d0dcdaefe4a1cd1d60d200ea137ba4\",\"name\":\"mkajic\",\"image\":{\"@type\":\"ImageObject\",\"inLanguage\":\"me-ME\",\"@id\":\"https:\\\/\\\/secure.gravatar.com\\\/avatar\\\/731fa035cefab7316e6bafd1f25a93fb731a07de14e2d9923f8db4422628eabc?s=96&d=mm&r=g\",\"url\":\"https:\\\/\\\/secure.gravatar.com\\\/avatar\\\/731fa035cefab7316e6bafd1f25a93fb731a07de14e2d9923f8db4422628eabc?s=96&d=mm&r=g\",\"contentUrl\":\"https:\\\/\\\/secure.gravatar.com\\\/avatar\\\/731fa035cefab7316e6bafd1f25a93fb731a07de14e2d9923f8db4422628eabc?s=96&d=mm&r=g\",\"caption\":\"mkajic\"},\"sameAs\":[\"https:\\\/\\\/evropskakuca.me\"],\"url\":\"https:\\\/\\\/www.evropskakuca.me\\\/me\\\/author\\\/mkajic\\\/\"}]}<\/script>\n<!-- \/ Yoast SEO plugin. -->","yoast_head_json":{"title":"Ambasadorka Popa odr\u017eala prvo predavanje studentima Ekonomskog fakulteta - Europe House","robots":{"index":"index","follow":"follow","max-snippet":"max-snippet:-1","max-image-preview":"max-image-preview:large","max-video-preview":"max-video-preview:-1"},"canonical":"https:\/\/www.evropskakuca.me\/me\/ambasadorka-popa-odrzala-prvo-predavanje-studentima-ekonomskog-fakulteta\/","og_locale":"en_US","og_type":"article","og_title":"Ambasadorka Popa odr\u017eala prvo predavanje studentima Ekonomskog fakulteta - Europe House","og_description":"Prilikom predstavljanja presti\u017enog EU projekta \u201e\u017dan Mone Centar izvrsnosti\u201c","og_url":"https:\/\/www.evropskakuca.me\/me\/ambasadorka-popa-odrzala-prvo-predavanje-studentima-ekonomskog-fakulteta\/","og_site_name":"Europe House","article_publisher":"https:\/\/www.facebook.com\/evropska.kuca","article_published_time":"2021-02-24T20:57:19+00:00","og_image":[{"width":2500,"height":1667,"url":"https:\/\/www.evropskakuca.me\/wp-content\/uploads\/2021\/02\/predavanje-12.jpg","type":"image\/jpeg"}],"author":"mkajic","twitter_card":"summary_large_image","twitter_creator":"@evropska_kuca","twitter_site":"@evropska_kuca","twitter_misc":{"Written by":"mkajic","Est. reading time":"4 minutes"},"schema":{"@context":"https:\/\/schema.org","@graph":[{"@type":"Article","@id":"https:\/\/www.evropskakuca.me\/me\/ambasadorka-popa-odrzala-prvo-predavanje-studentima-ekonomskog-fakulteta\/#article","isPartOf":{"@id":"https:\/\/www.evropskakuca.me\/me\/ambasadorka-popa-odrzala-prvo-predavanje-studentima-ekonomskog-fakulteta\/"},"author":{"name":"mkajic","@id":"https:\/\/www.evropskakuca.me\/me\/#\/schema\/person\/a1d0dcdaefe4a1cd1d60d200ea137ba4"},"headline":"Ambasadorka Popa odr\u017eala prvo predavanje studentima Ekonomskog fakulteta","datePublished":"2021-02-24T20:57:19+00:00","mainEntityOfPage":{"@id":"https:\/\/www.evropskakuca.me\/me\/ambasadorka-popa-odrzala-prvo-predavanje-studentima-ekonomskog-fakulteta\/"},"wordCount":855,"publisher":{"@id":"https:\/\/www.evropskakuca.me\/me\/#organization"},"image":{"@id":"https:\/\/www.evropskakuca.me\/me\/ambasadorka-popa-odrzala-prvo-predavanje-studentima-ekonomskog-fakulteta\/#primaryimage"},"thumbnailUrl":"https:\/\/www.evropskakuca.me\/wp-content\/uploads\/2021\/02\/predavanje-12.jpg","articleSection":["Novosti"],"inLanguage":"me-ME"},{"@type":"WebPage","@id":"https:\/\/www.evropskakuca.me\/me\/ambasadorka-popa-odrzala-prvo-predavanje-studentima-ekonomskog-fakulteta\/","url":"https:\/\/www.evropskakuca.me\/me\/ambasadorka-popa-odrzala-prvo-predavanje-studentima-ekonomskog-fakulteta\/","name":"Ambasadorka Popa odr\u017eala prvo predavanje studentima Ekonomskog fakulteta - Europe House","isPartOf":{"@id":"https:\/\/www.evropskakuca.me\/me\/#website"},"primaryImageOfPage":{"@id":"https:\/\/www.evropskakuca.me\/me\/ambasadorka-popa-odrzala-prvo-predavanje-studentima-ekonomskog-fakulteta\/#primaryimage"},"image":{"@id":"https:\/\/www.evropskakuca.me\/me\/ambasadorka-popa-odrzala-prvo-predavanje-studentima-ekonomskog-fakulteta\/#primaryimage"},"thumbnailUrl":"https:\/\/www.evropskakuca.me\/wp-content\/uploads\/2021\/02\/predavanje-12.jpg","datePublished":"2021-02-24T20:57:19+00:00","breadcrumb":{"@id":"https:\/\/www.evropskakuca.me\/me\/ambasadorka-popa-odrzala-prvo-predavanje-studentima-ekonomskog-fakulteta\/#breadcrumb"},"inLanguage":"me-ME","potentialAction":[{"@type":"ReadAction","target":["https:\/\/www.evropskakuca.me\/me\/ambasadorka-popa-odrzala-prvo-predavanje-studentima-ekonomskog-fakulteta\/"]}]},{"@type":"ImageObject","inLanguage":"me-ME","@id":"https:\/\/www.evropskakuca.me\/me\/ambasadorka-popa-odrzala-prvo-predavanje-studentima-ekonomskog-fakulteta\/#primaryimage","url":"https:\/\/www.evropskakuca.me\/wp-content\/uploads\/2021\/02\/predavanje-12.jpg","contentUrl":"https:\/\/www.evropskakuca.me\/wp-content\/uploads\/2021\/02\/predavanje-12.jpg","width":2500,"height":1667},{"@type":"BreadcrumbList","@id":"https:\/\/www.evropskakuca.me\/me\/ambasadorka-popa-odrzala-prvo-predavanje-studentima-ekonomskog-fakulteta\/#breadcrumb","itemListElement":[{"@type":"ListItem","position":1,"name":"Home","item":"https:\/\/www.evropskakuca.me\/me\/"},{"@type":"ListItem","position":2,"name":"Ambasadorka Popa odr\u017eala prvo predavanje studentima Ekonomskog fakulteta"}]},{"@type":"WebSite","@id":"https:\/\/www.evropskakuca.me\/me\/#website","url":"https:\/\/www.evropskakuca.me\/me\/","name":"Evropean house","description":"","publisher":{"@id":"https:\/\/www.evropskakuca.me\/me\/#organization"},"potentialAction":[{"@type":"SearchAction","target":{"@type":"EntryPoint","urlTemplate":"https:\/\/www.evropskakuca.me\/me\/?s={search_term_string}"},"query-input":{"@type":"PropertyValueSpecification","valueRequired":true,"valueName":"search_term_string"}}],"inLanguage":"me-ME"},{"@type":"Organization","@id":"https:\/\/www.evropskakuca.me\/me\/#organization","name":"Evropean house","url":"https:\/\/www.evropskakuca.me\/me\/","logo":{"@type":"ImageObject","inLanguage":"me-ME","@id":"https:\/\/www.evropskakuca.me\/me\/#\/schema\/logo\/image\/","url":"https:\/\/www.evropskakuca.me\/wp-content\/uploads\/2025\/01\/evropska-kuca-logo-1.png","contentUrl":"https:\/\/www.evropskakuca.me\/wp-content\/uploads\/2025\/01\/evropska-kuca-logo-1.png","width":425,"height":312,"caption":"Evropean house"},"image":{"@id":"https:\/\/www.evropskakuca.me\/me\/#\/schema\/logo\/image\/"},"sameAs":["https:\/\/www.facebook.com\/evropska.kuca","https:\/\/x.com\/evropska_kuca","https:\/\/www.instagram.com\/evropska_kuca"]},{"@type":"Person","@id":"https:\/\/www.evropskakuca.me\/me\/#\/schema\/person\/a1d0dcdaefe4a1cd1d60d200ea137ba4","name":"mkajic","image":{"@type":"ImageObject","inLanguage":"me-ME","@id":"https:\/\/secure.gravatar.com\/avatar\/731fa035cefab7316e6bafd1f25a93fb731a07de14e2d9923f8db4422628eabc?s=96&d=mm&r=g","url":"https:\/\/secure.gravatar.com\/avatar\/731fa035cefab7316e6bafd1f25a93fb731a07de14e2d9923f8db4422628eabc?s=96&d=mm&r=g","contentUrl":"https:\/\/secure.gravatar.com\/avatar\/731fa035cefab7316e6bafd1f25a93fb731a07de14e2d9923f8db4422628eabc?s=96&d=mm&r=g","caption":"mkajic"},"sameAs":["https:\/\/evropskakuca.me"],"url":"https:\/\/www.evropskakuca.me\/me\/author\/mkajic\/"}]}},"_links":{"self":[{"href":"https:\/\/www.evropskakuca.me\/me\/wp-json\/wp\/v2\/posts\/10720","targetHints":{"allow":["GET"]}}],"collection":[{"href":"https:\/\/www.evropskakuca.me\/me\/wp-json\/wp\/v2\/posts"}],"about":[{"href":"https:\/\/www.evropskakuca.me\/me\/wp-json\/wp\/v2\/types\/post"}],"author":[{"embeddable":true,"href":"https:\/\/www.evropskakuca.me\/me\/wp-json\/wp\/v2\/users\/1"}],"replies":[{"embeddable":true,"href":"https:\/\/www.evropskakuca.me\/me\/wp-json\/wp\/v2\/comments?post=10720"}],"version-history":[{"count":0,"href":"https:\/\/www.evropskakuca.me\/me\/wp-json\/wp\/v2\/posts\/10720\/revisions"}],"wp:featuredmedia":[{"embeddable":true,"href":"https:\/\/www.evropskakuca.me\/me\/wp-json\/wp\/v2\/media\/35800"}],"wp:attachment":[{"href":"https:\/\/www.evropskakuca.me\/me\/wp-json\/wp\/v2\/media?parent=10720"}],"wp:term":[{"taxonomy":"category","embeddable":true,"href":"https:\/\/www.evropskakuca.me\/me\/wp-json\/wp\/v2\/categories?post=10720"},{"taxonomy":"post_tag","embeddable":true,"href":"https:\/\/www.evropskakuca.me\/me\/wp-json\/wp\/v2\/tags?post=10720"}],"curies":[{"name":"wp","href":"https:\/\/api.w.org\/{rel}","templated":true}]}}