{"id":10711,"date":"2020-12-17T15:02:47","date_gmt":"2020-12-17T15:02:47","guid":{"rendered":"http:\/\/www.evropskakuca.me\/?p=10711"},"modified":"2020-12-17T15:02:47","modified_gmt":"2020-12-17T15:02:47","slug":"zavrsen-reload-projekat","status":"publish","type":"post","link":"https:\/\/www.evropskakuca.me\/me\/zavrsen-reload-projekat\/","title":{"rendered":"Zavr\u0161en ReLOaD projekat"},"content":{"rendered":"<p>U okviru <a href=\"https:\/\/www.me.undp.org\/content\/montenegro\/sr\/home\/projects\/ReLOaD.html\">Regionalnog programa lokalne demokratije na Zapadnom Balkanu (ReLOaD)<\/a> ukupno je realizovano 50 projekata, koje je sprovelo 37 nevladinih organizacija, uz u\u010de\u0161\u0107e oko 7 000 korisnika u Podgorici, Nik\u0161i\u0107u, Tivtu, Kotoru i Pljevljima. Preko pola miliona eura je opredijeljeno kroz 13\u00a0 konkursa nevladinim organizacijama u pet op\u0161tina, dok je 25 600 EUR potro\u0161eno za suzbijanje posljedica COVID- 19 pandemije me\u0111u socijalno ugro\u017eenim kategorijama stanovni\u0161tva. Ovi rezultati predstavljeni su na zavr\u0161noj konferenciji, organizovanoj povodom kraja \u010detvorogodi\u0161njeg projekta, koji je finansirala Evropska unija, a sprovodio Program Ujedinjenih nacija za razvoj (UNDP).<\/p>\n<p><strong>Daniela Ga\u0161parikova, stalna predstavnica UNDP u Crnoj Gori <\/strong>ukazala je na zna\u010daj ovog programa za lokalne zajednice i stanovni\u0161tvo.<\/p>\n<p><img fetchpriority=\"high\" decoding=\"async\" class=\"alignnone size-large wp-image-10707\" src=\"http:\/\/www.evropskakuca.me\/wp-content\/uploads\/2021\/12\/reload-3-1024x683.jpg\" alt=\"\" width=\"1024\" height=\"683\" \/><\/p>\n<p>\u201cPraksa koju je ReLOaD uveo, oblikovao i izo\u0161trio, primjer je kako participativni pristup u kombinaciji sa otvoreno\u0161c\u0301u lokalnih samouprava mogu pomo\u0107i lokalnim zajednicama, sve u skladu sa najboljim me\u0111unarodnim standardima\u201c.<\/p>\n<p><strong>Ana Lorenzen, menad\u017eerka programa, Delegacija Evropske unije u Crnoj Gori <\/strong>istakla je da ReLOaD program \u00a0predstavlja pozitivnu praksu saradnje nevladinog sektora i lokalnih samouprava i podsjetila na bitnost ove saradnje.<\/p>\n<p><img decoding=\"async\" class=\"alignnone size-large wp-image-10709\" src=\"http:\/\/www.evropskakuca.me\/wp-content\/uploads\/2021\/12\/reload-2-1024x683.jpg\" alt=\"\" width=\"1024\" height=\"683\" \/><\/p>\n<p>\u201cOdgovornost je svih aktera u dru\u0161tvu &#8211; od lokalne uprave, civilnog dru\u0161tva i me\u0111unarodne zajednice &#8211; da osiguraju zajedni\u010dki i predan rad tokom procesa pridru\u017eivanja EU. Vjerujem da je ReLOaD program mo\u017ee da doprinose dostizanju ovog cilja.\u201c<\/p>\n<p><strong>Jadranka Vuk\u010devi\u0107, direktorica Direktorata za lokalnu samoupravu, Ministarstvo javne uprave, digitalnog dru\u0161tva i medija <\/strong>je naglasila da su programi popout ReLOaD-a neophodni za ja\u010danje normativnih okvira i principa funkcionisanja javne uprave, ali i saradnje izme\u0111u nevladinih organizacija i lokalnih samouprava.<\/p>\n<p>\u201cU pet op\u0161tina u\u010desnica ReLOaDa vidimo da je intezivirana saradnja sa nevladinim sektorom u pogledu pru\u017eanja usluga gra\u0111anima od interesa za zajednicu. Pored unaprije\u0111ene komunikacije,\u00a0 sami rezultati realizovanih inicijativa se bolje i kvalitetnije predstavljaju gra\u0111anima, a ve\u0107e je i u\u010de\u0161\u0107e gra\u0111ana u brojnim projektnim aktivnostima. Tako\u0111e, projekat je dao doprinos i ostvarivanju ciljeva Strategije unapre\u0111enja podsticajnog okru\u017eenja za djelovanje nevladinih organizacija , osna\u017eio je kapacitete op\u0161tina i NVO da sara\u0111uju, dopunjuju se u radu i zajedni\u010dki donose odluke\u201c. Ona je pohvalila lokalni tim UNDP-a u Crnoj Gori na ogromnom naporu ulo\u017eenom tokom realizacije ovog programa i nesebi\u010dnoj pomo\u0107i svim u\u010desnicima u ovom procesu.<\/p>\n<p>Regionalni program lokalne demokratije na Zapadnom Balkanu (ReLOaD) je program finansiran od strane Evropske unije koji se sprovodio u 6 zemalja i teritorija iz regiona uz primjenu metodologije za finansiranje NVO zasnovane na principima transparentnosti i odgovornosti, po uzoru na praksu u zemljama \u010dlanicama Evropske unije.<\/p>\n","protected":false},"excerpt":{"rendered":"<p>\u010cetiri godine ja\u010danja saradnje NVO i lokalnih samouprava<\/p>\n","protected":false},"author":1,"featured_media":37676,"comment_status":"closed","ping_status":"closed","sticky":false,"template":"","format":"standard","meta":{"_acf_changed":false,"footnotes":""},"categories":[283],"tags":[],"class_list":["post-10711","post","type-post","status-publish","format-standard","has-post-thumbnail","hentry","category-novosti-me"],"acf":[],"yoast_head":"<!-- This site is optimized with the Yoast SEO plugin v27.3 - https:\/\/yoast.com\/product\/yoast-seo-wordpress\/ -->\n<title>Zavr\u0161en ReLOaD projekat - Europe House<\/title>\n<meta name=\"robots\" content=\"index, follow, max-snippet:-1, max-image-preview:large, max-video-preview:-1\" \/>\n<link rel=\"canonical\" href=\"https:\/\/www.evropskakuca.me\/me\/zavrsen-reload-projekat\/\" \/>\n<meta property=\"og:locale\" content=\"en_US\" \/>\n<meta property=\"og:type\" content=\"article\" \/>\n<meta property=\"og:title\" content=\"Zavr\u0161en ReLOaD projekat - Europe House\" \/>\n<meta property=\"og:description\" content=\"\u010cetiri godine ja\u010danja saradnje NVO i lokalnih samouprava\" \/>\n<meta property=\"og:url\" content=\"https:\/\/www.evropskakuca.me\/me\/zavrsen-reload-projekat\/\" \/>\n<meta property=\"og:site_name\" content=\"Europe House\" \/>\n<meta property=\"article:publisher\" content=\"https:\/\/www.facebook.com\/evropska.kuca\" \/>\n<meta property=\"article:published_time\" content=\"2020-12-17T15:02:47+00:00\" \/>\n<meta property=\"og:image\" content=\"https:\/\/www.evropskakuca.me\/wp-content\/uploads\/2021\/12\/reload-scaled.jpg\" \/>\n\t<meta property=\"og:image:width\" content=\"2560\" \/>\n\t<meta property=\"og:image:height\" content=\"1707\" \/>\n\t<meta property=\"og:image:type\" content=\"image\/jpeg\" \/>\n<meta name=\"author\" content=\"mkajic\" \/>\n<meta name=\"twitter:card\" content=\"summary_large_image\" \/>\n<meta name=\"twitter:creator\" content=\"@evropska_kuca\" \/>\n<meta name=\"twitter:site\" content=\"@evropska_kuca\" \/>\n<meta name=\"twitter:label1\" content=\"Written by\" \/>\n\t<meta name=\"twitter:data1\" content=\"mkajic\" \/>\n\t<meta name=\"twitter:label2\" content=\"Est. reading time\" \/>\n\t<meta name=\"twitter:data2\" content=\"2 minutes\" \/>\n<script type=\"application\/ld+json\" class=\"yoast-schema-graph\">{\"@context\":\"https:\\\/\\\/schema.org\",\"@graph\":[{\"@type\":\"Article\",\"@id\":\"https:\\\/\\\/www.evropskakuca.me\\\/me\\\/zavrsen-reload-projekat\\\/#article\",\"isPartOf\":{\"@id\":\"https:\\\/\\\/www.evropskakuca.me\\\/me\\\/zavrsen-reload-projekat\\\/\"},\"author\":{\"name\":\"mkajic\",\"@id\":\"https:\\\/\\\/www.evropskakuca.me\\\/me\\\/#\\\/schema\\\/person\\\/a1d0dcdaefe4a1cd1d60d200ea137ba4\"},\"headline\":\"Zavr\u0161en ReLOaD projekat\",\"datePublished\":\"2020-12-17T15:02:47+00:00\",\"mainEntityOfPage\":{\"@id\":\"https:\\\/\\\/www.evropskakuca.me\\\/me\\\/zavrsen-reload-projekat\\\/\"},\"wordCount\":440,\"publisher\":{\"@id\":\"https:\\\/\\\/www.evropskakuca.me\\\/me\\\/#organization\"},\"image\":{\"@id\":\"https:\\\/\\\/www.evropskakuca.me\\\/me\\\/zavrsen-reload-projekat\\\/#primaryimage\"},\"thumbnailUrl\":\"https:\\\/\\\/www.evropskakuca.me\\\/wp-content\\\/uploads\\\/2021\\\/12\\\/reload-scaled.jpg\",\"articleSection\":[\"Novosti\"],\"inLanguage\":\"me-ME\"},{\"@type\":\"WebPage\",\"@id\":\"https:\\\/\\\/www.evropskakuca.me\\\/me\\\/zavrsen-reload-projekat\\\/\",\"url\":\"https:\\\/\\\/www.evropskakuca.me\\\/me\\\/zavrsen-reload-projekat\\\/\",\"name\":\"Zavr\u0161en ReLOaD projekat - Europe House\",\"isPartOf\":{\"@id\":\"https:\\\/\\\/www.evropskakuca.me\\\/me\\\/#website\"},\"primaryImageOfPage\":{\"@id\":\"https:\\\/\\\/www.evropskakuca.me\\\/me\\\/zavrsen-reload-projekat\\\/#primaryimage\"},\"image\":{\"@id\":\"https:\\\/\\\/www.evropskakuca.me\\\/me\\\/zavrsen-reload-projekat\\\/#primaryimage\"},\"thumbnailUrl\":\"https:\\\/\\\/www.evropskakuca.me\\\/wp-content\\\/uploads\\\/2021\\\/12\\\/reload-scaled.jpg\",\"datePublished\":\"2020-12-17T15:02:47+00:00\",\"breadcrumb\":{\"@id\":\"https:\\\/\\\/www.evropskakuca.me\\\/me\\\/zavrsen-reload-projekat\\\/#breadcrumb\"},\"inLanguage\":\"me-ME\",\"potentialAction\":[{\"@type\":\"ReadAction\",\"target\":[\"https:\\\/\\\/www.evropskakuca.me\\\/me\\\/zavrsen-reload-projekat\\\/\"]}]},{\"@type\":\"ImageObject\",\"inLanguage\":\"me-ME\",\"@id\":\"https:\\\/\\\/www.evropskakuca.me\\\/me\\\/zavrsen-reload-projekat\\\/#primaryimage\",\"url\":\"https:\\\/\\\/www.evropskakuca.me\\\/wp-content\\\/uploads\\\/2021\\\/12\\\/reload-scaled.jpg\",\"contentUrl\":\"https:\\\/\\\/www.evropskakuca.me\\\/wp-content\\\/uploads\\\/2021\\\/12\\\/reload-scaled.jpg\",\"width\":2560,\"height\":1707},{\"@type\":\"BreadcrumbList\",\"@id\":\"https:\\\/\\\/www.evropskakuca.me\\\/me\\\/zavrsen-reload-projekat\\\/#breadcrumb\",\"itemListElement\":[{\"@type\":\"ListItem\",\"position\":1,\"name\":\"Home\",\"item\":\"https:\\\/\\\/www.evropskakuca.me\\\/me\\\/\"},{\"@type\":\"ListItem\",\"position\":2,\"name\":\"Zavr\u0161en ReLOaD projekat\"}]},{\"@type\":\"WebSite\",\"@id\":\"https:\\\/\\\/www.evropskakuca.me\\\/me\\\/#website\",\"url\":\"https:\\\/\\\/www.evropskakuca.me\\\/me\\\/\",\"name\":\"Evropean house\",\"description\":\"\",\"publisher\":{\"@id\":\"https:\\\/\\\/www.evropskakuca.me\\\/me\\\/#organization\"},\"potentialAction\":[{\"@type\":\"SearchAction\",\"target\":{\"@type\":\"EntryPoint\",\"urlTemplate\":\"https:\\\/\\\/www.evropskakuca.me\\\/me\\\/?s={search_term_string}\"},\"query-input\":{\"@type\":\"PropertyValueSpecification\",\"valueRequired\":true,\"valueName\":\"search_term_string\"}}],\"inLanguage\":\"me-ME\"},{\"@type\":\"Organization\",\"@id\":\"https:\\\/\\\/www.evropskakuca.me\\\/me\\\/#organization\",\"name\":\"Evropean house\",\"url\":\"https:\\\/\\\/www.evropskakuca.me\\\/me\\\/\",\"logo\":{\"@type\":\"ImageObject\",\"inLanguage\":\"me-ME\",\"@id\":\"https:\\\/\\\/www.evropskakuca.me\\\/me\\\/#\\\/schema\\\/logo\\\/image\\\/\",\"url\":\"https:\\\/\\\/www.evropskakuca.me\\\/wp-content\\\/uploads\\\/2025\\\/01\\\/evropska-kuca-logo-1.png\",\"contentUrl\":\"https:\\\/\\\/www.evropskakuca.me\\\/wp-content\\\/uploads\\\/2025\\\/01\\\/evropska-kuca-logo-1.png\",\"width\":425,\"height\":312,\"caption\":\"Evropean house\"},\"image\":{\"@id\":\"https:\\\/\\\/www.evropskakuca.me\\\/me\\\/#\\\/schema\\\/logo\\\/image\\\/\"},\"sameAs\":[\"https:\\\/\\\/www.facebook.com\\\/evropska.kuca\",\"https:\\\/\\\/x.com\\\/evropska_kuca\",\"https:\\\/\\\/www.instagram.com\\\/evropska_kuca\"]},{\"@type\":\"Person\",\"@id\":\"https:\\\/\\\/www.evropskakuca.me\\\/me\\\/#\\\/schema\\\/person\\\/a1d0dcdaefe4a1cd1d60d200ea137ba4\",\"name\":\"mkajic\",\"image\":{\"@type\":\"ImageObject\",\"inLanguage\":\"me-ME\",\"@id\":\"https:\\\/\\\/secure.gravatar.com\\\/avatar\\\/731fa035cefab7316e6bafd1f25a93fb731a07de14e2d9923f8db4422628eabc?s=96&d=mm&r=g\",\"url\":\"https:\\\/\\\/secure.gravatar.com\\\/avatar\\\/731fa035cefab7316e6bafd1f25a93fb731a07de14e2d9923f8db4422628eabc?s=96&d=mm&r=g\",\"contentUrl\":\"https:\\\/\\\/secure.gravatar.com\\\/avatar\\\/731fa035cefab7316e6bafd1f25a93fb731a07de14e2d9923f8db4422628eabc?s=96&d=mm&r=g\",\"caption\":\"mkajic\"},\"sameAs\":[\"https:\\\/\\\/evropskakuca.me\"],\"url\":\"https:\\\/\\\/www.evropskakuca.me\\\/me\\\/author\\\/mkajic\\\/\"}]}<\/script>\n<!-- \/ Yoast SEO plugin. -->","yoast_head_json":{"title":"Zavr\u0161en ReLOaD projekat - Europe House","robots":{"index":"index","follow":"follow","max-snippet":"max-snippet:-1","max-image-preview":"max-image-preview:large","max-video-preview":"max-video-preview:-1"},"canonical":"https:\/\/www.evropskakuca.me\/me\/zavrsen-reload-projekat\/","og_locale":"en_US","og_type":"article","og_title":"Zavr\u0161en ReLOaD projekat - Europe House","og_description":"\u010cetiri godine ja\u010danja saradnje NVO i lokalnih samouprava","og_url":"https:\/\/www.evropskakuca.me\/me\/zavrsen-reload-projekat\/","og_site_name":"Europe House","article_publisher":"https:\/\/www.facebook.com\/evropska.kuca","article_published_time":"2020-12-17T15:02:47+00:00","og_image":[{"width":2560,"height":1707,"url":"https:\/\/www.evropskakuca.me\/wp-content\/uploads\/2021\/12\/reload-scaled.jpg","type":"image\/jpeg"}],"author":"mkajic","twitter_card":"summary_large_image","twitter_creator":"@evropska_kuca","twitter_site":"@evropska_kuca","twitter_misc":{"Written by":"mkajic","Est. reading time":"2 minutes"},"schema":{"@context":"https:\/\/schema.org","@graph":[{"@type":"Article","@id":"https:\/\/www.evropskakuca.me\/me\/zavrsen-reload-projekat\/#article","isPartOf":{"@id":"https:\/\/www.evropskakuca.me\/me\/zavrsen-reload-projekat\/"},"author":{"name":"mkajic","@id":"https:\/\/www.evropskakuca.me\/me\/#\/schema\/person\/a1d0dcdaefe4a1cd1d60d200ea137ba4"},"headline":"Zavr\u0161en ReLOaD projekat","datePublished":"2020-12-17T15:02:47+00:00","mainEntityOfPage":{"@id":"https:\/\/www.evropskakuca.me\/me\/zavrsen-reload-projekat\/"},"wordCount":440,"publisher":{"@id":"https:\/\/www.evropskakuca.me\/me\/#organization"},"image":{"@id":"https:\/\/www.evropskakuca.me\/me\/zavrsen-reload-projekat\/#primaryimage"},"thumbnailUrl":"https:\/\/www.evropskakuca.me\/wp-content\/uploads\/2021\/12\/reload-scaled.jpg","articleSection":["Novosti"],"inLanguage":"me-ME"},{"@type":"WebPage","@id":"https:\/\/www.evropskakuca.me\/me\/zavrsen-reload-projekat\/","url":"https:\/\/www.evropskakuca.me\/me\/zavrsen-reload-projekat\/","name":"Zavr\u0161en ReLOaD projekat - Europe House","isPartOf":{"@id":"https:\/\/www.evropskakuca.me\/me\/#website"},"primaryImageOfPage":{"@id":"https:\/\/www.evropskakuca.me\/me\/zavrsen-reload-projekat\/#primaryimage"},"image":{"@id":"https:\/\/www.evropskakuca.me\/me\/zavrsen-reload-projekat\/#primaryimage"},"thumbnailUrl":"https:\/\/www.evropskakuca.me\/wp-content\/uploads\/2021\/12\/reload-scaled.jpg","datePublished":"2020-12-17T15:02:47+00:00","breadcrumb":{"@id":"https:\/\/www.evropskakuca.me\/me\/zavrsen-reload-projekat\/#breadcrumb"},"inLanguage":"me-ME","potentialAction":[{"@type":"ReadAction","target":["https:\/\/www.evropskakuca.me\/me\/zavrsen-reload-projekat\/"]}]},{"@type":"ImageObject","inLanguage":"me-ME","@id":"https:\/\/www.evropskakuca.me\/me\/zavrsen-reload-projekat\/#primaryimage","url":"https:\/\/www.evropskakuca.me\/wp-content\/uploads\/2021\/12\/reload-scaled.jpg","contentUrl":"https:\/\/www.evropskakuca.me\/wp-content\/uploads\/2021\/12\/reload-scaled.jpg","width":2560,"height":1707},{"@type":"BreadcrumbList","@id":"https:\/\/www.evropskakuca.me\/me\/zavrsen-reload-projekat\/#breadcrumb","itemListElement":[{"@type":"ListItem","position":1,"name":"Home","item":"https:\/\/www.evropskakuca.me\/me\/"},{"@type":"ListItem","position":2,"name":"Zavr\u0161en ReLOaD projekat"}]},{"@type":"WebSite","@id":"https:\/\/www.evropskakuca.me\/me\/#website","url":"https:\/\/www.evropskakuca.me\/me\/","name":"Evropean house","description":"","publisher":{"@id":"https:\/\/www.evropskakuca.me\/me\/#organization"},"potentialAction":[{"@type":"SearchAction","target":{"@type":"EntryPoint","urlTemplate":"https:\/\/www.evropskakuca.me\/me\/?s={search_term_string}"},"query-input":{"@type":"PropertyValueSpecification","valueRequired":true,"valueName":"search_term_string"}}],"inLanguage":"me-ME"},{"@type":"Organization","@id":"https:\/\/www.evropskakuca.me\/me\/#organization","name":"Evropean house","url":"https:\/\/www.evropskakuca.me\/me\/","logo":{"@type":"ImageObject","inLanguage":"me-ME","@id":"https:\/\/www.evropskakuca.me\/me\/#\/schema\/logo\/image\/","url":"https:\/\/www.evropskakuca.me\/wp-content\/uploads\/2025\/01\/evropska-kuca-logo-1.png","contentUrl":"https:\/\/www.evropskakuca.me\/wp-content\/uploads\/2025\/01\/evropska-kuca-logo-1.png","width":425,"height":312,"caption":"Evropean house"},"image":{"@id":"https:\/\/www.evropskakuca.me\/me\/#\/schema\/logo\/image\/"},"sameAs":["https:\/\/www.facebook.com\/evropska.kuca","https:\/\/x.com\/evropska_kuca","https:\/\/www.instagram.com\/evropska_kuca"]},{"@type":"Person","@id":"https:\/\/www.evropskakuca.me\/me\/#\/schema\/person\/a1d0dcdaefe4a1cd1d60d200ea137ba4","name":"mkajic","image":{"@type":"ImageObject","inLanguage":"me-ME","@id":"https:\/\/secure.gravatar.com\/avatar\/731fa035cefab7316e6bafd1f25a93fb731a07de14e2d9923f8db4422628eabc?s=96&d=mm&r=g","url":"https:\/\/secure.gravatar.com\/avatar\/731fa035cefab7316e6bafd1f25a93fb731a07de14e2d9923f8db4422628eabc?s=96&d=mm&r=g","contentUrl":"https:\/\/secure.gravatar.com\/avatar\/731fa035cefab7316e6bafd1f25a93fb731a07de14e2d9923f8db4422628eabc?s=96&d=mm&r=g","caption":"mkajic"},"sameAs":["https:\/\/evropskakuca.me"],"url":"https:\/\/www.evropskakuca.me\/me\/author\/mkajic\/"}]}},"_links":{"self":[{"href":"https:\/\/www.evropskakuca.me\/me\/wp-json\/wp\/v2\/posts\/10711","targetHints":{"allow":["GET"]}}],"collection":[{"href":"https:\/\/www.evropskakuca.me\/me\/wp-json\/wp\/v2\/posts"}],"about":[{"href":"https:\/\/www.evropskakuca.me\/me\/wp-json\/wp\/v2\/types\/post"}],"author":[{"embeddable":true,"href":"https:\/\/www.evropskakuca.me\/me\/wp-json\/wp\/v2\/users\/1"}],"replies":[{"embeddable":true,"href":"https:\/\/www.evropskakuca.me\/me\/wp-json\/wp\/v2\/comments?post=10711"}],"version-history":[{"count":0,"href":"https:\/\/www.evropskakuca.me\/me\/wp-json\/wp\/v2\/posts\/10711\/revisions"}],"wp:featuredmedia":[{"embeddable":true,"href":"https:\/\/www.evropskakuca.me\/me\/wp-json\/wp\/v2\/media\/37676"}],"wp:attachment":[{"href":"https:\/\/www.evropskakuca.me\/me\/wp-json\/wp\/v2\/media?parent=10711"}],"wp:term":[{"taxonomy":"category","embeddable":true,"href":"https:\/\/www.evropskakuca.me\/me\/wp-json\/wp\/v2\/categories?post=10711"},{"taxonomy":"post_tag","embeddable":true,"href":"https:\/\/www.evropskakuca.me\/me\/wp-json\/wp\/v2\/tags?post=10711"}],"curies":[{"name":"wp","href":"https:\/\/api.w.org\/{rel}","templated":true}]}}