{"id":10692,"date":"2021-02-12T14:51:58","date_gmt":"2021-02-12T14:51:58","guid":{"rendered":"http:\/\/www.evropskakuca.me\/?p=10692"},"modified":"2021-02-12T14:51:58","modified_gmt":"2021-02-12T14:51:58","slug":"uprava-carina-kreirala-aplikaciju-za-akcize-u-okviru-eu-projekta","status":"publish","type":"post","link":"https:\/\/www.evropskakuca.me\/me\/uprava-carina-kreirala-aplikaciju-za-akcize-u-okviru-eu-projekta\/","title":{"rendered":"Uprava carina kreirala aplikaciju za akcize u okviru EU projekta"},"content":{"rendered":"<p>Uprava carina kreirala je novi nacionalni sistem za akcize, uz finansijsku i ekspertsku pomo\u0107 Evropske unije. Rije\u010d je o aplikaciji, koja \u0107e sa jedne strane pove\u0107ati naplatu akciza i kontrolu kretanja akciznih proizvoda (gorivo, duvan, alkohol i kafa), a sa druge strane privrednicima pojednostaviti i ubrzati prijavljivanje obaveza.<\/p>\n<p>\u201eObveznici sada imaju mogu\u0107nost da putem veb portala elektronski podnose dokumenata i prate analiti\u010dke kartice u realnom vremenu. Nove funkcionalnosti akciznog sistema \u0107e zna\u010dajno unaprijediti kontrolnu funkciju u oblasti uvoza, kretanja i prometa akciznih proizvoda. Uprava carina na ovaj na\u010din uvodi sistematizovanu elektronsku kontrolu kretanja akciznih proizvoda, \u0161to \u0107e doprinijeti efikasnijoj naplati prihoda i suzbijanju sive ekonomije\u201c, obja\u0161njava Jelena \u0110uki\u0107 iz Uprave Carina.<\/p>\n<p>Uprava carina organizovala je obuku za 48 privrednika. Me\u0111u njima su i zaposleni u kompaniji Jugopetrol, koja predstavlja jednog od najve\u0107ih akciznih obveznika.<\/p>\n<p>\u201eZaista smo zadovoljni \u0161to je Uprava carina uvela jednu ovakvu softversku aplikaciju, gdje se sa papirnog poslovanja prelazi na elektronsko poslovanje, koje zna\u010di pobolj\u0161anje komunikacije izme\u0111u Uprave carina i privrednika, sigurnost u poslovanju i manje gre\u0161aka koje mogu da nastanu tokom rada\u201c, kazao je Veselin Ga\u010devi\u0107 iz kompanije Jugopetrol.<\/p>\n<p><img fetchpriority=\"high\" decoding=\"async\" class=\"alignnone size-large wp-image-10695\" src=\"http:\/\/www.evropskakuca.me\/wp-content\/uploads\/2021\/02\/aplikacija-1024x549.jpg\" alt=\"\" width=\"1024\" height=\"549\" \/><\/p>\n<p>Aplikacija za akcize nastala je u okviru EU projekta \u201ePodr\u0161ka Upravi carina u oblasti akciza\u201c, koji je vrijedan 289.000 eura. Projekat je bitan za Crnu Goru u procesu integracija, jer omogu\u0107ava povezivanje sa aplikacijama za akcize Evropske unije, registraciju obveznika na nivou Unije\u00a0 i kontrolu kretanja akciznih proizvoda.<\/p>\n<p>\u201eNovi akcizni sistem omogu\u0107ava lak\u0161e poslovanje, kako Upravi carina, tako i korisnicima tog sistema. On se odvija onlajn, br\u017ei je i efikasniji i predstavlja jedan lijep primjer kako evropske integracije su\u0161tinski funkcioni\u0161u, a to je da administracija postaje efikasnija i pru\u017ea bolju uslugu svojim korisnicima, ali i samim gra\u0111anima\u201c, kazala je Nade\u017eda Drami\u0107anin iz Delegacije Evropske unije u Crnoj Gori.<\/p>\n<p>Osim finansijske, Crna Gora je tokom trajanja ovog projekta imala i ekspertsku pomo\u0107 kolega iz Uprave carina \u0160panije, koji su dali preporuke u oblasti zakona i uskla\u0111enosti sa direktivama Evropske unije. Evropska unija je od 2007. godine odobrila oko 7 miliona eura pomo\u0107i Crnoj Gori u oblasti naplate akciza.<\/p>\n<p><iframe title=\"Uprava carina kreirala aplikaciju za akcize u okviru EU projekta\" width=\"800\" height=\"450\" src=\"https:\/\/www.youtube.com\/embed\/pNWpMbplxy8?feature=oembed\" frameborder=\"0\" allow=\"accelerometer; autoplay; clipboard-write; encrypted-media; gyroscope; picture-in-picture; web-share\" referrerpolicy=\"strict-origin-when-cross-origin\" allowfullscreen><\/iframe><\/p>\n","protected":false},"excerpt":{"rendered":"<p>Jednostavnija i br\u017ea onlajn procedura za ve\u0107u kontrolu i naplatu akciza  <\/p>\n","protected":false},"author":1,"featured_media":35814,"comment_status":"closed","ping_status":"closed","sticky":false,"template":"","format":"standard","meta":{"_acf_changed":false,"footnotes":""},"categories":[283,2],"tags":[],"class_list":["post-10692","post","type-post","status-publish","format-standard","has-post-thumbnail","hentry","category-novosti-me","category-uncategorized-me"],"acf":[],"yoast_head":"<!-- This site is optimized with the Yoast SEO plugin v27.3 - https:\/\/yoast.com\/product\/yoast-seo-wordpress\/ -->\n<title>Uprava carina kreirala aplikaciju za akcize u okviru EU projekta - Europe House<\/title>\n<meta name=\"robots\" content=\"index, follow, max-snippet:-1, max-image-preview:large, max-video-preview:-1\" \/>\n<link rel=\"canonical\" href=\"https:\/\/www.evropskakuca.me\/me\/uprava-carina-kreirala-aplikaciju-za-akcize-u-okviru-eu-projekta\/\" \/>\n<meta property=\"og:locale\" content=\"en_US\" \/>\n<meta property=\"og:type\" content=\"article\" \/>\n<meta property=\"og:title\" content=\"Uprava carina kreirala aplikaciju za akcize u okviru EU projekta - Europe House\" \/>\n<meta property=\"og:description\" content=\"Jednostavnija i br\u017ea onlajn procedura za ve\u0107u kontrolu i naplatu akciza\" \/>\n<meta property=\"og:url\" content=\"https:\/\/www.evropskakuca.me\/me\/uprava-carina-kreirala-aplikaciju-za-akcize-u-okviru-eu-projekta\/\" \/>\n<meta property=\"og:site_name\" content=\"Europe House\" \/>\n<meta property=\"article:publisher\" content=\"https:\/\/www.facebook.com\/evropska.kuca\" \/>\n<meta property=\"article:published_time\" content=\"2021-02-12T14:51:58+00:00\" \/>\n<meta property=\"og:image\" content=\"https:\/\/www.evropskakuca.me\/wp-content\/uploads\/2021\/02\/uprava.jpg\" \/>\n\t<meta property=\"og:image:width\" content=\"1059\" \/>\n\t<meta property=\"og:image:height\" content=\"477\" \/>\n\t<meta property=\"og:image:type\" content=\"image\/jpeg\" \/>\n<meta name=\"author\" content=\"mkajic\" \/>\n<meta name=\"twitter:card\" content=\"summary_large_image\" \/>\n<meta name=\"twitter:creator\" content=\"@evropska_kuca\" \/>\n<meta name=\"twitter:site\" content=\"@evropska_kuca\" \/>\n<meta name=\"twitter:label1\" content=\"Written by\" \/>\n\t<meta name=\"twitter:data1\" content=\"mkajic\" \/>\n\t<meta name=\"twitter:label2\" content=\"Est. reading time\" \/>\n\t<meta name=\"twitter:data2\" content=\"2 minutes\" \/>\n<script type=\"application\/ld+json\" class=\"yoast-schema-graph\">{\"@context\":\"https:\\\/\\\/schema.org\",\"@graph\":[{\"@type\":\"Article\",\"@id\":\"https:\\\/\\\/www.evropskakuca.me\\\/me\\\/uprava-carina-kreirala-aplikaciju-za-akcize-u-okviru-eu-projekta\\\/#article\",\"isPartOf\":{\"@id\":\"https:\\\/\\\/www.evropskakuca.me\\\/me\\\/uprava-carina-kreirala-aplikaciju-za-akcize-u-okviru-eu-projekta\\\/\"},\"author\":{\"name\":\"mkajic\",\"@id\":\"https:\\\/\\\/www.evropskakuca.me\\\/me\\\/#\\\/schema\\\/person\\\/a1d0dcdaefe4a1cd1d60d200ea137ba4\"},\"headline\":\"Uprava carina kreirala aplikaciju za akcize u okviru EU projekta\",\"datePublished\":\"2021-02-12T14:51:58+00:00\",\"mainEntityOfPage\":{\"@id\":\"https:\\\/\\\/www.evropskakuca.me\\\/me\\\/uprava-carina-kreirala-aplikaciju-za-akcize-u-okviru-eu-projekta\\\/\"},\"wordCount\":379,\"publisher\":{\"@id\":\"https:\\\/\\\/www.evropskakuca.me\\\/me\\\/#organization\"},\"image\":{\"@id\":\"https:\\\/\\\/www.evropskakuca.me\\\/me\\\/uprava-carina-kreirala-aplikaciju-za-akcize-u-okviru-eu-projekta\\\/#primaryimage\"},\"thumbnailUrl\":\"https:\\\/\\\/www.evropskakuca.me\\\/wp-content\\\/uploads\\\/2021\\\/02\\\/uprava.jpg\",\"articleSection\":[\"Novosti\",\"Uncategorized @me\"],\"inLanguage\":\"me-ME\"},{\"@type\":\"WebPage\",\"@id\":\"https:\\\/\\\/www.evropskakuca.me\\\/me\\\/uprava-carina-kreirala-aplikaciju-za-akcize-u-okviru-eu-projekta\\\/\",\"url\":\"https:\\\/\\\/www.evropskakuca.me\\\/me\\\/uprava-carina-kreirala-aplikaciju-za-akcize-u-okviru-eu-projekta\\\/\",\"name\":\"Uprava carina kreirala aplikaciju za akcize u okviru EU projekta - Europe House\",\"isPartOf\":{\"@id\":\"https:\\\/\\\/www.evropskakuca.me\\\/me\\\/#website\"},\"primaryImageOfPage\":{\"@id\":\"https:\\\/\\\/www.evropskakuca.me\\\/me\\\/uprava-carina-kreirala-aplikaciju-za-akcize-u-okviru-eu-projekta\\\/#primaryimage\"},\"image\":{\"@id\":\"https:\\\/\\\/www.evropskakuca.me\\\/me\\\/uprava-carina-kreirala-aplikaciju-za-akcize-u-okviru-eu-projekta\\\/#primaryimage\"},\"thumbnailUrl\":\"https:\\\/\\\/www.evropskakuca.me\\\/wp-content\\\/uploads\\\/2021\\\/02\\\/uprava.jpg\",\"datePublished\":\"2021-02-12T14:51:58+00:00\",\"breadcrumb\":{\"@id\":\"https:\\\/\\\/www.evropskakuca.me\\\/me\\\/uprava-carina-kreirala-aplikaciju-za-akcize-u-okviru-eu-projekta\\\/#breadcrumb\"},\"inLanguage\":\"me-ME\",\"potentialAction\":[{\"@type\":\"ReadAction\",\"target\":[\"https:\\\/\\\/www.evropskakuca.me\\\/me\\\/uprava-carina-kreirala-aplikaciju-za-akcize-u-okviru-eu-projekta\\\/\"]}]},{\"@type\":\"ImageObject\",\"inLanguage\":\"me-ME\",\"@id\":\"https:\\\/\\\/www.evropskakuca.me\\\/me\\\/uprava-carina-kreirala-aplikaciju-za-akcize-u-okviru-eu-projekta\\\/#primaryimage\",\"url\":\"https:\\\/\\\/www.evropskakuca.me\\\/wp-content\\\/uploads\\\/2021\\\/02\\\/uprava.jpg\",\"contentUrl\":\"https:\\\/\\\/www.evropskakuca.me\\\/wp-content\\\/uploads\\\/2021\\\/02\\\/uprava.jpg\",\"width\":1059,\"height\":477},{\"@type\":\"BreadcrumbList\",\"@id\":\"https:\\\/\\\/www.evropskakuca.me\\\/me\\\/uprava-carina-kreirala-aplikaciju-za-akcize-u-okviru-eu-projekta\\\/#breadcrumb\",\"itemListElement\":[{\"@type\":\"ListItem\",\"position\":1,\"name\":\"Home\",\"item\":\"https:\\\/\\\/www.evropskakuca.me\\\/me\\\/\"},{\"@type\":\"ListItem\",\"position\":2,\"name\":\"Uprava carina kreirala aplikaciju za akcize u okviru EU projekta\"}]},{\"@type\":\"WebSite\",\"@id\":\"https:\\\/\\\/www.evropskakuca.me\\\/me\\\/#website\",\"url\":\"https:\\\/\\\/www.evropskakuca.me\\\/me\\\/\",\"name\":\"Evropean house\",\"description\":\"\",\"publisher\":{\"@id\":\"https:\\\/\\\/www.evropskakuca.me\\\/me\\\/#organization\"},\"potentialAction\":[{\"@type\":\"SearchAction\",\"target\":{\"@type\":\"EntryPoint\",\"urlTemplate\":\"https:\\\/\\\/www.evropskakuca.me\\\/me\\\/?s={search_term_string}\"},\"query-input\":{\"@type\":\"PropertyValueSpecification\",\"valueRequired\":true,\"valueName\":\"search_term_string\"}}],\"inLanguage\":\"me-ME\"},{\"@type\":\"Organization\",\"@id\":\"https:\\\/\\\/www.evropskakuca.me\\\/me\\\/#organization\",\"name\":\"Evropean house\",\"url\":\"https:\\\/\\\/www.evropskakuca.me\\\/me\\\/\",\"logo\":{\"@type\":\"ImageObject\",\"inLanguage\":\"me-ME\",\"@id\":\"https:\\\/\\\/www.evropskakuca.me\\\/me\\\/#\\\/schema\\\/logo\\\/image\\\/\",\"url\":\"https:\\\/\\\/www.evropskakuca.me\\\/wp-content\\\/uploads\\\/2025\\\/01\\\/evropska-kuca-logo-1.png\",\"contentUrl\":\"https:\\\/\\\/www.evropskakuca.me\\\/wp-content\\\/uploads\\\/2025\\\/01\\\/evropska-kuca-logo-1.png\",\"width\":425,\"height\":312,\"caption\":\"Evropean house\"},\"image\":{\"@id\":\"https:\\\/\\\/www.evropskakuca.me\\\/me\\\/#\\\/schema\\\/logo\\\/image\\\/\"},\"sameAs\":[\"https:\\\/\\\/www.facebook.com\\\/evropska.kuca\",\"https:\\\/\\\/x.com\\\/evropska_kuca\",\"https:\\\/\\\/www.instagram.com\\\/evropska_kuca\"]},{\"@type\":\"Person\",\"@id\":\"https:\\\/\\\/www.evropskakuca.me\\\/me\\\/#\\\/schema\\\/person\\\/a1d0dcdaefe4a1cd1d60d200ea137ba4\",\"name\":\"mkajic\",\"image\":{\"@type\":\"ImageObject\",\"inLanguage\":\"me-ME\",\"@id\":\"https:\\\/\\\/secure.gravatar.com\\\/avatar\\\/731fa035cefab7316e6bafd1f25a93fb731a07de14e2d9923f8db4422628eabc?s=96&d=mm&r=g\",\"url\":\"https:\\\/\\\/secure.gravatar.com\\\/avatar\\\/731fa035cefab7316e6bafd1f25a93fb731a07de14e2d9923f8db4422628eabc?s=96&d=mm&r=g\",\"contentUrl\":\"https:\\\/\\\/secure.gravatar.com\\\/avatar\\\/731fa035cefab7316e6bafd1f25a93fb731a07de14e2d9923f8db4422628eabc?s=96&d=mm&r=g\",\"caption\":\"mkajic\"},\"sameAs\":[\"https:\\\/\\\/evropskakuca.me\"],\"url\":\"https:\\\/\\\/www.evropskakuca.me\\\/me\\\/author\\\/mkajic\\\/\"}]}<\/script>\n<!-- \/ Yoast SEO plugin. -->","yoast_head_json":{"title":"Uprava carina kreirala aplikaciju za akcize u okviru EU projekta - Europe House","robots":{"index":"index","follow":"follow","max-snippet":"max-snippet:-1","max-image-preview":"max-image-preview:large","max-video-preview":"max-video-preview:-1"},"canonical":"https:\/\/www.evropskakuca.me\/me\/uprava-carina-kreirala-aplikaciju-za-akcize-u-okviru-eu-projekta\/","og_locale":"en_US","og_type":"article","og_title":"Uprava carina kreirala aplikaciju za akcize u okviru EU projekta - Europe House","og_description":"Jednostavnija i br\u017ea onlajn procedura za ve\u0107u kontrolu i naplatu akciza","og_url":"https:\/\/www.evropskakuca.me\/me\/uprava-carina-kreirala-aplikaciju-za-akcize-u-okviru-eu-projekta\/","og_site_name":"Europe House","article_publisher":"https:\/\/www.facebook.com\/evropska.kuca","article_published_time":"2021-02-12T14:51:58+00:00","og_image":[{"width":1059,"height":477,"url":"https:\/\/www.evropskakuca.me\/wp-content\/uploads\/2021\/02\/uprava.jpg","type":"image\/jpeg"}],"author":"mkajic","twitter_card":"summary_large_image","twitter_creator":"@evropska_kuca","twitter_site":"@evropska_kuca","twitter_misc":{"Written by":"mkajic","Est. reading time":"2 minutes"},"schema":{"@context":"https:\/\/schema.org","@graph":[{"@type":"Article","@id":"https:\/\/www.evropskakuca.me\/me\/uprava-carina-kreirala-aplikaciju-za-akcize-u-okviru-eu-projekta\/#article","isPartOf":{"@id":"https:\/\/www.evropskakuca.me\/me\/uprava-carina-kreirala-aplikaciju-za-akcize-u-okviru-eu-projekta\/"},"author":{"name":"mkajic","@id":"https:\/\/www.evropskakuca.me\/me\/#\/schema\/person\/a1d0dcdaefe4a1cd1d60d200ea137ba4"},"headline":"Uprava carina kreirala aplikaciju za akcize u okviru EU projekta","datePublished":"2021-02-12T14:51:58+00:00","mainEntityOfPage":{"@id":"https:\/\/www.evropskakuca.me\/me\/uprava-carina-kreirala-aplikaciju-za-akcize-u-okviru-eu-projekta\/"},"wordCount":379,"publisher":{"@id":"https:\/\/www.evropskakuca.me\/me\/#organization"},"image":{"@id":"https:\/\/www.evropskakuca.me\/me\/uprava-carina-kreirala-aplikaciju-za-akcize-u-okviru-eu-projekta\/#primaryimage"},"thumbnailUrl":"https:\/\/www.evropskakuca.me\/wp-content\/uploads\/2021\/02\/uprava.jpg","articleSection":["Novosti","Uncategorized @me"],"inLanguage":"me-ME"},{"@type":"WebPage","@id":"https:\/\/www.evropskakuca.me\/me\/uprava-carina-kreirala-aplikaciju-za-akcize-u-okviru-eu-projekta\/","url":"https:\/\/www.evropskakuca.me\/me\/uprava-carina-kreirala-aplikaciju-za-akcize-u-okviru-eu-projekta\/","name":"Uprava carina kreirala aplikaciju za akcize u okviru EU projekta - Europe House","isPartOf":{"@id":"https:\/\/www.evropskakuca.me\/me\/#website"},"primaryImageOfPage":{"@id":"https:\/\/www.evropskakuca.me\/me\/uprava-carina-kreirala-aplikaciju-za-akcize-u-okviru-eu-projekta\/#primaryimage"},"image":{"@id":"https:\/\/www.evropskakuca.me\/me\/uprava-carina-kreirala-aplikaciju-za-akcize-u-okviru-eu-projekta\/#primaryimage"},"thumbnailUrl":"https:\/\/www.evropskakuca.me\/wp-content\/uploads\/2021\/02\/uprava.jpg","datePublished":"2021-02-12T14:51:58+00:00","breadcrumb":{"@id":"https:\/\/www.evropskakuca.me\/me\/uprava-carina-kreirala-aplikaciju-za-akcize-u-okviru-eu-projekta\/#breadcrumb"},"inLanguage":"me-ME","potentialAction":[{"@type":"ReadAction","target":["https:\/\/www.evropskakuca.me\/me\/uprava-carina-kreirala-aplikaciju-za-akcize-u-okviru-eu-projekta\/"]}]},{"@type":"ImageObject","inLanguage":"me-ME","@id":"https:\/\/www.evropskakuca.me\/me\/uprava-carina-kreirala-aplikaciju-za-akcize-u-okviru-eu-projekta\/#primaryimage","url":"https:\/\/www.evropskakuca.me\/wp-content\/uploads\/2021\/02\/uprava.jpg","contentUrl":"https:\/\/www.evropskakuca.me\/wp-content\/uploads\/2021\/02\/uprava.jpg","width":1059,"height":477},{"@type":"BreadcrumbList","@id":"https:\/\/www.evropskakuca.me\/me\/uprava-carina-kreirala-aplikaciju-za-akcize-u-okviru-eu-projekta\/#breadcrumb","itemListElement":[{"@type":"ListItem","position":1,"name":"Home","item":"https:\/\/www.evropskakuca.me\/me\/"},{"@type":"ListItem","position":2,"name":"Uprava carina kreirala aplikaciju za akcize u okviru EU projekta"}]},{"@type":"WebSite","@id":"https:\/\/www.evropskakuca.me\/me\/#website","url":"https:\/\/www.evropskakuca.me\/me\/","name":"Evropean house","description":"","publisher":{"@id":"https:\/\/www.evropskakuca.me\/me\/#organization"},"potentialAction":[{"@type":"SearchAction","target":{"@type":"EntryPoint","urlTemplate":"https:\/\/www.evropskakuca.me\/me\/?s={search_term_string}"},"query-input":{"@type":"PropertyValueSpecification","valueRequired":true,"valueName":"search_term_string"}}],"inLanguage":"me-ME"},{"@type":"Organization","@id":"https:\/\/www.evropskakuca.me\/me\/#organization","name":"Evropean house","url":"https:\/\/www.evropskakuca.me\/me\/","logo":{"@type":"ImageObject","inLanguage":"me-ME","@id":"https:\/\/www.evropskakuca.me\/me\/#\/schema\/logo\/image\/","url":"https:\/\/www.evropskakuca.me\/wp-content\/uploads\/2025\/01\/evropska-kuca-logo-1.png","contentUrl":"https:\/\/www.evropskakuca.me\/wp-content\/uploads\/2025\/01\/evropska-kuca-logo-1.png","width":425,"height":312,"caption":"Evropean house"},"image":{"@id":"https:\/\/www.evropskakuca.me\/me\/#\/schema\/logo\/image\/"},"sameAs":["https:\/\/www.facebook.com\/evropska.kuca","https:\/\/x.com\/evropska_kuca","https:\/\/www.instagram.com\/evropska_kuca"]},{"@type":"Person","@id":"https:\/\/www.evropskakuca.me\/me\/#\/schema\/person\/a1d0dcdaefe4a1cd1d60d200ea137ba4","name":"mkajic","image":{"@type":"ImageObject","inLanguage":"me-ME","@id":"https:\/\/secure.gravatar.com\/avatar\/731fa035cefab7316e6bafd1f25a93fb731a07de14e2d9923f8db4422628eabc?s=96&d=mm&r=g","url":"https:\/\/secure.gravatar.com\/avatar\/731fa035cefab7316e6bafd1f25a93fb731a07de14e2d9923f8db4422628eabc?s=96&d=mm&r=g","contentUrl":"https:\/\/secure.gravatar.com\/avatar\/731fa035cefab7316e6bafd1f25a93fb731a07de14e2d9923f8db4422628eabc?s=96&d=mm&r=g","caption":"mkajic"},"sameAs":["https:\/\/evropskakuca.me"],"url":"https:\/\/www.evropskakuca.me\/me\/author\/mkajic\/"}]}},"_links":{"self":[{"href":"https:\/\/www.evropskakuca.me\/me\/wp-json\/wp\/v2\/posts\/10692","targetHints":{"allow":["GET"]}}],"collection":[{"href":"https:\/\/www.evropskakuca.me\/me\/wp-json\/wp\/v2\/posts"}],"about":[{"href":"https:\/\/www.evropskakuca.me\/me\/wp-json\/wp\/v2\/types\/post"}],"author":[{"embeddable":true,"href":"https:\/\/www.evropskakuca.me\/me\/wp-json\/wp\/v2\/users\/1"}],"replies":[{"embeddable":true,"href":"https:\/\/www.evropskakuca.me\/me\/wp-json\/wp\/v2\/comments?post=10692"}],"version-history":[{"count":0,"href":"https:\/\/www.evropskakuca.me\/me\/wp-json\/wp\/v2\/posts\/10692\/revisions"}],"wp:featuredmedia":[{"embeddable":true,"href":"https:\/\/www.evropskakuca.me\/me\/wp-json\/wp\/v2\/media\/35814"}],"wp:attachment":[{"href":"https:\/\/www.evropskakuca.me\/me\/wp-json\/wp\/v2\/media?parent=10692"}],"wp:term":[{"taxonomy":"category","embeddable":true,"href":"https:\/\/www.evropskakuca.me\/me\/wp-json\/wp\/v2\/categories?post=10692"},{"taxonomy":"post_tag","embeddable":true,"href":"https:\/\/www.evropskakuca.me\/me\/wp-json\/wp\/v2\/tags?post=10692"}],"curies":[{"name":"wp","href":"https:\/\/api.w.org\/{rel}","templated":true}]}}