{"id":10679,"date":"2021-01-18T14:17:53","date_gmt":"2021-01-18T14:17:53","guid":{"rendered":"http:\/\/www.evropskakuca.me\/?p=10679"},"modified":"2021-01-18T14:17:53","modified_gmt":"2021-01-18T14:17:53","slug":"kreativna-evropa","status":"publish","type":"post","link":"https:\/\/www.evropskakuca.me\/me\/kreativna-evropa\/","title":{"rendered":"30 godina podr\u0161ke evropskim filmovima i kulturnim i kreativnim medijskim djelima"},"content":{"rendered":"<p>MEDIA ogranak programa EU Kreativna Evropa, osmi\u0161ljenog da podr\u017ei evropsku filmsku i audiovizuelnu industriju, 2021. godine slavi 30 godina od osnivanja. Da bi to obilje\u017eila, Evropska komisija pokrec\u0301e kampanju za proslavu 30 godina podr\u0161ke, uz pokretanje novog programa MEDIA Kreativne Evrope, koji c\u0301e trajati od 2021. do 2027. godine.<\/p>\n<p>Od 1991. godine Creative Europe MEDIA ulo\u017eio je preko 2,6 milijardi eura u filmsku i audiovizuelnu industriju kao podr\u0161ku razvoju, promociji i distribuciji evropskih djela u Evropi i \u0161ire. Njegova dugogodi\u0161nja podr\u0161ka oja\u010dala je konkurentnost sektora i doprinijela obogac\u0301ivanju evropske kulturne raznolikosti, dok je istovremeno promovisala audiovizuelne kreacije preko granica i pomogla odavanju priznanja najboljim od njih.<\/p>\n<p>Za 2021.-2027. planirani bud\u017eet za cio program Kreativna Evropa iznosic\u0301e 2,4 milijarde eura, \u0161to predstavlja povec\u0301anje od 80% u odnosu na prethodni period (2014-2020.), Od toga c\u0301e 1,4 milijarde eura biti posvec\u0301eno njegovom podprogramu MEDIA. Nastavi\u0107e se podr\u0161ka za medijske projekte sa evropskom i me\u0111unarodnom dimenzijom, kao i podr\u0161ka talentima i promocija upotrebe novih tehnologija.<\/p>\n<p>Kampanja za proslavu 30 godina Kreativne Evrope<\/p>\n<p>Tokom 2021. godine Komisija c\u0301e voditi komunikacionu kampanju za proslavu 30-godi\u0161njice MEDIA ogranka Kreativne Evrope. Sadr\u017eaj kampanje fokusirac\u0301e se na 10 razli\u010ditih tema i bic\u0301e predstavljen prvenstveno na dru\u0161tvenim mre\u017eama, sa ciljem da dosegne mlade ljude i profesionalce iz industrije. Imac\u0301e namjensku veb stranicu i Instagram seriju: \u201cIza kulisa evropskog sadr\u017eaja &#8211; Kako se podr\u0161ka EU pretvara u price\u201d. Ova serija c\u0301e se sastojati od 12 kratkih epizoda kako bi se naglasilo kako EU podr\u017eava audiovizuelne i filmske projekte na terenu.<\/p>\n<p><strong>Pozadina<\/strong><\/p>\n<p>Creative Europe \u00a0MEDIA poma\u017ee u pokretanju i distribuciji projekata sa evropskom dimenzijom i me\u0111unarodnim potencijalom, \u00a0van nacionalnih i evropskih granica. Njegove akcije finansiranja pru\u017eaju podr\u0161ku audiovizuelnim djelima, uklju\u010dujuc\u0301i filmove, TV serije, dokumentarne filmove, video igre i imerzivan sadr\u017eaj, kao i bioskopima, festivalima, VOD uslugama i industrijskim tr\u017ei\u0161tima. Tako\u0111e doprinosi podsticanju evropskih talenata kroz programe obuke, kao i razvoju publike i filmskom obrazovanju.<\/p>\n<p>U decembru pro\u0161le godine, Evropski parlament i dr\u017eave \u010dlanice EU postigle su politi\u010dki dogovor o novom programu Kreativna Evropa za 2021-2027. Ranije istog mjeseca Komisija je usvojila Akcioni plan za medijski i audiovizuelni sektor kako bi podr\u017eala njegov oporavak, transformaciju, kako bi omoguc\u0301ila industriji da se pro\u0161iri na jedinstvenom tr\u017ei\u0161tu i osna\u017eila gra\u0111ane da imaju \u0161iri izbor.<\/p>\n<p>Ovi sektori, posebno pogo\u0111eni krizom koronavirusa, od su\u0161tinskog su zna\u010daja za demokratiju, evropsku kulturnu raznolikost i digitalnu autonomiju. Akcioni plan utvr\u0111uje 10 konkretnih akcija za rje\u0161avanje ovih izazova ja\u010danjem finansijske podr\u0161ke, ubrzavanjem digitalne transformacije i ja\u010danjem otpornosti na evropskom nivou. Mnoge akcije bic\u0301e pokrenute u prvim mesecima 2021. godine.<\/p>\n","protected":false},"excerpt":{"rendered":"<p>Kreativna Evropa<\/p>\n","protected":false},"author":1,"featured_media":34731,"comment_status":"closed","ping_status":"closed","sticky":false,"template":"","format":"standard","meta":{"_acf_changed":false,"footnotes":""},"categories":[283],"tags":[],"class_list":["post-10679","post","type-post","status-publish","format-standard","has-post-thumbnail","hentry","category-novosti-me"],"acf":[],"yoast_head":"<!-- This site is optimized with the Yoast SEO plugin v27.3 - https:\/\/yoast.com\/product\/yoast-seo-wordpress\/ -->\n<title>30 godina podr\u0161ke evropskim filmovima i kulturnim i kreativnim medijskim djelima - Europe House<\/title>\n<meta name=\"robots\" content=\"index, follow, max-snippet:-1, max-image-preview:large, max-video-preview:-1\" \/>\n<link rel=\"canonical\" href=\"https:\/\/www.evropskakuca.me\/me\/kreativna-evropa\/\" \/>\n<meta property=\"og:locale\" content=\"en_US\" \/>\n<meta property=\"og:type\" content=\"article\" \/>\n<meta property=\"og:title\" content=\"30 godina podr\u0161ke evropskim filmovima i kulturnim i kreativnim medijskim djelima - Europe House\" \/>\n<meta property=\"og:description\" content=\"Kreativna Evropa\" \/>\n<meta property=\"og:url\" content=\"https:\/\/www.evropskakuca.me\/me\/kreativna-evropa\/\" \/>\n<meta property=\"og:site_name\" content=\"Europe House\" \/>\n<meta property=\"article:publisher\" content=\"https:\/\/www.facebook.com\/evropska.kuca\" \/>\n<meta property=\"article:published_time\" content=\"2021-01-18T14:17:53+00:00\" \/>\n<meta property=\"og:image\" content=\"https:\/\/www.evropskakuca.me\/wp-content\/uploads\/2019\/11\/creative-europe-00-002-002.png\" \/>\n\t<meta property=\"og:image:width\" content=\"1000\" \/>\n\t<meta property=\"og:image:height\" content=\"723\" \/>\n\t<meta property=\"og:image:type\" content=\"image\/png\" \/>\n<meta name=\"author\" content=\"mkajic\" \/>\n<meta name=\"twitter:card\" content=\"summary_large_image\" \/>\n<meta name=\"twitter:creator\" content=\"@evropska_kuca\" \/>\n<meta name=\"twitter:site\" content=\"@evropska_kuca\" \/>\n<meta name=\"twitter:label1\" content=\"Written by\" \/>\n\t<meta name=\"twitter:data1\" content=\"mkajic\" \/>\n\t<meta name=\"twitter:label2\" content=\"Est. reading time\" \/>\n\t<meta name=\"twitter:data2\" content=\"2 minutes\" \/>\n<script type=\"application\/ld+json\" class=\"yoast-schema-graph\">{\"@context\":\"https:\\\/\\\/schema.org\",\"@graph\":[{\"@type\":\"Article\",\"@id\":\"https:\\\/\\\/www.evropskakuca.me\\\/me\\\/kreativna-evropa\\\/#article\",\"isPartOf\":{\"@id\":\"https:\\\/\\\/www.evropskakuca.me\\\/me\\\/kreativna-evropa\\\/\"},\"author\":{\"name\":\"mkajic\",\"@id\":\"https:\\\/\\\/www.evropskakuca.me\\\/me\\\/#\\\/schema\\\/person\\\/a1d0dcdaefe4a1cd1d60d200ea137ba4\"},\"headline\":\"30 godina podr\u0161ke evropskim filmovima i kulturnim i kreativnim medijskim djelima\",\"datePublished\":\"2021-01-18T14:17:53+00:00\",\"mainEntityOfPage\":{\"@id\":\"https:\\\/\\\/www.evropskakuca.me\\\/me\\\/kreativna-evropa\\\/\"},\"wordCount\":476,\"publisher\":{\"@id\":\"https:\\\/\\\/www.evropskakuca.me\\\/me\\\/#organization\"},\"image\":{\"@id\":\"https:\\\/\\\/www.evropskakuca.me\\\/me\\\/kreativna-evropa\\\/#primaryimage\"},\"thumbnailUrl\":\"https:\\\/\\\/www.evropskakuca.me\\\/wp-content\\\/uploads\\\/2019\\\/11\\\/creative-europe-00-002-002.png\",\"articleSection\":[\"Novosti\"],\"inLanguage\":\"me-ME\"},{\"@type\":\"WebPage\",\"@id\":\"https:\\\/\\\/www.evropskakuca.me\\\/me\\\/kreativna-evropa\\\/\",\"url\":\"https:\\\/\\\/www.evropskakuca.me\\\/me\\\/kreativna-evropa\\\/\",\"name\":\"30 godina podr\u0161ke evropskim filmovima i kulturnim i kreativnim medijskim djelima - Europe House\",\"isPartOf\":{\"@id\":\"https:\\\/\\\/www.evropskakuca.me\\\/me\\\/#website\"},\"primaryImageOfPage\":{\"@id\":\"https:\\\/\\\/www.evropskakuca.me\\\/me\\\/kreativna-evropa\\\/#primaryimage\"},\"image\":{\"@id\":\"https:\\\/\\\/www.evropskakuca.me\\\/me\\\/kreativna-evropa\\\/#primaryimage\"},\"thumbnailUrl\":\"https:\\\/\\\/www.evropskakuca.me\\\/wp-content\\\/uploads\\\/2019\\\/11\\\/creative-europe-00-002-002.png\",\"datePublished\":\"2021-01-18T14:17:53+00:00\",\"breadcrumb\":{\"@id\":\"https:\\\/\\\/www.evropskakuca.me\\\/me\\\/kreativna-evropa\\\/#breadcrumb\"},\"inLanguage\":\"me-ME\",\"potentialAction\":[{\"@type\":\"ReadAction\",\"target\":[\"https:\\\/\\\/www.evropskakuca.me\\\/me\\\/kreativna-evropa\\\/\"]}]},{\"@type\":\"ImageObject\",\"inLanguage\":\"me-ME\",\"@id\":\"https:\\\/\\\/www.evropskakuca.me\\\/me\\\/kreativna-evropa\\\/#primaryimage\",\"url\":\"https:\\\/\\\/www.evropskakuca.me\\\/wp-content\\\/uploads\\\/2019\\\/11\\\/creative-europe-00-002-002.png\",\"contentUrl\":\"https:\\\/\\\/www.evropskakuca.me\\\/wp-content\\\/uploads\\\/2019\\\/11\\\/creative-europe-00-002-002.png\",\"width\":1000,\"height\":723},{\"@type\":\"BreadcrumbList\",\"@id\":\"https:\\\/\\\/www.evropskakuca.me\\\/me\\\/kreativna-evropa\\\/#breadcrumb\",\"itemListElement\":[{\"@type\":\"ListItem\",\"position\":1,\"name\":\"Home\",\"item\":\"https:\\\/\\\/www.evropskakuca.me\\\/me\\\/\"},{\"@type\":\"ListItem\",\"position\":2,\"name\":\"30 godina podr\u0161ke evropskim filmovima i kulturnim i kreativnim medijskim djelima\"}]},{\"@type\":\"WebSite\",\"@id\":\"https:\\\/\\\/www.evropskakuca.me\\\/me\\\/#website\",\"url\":\"https:\\\/\\\/www.evropskakuca.me\\\/me\\\/\",\"name\":\"Evropean house\",\"description\":\"\",\"publisher\":{\"@id\":\"https:\\\/\\\/www.evropskakuca.me\\\/me\\\/#organization\"},\"potentialAction\":[{\"@type\":\"SearchAction\",\"target\":{\"@type\":\"EntryPoint\",\"urlTemplate\":\"https:\\\/\\\/www.evropskakuca.me\\\/me\\\/?s={search_term_string}\"},\"query-input\":{\"@type\":\"PropertyValueSpecification\",\"valueRequired\":true,\"valueName\":\"search_term_string\"}}],\"inLanguage\":\"me-ME\"},{\"@type\":\"Organization\",\"@id\":\"https:\\\/\\\/www.evropskakuca.me\\\/me\\\/#organization\",\"name\":\"Evropean house\",\"url\":\"https:\\\/\\\/www.evropskakuca.me\\\/me\\\/\",\"logo\":{\"@type\":\"ImageObject\",\"inLanguage\":\"me-ME\",\"@id\":\"https:\\\/\\\/www.evropskakuca.me\\\/me\\\/#\\\/schema\\\/logo\\\/image\\\/\",\"url\":\"https:\\\/\\\/www.evropskakuca.me\\\/wp-content\\\/uploads\\\/2025\\\/01\\\/evropska-kuca-logo-1.png\",\"contentUrl\":\"https:\\\/\\\/www.evropskakuca.me\\\/wp-content\\\/uploads\\\/2025\\\/01\\\/evropska-kuca-logo-1.png\",\"width\":425,\"height\":312,\"caption\":\"Evropean house\"},\"image\":{\"@id\":\"https:\\\/\\\/www.evropskakuca.me\\\/me\\\/#\\\/schema\\\/logo\\\/image\\\/\"},\"sameAs\":[\"https:\\\/\\\/www.facebook.com\\\/evropska.kuca\",\"https:\\\/\\\/x.com\\\/evropska_kuca\",\"https:\\\/\\\/www.instagram.com\\\/evropska_kuca\"]},{\"@type\":\"Person\",\"@id\":\"https:\\\/\\\/www.evropskakuca.me\\\/me\\\/#\\\/schema\\\/person\\\/a1d0dcdaefe4a1cd1d60d200ea137ba4\",\"name\":\"mkajic\",\"image\":{\"@type\":\"ImageObject\",\"inLanguage\":\"me-ME\",\"@id\":\"https:\\\/\\\/secure.gravatar.com\\\/avatar\\\/731fa035cefab7316e6bafd1f25a93fb731a07de14e2d9923f8db4422628eabc?s=96&d=mm&r=g\",\"url\":\"https:\\\/\\\/secure.gravatar.com\\\/avatar\\\/731fa035cefab7316e6bafd1f25a93fb731a07de14e2d9923f8db4422628eabc?s=96&d=mm&r=g\",\"contentUrl\":\"https:\\\/\\\/secure.gravatar.com\\\/avatar\\\/731fa035cefab7316e6bafd1f25a93fb731a07de14e2d9923f8db4422628eabc?s=96&d=mm&r=g\",\"caption\":\"mkajic\"},\"sameAs\":[\"https:\\\/\\\/evropskakuca.me\"],\"url\":\"https:\\\/\\\/www.evropskakuca.me\\\/me\\\/author\\\/mkajic\\\/\"}]}<\/script>\n<!-- \/ Yoast SEO plugin. -->","yoast_head_json":{"title":"30 godina podr\u0161ke evropskim filmovima i kulturnim i kreativnim medijskim djelima - Europe House","robots":{"index":"index","follow":"follow","max-snippet":"max-snippet:-1","max-image-preview":"max-image-preview:large","max-video-preview":"max-video-preview:-1"},"canonical":"https:\/\/www.evropskakuca.me\/me\/kreativna-evropa\/","og_locale":"en_US","og_type":"article","og_title":"30 godina podr\u0161ke evropskim filmovima i kulturnim i kreativnim medijskim djelima - Europe House","og_description":"Kreativna Evropa","og_url":"https:\/\/www.evropskakuca.me\/me\/kreativna-evropa\/","og_site_name":"Europe House","article_publisher":"https:\/\/www.facebook.com\/evropska.kuca","article_published_time":"2021-01-18T14:17:53+00:00","og_image":[{"width":1000,"height":723,"url":"https:\/\/www.evropskakuca.me\/wp-content\/uploads\/2019\/11\/creative-europe-00-002-002.png","type":"image\/png"}],"author":"mkajic","twitter_card":"summary_large_image","twitter_creator":"@evropska_kuca","twitter_site":"@evropska_kuca","twitter_misc":{"Written by":"mkajic","Est. reading time":"2 minutes"},"schema":{"@context":"https:\/\/schema.org","@graph":[{"@type":"Article","@id":"https:\/\/www.evropskakuca.me\/me\/kreativna-evropa\/#article","isPartOf":{"@id":"https:\/\/www.evropskakuca.me\/me\/kreativna-evropa\/"},"author":{"name":"mkajic","@id":"https:\/\/www.evropskakuca.me\/me\/#\/schema\/person\/a1d0dcdaefe4a1cd1d60d200ea137ba4"},"headline":"30 godina podr\u0161ke evropskim filmovima i kulturnim i kreativnim medijskim djelima","datePublished":"2021-01-18T14:17:53+00:00","mainEntityOfPage":{"@id":"https:\/\/www.evropskakuca.me\/me\/kreativna-evropa\/"},"wordCount":476,"publisher":{"@id":"https:\/\/www.evropskakuca.me\/me\/#organization"},"image":{"@id":"https:\/\/www.evropskakuca.me\/me\/kreativna-evropa\/#primaryimage"},"thumbnailUrl":"https:\/\/www.evropskakuca.me\/wp-content\/uploads\/2019\/11\/creative-europe-00-002-002.png","articleSection":["Novosti"],"inLanguage":"me-ME"},{"@type":"WebPage","@id":"https:\/\/www.evropskakuca.me\/me\/kreativna-evropa\/","url":"https:\/\/www.evropskakuca.me\/me\/kreativna-evropa\/","name":"30 godina podr\u0161ke evropskim filmovima i kulturnim i kreativnim medijskim djelima - Europe House","isPartOf":{"@id":"https:\/\/www.evropskakuca.me\/me\/#website"},"primaryImageOfPage":{"@id":"https:\/\/www.evropskakuca.me\/me\/kreativna-evropa\/#primaryimage"},"image":{"@id":"https:\/\/www.evropskakuca.me\/me\/kreativna-evropa\/#primaryimage"},"thumbnailUrl":"https:\/\/www.evropskakuca.me\/wp-content\/uploads\/2019\/11\/creative-europe-00-002-002.png","datePublished":"2021-01-18T14:17:53+00:00","breadcrumb":{"@id":"https:\/\/www.evropskakuca.me\/me\/kreativna-evropa\/#breadcrumb"},"inLanguage":"me-ME","potentialAction":[{"@type":"ReadAction","target":["https:\/\/www.evropskakuca.me\/me\/kreativna-evropa\/"]}]},{"@type":"ImageObject","inLanguage":"me-ME","@id":"https:\/\/www.evropskakuca.me\/me\/kreativna-evropa\/#primaryimage","url":"https:\/\/www.evropskakuca.me\/wp-content\/uploads\/2019\/11\/creative-europe-00-002-002.png","contentUrl":"https:\/\/www.evropskakuca.me\/wp-content\/uploads\/2019\/11\/creative-europe-00-002-002.png","width":1000,"height":723},{"@type":"BreadcrumbList","@id":"https:\/\/www.evropskakuca.me\/me\/kreativna-evropa\/#breadcrumb","itemListElement":[{"@type":"ListItem","position":1,"name":"Home","item":"https:\/\/www.evropskakuca.me\/me\/"},{"@type":"ListItem","position":2,"name":"30 godina podr\u0161ke evropskim filmovima i kulturnim i kreativnim medijskim djelima"}]},{"@type":"WebSite","@id":"https:\/\/www.evropskakuca.me\/me\/#website","url":"https:\/\/www.evropskakuca.me\/me\/","name":"Evropean house","description":"","publisher":{"@id":"https:\/\/www.evropskakuca.me\/me\/#organization"},"potentialAction":[{"@type":"SearchAction","target":{"@type":"EntryPoint","urlTemplate":"https:\/\/www.evropskakuca.me\/me\/?s={search_term_string}"},"query-input":{"@type":"PropertyValueSpecification","valueRequired":true,"valueName":"search_term_string"}}],"inLanguage":"me-ME"},{"@type":"Organization","@id":"https:\/\/www.evropskakuca.me\/me\/#organization","name":"Evropean house","url":"https:\/\/www.evropskakuca.me\/me\/","logo":{"@type":"ImageObject","inLanguage":"me-ME","@id":"https:\/\/www.evropskakuca.me\/me\/#\/schema\/logo\/image\/","url":"https:\/\/www.evropskakuca.me\/wp-content\/uploads\/2025\/01\/evropska-kuca-logo-1.png","contentUrl":"https:\/\/www.evropskakuca.me\/wp-content\/uploads\/2025\/01\/evropska-kuca-logo-1.png","width":425,"height":312,"caption":"Evropean house"},"image":{"@id":"https:\/\/www.evropskakuca.me\/me\/#\/schema\/logo\/image\/"},"sameAs":["https:\/\/www.facebook.com\/evropska.kuca","https:\/\/x.com\/evropska_kuca","https:\/\/www.instagram.com\/evropska_kuca"]},{"@type":"Person","@id":"https:\/\/www.evropskakuca.me\/me\/#\/schema\/person\/a1d0dcdaefe4a1cd1d60d200ea137ba4","name":"mkajic","image":{"@type":"ImageObject","inLanguage":"me-ME","@id":"https:\/\/secure.gravatar.com\/avatar\/731fa035cefab7316e6bafd1f25a93fb731a07de14e2d9923f8db4422628eabc?s=96&d=mm&r=g","url":"https:\/\/secure.gravatar.com\/avatar\/731fa035cefab7316e6bafd1f25a93fb731a07de14e2d9923f8db4422628eabc?s=96&d=mm&r=g","contentUrl":"https:\/\/secure.gravatar.com\/avatar\/731fa035cefab7316e6bafd1f25a93fb731a07de14e2d9923f8db4422628eabc?s=96&d=mm&r=g","caption":"mkajic"},"sameAs":["https:\/\/evropskakuca.me"],"url":"https:\/\/www.evropskakuca.me\/me\/author\/mkajic\/"}]}},"_links":{"self":[{"href":"https:\/\/www.evropskakuca.me\/me\/wp-json\/wp\/v2\/posts\/10679","targetHints":{"allow":["GET"]}}],"collection":[{"href":"https:\/\/www.evropskakuca.me\/me\/wp-json\/wp\/v2\/posts"}],"about":[{"href":"https:\/\/www.evropskakuca.me\/me\/wp-json\/wp\/v2\/types\/post"}],"author":[{"embeddable":true,"href":"https:\/\/www.evropskakuca.me\/me\/wp-json\/wp\/v2\/users\/1"}],"replies":[{"embeddable":true,"href":"https:\/\/www.evropskakuca.me\/me\/wp-json\/wp\/v2\/comments?post=10679"}],"version-history":[{"count":0,"href":"https:\/\/www.evropskakuca.me\/me\/wp-json\/wp\/v2\/posts\/10679\/revisions"}],"wp:featuredmedia":[{"embeddable":true,"href":"https:\/\/www.evropskakuca.me\/me\/wp-json\/wp\/v2\/media\/34731"}],"wp:attachment":[{"href":"https:\/\/www.evropskakuca.me\/me\/wp-json\/wp\/v2\/media?parent=10679"}],"wp:term":[{"taxonomy":"category","embeddable":true,"href":"https:\/\/www.evropskakuca.me\/me\/wp-json\/wp\/v2\/categories?post=10679"},{"taxonomy":"post_tag","embeddable":true,"href":"https:\/\/www.evropskakuca.me\/me\/wp-json\/wp\/v2\/tags?post=10679"}],"curies":[{"name":"wp","href":"https:\/\/api.w.org\/{rel}","templated":true}]}}