{"id":10665,"date":"2021-01-15T13:52:43","date_gmt":"2021-01-15T13:52:43","guid":{"rendered":"http:\/\/www.evropskakuca.me\/?p=10665"},"modified":"2021-01-15T13:52:43","modified_gmt":"2021-01-15T13:52:43","slug":"veliki-rast-podrske-clanstvu-crne-gore-u-evropskoj-uniji","status":"publish","type":"post","link":"https:\/\/www.evropskakuca.me\/me\/veliki-rast-podrske-clanstvu-crne-gore-u-evropskoj-uniji\/","title":{"rendered":"Veliki rast podr\u0161ke \u010dlanstvu Crne Gore u Evropskoj uniji"},"content":{"rendered":"<p>Godina za nama donijela je <strong>zna\u010dajan skok podr\u0161ke crnogorskih gra\u0111ana \u010dlanstvu dr\u017eave u Evropskoj uniji<\/strong>, pokazuju rezultati istra\u017eivanja koje je za potrebe Delegacije Evropske unije u Crnoj Gori sprovela Agencija DeFacto u novembru i decembru 2020. <strong>77,6% crnogorskih gra\u0111ana ima pozitivan stav o Evropskoj uniji<\/strong> (u odnosu na 66,1% u decembru 2019.) a smanjuje se broj onijh koji imaju negativan stav, 17,7% u decembru 2020 (u odnosu na 24,3% u decembru 2019.).<\/p>\n<p><strong>74,8% podr\u017eava \u010dlanstvo svoje dr\u017eave u Evropskoj uniji<\/strong> dok je 22, 3% protiv \u0161to je veliki porast u odnosu na decembar 2019. godine kada je \u010dlanstvo podr\u017eavalo oko 66% gra\u0111ana, dok je 23% bilo protiv. Istra\u017eivanje pokazuje da bi, ukoliko bi sada bio raspisan referendum, \u010dak\u00a0 <strong>85,7% iza\u0161lih glasalo za \u010dlanstvo Crne Gore u Evropskoj uniji.<\/strong><\/p>\n<p><em>\u201cNajve\u0107a promjena se desila u kategoriji tzv. umjerenih podr\u017eavalaca \u010diji je procenat porastao na ra\u010dun umjerenih protivnika pristupanja Crne Gore Evropskoj uniji. Mogu\u0107e obja\u0161njenje bilo bi da je dio gra\u0111ana koji su prije Parlamentarnih izbora 30. avgusta bili skepti\u010dni prema Evropskoj uniji promijenilo svoje stavove u pozitivnom smjeru, dok oni koji su ranije podr\u017eavali integracije nakon izbora nisu promijenili svoj stav u negativnom smjeru.\u201d<\/em> kazala je <strong>Olivera Komar iz agencije DeFacto<\/strong>, predstavljaju\u0107i izvje\u0161taj.<\/p>\n<p>Iz godine u godinu glavni razlozi podr\u0161ke \u010dlanstvu Crne Gore u EU se ne mijenjaju. Kao klju\u010dni razlog podr\u0161ke gra\u0111ani, i to polovina njih, navode pobolj\u0161anje kvaliteta \u017eivota i \u017eivotnog standarda. <strong>Bolja budu\u0107nost i pobolj\u0161anje kvaliteta \u017eivota su i prva asocijacija crnogorskih gra\u0111ana na Evropsku uniju<\/strong>.\u00a0 Zatim slijedi mogu\u0107nost slobodnog putovanja dok je na tre\u0107em mjestu stabilnost koju nudi \u010dlanstvo.<\/p>\n<p>Preko polovine gra\u0111ana zna za podr\u0161ku koju je Evropska unija uputila Crnoj Gori u borbi sa virusom COVID-19. <strong>Skoro polovina gra\u0111ana, njih 48,6%, smatra da je Evropska unija pokazala najvi\u0161e solidarnosti sa Crnom Gorom u borbi protiv epidemije<\/strong>. Da je odgovor Evropske unije na epidemiju koronavirusa u Crnoj Gori bio brz i dovoljan smatra 64,8% ispitanih. Gra\u0111ani Uniju prepoznaju kao najve\u0107eg stranog donatora Crnoj Gori ali i kao zajednicu sa kojom Crna Gora treba da ima najja\u010de politi\u010dke, ekonomske i trgova\u010dke veze.<\/p>\n<p><img fetchpriority=\"high\" decoding=\"async\" class=\"alignnone size-large wp-image-10668\" src=\"http:\/\/www.evropskakuca.me\/wp-content\/uploads\/2021\/01\/istrazivanje-fin-2-1024x682.jpg\" alt=\"\" width=\"1024\" height=\"682\" \/><\/p>\n<p><em>\u201c\u010cinjenica da danas imamo rekordno visok nivo javne podr\u0161ke integraciji Crne Gore u EU jasno nam govori da gra\u0111ani prepoznaju i cijene zna\u010daj i iskrenost podr\u0161ke EU u ovim te\u0161kim vremenima. Izuzetno me obradovalo saznanje da je istra\u017eivanje pokazalo da bi, u slu\u010daju raspisivanja referenduma, vi\u0161e od 85% gra\u0111ana glasalo za pristupanje Crne Gore Evropskoj uniji. Ovaj podatak je ubjedljivo svjedo\u010danstvo o stepenu povjerenja koje crnogorski gra\u0111ani imaju u EU i snazi njihove \u017eelje da postanu dio ujedinjene Evrope. To je sna\u017ena poruka svim relevantnim dr\u017eavnim akterima da gra\u0111ani od njih o\u010dekuju da rade zajedno i premoste razlike kako bi Crna Gora mogla sprovesti klju\u010dne reforme i zauzeti svoje pravo mjesto u EU,\u201d<\/em> kazala je <strong>\u0161efica Delegacije Evropske unije u Crnoj Gori ambasadorka Oana Kristina Popa<\/strong>.<\/p>\n<p><strong>Gra\u0111ani kao najve\u0107u prepreku \u010dlanstvu Crne Gore u Evropskoj uniji vide \u0161iroko rasprostranjenu korupciju, ekonomsku situaciju u zemlji i \u0161iroko rasprostranjen organizovani kriminal<\/strong>. Ve\u0107ina ispitanika smatra da \u010dlanstvo Crne Gore u Evropskoj uniji ne mo\u017ee nanijeti \u0161tetu dr\u017eavnim interesima, a njih preko <strong>50% smatra da \u0107e \u010dlanstvo donijeti mnogo vi\u0161e koristi nego \u0161tete<\/strong>.\u00a0 Da \u0107e Crna Gora ispuniti kriterijume za \u010dlanstvo u uniji do 2025. godine vjeruje 43,2% ispitanika, dok njih 31, 2% ne zna odgovor na to pitanje a 13,2% vjeruje da Crna Gora ne mo\u017ee ispuniti postavljene kriterijume.<\/p>\n<p><img decoding=\"async\" class=\"alignnone size-large wp-image-10672\" src=\"http:\/\/www.evropskakuca.me\/wp-content\/uploads\/2021\/01\/istrazivanje-fin-3-1024x682.jpg\" alt=\"\" width=\"1024\" height=\"682\" \/><\/p>\n<p><strong>Glavna pregovara\u010dica, Zorka<\/strong> <strong>Kordi\u0107<\/strong> je poru\u010dila da \u017eelja gra\u0111ana da Crna Gora bude dio evropske porodice vezuje cjelokupno crnogorsko dru\u0161tvo. Istakla je da je integracija u EU najsveobuhvatniji i najkompleksniji reformski proces dr\u017eave u novijoj istoriji i dodala da\u00a0 proces vodi Vlada u ime cijelog dru\u0161tva, ali se on ti\u010de svih gra\u0111ana i upravo zato zahtijeva njihovu kvalitetnu i punu informisanost, kao i aktivno u\u010de\u0161\u0107e i podr\u0161ku.<\/p>\n<p><em>\u201cOvoliki stepen podr\u0161ke javnosti daje podstrek aktivnostima Vlade u ostvarenju strate\u0161kog cilja &#8211; da Crna Gora bude 28. \u010dlanica EU. To predstavlja sna\u017enu motivaciju za na\u0161 pregovara\u010dki tim, ali i sve druge aktere na\u0161eg dru\u0161tva, da se jo\u0161 aktivnije anga\u017eujemo na sprovo\u0111enju reformi koje \u0107e osigurati da Crna Gora bude sljede\u0107a \u010dlanica EU\u201d, <\/em><strong>rekla je Kordi\u0107.<\/strong><\/p>\n<p>Ona je poru\u010dila da \u0107e se u narednom periodu poja\u010dati aktivnosti koje \u0107e doprinijeti sadr\u017eajnijem informisanju,\u00a0 pove\u0107anju interesovanja i ve\u0107eg u\u010de\u0161\u0107a gra\u0111ana u samom procesu.<\/p>\n<p>Crnogorski gra\u0111ani ve\u0107inski smatraju da su dobro informisani o Evropskoj uniji, njenim politikama i institucijama kao i o samom procesu pristupanja. Tako\u0111e raste i poznavanje fondova koji su Crnoj Gori na raspolaganju tokom procesa pristupanja. DeFacto Consultancy je istra\u017eivanje uradila na reprezentativnom uzorku od 1006 ispitanika u periodu izme\u0111u 15. novembra i 11. decembra protekle godine.<\/p>\n","protected":false},"excerpt":{"rendered":"<p>Pokazalo istra\u017eivanje javnog mnjenja<\/p>\n","protected":false},"author":1,"featured_media":35792,"comment_status":"closed","ping_status":"closed","sticky":false,"template":"","format":"standard","meta":{"_acf_changed":false,"footnotes":""},"categories":[285,283],"tags":[],"class_list":["post-10665","post","type-post","status-publish","format-standard","has-post-thumbnail","hentry","category-kampanje-i-eventi","category-novosti-me"],"acf":[],"yoast_head":"<!-- This site is optimized with the Yoast SEO plugin v27.3 - https:\/\/yoast.com\/product\/yoast-seo-wordpress\/ -->\n<title>Veliki rast podr\u0161ke \u010dlanstvu Crne Gore u Evropskoj uniji - Europe House<\/title>\n<meta name=\"robots\" content=\"index, follow, max-snippet:-1, max-image-preview:large, max-video-preview:-1\" \/>\n<link rel=\"canonical\" href=\"https:\/\/www.evropskakuca.me\/me\/veliki-rast-podrske-clanstvu-crne-gore-u-evropskoj-uniji\/\" \/>\n<meta property=\"og:locale\" content=\"en_US\" \/>\n<meta property=\"og:type\" content=\"article\" \/>\n<meta property=\"og:title\" content=\"Veliki rast podr\u0161ke \u010dlanstvu Crne Gore u Evropskoj uniji - Europe House\" \/>\n<meta property=\"og:description\" content=\"Pokazalo istra\u017eivanje javnog mnjenja\" \/>\n<meta property=\"og:url\" content=\"https:\/\/www.evropskakuca.me\/me\/veliki-rast-podrske-clanstvu-crne-gore-u-evropskoj-uniji\/\" \/>\n<meta property=\"og:site_name\" content=\"Europe House\" \/>\n<meta property=\"article:publisher\" content=\"https:\/\/www.facebook.com\/evropska.kuca\" \/>\n<meta property=\"article:published_time\" content=\"2021-01-15T13:52:43+00:00\" \/>\n<meta property=\"og:image\" content=\"https:\/\/www.evropskakuca.me\/wp-content\/uploads\/2021\/01\/istrazivanje-fin.jpg\" \/>\n\t<meta property=\"og:image:width\" content=\"1280\" \/>\n\t<meta property=\"og:image:height\" content=\"853\" \/>\n\t<meta property=\"og:image:type\" content=\"image\/jpeg\" \/>\n<meta name=\"author\" content=\"mkajic\" \/>\n<meta name=\"twitter:card\" content=\"summary_large_image\" \/>\n<meta name=\"twitter:creator\" content=\"@evropska_kuca\" \/>\n<meta name=\"twitter:site\" content=\"@evropska_kuca\" \/>\n<meta name=\"twitter:label1\" content=\"Written by\" \/>\n\t<meta name=\"twitter:data1\" content=\"mkajic\" \/>\n\t<meta name=\"twitter:label2\" content=\"Est. reading time\" \/>\n\t<meta name=\"twitter:data2\" content=\"4 minutes\" \/>\n<script type=\"application\/ld+json\" class=\"yoast-schema-graph\">{\"@context\":\"https:\\\/\\\/schema.org\",\"@graph\":[{\"@type\":\"Article\",\"@id\":\"https:\\\/\\\/www.evropskakuca.me\\\/me\\\/veliki-rast-podrske-clanstvu-crne-gore-u-evropskoj-uniji\\\/#article\",\"isPartOf\":{\"@id\":\"https:\\\/\\\/www.evropskakuca.me\\\/me\\\/veliki-rast-podrske-clanstvu-crne-gore-u-evropskoj-uniji\\\/\"},\"author\":{\"name\":\"mkajic\",\"@id\":\"https:\\\/\\\/www.evropskakuca.me\\\/me\\\/#\\\/schema\\\/person\\\/a1d0dcdaefe4a1cd1d60d200ea137ba4\"},\"headline\":\"Veliki rast podr\u0161ke \u010dlanstvu Crne Gore u Evropskoj uniji\",\"datePublished\":\"2021-01-15T13:52:43+00:00\",\"mainEntityOfPage\":{\"@id\":\"https:\\\/\\\/www.evropskakuca.me\\\/me\\\/veliki-rast-podrske-clanstvu-crne-gore-u-evropskoj-uniji\\\/\"},\"wordCount\":841,\"publisher\":{\"@id\":\"https:\\\/\\\/www.evropskakuca.me\\\/me\\\/#organization\"},\"image\":{\"@id\":\"https:\\\/\\\/www.evropskakuca.me\\\/me\\\/veliki-rast-podrske-clanstvu-crne-gore-u-evropskoj-uniji\\\/#primaryimage\"},\"thumbnailUrl\":\"https:\\\/\\\/www.evropskakuca.me\\\/wp-content\\\/uploads\\\/2021\\\/01\\\/istrazivanje-fin.jpg\",\"articleSection\":[\"Kampanje i eventi\",\"Novosti\"],\"inLanguage\":\"me-ME\"},{\"@type\":\"WebPage\",\"@id\":\"https:\\\/\\\/www.evropskakuca.me\\\/me\\\/veliki-rast-podrske-clanstvu-crne-gore-u-evropskoj-uniji\\\/\",\"url\":\"https:\\\/\\\/www.evropskakuca.me\\\/me\\\/veliki-rast-podrske-clanstvu-crne-gore-u-evropskoj-uniji\\\/\",\"name\":\"Veliki rast podr\u0161ke \u010dlanstvu Crne Gore u Evropskoj uniji - Europe House\",\"isPartOf\":{\"@id\":\"https:\\\/\\\/www.evropskakuca.me\\\/me\\\/#website\"},\"primaryImageOfPage\":{\"@id\":\"https:\\\/\\\/www.evropskakuca.me\\\/me\\\/veliki-rast-podrske-clanstvu-crne-gore-u-evropskoj-uniji\\\/#primaryimage\"},\"image\":{\"@id\":\"https:\\\/\\\/www.evropskakuca.me\\\/me\\\/veliki-rast-podrske-clanstvu-crne-gore-u-evropskoj-uniji\\\/#primaryimage\"},\"thumbnailUrl\":\"https:\\\/\\\/www.evropskakuca.me\\\/wp-content\\\/uploads\\\/2021\\\/01\\\/istrazivanje-fin.jpg\",\"datePublished\":\"2021-01-15T13:52:43+00:00\",\"breadcrumb\":{\"@id\":\"https:\\\/\\\/www.evropskakuca.me\\\/me\\\/veliki-rast-podrske-clanstvu-crne-gore-u-evropskoj-uniji\\\/#breadcrumb\"},\"inLanguage\":\"me-ME\",\"potentialAction\":[{\"@type\":\"ReadAction\",\"target\":[\"https:\\\/\\\/www.evropskakuca.me\\\/me\\\/veliki-rast-podrske-clanstvu-crne-gore-u-evropskoj-uniji\\\/\"]}]},{\"@type\":\"ImageObject\",\"inLanguage\":\"me-ME\",\"@id\":\"https:\\\/\\\/www.evropskakuca.me\\\/me\\\/veliki-rast-podrske-clanstvu-crne-gore-u-evropskoj-uniji\\\/#primaryimage\",\"url\":\"https:\\\/\\\/www.evropskakuca.me\\\/wp-content\\\/uploads\\\/2021\\\/01\\\/istrazivanje-fin.jpg\",\"contentUrl\":\"https:\\\/\\\/www.evropskakuca.me\\\/wp-content\\\/uploads\\\/2021\\\/01\\\/istrazivanje-fin.jpg\",\"width\":1280,\"height\":853},{\"@type\":\"BreadcrumbList\",\"@id\":\"https:\\\/\\\/www.evropskakuca.me\\\/me\\\/veliki-rast-podrske-clanstvu-crne-gore-u-evropskoj-uniji\\\/#breadcrumb\",\"itemListElement\":[{\"@type\":\"ListItem\",\"position\":1,\"name\":\"Home\",\"item\":\"https:\\\/\\\/www.evropskakuca.me\\\/me\\\/\"},{\"@type\":\"ListItem\",\"position\":2,\"name\":\"Veliki rast podr\u0161ke \u010dlanstvu Crne Gore u Evropskoj uniji\"}]},{\"@type\":\"WebSite\",\"@id\":\"https:\\\/\\\/www.evropskakuca.me\\\/me\\\/#website\",\"url\":\"https:\\\/\\\/www.evropskakuca.me\\\/me\\\/\",\"name\":\"Evropean house\",\"description\":\"\",\"publisher\":{\"@id\":\"https:\\\/\\\/www.evropskakuca.me\\\/me\\\/#organization\"},\"potentialAction\":[{\"@type\":\"SearchAction\",\"target\":{\"@type\":\"EntryPoint\",\"urlTemplate\":\"https:\\\/\\\/www.evropskakuca.me\\\/me\\\/?s={search_term_string}\"},\"query-input\":{\"@type\":\"PropertyValueSpecification\",\"valueRequired\":true,\"valueName\":\"search_term_string\"}}],\"inLanguage\":\"me-ME\"},{\"@type\":\"Organization\",\"@id\":\"https:\\\/\\\/www.evropskakuca.me\\\/me\\\/#organization\",\"name\":\"Evropean house\",\"url\":\"https:\\\/\\\/www.evropskakuca.me\\\/me\\\/\",\"logo\":{\"@type\":\"ImageObject\",\"inLanguage\":\"me-ME\",\"@id\":\"https:\\\/\\\/www.evropskakuca.me\\\/me\\\/#\\\/schema\\\/logo\\\/image\\\/\",\"url\":\"https:\\\/\\\/www.evropskakuca.me\\\/wp-content\\\/uploads\\\/2025\\\/01\\\/evropska-kuca-logo-1.png\",\"contentUrl\":\"https:\\\/\\\/www.evropskakuca.me\\\/wp-content\\\/uploads\\\/2025\\\/01\\\/evropska-kuca-logo-1.png\",\"width\":425,\"height\":312,\"caption\":\"Evropean house\"},\"image\":{\"@id\":\"https:\\\/\\\/www.evropskakuca.me\\\/me\\\/#\\\/schema\\\/logo\\\/image\\\/\"},\"sameAs\":[\"https:\\\/\\\/www.facebook.com\\\/evropska.kuca\",\"https:\\\/\\\/x.com\\\/evropska_kuca\",\"https:\\\/\\\/www.instagram.com\\\/evropska_kuca\"]},{\"@type\":\"Person\",\"@id\":\"https:\\\/\\\/www.evropskakuca.me\\\/me\\\/#\\\/schema\\\/person\\\/a1d0dcdaefe4a1cd1d60d200ea137ba4\",\"name\":\"mkajic\",\"image\":{\"@type\":\"ImageObject\",\"inLanguage\":\"me-ME\",\"@id\":\"https:\\\/\\\/secure.gravatar.com\\\/avatar\\\/731fa035cefab7316e6bafd1f25a93fb731a07de14e2d9923f8db4422628eabc?s=96&d=mm&r=g\",\"url\":\"https:\\\/\\\/secure.gravatar.com\\\/avatar\\\/731fa035cefab7316e6bafd1f25a93fb731a07de14e2d9923f8db4422628eabc?s=96&d=mm&r=g\",\"contentUrl\":\"https:\\\/\\\/secure.gravatar.com\\\/avatar\\\/731fa035cefab7316e6bafd1f25a93fb731a07de14e2d9923f8db4422628eabc?s=96&d=mm&r=g\",\"caption\":\"mkajic\"},\"sameAs\":[\"https:\\\/\\\/evropskakuca.me\"],\"url\":\"https:\\\/\\\/www.evropskakuca.me\\\/me\\\/author\\\/mkajic\\\/\"}]}<\/script>\n<!-- \/ Yoast SEO plugin. -->","yoast_head_json":{"title":"Veliki rast podr\u0161ke \u010dlanstvu Crne Gore u Evropskoj uniji - Europe House","robots":{"index":"index","follow":"follow","max-snippet":"max-snippet:-1","max-image-preview":"max-image-preview:large","max-video-preview":"max-video-preview:-1"},"canonical":"https:\/\/www.evropskakuca.me\/me\/veliki-rast-podrske-clanstvu-crne-gore-u-evropskoj-uniji\/","og_locale":"en_US","og_type":"article","og_title":"Veliki rast podr\u0161ke \u010dlanstvu Crne Gore u Evropskoj uniji - Europe House","og_description":"Pokazalo istra\u017eivanje javnog mnjenja","og_url":"https:\/\/www.evropskakuca.me\/me\/veliki-rast-podrske-clanstvu-crne-gore-u-evropskoj-uniji\/","og_site_name":"Europe House","article_publisher":"https:\/\/www.facebook.com\/evropska.kuca","article_published_time":"2021-01-15T13:52:43+00:00","og_image":[{"width":1280,"height":853,"url":"https:\/\/www.evropskakuca.me\/wp-content\/uploads\/2021\/01\/istrazivanje-fin.jpg","type":"image\/jpeg"}],"author":"mkajic","twitter_card":"summary_large_image","twitter_creator":"@evropska_kuca","twitter_site":"@evropska_kuca","twitter_misc":{"Written by":"mkajic","Est. reading time":"4 minutes"},"schema":{"@context":"https:\/\/schema.org","@graph":[{"@type":"Article","@id":"https:\/\/www.evropskakuca.me\/me\/veliki-rast-podrske-clanstvu-crne-gore-u-evropskoj-uniji\/#article","isPartOf":{"@id":"https:\/\/www.evropskakuca.me\/me\/veliki-rast-podrske-clanstvu-crne-gore-u-evropskoj-uniji\/"},"author":{"name":"mkajic","@id":"https:\/\/www.evropskakuca.me\/me\/#\/schema\/person\/a1d0dcdaefe4a1cd1d60d200ea137ba4"},"headline":"Veliki rast podr\u0161ke \u010dlanstvu Crne Gore u Evropskoj uniji","datePublished":"2021-01-15T13:52:43+00:00","mainEntityOfPage":{"@id":"https:\/\/www.evropskakuca.me\/me\/veliki-rast-podrske-clanstvu-crne-gore-u-evropskoj-uniji\/"},"wordCount":841,"publisher":{"@id":"https:\/\/www.evropskakuca.me\/me\/#organization"},"image":{"@id":"https:\/\/www.evropskakuca.me\/me\/veliki-rast-podrske-clanstvu-crne-gore-u-evropskoj-uniji\/#primaryimage"},"thumbnailUrl":"https:\/\/www.evropskakuca.me\/wp-content\/uploads\/2021\/01\/istrazivanje-fin.jpg","articleSection":["Kampanje i eventi","Novosti"],"inLanguage":"me-ME"},{"@type":"WebPage","@id":"https:\/\/www.evropskakuca.me\/me\/veliki-rast-podrske-clanstvu-crne-gore-u-evropskoj-uniji\/","url":"https:\/\/www.evropskakuca.me\/me\/veliki-rast-podrske-clanstvu-crne-gore-u-evropskoj-uniji\/","name":"Veliki rast podr\u0161ke \u010dlanstvu Crne Gore u Evropskoj uniji - Europe House","isPartOf":{"@id":"https:\/\/www.evropskakuca.me\/me\/#website"},"primaryImageOfPage":{"@id":"https:\/\/www.evropskakuca.me\/me\/veliki-rast-podrske-clanstvu-crne-gore-u-evropskoj-uniji\/#primaryimage"},"image":{"@id":"https:\/\/www.evropskakuca.me\/me\/veliki-rast-podrske-clanstvu-crne-gore-u-evropskoj-uniji\/#primaryimage"},"thumbnailUrl":"https:\/\/www.evropskakuca.me\/wp-content\/uploads\/2021\/01\/istrazivanje-fin.jpg","datePublished":"2021-01-15T13:52:43+00:00","breadcrumb":{"@id":"https:\/\/www.evropskakuca.me\/me\/veliki-rast-podrske-clanstvu-crne-gore-u-evropskoj-uniji\/#breadcrumb"},"inLanguage":"me-ME","potentialAction":[{"@type":"ReadAction","target":["https:\/\/www.evropskakuca.me\/me\/veliki-rast-podrske-clanstvu-crne-gore-u-evropskoj-uniji\/"]}]},{"@type":"ImageObject","inLanguage":"me-ME","@id":"https:\/\/www.evropskakuca.me\/me\/veliki-rast-podrske-clanstvu-crne-gore-u-evropskoj-uniji\/#primaryimage","url":"https:\/\/www.evropskakuca.me\/wp-content\/uploads\/2021\/01\/istrazivanje-fin.jpg","contentUrl":"https:\/\/www.evropskakuca.me\/wp-content\/uploads\/2021\/01\/istrazivanje-fin.jpg","width":1280,"height":853},{"@type":"BreadcrumbList","@id":"https:\/\/www.evropskakuca.me\/me\/veliki-rast-podrske-clanstvu-crne-gore-u-evropskoj-uniji\/#breadcrumb","itemListElement":[{"@type":"ListItem","position":1,"name":"Home","item":"https:\/\/www.evropskakuca.me\/me\/"},{"@type":"ListItem","position":2,"name":"Veliki rast podr\u0161ke \u010dlanstvu Crne Gore u Evropskoj uniji"}]},{"@type":"WebSite","@id":"https:\/\/www.evropskakuca.me\/me\/#website","url":"https:\/\/www.evropskakuca.me\/me\/","name":"Evropean house","description":"","publisher":{"@id":"https:\/\/www.evropskakuca.me\/me\/#organization"},"potentialAction":[{"@type":"SearchAction","target":{"@type":"EntryPoint","urlTemplate":"https:\/\/www.evropskakuca.me\/me\/?s={search_term_string}"},"query-input":{"@type":"PropertyValueSpecification","valueRequired":true,"valueName":"search_term_string"}}],"inLanguage":"me-ME"},{"@type":"Organization","@id":"https:\/\/www.evropskakuca.me\/me\/#organization","name":"Evropean house","url":"https:\/\/www.evropskakuca.me\/me\/","logo":{"@type":"ImageObject","inLanguage":"me-ME","@id":"https:\/\/www.evropskakuca.me\/me\/#\/schema\/logo\/image\/","url":"https:\/\/www.evropskakuca.me\/wp-content\/uploads\/2025\/01\/evropska-kuca-logo-1.png","contentUrl":"https:\/\/www.evropskakuca.me\/wp-content\/uploads\/2025\/01\/evropska-kuca-logo-1.png","width":425,"height":312,"caption":"Evropean house"},"image":{"@id":"https:\/\/www.evropskakuca.me\/me\/#\/schema\/logo\/image\/"},"sameAs":["https:\/\/www.facebook.com\/evropska.kuca","https:\/\/x.com\/evropska_kuca","https:\/\/www.instagram.com\/evropska_kuca"]},{"@type":"Person","@id":"https:\/\/www.evropskakuca.me\/me\/#\/schema\/person\/a1d0dcdaefe4a1cd1d60d200ea137ba4","name":"mkajic","image":{"@type":"ImageObject","inLanguage":"me-ME","@id":"https:\/\/secure.gravatar.com\/avatar\/731fa035cefab7316e6bafd1f25a93fb731a07de14e2d9923f8db4422628eabc?s=96&d=mm&r=g","url":"https:\/\/secure.gravatar.com\/avatar\/731fa035cefab7316e6bafd1f25a93fb731a07de14e2d9923f8db4422628eabc?s=96&d=mm&r=g","contentUrl":"https:\/\/secure.gravatar.com\/avatar\/731fa035cefab7316e6bafd1f25a93fb731a07de14e2d9923f8db4422628eabc?s=96&d=mm&r=g","caption":"mkajic"},"sameAs":["https:\/\/evropskakuca.me"],"url":"https:\/\/www.evropskakuca.me\/me\/author\/mkajic\/"}]}},"_links":{"self":[{"href":"https:\/\/www.evropskakuca.me\/me\/wp-json\/wp\/v2\/posts\/10665","targetHints":{"allow":["GET"]}}],"collection":[{"href":"https:\/\/www.evropskakuca.me\/me\/wp-json\/wp\/v2\/posts"}],"about":[{"href":"https:\/\/www.evropskakuca.me\/me\/wp-json\/wp\/v2\/types\/post"}],"author":[{"embeddable":true,"href":"https:\/\/www.evropskakuca.me\/me\/wp-json\/wp\/v2\/users\/1"}],"replies":[{"embeddable":true,"href":"https:\/\/www.evropskakuca.me\/me\/wp-json\/wp\/v2\/comments?post=10665"}],"version-history":[{"count":0,"href":"https:\/\/www.evropskakuca.me\/me\/wp-json\/wp\/v2\/posts\/10665\/revisions"}],"wp:featuredmedia":[{"embeddable":true,"href":"https:\/\/www.evropskakuca.me\/me\/wp-json\/wp\/v2\/media\/35792"}],"wp:attachment":[{"href":"https:\/\/www.evropskakuca.me\/me\/wp-json\/wp\/v2\/media?parent=10665"}],"wp:term":[{"taxonomy":"category","embeddable":true,"href":"https:\/\/www.evropskakuca.me\/me\/wp-json\/wp\/v2\/categories?post=10665"},{"taxonomy":"post_tag","embeddable":true,"href":"https:\/\/www.evropskakuca.me\/me\/wp-json\/wp\/v2\/tags?post=10665"}],"curies":[{"name":"wp","href":"https:\/\/api.w.org\/{rel}","templated":true}]}}