{"id":10647,"date":"2021-01-04T21:51:24","date_gmt":"2021-01-04T21:51:24","guid":{"rendered":"http:\/\/www.evropskakuca.me\/?p=10647"},"modified":"2021-01-04T21:51:24","modified_gmt":"2021-01-04T21:51:24","slug":"donacija-zastitne-opreme-kroz-mehanizam-resceu","status":"publish","type":"post","link":"https:\/\/www.evropskakuca.me\/me\/donacija-zastitne-opreme-kroz-mehanizam-resceu\/","title":{"rendered":"Donacija za\u0161titne opreme kroz mehanizam rescEU"},"content":{"rendered":"<p>Danas je stigla pomo\u0107 u vidu 78 000 za\u0161titnih maski tipa FFP2 i\u00a015 000 jednokratnih hirur\u0161kih mantila, koju je EU donirala Crnoj Gori iz posebnog \u2013 rescEU instrumenta Mehanizma Unije za civilnu za\u0161titu. Ukupna vrijednost donacije je 311 850,00 eura, dok je koordinaciju i distribuciju obezbijedila Savezna kancelarija za civilnu za\u0161titu i pomo\u0107 u slu\u010daju katastrofa SR Njema\u010dke, preko Crvenog krsta Savezne Republike Njema\u010dke. Donacija je data na kori\u0161\u0107enje Klini\u010dkom centru Crne Gore.<\/p>\n<p>Povodom donacije, ministar Sekulovi\u0107 je iskazao zahvalnost i saop\u0161tio da je ova pomo\u0107 potvrdila da Crna Gora ima prijatelje na najva\u017enijim evropskim adresama i da nas u borbi protiv COVID-19 povezuju humanost i solidarnost, kao prepoznatljive vrijednosti na\u0161e saradnje. \u201eOvo \u0107e biti dragocjena pomo\u0107 zaposlenima u Klini\u010dkom centru Crne Gore, koji vrlo odgovorno i posve\u0107eno ve\u0107 mjesecima vode te\u0161ku borbu sa opasnim protivnikom, iskazuju\u0107i po\u017ertvovanost i profesionalnost kao prepoznatljiv oblik svoga rada\u201c, istakao je ministar Sekulovi\u0107.<\/p>\n<p>Direktorica Klini\u010dkog centra Crne Gore dr Ljiljana Radulovi\u0107 zahvalila je EU na donaciji i Ministarstvu unutra\u0161njih poslova \u0161to je prepoznalo potrebu da na ovaj na\u010din pomogne Klini\u010dki centar i ocijenila je kao va\u017enu podr\u0161ku zaposlenima u ovoj ustanovi u borbi protiv po\u0161asti koja nije zaobi\u0161la Crnu Goru. \u201cZaposleni u Klini\u010dkom centru Crne Gore danono\u0107no, vrlo odgovorno i neumorno se bore za zdravlje svakog na\u0161eg pacijenta i pru\u017eaju svoj profesionalni maksimum, bez obzira na trajanje pandemije i izazove koji se na\u0111u na tom putu\u201d,naglasila je direktorica Radulovi\u0107.<\/p>\n<p>Evropska komisija je uspostavila 19. marta strate\u0161ke kapacitete sastava rescEU \u2013 zajedni\u010dku evropsku rezervu medicinske opreme za hitne slu\u010dajeve (kao \u0161to su respiratori, za\u0161titne maske i laboratorijske potrep\u0161tine) kako bi pomogla zemljama EU-a u borbi protiv pandemije COVID-19. Komisija finansira 100 % kapaciteta (uklju\u010duju\u0107i nabavku, odr\u017eavanje i tro\u0161kove isporuke), koji se stalno dopunjavaju, a nalazi se u nekoliko dr\u017eava \u010dlanica. Dr\u017eave doma\u0107ini du\u017ene su nabavljati opremu, uz podr\u0161ku Komisije. Za distribuciju opreme zadu\u017een je Koordinacioni centar za odgovor na hitne situacije, koji se brine o tome da se ona \u0161alje tamo gdje je najpotrebnija.<\/p>\n","protected":false},"excerpt":{"rendered":"<p>Danas je stigla pomo\u0107 u vidu 78 000 za\u0161titnih maski tipa FFP2 i\u00a015 000 jednokratnih hirur\u0161kih mantila, koju je EU donirala Crnoj Gori iz posebnog \u2013 rescEU instrumenta Mehanizma Unije za civilnu za\u0161titu. Ukupna vrijednost donacije je 311 850,00 eura, dok je koordinaciju i distribuciju obezbijedila Savezna kancelarija za civilnu za\u0161titu i pomo\u0107 u slu\u010daju [&hellip;]<\/p>\n","protected":false},"author":1,"featured_media":35794,"comment_status":"closed","ping_status":"closed","sticky":false,"template":"","format":"standard","meta":{"_acf_changed":false,"footnotes":""},"categories":[287,283],"tags":[],"class_list":["post-10647","post","type-post","status-publish","format-standard","has-post-thumbnail","hentry","category-koronavirusa","category-novosti-me"],"acf":[],"yoast_head":"<!-- This site is optimized with the Yoast SEO plugin v27.3 - https:\/\/yoast.com\/product\/yoast-seo-wordpress\/ -->\n<title>Donacija za\u0161titne opreme kroz mehanizam rescEU - Europe House<\/title>\n<meta name=\"robots\" content=\"index, follow, max-snippet:-1, max-image-preview:large, max-video-preview:-1\" \/>\n<link rel=\"canonical\" href=\"https:\/\/www.evropskakuca.me\/me\/donacija-zastitne-opreme-kroz-mehanizam-resceu\/\" \/>\n<meta property=\"og:locale\" content=\"en_US\" \/>\n<meta property=\"og:type\" content=\"article\" \/>\n<meta property=\"og:title\" content=\"Donacija za\u0161titne opreme kroz mehanizam rescEU - Europe House\" \/>\n<meta property=\"og:description\" content=\"Danas je stigla pomo\u0107 u vidu 78 000 za\u0161titnih maski tipa FFP2 i\u00a015 000 jednokratnih hirur\u0161kih mantila, koju je EU donirala Crnoj Gori iz posebnog \u2013 rescEU instrumenta Mehanizma Unije za civilnu za\u0161titu. Ukupna vrijednost donacije je 311 850,00 eura, dok je koordinaciju i distribuciju obezbijedila Savezna kancelarija za civilnu za\u0161titu i pomo\u0107 u slu\u010daju [&hellip;]\" \/>\n<meta property=\"og:url\" content=\"https:\/\/www.evropskakuca.me\/me\/donacija-zastitne-opreme-kroz-mehanizam-resceu\/\" \/>\n<meta property=\"og:site_name\" content=\"Europe House\" \/>\n<meta property=\"article:publisher\" content=\"https:\/\/www.facebook.com\/evropska.kuca\" \/>\n<meta property=\"article:published_time\" content=\"2021-01-04T21:51:24+00:00\" \/>\n<meta property=\"og:image\" content=\"https:\/\/www.evropskakuca.me\/wp-content\/uploads\/2021\/01\/resc.jpg\" \/>\n\t<meta property=\"og:image:width\" content=\"1440\" \/>\n\t<meta property=\"og:image:height\" content=\"953\" \/>\n\t<meta property=\"og:image:type\" content=\"image\/jpeg\" \/>\n<meta name=\"author\" content=\"mkajic\" \/>\n<meta name=\"twitter:card\" content=\"summary_large_image\" \/>\n<meta name=\"twitter:creator\" content=\"@evropska_kuca\" \/>\n<meta name=\"twitter:site\" content=\"@evropska_kuca\" \/>\n<meta name=\"twitter:label1\" content=\"Written by\" \/>\n\t<meta name=\"twitter:data1\" content=\"mkajic\" \/>\n\t<meta name=\"twitter:label2\" content=\"Est. reading time\" \/>\n\t<meta name=\"twitter:data2\" content=\"2 minutes\" \/>\n<script type=\"application\/ld+json\" class=\"yoast-schema-graph\">{\"@context\":\"https:\\\/\\\/schema.org\",\"@graph\":[{\"@type\":\"Article\",\"@id\":\"https:\\\/\\\/www.evropskakuca.me\\\/me\\\/donacija-zastitne-opreme-kroz-mehanizam-resceu\\\/#article\",\"isPartOf\":{\"@id\":\"https:\\\/\\\/www.evropskakuca.me\\\/me\\\/donacija-zastitne-opreme-kroz-mehanizam-resceu\\\/\"},\"author\":{\"name\":\"mkajic\",\"@id\":\"https:\\\/\\\/www.evropskakuca.me\\\/me\\\/#\\\/schema\\\/person\\\/a1d0dcdaefe4a1cd1d60d200ea137ba4\"},\"headline\":\"Donacija za\u0161titne opreme kroz mehanizam rescEU\",\"datePublished\":\"2021-01-04T21:51:24+00:00\",\"mainEntityOfPage\":{\"@id\":\"https:\\\/\\\/www.evropskakuca.me\\\/me\\\/donacija-zastitne-opreme-kroz-mehanizam-resceu\\\/\"},\"wordCount\":372,\"publisher\":{\"@id\":\"https:\\\/\\\/www.evropskakuca.me\\\/me\\\/#organization\"},\"image\":{\"@id\":\"https:\\\/\\\/www.evropskakuca.me\\\/me\\\/donacija-zastitne-opreme-kroz-mehanizam-resceu\\\/#primaryimage\"},\"thumbnailUrl\":\"https:\\\/\\\/www.evropskakuca.me\\\/wp-content\\\/uploads\\\/2021\\\/01\\\/resc.jpg\",\"articleSection\":[\"Koronavirusa\",\"Novosti\"],\"inLanguage\":\"me-ME\"},{\"@type\":\"WebPage\",\"@id\":\"https:\\\/\\\/www.evropskakuca.me\\\/me\\\/donacija-zastitne-opreme-kroz-mehanizam-resceu\\\/\",\"url\":\"https:\\\/\\\/www.evropskakuca.me\\\/me\\\/donacija-zastitne-opreme-kroz-mehanizam-resceu\\\/\",\"name\":\"Donacija za\u0161titne opreme kroz mehanizam rescEU - Europe House\",\"isPartOf\":{\"@id\":\"https:\\\/\\\/www.evropskakuca.me\\\/me\\\/#website\"},\"primaryImageOfPage\":{\"@id\":\"https:\\\/\\\/www.evropskakuca.me\\\/me\\\/donacija-zastitne-opreme-kroz-mehanizam-resceu\\\/#primaryimage\"},\"image\":{\"@id\":\"https:\\\/\\\/www.evropskakuca.me\\\/me\\\/donacija-zastitne-opreme-kroz-mehanizam-resceu\\\/#primaryimage\"},\"thumbnailUrl\":\"https:\\\/\\\/www.evropskakuca.me\\\/wp-content\\\/uploads\\\/2021\\\/01\\\/resc.jpg\",\"datePublished\":\"2021-01-04T21:51:24+00:00\",\"breadcrumb\":{\"@id\":\"https:\\\/\\\/www.evropskakuca.me\\\/me\\\/donacija-zastitne-opreme-kroz-mehanizam-resceu\\\/#breadcrumb\"},\"inLanguage\":\"me-ME\",\"potentialAction\":[{\"@type\":\"ReadAction\",\"target\":[\"https:\\\/\\\/www.evropskakuca.me\\\/me\\\/donacija-zastitne-opreme-kroz-mehanizam-resceu\\\/\"]}]},{\"@type\":\"ImageObject\",\"inLanguage\":\"me-ME\",\"@id\":\"https:\\\/\\\/www.evropskakuca.me\\\/me\\\/donacija-zastitne-opreme-kroz-mehanizam-resceu\\\/#primaryimage\",\"url\":\"https:\\\/\\\/www.evropskakuca.me\\\/wp-content\\\/uploads\\\/2021\\\/01\\\/resc.jpg\",\"contentUrl\":\"https:\\\/\\\/www.evropskakuca.me\\\/wp-content\\\/uploads\\\/2021\\\/01\\\/resc.jpg\",\"width\":1440,\"height\":953},{\"@type\":\"BreadcrumbList\",\"@id\":\"https:\\\/\\\/www.evropskakuca.me\\\/me\\\/donacija-zastitne-opreme-kroz-mehanizam-resceu\\\/#breadcrumb\",\"itemListElement\":[{\"@type\":\"ListItem\",\"position\":1,\"name\":\"Home\",\"item\":\"https:\\\/\\\/www.evropskakuca.me\\\/me\\\/\"},{\"@type\":\"ListItem\",\"position\":2,\"name\":\"Donacija za\u0161titne opreme kroz mehanizam rescEU\"}]},{\"@type\":\"WebSite\",\"@id\":\"https:\\\/\\\/www.evropskakuca.me\\\/me\\\/#website\",\"url\":\"https:\\\/\\\/www.evropskakuca.me\\\/me\\\/\",\"name\":\"Evropean house\",\"description\":\"\",\"publisher\":{\"@id\":\"https:\\\/\\\/www.evropskakuca.me\\\/me\\\/#organization\"},\"potentialAction\":[{\"@type\":\"SearchAction\",\"target\":{\"@type\":\"EntryPoint\",\"urlTemplate\":\"https:\\\/\\\/www.evropskakuca.me\\\/me\\\/?s={search_term_string}\"},\"query-input\":{\"@type\":\"PropertyValueSpecification\",\"valueRequired\":true,\"valueName\":\"search_term_string\"}}],\"inLanguage\":\"me-ME\"},{\"@type\":\"Organization\",\"@id\":\"https:\\\/\\\/www.evropskakuca.me\\\/me\\\/#organization\",\"name\":\"Evropean house\",\"url\":\"https:\\\/\\\/www.evropskakuca.me\\\/me\\\/\",\"logo\":{\"@type\":\"ImageObject\",\"inLanguage\":\"me-ME\",\"@id\":\"https:\\\/\\\/www.evropskakuca.me\\\/me\\\/#\\\/schema\\\/logo\\\/image\\\/\",\"url\":\"https:\\\/\\\/www.evropskakuca.me\\\/wp-content\\\/uploads\\\/2025\\\/01\\\/evropska-kuca-logo-1.png\",\"contentUrl\":\"https:\\\/\\\/www.evropskakuca.me\\\/wp-content\\\/uploads\\\/2025\\\/01\\\/evropska-kuca-logo-1.png\",\"width\":425,\"height\":312,\"caption\":\"Evropean house\"},\"image\":{\"@id\":\"https:\\\/\\\/www.evropskakuca.me\\\/me\\\/#\\\/schema\\\/logo\\\/image\\\/\"},\"sameAs\":[\"https:\\\/\\\/www.facebook.com\\\/evropska.kuca\",\"https:\\\/\\\/x.com\\\/evropska_kuca\",\"https:\\\/\\\/www.instagram.com\\\/evropska_kuca\"]},{\"@type\":\"Person\",\"@id\":\"https:\\\/\\\/www.evropskakuca.me\\\/me\\\/#\\\/schema\\\/person\\\/a1d0dcdaefe4a1cd1d60d200ea137ba4\",\"name\":\"mkajic\",\"image\":{\"@type\":\"ImageObject\",\"inLanguage\":\"me-ME\",\"@id\":\"https:\\\/\\\/secure.gravatar.com\\\/avatar\\\/731fa035cefab7316e6bafd1f25a93fb731a07de14e2d9923f8db4422628eabc?s=96&d=mm&r=g\",\"url\":\"https:\\\/\\\/secure.gravatar.com\\\/avatar\\\/731fa035cefab7316e6bafd1f25a93fb731a07de14e2d9923f8db4422628eabc?s=96&d=mm&r=g\",\"contentUrl\":\"https:\\\/\\\/secure.gravatar.com\\\/avatar\\\/731fa035cefab7316e6bafd1f25a93fb731a07de14e2d9923f8db4422628eabc?s=96&d=mm&r=g\",\"caption\":\"mkajic\"},\"sameAs\":[\"https:\\\/\\\/evropskakuca.me\"],\"url\":\"https:\\\/\\\/www.evropskakuca.me\\\/me\\\/author\\\/mkajic\\\/\"}]}<\/script>\n<!-- \/ Yoast SEO plugin. -->","yoast_head_json":{"title":"Donacija za\u0161titne opreme kroz mehanizam rescEU - Europe House","robots":{"index":"index","follow":"follow","max-snippet":"max-snippet:-1","max-image-preview":"max-image-preview:large","max-video-preview":"max-video-preview:-1"},"canonical":"https:\/\/www.evropskakuca.me\/me\/donacija-zastitne-opreme-kroz-mehanizam-resceu\/","og_locale":"en_US","og_type":"article","og_title":"Donacija za\u0161titne opreme kroz mehanizam rescEU - Europe House","og_description":"Danas je stigla pomo\u0107 u vidu 78 000 za\u0161titnih maski tipa FFP2 i\u00a015 000 jednokratnih hirur\u0161kih mantila, koju je EU donirala Crnoj Gori iz posebnog \u2013 rescEU instrumenta Mehanizma Unije za civilnu za\u0161titu. Ukupna vrijednost donacije je 311 850,00 eura, dok je koordinaciju i distribuciju obezbijedila Savezna kancelarija za civilnu za\u0161titu i pomo\u0107 u slu\u010daju [&hellip;]","og_url":"https:\/\/www.evropskakuca.me\/me\/donacija-zastitne-opreme-kroz-mehanizam-resceu\/","og_site_name":"Europe House","article_publisher":"https:\/\/www.facebook.com\/evropska.kuca","article_published_time":"2021-01-04T21:51:24+00:00","og_image":[{"width":1440,"height":953,"url":"https:\/\/www.evropskakuca.me\/wp-content\/uploads\/2021\/01\/resc.jpg","type":"image\/jpeg"}],"author":"mkajic","twitter_card":"summary_large_image","twitter_creator":"@evropska_kuca","twitter_site":"@evropska_kuca","twitter_misc":{"Written by":"mkajic","Est. reading time":"2 minutes"},"schema":{"@context":"https:\/\/schema.org","@graph":[{"@type":"Article","@id":"https:\/\/www.evropskakuca.me\/me\/donacija-zastitne-opreme-kroz-mehanizam-resceu\/#article","isPartOf":{"@id":"https:\/\/www.evropskakuca.me\/me\/donacija-zastitne-opreme-kroz-mehanizam-resceu\/"},"author":{"name":"mkajic","@id":"https:\/\/www.evropskakuca.me\/me\/#\/schema\/person\/a1d0dcdaefe4a1cd1d60d200ea137ba4"},"headline":"Donacija za\u0161titne opreme kroz mehanizam rescEU","datePublished":"2021-01-04T21:51:24+00:00","mainEntityOfPage":{"@id":"https:\/\/www.evropskakuca.me\/me\/donacija-zastitne-opreme-kroz-mehanizam-resceu\/"},"wordCount":372,"publisher":{"@id":"https:\/\/www.evropskakuca.me\/me\/#organization"},"image":{"@id":"https:\/\/www.evropskakuca.me\/me\/donacija-zastitne-opreme-kroz-mehanizam-resceu\/#primaryimage"},"thumbnailUrl":"https:\/\/www.evropskakuca.me\/wp-content\/uploads\/2021\/01\/resc.jpg","articleSection":["Koronavirusa","Novosti"],"inLanguage":"me-ME"},{"@type":"WebPage","@id":"https:\/\/www.evropskakuca.me\/me\/donacija-zastitne-opreme-kroz-mehanizam-resceu\/","url":"https:\/\/www.evropskakuca.me\/me\/donacija-zastitne-opreme-kroz-mehanizam-resceu\/","name":"Donacija za\u0161titne opreme kroz mehanizam rescEU - Europe House","isPartOf":{"@id":"https:\/\/www.evropskakuca.me\/me\/#website"},"primaryImageOfPage":{"@id":"https:\/\/www.evropskakuca.me\/me\/donacija-zastitne-opreme-kroz-mehanizam-resceu\/#primaryimage"},"image":{"@id":"https:\/\/www.evropskakuca.me\/me\/donacija-zastitne-opreme-kroz-mehanizam-resceu\/#primaryimage"},"thumbnailUrl":"https:\/\/www.evropskakuca.me\/wp-content\/uploads\/2021\/01\/resc.jpg","datePublished":"2021-01-04T21:51:24+00:00","breadcrumb":{"@id":"https:\/\/www.evropskakuca.me\/me\/donacija-zastitne-opreme-kroz-mehanizam-resceu\/#breadcrumb"},"inLanguage":"me-ME","potentialAction":[{"@type":"ReadAction","target":["https:\/\/www.evropskakuca.me\/me\/donacija-zastitne-opreme-kroz-mehanizam-resceu\/"]}]},{"@type":"ImageObject","inLanguage":"me-ME","@id":"https:\/\/www.evropskakuca.me\/me\/donacija-zastitne-opreme-kroz-mehanizam-resceu\/#primaryimage","url":"https:\/\/www.evropskakuca.me\/wp-content\/uploads\/2021\/01\/resc.jpg","contentUrl":"https:\/\/www.evropskakuca.me\/wp-content\/uploads\/2021\/01\/resc.jpg","width":1440,"height":953},{"@type":"BreadcrumbList","@id":"https:\/\/www.evropskakuca.me\/me\/donacija-zastitne-opreme-kroz-mehanizam-resceu\/#breadcrumb","itemListElement":[{"@type":"ListItem","position":1,"name":"Home","item":"https:\/\/www.evropskakuca.me\/me\/"},{"@type":"ListItem","position":2,"name":"Donacija za\u0161titne opreme kroz mehanizam rescEU"}]},{"@type":"WebSite","@id":"https:\/\/www.evropskakuca.me\/me\/#website","url":"https:\/\/www.evropskakuca.me\/me\/","name":"Evropean house","description":"","publisher":{"@id":"https:\/\/www.evropskakuca.me\/me\/#organization"},"potentialAction":[{"@type":"SearchAction","target":{"@type":"EntryPoint","urlTemplate":"https:\/\/www.evropskakuca.me\/me\/?s={search_term_string}"},"query-input":{"@type":"PropertyValueSpecification","valueRequired":true,"valueName":"search_term_string"}}],"inLanguage":"me-ME"},{"@type":"Organization","@id":"https:\/\/www.evropskakuca.me\/me\/#organization","name":"Evropean house","url":"https:\/\/www.evropskakuca.me\/me\/","logo":{"@type":"ImageObject","inLanguage":"me-ME","@id":"https:\/\/www.evropskakuca.me\/me\/#\/schema\/logo\/image\/","url":"https:\/\/www.evropskakuca.me\/wp-content\/uploads\/2025\/01\/evropska-kuca-logo-1.png","contentUrl":"https:\/\/www.evropskakuca.me\/wp-content\/uploads\/2025\/01\/evropska-kuca-logo-1.png","width":425,"height":312,"caption":"Evropean house"},"image":{"@id":"https:\/\/www.evropskakuca.me\/me\/#\/schema\/logo\/image\/"},"sameAs":["https:\/\/www.facebook.com\/evropska.kuca","https:\/\/x.com\/evropska_kuca","https:\/\/www.instagram.com\/evropska_kuca"]},{"@type":"Person","@id":"https:\/\/www.evropskakuca.me\/me\/#\/schema\/person\/a1d0dcdaefe4a1cd1d60d200ea137ba4","name":"mkajic","image":{"@type":"ImageObject","inLanguage":"me-ME","@id":"https:\/\/secure.gravatar.com\/avatar\/731fa035cefab7316e6bafd1f25a93fb731a07de14e2d9923f8db4422628eabc?s=96&d=mm&r=g","url":"https:\/\/secure.gravatar.com\/avatar\/731fa035cefab7316e6bafd1f25a93fb731a07de14e2d9923f8db4422628eabc?s=96&d=mm&r=g","contentUrl":"https:\/\/secure.gravatar.com\/avatar\/731fa035cefab7316e6bafd1f25a93fb731a07de14e2d9923f8db4422628eabc?s=96&d=mm&r=g","caption":"mkajic"},"sameAs":["https:\/\/evropskakuca.me"],"url":"https:\/\/www.evropskakuca.me\/me\/author\/mkajic\/"}]}},"_links":{"self":[{"href":"https:\/\/www.evropskakuca.me\/me\/wp-json\/wp\/v2\/posts\/10647","targetHints":{"allow":["GET"]}}],"collection":[{"href":"https:\/\/www.evropskakuca.me\/me\/wp-json\/wp\/v2\/posts"}],"about":[{"href":"https:\/\/www.evropskakuca.me\/me\/wp-json\/wp\/v2\/types\/post"}],"author":[{"embeddable":true,"href":"https:\/\/www.evropskakuca.me\/me\/wp-json\/wp\/v2\/users\/1"}],"replies":[{"embeddable":true,"href":"https:\/\/www.evropskakuca.me\/me\/wp-json\/wp\/v2\/comments?post=10647"}],"version-history":[{"count":0,"href":"https:\/\/www.evropskakuca.me\/me\/wp-json\/wp\/v2\/posts\/10647\/revisions"}],"wp:featuredmedia":[{"embeddable":true,"href":"https:\/\/www.evropskakuca.me\/me\/wp-json\/wp\/v2\/media\/35794"}],"wp:attachment":[{"href":"https:\/\/www.evropskakuca.me\/me\/wp-json\/wp\/v2\/media?parent=10647"}],"wp:term":[{"taxonomy":"category","embeddable":true,"href":"https:\/\/www.evropskakuca.me\/me\/wp-json\/wp\/v2\/categories?post=10647"},{"taxonomy":"post_tag","embeddable":true,"href":"https:\/\/www.evropskakuca.me\/me\/wp-json\/wp\/v2\/tags?post=10647"}],"curies":[{"name":"wp","href":"https:\/\/api.w.org\/{rel}","templated":true}]}}