{"id":10595,"date":"2020-12-08T13:18:36","date_gmt":"2020-12-08T13:18:36","guid":{"rendered":"http:\/\/www.evropskakuca.me\/?p=10595"},"modified":"2025-01-21T11:59:01","modified_gmt":"2025-01-21T11:59:01","slug":"i-ja-sam-sa-vama-porucuju-nam-ugorzene-biljke-i-zivotinje","status":"publish","type":"post","link":"https:\/\/www.evropskakuca.me\/me\/i-ja-sam-sa-vama-porucuju-nam-ugorzene-biljke-i-zivotinje\/","title":{"rendered":"\u201eI ja sam sa vama\u201c poru\u010duju nam ugor\u017eene biljke i \u017eivotinje"},"content":{"rendered":"<p>Evropska unija u Crnoj Gori pokrenula je kampanju o za\u0161ti\u0107enim biljnim i \u017eivotinjskim vrstama, kako bi pomogla da ih svi bolje upoznamo i razumijemo zbog \u010dega je biolo\u0161ka raznolikost va\u017ena za sve nas. Rije\u010d je o edukativnoj kampanji \u201eI ja sam vama\u201c, u okviru koje su za\u0161ti\u0107ene vrste na slikovit i interaktivan na\u010din predstavljene na sajtu <a href=\"http:\/\/www.biodiverzitet.me\">www.biodiverzitet.me<\/a>.<\/p>\n<p>Na sajtu mo\u017eete upoznati biljke, sisare, ptice, vodozemce i gmizavce, inskete i morske vrste, za\u0161ti\u0107ene u okviru Natura 2000, ekolo\u0161ke mre\u017ee za\u0161ti\u0107enih podru\u010dja koju je formirala Evropska unija. Crna Gora \u0107e postati dio te mre\u017ee kada pristupi EU, zbog \u010dega ve\u0107 sada priprema predloge podru\u010dja, biljaka i \u017eivotinja koje treba uvrstiti.<\/p>\n<p>U ovoj fazi odabrali smo da predstavimo 54 za\u0161ti\u0107ene vrste. Pripremili smo zanimljive ilustracije, fotografije i tekstove o mrkvom medvjedu i divokozi, flamingosu i tetrijebu, dobrom delfinu i zlatnom koralu, lincuri i puzavom zvon\u010di\u0107u, vilinom konji\u0107u i tigrastom medonji, rije\u010dnoj kornja\u010di i leopard smuku i mnogim drugim va\u017enim, ali ugro\u017eenim vrstama koje treba da sa\u010duvamo.<\/p>\n<p>Podatke o za\u0161ti\u0107enim vrstama sakupili smo u saradnji sa partnerima: Agencijom za za\u0161titu \u017eivotne sredine, Institutom za biologiju mora u Kotoru i nevladinim organizacijama Centrom za za\u0161titu ptica i Crnogorskim dru\u0161tvom ekologa. Na sajtu smo objavili i pri\u010de o radu istra\u017eiva\u010da na terenu, pa tako mo\u017eete saznati kako izgleda susret sa medvjedom o\u010di u o\u010di ili kako se bilje\u017ee podaci na dnu mora.<\/p>\n<p><strong>Nagradni kviz \u2013 osvoji paket eko proizvoda inspirisanih prirodom <\/strong><\/p>\n<p>Svoje znanje o za\u0161ti\u0107enim vrstama mo\u017eete provjeriti i na nagradnom kvizu, koji se nalazi na na na\u0161em novom sajtu. Tri najbolja takmi\u010dara, koje \u0107emo proglasiti u prvoj sedmici januara, osvoji\u0107e vrijedne nagrade u vidu paketa eko drvenih proizvoda, inspirisanih prirodom. Sli\u010dne poklone mogu\u0107e je osvojiti i tokom decembra na na\u0161im <a href=\"https:\/\/www.facebook.com\/evropskakuca.me\">Facebook<\/a> i <a href=\"https:\/\/www.instagram.com\/euicmne\/\">Instagram<\/a> stranicama, tokom naredne \u010detiri sedmice, koliko kampanja traje.<\/p>\n<p><strong>Zeleni sporazum kao povod <\/strong><\/p>\n<p>Povod za organizaciju ove kampanje je Green Deal (Zeleni sporazum) Evropske unije, koji predstavlja strategiju odr\u017eivog razvoja EU za 21. vijek i postavlja cilj je da Evropa postane prvi klimatski neutralan kontinent. Evropska unija pripremila je i Zelenu agendu za Zapadni Balkan, koja Crnu Goru i zemlje regiona obavezuje na mjere u oblasti sprje\u010davanja klimatskih promjena i zaga\u0111enja, razvoja energije i biodiverziteta, mobilnosti i cirkularne ekonomije, odr\u017eive poljoprivrede i proizvodnje hrane. Upravo ova dva strate\u0161ka dokumenta Evropske unije predstavljena su na online predavanjima, koje smo organizovali po\u010detkom decembra za stru\u010dnu javnost i donosioce odluka.<\/p>\n<p>&nbsp;<\/p>\n<h4>Prate\u0107i tekstovi:<\/h4>\n<p><a href=\"http:\/\/www.evropskakuca.me\/me\/nagrade-za-najbolje-poznavaoce-biodiverziteta\/\">Nagrade za najbolje poznavaoce biodiverziteta<\/a><\/p>\n","protected":false},"excerpt":{"rendered":"<p>Pridru\u017eite se na\u0161oj kampanji o za\u0161ti\u0107enim vrstama<\/p>\n","protected":false},"author":1,"featured_media":35764,"comment_status":"closed","ping_status":"closed","sticky":false,"template":"","format":"standard","meta":{"_acf_changed":false,"footnotes":""},"categories":[285,283],"tags":[],"class_list":["post-10595","post","type-post","status-publish","format-standard","has-post-thumbnail","hentry","category-kampanje-i-eventi","category-novosti-me"],"acf":[],"yoast_head":"<!-- This site is optimized with the Yoast SEO plugin v27.3 - https:\/\/yoast.com\/product\/yoast-seo-wordpress\/ -->\n<title>\u201eI ja sam sa vama\u201c poru\u010duju nam ugor\u017eene biljke i \u017eivotinje - Europe House<\/title>\n<meta name=\"robots\" content=\"index, follow, max-snippet:-1, max-image-preview:large, max-video-preview:-1\" \/>\n<link rel=\"canonical\" href=\"https:\/\/www.evropskakuca.me\/me\/i-ja-sam-sa-vama-porucuju-nam-ugorzene-biljke-i-zivotinje\/\" \/>\n<meta property=\"og:locale\" content=\"en_US\" \/>\n<meta property=\"og:type\" content=\"article\" \/>\n<meta property=\"og:title\" content=\"\u201eI ja sam sa vama\u201c poru\u010duju nam ugor\u017eene biljke i \u017eivotinje - Europe House\" \/>\n<meta property=\"og:description\" content=\"Pridru\u017eite se na\u0161oj kampanji o za\u0161ti\u0107enim vrstama\" \/>\n<meta property=\"og:url\" content=\"https:\/\/www.evropskakuca.me\/me\/i-ja-sam-sa-vama-porucuju-nam-ugorzene-biljke-i-zivotinje\/\" \/>\n<meta property=\"og:site_name\" content=\"Europe House\" \/>\n<meta property=\"article:publisher\" content=\"https:\/\/www.facebook.com\/evropska.kuca\" \/>\n<meta property=\"article:published_time\" content=\"2020-12-08T13:18:36+00:00\" \/>\n<meta property=\"article:modified_time\" content=\"2025-01-21T11:59:01+00:00\" \/>\n<meta property=\"og:image\" content=\"https:\/\/www.evropskakuca.me\/wp-content\/uploads\/2020\/12\/News-Feed-Post.jpg\" \/>\n\t<meta property=\"og:image:width\" content=\"1200\" \/>\n\t<meta property=\"og:image:height\" content=\"630\" \/>\n\t<meta property=\"og:image:type\" content=\"image\/jpeg\" \/>\n<meta name=\"author\" content=\"mkajic\" \/>\n<meta name=\"twitter:card\" content=\"summary_large_image\" \/>\n<meta name=\"twitter:creator\" content=\"@evropska_kuca\" \/>\n<meta name=\"twitter:site\" content=\"@evropska_kuca\" \/>\n<meta name=\"twitter:label1\" content=\"Written by\" \/>\n\t<meta name=\"twitter:data1\" content=\"mkajic\" \/>\n\t<meta name=\"twitter:label2\" content=\"Est. reading time\" \/>\n\t<meta name=\"twitter:data2\" content=\"1 minute\" \/>\n<script type=\"application\/ld+json\" class=\"yoast-schema-graph\">{\"@context\":\"https:\\\/\\\/schema.org\",\"@graph\":[{\"@type\":\"Article\",\"@id\":\"https:\\\/\\\/www.evropskakuca.me\\\/me\\\/i-ja-sam-sa-vama-porucuju-nam-ugorzene-biljke-i-zivotinje\\\/#article\",\"isPartOf\":{\"@id\":\"https:\\\/\\\/www.evropskakuca.me\\\/me\\\/i-ja-sam-sa-vama-porucuju-nam-ugorzene-biljke-i-zivotinje\\\/\"},\"author\":{\"name\":\"mkajic\",\"@id\":\"https:\\\/\\\/www.evropskakuca.me\\\/me\\\/#\\\/schema\\\/person\\\/a1d0dcdaefe4a1cd1d60d200ea137ba4\"},\"headline\":\"\u201eI ja sam sa vama\u201c poru\u010duju nam ugor\u017eene biljke i \u017eivotinje\",\"datePublished\":\"2020-12-08T13:18:36+00:00\",\"dateModified\":\"2025-01-21T11:59:01+00:00\",\"mainEntityOfPage\":{\"@id\":\"https:\\\/\\\/www.evropskakuca.me\\\/me\\\/i-ja-sam-sa-vama-porucuju-nam-ugorzene-biljke-i-zivotinje\\\/\"},\"wordCount\":469,\"publisher\":{\"@id\":\"https:\\\/\\\/www.evropskakuca.me\\\/me\\\/#organization\"},\"image\":{\"@id\":\"https:\\\/\\\/www.evropskakuca.me\\\/me\\\/i-ja-sam-sa-vama-porucuju-nam-ugorzene-biljke-i-zivotinje\\\/#primaryimage\"},\"thumbnailUrl\":\"https:\\\/\\\/www.evropskakuca.me\\\/wp-content\\\/uploads\\\/2020\\\/12\\\/News-Feed-Post.jpg\",\"articleSection\":[\"Kampanje i eventi\",\"Novosti\"],\"inLanguage\":\"me-ME\"},{\"@type\":\"WebPage\",\"@id\":\"https:\\\/\\\/www.evropskakuca.me\\\/me\\\/i-ja-sam-sa-vama-porucuju-nam-ugorzene-biljke-i-zivotinje\\\/\",\"url\":\"https:\\\/\\\/www.evropskakuca.me\\\/me\\\/i-ja-sam-sa-vama-porucuju-nam-ugorzene-biljke-i-zivotinje\\\/\",\"name\":\"\u201eI ja sam sa vama\u201c poru\u010duju nam ugor\u017eene biljke i \u017eivotinje - Europe House\",\"isPartOf\":{\"@id\":\"https:\\\/\\\/www.evropskakuca.me\\\/me\\\/#website\"},\"primaryImageOfPage\":{\"@id\":\"https:\\\/\\\/www.evropskakuca.me\\\/me\\\/i-ja-sam-sa-vama-porucuju-nam-ugorzene-biljke-i-zivotinje\\\/#primaryimage\"},\"image\":{\"@id\":\"https:\\\/\\\/www.evropskakuca.me\\\/me\\\/i-ja-sam-sa-vama-porucuju-nam-ugorzene-biljke-i-zivotinje\\\/#primaryimage\"},\"thumbnailUrl\":\"https:\\\/\\\/www.evropskakuca.me\\\/wp-content\\\/uploads\\\/2020\\\/12\\\/News-Feed-Post.jpg\",\"datePublished\":\"2020-12-08T13:18:36+00:00\",\"dateModified\":\"2025-01-21T11:59:01+00:00\",\"breadcrumb\":{\"@id\":\"https:\\\/\\\/www.evropskakuca.me\\\/me\\\/i-ja-sam-sa-vama-porucuju-nam-ugorzene-biljke-i-zivotinje\\\/#breadcrumb\"},\"inLanguage\":\"me-ME\",\"potentialAction\":[{\"@type\":\"ReadAction\",\"target\":[\"https:\\\/\\\/www.evropskakuca.me\\\/me\\\/i-ja-sam-sa-vama-porucuju-nam-ugorzene-biljke-i-zivotinje\\\/\"]}]},{\"@type\":\"ImageObject\",\"inLanguage\":\"me-ME\",\"@id\":\"https:\\\/\\\/www.evropskakuca.me\\\/me\\\/i-ja-sam-sa-vama-porucuju-nam-ugorzene-biljke-i-zivotinje\\\/#primaryimage\",\"url\":\"https:\\\/\\\/www.evropskakuca.me\\\/wp-content\\\/uploads\\\/2020\\\/12\\\/News-Feed-Post.jpg\",\"contentUrl\":\"https:\\\/\\\/www.evropskakuca.me\\\/wp-content\\\/uploads\\\/2020\\\/12\\\/News-Feed-Post.jpg\",\"width\":1200,\"height\":630},{\"@type\":\"BreadcrumbList\",\"@id\":\"https:\\\/\\\/www.evropskakuca.me\\\/me\\\/i-ja-sam-sa-vama-porucuju-nam-ugorzene-biljke-i-zivotinje\\\/#breadcrumb\",\"itemListElement\":[{\"@type\":\"ListItem\",\"position\":1,\"name\":\"Home\",\"item\":\"https:\\\/\\\/www.evropskakuca.me\\\/me\\\/\"},{\"@type\":\"ListItem\",\"position\":2,\"name\":\"\u201eI ja sam sa vama\u201c poru\u010duju nam ugor\u017eene biljke i \u017eivotinje\"}]},{\"@type\":\"WebSite\",\"@id\":\"https:\\\/\\\/www.evropskakuca.me\\\/me\\\/#website\",\"url\":\"https:\\\/\\\/www.evropskakuca.me\\\/me\\\/\",\"name\":\"Evropean house\",\"description\":\"\",\"publisher\":{\"@id\":\"https:\\\/\\\/www.evropskakuca.me\\\/me\\\/#organization\"},\"potentialAction\":[{\"@type\":\"SearchAction\",\"target\":{\"@type\":\"EntryPoint\",\"urlTemplate\":\"https:\\\/\\\/www.evropskakuca.me\\\/me\\\/?s={search_term_string}\"},\"query-input\":{\"@type\":\"PropertyValueSpecification\",\"valueRequired\":true,\"valueName\":\"search_term_string\"}}],\"inLanguage\":\"me-ME\"},{\"@type\":\"Organization\",\"@id\":\"https:\\\/\\\/www.evropskakuca.me\\\/me\\\/#organization\",\"name\":\"Evropean house\",\"url\":\"https:\\\/\\\/www.evropskakuca.me\\\/me\\\/\",\"logo\":{\"@type\":\"ImageObject\",\"inLanguage\":\"me-ME\",\"@id\":\"https:\\\/\\\/www.evropskakuca.me\\\/me\\\/#\\\/schema\\\/logo\\\/image\\\/\",\"url\":\"https:\\\/\\\/www.evropskakuca.me\\\/wp-content\\\/uploads\\\/2025\\\/01\\\/evropska-kuca-logo-1.png\",\"contentUrl\":\"https:\\\/\\\/www.evropskakuca.me\\\/wp-content\\\/uploads\\\/2025\\\/01\\\/evropska-kuca-logo-1.png\",\"width\":425,\"height\":312,\"caption\":\"Evropean house\"},\"image\":{\"@id\":\"https:\\\/\\\/www.evropskakuca.me\\\/me\\\/#\\\/schema\\\/logo\\\/image\\\/\"},\"sameAs\":[\"https:\\\/\\\/www.facebook.com\\\/evropska.kuca\",\"https:\\\/\\\/x.com\\\/evropska_kuca\",\"https:\\\/\\\/www.instagram.com\\\/evropska_kuca\"]},{\"@type\":\"Person\",\"@id\":\"https:\\\/\\\/www.evropskakuca.me\\\/me\\\/#\\\/schema\\\/person\\\/a1d0dcdaefe4a1cd1d60d200ea137ba4\",\"name\":\"mkajic\",\"image\":{\"@type\":\"ImageObject\",\"inLanguage\":\"me-ME\",\"@id\":\"https:\\\/\\\/secure.gravatar.com\\\/avatar\\\/731fa035cefab7316e6bafd1f25a93fb731a07de14e2d9923f8db4422628eabc?s=96&d=mm&r=g\",\"url\":\"https:\\\/\\\/secure.gravatar.com\\\/avatar\\\/731fa035cefab7316e6bafd1f25a93fb731a07de14e2d9923f8db4422628eabc?s=96&d=mm&r=g\",\"contentUrl\":\"https:\\\/\\\/secure.gravatar.com\\\/avatar\\\/731fa035cefab7316e6bafd1f25a93fb731a07de14e2d9923f8db4422628eabc?s=96&d=mm&r=g\",\"caption\":\"mkajic\"},\"sameAs\":[\"https:\\\/\\\/evropskakuca.me\"],\"url\":\"https:\\\/\\\/www.evropskakuca.me\\\/me\\\/author\\\/mkajic\\\/\"}]}<\/script>\n<!-- \/ Yoast SEO plugin. -->","yoast_head_json":{"title":"\u201eI ja sam sa vama\u201c poru\u010duju nam ugor\u017eene biljke i \u017eivotinje - Europe House","robots":{"index":"index","follow":"follow","max-snippet":"max-snippet:-1","max-image-preview":"max-image-preview:large","max-video-preview":"max-video-preview:-1"},"canonical":"https:\/\/www.evropskakuca.me\/me\/i-ja-sam-sa-vama-porucuju-nam-ugorzene-biljke-i-zivotinje\/","og_locale":"en_US","og_type":"article","og_title":"\u201eI ja sam sa vama\u201c poru\u010duju nam ugor\u017eene biljke i \u017eivotinje - Europe House","og_description":"Pridru\u017eite se na\u0161oj kampanji o za\u0161ti\u0107enim vrstama","og_url":"https:\/\/www.evropskakuca.me\/me\/i-ja-sam-sa-vama-porucuju-nam-ugorzene-biljke-i-zivotinje\/","og_site_name":"Europe House","article_publisher":"https:\/\/www.facebook.com\/evropska.kuca","article_published_time":"2020-12-08T13:18:36+00:00","article_modified_time":"2025-01-21T11:59:01+00:00","og_image":[{"width":1200,"height":630,"url":"https:\/\/www.evropskakuca.me\/wp-content\/uploads\/2020\/12\/News-Feed-Post.jpg","type":"image\/jpeg"}],"author":"mkajic","twitter_card":"summary_large_image","twitter_creator":"@evropska_kuca","twitter_site":"@evropska_kuca","twitter_misc":{"Written by":"mkajic","Est. reading time":"1 minute"},"schema":{"@context":"https:\/\/schema.org","@graph":[{"@type":"Article","@id":"https:\/\/www.evropskakuca.me\/me\/i-ja-sam-sa-vama-porucuju-nam-ugorzene-biljke-i-zivotinje\/#article","isPartOf":{"@id":"https:\/\/www.evropskakuca.me\/me\/i-ja-sam-sa-vama-porucuju-nam-ugorzene-biljke-i-zivotinje\/"},"author":{"name":"mkajic","@id":"https:\/\/www.evropskakuca.me\/me\/#\/schema\/person\/a1d0dcdaefe4a1cd1d60d200ea137ba4"},"headline":"\u201eI ja sam sa vama\u201c poru\u010duju nam ugor\u017eene biljke i \u017eivotinje","datePublished":"2020-12-08T13:18:36+00:00","dateModified":"2025-01-21T11:59:01+00:00","mainEntityOfPage":{"@id":"https:\/\/www.evropskakuca.me\/me\/i-ja-sam-sa-vama-porucuju-nam-ugorzene-biljke-i-zivotinje\/"},"wordCount":469,"publisher":{"@id":"https:\/\/www.evropskakuca.me\/me\/#organization"},"image":{"@id":"https:\/\/www.evropskakuca.me\/me\/i-ja-sam-sa-vama-porucuju-nam-ugorzene-biljke-i-zivotinje\/#primaryimage"},"thumbnailUrl":"https:\/\/www.evropskakuca.me\/wp-content\/uploads\/2020\/12\/News-Feed-Post.jpg","articleSection":["Kampanje i eventi","Novosti"],"inLanguage":"me-ME"},{"@type":"WebPage","@id":"https:\/\/www.evropskakuca.me\/me\/i-ja-sam-sa-vama-porucuju-nam-ugorzene-biljke-i-zivotinje\/","url":"https:\/\/www.evropskakuca.me\/me\/i-ja-sam-sa-vama-porucuju-nam-ugorzene-biljke-i-zivotinje\/","name":"\u201eI ja sam sa vama\u201c poru\u010duju nam ugor\u017eene biljke i \u017eivotinje - Europe House","isPartOf":{"@id":"https:\/\/www.evropskakuca.me\/me\/#website"},"primaryImageOfPage":{"@id":"https:\/\/www.evropskakuca.me\/me\/i-ja-sam-sa-vama-porucuju-nam-ugorzene-biljke-i-zivotinje\/#primaryimage"},"image":{"@id":"https:\/\/www.evropskakuca.me\/me\/i-ja-sam-sa-vama-porucuju-nam-ugorzene-biljke-i-zivotinje\/#primaryimage"},"thumbnailUrl":"https:\/\/www.evropskakuca.me\/wp-content\/uploads\/2020\/12\/News-Feed-Post.jpg","datePublished":"2020-12-08T13:18:36+00:00","dateModified":"2025-01-21T11:59:01+00:00","breadcrumb":{"@id":"https:\/\/www.evropskakuca.me\/me\/i-ja-sam-sa-vama-porucuju-nam-ugorzene-biljke-i-zivotinje\/#breadcrumb"},"inLanguage":"me-ME","potentialAction":[{"@type":"ReadAction","target":["https:\/\/www.evropskakuca.me\/me\/i-ja-sam-sa-vama-porucuju-nam-ugorzene-biljke-i-zivotinje\/"]}]},{"@type":"ImageObject","inLanguage":"me-ME","@id":"https:\/\/www.evropskakuca.me\/me\/i-ja-sam-sa-vama-porucuju-nam-ugorzene-biljke-i-zivotinje\/#primaryimage","url":"https:\/\/www.evropskakuca.me\/wp-content\/uploads\/2020\/12\/News-Feed-Post.jpg","contentUrl":"https:\/\/www.evropskakuca.me\/wp-content\/uploads\/2020\/12\/News-Feed-Post.jpg","width":1200,"height":630},{"@type":"BreadcrumbList","@id":"https:\/\/www.evropskakuca.me\/me\/i-ja-sam-sa-vama-porucuju-nam-ugorzene-biljke-i-zivotinje\/#breadcrumb","itemListElement":[{"@type":"ListItem","position":1,"name":"Home","item":"https:\/\/www.evropskakuca.me\/me\/"},{"@type":"ListItem","position":2,"name":"\u201eI ja sam sa vama\u201c poru\u010duju nam ugor\u017eene biljke i \u017eivotinje"}]},{"@type":"WebSite","@id":"https:\/\/www.evropskakuca.me\/me\/#website","url":"https:\/\/www.evropskakuca.me\/me\/","name":"Evropean house","description":"","publisher":{"@id":"https:\/\/www.evropskakuca.me\/me\/#organization"},"potentialAction":[{"@type":"SearchAction","target":{"@type":"EntryPoint","urlTemplate":"https:\/\/www.evropskakuca.me\/me\/?s={search_term_string}"},"query-input":{"@type":"PropertyValueSpecification","valueRequired":true,"valueName":"search_term_string"}}],"inLanguage":"me-ME"},{"@type":"Organization","@id":"https:\/\/www.evropskakuca.me\/me\/#organization","name":"Evropean house","url":"https:\/\/www.evropskakuca.me\/me\/","logo":{"@type":"ImageObject","inLanguage":"me-ME","@id":"https:\/\/www.evropskakuca.me\/me\/#\/schema\/logo\/image\/","url":"https:\/\/www.evropskakuca.me\/wp-content\/uploads\/2025\/01\/evropska-kuca-logo-1.png","contentUrl":"https:\/\/www.evropskakuca.me\/wp-content\/uploads\/2025\/01\/evropska-kuca-logo-1.png","width":425,"height":312,"caption":"Evropean house"},"image":{"@id":"https:\/\/www.evropskakuca.me\/me\/#\/schema\/logo\/image\/"},"sameAs":["https:\/\/www.facebook.com\/evropska.kuca","https:\/\/x.com\/evropska_kuca","https:\/\/www.instagram.com\/evropska_kuca"]},{"@type":"Person","@id":"https:\/\/www.evropskakuca.me\/me\/#\/schema\/person\/a1d0dcdaefe4a1cd1d60d200ea137ba4","name":"mkajic","image":{"@type":"ImageObject","inLanguage":"me-ME","@id":"https:\/\/secure.gravatar.com\/avatar\/731fa035cefab7316e6bafd1f25a93fb731a07de14e2d9923f8db4422628eabc?s=96&d=mm&r=g","url":"https:\/\/secure.gravatar.com\/avatar\/731fa035cefab7316e6bafd1f25a93fb731a07de14e2d9923f8db4422628eabc?s=96&d=mm&r=g","contentUrl":"https:\/\/secure.gravatar.com\/avatar\/731fa035cefab7316e6bafd1f25a93fb731a07de14e2d9923f8db4422628eabc?s=96&d=mm&r=g","caption":"mkajic"},"sameAs":["https:\/\/evropskakuca.me"],"url":"https:\/\/www.evropskakuca.me\/me\/author\/mkajic\/"}]}},"_links":{"self":[{"href":"https:\/\/www.evropskakuca.me\/me\/wp-json\/wp\/v2\/posts\/10595","targetHints":{"allow":["GET"]}}],"collection":[{"href":"https:\/\/www.evropskakuca.me\/me\/wp-json\/wp\/v2\/posts"}],"about":[{"href":"https:\/\/www.evropskakuca.me\/me\/wp-json\/wp\/v2\/types\/post"}],"author":[{"embeddable":true,"href":"https:\/\/www.evropskakuca.me\/me\/wp-json\/wp\/v2\/users\/1"}],"replies":[{"embeddable":true,"href":"https:\/\/www.evropskakuca.me\/me\/wp-json\/wp\/v2\/comments?post=10595"}],"version-history":[{"count":1,"href":"https:\/\/www.evropskakuca.me\/me\/wp-json\/wp\/v2\/posts\/10595\/revisions"}],"predecessor-version":[{"id":42490,"href":"https:\/\/www.evropskakuca.me\/me\/wp-json\/wp\/v2\/posts\/10595\/revisions\/42490"}],"wp:featuredmedia":[{"embeddable":true,"href":"https:\/\/www.evropskakuca.me\/me\/wp-json\/wp\/v2\/media\/35764"}],"wp:attachment":[{"href":"https:\/\/www.evropskakuca.me\/me\/wp-json\/wp\/v2\/media?parent=10595"}],"wp:term":[{"taxonomy":"category","embeddable":true,"href":"https:\/\/www.evropskakuca.me\/me\/wp-json\/wp\/v2\/categories?post=10595"},{"taxonomy":"post_tag","embeddable":true,"href":"https:\/\/www.evropskakuca.me\/me\/wp-json\/wp\/v2\/tags?post=10595"}],"curies":[{"name":"wp","href":"https:\/\/api.w.org\/{rel}","templated":true}]}}