{"id":10495,"date":"2020-11-29T13:33:59","date_gmt":"2020-11-29T13:33:59","guid":{"rendered":"http:\/\/www.evropskakuca.me\/?p=10495"},"modified":"2020-11-29T13:33:59","modified_gmt":"2020-11-29T13:33:59","slug":"danilovgrad-dobio-tri-nova-oslikana-kontejnera","status":"publish","type":"post","link":"https:\/\/www.evropskakuca.me\/me\/danilovgrad-dobio-tri-nova-oslikana-kontejnera\/","title":{"rendered":"Danilovgrad dobio tri nova oslikana kontejnera"},"content":{"rendered":"<p>Danilovgrad je dobio tri nova kontejnera, koja su u dogovoru sa lokalnim vlastima postavljena kod novoizgra\u0111enog dje\u010dijeg igrali\u0161ta u Pa\u017ei\u0107ima. Kontejnere je donirala Evropska unija u Crnoj Gori, na inicijativu \u010detiri lokalne nevladine organizacije: Rural-Urban, Za zelenu Zetu, Savjet za implementaciju omladinske politike i Institut za socijalnu i obrazovnu politiku, koje \u010dine Eko mre\u017eu Danilovgrad. Kako bi se \u0161to bolje uklopili u okru\u017eenje, kontejneri su oslikani u okviru akcije \u201e\u0160minkanje grada\u201c, koju je pokrenuo Omladinski servis Danilovgrada. Akciju je koordinirao EU info centar.<\/p>\n<p><img fetchpriority=\"high\" decoding=\"async\" class=\"alignnone size-large wp-image-10498\" src=\"http:\/\/www.evropskakuca.me\/wp-content\/uploads\/2020\/11\/DG_donacija_3_-1024x683.jpg\" alt=\"\" width=\"1024\" height=\"683\" \/><br \/>\n\u201eJedna jednostavna inicijativa povezala je vi\u0161e partnera, kojima je iskreno stalo da njihova okolina lijepo izgleda i bude za\u0161ti\u0107ena. Drago nam je da smo dio nje i da smo bili u prilici da podr\u017eimo mlade ljude u njihovim naporima da pomognu svojoj zajednici. U ovoj pri\u010di prepli\u0107u se vrijednosti za koje se zala\u017ee i sama Evropska unija, od za\u0161tite \u017eivotne sredine i solildarnosti, do promocije saradnje i podr\u0161ke omladinskom radu\u201c, kazala je koleginica Jelena Kulid\u017ean.<\/p>\n<p><img decoding=\"async\" class=\"alignnone size-large wp-image-10500\" src=\"http:\/\/www.evropskakuca.me\/wp-content\/uploads\/2020\/11\/DG_donacija_5_-1024x683.jpg\" alt=\"\" width=\"1024\" height=\"683\" \/><br \/>\nEko mre\u017ea Danilovgrad posve\u0107ena je rje\u0161avanju ekolo\u0161kih problema na lokalnom nivou. Ranije su napravili Mapu deponija, organizovali akcije \u010di\u0161\u0107enja, a kako je jedan od problema u Danilovgradu sakupljanje otpada, ovom inicijativom su htjeli da dodatno pomognu da grad bude \u010distiji.<\/p>\n<p><img decoding=\"async\" class=\"alignnone size-large wp-image-10502\" src=\"http:\/\/www.evropskakuca.me\/wp-content\/uploads\/2020\/11\/DG_donacija_1_-1024x683.jpg\" alt=\"\" width=\"1024\" height=\"683\" \/><br \/>\n\u201ePosebno smo ponosni \u0161to udru\u017eenim snagama, kroz mre\u017ee ili koalicije organizacija, znatno lak\u0161e dolazimo do ispunjenja ciljeva za op\u0161te dobro. Novo igrali\u0161te u gradu \u0107e sada i na ovaj na\u010din biti obezbje\u0111eno, a mali\u0161ani na pravi na\u010din pokazati svoju odgovornost prema sredini u kojoj borave. Vjerujemo da smo na po\u010detku doprinosa gradu pored Zete, svjesni da sve nas \u010deka veliki rad kako bismo do\u0161li do onoga \u0161to ovaj kraj zaslu\u017euje. A to je \u010disti i lijep Danilovgrad, a sa njim i Park prirode rijeka Zeta\u201c, saop\u0161tio je Milan Mijajlovi\u0107 iz NVO Rural-Urban.<\/p>\n<p>Kontejneri su oslikani u motivima \u010detiri godi\u0161nja doba. To su uradile lokalne umjetnice Mina \u0110urovi\u0107, Simona Jakovljevi\u0107 i Tereza \u017divkovi\u0107, uz asistenciju likovnog umjetnika Bojana Matunovi\u0107a, koje je anga\u017eovao Omladinski servis Danilovgrada u okviru akcije \u201e\u0160minkanje grada\u201c. Cijeloj akciji pridru\u017eili su se mladi volonteri Omladinskog servisa. Cilj akcije, koja je organizovana uz saglasnost Ministarstva sporta i mladih i finansijsku podr\u0161ku Op\u0161tine Danilovgrad, je da se javne povr\u0161ine u Danilovgradu \u201co\u017eive\u201d vedrim bojama, kroz umjetni\u010dki izraz mladih.<\/p>\n<p><img loading=\"lazy\" decoding=\"async\" class=\"alignnone size-large wp-image-10508\" src=\"http:\/\/www.evropskakuca.me\/wp-content\/uploads\/2020\/11\/DG_donacija_6_-1024x929.jpg\" alt=\"\" width=\"1024\" height=\"929\" \/><br \/>\n\u201eNa taj na\u010din \u0161aljemo jasnu poruku da kao zajednica vrednujemo mlade talente, dajemo im prostor da promovi\u0161u i unapre\u0111uju svoj talenat. Tako\u0111e, u fokusu je i promocija vrijednosti kao \u0161to su unapre\u0111enje zajednice, za\u0161tita \u017eivotne sredine i podr\u0161ka radu mladih. Sigurna sam da uvezivanje ovih vrijednosti doprinosi prosperitetu svake zajednice\u201c, kazala je Marija Popovi\u0107, administratorka Omladinskog servisa Danilovgrad pri Ministarstvu sporta i mladih.<\/p>\n<p>&nbsp;<\/p>\n","protected":false},"excerpt":{"rendered":"<p>Donacija Evropske unije u Crnoj Gori, na inicijativu nevladinog sektora <\/p>\n","protected":false},"author":1,"featured_media":35718,"comment_status":"closed","ping_status":"closed","sticky":false,"template":"","format":"standard","meta":{"_acf_changed":false,"footnotes":""},"categories":[283],"tags":[],"class_list":["post-10495","post","type-post","status-publish","format-standard","has-post-thumbnail","hentry","category-novosti-me"],"acf":[],"yoast_head":"<!-- This site is optimized with the Yoast SEO plugin v27.3 - https:\/\/yoast.com\/product\/yoast-seo-wordpress\/ -->\n<title>Danilovgrad dobio tri nova oslikana kontejnera - Europe House<\/title>\n<meta name=\"robots\" content=\"index, follow, max-snippet:-1, max-image-preview:large, max-video-preview:-1\" \/>\n<link rel=\"canonical\" href=\"https:\/\/www.evropskakuca.me\/me\/danilovgrad-dobio-tri-nova-oslikana-kontejnera\/\" \/>\n<meta property=\"og:locale\" content=\"en_US\" \/>\n<meta property=\"og:type\" content=\"article\" \/>\n<meta property=\"og:title\" content=\"Danilovgrad dobio tri nova oslikana kontejnera - Europe House\" \/>\n<meta property=\"og:description\" content=\"Donacija Evropske unije u Crnoj Gori, na inicijativu nevladinog sektora\" \/>\n<meta property=\"og:url\" content=\"https:\/\/www.evropskakuca.me\/me\/danilovgrad-dobio-tri-nova-oslikana-kontejnera\/\" \/>\n<meta property=\"og:site_name\" content=\"Europe House\" \/>\n<meta property=\"article:publisher\" content=\"https:\/\/www.facebook.com\/evropska.kuca\" \/>\n<meta property=\"article:published_time\" content=\"2020-11-29T13:33:59+00:00\" \/>\n<meta property=\"og:image\" content=\"https:\/\/www.evropskakuca.me\/wp-content\/uploads\/2020\/11\/DG_donacija_2_-scaled.jpg\" \/>\n\t<meta property=\"og:image:width\" content=\"2560\" \/>\n\t<meta property=\"og:image:height\" content=\"1707\" \/>\n\t<meta property=\"og:image:type\" content=\"image\/jpeg\" \/>\n<meta name=\"author\" content=\"mkajic\" \/>\n<meta name=\"twitter:card\" content=\"summary_large_image\" \/>\n<meta name=\"twitter:creator\" content=\"@evropska_kuca\" \/>\n<meta name=\"twitter:site\" content=\"@evropska_kuca\" \/>\n<meta name=\"twitter:label1\" content=\"Written by\" \/>\n\t<meta name=\"twitter:data1\" content=\"mkajic\" \/>\n\t<meta name=\"twitter:label2\" content=\"Est. reading time\" \/>\n\t<meta name=\"twitter:data2\" content=\"2 minutes\" \/>\n<script type=\"application\/ld+json\" class=\"yoast-schema-graph\">{\"@context\":\"https:\\\/\\\/schema.org\",\"@graph\":[{\"@type\":\"Article\",\"@id\":\"https:\\\/\\\/www.evropskakuca.me\\\/me\\\/danilovgrad-dobio-tri-nova-oslikana-kontejnera\\\/#article\",\"isPartOf\":{\"@id\":\"https:\\\/\\\/www.evropskakuca.me\\\/me\\\/danilovgrad-dobio-tri-nova-oslikana-kontejnera\\\/\"},\"author\":{\"name\":\"mkajic\",\"@id\":\"https:\\\/\\\/www.evropskakuca.me\\\/me\\\/#\\\/schema\\\/person\\\/a1d0dcdaefe4a1cd1d60d200ea137ba4\"},\"headline\":\"Danilovgrad dobio tri nova oslikana kontejnera\",\"datePublished\":\"2020-11-29T13:33:59+00:00\",\"mainEntityOfPage\":{\"@id\":\"https:\\\/\\\/www.evropskakuca.me\\\/me\\\/danilovgrad-dobio-tri-nova-oslikana-kontejnera\\\/\"},\"wordCount\":487,\"publisher\":{\"@id\":\"https:\\\/\\\/www.evropskakuca.me\\\/me\\\/#organization\"},\"image\":{\"@id\":\"https:\\\/\\\/www.evropskakuca.me\\\/me\\\/danilovgrad-dobio-tri-nova-oslikana-kontejnera\\\/#primaryimage\"},\"thumbnailUrl\":\"https:\\\/\\\/www.evropskakuca.me\\\/wp-content\\\/uploads\\\/2020\\\/11\\\/DG_donacija_2_-scaled.jpg\",\"articleSection\":[\"Novosti\"],\"inLanguage\":\"me-ME\"},{\"@type\":\"WebPage\",\"@id\":\"https:\\\/\\\/www.evropskakuca.me\\\/me\\\/danilovgrad-dobio-tri-nova-oslikana-kontejnera\\\/\",\"url\":\"https:\\\/\\\/www.evropskakuca.me\\\/me\\\/danilovgrad-dobio-tri-nova-oslikana-kontejnera\\\/\",\"name\":\"Danilovgrad dobio tri nova oslikana kontejnera - Europe House\",\"isPartOf\":{\"@id\":\"https:\\\/\\\/www.evropskakuca.me\\\/me\\\/#website\"},\"primaryImageOfPage\":{\"@id\":\"https:\\\/\\\/www.evropskakuca.me\\\/me\\\/danilovgrad-dobio-tri-nova-oslikana-kontejnera\\\/#primaryimage\"},\"image\":{\"@id\":\"https:\\\/\\\/www.evropskakuca.me\\\/me\\\/danilovgrad-dobio-tri-nova-oslikana-kontejnera\\\/#primaryimage\"},\"thumbnailUrl\":\"https:\\\/\\\/www.evropskakuca.me\\\/wp-content\\\/uploads\\\/2020\\\/11\\\/DG_donacija_2_-scaled.jpg\",\"datePublished\":\"2020-11-29T13:33:59+00:00\",\"breadcrumb\":{\"@id\":\"https:\\\/\\\/www.evropskakuca.me\\\/me\\\/danilovgrad-dobio-tri-nova-oslikana-kontejnera\\\/#breadcrumb\"},\"inLanguage\":\"me-ME\",\"potentialAction\":[{\"@type\":\"ReadAction\",\"target\":[\"https:\\\/\\\/www.evropskakuca.me\\\/me\\\/danilovgrad-dobio-tri-nova-oslikana-kontejnera\\\/\"]}]},{\"@type\":\"ImageObject\",\"inLanguage\":\"me-ME\",\"@id\":\"https:\\\/\\\/www.evropskakuca.me\\\/me\\\/danilovgrad-dobio-tri-nova-oslikana-kontejnera\\\/#primaryimage\",\"url\":\"https:\\\/\\\/www.evropskakuca.me\\\/wp-content\\\/uploads\\\/2020\\\/11\\\/DG_donacija_2_-scaled.jpg\",\"contentUrl\":\"https:\\\/\\\/www.evropskakuca.me\\\/wp-content\\\/uploads\\\/2020\\\/11\\\/DG_donacija_2_-scaled.jpg\",\"width\":2560,\"height\":1707},{\"@type\":\"BreadcrumbList\",\"@id\":\"https:\\\/\\\/www.evropskakuca.me\\\/me\\\/danilovgrad-dobio-tri-nova-oslikana-kontejnera\\\/#breadcrumb\",\"itemListElement\":[{\"@type\":\"ListItem\",\"position\":1,\"name\":\"Home\",\"item\":\"https:\\\/\\\/www.evropskakuca.me\\\/me\\\/\"},{\"@type\":\"ListItem\",\"position\":2,\"name\":\"Danilovgrad dobio tri nova oslikana kontejnera\"}]},{\"@type\":\"WebSite\",\"@id\":\"https:\\\/\\\/www.evropskakuca.me\\\/me\\\/#website\",\"url\":\"https:\\\/\\\/www.evropskakuca.me\\\/me\\\/\",\"name\":\"Evropean house\",\"description\":\"\",\"publisher\":{\"@id\":\"https:\\\/\\\/www.evropskakuca.me\\\/me\\\/#organization\"},\"potentialAction\":[{\"@type\":\"SearchAction\",\"target\":{\"@type\":\"EntryPoint\",\"urlTemplate\":\"https:\\\/\\\/www.evropskakuca.me\\\/me\\\/?s={search_term_string}\"},\"query-input\":{\"@type\":\"PropertyValueSpecification\",\"valueRequired\":true,\"valueName\":\"search_term_string\"}}],\"inLanguage\":\"me-ME\"},{\"@type\":\"Organization\",\"@id\":\"https:\\\/\\\/www.evropskakuca.me\\\/me\\\/#organization\",\"name\":\"Evropean house\",\"url\":\"https:\\\/\\\/www.evropskakuca.me\\\/me\\\/\",\"logo\":{\"@type\":\"ImageObject\",\"inLanguage\":\"me-ME\",\"@id\":\"https:\\\/\\\/www.evropskakuca.me\\\/me\\\/#\\\/schema\\\/logo\\\/image\\\/\",\"url\":\"https:\\\/\\\/www.evropskakuca.me\\\/wp-content\\\/uploads\\\/2025\\\/01\\\/evropska-kuca-logo-1.png\",\"contentUrl\":\"https:\\\/\\\/www.evropskakuca.me\\\/wp-content\\\/uploads\\\/2025\\\/01\\\/evropska-kuca-logo-1.png\",\"width\":425,\"height\":312,\"caption\":\"Evropean house\"},\"image\":{\"@id\":\"https:\\\/\\\/www.evropskakuca.me\\\/me\\\/#\\\/schema\\\/logo\\\/image\\\/\"},\"sameAs\":[\"https:\\\/\\\/www.facebook.com\\\/evropska.kuca\",\"https:\\\/\\\/x.com\\\/evropska_kuca\",\"https:\\\/\\\/www.instagram.com\\\/evropska_kuca\"]},{\"@type\":\"Person\",\"@id\":\"https:\\\/\\\/www.evropskakuca.me\\\/me\\\/#\\\/schema\\\/person\\\/a1d0dcdaefe4a1cd1d60d200ea137ba4\",\"name\":\"mkajic\",\"image\":{\"@type\":\"ImageObject\",\"inLanguage\":\"me-ME\",\"@id\":\"https:\\\/\\\/secure.gravatar.com\\\/avatar\\\/731fa035cefab7316e6bafd1f25a93fb731a07de14e2d9923f8db4422628eabc?s=96&d=mm&r=g\",\"url\":\"https:\\\/\\\/secure.gravatar.com\\\/avatar\\\/731fa035cefab7316e6bafd1f25a93fb731a07de14e2d9923f8db4422628eabc?s=96&d=mm&r=g\",\"contentUrl\":\"https:\\\/\\\/secure.gravatar.com\\\/avatar\\\/731fa035cefab7316e6bafd1f25a93fb731a07de14e2d9923f8db4422628eabc?s=96&d=mm&r=g\",\"caption\":\"mkajic\"},\"sameAs\":[\"https:\\\/\\\/evropskakuca.me\"],\"url\":\"https:\\\/\\\/www.evropskakuca.me\\\/me\\\/author\\\/mkajic\\\/\"}]}<\/script>\n<!-- \/ Yoast SEO plugin. -->","yoast_head_json":{"title":"Danilovgrad dobio tri nova oslikana kontejnera - Europe House","robots":{"index":"index","follow":"follow","max-snippet":"max-snippet:-1","max-image-preview":"max-image-preview:large","max-video-preview":"max-video-preview:-1"},"canonical":"https:\/\/www.evropskakuca.me\/me\/danilovgrad-dobio-tri-nova-oslikana-kontejnera\/","og_locale":"en_US","og_type":"article","og_title":"Danilovgrad dobio tri nova oslikana kontejnera - Europe House","og_description":"Donacija Evropske unije u Crnoj Gori, na inicijativu nevladinog sektora","og_url":"https:\/\/www.evropskakuca.me\/me\/danilovgrad-dobio-tri-nova-oslikana-kontejnera\/","og_site_name":"Europe House","article_publisher":"https:\/\/www.facebook.com\/evropska.kuca","article_published_time":"2020-11-29T13:33:59+00:00","og_image":[{"width":2560,"height":1707,"url":"https:\/\/www.evropskakuca.me\/wp-content\/uploads\/2020\/11\/DG_donacija_2_-scaled.jpg","type":"image\/jpeg"}],"author":"mkajic","twitter_card":"summary_large_image","twitter_creator":"@evropska_kuca","twitter_site":"@evropska_kuca","twitter_misc":{"Written by":"mkajic","Est. reading time":"2 minutes"},"schema":{"@context":"https:\/\/schema.org","@graph":[{"@type":"Article","@id":"https:\/\/www.evropskakuca.me\/me\/danilovgrad-dobio-tri-nova-oslikana-kontejnera\/#article","isPartOf":{"@id":"https:\/\/www.evropskakuca.me\/me\/danilovgrad-dobio-tri-nova-oslikana-kontejnera\/"},"author":{"name":"mkajic","@id":"https:\/\/www.evropskakuca.me\/me\/#\/schema\/person\/a1d0dcdaefe4a1cd1d60d200ea137ba4"},"headline":"Danilovgrad dobio tri nova oslikana kontejnera","datePublished":"2020-11-29T13:33:59+00:00","mainEntityOfPage":{"@id":"https:\/\/www.evropskakuca.me\/me\/danilovgrad-dobio-tri-nova-oslikana-kontejnera\/"},"wordCount":487,"publisher":{"@id":"https:\/\/www.evropskakuca.me\/me\/#organization"},"image":{"@id":"https:\/\/www.evropskakuca.me\/me\/danilovgrad-dobio-tri-nova-oslikana-kontejnera\/#primaryimage"},"thumbnailUrl":"https:\/\/www.evropskakuca.me\/wp-content\/uploads\/2020\/11\/DG_donacija_2_-scaled.jpg","articleSection":["Novosti"],"inLanguage":"me-ME"},{"@type":"WebPage","@id":"https:\/\/www.evropskakuca.me\/me\/danilovgrad-dobio-tri-nova-oslikana-kontejnera\/","url":"https:\/\/www.evropskakuca.me\/me\/danilovgrad-dobio-tri-nova-oslikana-kontejnera\/","name":"Danilovgrad dobio tri nova oslikana kontejnera - Europe House","isPartOf":{"@id":"https:\/\/www.evropskakuca.me\/me\/#website"},"primaryImageOfPage":{"@id":"https:\/\/www.evropskakuca.me\/me\/danilovgrad-dobio-tri-nova-oslikana-kontejnera\/#primaryimage"},"image":{"@id":"https:\/\/www.evropskakuca.me\/me\/danilovgrad-dobio-tri-nova-oslikana-kontejnera\/#primaryimage"},"thumbnailUrl":"https:\/\/www.evropskakuca.me\/wp-content\/uploads\/2020\/11\/DG_donacija_2_-scaled.jpg","datePublished":"2020-11-29T13:33:59+00:00","breadcrumb":{"@id":"https:\/\/www.evropskakuca.me\/me\/danilovgrad-dobio-tri-nova-oslikana-kontejnera\/#breadcrumb"},"inLanguage":"me-ME","potentialAction":[{"@type":"ReadAction","target":["https:\/\/www.evropskakuca.me\/me\/danilovgrad-dobio-tri-nova-oslikana-kontejnera\/"]}]},{"@type":"ImageObject","inLanguage":"me-ME","@id":"https:\/\/www.evropskakuca.me\/me\/danilovgrad-dobio-tri-nova-oslikana-kontejnera\/#primaryimage","url":"https:\/\/www.evropskakuca.me\/wp-content\/uploads\/2020\/11\/DG_donacija_2_-scaled.jpg","contentUrl":"https:\/\/www.evropskakuca.me\/wp-content\/uploads\/2020\/11\/DG_donacija_2_-scaled.jpg","width":2560,"height":1707},{"@type":"BreadcrumbList","@id":"https:\/\/www.evropskakuca.me\/me\/danilovgrad-dobio-tri-nova-oslikana-kontejnera\/#breadcrumb","itemListElement":[{"@type":"ListItem","position":1,"name":"Home","item":"https:\/\/www.evropskakuca.me\/me\/"},{"@type":"ListItem","position":2,"name":"Danilovgrad dobio tri nova oslikana kontejnera"}]},{"@type":"WebSite","@id":"https:\/\/www.evropskakuca.me\/me\/#website","url":"https:\/\/www.evropskakuca.me\/me\/","name":"Evropean house","description":"","publisher":{"@id":"https:\/\/www.evropskakuca.me\/me\/#organization"},"potentialAction":[{"@type":"SearchAction","target":{"@type":"EntryPoint","urlTemplate":"https:\/\/www.evropskakuca.me\/me\/?s={search_term_string}"},"query-input":{"@type":"PropertyValueSpecification","valueRequired":true,"valueName":"search_term_string"}}],"inLanguage":"me-ME"},{"@type":"Organization","@id":"https:\/\/www.evropskakuca.me\/me\/#organization","name":"Evropean house","url":"https:\/\/www.evropskakuca.me\/me\/","logo":{"@type":"ImageObject","inLanguage":"me-ME","@id":"https:\/\/www.evropskakuca.me\/me\/#\/schema\/logo\/image\/","url":"https:\/\/www.evropskakuca.me\/wp-content\/uploads\/2025\/01\/evropska-kuca-logo-1.png","contentUrl":"https:\/\/www.evropskakuca.me\/wp-content\/uploads\/2025\/01\/evropska-kuca-logo-1.png","width":425,"height":312,"caption":"Evropean house"},"image":{"@id":"https:\/\/www.evropskakuca.me\/me\/#\/schema\/logo\/image\/"},"sameAs":["https:\/\/www.facebook.com\/evropska.kuca","https:\/\/x.com\/evropska_kuca","https:\/\/www.instagram.com\/evropska_kuca"]},{"@type":"Person","@id":"https:\/\/www.evropskakuca.me\/me\/#\/schema\/person\/a1d0dcdaefe4a1cd1d60d200ea137ba4","name":"mkajic","image":{"@type":"ImageObject","inLanguage":"me-ME","@id":"https:\/\/secure.gravatar.com\/avatar\/731fa035cefab7316e6bafd1f25a93fb731a07de14e2d9923f8db4422628eabc?s=96&d=mm&r=g","url":"https:\/\/secure.gravatar.com\/avatar\/731fa035cefab7316e6bafd1f25a93fb731a07de14e2d9923f8db4422628eabc?s=96&d=mm&r=g","contentUrl":"https:\/\/secure.gravatar.com\/avatar\/731fa035cefab7316e6bafd1f25a93fb731a07de14e2d9923f8db4422628eabc?s=96&d=mm&r=g","caption":"mkajic"},"sameAs":["https:\/\/evropskakuca.me"],"url":"https:\/\/www.evropskakuca.me\/me\/author\/mkajic\/"}]}},"_links":{"self":[{"href":"https:\/\/www.evropskakuca.me\/me\/wp-json\/wp\/v2\/posts\/10495","targetHints":{"allow":["GET"]}}],"collection":[{"href":"https:\/\/www.evropskakuca.me\/me\/wp-json\/wp\/v2\/posts"}],"about":[{"href":"https:\/\/www.evropskakuca.me\/me\/wp-json\/wp\/v2\/types\/post"}],"author":[{"embeddable":true,"href":"https:\/\/www.evropskakuca.me\/me\/wp-json\/wp\/v2\/users\/1"}],"replies":[{"embeddable":true,"href":"https:\/\/www.evropskakuca.me\/me\/wp-json\/wp\/v2\/comments?post=10495"}],"version-history":[{"count":0,"href":"https:\/\/www.evropskakuca.me\/me\/wp-json\/wp\/v2\/posts\/10495\/revisions"}],"wp:featuredmedia":[{"embeddable":true,"href":"https:\/\/www.evropskakuca.me\/me\/wp-json\/wp\/v2\/media\/35718"}],"wp:attachment":[{"href":"https:\/\/www.evropskakuca.me\/me\/wp-json\/wp\/v2\/media?parent=10495"}],"wp:term":[{"taxonomy":"category","embeddable":true,"href":"https:\/\/www.evropskakuca.me\/me\/wp-json\/wp\/v2\/categories?post=10495"},{"taxonomy":"post_tag","embeddable":true,"href":"https:\/\/www.evropskakuca.me\/me\/wp-json\/wp\/v2\/tags?post=10495"}],"curies":[{"name":"wp","href":"https:\/\/api.w.org\/{rel}","templated":true}]}}