{"id":10473,"date":"2020-11-04T18:26:37","date_gmt":"2020-11-04T18:26:37","guid":{"rendered":"http:\/\/www.evropskakuca.me\/?p=10473"},"modified":"2020-11-04T18:26:37","modified_gmt":"2020-11-04T18:26:37","slug":"prvi-hakaton-posvecen-klimatskim-promjenama-u-crnoj-gori","status":"publish","type":"post","link":"https:\/\/www.evropskakuca.me\/me\/prvi-hakaton-posvecen-klimatskim-promjenama-u-crnoj-gori\/","title":{"rendered":"Prvi hakaton posve\u0107en klimatskim promjenama u Crnoj Gori"},"content":{"rendered":"<p>U Podgorici se 28. i 29. novembra organizuje prvi Climathon u Crnoj Gori, svjetski poznato ekolo\u0161ko takmi\u010denje posve\u0107eno klimatskim promjenama. U pitanju je 24-satni hakaton, na kojem u\u010desnici predla\u017eu inovativna rje\u0161enja za probleme u gradskim sredinama, koji se ti\u010du klimatske krize. Prvi Climathon u Crnoj Gori organizuje NVO \u201eNest\u201c, pod pokroviteljstvom Delegacije Evropske Unije u Crnoj Gori, a u saradnji sa Ministarstvom nauke, Programom Ujedinjenih nacija za razvoj (UNDP), kompanijom Telenor, Glavnim gradom, Privrednom komorom Crne Gore, Erste bankom i Fondacijom Petrovi\u0107 Njego\u0161.<\/p>\n<p>Pravo da se prijave imaju svi zainteresovani izme\u0111u 15 i 45 godina, koji mogu da formiraju timove do pet \u010dlanova. Jedan tim mo\u017ee aplicirati sa jednom idejom, a prednost \u0107e imati timovi sa novim idejama i rje\u0161enjima koja do sada nisu plasirana i\/ili finansirana kroz ostala takmi\u010denja. Rok za prijavu timova je od 4. do 18. novembra. Potrebno je da jedna osoba, ispred svog tima, popuni formular na <a href=\"https:\/\/bit.ly\/3jUMSJw\">linku<\/a>. Bi\u0107e odabrano 10 timova koji \u0107e dobiti priliku da se takmi\u010de na prvom Climathonu u Crnoj Gori.<\/p>\n<p>\u201eDo kraja godine je ostalo manje od deset sedmica, \u0161to je sasvim dovoljno vremena da okupimo najbolje ideje za rje\u0161avanje problema koji se ti\u010du otpada u Glavnom gradu, pripremimo ih za rad i nagradimo. Ukoliko voli\u0161 takmi\u010denja i \u017eeli\u0161 ne\u0161to da uradi\u0161 povodom ovog izazova, prijavi se za Climathon Podgorica\u201c, poru\u010duju iz NVO \u201eNest\u201c.<\/p>\n<p>Do sada, Climathon je bio organizovan na \u0161est kontinenata, u 56 zemalja i 145 gradova. Pokrenuo ga je 2015. godine Climate KIC, ekolo\u0161ki ogranak Evropske zajednice za znanje i inovacije (EIT), tijela Evropske unije, kako bi omogu\u0107io predstavnicima lokalnih institucija i gra\u0111anima da se okupe na jednom mjestu i zajedni\u010dki predla\u017eu rje\u0161enja za ekolo\u0161ke izazove sa kojima se njihova zajednica suo\u010dava.<\/p>\n<p>Delegacija Evropske unije u Crnoj Gori odlu\u010dila je da podr\u017ei ovaj jedinstven doga\u0111aj u Podgorici, jer je upravo borba protiv klimatskih promjena jedan od osnovnih prioriteta EU.<\/p>\n<p>\u201eSa posljedicama klimatskih promjena se srije\u0107emo na globalnom, nacionalnom, ali i lokalnom nivou. Zato je obaveza svih nas da doprinesemo borbi protiv klimatskih promjena, a polazne ta\u010dke mogu biti upravo ovakvi doga\u0111aji. Drago nam je da se sada Climathon organizuje i u Crnoj Gori i sigurni smo da \u0107e on iznjedriti mnogo dobrih ideja, koje \u0107e Glavni grad u\u010diniti jo\u0161 boljim i zdravijim mjestom za \u017eivot\u201c, poru\u010dili su iz Delegacije.<\/p>\n<p><strong>Nagrade od 1.000 do 3.000 evra <\/strong><\/p>\n<p>Kako \u0107e izgledati Climathon Podgorica 28. i 29. novembra? Tokom 24 sata programa \u2013 po 12 sati za svaki dan doga\u0111aja \u2013 odabranih 10 timova \u0107e ideje sa kojima se prijave razvijati uz podr\u0161ku iskusnih mentora i smjernica predava\u010da, koji se ve\u0107 vje\u0161to snalaze u vodama ekolo\u0161kog aktivizma, preduzetni\u0161tva i uvo\u0111enja inovacija u zajednicu. Na kraju doga\u0111aja, timovi\u00a0\u0107e\u00a0prezentovati\u00a0svoje\u00a0ideje, a \u017eiri\u00a0proglasiti pobjednike,\u00a0koji \u0107e osvojiti vrijedne\u00a0nagrade i to:<\/p>\n<ul>\n<li><strong>Prvoplasirani tim: 3.000 eura;<\/strong><\/li>\n<li><strong>Drugoplasirani tim: 2.000 eura;<\/strong><\/li>\n<li><strong>Tre\u0107eplasirani tim: 1.000 eura.<\/strong><\/li>\n<\/ul>\n<p>Kakve ideje dolaze u obzir? Timovi mogu aplicirati sa bilo kojom idejom za proizvod ili uslugu, \u010dijom primjenom bi se u lokalnoj zajednici radilo na:<\/p>\n<ul>\n<li><strong>prevenciji stvaranja otpada (tzv. \u201czero-waste\u201d rje\u0161enjima);<\/strong><\/li>\n<li><strong>adekvatnijem odlaganju i\/ili tretiranju stvorenog otpada (npr. adresiranju problema divljih deponija ili nedovoljne popularnosti recikliranja, itd)<\/strong><\/li>\n<li><strong>ponovnoj upotrebi sirovina prethodno poslatih na bacanje (kompostiranju organskog otpada, kreativnoj recikla\u017ei \u2013 tzv. apcikla\u017ei i sli\u010dno);<\/strong><\/li>\n<li><strong>bilo kojem problemu iz spektra upravljanja otpadom (npr. otpad od hrane), sa kojim \u017eelite timski da se uhvatite u ko\u0161tac!<\/strong><\/li>\n<\/ul>\n<p>U obzir dolaze edukativni programi, softverska rje\u0161enja i bilo koji novi proizvod ili usluga, \u010dijim bi uvo\u0111enjem Podgorica postala \u010distiji grad, a koji prijavljeni timovi \u017eele da sprovode, bilo kroz preduze\u0107e ili neprofitnu organizaciju. Pored glavnog doga\u0111aja, rezervisanog za posljednji vikend u novembru, za 10 takmi\u010darskih timova \u0107e 21. novembra biti organizovana pripremna obuka. Pored nov\u010danih nagrada, najbolja rje\u0161enja \u0107e nakon zavr\u0161enog takmi\u010darskog dijela dobiti podr\u0161ku i mentorstvo Programa Ujedinjenih nacija za razvoj (UNDP) u daljem razvijanju i realizaciji ideja.<\/p>\n<p>Vi\u0161e informacija o manifestaciji mo\u017eete na\u0107i na <a href=\"https:\/\/www.instagram.com\/climathonpodgorica\">Climathon Podgorica Instagram<\/a> stranici, a za sve dodatno mo\u017eete se obratiti organizatorima putem e-mail adrese: <a href=\"mailto:climathon@mnest.me\">climathon@mnest.me<\/a>.<\/p>\n","protected":false},"excerpt":{"rendered":"<p>Delegacija Evropske unije glavni pokrovitelj takmi\u010denja <\/p>\n","protected":false},"author":1,"featured_media":35736,"comment_status":"closed","ping_status":"closed","sticky":false,"template":"","format":"standard","meta":{"_acf_changed":false,"footnotes":""},"categories":[283,2],"tags":[],"class_list":["post-10473","post","type-post","status-publish","format-standard","has-post-thumbnail","hentry","category-novosti-me","category-uncategorized-me"],"acf":[],"yoast_head":"<!-- This site is optimized with the Yoast SEO plugin v27.3 - https:\/\/yoast.com\/product\/yoast-seo-wordpress\/ -->\n<title>Prvi hakaton posve\u0107en klimatskim promjenama u Crnoj Gori - Europe House<\/title>\n<meta name=\"robots\" content=\"index, follow, max-snippet:-1, max-image-preview:large, max-video-preview:-1\" \/>\n<link rel=\"canonical\" href=\"https:\/\/www.evropskakuca.me\/me\/prvi-hakaton-posvecen-klimatskim-promjenama-u-crnoj-gori\/\" \/>\n<meta property=\"og:locale\" content=\"en_US\" \/>\n<meta property=\"og:type\" content=\"article\" \/>\n<meta property=\"og:title\" content=\"Prvi hakaton posve\u0107en klimatskim promjenama u Crnoj Gori - Europe House\" \/>\n<meta property=\"og:description\" content=\"Delegacija Evropske unije glavni pokrovitelj takmi\u010denja\" \/>\n<meta property=\"og:url\" content=\"https:\/\/www.evropskakuca.me\/me\/prvi-hakaton-posvecen-klimatskim-promjenama-u-crnoj-gori\/\" \/>\n<meta property=\"og:site_name\" content=\"Europe House\" \/>\n<meta property=\"article:publisher\" content=\"https:\/\/www.facebook.com\/evropska.kuca\" \/>\n<meta property=\"article:published_time\" content=\"2020-11-04T18:26:37+00:00\" \/>\n<meta property=\"og:image\" content=\"https:\/\/www.evropskakuca.me\/wp-content\/uploads\/2020\/11\/climathon.jpg\" \/>\n\t<meta property=\"og:image:width\" content=\"960\" \/>\n\t<meta property=\"og:image:height\" content=\"720\" \/>\n\t<meta property=\"og:image:type\" content=\"image\/jpeg\" \/>\n<meta name=\"author\" content=\"mkajic\" \/>\n<meta name=\"twitter:card\" content=\"summary_large_image\" \/>\n<meta name=\"twitter:creator\" content=\"@evropska_kuca\" \/>\n<meta name=\"twitter:site\" content=\"@evropska_kuca\" \/>\n<meta name=\"twitter:label1\" content=\"Written by\" \/>\n\t<meta name=\"twitter:data1\" content=\"mkajic\" \/>\n\t<meta name=\"twitter:label2\" content=\"Est. reading time\" \/>\n\t<meta name=\"twitter:data2\" content=\"4 minutes\" \/>\n<script type=\"application\/ld+json\" class=\"yoast-schema-graph\">{\"@context\":\"https:\\\/\\\/schema.org\",\"@graph\":[{\"@type\":\"Article\",\"@id\":\"https:\\\/\\\/www.evropskakuca.me\\\/me\\\/prvi-hakaton-posvecen-klimatskim-promjenama-u-crnoj-gori\\\/#article\",\"isPartOf\":{\"@id\":\"https:\\\/\\\/www.evropskakuca.me\\\/me\\\/prvi-hakaton-posvecen-klimatskim-promjenama-u-crnoj-gori\\\/\"},\"author\":{\"name\":\"mkajic\",\"@id\":\"https:\\\/\\\/www.evropskakuca.me\\\/me\\\/#\\\/schema\\\/person\\\/a1d0dcdaefe4a1cd1d60d200ea137ba4\"},\"headline\":\"Prvi hakaton posve\u0107en klimatskim promjenama u Crnoj Gori\",\"datePublished\":\"2020-11-04T18:26:37+00:00\",\"mainEntityOfPage\":{\"@id\":\"https:\\\/\\\/www.evropskakuca.me\\\/me\\\/prvi-hakaton-posvecen-klimatskim-promjenama-u-crnoj-gori\\\/\"},\"wordCount\":709,\"publisher\":{\"@id\":\"https:\\\/\\\/www.evropskakuca.me\\\/me\\\/#organization\"},\"image\":{\"@id\":\"https:\\\/\\\/www.evropskakuca.me\\\/me\\\/prvi-hakaton-posvecen-klimatskim-promjenama-u-crnoj-gori\\\/#primaryimage\"},\"thumbnailUrl\":\"https:\\\/\\\/www.evropskakuca.me\\\/wp-content\\\/uploads\\\/2020\\\/11\\\/climathon.jpg\",\"articleSection\":[\"Novosti\",\"Uncategorized @me\"],\"inLanguage\":\"me-ME\"},{\"@type\":\"WebPage\",\"@id\":\"https:\\\/\\\/www.evropskakuca.me\\\/me\\\/prvi-hakaton-posvecen-klimatskim-promjenama-u-crnoj-gori\\\/\",\"url\":\"https:\\\/\\\/www.evropskakuca.me\\\/me\\\/prvi-hakaton-posvecen-klimatskim-promjenama-u-crnoj-gori\\\/\",\"name\":\"Prvi hakaton posve\u0107en klimatskim promjenama u Crnoj Gori - Europe House\",\"isPartOf\":{\"@id\":\"https:\\\/\\\/www.evropskakuca.me\\\/me\\\/#website\"},\"primaryImageOfPage\":{\"@id\":\"https:\\\/\\\/www.evropskakuca.me\\\/me\\\/prvi-hakaton-posvecen-klimatskim-promjenama-u-crnoj-gori\\\/#primaryimage\"},\"image\":{\"@id\":\"https:\\\/\\\/www.evropskakuca.me\\\/me\\\/prvi-hakaton-posvecen-klimatskim-promjenama-u-crnoj-gori\\\/#primaryimage\"},\"thumbnailUrl\":\"https:\\\/\\\/www.evropskakuca.me\\\/wp-content\\\/uploads\\\/2020\\\/11\\\/climathon.jpg\",\"datePublished\":\"2020-11-04T18:26:37+00:00\",\"breadcrumb\":{\"@id\":\"https:\\\/\\\/www.evropskakuca.me\\\/me\\\/prvi-hakaton-posvecen-klimatskim-promjenama-u-crnoj-gori\\\/#breadcrumb\"},\"inLanguage\":\"me-ME\",\"potentialAction\":[{\"@type\":\"ReadAction\",\"target\":[\"https:\\\/\\\/www.evropskakuca.me\\\/me\\\/prvi-hakaton-posvecen-klimatskim-promjenama-u-crnoj-gori\\\/\"]}]},{\"@type\":\"ImageObject\",\"inLanguage\":\"me-ME\",\"@id\":\"https:\\\/\\\/www.evropskakuca.me\\\/me\\\/prvi-hakaton-posvecen-klimatskim-promjenama-u-crnoj-gori\\\/#primaryimage\",\"url\":\"https:\\\/\\\/www.evropskakuca.me\\\/wp-content\\\/uploads\\\/2020\\\/11\\\/climathon.jpg\",\"contentUrl\":\"https:\\\/\\\/www.evropskakuca.me\\\/wp-content\\\/uploads\\\/2020\\\/11\\\/climathon.jpg\",\"width\":960,\"height\":720},{\"@type\":\"BreadcrumbList\",\"@id\":\"https:\\\/\\\/www.evropskakuca.me\\\/me\\\/prvi-hakaton-posvecen-klimatskim-promjenama-u-crnoj-gori\\\/#breadcrumb\",\"itemListElement\":[{\"@type\":\"ListItem\",\"position\":1,\"name\":\"Home\",\"item\":\"https:\\\/\\\/www.evropskakuca.me\\\/me\\\/\"},{\"@type\":\"ListItem\",\"position\":2,\"name\":\"Prvi hakaton posve\u0107en klimatskim promjenama u Crnoj Gori\"}]},{\"@type\":\"WebSite\",\"@id\":\"https:\\\/\\\/www.evropskakuca.me\\\/me\\\/#website\",\"url\":\"https:\\\/\\\/www.evropskakuca.me\\\/me\\\/\",\"name\":\"Evropean house\",\"description\":\"\",\"publisher\":{\"@id\":\"https:\\\/\\\/www.evropskakuca.me\\\/me\\\/#organization\"},\"potentialAction\":[{\"@type\":\"SearchAction\",\"target\":{\"@type\":\"EntryPoint\",\"urlTemplate\":\"https:\\\/\\\/www.evropskakuca.me\\\/me\\\/?s={search_term_string}\"},\"query-input\":{\"@type\":\"PropertyValueSpecification\",\"valueRequired\":true,\"valueName\":\"search_term_string\"}}],\"inLanguage\":\"me-ME\"},{\"@type\":\"Organization\",\"@id\":\"https:\\\/\\\/www.evropskakuca.me\\\/me\\\/#organization\",\"name\":\"Evropean house\",\"url\":\"https:\\\/\\\/www.evropskakuca.me\\\/me\\\/\",\"logo\":{\"@type\":\"ImageObject\",\"inLanguage\":\"me-ME\",\"@id\":\"https:\\\/\\\/www.evropskakuca.me\\\/me\\\/#\\\/schema\\\/logo\\\/image\\\/\",\"url\":\"https:\\\/\\\/www.evropskakuca.me\\\/wp-content\\\/uploads\\\/2025\\\/01\\\/evropska-kuca-logo-1.png\",\"contentUrl\":\"https:\\\/\\\/www.evropskakuca.me\\\/wp-content\\\/uploads\\\/2025\\\/01\\\/evropska-kuca-logo-1.png\",\"width\":425,\"height\":312,\"caption\":\"Evropean house\"},\"image\":{\"@id\":\"https:\\\/\\\/www.evropskakuca.me\\\/me\\\/#\\\/schema\\\/logo\\\/image\\\/\"},\"sameAs\":[\"https:\\\/\\\/www.facebook.com\\\/evropska.kuca\",\"https:\\\/\\\/x.com\\\/evropska_kuca\",\"https:\\\/\\\/www.instagram.com\\\/evropska_kuca\"]},{\"@type\":\"Person\",\"@id\":\"https:\\\/\\\/www.evropskakuca.me\\\/me\\\/#\\\/schema\\\/person\\\/a1d0dcdaefe4a1cd1d60d200ea137ba4\",\"name\":\"mkajic\",\"image\":{\"@type\":\"ImageObject\",\"inLanguage\":\"me-ME\",\"@id\":\"https:\\\/\\\/secure.gravatar.com\\\/avatar\\\/731fa035cefab7316e6bafd1f25a93fb731a07de14e2d9923f8db4422628eabc?s=96&d=mm&r=g\",\"url\":\"https:\\\/\\\/secure.gravatar.com\\\/avatar\\\/731fa035cefab7316e6bafd1f25a93fb731a07de14e2d9923f8db4422628eabc?s=96&d=mm&r=g\",\"contentUrl\":\"https:\\\/\\\/secure.gravatar.com\\\/avatar\\\/731fa035cefab7316e6bafd1f25a93fb731a07de14e2d9923f8db4422628eabc?s=96&d=mm&r=g\",\"caption\":\"mkajic\"},\"sameAs\":[\"https:\\\/\\\/evropskakuca.me\"],\"url\":\"https:\\\/\\\/www.evropskakuca.me\\\/me\\\/author\\\/mkajic\\\/\"}]}<\/script>\n<!-- \/ Yoast SEO plugin. -->","yoast_head_json":{"title":"Prvi hakaton posve\u0107en klimatskim promjenama u Crnoj Gori - Europe House","robots":{"index":"index","follow":"follow","max-snippet":"max-snippet:-1","max-image-preview":"max-image-preview:large","max-video-preview":"max-video-preview:-1"},"canonical":"https:\/\/www.evropskakuca.me\/me\/prvi-hakaton-posvecen-klimatskim-promjenama-u-crnoj-gori\/","og_locale":"en_US","og_type":"article","og_title":"Prvi hakaton posve\u0107en klimatskim promjenama u Crnoj Gori - Europe House","og_description":"Delegacija Evropske unije glavni pokrovitelj takmi\u010denja","og_url":"https:\/\/www.evropskakuca.me\/me\/prvi-hakaton-posvecen-klimatskim-promjenama-u-crnoj-gori\/","og_site_name":"Europe House","article_publisher":"https:\/\/www.facebook.com\/evropska.kuca","article_published_time":"2020-11-04T18:26:37+00:00","og_image":[{"width":960,"height":720,"url":"https:\/\/www.evropskakuca.me\/wp-content\/uploads\/2020\/11\/climathon.jpg","type":"image\/jpeg"}],"author":"mkajic","twitter_card":"summary_large_image","twitter_creator":"@evropska_kuca","twitter_site":"@evropska_kuca","twitter_misc":{"Written by":"mkajic","Est. reading time":"4 minutes"},"schema":{"@context":"https:\/\/schema.org","@graph":[{"@type":"Article","@id":"https:\/\/www.evropskakuca.me\/me\/prvi-hakaton-posvecen-klimatskim-promjenama-u-crnoj-gori\/#article","isPartOf":{"@id":"https:\/\/www.evropskakuca.me\/me\/prvi-hakaton-posvecen-klimatskim-promjenama-u-crnoj-gori\/"},"author":{"name":"mkajic","@id":"https:\/\/www.evropskakuca.me\/me\/#\/schema\/person\/a1d0dcdaefe4a1cd1d60d200ea137ba4"},"headline":"Prvi hakaton posve\u0107en klimatskim promjenama u Crnoj Gori","datePublished":"2020-11-04T18:26:37+00:00","mainEntityOfPage":{"@id":"https:\/\/www.evropskakuca.me\/me\/prvi-hakaton-posvecen-klimatskim-promjenama-u-crnoj-gori\/"},"wordCount":709,"publisher":{"@id":"https:\/\/www.evropskakuca.me\/me\/#organization"},"image":{"@id":"https:\/\/www.evropskakuca.me\/me\/prvi-hakaton-posvecen-klimatskim-promjenama-u-crnoj-gori\/#primaryimage"},"thumbnailUrl":"https:\/\/www.evropskakuca.me\/wp-content\/uploads\/2020\/11\/climathon.jpg","articleSection":["Novosti","Uncategorized @me"],"inLanguage":"me-ME"},{"@type":"WebPage","@id":"https:\/\/www.evropskakuca.me\/me\/prvi-hakaton-posvecen-klimatskim-promjenama-u-crnoj-gori\/","url":"https:\/\/www.evropskakuca.me\/me\/prvi-hakaton-posvecen-klimatskim-promjenama-u-crnoj-gori\/","name":"Prvi hakaton posve\u0107en klimatskim promjenama u Crnoj Gori - Europe House","isPartOf":{"@id":"https:\/\/www.evropskakuca.me\/me\/#website"},"primaryImageOfPage":{"@id":"https:\/\/www.evropskakuca.me\/me\/prvi-hakaton-posvecen-klimatskim-promjenama-u-crnoj-gori\/#primaryimage"},"image":{"@id":"https:\/\/www.evropskakuca.me\/me\/prvi-hakaton-posvecen-klimatskim-promjenama-u-crnoj-gori\/#primaryimage"},"thumbnailUrl":"https:\/\/www.evropskakuca.me\/wp-content\/uploads\/2020\/11\/climathon.jpg","datePublished":"2020-11-04T18:26:37+00:00","breadcrumb":{"@id":"https:\/\/www.evropskakuca.me\/me\/prvi-hakaton-posvecen-klimatskim-promjenama-u-crnoj-gori\/#breadcrumb"},"inLanguage":"me-ME","potentialAction":[{"@type":"ReadAction","target":["https:\/\/www.evropskakuca.me\/me\/prvi-hakaton-posvecen-klimatskim-promjenama-u-crnoj-gori\/"]}]},{"@type":"ImageObject","inLanguage":"me-ME","@id":"https:\/\/www.evropskakuca.me\/me\/prvi-hakaton-posvecen-klimatskim-promjenama-u-crnoj-gori\/#primaryimage","url":"https:\/\/www.evropskakuca.me\/wp-content\/uploads\/2020\/11\/climathon.jpg","contentUrl":"https:\/\/www.evropskakuca.me\/wp-content\/uploads\/2020\/11\/climathon.jpg","width":960,"height":720},{"@type":"BreadcrumbList","@id":"https:\/\/www.evropskakuca.me\/me\/prvi-hakaton-posvecen-klimatskim-promjenama-u-crnoj-gori\/#breadcrumb","itemListElement":[{"@type":"ListItem","position":1,"name":"Home","item":"https:\/\/www.evropskakuca.me\/me\/"},{"@type":"ListItem","position":2,"name":"Prvi hakaton posve\u0107en klimatskim promjenama u Crnoj Gori"}]},{"@type":"WebSite","@id":"https:\/\/www.evropskakuca.me\/me\/#website","url":"https:\/\/www.evropskakuca.me\/me\/","name":"Evropean house","description":"","publisher":{"@id":"https:\/\/www.evropskakuca.me\/me\/#organization"},"potentialAction":[{"@type":"SearchAction","target":{"@type":"EntryPoint","urlTemplate":"https:\/\/www.evropskakuca.me\/me\/?s={search_term_string}"},"query-input":{"@type":"PropertyValueSpecification","valueRequired":true,"valueName":"search_term_string"}}],"inLanguage":"me-ME"},{"@type":"Organization","@id":"https:\/\/www.evropskakuca.me\/me\/#organization","name":"Evropean house","url":"https:\/\/www.evropskakuca.me\/me\/","logo":{"@type":"ImageObject","inLanguage":"me-ME","@id":"https:\/\/www.evropskakuca.me\/me\/#\/schema\/logo\/image\/","url":"https:\/\/www.evropskakuca.me\/wp-content\/uploads\/2025\/01\/evropska-kuca-logo-1.png","contentUrl":"https:\/\/www.evropskakuca.me\/wp-content\/uploads\/2025\/01\/evropska-kuca-logo-1.png","width":425,"height":312,"caption":"Evropean house"},"image":{"@id":"https:\/\/www.evropskakuca.me\/me\/#\/schema\/logo\/image\/"},"sameAs":["https:\/\/www.facebook.com\/evropska.kuca","https:\/\/x.com\/evropska_kuca","https:\/\/www.instagram.com\/evropska_kuca"]},{"@type":"Person","@id":"https:\/\/www.evropskakuca.me\/me\/#\/schema\/person\/a1d0dcdaefe4a1cd1d60d200ea137ba4","name":"mkajic","image":{"@type":"ImageObject","inLanguage":"me-ME","@id":"https:\/\/secure.gravatar.com\/avatar\/731fa035cefab7316e6bafd1f25a93fb731a07de14e2d9923f8db4422628eabc?s=96&d=mm&r=g","url":"https:\/\/secure.gravatar.com\/avatar\/731fa035cefab7316e6bafd1f25a93fb731a07de14e2d9923f8db4422628eabc?s=96&d=mm&r=g","contentUrl":"https:\/\/secure.gravatar.com\/avatar\/731fa035cefab7316e6bafd1f25a93fb731a07de14e2d9923f8db4422628eabc?s=96&d=mm&r=g","caption":"mkajic"},"sameAs":["https:\/\/evropskakuca.me"],"url":"https:\/\/www.evropskakuca.me\/me\/author\/mkajic\/"}]}},"_links":{"self":[{"href":"https:\/\/www.evropskakuca.me\/me\/wp-json\/wp\/v2\/posts\/10473","targetHints":{"allow":["GET"]}}],"collection":[{"href":"https:\/\/www.evropskakuca.me\/me\/wp-json\/wp\/v2\/posts"}],"about":[{"href":"https:\/\/www.evropskakuca.me\/me\/wp-json\/wp\/v2\/types\/post"}],"author":[{"embeddable":true,"href":"https:\/\/www.evropskakuca.me\/me\/wp-json\/wp\/v2\/users\/1"}],"replies":[{"embeddable":true,"href":"https:\/\/www.evropskakuca.me\/me\/wp-json\/wp\/v2\/comments?post=10473"}],"version-history":[{"count":0,"href":"https:\/\/www.evropskakuca.me\/me\/wp-json\/wp\/v2\/posts\/10473\/revisions"}],"wp:featuredmedia":[{"embeddable":true,"href":"https:\/\/www.evropskakuca.me\/me\/wp-json\/wp\/v2\/media\/35736"}],"wp:attachment":[{"href":"https:\/\/www.evropskakuca.me\/me\/wp-json\/wp\/v2\/media?parent=10473"}],"wp:term":[{"taxonomy":"category","embeddable":true,"href":"https:\/\/www.evropskakuca.me\/me\/wp-json\/wp\/v2\/categories?post=10473"},{"taxonomy":"post_tag","embeddable":true,"href":"https:\/\/www.evropskakuca.me\/me\/wp-json\/wp\/v2\/tags?post=10473"}],"curies":[{"name":"wp","href":"https:\/\/api.w.org\/{rel}","templated":true}]}}