{"id":10463,"date":"2020-10-15T07:37:12","date_gmt":"2020-10-15T07:37:12","guid":{"rendered":"http:\/\/www.evropskakuca.me\/?p=10463"},"modified":"2020-10-15T07:37:12","modified_gmt":"2020-10-15T07:37:12","slug":"evropska-inicijativa-za-solidarnost-sjajna-prilika-za-mlade-iz-crne-gore","status":"publish","type":"post","link":"https:\/\/www.evropskakuca.me\/me\/evropska-inicijativa-za-solidarnost-sjajna-prilika-za-mlade-iz-crne-gore\/","title":{"rendered":"Evropska inicijativa za solidarnost: Sjajna prilika za mlade iz Crne Gore"},"content":{"rendered":"<p>\u201eMoje iskustvo volontiranja je jedno od najljep\u0161ih dosada\u0161njih iskustava&#8230;\u201c<\/p>\n<p>\u201eMoj \u017eivot se promijenio, u svakom pogledu&#8230;\u201c<\/p>\n<p>\u201eIskustvo u\u010de\u0161\u0107a u programima EU \u0107e uvjek imati posebno mjesto u mom srcu i \u017eivotu&#8230;\u201c<\/p>\n<p>Ovako mladi iz Crne Gore, koji su bili volonteri na programu Evropska inicijativa za solidarnost, u jednoj re\u010denici opisuju svoje iskustvo. Ako su te privukle njihove rije\u010di, u nastavku teksta donosimo volonterske pri\u010de iz Slovenije, Italije, Hrvatske i \u0160vajcarske, kao i obja\u0161njenje kako mo\u017ee\u0161 da se prijavi\u0161 i postane\u0161 volonter u jednoj od zemalja \u010dlanica Evropske unije.<\/p>\n<p>To je mogu\u0107e kroz program \u201eEvropska inicijativa za solidarnost\u201c, koji je namijenjen mladima od 18 do 30 godine, bez obzira na to da li studiraju. Konkursi za volotiranje u razli\u010ditim organizacijama \u0161irom Evropske unije dostupni su na <a href=\"https:\/\/europa.eu\/youth\/solidarity_en\">sajtu<\/a> ovog programa tokom cijele godine. Pored toga \u0161to \u0107ete ste\u0107i jedinstveno profesionalno i \u017eivotno iskustvo, va\u017eno je napomenuti da su u okviru volonterskih projekata pokriveni tro\u0161kovi avionske karte, smje\u0161taja, osiguranja i kursa jezika, a mjese\u010dno se dobija i d\u017eeparac koji mo\u017ee pokriti ostale tro\u0161kove \u017eivota u inostranstvu.<\/p>\n<p>Sve to bilo je dovoljno za Katarinu \u0106etkovi\u0107 da se 2012. prijavi za volontiranje u Italiji, gdje je odabrala projekat fokusiran na ekologiju. Sa kolegama je pravila razli\u010dite stvari od recikliranog materijala.<\/p>\n<p><img fetchpriority=\"high\" decoding=\"async\" class=\"alignnone size-full wp-image-10453\" src=\"http:\/\/www.evropskakuca.me\/wp-content\/uploads\/2020\/10\/FB_IMG_1592778729931.jpg\" alt=\"\" width=\"720\" height=\"960\" \/><\/p>\n<p>\u201ePrijavila sam se, jer sam \u017eeljela da steknem nova znanja i vje\u0161tine, upoznam nove ljude i proputujem. Pou\u010dena prvim iskustvom, prijavila sam se za drugi program 5 godina kasnije i otputovala u Sloveniju. Moj glavni motiv bio je da doka\u017eem sebi da mogu sama da se sna\u0111em u nepoznatom okru\u017eenju, uprkos svom invaliditetu.\u201c<\/p>\n<p>Katarina je slabovida osoba, koja je zahvaljuju\u0107i ovom programu Evropske unije stekla profesionalno i \u017eivotno iskustvo u inostranstvu.<\/p>\n<p>\u201cKada govorimo o prilago\u0111enosti programa i projekata, moram re\u0107i da sam zadovoljnija sa iskstvom u Sloveniji, gdje su mentori dali sve od sebe da se ne osje\u0107am u nepovoljnijem polo\u017eaju ili drug\u010dije od drugih u\u010desnika. I kada ne\u0161to zbog svog invaliditeta ne bih mogla da radim, oni bi dali sve od sebe da mi na\u0111u zadatak koji bi bio isto tako koristan. Cijelokupnom do\u017eivljaju bi doprinijeli i ostali volonteri koji su mi bili kao druga porodica\u201d, obja\u0161njava Katarina.<\/p>\n<p>Pozitivna iskustva dijeli i Milica Radojevi\u0107, koja je volontirala u Bazelu u \u0160vajcarskoj, od marta 2015. do mart 2016. godine. Njen projekat bio je vezan za rad sa djecom i omladinom.<\/p>\n<p><img decoding=\"async\" class=\"alignnone size-large wp-image-10455\" src=\"http:\/\/www.evropskakuca.me\/wp-content\/uploads\/2020\/10\/Milica-1-768x1024.jpg\" alt=\"\" width=\"768\" height=\"1024\" \/><\/p>\n<p>\u201eProjekat je bio sli\u010dan na\u0161em produ\u017eenom boravku za djecu, gdje su djeca \u0161kolskog uzrasta mogla besplatno da borave i kvalitetno iskoriste svoje slobodno vrijeme. Radili smo na pripremi radionica edukativnog sadr\u017eaja, sportskih manifestacija, zajedni\u010dkih radionica kuvanja, \u0161ivenja, ru\u010dno pravljenog nakita, kampovanja, slikanja&#8230;\u201c, obja\u0161njava nam Milica.<\/p>\n<p>Prijavila se nakon \u0161to je \u010dula pozitivna iskustva volontera, koje je upoznala na internacionalnom kampu \u201eEurocamp\u201c.<\/p>\n<p>\u201eSigurna sam da ovaj program mijenja osobu u pozitivnom smislu. Postajemo mnogo samostalniji, a po\u010dinjemo da usvajamo pozitivne osobine drugih naroda. Ne samo da sam u\u017eivala rade\u0107i na\u00a0 projektu, ve\u0107 sam iskoristila svoje slobodno vrijeme da obi\u0111em znamenitosti \u0160vajcarske i okolnih zemalja, ujedno stekla neraskidiva prijateljstva\u201c, navodi Milica.<\/p>\n<p>\u010cedo Vela\u0161evi\u0107 u\u010destovao je na razli\u010ditim kra\u0107im omladinskim projektima, prije nego \u0161to je odlu\u010dio da se prijavi za du\u017ee volontiranje u inostranstvu. Odabrao je susjednu Hrvatsku, gdje se bavio promocijom demokratskih vrijednosti i zdravih stilova \u017eivota. U razgovoru za EUIC ka\u017ee da je u pitanju nezaboravno iskustvo, koje je promijenilo njegov \u017eivot.<\/p>\n<p><img decoding=\"async\" class=\"alignnone size-large wp-image-10457\" src=\"http:\/\/www.evropskakuca.me\/wp-content\/uploads\/2020\/10\/cedo-1024x766.png\" alt=\"\" width=\"1024\" height=\"766\" \/><\/p>\n<p>\u201eMladima se pru\u017ea \u0161ansa da upoznaju druge krajeve i da vide kako je to \u017eivjeti u zemlji koja ima drugu kulturu, druge obi\u010daje, a pored toga mo\u017eete da unaprijedite i znanje drugih jezika. Nau\u010di\u0161 \u017eivjeti sa ljudima koji nisu kao ti, koji nisu iz tvoje zemlje i taj sami izlazak iz zone komfora je, u jednu ruku interesantan, dok sa druge strane predstavlja veliki izazov za osobu. U mom slu\u010daju, cimeri sa kojima sam \u017eivio su bili iz Francuske i Italije, dok je docimerka bila iz Makedonije\u201c, ka\u017ee \u010cedo.<\/p>\n<p>Proces prijave nije bio te\u017eak, jer je ve\u0107 imao iskustva u pisanju sli\u010dnih prijava, a imao je i veliku pomo\u0107 <a href=\"https:\/\/www.zid.org.me\/\">ADP ZID<\/a>, koji su kontakt ta\u010dka za \u00a0programe &#8220;Erasmus+ Mladi u akciji&#8221; i \u201cEvropska inicijativa za solidarnost\u201c.<\/p>\n<p>\u201eMoram naglasiti da je jako dobro organizovana bila edukacija od strane ADP ZID-a, kao i njihova podr\u0161ka tokom \u010ditavog mog boravka u Hrvatskoj\u201c, prisje\u0107a se \u010cedo.<\/p>\n<p><img loading=\"lazy\" decoding=\"async\" class=\"alignnone size-full wp-image-10459\" src=\"http:\/\/www.evropskakuca.me\/wp-content\/uploads\/2020\/10\/Screenshot_20200902_144317.jpg\" alt=\"\" width=\"720\" height=\"475\" \/><\/p>\n<p>Zato smo odlu\u010dili i da porazgovaramo sa Mirelom Kalamperovi\u0107 iz ADP ZID, kako bi nam objasnila na koji na\u010din projekti u okiru \u201eEvropske inicijative za solidarnost\u201c funkcioni\u0161u u vrijeme korone.<\/p>\n<p>\u201ePandemija korona virusa je uticala i na implementaciju teku\u0107ih i planiranih projekata i aktivnosti u okviru programa, tako da su se odre\u0111ene aktivnosti odvijale online, dok je po\u010detak realizacije nekih projekata odlo\u017een. U proteklim mjesecima mladi iz EU su uspje\u0161no zavr\u0161ili volonterske projekte u Crnoj Gori i vratili se u svoje zemlje, ista situacija je i sa mladima iz Crne Gore koji su u\u010destvovali u projektima u inostranstvu, a tokom perioda pandemije su bili bezbjedni, na sigurnom i imali punu podr\u0161ku uklju\u010denih organizacija i Nacionalnih agencija\u201c, obja\u0161njava Mirela.<\/p>\n<p>Iako su okolnosti izazovne, Mirela nagla\u0161ava da su konkursi za projekte aktivni i da mladi mogu da se prijave za u\u010de\u0161\u0107e u kratkoro\u010dnim i dugoro\u010dnim volonterskim projektima.<\/p>\n<p>\u201eImaju\u0107i u vidu da postoje odre\u0111ene mjere i restrikcije u me\u0111unarodnom saobra\u0107aju za dr\u017eavljane Crne Gore, moramo biti svjesni da sama procedura dobijanja vize i odlazak mladih u ovom momentu zavisi od zemlje do zemlje, istovremeno po\u0161tujuc\u0301i sve mjere ograni\u010davanja preduzete na nacionalnom nivou zemalja \u010dlanica Evropske Unije\u201c, poru\u010dila je ona.<\/p>\n<p>Ukoliko ste zainteresovani, va\u017eno je znati i ovo: volontiranje mo\u017ee da traje od 2 do 12 mjeseci i pokriva najrazli\u010ditije oblasti od kulture, ljudskih prava, medicine, za\u0161tite \u017eivotne sredine&#8230; Projekti treba da odgovore na va\u017ene dru\u0161tvene izazove, doprinesu ja\u010danju zajednice, dok istovremeno omogu\u0107avaju volonterima da steknu korisno iskustvo, vje\u0161tine i kompetencije za njihov li\u010dni, obrazovni, socijalni, gra\u0111anski i profesionalni razvoj.<\/p>\n","protected":false},"excerpt":{"rendered":"<p>Prijavite se za volotiranje u \u010dlanicama EU <\/p>\n","protected":false},"author":1,"featured_media":35664,"comment_status":"closed","ping_status":"closed","sticky":false,"template":"","format":"standard","meta":{"_acf_changed":false,"footnotes":""},"categories":[283],"tags":[],"class_list":["post-10463","post","type-post","status-publish","format-standard","has-post-thumbnail","hentry","category-novosti-me"],"acf":[],"yoast_head":"<!-- This site is optimized with the Yoast SEO plugin v27.3 - https:\/\/yoast.com\/product\/yoast-seo-wordpress\/ -->\n<title>Evropska inicijativa za solidarnost: Sjajna prilika za mlade iz Crne Gore - Europe House<\/title>\n<meta name=\"robots\" content=\"index, follow, max-snippet:-1, max-image-preview:large, max-video-preview:-1\" \/>\n<link rel=\"canonical\" href=\"https:\/\/www.evropskakuca.me\/me\/evropska-inicijativa-za-solidarnost-sjajna-prilika-za-mlade-iz-crne-gore\/\" \/>\n<meta property=\"og:locale\" content=\"en_US\" \/>\n<meta property=\"og:type\" content=\"article\" \/>\n<meta property=\"og:title\" content=\"Evropska inicijativa za solidarnost: Sjajna prilika za mlade iz Crne Gore - Europe House\" \/>\n<meta property=\"og:description\" content=\"Prijavite se za volotiranje u \u010dlanicama EU\" \/>\n<meta property=\"og:url\" content=\"https:\/\/www.evropskakuca.me\/me\/evropska-inicijativa-za-solidarnost-sjajna-prilika-za-mlade-iz-crne-gore\/\" \/>\n<meta property=\"og:site_name\" content=\"Europe House\" \/>\n<meta property=\"article:publisher\" content=\"https:\/\/www.facebook.com\/evropska.kuca\" \/>\n<meta property=\"article:published_time\" content=\"2020-10-15T07:37:12+00:00\" \/>\n<meta property=\"og:image\" content=\"https:\/\/www.evropskakuca.me\/wp-content\/uploads\/2020\/10\/ESC-S.png\" \/>\n\t<meta property=\"og:image:width\" content=\"800\" \/>\n\t<meta property=\"og:image:height\" content=\"600\" \/>\n\t<meta property=\"og:image:type\" content=\"image\/png\" \/>\n<meta name=\"author\" content=\"mkajic\" \/>\n<meta name=\"twitter:card\" content=\"summary_large_image\" \/>\n<meta name=\"twitter:creator\" content=\"@evropska_kuca\" \/>\n<meta name=\"twitter:site\" content=\"@evropska_kuca\" \/>\n<meta name=\"twitter:label1\" content=\"Written by\" \/>\n\t<meta name=\"twitter:data1\" content=\"mkajic\" \/>\n\t<meta name=\"twitter:label2\" content=\"Est. reading time\" \/>\n\t<meta name=\"twitter:data2\" content=\"5 minutes\" \/>\n<script type=\"application\/ld+json\" class=\"yoast-schema-graph\">{\"@context\":\"https:\\\/\\\/schema.org\",\"@graph\":[{\"@type\":\"Article\",\"@id\":\"https:\\\/\\\/www.evropskakuca.me\\\/me\\\/evropska-inicijativa-za-solidarnost-sjajna-prilika-za-mlade-iz-crne-gore\\\/#article\",\"isPartOf\":{\"@id\":\"https:\\\/\\\/www.evropskakuca.me\\\/me\\\/evropska-inicijativa-za-solidarnost-sjajna-prilika-za-mlade-iz-crne-gore\\\/\"},\"author\":{\"name\":\"mkajic\",\"@id\":\"https:\\\/\\\/www.evropskakuca.me\\\/me\\\/#\\\/schema\\\/person\\\/a1d0dcdaefe4a1cd1d60d200ea137ba4\"},\"headline\":\"Evropska inicijativa za solidarnost: Sjajna prilika za mlade iz Crne Gore\",\"datePublished\":\"2020-10-15T07:37:12+00:00\",\"mainEntityOfPage\":{\"@id\":\"https:\\\/\\\/www.evropskakuca.me\\\/me\\\/evropska-inicijativa-za-solidarnost-sjajna-prilika-za-mlade-iz-crne-gore\\\/\"},\"wordCount\":1060,\"publisher\":{\"@id\":\"https:\\\/\\\/www.evropskakuca.me\\\/me\\\/#organization\"},\"image\":{\"@id\":\"https:\\\/\\\/www.evropskakuca.me\\\/me\\\/evropska-inicijativa-za-solidarnost-sjajna-prilika-za-mlade-iz-crne-gore\\\/#primaryimage\"},\"thumbnailUrl\":\"https:\\\/\\\/www.evropskakuca.me\\\/wp-content\\\/uploads\\\/2020\\\/10\\\/ESC-S.png\",\"articleSection\":[\"Novosti\"],\"inLanguage\":\"me-ME\"},{\"@type\":\"WebPage\",\"@id\":\"https:\\\/\\\/www.evropskakuca.me\\\/me\\\/evropska-inicijativa-za-solidarnost-sjajna-prilika-za-mlade-iz-crne-gore\\\/\",\"url\":\"https:\\\/\\\/www.evropskakuca.me\\\/me\\\/evropska-inicijativa-za-solidarnost-sjajna-prilika-za-mlade-iz-crne-gore\\\/\",\"name\":\"Evropska inicijativa za solidarnost: Sjajna prilika za mlade iz Crne Gore - Europe House\",\"isPartOf\":{\"@id\":\"https:\\\/\\\/www.evropskakuca.me\\\/me\\\/#website\"},\"primaryImageOfPage\":{\"@id\":\"https:\\\/\\\/www.evropskakuca.me\\\/me\\\/evropska-inicijativa-za-solidarnost-sjajna-prilika-za-mlade-iz-crne-gore\\\/#primaryimage\"},\"image\":{\"@id\":\"https:\\\/\\\/www.evropskakuca.me\\\/me\\\/evropska-inicijativa-za-solidarnost-sjajna-prilika-za-mlade-iz-crne-gore\\\/#primaryimage\"},\"thumbnailUrl\":\"https:\\\/\\\/www.evropskakuca.me\\\/wp-content\\\/uploads\\\/2020\\\/10\\\/ESC-S.png\",\"datePublished\":\"2020-10-15T07:37:12+00:00\",\"breadcrumb\":{\"@id\":\"https:\\\/\\\/www.evropskakuca.me\\\/me\\\/evropska-inicijativa-za-solidarnost-sjajna-prilika-za-mlade-iz-crne-gore\\\/#breadcrumb\"},\"inLanguage\":\"me-ME\",\"potentialAction\":[{\"@type\":\"ReadAction\",\"target\":[\"https:\\\/\\\/www.evropskakuca.me\\\/me\\\/evropska-inicijativa-za-solidarnost-sjajna-prilika-za-mlade-iz-crne-gore\\\/\"]}]},{\"@type\":\"ImageObject\",\"inLanguage\":\"me-ME\",\"@id\":\"https:\\\/\\\/www.evropskakuca.me\\\/me\\\/evropska-inicijativa-za-solidarnost-sjajna-prilika-za-mlade-iz-crne-gore\\\/#primaryimage\",\"url\":\"https:\\\/\\\/www.evropskakuca.me\\\/wp-content\\\/uploads\\\/2020\\\/10\\\/ESC-S.png\",\"contentUrl\":\"https:\\\/\\\/www.evropskakuca.me\\\/wp-content\\\/uploads\\\/2020\\\/10\\\/ESC-S.png\",\"width\":800,\"height\":600},{\"@type\":\"BreadcrumbList\",\"@id\":\"https:\\\/\\\/www.evropskakuca.me\\\/me\\\/evropska-inicijativa-za-solidarnost-sjajna-prilika-za-mlade-iz-crne-gore\\\/#breadcrumb\",\"itemListElement\":[{\"@type\":\"ListItem\",\"position\":1,\"name\":\"Home\",\"item\":\"https:\\\/\\\/www.evropskakuca.me\\\/me\\\/\"},{\"@type\":\"ListItem\",\"position\":2,\"name\":\"Evropska inicijativa za solidarnost: Sjajna prilika za mlade iz Crne Gore\"}]},{\"@type\":\"WebSite\",\"@id\":\"https:\\\/\\\/www.evropskakuca.me\\\/me\\\/#website\",\"url\":\"https:\\\/\\\/www.evropskakuca.me\\\/me\\\/\",\"name\":\"Evropean house\",\"description\":\"\",\"publisher\":{\"@id\":\"https:\\\/\\\/www.evropskakuca.me\\\/me\\\/#organization\"},\"potentialAction\":[{\"@type\":\"SearchAction\",\"target\":{\"@type\":\"EntryPoint\",\"urlTemplate\":\"https:\\\/\\\/www.evropskakuca.me\\\/me\\\/?s={search_term_string}\"},\"query-input\":{\"@type\":\"PropertyValueSpecification\",\"valueRequired\":true,\"valueName\":\"search_term_string\"}}],\"inLanguage\":\"me-ME\"},{\"@type\":\"Organization\",\"@id\":\"https:\\\/\\\/www.evropskakuca.me\\\/me\\\/#organization\",\"name\":\"Evropean house\",\"url\":\"https:\\\/\\\/www.evropskakuca.me\\\/me\\\/\",\"logo\":{\"@type\":\"ImageObject\",\"inLanguage\":\"me-ME\",\"@id\":\"https:\\\/\\\/www.evropskakuca.me\\\/me\\\/#\\\/schema\\\/logo\\\/image\\\/\",\"url\":\"https:\\\/\\\/www.evropskakuca.me\\\/wp-content\\\/uploads\\\/2025\\\/01\\\/evropska-kuca-logo-1.png\",\"contentUrl\":\"https:\\\/\\\/www.evropskakuca.me\\\/wp-content\\\/uploads\\\/2025\\\/01\\\/evropska-kuca-logo-1.png\",\"width\":425,\"height\":312,\"caption\":\"Evropean house\"},\"image\":{\"@id\":\"https:\\\/\\\/www.evropskakuca.me\\\/me\\\/#\\\/schema\\\/logo\\\/image\\\/\"},\"sameAs\":[\"https:\\\/\\\/www.facebook.com\\\/evropska.kuca\",\"https:\\\/\\\/x.com\\\/evropska_kuca\",\"https:\\\/\\\/www.instagram.com\\\/evropska_kuca\"]},{\"@type\":\"Person\",\"@id\":\"https:\\\/\\\/www.evropskakuca.me\\\/me\\\/#\\\/schema\\\/person\\\/a1d0dcdaefe4a1cd1d60d200ea137ba4\",\"name\":\"mkajic\",\"image\":{\"@type\":\"ImageObject\",\"inLanguage\":\"me-ME\",\"@id\":\"https:\\\/\\\/secure.gravatar.com\\\/avatar\\\/731fa035cefab7316e6bafd1f25a93fb731a07de14e2d9923f8db4422628eabc?s=96&d=mm&r=g\",\"url\":\"https:\\\/\\\/secure.gravatar.com\\\/avatar\\\/731fa035cefab7316e6bafd1f25a93fb731a07de14e2d9923f8db4422628eabc?s=96&d=mm&r=g\",\"contentUrl\":\"https:\\\/\\\/secure.gravatar.com\\\/avatar\\\/731fa035cefab7316e6bafd1f25a93fb731a07de14e2d9923f8db4422628eabc?s=96&d=mm&r=g\",\"caption\":\"mkajic\"},\"sameAs\":[\"https:\\\/\\\/evropskakuca.me\"],\"url\":\"https:\\\/\\\/www.evropskakuca.me\\\/me\\\/author\\\/mkajic\\\/\"}]}<\/script>\n<!-- \/ Yoast SEO plugin. -->","yoast_head_json":{"title":"Evropska inicijativa za solidarnost: Sjajna prilika za mlade iz Crne Gore - Europe House","robots":{"index":"index","follow":"follow","max-snippet":"max-snippet:-1","max-image-preview":"max-image-preview:large","max-video-preview":"max-video-preview:-1"},"canonical":"https:\/\/www.evropskakuca.me\/me\/evropska-inicijativa-za-solidarnost-sjajna-prilika-za-mlade-iz-crne-gore\/","og_locale":"en_US","og_type":"article","og_title":"Evropska inicijativa za solidarnost: Sjajna prilika za mlade iz Crne Gore - Europe House","og_description":"Prijavite se za volotiranje u \u010dlanicama EU","og_url":"https:\/\/www.evropskakuca.me\/me\/evropska-inicijativa-za-solidarnost-sjajna-prilika-za-mlade-iz-crne-gore\/","og_site_name":"Europe House","article_publisher":"https:\/\/www.facebook.com\/evropska.kuca","article_published_time":"2020-10-15T07:37:12+00:00","og_image":[{"width":800,"height":600,"url":"https:\/\/www.evropskakuca.me\/wp-content\/uploads\/2020\/10\/ESC-S.png","type":"image\/png"}],"author":"mkajic","twitter_card":"summary_large_image","twitter_creator":"@evropska_kuca","twitter_site":"@evropska_kuca","twitter_misc":{"Written by":"mkajic","Est. reading time":"5 minutes"},"schema":{"@context":"https:\/\/schema.org","@graph":[{"@type":"Article","@id":"https:\/\/www.evropskakuca.me\/me\/evropska-inicijativa-za-solidarnost-sjajna-prilika-za-mlade-iz-crne-gore\/#article","isPartOf":{"@id":"https:\/\/www.evropskakuca.me\/me\/evropska-inicijativa-za-solidarnost-sjajna-prilika-za-mlade-iz-crne-gore\/"},"author":{"name":"mkajic","@id":"https:\/\/www.evropskakuca.me\/me\/#\/schema\/person\/a1d0dcdaefe4a1cd1d60d200ea137ba4"},"headline":"Evropska inicijativa za solidarnost: Sjajna prilika za mlade iz Crne Gore","datePublished":"2020-10-15T07:37:12+00:00","mainEntityOfPage":{"@id":"https:\/\/www.evropskakuca.me\/me\/evropska-inicijativa-za-solidarnost-sjajna-prilika-za-mlade-iz-crne-gore\/"},"wordCount":1060,"publisher":{"@id":"https:\/\/www.evropskakuca.me\/me\/#organization"},"image":{"@id":"https:\/\/www.evropskakuca.me\/me\/evropska-inicijativa-za-solidarnost-sjajna-prilika-za-mlade-iz-crne-gore\/#primaryimage"},"thumbnailUrl":"https:\/\/www.evropskakuca.me\/wp-content\/uploads\/2020\/10\/ESC-S.png","articleSection":["Novosti"],"inLanguage":"me-ME"},{"@type":"WebPage","@id":"https:\/\/www.evropskakuca.me\/me\/evropska-inicijativa-za-solidarnost-sjajna-prilika-za-mlade-iz-crne-gore\/","url":"https:\/\/www.evropskakuca.me\/me\/evropska-inicijativa-za-solidarnost-sjajna-prilika-za-mlade-iz-crne-gore\/","name":"Evropska inicijativa za solidarnost: Sjajna prilika za mlade iz Crne Gore - Europe House","isPartOf":{"@id":"https:\/\/www.evropskakuca.me\/me\/#website"},"primaryImageOfPage":{"@id":"https:\/\/www.evropskakuca.me\/me\/evropska-inicijativa-za-solidarnost-sjajna-prilika-za-mlade-iz-crne-gore\/#primaryimage"},"image":{"@id":"https:\/\/www.evropskakuca.me\/me\/evropska-inicijativa-za-solidarnost-sjajna-prilika-za-mlade-iz-crne-gore\/#primaryimage"},"thumbnailUrl":"https:\/\/www.evropskakuca.me\/wp-content\/uploads\/2020\/10\/ESC-S.png","datePublished":"2020-10-15T07:37:12+00:00","breadcrumb":{"@id":"https:\/\/www.evropskakuca.me\/me\/evropska-inicijativa-za-solidarnost-sjajna-prilika-za-mlade-iz-crne-gore\/#breadcrumb"},"inLanguage":"me-ME","potentialAction":[{"@type":"ReadAction","target":["https:\/\/www.evropskakuca.me\/me\/evropska-inicijativa-za-solidarnost-sjajna-prilika-za-mlade-iz-crne-gore\/"]}]},{"@type":"ImageObject","inLanguage":"me-ME","@id":"https:\/\/www.evropskakuca.me\/me\/evropska-inicijativa-za-solidarnost-sjajna-prilika-za-mlade-iz-crne-gore\/#primaryimage","url":"https:\/\/www.evropskakuca.me\/wp-content\/uploads\/2020\/10\/ESC-S.png","contentUrl":"https:\/\/www.evropskakuca.me\/wp-content\/uploads\/2020\/10\/ESC-S.png","width":800,"height":600},{"@type":"BreadcrumbList","@id":"https:\/\/www.evropskakuca.me\/me\/evropska-inicijativa-za-solidarnost-sjajna-prilika-za-mlade-iz-crne-gore\/#breadcrumb","itemListElement":[{"@type":"ListItem","position":1,"name":"Home","item":"https:\/\/www.evropskakuca.me\/me\/"},{"@type":"ListItem","position":2,"name":"Evropska inicijativa za solidarnost: Sjajna prilika za mlade iz Crne Gore"}]},{"@type":"WebSite","@id":"https:\/\/www.evropskakuca.me\/me\/#website","url":"https:\/\/www.evropskakuca.me\/me\/","name":"Evropean house","description":"","publisher":{"@id":"https:\/\/www.evropskakuca.me\/me\/#organization"},"potentialAction":[{"@type":"SearchAction","target":{"@type":"EntryPoint","urlTemplate":"https:\/\/www.evropskakuca.me\/me\/?s={search_term_string}"},"query-input":{"@type":"PropertyValueSpecification","valueRequired":true,"valueName":"search_term_string"}}],"inLanguage":"me-ME"},{"@type":"Organization","@id":"https:\/\/www.evropskakuca.me\/me\/#organization","name":"Evropean house","url":"https:\/\/www.evropskakuca.me\/me\/","logo":{"@type":"ImageObject","inLanguage":"me-ME","@id":"https:\/\/www.evropskakuca.me\/me\/#\/schema\/logo\/image\/","url":"https:\/\/www.evropskakuca.me\/wp-content\/uploads\/2025\/01\/evropska-kuca-logo-1.png","contentUrl":"https:\/\/www.evropskakuca.me\/wp-content\/uploads\/2025\/01\/evropska-kuca-logo-1.png","width":425,"height":312,"caption":"Evropean house"},"image":{"@id":"https:\/\/www.evropskakuca.me\/me\/#\/schema\/logo\/image\/"},"sameAs":["https:\/\/www.facebook.com\/evropska.kuca","https:\/\/x.com\/evropska_kuca","https:\/\/www.instagram.com\/evropska_kuca"]},{"@type":"Person","@id":"https:\/\/www.evropskakuca.me\/me\/#\/schema\/person\/a1d0dcdaefe4a1cd1d60d200ea137ba4","name":"mkajic","image":{"@type":"ImageObject","inLanguage":"me-ME","@id":"https:\/\/secure.gravatar.com\/avatar\/731fa035cefab7316e6bafd1f25a93fb731a07de14e2d9923f8db4422628eabc?s=96&d=mm&r=g","url":"https:\/\/secure.gravatar.com\/avatar\/731fa035cefab7316e6bafd1f25a93fb731a07de14e2d9923f8db4422628eabc?s=96&d=mm&r=g","contentUrl":"https:\/\/secure.gravatar.com\/avatar\/731fa035cefab7316e6bafd1f25a93fb731a07de14e2d9923f8db4422628eabc?s=96&d=mm&r=g","caption":"mkajic"},"sameAs":["https:\/\/evropskakuca.me"],"url":"https:\/\/www.evropskakuca.me\/me\/author\/mkajic\/"}]}},"_links":{"self":[{"href":"https:\/\/www.evropskakuca.me\/me\/wp-json\/wp\/v2\/posts\/10463","targetHints":{"allow":["GET"]}}],"collection":[{"href":"https:\/\/www.evropskakuca.me\/me\/wp-json\/wp\/v2\/posts"}],"about":[{"href":"https:\/\/www.evropskakuca.me\/me\/wp-json\/wp\/v2\/types\/post"}],"author":[{"embeddable":true,"href":"https:\/\/www.evropskakuca.me\/me\/wp-json\/wp\/v2\/users\/1"}],"replies":[{"embeddable":true,"href":"https:\/\/www.evropskakuca.me\/me\/wp-json\/wp\/v2\/comments?post=10463"}],"version-history":[{"count":0,"href":"https:\/\/www.evropskakuca.me\/me\/wp-json\/wp\/v2\/posts\/10463\/revisions"}],"wp:featuredmedia":[{"embeddable":true,"href":"https:\/\/www.evropskakuca.me\/me\/wp-json\/wp\/v2\/media\/35664"}],"wp:attachment":[{"href":"https:\/\/www.evropskakuca.me\/me\/wp-json\/wp\/v2\/media?parent=10463"}],"wp:term":[{"taxonomy":"category","embeddable":true,"href":"https:\/\/www.evropskakuca.me\/me\/wp-json\/wp\/v2\/categories?post=10463"},{"taxonomy":"post_tag","embeddable":true,"href":"https:\/\/www.evropskakuca.me\/me\/wp-json\/wp\/v2\/tags?post=10463"}],"curies":[{"name":"wp","href":"https:\/\/api.w.org\/{rel}","templated":true}]}}