{"id":10444,"date":"2020-10-14T15:01:26","date_gmt":"2020-10-14T15:01:26","guid":{"rendered":"http:\/\/www.evropskakuca.me\/?p=10444"},"modified":"2025-01-21T12:00:11","modified_gmt":"2025-01-21T12:00:11","slug":"pridruzite-se-madunarodnoj-proslavi-dani-erasmusa","status":"publish","type":"post","link":"https:\/\/www.evropskakuca.me\/me\/pridruzite-se-madunarodnoj-proslavi-dani-erasmusa\/","title":{"rendered":"Pridru\u017eite se me\u0111unarodnoj proslavi \u201eDani Erasmusa\u201c"},"content":{"rendered":"<p>\u0160ta je Erasmus+, kome je on namijenjen i zbog \u010dega predstavlja jedan od najva\u017enijih programa Evropske unije, mo\u017eete saznati u naredna tri dana. Od 15. do 17. oktobra \u0161irom svijeta bi\u0107e organizovani \u201eDani Erasmusa\u201c. Planirano je preko 3 000 doga\u0111aja u 66 zemalja, me\u0111u kojima je i Crna Gora. U skladu sa epidemiolo\u0161kom situacijom, EU info centar organizuje online kampanju posve\u0107enu promociji Erasmus+, u saradnji sa Nacionalnom Erasmus+ kancelarijom, nevladinim organizacijama ADP-ZID i LDA organizacija, Karijernim centrom Univerziteta Crne Gore i Alumni asocijacijom Zapadnog Balkana.<\/p>\n<p>Naredna tri dana, na na\u0161im dru\u0161tvenim mre\u017eama mo\u017eete pratiti pri\u010de mladih preduzetnika iz Crne Gore, koji \u0107e sa nama podijeliti iskustva iz Erasmus+ programa. Tako\u0111e, mo\u017eete u\u010destvovati i u nagradnoj igri, tako \u0161to \u0107ete pokazati svoje znanje o ovom programu. U tome vam mogu pomo\u0107i i informacije o rezultatima Erasmus+ programa u Crnoj Gori, koje \u0107emo tokom kampanje objavljivati na na\u0161im <a href=\"https:\/\/www.facebook.com\/evropskakuca.me\">Facebook<\/a> i <a href=\"https:\/\/www.instagram.com\/euicmne\/\">Instagram<\/a> stranicama.<\/p>\n<p><a href=\"https:\/\/ec.europa.eu\/programmes\/erasmus-plus\/node_en\">Erasmus+<\/a> je program Evropske unije za obrazovanje, obuku, mlade i sport, u kojem je za 30 godina postojanja u\u010destovovalo blizu 10 miliona ljudi \u0161irom Evrope. Cilj programa je da pomogne mladima da se obrazuju, profesionalno usavr\u0161e i steknu nova iskustva u inostranstvu, tako \u0161to im omogu\u0107ava i finansira studiranje, treninge, rad ili volontiranje u razli\u010dim evropskim zemljama. Va\u017eno je napomenuti da Erasmus+ nije namijenjen\u00a0 samo studentima. Spajanjem sedam prethodnih programa, pru\u017ea moguc\u0301nosti \u0161irokom spektru pojedinaca i organizacija, o \u010demu vi\u0161e mo\u017eete saznati na ovom <a href=\"https:\/\/ec.europa.eu\/programmes\/erasmus-plus\/node_en\">linku<\/a>.<\/p>\n","protected":false},"excerpt":{"rendered":"<p>Saznajte sve \u0161to \u017eelite o Erasmus+ programu<\/p>\n","protected":false},"author":1,"featured_media":35662,"comment_status":"closed","ping_status":"closed","sticky":false,"template":"","format":"standard","meta":{"_acf_changed":false,"footnotes":""},"categories":[285,283],"tags":[],"class_list":["post-10444","post","type-post","status-publish","format-standard","has-post-thumbnail","hentry","category-kampanje-i-eventi","category-novosti-me"],"acf":[],"yoast_head":"<!-- This site is optimized with the Yoast SEO plugin v27.3 - https:\/\/yoast.com\/product\/yoast-seo-wordpress\/ -->\n<title>Pridru\u017eite se me\u0111unarodnoj proslavi \u201eDani Erasmusa\u201c - Europe House<\/title>\n<meta name=\"robots\" content=\"index, follow, max-snippet:-1, max-image-preview:large, max-video-preview:-1\" \/>\n<link rel=\"canonical\" href=\"https:\/\/www.evropskakuca.me\/me\/pridruzite-se-madunarodnoj-proslavi-dani-erasmusa\/\" \/>\n<meta property=\"og:locale\" content=\"en_US\" \/>\n<meta property=\"og:type\" content=\"article\" \/>\n<meta property=\"og:title\" content=\"Pridru\u017eite se me\u0111unarodnoj proslavi \u201eDani Erasmusa\u201c - Europe House\" \/>\n<meta property=\"og:description\" content=\"Saznajte sve \u0161to \u017eelite o Erasmus+ programu\" \/>\n<meta property=\"og:url\" content=\"https:\/\/www.evropskakuca.me\/me\/pridruzite-se-madunarodnoj-proslavi-dani-erasmusa\/\" \/>\n<meta property=\"og:site_name\" content=\"Europe House\" \/>\n<meta property=\"article:publisher\" content=\"https:\/\/www.facebook.com\/evropska.kuca\" \/>\n<meta property=\"article:published_time\" content=\"2020-10-14T15:01:26+00:00\" \/>\n<meta property=\"article:modified_time\" content=\"2025-01-21T12:00:11+00:00\" \/>\n<meta property=\"og:image\" content=\"https:\/\/www.evropskakuca.me\/wp-content\/uploads\/2020\/10\/ERASMUSDAYS_LOGO_2020_CMYK-blue.jpg\" \/>\n\t<meta property=\"og:image:width\" content=\"1665\" \/>\n\t<meta property=\"og:image:height\" content=\"1167\" \/>\n\t<meta property=\"og:image:type\" content=\"image\/jpeg\" \/>\n<meta name=\"author\" content=\"mkajic\" \/>\n<meta name=\"twitter:card\" content=\"summary_large_image\" \/>\n<meta name=\"twitter:creator\" content=\"@evropska_kuca\" \/>\n<meta name=\"twitter:site\" content=\"@evropska_kuca\" \/>\n<meta name=\"twitter:label1\" content=\"Written by\" \/>\n\t<meta name=\"twitter:data1\" content=\"mkajic\" \/>\n\t<meta name=\"twitter:label2\" content=\"Est. reading time\" \/>\n\t<meta name=\"twitter:data2\" content=\"2 minutes\" \/>\n<script type=\"application\/ld+json\" class=\"yoast-schema-graph\">{\"@context\":\"https:\\\/\\\/schema.org\",\"@graph\":[{\"@type\":\"Article\",\"@id\":\"https:\\\/\\\/www.evropskakuca.me\\\/me\\\/pridruzite-se-madunarodnoj-proslavi-dani-erasmusa\\\/#article\",\"isPartOf\":{\"@id\":\"https:\\\/\\\/www.evropskakuca.me\\\/me\\\/pridruzite-se-madunarodnoj-proslavi-dani-erasmusa\\\/\"},\"author\":{\"name\":\"mkajic\",\"@id\":\"https:\\\/\\\/www.evropskakuca.me\\\/me\\\/#\\\/schema\\\/person\\\/a1d0dcdaefe4a1cd1d60d200ea137ba4\"},\"headline\":\"Pridru\u017eite se me\u0111unarodnoj proslavi \u201eDani Erasmusa\u201c\",\"datePublished\":\"2020-10-14T15:01:26+00:00\",\"dateModified\":\"2025-01-21T12:00:11+00:00\",\"mainEntityOfPage\":{\"@id\":\"https:\\\/\\\/www.evropskakuca.me\\\/me\\\/pridruzite-se-madunarodnoj-proslavi-dani-erasmusa\\\/\"},\"wordCount\":262,\"publisher\":{\"@id\":\"https:\\\/\\\/www.evropskakuca.me\\\/me\\\/#organization\"},\"image\":{\"@id\":\"https:\\\/\\\/www.evropskakuca.me\\\/me\\\/pridruzite-se-madunarodnoj-proslavi-dani-erasmusa\\\/#primaryimage\"},\"thumbnailUrl\":\"https:\\\/\\\/www.evropskakuca.me\\\/wp-content\\\/uploads\\\/2020\\\/10\\\/ERASMUSDAYS_LOGO_2020_CMYK-blue.jpg\",\"articleSection\":[\"Kampanje i eventi\",\"Novosti\"],\"inLanguage\":\"me-ME\"},{\"@type\":\"WebPage\",\"@id\":\"https:\\\/\\\/www.evropskakuca.me\\\/me\\\/pridruzite-se-madunarodnoj-proslavi-dani-erasmusa\\\/\",\"url\":\"https:\\\/\\\/www.evropskakuca.me\\\/me\\\/pridruzite-se-madunarodnoj-proslavi-dani-erasmusa\\\/\",\"name\":\"Pridru\u017eite se me\u0111unarodnoj proslavi \u201eDani Erasmusa\u201c - Europe House\",\"isPartOf\":{\"@id\":\"https:\\\/\\\/www.evropskakuca.me\\\/me\\\/#website\"},\"primaryImageOfPage\":{\"@id\":\"https:\\\/\\\/www.evropskakuca.me\\\/me\\\/pridruzite-se-madunarodnoj-proslavi-dani-erasmusa\\\/#primaryimage\"},\"image\":{\"@id\":\"https:\\\/\\\/www.evropskakuca.me\\\/me\\\/pridruzite-se-madunarodnoj-proslavi-dani-erasmusa\\\/#primaryimage\"},\"thumbnailUrl\":\"https:\\\/\\\/www.evropskakuca.me\\\/wp-content\\\/uploads\\\/2020\\\/10\\\/ERASMUSDAYS_LOGO_2020_CMYK-blue.jpg\",\"datePublished\":\"2020-10-14T15:01:26+00:00\",\"dateModified\":\"2025-01-21T12:00:11+00:00\",\"breadcrumb\":{\"@id\":\"https:\\\/\\\/www.evropskakuca.me\\\/me\\\/pridruzite-se-madunarodnoj-proslavi-dani-erasmusa\\\/#breadcrumb\"},\"inLanguage\":\"me-ME\",\"potentialAction\":[{\"@type\":\"ReadAction\",\"target\":[\"https:\\\/\\\/www.evropskakuca.me\\\/me\\\/pridruzite-se-madunarodnoj-proslavi-dani-erasmusa\\\/\"]}]},{\"@type\":\"ImageObject\",\"inLanguage\":\"me-ME\",\"@id\":\"https:\\\/\\\/www.evropskakuca.me\\\/me\\\/pridruzite-se-madunarodnoj-proslavi-dani-erasmusa\\\/#primaryimage\",\"url\":\"https:\\\/\\\/www.evropskakuca.me\\\/wp-content\\\/uploads\\\/2020\\\/10\\\/ERASMUSDAYS_LOGO_2020_CMYK-blue.jpg\",\"contentUrl\":\"https:\\\/\\\/www.evropskakuca.me\\\/wp-content\\\/uploads\\\/2020\\\/10\\\/ERASMUSDAYS_LOGO_2020_CMYK-blue.jpg\",\"width\":1665,\"height\":1167},{\"@type\":\"BreadcrumbList\",\"@id\":\"https:\\\/\\\/www.evropskakuca.me\\\/me\\\/pridruzite-se-madunarodnoj-proslavi-dani-erasmusa\\\/#breadcrumb\",\"itemListElement\":[{\"@type\":\"ListItem\",\"position\":1,\"name\":\"Home\",\"item\":\"https:\\\/\\\/www.evropskakuca.me\\\/me\\\/\"},{\"@type\":\"ListItem\",\"position\":2,\"name\":\"Pridru\u017eite se me\u0111unarodnoj proslavi \u201eDani Erasmusa\u201c\"}]},{\"@type\":\"WebSite\",\"@id\":\"https:\\\/\\\/www.evropskakuca.me\\\/me\\\/#website\",\"url\":\"https:\\\/\\\/www.evropskakuca.me\\\/me\\\/\",\"name\":\"Evropean house\",\"description\":\"\",\"publisher\":{\"@id\":\"https:\\\/\\\/www.evropskakuca.me\\\/me\\\/#organization\"},\"potentialAction\":[{\"@type\":\"SearchAction\",\"target\":{\"@type\":\"EntryPoint\",\"urlTemplate\":\"https:\\\/\\\/www.evropskakuca.me\\\/me\\\/?s={search_term_string}\"},\"query-input\":{\"@type\":\"PropertyValueSpecification\",\"valueRequired\":true,\"valueName\":\"search_term_string\"}}],\"inLanguage\":\"me-ME\"},{\"@type\":\"Organization\",\"@id\":\"https:\\\/\\\/www.evropskakuca.me\\\/me\\\/#organization\",\"name\":\"Evropean house\",\"url\":\"https:\\\/\\\/www.evropskakuca.me\\\/me\\\/\",\"logo\":{\"@type\":\"ImageObject\",\"inLanguage\":\"me-ME\",\"@id\":\"https:\\\/\\\/www.evropskakuca.me\\\/me\\\/#\\\/schema\\\/logo\\\/image\\\/\",\"url\":\"https:\\\/\\\/www.evropskakuca.me\\\/wp-content\\\/uploads\\\/2025\\\/01\\\/evropska-kuca-logo-1.png\",\"contentUrl\":\"https:\\\/\\\/www.evropskakuca.me\\\/wp-content\\\/uploads\\\/2025\\\/01\\\/evropska-kuca-logo-1.png\",\"width\":425,\"height\":312,\"caption\":\"Evropean house\"},\"image\":{\"@id\":\"https:\\\/\\\/www.evropskakuca.me\\\/me\\\/#\\\/schema\\\/logo\\\/image\\\/\"},\"sameAs\":[\"https:\\\/\\\/www.facebook.com\\\/evropska.kuca\",\"https:\\\/\\\/x.com\\\/evropska_kuca\",\"https:\\\/\\\/www.instagram.com\\\/evropska_kuca\"]},{\"@type\":\"Person\",\"@id\":\"https:\\\/\\\/www.evropskakuca.me\\\/me\\\/#\\\/schema\\\/person\\\/a1d0dcdaefe4a1cd1d60d200ea137ba4\",\"name\":\"mkajic\",\"image\":{\"@type\":\"ImageObject\",\"inLanguage\":\"me-ME\",\"@id\":\"https:\\\/\\\/secure.gravatar.com\\\/avatar\\\/731fa035cefab7316e6bafd1f25a93fb731a07de14e2d9923f8db4422628eabc?s=96&d=mm&r=g\",\"url\":\"https:\\\/\\\/secure.gravatar.com\\\/avatar\\\/731fa035cefab7316e6bafd1f25a93fb731a07de14e2d9923f8db4422628eabc?s=96&d=mm&r=g\",\"contentUrl\":\"https:\\\/\\\/secure.gravatar.com\\\/avatar\\\/731fa035cefab7316e6bafd1f25a93fb731a07de14e2d9923f8db4422628eabc?s=96&d=mm&r=g\",\"caption\":\"mkajic\"},\"sameAs\":[\"https:\\\/\\\/evropskakuca.me\"],\"url\":\"https:\\\/\\\/www.evropskakuca.me\\\/me\\\/author\\\/mkajic\\\/\"}]}<\/script>\n<!-- \/ Yoast SEO plugin. -->","yoast_head_json":{"title":"Pridru\u017eite se me\u0111unarodnoj proslavi \u201eDani Erasmusa\u201c - Europe House","robots":{"index":"index","follow":"follow","max-snippet":"max-snippet:-1","max-image-preview":"max-image-preview:large","max-video-preview":"max-video-preview:-1"},"canonical":"https:\/\/www.evropskakuca.me\/me\/pridruzite-se-madunarodnoj-proslavi-dani-erasmusa\/","og_locale":"en_US","og_type":"article","og_title":"Pridru\u017eite se me\u0111unarodnoj proslavi \u201eDani Erasmusa\u201c - Europe House","og_description":"Saznajte sve \u0161to \u017eelite o Erasmus+ programu","og_url":"https:\/\/www.evropskakuca.me\/me\/pridruzite-se-madunarodnoj-proslavi-dani-erasmusa\/","og_site_name":"Europe House","article_publisher":"https:\/\/www.facebook.com\/evropska.kuca","article_published_time":"2020-10-14T15:01:26+00:00","article_modified_time":"2025-01-21T12:00:11+00:00","og_image":[{"width":1665,"height":1167,"url":"https:\/\/www.evropskakuca.me\/wp-content\/uploads\/2020\/10\/ERASMUSDAYS_LOGO_2020_CMYK-blue.jpg","type":"image\/jpeg"}],"author":"mkajic","twitter_card":"summary_large_image","twitter_creator":"@evropska_kuca","twitter_site":"@evropska_kuca","twitter_misc":{"Written by":"mkajic","Est. reading time":"2 minutes"},"schema":{"@context":"https:\/\/schema.org","@graph":[{"@type":"Article","@id":"https:\/\/www.evropskakuca.me\/me\/pridruzite-se-madunarodnoj-proslavi-dani-erasmusa\/#article","isPartOf":{"@id":"https:\/\/www.evropskakuca.me\/me\/pridruzite-se-madunarodnoj-proslavi-dani-erasmusa\/"},"author":{"name":"mkajic","@id":"https:\/\/www.evropskakuca.me\/me\/#\/schema\/person\/a1d0dcdaefe4a1cd1d60d200ea137ba4"},"headline":"Pridru\u017eite se me\u0111unarodnoj proslavi \u201eDani Erasmusa\u201c","datePublished":"2020-10-14T15:01:26+00:00","dateModified":"2025-01-21T12:00:11+00:00","mainEntityOfPage":{"@id":"https:\/\/www.evropskakuca.me\/me\/pridruzite-se-madunarodnoj-proslavi-dani-erasmusa\/"},"wordCount":262,"publisher":{"@id":"https:\/\/www.evropskakuca.me\/me\/#organization"},"image":{"@id":"https:\/\/www.evropskakuca.me\/me\/pridruzite-se-madunarodnoj-proslavi-dani-erasmusa\/#primaryimage"},"thumbnailUrl":"https:\/\/www.evropskakuca.me\/wp-content\/uploads\/2020\/10\/ERASMUSDAYS_LOGO_2020_CMYK-blue.jpg","articleSection":["Kampanje i eventi","Novosti"],"inLanguage":"me-ME"},{"@type":"WebPage","@id":"https:\/\/www.evropskakuca.me\/me\/pridruzite-se-madunarodnoj-proslavi-dani-erasmusa\/","url":"https:\/\/www.evropskakuca.me\/me\/pridruzite-se-madunarodnoj-proslavi-dani-erasmusa\/","name":"Pridru\u017eite se me\u0111unarodnoj proslavi \u201eDani Erasmusa\u201c - Europe House","isPartOf":{"@id":"https:\/\/www.evropskakuca.me\/me\/#website"},"primaryImageOfPage":{"@id":"https:\/\/www.evropskakuca.me\/me\/pridruzite-se-madunarodnoj-proslavi-dani-erasmusa\/#primaryimage"},"image":{"@id":"https:\/\/www.evropskakuca.me\/me\/pridruzite-se-madunarodnoj-proslavi-dani-erasmusa\/#primaryimage"},"thumbnailUrl":"https:\/\/www.evropskakuca.me\/wp-content\/uploads\/2020\/10\/ERASMUSDAYS_LOGO_2020_CMYK-blue.jpg","datePublished":"2020-10-14T15:01:26+00:00","dateModified":"2025-01-21T12:00:11+00:00","breadcrumb":{"@id":"https:\/\/www.evropskakuca.me\/me\/pridruzite-se-madunarodnoj-proslavi-dani-erasmusa\/#breadcrumb"},"inLanguage":"me-ME","potentialAction":[{"@type":"ReadAction","target":["https:\/\/www.evropskakuca.me\/me\/pridruzite-se-madunarodnoj-proslavi-dani-erasmusa\/"]}]},{"@type":"ImageObject","inLanguage":"me-ME","@id":"https:\/\/www.evropskakuca.me\/me\/pridruzite-se-madunarodnoj-proslavi-dani-erasmusa\/#primaryimage","url":"https:\/\/www.evropskakuca.me\/wp-content\/uploads\/2020\/10\/ERASMUSDAYS_LOGO_2020_CMYK-blue.jpg","contentUrl":"https:\/\/www.evropskakuca.me\/wp-content\/uploads\/2020\/10\/ERASMUSDAYS_LOGO_2020_CMYK-blue.jpg","width":1665,"height":1167},{"@type":"BreadcrumbList","@id":"https:\/\/www.evropskakuca.me\/me\/pridruzite-se-madunarodnoj-proslavi-dani-erasmusa\/#breadcrumb","itemListElement":[{"@type":"ListItem","position":1,"name":"Home","item":"https:\/\/www.evropskakuca.me\/me\/"},{"@type":"ListItem","position":2,"name":"Pridru\u017eite se me\u0111unarodnoj proslavi \u201eDani Erasmusa\u201c"}]},{"@type":"WebSite","@id":"https:\/\/www.evropskakuca.me\/me\/#website","url":"https:\/\/www.evropskakuca.me\/me\/","name":"Evropean house","description":"","publisher":{"@id":"https:\/\/www.evropskakuca.me\/me\/#organization"},"potentialAction":[{"@type":"SearchAction","target":{"@type":"EntryPoint","urlTemplate":"https:\/\/www.evropskakuca.me\/me\/?s={search_term_string}"},"query-input":{"@type":"PropertyValueSpecification","valueRequired":true,"valueName":"search_term_string"}}],"inLanguage":"me-ME"},{"@type":"Organization","@id":"https:\/\/www.evropskakuca.me\/me\/#organization","name":"Evropean house","url":"https:\/\/www.evropskakuca.me\/me\/","logo":{"@type":"ImageObject","inLanguage":"me-ME","@id":"https:\/\/www.evropskakuca.me\/me\/#\/schema\/logo\/image\/","url":"https:\/\/www.evropskakuca.me\/wp-content\/uploads\/2025\/01\/evropska-kuca-logo-1.png","contentUrl":"https:\/\/www.evropskakuca.me\/wp-content\/uploads\/2025\/01\/evropska-kuca-logo-1.png","width":425,"height":312,"caption":"Evropean house"},"image":{"@id":"https:\/\/www.evropskakuca.me\/me\/#\/schema\/logo\/image\/"},"sameAs":["https:\/\/www.facebook.com\/evropska.kuca","https:\/\/x.com\/evropska_kuca","https:\/\/www.instagram.com\/evropska_kuca"]},{"@type":"Person","@id":"https:\/\/www.evropskakuca.me\/me\/#\/schema\/person\/a1d0dcdaefe4a1cd1d60d200ea137ba4","name":"mkajic","image":{"@type":"ImageObject","inLanguage":"me-ME","@id":"https:\/\/secure.gravatar.com\/avatar\/731fa035cefab7316e6bafd1f25a93fb731a07de14e2d9923f8db4422628eabc?s=96&d=mm&r=g","url":"https:\/\/secure.gravatar.com\/avatar\/731fa035cefab7316e6bafd1f25a93fb731a07de14e2d9923f8db4422628eabc?s=96&d=mm&r=g","contentUrl":"https:\/\/secure.gravatar.com\/avatar\/731fa035cefab7316e6bafd1f25a93fb731a07de14e2d9923f8db4422628eabc?s=96&d=mm&r=g","caption":"mkajic"},"sameAs":["https:\/\/evropskakuca.me"],"url":"https:\/\/www.evropskakuca.me\/me\/author\/mkajic\/"}]}},"_links":{"self":[{"href":"https:\/\/www.evropskakuca.me\/me\/wp-json\/wp\/v2\/posts\/10444","targetHints":{"allow":["GET"]}}],"collection":[{"href":"https:\/\/www.evropskakuca.me\/me\/wp-json\/wp\/v2\/posts"}],"about":[{"href":"https:\/\/www.evropskakuca.me\/me\/wp-json\/wp\/v2\/types\/post"}],"author":[{"embeddable":true,"href":"https:\/\/www.evropskakuca.me\/me\/wp-json\/wp\/v2\/users\/1"}],"replies":[{"embeddable":true,"href":"https:\/\/www.evropskakuca.me\/me\/wp-json\/wp\/v2\/comments?post=10444"}],"version-history":[{"count":1,"href":"https:\/\/www.evropskakuca.me\/me\/wp-json\/wp\/v2\/posts\/10444\/revisions"}],"predecessor-version":[{"id":42492,"href":"https:\/\/www.evropskakuca.me\/me\/wp-json\/wp\/v2\/posts\/10444\/revisions\/42492"}],"wp:featuredmedia":[{"embeddable":true,"href":"https:\/\/www.evropskakuca.me\/me\/wp-json\/wp\/v2\/media\/35662"}],"wp:attachment":[{"href":"https:\/\/www.evropskakuca.me\/me\/wp-json\/wp\/v2\/media?parent=10444"}],"wp:term":[{"taxonomy":"category","embeddable":true,"href":"https:\/\/www.evropskakuca.me\/me\/wp-json\/wp\/v2\/categories?post=10444"},{"taxonomy":"post_tag","embeddable":true,"href":"https:\/\/www.evropskakuca.me\/me\/wp-json\/wp\/v2\/tags?post=10444"}],"curies":[{"name":"wp","href":"https:\/\/api.w.org\/{rel}","templated":true}]}}