{"id":10436,"date":"2020-10-14T12:28:28","date_gmt":"2020-10-14T12:28:28","guid":{"rendered":"http:\/\/www.evropskakuca.me\/?p=10436"},"modified":"2020-10-14T12:28:28","modified_gmt":"2020-10-14T12:28:28","slug":"eu-donirala-novu-zastitnu-medicinsku-opremu-za-borbu-protiv-korona-virusa","status":"publish","type":"post","link":"https:\/\/www.evropskakuca.me\/me\/eu-donirala-novu-zastitnu-medicinsku-opremu-za-borbu-protiv-korona-virusa\/","title":{"rendered":"EU donirala novu za\u0161titnu medicinsku opremu za borbu protiv korona virusa"},"content":{"rendered":"<p>Evropska unija donirala je Crnoj Gori novih 25 000 FFP2 maski i 15 000 jednokratnih hirur\u0161kih odijela. Pomo\u0107 je dodijeljena iz zajedni\u010dke evropske rezerve medicinske opreme &#8211; rescEU, koja je formirana kao posebna komponenta Mehanizma EU za civilnu za\u0161titu, nakon izbijanja pandemije korona virusa. Pored Crne Gore, opremu je dobila i Sjeverna Makedonije, a njen prevoz omogu\u0107ila je Njema\u010dka.<\/p>\n<p><img fetchpriority=\"high\" decoding=\"async\" class=\"alignnone size-large wp-image-10439\" src=\"http:\/\/www.evropskakuca.me\/wp-content\/uploads\/2020\/10\/RescEU-oprema_14102020-2-sajt-1024x682.jpeg\" alt=\"\" width=\"1024\" height=\"682\" \/><\/p>\n<p>\u201eRezerva rescEU i Mehanizam EU za civilnu za\u0161titu nastavljaju da dokazuju svoju vrijednost u pru\u017eanju pomoc\u0301i onima kojima je potrebna. Li\u010dna za\u0161titna oprema ostaje neophodna sve dok se borimo protiv korona virusa. Zahvaljujem Nema\u010dkoj \u0161to su nabavili i prevezli ovu seriju rescEU opreme\u201c, rekao je komesar za krizno upravljanje Janez Lenar\u010di\u010d.<\/p>\n<p>Generalni direktor Direktorata za vanredne situacije u Ministarstvu unutra\u0161njih poslova, Mirsad Muli\u0107, iskazao je zahvalnost za doniranu opremu i kazao da \u0107e biti vrlo zna\u010dajna u daljoj borbi sa korona virusom.<\/p>\n<p><img decoding=\"async\" class=\"alignnone size-large wp-image-10441\" src=\"http:\/\/www.evropskakuca.me\/wp-content\/uploads\/2020\/10\/RescEU-oprema_14102020-3-sajt-1024x682.jpeg\" alt=\"\" width=\"1024\" height=\"682\" \/><\/p>\n<p>\u201eOva donacija je jo\u0161 jedna potvrda partnerskog odnosa Crne Gore i Evropske unije. Svaka donacija i nova isporuka \u010dine Crnu Goru sna\u017enijom u kontinuiranom odgovoru na ovaj izazov\u201c, istakao je Muli\u0107.<\/p>\n<p>Od izbijanja epidemije korona virusa do sada, Evropska unija je Crnoj Gori donirala ukupno 100 bolni\u010dkih respiratora, 10 savremenih rendgenskih ure\u0111aja i skoro 2 miliona komada li\u010dne za\u0161titne opreme, uklju\u010duju\u0107i hirur\u0161ke maske, rukavice, kape, za\u0161titna odijela, kecelje, nao\u010dare, navlake za obu\u0107u, itd.<\/p>\n","protected":false},"excerpt":{"rendered":"<p>Njema\u010dka omogu\u0107ila prevoz 25 000 maski i 15 000 hirur\u0161kih odijela<\/p>\n","protected":false},"author":1,"featured_media":0,"comment_status":"closed","ping_status":"closed","sticky":false,"template":"","format":"standard","meta":{"_acf_changed":false,"footnotes":""},"categories":[287,283],"tags":[],"class_list":["post-10436","post","type-post","status-publish","format-standard","hentry","category-koronavirusa","category-novosti-me"],"acf":[],"yoast_head":"<!-- This site is optimized with the Yoast SEO plugin v27.3 - https:\/\/yoast.com\/product\/yoast-seo-wordpress\/ -->\n<title>EU donirala novu za\u0161titnu medicinsku opremu za borbu protiv korona virusa - Europe House<\/title>\n<meta name=\"robots\" content=\"index, follow, max-snippet:-1, max-image-preview:large, max-video-preview:-1\" \/>\n<link rel=\"canonical\" href=\"https:\/\/www.evropskakuca.me\/me\/eu-donirala-novu-zastitnu-medicinsku-opremu-za-borbu-protiv-korona-virusa\/\" \/>\n<meta property=\"og:locale\" content=\"en_US\" \/>\n<meta property=\"og:type\" content=\"article\" \/>\n<meta property=\"og:title\" content=\"EU donirala novu za\u0161titnu medicinsku opremu za borbu protiv korona virusa - Europe House\" \/>\n<meta property=\"og:description\" content=\"Njema\u010dka omogu\u0107ila prevoz 25 000 maski i 15 000 hirur\u0161kih odijela\" \/>\n<meta property=\"og:url\" content=\"https:\/\/www.evropskakuca.me\/me\/eu-donirala-novu-zastitnu-medicinsku-opremu-za-borbu-protiv-korona-virusa\/\" \/>\n<meta property=\"og:site_name\" content=\"Europe House\" \/>\n<meta property=\"article:publisher\" content=\"https:\/\/www.facebook.com\/evropska.kuca\" \/>\n<meta property=\"article:published_time\" content=\"2020-10-14T12:28:28+00:00\" \/>\n<meta property=\"og:image\" content=\"http:\/\/www.evropskakuca.me\/wp-content\/uploads\/2020\/10\/RescEU-oprema_14102020-2-sajt-1024x682.jpeg\" \/>\n<meta name=\"author\" content=\"mkajic\" \/>\n<meta name=\"twitter:card\" content=\"summary_large_image\" \/>\n<meta name=\"twitter:creator\" content=\"@evropska_kuca\" \/>\n<meta name=\"twitter:site\" content=\"@evropska_kuca\" \/>\n<meta name=\"twitter:label1\" content=\"Written by\" \/>\n\t<meta name=\"twitter:data1\" content=\"mkajic\" \/>\n\t<meta name=\"twitter:label2\" content=\"Est. reading time\" \/>\n\t<meta name=\"twitter:data2\" content=\"1 minute\" \/>\n<script type=\"application\/ld+json\" class=\"yoast-schema-graph\">{\"@context\":\"https:\\\/\\\/schema.org\",\"@graph\":[{\"@type\":\"Article\",\"@id\":\"https:\\\/\\\/www.evropskakuca.me\\\/me\\\/eu-donirala-novu-zastitnu-medicinsku-opremu-za-borbu-protiv-korona-virusa\\\/#article\",\"isPartOf\":{\"@id\":\"https:\\\/\\\/www.evropskakuca.me\\\/me\\\/eu-donirala-novu-zastitnu-medicinsku-opremu-za-borbu-protiv-korona-virusa\\\/\"},\"author\":{\"name\":\"mkajic\",\"@id\":\"https:\\\/\\\/www.evropskakuca.me\\\/me\\\/#\\\/schema\\\/person\\\/a1d0dcdaefe4a1cd1d60d200ea137ba4\"},\"headline\":\"EU donirala novu za\u0161titnu medicinsku opremu za borbu protiv korona virusa\",\"datePublished\":\"2020-10-14T12:28:28+00:00\",\"mainEntityOfPage\":{\"@id\":\"https:\\\/\\\/www.evropskakuca.me\\\/me\\\/eu-donirala-novu-zastitnu-medicinsku-opremu-za-borbu-protiv-korona-virusa\\\/\"},\"wordCount\":244,\"publisher\":{\"@id\":\"https:\\\/\\\/www.evropskakuca.me\\\/me\\\/#organization\"},\"image\":{\"@id\":\"https:\\\/\\\/www.evropskakuca.me\\\/me\\\/eu-donirala-novu-zastitnu-medicinsku-opremu-za-borbu-protiv-korona-virusa\\\/#primaryimage\"},\"thumbnailUrl\":\"http:\\\/\\\/www.evropskakuca.me\\\/wp-content\\\/uploads\\\/2020\\\/10\\\/RescEU-oprema_14102020-2-sajt-1024x682.jpeg\",\"articleSection\":[\"Koronavirusa\",\"Novosti\"],\"inLanguage\":\"me-ME\"},{\"@type\":\"WebPage\",\"@id\":\"https:\\\/\\\/www.evropskakuca.me\\\/me\\\/eu-donirala-novu-zastitnu-medicinsku-opremu-za-borbu-protiv-korona-virusa\\\/\",\"url\":\"https:\\\/\\\/www.evropskakuca.me\\\/me\\\/eu-donirala-novu-zastitnu-medicinsku-opremu-za-borbu-protiv-korona-virusa\\\/\",\"name\":\"EU donirala novu za\u0161titnu medicinsku opremu za borbu protiv korona virusa - Europe House\",\"isPartOf\":{\"@id\":\"https:\\\/\\\/www.evropskakuca.me\\\/me\\\/#website\"},\"primaryImageOfPage\":{\"@id\":\"https:\\\/\\\/www.evropskakuca.me\\\/me\\\/eu-donirala-novu-zastitnu-medicinsku-opremu-za-borbu-protiv-korona-virusa\\\/#primaryimage\"},\"image\":{\"@id\":\"https:\\\/\\\/www.evropskakuca.me\\\/me\\\/eu-donirala-novu-zastitnu-medicinsku-opremu-za-borbu-protiv-korona-virusa\\\/#primaryimage\"},\"thumbnailUrl\":\"http:\\\/\\\/www.evropskakuca.me\\\/wp-content\\\/uploads\\\/2020\\\/10\\\/RescEU-oprema_14102020-2-sajt-1024x682.jpeg\",\"datePublished\":\"2020-10-14T12:28:28+00:00\",\"breadcrumb\":{\"@id\":\"https:\\\/\\\/www.evropskakuca.me\\\/me\\\/eu-donirala-novu-zastitnu-medicinsku-opremu-za-borbu-protiv-korona-virusa\\\/#breadcrumb\"},\"inLanguage\":\"me-ME\",\"potentialAction\":[{\"@type\":\"ReadAction\",\"target\":[\"https:\\\/\\\/www.evropskakuca.me\\\/me\\\/eu-donirala-novu-zastitnu-medicinsku-opremu-za-borbu-protiv-korona-virusa\\\/\"]}]},{\"@type\":\"ImageObject\",\"inLanguage\":\"me-ME\",\"@id\":\"https:\\\/\\\/www.evropskakuca.me\\\/me\\\/eu-donirala-novu-zastitnu-medicinsku-opremu-za-borbu-protiv-korona-virusa\\\/#primaryimage\",\"url\":\"http:\\\/\\\/www.evropskakuca.me\\\/wp-content\\\/uploads\\\/2020\\\/10\\\/RescEU-oprema_14102020-2-sajt-1024x682.jpeg\",\"contentUrl\":\"http:\\\/\\\/www.evropskakuca.me\\\/wp-content\\\/uploads\\\/2020\\\/10\\\/RescEU-oprema_14102020-2-sajt-1024x682.jpeg\"},{\"@type\":\"BreadcrumbList\",\"@id\":\"https:\\\/\\\/www.evropskakuca.me\\\/me\\\/eu-donirala-novu-zastitnu-medicinsku-opremu-za-borbu-protiv-korona-virusa\\\/#breadcrumb\",\"itemListElement\":[{\"@type\":\"ListItem\",\"position\":1,\"name\":\"Home\",\"item\":\"https:\\\/\\\/www.evropskakuca.me\\\/me\\\/\"},{\"@type\":\"ListItem\",\"position\":2,\"name\":\"EU donirala novu za\u0161titnu medicinsku opremu za borbu protiv korona virusa\"}]},{\"@type\":\"WebSite\",\"@id\":\"https:\\\/\\\/www.evropskakuca.me\\\/me\\\/#website\",\"url\":\"https:\\\/\\\/www.evropskakuca.me\\\/me\\\/\",\"name\":\"Evropean house\",\"description\":\"\",\"publisher\":{\"@id\":\"https:\\\/\\\/www.evropskakuca.me\\\/me\\\/#organization\"},\"potentialAction\":[{\"@type\":\"SearchAction\",\"target\":{\"@type\":\"EntryPoint\",\"urlTemplate\":\"https:\\\/\\\/www.evropskakuca.me\\\/me\\\/?s={search_term_string}\"},\"query-input\":{\"@type\":\"PropertyValueSpecification\",\"valueRequired\":true,\"valueName\":\"search_term_string\"}}],\"inLanguage\":\"me-ME\"},{\"@type\":\"Organization\",\"@id\":\"https:\\\/\\\/www.evropskakuca.me\\\/me\\\/#organization\",\"name\":\"Evropean house\",\"url\":\"https:\\\/\\\/www.evropskakuca.me\\\/me\\\/\",\"logo\":{\"@type\":\"ImageObject\",\"inLanguage\":\"me-ME\",\"@id\":\"https:\\\/\\\/www.evropskakuca.me\\\/me\\\/#\\\/schema\\\/logo\\\/image\\\/\",\"url\":\"https:\\\/\\\/www.evropskakuca.me\\\/wp-content\\\/uploads\\\/2025\\\/01\\\/evropska-kuca-logo-1.png\",\"contentUrl\":\"https:\\\/\\\/www.evropskakuca.me\\\/wp-content\\\/uploads\\\/2025\\\/01\\\/evropska-kuca-logo-1.png\",\"width\":425,\"height\":312,\"caption\":\"Evropean house\"},\"image\":{\"@id\":\"https:\\\/\\\/www.evropskakuca.me\\\/me\\\/#\\\/schema\\\/logo\\\/image\\\/\"},\"sameAs\":[\"https:\\\/\\\/www.facebook.com\\\/evropska.kuca\",\"https:\\\/\\\/x.com\\\/evropska_kuca\",\"https:\\\/\\\/www.instagram.com\\\/evropska_kuca\"]},{\"@type\":\"Person\",\"@id\":\"https:\\\/\\\/www.evropskakuca.me\\\/me\\\/#\\\/schema\\\/person\\\/a1d0dcdaefe4a1cd1d60d200ea137ba4\",\"name\":\"mkajic\",\"image\":{\"@type\":\"ImageObject\",\"inLanguage\":\"me-ME\",\"@id\":\"https:\\\/\\\/secure.gravatar.com\\\/avatar\\\/731fa035cefab7316e6bafd1f25a93fb731a07de14e2d9923f8db4422628eabc?s=96&d=mm&r=g\",\"url\":\"https:\\\/\\\/secure.gravatar.com\\\/avatar\\\/731fa035cefab7316e6bafd1f25a93fb731a07de14e2d9923f8db4422628eabc?s=96&d=mm&r=g\",\"contentUrl\":\"https:\\\/\\\/secure.gravatar.com\\\/avatar\\\/731fa035cefab7316e6bafd1f25a93fb731a07de14e2d9923f8db4422628eabc?s=96&d=mm&r=g\",\"caption\":\"mkajic\"},\"sameAs\":[\"https:\\\/\\\/evropskakuca.me\"],\"url\":\"https:\\\/\\\/www.evropskakuca.me\\\/me\\\/author\\\/mkajic\\\/\"}]}<\/script>\n<!-- \/ Yoast SEO plugin. -->","yoast_head_json":{"title":"EU donirala novu za\u0161titnu medicinsku opremu za borbu protiv korona virusa - Europe House","robots":{"index":"index","follow":"follow","max-snippet":"max-snippet:-1","max-image-preview":"max-image-preview:large","max-video-preview":"max-video-preview:-1"},"canonical":"https:\/\/www.evropskakuca.me\/me\/eu-donirala-novu-zastitnu-medicinsku-opremu-za-borbu-protiv-korona-virusa\/","og_locale":"en_US","og_type":"article","og_title":"EU donirala novu za\u0161titnu medicinsku opremu za borbu protiv korona virusa - Europe House","og_description":"Njema\u010dka omogu\u0107ila prevoz 25 000 maski i 15 000 hirur\u0161kih odijela","og_url":"https:\/\/www.evropskakuca.me\/me\/eu-donirala-novu-zastitnu-medicinsku-opremu-za-borbu-protiv-korona-virusa\/","og_site_name":"Europe House","article_publisher":"https:\/\/www.facebook.com\/evropska.kuca","article_published_time":"2020-10-14T12:28:28+00:00","og_image":[{"url":"http:\/\/www.evropskakuca.me\/wp-content\/uploads\/2020\/10\/RescEU-oprema_14102020-2-sajt-1024x682.jpeg","type":"","width":"","height":""}],"author":"mkajic","twitter_card":"summary_large_image","twitter_creator":"@evropska_kuca","twitter_site":"@evropska_kuca","twitter_misc":{"Written by":"mkajic","Est. reading time":"1 minute"},"schema":{"@context":"https:\/\/schema.org","@graph":[{"@type":"Article","@id":"https:\/\/www.evropskakuca.me\/me\/eu-donirala-novu-zastitnu-medicinsku-opremu-za-borbu-protiv-korona-virusa\/#article","isPartOf":{"@id":"https:\/\/www.evropskakuca.me\/me\/eu-donirala-novu-zastitnu-medicinsku-opremu-za-borbu-protiv-korona-virusa\/"},"author":{"name":"mkajic","@id":"https:\/\/www.evropskakuca.me\/me\/#\/schema\/person\/a1d0dcdaefe4a1cd1d60d200ea137ba4"},"headline":"EU donirala novu za\u0161titnu medicinsku opremu za borbu protiv korona virusa","datePublished":"2020-10-14T12:28:28+00:00","mainEntityOfPage":{"@id":"https:\/\/www.evropskakuca.me\/me\/eu-donirala-novu-zastitnu-medicinsku-opremu-za-borbu-protiv-korona-virusa\/"},"wordCount":244,"publisher":{"@id":"https:\/\/www.evropskakuca.me\/me\/#organization"},"image":{"@id":"https:\/\/www.evropskakuca.me\/me\/eu-donirala-novu-zastitnu-medicinsku-opremu-za-borbu-protiv-korona-virusa\/#primaryimage"},"thumbnailUrl":"http:\/\/www.evropskakuca.me\/wp-content\/uploads\/2020\/10\/RescEU-oprema_14102020-2-sajt-1024x682.jpeg","articleSection":["Koronavirusa","Novosti"],"inLanguage":"me-ME"},{"@type":"WebPage","@id":"https:\/\/www.evropskakuca.me\/me\/eu-donirala-novu-zastitnu-medicinsku-opremu-za-borbu-protiv-korona-virusa\/","url":"https:\/\/www.evropskakuca.me\/me\/eu-donirala-novu-zastitnu-medicinsku-opremu-za-borbu-protiv-korona-virusa\/","name":"EU donirala novu za\u0161titnu medicinsku opremu za borbu protiv korona virusa - Europe House","isPartOf":{"@id":"https:\/\/www.evropskakuca.me\/me\/#website"},"primaryImageOfPage":{"@id":"https:\/\/www.evropskakuca.me\/me\/eu-donirala-novu-zastitnu-medicinsku-opremu-za-borbu-protiv-korona-virusa\/#primaryimage"},"image":{"@id":"https:\/\/www.evropskakuca.me\/me\/eu-donirala-novu-zastitnu-medicinsku-opremu-za-borbu-protiv-korona-virusa\/#primaryimage"},"thumbnailUrl":"http:\/\/www.evropskakuca.me\/wp-content\/uploads\/2020\/10\/RescEU-oprema_14102020-2-sajt-1024x682.jpeg","datePublished":"2020-10-14T12:28:28+00:00","breadcrumb":{"@id":"https:\/\/www.evropskakuca.me\/me\/eu-donirala-novu-zastitnu-medicinsku-opremu-za-borbu-protiv-korona-virusa\/#breadcrumb"},"inLanguage":"me-ME","potentialAction":[{"@type":"ReadAction","target":["https:\/\/www.evropskakuca.me\/me\/eu-donirala-novu-zastitnu-medicinsku-opremu-za-borbu-protiv-korona-virusa\/"]}]},{"@type":"ImageObject","inLanguage":"me-ME","@id":"https:\/\/www.evropskakuca.me\/me\/eu-donirala-novu-zastitnu-medicinsku-opremu-za-borbu-protiv-korona-virusa\/#primaryimage","url":"http:\/\/www.evropskakuca.me\/wp-content\/uploads\/2020\/10\/RescEU-oprema_14102020-2-sajt-1024x682.jpeg","contentUrl":"http:\/\/www.evropskakuca.me\/wp-content\/uploads\/2020\/10\/RescEU-oprema_14102020-2-sajt-1024x682.jpeg"},{"@type":"BreadcrumbList","@id":"https:\/\/www.evropskakuca.me\/me\/eu-donirala-novu-zastitnu-medicinsku-opremu-za-borbu-protiv-korona-virusa\/#breadcrumb","itemListElement":[{"@type":"ListItem","position":1,"name":"Home","item":"https:\/\/www.evropskakuca.me\/me\/"},{"@type":"ListItem","position":2,"name":"EU donirala novu za\u0161titnu medicinsku opremu za borbu protiv korona virusa"}]},{"@type":"WebSite","@id":"https:\/\/www.evropskakuca.me\/me\/#website","url":"https:\/\/www.evropskakuca.me\/me\/","name":"Evropean house","description":"","publisher":{"@id":"https:\/\/www.evropskakuca.me\/me\/#organization"},"potentialAction":[{"@type":"SearchAction","target":{"@type":"EntryPoint","urlTemplate":"https:\/\/www.evropskakuca.me\/me\/?s={search_term_string}"},"query-input":{"@type":"PropertyValueSpecification","valueRequired":true,"valueName":"search_term_string"}}],"inLanguage":"me-ME"},{"@type":"Organization","@id":"https:\/\/www.evropskakuca.me\/me\/#organization","name":"Evropean house","url":"https:\/\/www.evropskakuca.me\/me\/","logo":{"@type":"ImageObject","inLanguage":"me-ME","@id":"https:\/\/www.evropskakuca.me\/me\/#\/schema\/logo\/image\/","url":"https:\/\/www.evropskakuca.me\/wp-content\/uploads\/2025\/01\/evropska-kuca-logo-1.png","contentUrl":"https:\/\/www.evropskakuca.me\/wp-content\/uploads\/2025\/01\/evropska-kuca-logo-1.png","width":425,"height":312,"caption":"Evropean house"},"image":{"@id":"https:\/\/www.evropskakuca.me\/me\/#\/schema\/logo\/image\/"},"sameAs":["https:\/\/www.facebook.com\/evropska.kuca","https:\/\/x.com\/evropska_kuca","https:\/\/www.instagram.com\/evropska_kuca"]},{"@type":"Person","@id":"https:\/\/www.evropskakuca.me\/me\/#\/schema\/person\/a1d0dcdaefe4a1cd1d60d200ea137ba4","name":"mkajic","image":{"@type":"ImageObject","inLanguage":"me-ME","@id":"https:\/\/secure.gravatar.com\/avatar\/731fa035cefab7316e6bafd1f25a93fb731a07de14e2d9923f8db4422628eabc?s=96&d=mm&r=g","url":"https:\/\/secure.gravatar.com\/avatar\/731fa035cefab7316e6bafd1f25a93fb731a07de14e2d9923f8db4422628eabc?s=96&d=mm&r=g","contentUrl":"https:\/\/secure.gravatar.com\/avatar\/731fa035cefab7316e6bafd1f25a93fb731a07de14e2d9923f8db4422628eabc?s=96&d=mm&r=g","caption":"mkajic"},"sameAs":["https:\/\/evropskakuca.me"],"url":"https:\/\/www.evropskakuca.me\/me\/author\/mkajic\/"}]}},"_links":{"self":[{"href":"https:\/\/www.evropskakuca.me\/me\/wp-json\/wp\/v2\/posts\/10436","targetHints":{"allow":["GET"]}}],"collection":[{"href":"https:\/\/www.evropskakuca.me\/me\/wp-json\/wp\/v2\/posts"}],"about":[{"href":"https:\/\/www.evropskakuca.me\/me\/wp-json\/wp\/v2\/types\/post"}],"author":[{"embeddable":true,"href":"https:\/\/www.evropskakuca.me\/me\/wp-json\/wp\/v2\/users\/1"}],"replies":[{"embeddable":true,"href":"https:\/\/www.evropskakuca.me\/me\/wp-json\/wp\/v2\/comments?post=10436"}],"version-history":[{"count":0,"href":"https:\/\/www.evropskakuca.me\/me\/wp-json\/wp\/v2\/posts\/10436\/revisions"}],"wp:attachment":[{"href":"https:\/\/www.evropskakuca.me\/me\/wp-json\/wp\/v2\/media?parent=10436"}],"wp:term":[{"taxonomy":"category","embeddable":true,"href":"https:\/\/www.evropskakuca.me\/me\/wp-json\/wp\/v2\/categories?post=10436"},{"taxonomy":"post_tag","embeddable":true,"href":"https:\/\/www.evropskakuca.me\/me\/wp-json\/wp\/v2\/tags?post=10436"}],"curies":[{"name":"wp","href":"https:\/\/api.w.org\/{rel}","templated":true}]}}