{"id":10428,"date":"2020-10-13T16:39:13","date_gmt":"2020-10-13T16:39:13","guid":{"rendered":"http:\/\/www.evropskakuca.me\/?p=10428"},"modified":"2020-10-13T16:39:13","modified_gmt":"2020-10-13T16:39:13","slug":"eu-donirala-vrijednu-opremu-za-odbranu-od-prirodnih-katastrofa","status":"publish","type":"post","link":"https:\/\/www.evropskakuca.me\/me\/eu-donirala-vrijednu-opremu-za-odbranu-od-prirodnih-katastrofa\/","title":{"rendered":"EU donirala vrijednu opremu za odbranu od prirodnih katastrofa"},"content":{"rendered":"<p>Na Me\u0111unarodni dan smanjenja rizika od katastrofa, Crna Gora je od Evropske unije dobila opremu za za\u0161titu i spa\u0161avanje od po\u017eara,\u00a0 za mjerenje kvaliteta vode i za mjerenje protoka vode, kao i bespilotni vazduhoplov (dron). Oprema je nabavljena kroz EU projekat &#8211; 3 WATCH OUT &#8211; Trilateralni model civilne za\u0161tite: Putevi, instrumenti i izazovi za na\u0161u bezbjednost, koji se sprovodi u okviru IPA INTERREG Programa prekograni\u010dne saradnje izme\u0111u Italije, Crne Gore i Albanije.<\/p>\n<p>\u201eEU je postala najglasniji globalni akter u potenciranju\u00a0zelene agende, borbi protiv klimatskih promjena i sprje\u010davanju i ubla\u017eavanju katastrofa. EU tako\u0111e podr\u017eava projekte za ubla\u017eavanje rizika od prirodnih katastrofa u Crnoj Gori, a dala je svoj doprinos\u00a0u\u00a0projektu \u201e3 WATCH OUT\u201c sa skoro milion eura, unapre\u0111ujuc\u0301i kako\u00a0prekograni\u010dnu saradnju izme\u0111u tri dr\u017eave, tako i odgovor na stvarne potrebe gra\u0111ana u prekograni\u010dnim oblastima\u201c, poru\u010deno je iz Delegacije Evropske unije u Crnoj Gori.<\/p>\n<p><img fetchpriority=\"high\" decoding=\"async\" class=\"alignnone size-large wp-image-10431\" src=\"http:\/\/www.evropskakuca.me\/wp-content\/uploads\/2020\/10\/oprema-sajt-2-1024x683.jpg\" alt=\"\" width=\"1024\" height=\"683\" \/><\/p>\n<p>Tri zemlje, koje se suo\u010davaju sa prirodnim nepogodama, okupile su zajedni\u010dki tim\u00a0kako bi bolje\u00a0 odgovorile na izazove koji su pred njima.<\/p>\n<p>\u201eDanas smo imali priliku da vidimo kako tehni\u010dka pomo\u0107 mo\u017ee biti korisna, me\u0111utim, to je samo dio projekta, kojim \u0107e se izgraditi bolji kapaciteti i sposobnosti da zajedno djelujemo\u201c, istakao je\u00a0ambasador Italije u Crnoj Gori Luka Zelioli.<\/p>\n<p>Generalni direktor za vanredne situacije u MUP-u Mirsad Muli\u0107 je saop\u0161tio da ovaj projekat vi\u0161estruko zna\u010dajan za sistem za\u0161tite i spa\u0161avanja, jer doprinosi ja\u010danju kapaciteta u odgovoru na po\u017eare i poplave, a afirmi\u0161e i me\u0111uresorsku saradnju.<\/p>\n<p><img decoding=\"async\" class=\"alignnone size-large wp-image-10433\" src=\"http:\/\/www.evropskakuca.me\/wp-content\/uploads\/2020\/10\/oprema-sajt-3-1024x683.jpg\" alt=\"\" width=\"1024\" height=\"683\" \/><\/p>\n<p>\u201eBez organizovanog i sistemskog djelovanja nema efikasnog odgovora na elementarne i druge nepogode\u201c, istakao\u00a0 je Muli\u0107 i dodao \u201eMe\u0111unarodni dan smanjenja rizika od katastrofa je prilika da\u00a0uka\u017eemo da je potrebna odgovornost gra\u0111ana, ali i svih subjekata u dru\u0161tvu kako bi zajedni\u010dki doprinijeli smanjenju\u00a0 opasnosti od pojave prirodnih i drugih nepogoda.\u201c<\/p>\n<p>Direktor Zavoda za hidrometeorologiju i seizmologiju Crne Gore, <strong>Luka Mitrovi\u0107<\/strong> je saop\u0161tio\u00a0da \u0107e se sa ovom opremom unaprijediti sistem monitoringa i procjene rizika od poplava , te dobijati najnovije informacije na dijelu Bojane i na podru\u010dju Skadarskog jezera. \u201cOvi podaci\u00a0 su neophodni u sistemu rane najave upravo Direktoratu za vanredne situacije MUP-a i svim slu\u017ebama za\u0161tite da na pravi na\u010din reaguju\u201c, naglasio je Mitrovi\u0107.<\/p>\n<p><strong>Du\u0161an Raspopovi\u0107<\/strong> se ispred Agencije za za\u0161titu prirode i za\u0161titu \u017eivotne sredine zahvalio na donaciji i istakao da predstavlja iskorak u kontroli i analizi prije i nakon eventualnih katastrofa do kojih dolazi usljed promjena klime i ljudskog faktora na na\u0161em podru\u010dju. \u201eDron koji je dobila Agencija \u0107e poslu\u017eiti za kontrolu i prevenciju u NP Skadarsko jezero i NP Lov\u0107en, a bi\u0107e od velike pomo\u0107i i prilikom kontrole i analize, ako do\u0111e do opo\u017earenih podru\u010dja\u201c, naveo je Raspopovi\u0107.<\/p>\n","protected":false},"excerpt":{"rendered":"<p>Obilje\u017een Me\u0111unarodni dan smanjenja rizika od katastrofa<\/p>\n","protected":false},"author":1,"featured_media":35696,"comment_status":"closed","ping_status":"closed","sticky":false,"template":"","format":"standard","meta":{"_acf_changed":false,"footnotes":""},"categories":[283],"tags":[],"class_list":["post-10428","post","type-post","status-publish","format-standard","has-post-thumbnail","hentry","category-novosti-me"],"acf":[],"yoast_head":"<!-- This site is optimized with the Yoast SEO plugin v27.3 - https:\/\/yoast.com\/product\/yoast-seo-wordpress\/ -->\n<title>EU donirala vrijednu opremu za odbranu od prirodnih katastrofa - Europe House<\/title>\n<meta name=\"robots\" content=\"index, follow, max-snippet:-1, max-image-preview:large, max-video-preview:-1\" \/>\n<link rel=\"canonical\" href=\"https:\/\/www.evropskakuca.me\/me\/eu-donirala-vrijednu-opremu-za-odbranu-od-prirodnih-katastrofa\/\" \/>\n<meta property=\"og:locale\" content=\"en_US\" \/>\n<meta property=\"og:type\" content=\"article\" \/>\n<meta property=\"og:title\" content=\"EU donirala vrijednu opremu za odbranu od prirodnih katastrofa - Europe House\" \/>\n<meta property=\"og:description\" content=\"Obilje\u017een Me\u0111unarodni dan smanjenja rizika od katastrofa\" \/>\n<meta property=\"og:url\" content=\"https:\/\/www.evropskakuca.me\/me\/eu-donirala-vrijednu-opremu-za-odbranu-od-prirodnih-katastrofa\/\" \/>\n<meta property=\"og:site_name\" content=\"Europe House\" \/>\n<meta property=\"article:publisher\" content=\"https:\/\/www.facebook.com\/evropska.kuca\" \/>\n<meta property=\"article:published_time\" content=\"2020-10-13T16:39:13+00:00\" \/>\n<meta property=\"og:image\" content=\"https:\/\/www.evropskakuca.me\/wp-content\/uploads\/2020\/10\/oprema-sajt-1.jpg\" \/>\n\t<meta property=\"og:image:width\" content=\"1731\" \/>\n\t<meta property=\"og:image:height\" content=\"1154\" \/>\n\t<meta property=\"og:image:type\" content=\"image\/jpeg\" \/>\n<meta name=\"author\" content=\"mkajic\" \/>\n<meta name=\"twitter:card\" content=\"summary_large_image\" \/>\n<meta name=\"twitter:creator\" content=\"@evropska_kuca\" \/>\n<meta name=\"twitter:site\" content=\"@evropska_kuca\" \/>\n<meta name=\"twitter:label1\" content=\"Written by\" \/>\n\t<meta name=\"twitter:data1\" content=\"mkajic\" \/>\n\t<meta name=\"twitter:label2\" content=\"Est. reading time\" \/>\n\t<meta name=\"twitter:data2\" content=\"2 minutes\" \/>\n<script type=\"application\/ld+json\" class=\"yoast-schema-graph\">{\"@context\":\"https:\\\/\\\/schema.org\",\"@graph\":[{\"@type\":\"Article\",\"@id\":\"https:\\\/\\\/www.evropskakuca.me\\\/me\\\/eu-donirala-vrijednu-opremu-za-odbranu-od-prirodnih-katastrofa\\\/#article\",\"isPartOf\":{\"@id\":\"https:\\\/\\\/www.evropskakuca.me\\\/me\\\/eu-donirala-vrijednu-opremu-za-odbranu-od-prirodnih-katastrofa\\\/\"},\"author\":{\"name\":\"mkajic\",\"@id\":\"https:\\\/\\\/www.evropskakuca.me\\\/me\\\/#\\\/schema\\\/person\\\/a1d0dcdaefe4a1cd1d60d200ea137ba4\"},\"headline\":\"EU donirala vrijednu opremu za odbranu od prirodnih katastrofa\",\"datePublished\":\"2020-10-13T16:39:13+00:00\",\"mainEntityOfPage\":{\"@id\":\"https:\\\/\\\/www.evropskakuca.me\\\/me\\\/eu-donirala-vrijednu-opremu-za-odbranu-od-prirodnih-katastrofa\\\/\"},\"wordCount\":497,\"publisher\":{\"@id\":\"https:\\\/\\\/www.evropskakuca.me\\\/me\\\/#organization\"},\"image\":{\"@id\":\"https:\\\/\\\/www.evropskakuca.me\\\/me\\\/eu-donirala-vrijednu-opremu-za-odbranu-od-prirodnih-katastrofa\\\/#primaryimage\"},\"thumbnailUrl\":\"https:\\\/\\\/www.evropskakuca.me\\\/wp-content\\\/uploads\\\/2020\\\/10\\\/oprema-sajt-1.jpg\",\"articleSection\":[\"Novosti\"],\"inLanguage\":\"me-ME\"},{\"@type\":\"WebPage\",\"@id\":\"https:\\\/\\\/www.evropskakuca.me\\\/me\\\/eu-donirala-vrijednu-opremu-za-odbranu-od-prirodnih-katastrofa\\\/\",\"url\":\"https:\\\/\\\/www.evropskakuca.me\\\/me\\\/eu-donirala-vrijednu-opremu-za-odbranu-od-prirodnih-katastrofa\\\/\",\"name\":\"EU donirala vrijednu opremu za odbranu od prirodnih katastrofa - Europe House\",\"isPartOf\":{\"@id\":\"https:\\\/\\\/www.evropskakuca.me\\\/me\\\/#website\"},\"primaryImageOfPage\":{\"@id\":\"https:\\\/\\\/www.evropskakuca.me\\\/me\\\/eu-donirala-vrijednu-opremu-za-odbranu-od-prirodnih-katastrofa\\\/#primaryimage\"},\"image\":{\"@id\":\"https:\\\/\\\/www.evropskakuca.me\\\/me\\\/eu-donirala-vrijednu-opremu-za-odbranu-od-prirodnih-katastrofa\\\/#primaryimage\"},\"thumbnailUrl\":\"https:\\\/\\\/www.evropskakuca.me\\\/wp-content\\\/uploads\\\/2020\\\/10\\\/oprema-sajt-1.jpg\",\"datePublished\":\"2020-10-13T16:39:13+00:00\",\"breadcrumb\":{\"@id\":\"https:\\\/\\\/www.evropskakuca.me\\\/me\\\/eu-donirala-vrijednu-opremu-za-odbranu-od-prirodnih-katastrofa\\\/#breadcrumb\"},\"inLanguage\":\"me-ME\",\"potentialAction\":[{\"@type\":\"ReadAction\",\"target\":[\"https:\\\/\\\/www.evropskakuca.me\\\/me\\\/eu-donirala-vrijednu-opremu-za-odbranu-od-prirodnih-katastrofa\\\/\"]}]},{\"@type\":\"ImageObject\",\"inLanguage\":\"me-ME\",\"@id\":\"https:\\\/\\\/www.evropskakuca.me\\\/me\\\/eu-donirala-vrijednu-opremu-za-odbranu-od-prirodnih-katastrofa\\\/#primaryimage\",\"url\":\"https:\\\/\\\/www.evropskakuca.me\\\/wp-content\\\/uploads\\\/2020\\\/10\\\/oprema-sajt-1.jpg\",\"contentUrl\":\"https:\\\/\\\/www.evropskakuca.me\\\/wp-content\\\/uploads\\\/2020\\\/10\\\/oprema-sajt-1.jpg\",\"width\":1731,\"height\":1154},{\"@type\":\"BreadcrumbList\",\"@id\":\"https:\\\/\\\/www.evropskakuca.me\\\/me\\\/eu-donirala-vrijednu-opremu-za-odbranu-od-prirodnih-katastrofa\\\/#breadcrumb\",\"itemListElement\":[{\"@type\":\"ListItem\",\"position\":1,\"name\":\"Home\",\"item\":\"https:\\\/\\\/www.evropskakuca.me\\\/me\\\/\"},{\"@type\":\"ListItem\",\"position\":2,\"name\":\"EU donirala vrijednu opremu za odbranu od prirodnih katastrofa\"}]},{\"@type\":\"WebSite\",\"@id\":\"https:\\\/\\\/www.evropskakuca.me\\\/me\\\/#website\",\"url\":\"https:\\\/\\\/www.evropskakuca.me\\\/me\\\/\",\"name\":\"Evropean house\",\"description\":\"\",\"publisher\":{\"@id\":\"https:\\\/\\\/www.evropskakuca.me\\\/me\\\/#organization\"},\"potentialAction\":[{\"@type\":\"SearchAction\",\"target\":{\"@type\":\"EntryPoint\",\"urlTemplate\":\"https:\\\/\\\/www.evropskakuca.me\\\/me\\\/?s={search_term_string}\"},\"query-input\":{\"@type\":\"PropertyValueSpecification\",\"valueRequired\":true,\"valueName\":\"search_term_string\"}}],\"inLanguage\":\"me-ME\"},{\"@type\":\"Organization\",\"@id\":\"https:\\\/\\\/www.evropskakuca.me\\\/me\\\/#organization\",\"name\":\"Evropean house\",\"url\":\"https:\\\/\\\/www.evropskakuca.me\\\/me\\\/\",\"logo\":{\"@type\":\"ImageObject\",\"inLanguage\":\"me-ME\",\"@id\":\"https:\\\/\\\/www.evropskakuca.me\\\/me\\\/#\\\/schema\\\/logo\\\/image\\\/\",\"url\":\"https:\\\/\\\/www.evropskakuca.me\\\/wp-content\\\/uploads\\\/2025\\\/01\\\/evropska-kuca-logo-1.png\",\"contentUrl\":\"https:\\\/\\\/www.evropskakuca.me\\\/wp-content\\\/uploads\\\/2025\\\/01\\\/evropska-kuca-logo-1.png\",\"width\":425,\"height\":312,\"caption\":\"Evropean house\"},\"image\":{\"@id\":\"https:\\\/\\\/www.evropskakuca.me\\\/me\\\/#\\\/schema\\\/logo\\\/image\\\/\"},\"sameAs\":[\"https:\\\/\\\/www.facebook.com\\\/evropska.kuca\",\"https:\\\/\\\/x.com\\\/evropska_kuca\",\"https:\\\/\\\/www.instagram.com\\\/evropska_kuca\"]},{\"@type\":\"Person\",\"@id\":\"https:\\\/\\\/www.evropskakuca.me\\\/me\\\/#\\\/schema\\\/person\\\/a1d0dcdaefe4a1cd1d60d200ea137ba4\",\"name\":\"mkajic\",\"image\":{\"@type\":\"ImageObject\",\"inLanguage\":\"me-ME\",\"@id\":\"https:\\\/\\\/secure.gravatar.com\\\/avatar\\\/731fa035cefab7316e6bafd1f25a93fb731a07de14e2d9923f8db4422628eabc?s=96&d=mm&r=g\",\"url\":\"https:\\\/\\\/secure.gravatar.com\\\/avatar\\\/731fa035cefab7316e6bafd1f25a93fb731a07de14e2d9923f8db4422628eabc?s=96&d=mm&r=g\",\"contentUrl\":\"https:\\\/\\\/secure.gravatar.com\\\/avatar\\\/731fa035cefab7316e6bafd1f25a93fb731a07de14e2d9923f8db4422628eabc?s=96&d=mm&r=g\",\"caption\":\"mkajic\"},\"sameAs\":[\"https:\\\/\\\/evropskakuca.me\"],\"url\":\"https:\\\/\\\/www.evropskakuca.me\\\/me\\\/author\\\/mkajic\\\/\"}]}<\/script>\n<!-- \/ Yoast SEO plugin. -->","yoast_head_json":{"title":"EU donirala vrijednu opremu za odbranu od prirodnih katastrofa - Europe House","robots":{"index":"index","follow":"follow","max-snippet":"max-snippet:-1","max-image-preview":"max-image-preview:large","max-video-preview":"max-video-preview:-1"},"canonical":"https:\/\/www.evropskakuca.me\/me\/eu-donirala-vrijednu-opremu-za-odbranu-od-prirodnih-katastrofa\/","og_locale":"en_US","og_type":"article","og_title":"EU donirala vrijednu opremu za odbranu od prirodnih katastrofa - Europe House","og_description":"Obilje\u017een Me\u0111unarodni dan smanjenja rizika od katastrofa","og_url":"https:\/\/www.evropskakuca.me\/me\/eu-donirala-vrijednu-opremu-za-odbranu-od-prirodnih-katastrofa\/","og_site_name":"Europe House","article_publisher":"https:\/\/www.facebook.com\/evropska.kuca","article_published_time":"2020-10-13T16:39:13+00:00","og_image":[{"width":1731,"height":1154,"url":"https:\/\/www.evropskakuca.me\/wp-content\/uploads\/2020\/10\/oprema-sajt-1.jpg","type":"image\/jpeg"}],"author":"mkajic","twitter_card":"summary_large_image","twitter_creator":"@evropska_kuca","twitter_site":"@evropska_kuca","twitter_misc":{"Written by":"mkajic","Est. reading time":"2 minutes"},"schema":{"@context":"https:\/\/schema.org","@graph":[{"@type":"Article","@id":"https:\/\/www.evropskakuca.me\/me\/eu-donirala-vrijednu-opremu-za-odbranu-od-prirodnih-katastrofa\/#article","isPartOf":{"@id":"https:\/\/www.evropskakuca.me\/me\/eu-donirala-vrijednu-opremu-za-odbranu-od-prirodnih-katastrofa\/"},"author":{"name":"mkajic","@id":"https:\/\/www.evropskakuca.me\/me\/#\/schema\/person\/a1d0dcdaefe4a1cd1d60d200ea137ba4"},"headline":"EU donirala vrijednu opremu za odbranu od prirodnih katastrofa","datePublished":"2020-10-13T16:39:13+00:00","mainEntityOfPage":{"@id":"https:\/\/www.evropskakuca.me\/me\/eu-donirala-vrijednu-opremu-za-odbranu-od-prirodnih-katastrofa\/"},"wordCount":497,"publisher":{"@id":"https:\/\/www.evropskakuca.me\/me\/#organization"},"image":{"@id":"https:\/\/www.evropskakuca.me\/me\/eu-donirala-vrijednu-opremu-za-odbranu-od-prirodnih-katastrofa\/#primaryimage"},"thumbnailUrl":"https:\/\/www.evropskakuca.me\/wp-content\/uploads\/2020\/10\/oprema-sajt-1.jpg","articleSection":["Novosti"],"inLanguage":"me-ME"},{"@type":"WebPage","@id":"https:\/\/www.evropskakuca.me\/me\/eu-donirala-vrijednu-opremu-za-odbranu-od-prirodnih-katastrofa\/","url":"https:\/\/www.evropskakuca.me\/me\/eu-donirala-vrijednu-opremu-za-odbranu-od-prirodnih-katastrofa\/","name":"EU donirala vrijednu opremu za odbranu od prirodnih katastrofa - Europe House","isPartOf":{"@id":"https:\/\/www.evropskakuca.me\/me\/#website"},"primaryImageOfPage":{"@id":"https:\/\/www.evropskakuca.me\/me\/eu-donirala-vrijednu-opremu-za-odbranu-od-prirodnih-katastrofa\/#primaryimage"},"image":{"@id":"https:\/\/www.evropskakuca.me\/me\/eu-donirala-vrijednu-opremu-za-odbranu-od-prirodnih-katastrofa\/#primaryimage"},"thumbnailUrl":"https:\/\/www.evropskakuca.me\/wp-content\/uploads\/2020\/10\/oprema-sajt-1.jpg","datePublished":"2020-10-13T16:39:13+00:00","breadcrumb":{"@id":"https:\/\/www.evropskakuca.me\/me\/eu-donirala-vrijednu-opremu-za-odbranu-od-prirodnih-katastrofa\/#breadcrumb"},"inLanguage":"me-ME","potentialAction":[{"@type":"ReadAction","target":["https:\/\/www.evropskakuca.me\/me\/eu-donirala-vrijednu-opremu-za-odbranu-od-prirodnih-katastrofa\/"]}]},{"@type":"ImageObject","inLanguage":"me-ME","@id":"https:\/\/www.evropskakuca.me\/me\/eu-donirala-vrijednu-opremu-za-odbranu-od-prirodnih-katastrofa\/#primaryimage","url":"https:\/\/www.evropskakuca.me\/wp-content\/uploads\/2020\/10\/oprema-sajt-1.jpg","contentUrl":"https:\/\/www.evropskakuca.me\/wp-content\/uploads\/2020\/10\/oprema-sajt-1.jpg","width":1731,"height":1154},{"@type":"BreadcrumbList","@id":"https:\/\/www.evropskakuca.me\/me\/eu-donirala-vrijednu-opremu-za-odbranu-od-prirodnih-katastrofa\/#breadcrumb","itemListElement":[{"@type":"ListItem","position":1,"name":"Home","item":"https:\/\/www.evropskakuca.me\/me\/"},{"@type":"ListItem","position":2,"name":"EU donirala vrijednu opremu za odbranu od prirodnih katastrofa"}]},{"@type":"WebSite","@id":"https:\/\/www.evropskakuca.me\/me\/#website","url":"https:\/\/www.evropskakuca.me\/me\/","name":"Evropean house","description":"","publisher":{"@id":"https:\/\/www.evropskakuca.me\/me\/#organization"},"potentialAction":[{"@type":"SearchAction","target":{"@type":"EntryPoint","urlTemplate":"https:\/\/www.evropskakuca.me\/me\/?s={search_term_string}"},"query-input":{"@type":"PropertyValueSpecification","valueRequired":true,"valueName":"search_term_string"}}],"inLanguage":"me-ME"},{"@type":"Organization","@id":"https:\/\/www.evropskakuca.me\/me\/#organization","name":"Evropean house","url":"https:\/\/www.evropskakuca.me\/me\/","logo":{"@type":"ImageObject","inLanguage":"me-ME","@id":"https:\/\/www.evropskakuca.me\/me\/#\/schema\/logo\/image\/","url":"https:\/\/www.evropskakuca.me\/wp-content\/uploads\/2025\/01\/evropska-kuca-logo-1.png","contentUrl":"https:\/\/www.evropskakuca.me\/wp-content\/uploads\/2025\/01\/evropska-kuca-logo-1.png","width":425,"height":312,"caption":"Evropean house"},"image":{"@id":"https:\/\/www.evropskakuca.me\/me\/#\/schema\/logo\/image\/"},"sameAs":["https:\/\/www.facebook.com\/evropska.kuca","https:\/\/x.com\/evropska_kuca","https:\/\/www.instagram.com\/evropska_kuca"]},{"@type":"Person","@id":"https:\/\/www.evropskakuca.me\/me\/#\/schema\/person\/a1d0dcdaefe4a1cd1d60d200ea137ba4","name":"mkajic","image":{"@type":"ImageObject","inLanguage":"me-ME","@id":"https:\/\/secure.gravatar.com\/avatar\/731fa035cefab7316e6bafd1f25a93fb731a07de14e2d9923f8db4422628eabc?s=96&d=mm&r=g","url":"https:\/\/secure.gravatar.com\/avatar\/731fa035cefab7316e6bafd1f25a93fb731a07de14e2d9923f8db4422628eabc?s=96&d=mm&r=g","contentUrl":"https:\/\/secure.gravatar.com\/avatar\/731fa035cefab7316e6bafd1f25a93fb731a07de14e2d9923f8db4422628eabc?s=96&d=mm&r=g","caption":"mkajic"},"sameAs":["https:\/\/evropskakuca.me"],"url":"https:\/\/www.evropskakuca.me\/me\/author\/mkajic\/"}]}},"_links":{"self":[{"href":"https:\/\/www.evropskakuca.me\/me\/wp-json\/wp\/v2\/posts\/10428","targetHints":{"allow":["GET"]}}],"collection":[{"href":"https:\/\/www.evropskakuca.me\/me\/wp-json\/wp\/v2\/posts"}],"about":[{"href":"https:\/\/www.evropskakuca.me\/me\/wp-json\/wp\/v2\/types\/post"}],"author":[{"embeddable":true,"href":"https:\/\/www.evropskakuca.me\/me\/wp-json\/wp\/v2\/users\/1"}],"replies":[{"embeddable":true,"href":"https:\/\/www.evropskakuca.me\/me\/wp-json\/wp\/v2\/comments?post=10428"}],"version-history":[{"count":0,"href":"https:\/\/www.evropskakuca.me\/me\/wp-json\/wp\/v2\/posts\/10428\/revisions"}],"wp:featuredmedia":[{"embeddable":true,"href":"https:\/\/www.evropskakuca.me\/me\/wp-json\/wp\/v2\/media\/35696"}],"wp:attachment":[{"href":"https:\/\/www.evropskakuca.me\/me\/wp-json\/wp\/v2\/media?parent=10428"}],"wp:term":[{"taxonomy":"category","embeddable":true,"href":"https:\/\/www.evropskakuca.me\/me\/wp-json\/wp\/v2\/categories?post=10428"},{"taxonomy":"post_tag","embeddable":true,"href":"https:\/\/www.evropskakuca.me\/me\/wp-json\/wp\/v2\/tags?post=10428"}],"curies":[{"name":"wp","href":"https:\/\/api.w.org\/{rel}","templated":true}]}}