{"id":10410,"date":"2020-09-20T11:59:50","date_gmt":"2020-09-20T11:59:50","guid":{"rendered":"http:\/\/www.evropskakuca.me\/?p=10410"},"modified":"2020-09-20T11:59:50","modified_gmt":"2020-09-20T11:59:50","slug":"evropski-dan-ciscenja-obala","status":"publish","type":"post","link":"https:\/\/www.evropskakuca.me\/me\/evropski-dan-ciscenja-obala\/","title":{"rendered":"Evropski dan \u010di\u0161\u0107enja obala"},"content":{"rendered":"<p>Nekoliko stotina aktivista i volontera okupilo se \u0161irom Crne Gore povodom Evropskog i Me\u0111unarodnog dana \u010di\u0161\u0107enja obala. Odazvali su se pozivu NVO Zero Waste i Na\u0161a Akcija koje su pod pokroviteljstvom Delegacije Evropske unije u Crnoj Gori i EU Info Centra organizovale akcije \u010di\u0161\u0107enja crnogorskih obala od nagomilanog otpada. Ove akcije organizuju se \u010detvrti put zaredom u Crnoj Gori i sti\u010de se utisak da je sve vi\u0161e u\u010desnika. Volonteri i volonterke, uz po\u0161tovanje mjera NKT-a, sakupljali su otpad u dvije kategorije &#8211; plastiku i sve ostalo. Akcije \u010di\u0161c\u0301enja odr\u017eane su u sva tri crnogorska regiona.<\/p>\n<p><img fetchpriority=\"high\" decoding=\"async\" class=\"alignnone size-large wp-image-10413\" src=\"http:\/\/www.evropskakuca.me\/wp-content\/uploads\/2020\/10\/119911835_3112678378854125_50962450067757619_o-1024x683.jpg\" alt=\"\" width=\"1024\" height=\"683\" \/><\/p>\n<p>\u201cIz godine u godinu, zabrinjava nas stanje koje zati\u010demo na na\u0161im pla\u017eama, rijekama i jezerima. Na svim lokalitetima koji su se \u010distili ove godine, bio je prisutan veliki broj predmeta od plastike za jednokratnu upotrebu koja ima negativni uticaj na morski ekosistem i indirektni negativni uticaj na ljudsko zdravlje. Na Adi Bojani, i lijeva i desna obala rijeke su prepune sme\u0107a, a tu je elitno turisti\u010dko naselje. Sve ovo na\u017ealost \u0161alje sliku o lo\u0161em stanju upravljanja otpadom na nivou dr\u017eave.\u201d kazala je Marina Tomovi\u0107, izvr\u0161na direktorica NVO Zero Waste Montenegro.<\/p>\n<p>Preko stotinu aktivista i volontera je na nekoliko lokacija na Adi Bojani i Velikoj pla\u017ei u Ulcinju sakupilo 220 vre\u0107a otpada. Na pla\u017ei Maljevik u Baru, grupa od 35 volontera je sakupila 150 vre\u0107a otpada \u010diste\u0107i pla\u017eu i prilazni put. Na Barskoj gradskoj pla\u017ei, grupa od 15 volontera je sakupila 8 vre\u0107a otpada. Na Plavim Horizontima, NVO Na\u0161a akcija sa 34 volontera sakupila je 160 vre\u0107a otpada a na Kra\u0161i\u0107ima 23 volontera je sakupilo 100 vre\u0107a otpada. U Herceg Novom na Lu\u0161tici, NVO Ne bacajte Boce i grupa od 20 volontera sakupili su 60 vre\u0107a otpada, uklju\u010duju\u0107i kabasti otpad, stare fri\u017eidere, stara vrata, morski otpad i gume sa podmorja. Grupa od 8 ronilaca je sakupila jedan kontejner otpada sa podmorja uklju\u010duju\u0107i gume, \u017eeljezo, gra\u0111evinski i sitni otpad.<\/p>\n<p><img decoding=\"async\" class=\"alignnone size-large wp-image-10415\" src=\"http:\/\/www.evropskakuca.me\/wp-content\/uploads\/2020\/10\/120014828_3112678458854117_3494432312523009882_o-1024x683.jpg\" alt=\"\" width=\"1024\" height=\"683\" \/><\/p>\n<p>\u201cAkcije ovog tipa su veoma va\u017ene za podizanje svijesti gra\u0111ana i ujedno i slu\u017ee da se oja\u010da\u00a0 dru\u0161tvena odgovornost pojednaca koji zajedno mogu imati veliki uticaj. Preko 10 na\u0161ih partnera na lokalnom nivou je koordinisalo akcije \u0161irom zemlje, i veoma smo im zahvalni na podr\u0161ci. Tako\u0111e, javna preduze\u0107a i op\u0161tine kao i brojni sponzori su zna\u010dajno podr\u017eali lokalne akcije i dali podr\u0161ku na terenu.\u201d kazala je Milica Boca iz NVO Ne bacajte boce<\/p>\n<p>U Nik\u0161i\u0107u, na jezeru Krupac, \u010dlanovi Ekolo\u0161kog pokreta Ozon i 15 volontera sakupili su 25 vre\u0107a otpada. U Podgorici je 15 volontera\u00a0 \u010distilo obale rijeke Zete u naselju Rogami. U Bijelom Polju, NVO Multimedijal MNE na lokaciji ostrva Sinjavac sa grupom od 40 volontera je sakupila 20 vre\u0107a otpada. Na drugoj lokaciji, izvori\u0161tu rijeke Lje\u0161nice desetak volontera uz kooridinaciju turisti\u010dke agencije Balcanica je sakupilo 20 vre\u0107a otpada. \u00a0U Beranama, S.R.K Lim sa 18 volontera je uspio sakupiti 2 kamiona otpada du\u017einom od 3km uz rijeku Lim. Na lokaciji u blizini naselja Hareme, 16 volontera i 7 radnika komunalnog preduze\u0107a su \u010distili divlju deponiju koja se na tom mjestu nalazila i sakupili preko 2 tone otpada uklju\u010duju\u0107i i kamion gra\u0111evinskog otpada.<\/p>\n<p><img decoding=\"async\" class=\"alignnone size-large wp-image-10417\" src=\"http:\/\/www.evropskakuca.me\/wp-content\/uploads\/2020\/10\/119943172_3112676455520984_1415446780605239288_o-1024x683.jpg\" alt=\"\" width=\"1024\" height=\"683\" \/><\/p>\n<p>\u201c\u010cetvrtu godinu zaredom Delegacija EU u Crnoj Gori i EU Info Centar pru\u017eaju punu podr\u0161ku ovoj ali i svim drugim sli\u010dnim akcijama. Raduje nas \u0161to iz godine u godinu bilje\u017eimo sve ve\u0107i broj onih koji su spremni da se uklju\u010de da zajedno o\u010distimo makar jedan dio svojeg okru\u017eenja. Ono \u0161to zabrinjava je \u010dinjenica da se koli\u010dina otpada koju sakupljamo ne smanjuje. Zato je potrebno ne samo organizovati ave akcije obilje\u017eavaju\u0107i Evropski Dan \u010di\u0161\u0107enja obala ve\u0107 to treba \u010diniti svaki dan.\u201cporu\u010dili su iz EU Info Centra.<\/p>\n<p>U Bijelom Polju, NVO Multimedia MNE na lokaciji ostrva Sinjavac, sa grupom od 40 dobrovoljaca, sakupila je 20 vrec\u0301a otpada. Na drugoj lokaciji, na izvoru reke Lje\u0161nice, desetak dobrovoljaca sakupilo je 20 vrec\u0301a otpada. U Pljevljima je dvadesetak dobrovoljaca o\u010distilo obale rijeke \u010cehotine. Projektni timovi c\u0301e &#8211; zajedno sa podacima revizije &#8211; pripremiti detaljan izve\u0161taj o situaciji na ovim lokacijama i prona\u0111enom otpadu.<\/p>\n<p>&nbsp;<\/p>\n","protected":false},"excerpt":{"rendered":"<p>Na crnogorskim obalama sakupljena ogromna koli\u010dina otpada <\/p>\n","protected":false},"author":1,"featured_media":35654,"comment_status":"closed","ping_status":"closed","sticky":false,"template":"","format":"standard","meta":{"_acf_changed":false,"footnotes":""},"categories":[285,283,2],"tags":[],"class_list":["post-10410","post","type-post","status-publish","format-standard","has-post-thumbnail","hentry","category-kampanje-i-eventi","category-novosti-me","category-uncategorized-me"],"acf":[],"yoast_head":"<!-- This site is optimized with the Yoast SEO plugin v27.3 - https:\/\/yoast.com\/product\/yoast-seo-wordpress\/ -->\n<title>Evropski dan \u010di\u0161\u0107enja obala - Europe House<\/title>\n<meta name=\"robots\" content=\"index, follow, max-snippet:-1, max-image-preview:large, max-video-preview:-1\" \/>\n<link rel=\"canonical\" href=\"https:\/\/www.evropskakuca.me\/me\/evropski-dan-ciscenja-obala\/\" \/>\n<meta property=\"og:locale\" content=\"en_US\" \/>\n<meta property=\"og:type\" content=\"article\" \/>\n<meta property=\"og:title\" content=\"Evropski dan \u010di\u0161\u0107enja obala - Europe House\" \/>\n<meta property=\"og:description\" content=\"Na crnogorskim obalama sakupljena ogromna koli\u010dina otpada\" \/>\n<meta property=\"og:url\" content=\"https:\/\/www.evropskakuca.me\/me\/evropski-dan-ciscenja-obala\/\" \/>\n<meta property=\"og:site_name\" content=\"Europe House\" \/>\n<meta property=\"article:publisher\" content=\"https:\/\/www.facebook.com\/evropska.kuca\" \/>\n<meta property=\"article:published_time\" content=\"2020-09-20T11:59:50+00:00\" \/>\n<meta property=\"og:image\" content=\"https:\/\/www.evropskakuca.me\/wp-content\/uploads\/2020\/10\/119884965_3112676505520979_664462403828126581_o.jpg\" \/>\n\t<meta property=\"og:image:width\" content=\"1875\" \/>\n\t<meta property=\"og:image:height\" content=\"1250\" \/>\n\t<meta property=\"og:image:type\" content=\"image\/jpeg\" \/>\n<meta name=\"author\" content=\"mkajic\" \/>\n<meta name=\"twitter:card\" content=\"summary_large_image\" \/>\n<meta name=\"twitter:creator\" content=\"@evropska_kuca\" \/>\n<meta name=\"twitter:site\" content=\"@evropska_kuca\" \/>\n<meta name=\"twitter:label1\" content=\"Written by\" \/>\n\t<meta name=\"twitter:data1\" content=\"mkajic\" \/>\n\t<meta name=\"twitter:label2\" content=\"Est. reading time\" \/>\n\t<meta name=\"twitter:data2\" content=\"4 minutes\" \/>\n<script type=\"application\/ld+json\" class=\"yoast-schema-graph\">{\"@context\":\"https:\\\/\\\/schema.org\",\"@graph\":[{\"@type\":\"Article\",\"@id\":\"https:\\\/\\\/www.evropskakuca.me\\\/me\\\/evropski-dan-ciscenja-obala\\\/#article\",\"isPartOf\":{\"@id\":\"https:\\\/\\\/www.evropskakuca.me\\\/me\\\/evropski-dan-ciscenja-obala\\\/\"},\"author\":{\"name\":\"mkajic\",\"@id\":\"https:\\\/\\\/www.evropskakuca.me\\\/me\\\/#\\\/schema\\\/person\\\/a1d0dcdaefe4a1cd1d60d200ea137ba4\"},\"headline\":\"Evropski dan \u010di\u0161\u0107enja obala\",\"datePublished\":\"2020-09-20T11:59:50+00:00\",\"mainEntityOfPage\":{\"@id\":\"https:\\\/\\\/www.evropskakuca.me\\\/me\\\/evropski-dan-ciscenja-obala\\\/\"},\"wordCount\":723,\"publisher\":{\"@id\":\"https:\\\/\\\/www.evropskakuca.me\\\/me\\\/#organization\"},\"image\":{\"@id\":\"https:\\\/\\\/www.evropskakuca.me\\\/me\\\/evropski-dan-ciscenja-obala\\\/#primaryimage\"},\"thumbnailUrl\":\"https:\\\/\\\/www.evropskakuca.me\\\/wp-content\\\/uploads\\\/2020\\\/10\\\/119884965_3112676505520979_664462403828126581_o.jpg\",\"articleSection\":[\"Kampanje i eventi\",\"Novosti\",\"Uncategorized @me\"],\"inLanguage\":\"me-ME\"},{\"@type\":\"WebPage\",\"@id\":\"https:\\\/\\\/www.evropskakuca.me\\\/me\\\/evropski-dan-ciscenja-obala\\\/\",\"url\":\"https:\\\/\\\/www.evropskakuca.me\\\/me\\\/evropski-dan-ciscenja-obala\\\/\",\"name\":\"Evropski dan \u010di\u0161\u0107enja obala - Europe House\",\"isPartOf\":{\"@id\":\"https:\\\/\\\/www.evropskakuca.me\\\/me\\\/#website\"},\"primaryImageOfPage\":{\"@id\":\"https:\\\/\\\/www.evropskakuca.me\\\/me\\\/evropski-dan-ciscenja-obala\\\/#primaryimage\"},\"image\":{\"@id\":\"https:\\\/\\\/www.evropskakuca.me\\\/me\\\/evropski-dan-ciscenja-obala\\\/#primaryimage\"},\"thumbnailUrl\":\"https:\\\/\\\/www.evropskakuca.me\\\/wp-content\\\/uploads\\\/2020\\\/10\\\/119884965_3112676505520979_664462403828126581_o.jpg\",\"datePublished\":\"2020-09-20T11:59:50+00:00\",\"breadcrumb\":{\"@id\":\"https:\\\/\\\/www.evropskakuca.me\\\/me\\\/evropski-dan-ciscenja-obala\\\/#breadcrumb\"},\"inLanguage\":\"me-ME\",\"potentialAction\":[{\"@type\":\"ReadAction\",\"target\":[\"https:\\\/\\\/www.evropskakuca.me\\\/me\\\/evropski-dan-ciscenja-obala\\\/\"]}]},{\"@type\":\"ImageObject\",\"inLanguage\":\"me-ME\",\"@id\":\"https:\\\/\\\/www.evropskakuca.me\\\/me\\\/evropski-dan-ciscenja-obala\\\/#primaryimage\",\"url\":\"https:\\\/\\\/www.evropskakuca.me\\\/wp-content\\\/uploads\\\/2020\\\/10\\\/119884965_3112676505520979_664462403828126581_o.jpg\",\"contentUrl\":\"https:\\\/\\\/www.evropskakuca.me\\\/wp-content\\\/uploads\\\/2020\\\/10\\\/119884965_3112676505520979_664462403828126581_o.jpg\",\"width\":1875,\"height\":1250},{\"@type\":\"BreadcrumbList\",\"@id\":\"https:\\\/\\\/www.evropskakuca.me\\\/me\\\/evropski-dan-ciscenja-obala\\\/#breadcrumb\",\"itemListElement\":[{\"@type\":\"ListItem\",\"position\":1,\"name\":\"Home\",\"item\":\"https:\\\/\\\/www.evropskakuca.me\\\/me\\\/\"},{\"@type\":\"ListItem\",\"position\":2,\"name\":\"Evropski dan \u010di\u0161\u0107enja obala\"}]},{\"@type\":\"WebSite\",\"@id\":\"https:\\\/\\\/www.evropskakuca.me\\\/me\\\/#website\",\"url\":\"https:\\\/\\\/www.evropskakuca.me\\\/me\\\/\",\"name\":\"Evropean house\",\"description\":\"\",\"publisher\":{\"@id\":\"https:\\\/\\\/www.evropskakuca.me\\\/me\\\/#organization\"},\"potentialAction\":[{\"@type\":\"SearchAction\",\"target\":{\"@type\":\"EntryPoint\",\"urlTemplate\":\"https:\\\/\\\/www.evropskakuca.me\\\/me\\\/?s={search_term_string}\"},\"query-input\":{\"@type\":\"PropertyValueSpecification\",\"valueRequired\":true,\"valueName\":\"search_term_string\"}}],\"inLanguage\":\"me-ME\"},{\"@type\":\"Organization\",\"@id\":\"https:\\\/\\\/www.evropskakuca.me\\\/me\\\/#organization\",\"name\":\"Evropean house\",\"url\":\"https:\\\/\\\/www.evropskakuca.me\\\/me\\\/\",\"logo\":{\"@type\":\"ImageObject\",\"inLanguage\":\"me-ME\",\"@id\":\"https:\\\/\\\/www.evropskakuca.me\\\/me\\\/#\\\/schema\\\/logo\\\/image\\\/\",\"url\":\"https:\\\/\\\/www.evropskakuca.me\\\/wp-content\\\/uploads\\\/2025\\\/01\\\/evropska-kuca-logo-1.png\",\"contentUrl\":\"https:\\\/\\\/www.evropskakuca.me\\\/wp-content\\\/uploads\\\/2025\\\/01\\\/evropska-kuca-logo-1.png\",\"width\":425,\"height\":312,\"caption\":\"Evropean house\"},\"image\":{\"@id\":\"https:\\\/\\\/www.evropskakuca.me\\\/me\\\/#\\\/schema\\\/logo\\\/image\\\/\"},\"sameAs\":[\"https:\\\/\\\/www.facebook.com\\\/evropska.kuca\",\"https:\\\/\\\/x.com\\\/evropska_kuca\",\"https:\\\/\\\/www.instagram.com\\\/evropska_kuca\"]},{\"@type\":\"Person\",\"@id\":\"https:\\\/\\\/www.evropskakuca.me\\\/me\\\/#\\\/schema\\\/person\\\/a1d0dcdaefe4a1cd1d60d200ea137ba4\",\"name\":\"mkajic\",\"image\":{\"@type\":\"ImageObject\",\"inLanguage\":\"me-ME\",\"@id\":\"https:\\\/\\\/secure.gravatar.com\\\/avatar\\\/731fa035cefab7316e6bafd1f25a93fb731a07de14e2d9923f8db4422628eabc?s=96&d=mm&r=g\",\"url\":\"https:\\\/\\\/secure.gravatar.com\\\/avatar\\\/731fa035cefab7316e6bafd1f25a93fb731a07de14e2d9923f8db4422628eabc?s=96&d=mm&r=g\",\"contentUrl\":\"https:\\\/\\\/secure.gravatar.com\\\/avatar\\\/731fa035cefab7316e6bafd1f25a93fb731a07de14e2d9923f8db4422628eabc?s=96&d=mm&r=g\",\"caption\":\"mkajic\"},\"sameAs\":[\"https:\\\/\\\/evropskakuca.me\"],\"url\":\"https:\\\/\\\/www.evropskakuca.me\\\/me\\\/author\\\/mkajic\\\/\"}]}<\/script>\n<!-- \/ Yoast SEO plugin. -->","yoast_head_json":{"title":"Evropski dan \u010di\u0161\u0107enja obala - Europe House","robots":{"index":"index","follow":"follow","max-snippet":"max-snippet:-1","max-image-preview":"max-image-preview:large","max-video-preview":"max-video-preview:-1"},"canonical":"https:\/\/www.evropskakuca.me\/me\/evropski-dan-ciscenja-obala\/","og_locale":"en_US","og_type":"article","og_title":"Evropski dan \u010di\u0161\u0107enja obala - Europe House","og_description":"Na crnogorskim obalama sakupljena ogromna koli\u010dina otpada","og_url":"https:\/\/www.evropskakuca.me\/me\/evropski-dan-ciscenja-obala\/","og_site_name":"Europe House","article_publisher":"https:\/\/www.facebook.com\/evropska.kuca","article_published_time":"2020-09-20T11:59:50+00:00","og_image":[{"width":1875,"height":1250,"url":"https:\/\/www.evropskakuca.me\/wp-content\/uploads\/2020\/10\/119884965_3112676505520979_664462403828126581_o.jpg","type":"image\/jpeg"}],"author":"mkajic","twitter_card":"summary_large_image","twitter_creator":"@evropska_kuca","twitter_site":"@evropska_kuca","twitter_misc":{"Written by":"mkajic","Est. reading time":"4 minutes"},"schema":{"@context":"https:\/\/schema.org","@graph":[{"@type":"Article","@id":"https:\/\/www.evropskakuca.me\/me\/evropski-dan-ciscenja-obala\/#article","isPartOf":{"@id":"https:\/\/www.evropskakuca.me\/me\/evropski-dan-ciscenja-obala\/"},"author":{"name":"mkajic","@id":"https:\/\/www.evropskakuca.me\/me\/#\/schema\/person\/a1d0dcdaefe4a1cd1d60d200ea137ba4"},"headline":"Evropski dan \u010di\u0161\u0107enja obala","datePublished":"2020-09-20T11:59:50+00:00","mainEntityOfPage":{"@id":"https:\/\/www.evropskakuca.me\/me\/evropski-dan-ciscenja-obala\/"},"wordCount":723,"publisher":{"@id":"https:\/\/www.evropskakuca.me\/me\/#organization"},"image":{"@id":"https:\/\/www.evropskakuca.me\/me\/evropski-dan-ciscenja-obala\/#primaryimage"},"thumbnailUrl":"https:\/\/www.evropskakuca.me\/wp-content\/uploads\/2020\/10\/119884965_3112676505520979_664462403828126581_o.jpg","articleSection":["Kampanje i eventi","Novosti","Uncategorized @me"],"inLanguage":"me-ME"},{"@type":"WebPage","@id":"https:\/\/www.evropskakuca.me\/me\/evropski-dan-ciscenja-obala\/","url":"https:\/\/www.evropskakuca.me\/me\/evropski-dan-ciscenja-obala\/","name":"Evropski dan \u010di\u0161\u0107enja obala - Europe House","isPartOf":{"@id":"https:\/\/www.evropskakuca.me\/me\/#website"},"primaryImageOfPage":{"@id":"https:\/\/www.evropskakuca.me\/me\/evropski-dan-ciscenja-obala\/#primaryimage"},"image":{"@id":"https:\/\/www.evropskakuca.me\/me\/evropski-dan-ciscenja-obala\/#primaryimage"},"thumbnailUrl":"https:\/\/www.evropskakuca.me\/wp-content\/uploads\/2020\/10\/119884965_3112676505520979_664462403828126581_o.jpg","datePublished":"2020-09-20T11:59:50+00:00","breadcrumb":{"@id":"https:\/\/www.evropskakuca.me\/me\/evropski-dan-ciscenja-obala\/#breadcrumb"},"inLanguage":"me-ME","potentialAction":[{"@type":"ReadAction","target":["https:\/\/www.evropskakuca.me\/me\/evropski-dan-ciscenja-obala\/"]}]},{"@type":"ImageObject","inLanguage":"me-ME","@id":"https:\/\/www.evropskakuca.me\/me\/evropski-dan-ciscenja-obala\/#primaryimage","url":"https:\/\/www.evropskakuca.me\/wp-content\/uploads\/2020\/10\/119884965_3112676505520979_664462403828126581_o.jpg","contentUrl":"https:\/\/www.evropskakuca.me\/wp-content\/uploads\/2020\/10\/119884965_3112676505520979_664462403828126581_o.jpg","width":1875,"height":1250},{"@type":"BreadcrumbList","@id":"https:\/\/www.evropskakuca.me\/me\/evropski-dan-ciscenja-obala\/#breadcrumb","itemListElement":[{"@type":"ListItem","position":1,"name":"Home","item":"https:\/\/www.evropskakuca.me\/me\/"},{"@type":"ListItem","position":2,"name":"Evropski dan \u010di\u0161\u0107enja obala"}]},{"@type":"WebSite","@id":"https:\/\/www.evropskakuca.me\/me\/#website","url":"https:\/\/www.evropskakuca.me\/me\/","name":"Evropean house","description":"","publisher":{"@id":"https:\/\/www.evropskakuca.me\/me\/#organization"},"potentialAction":[{"@type":"SearchAction","target":{"@type":"EntryPoint","urlTemplate":"https:\/\/www.evropskakuca.me\/me\/?s={search_term_string}"},"query-input":{"@type":"PropertyValueSpecification","valueRequired":true,"valueName":"search_term_string"}}],"inLanguage":"me-ME"},{"@type":"Organization","@id":"https:\/\/www.evropskakuca.me\/me\/#organization","name":"Evropean house","url":"https:\/\/www.evropskakuca.me\/me\/","logo":{"@type":"ImageObject","inLanguage":"me-ME","@id":"https:\/\/www.evropskakuca.me\/me\/#\/schema\/logo\/image\/","url":"https:\/\/www.evropskakuca.me\/wp-content\/uploads\/2025\/01\/evropska-kuca-logo-1.png","contentUrl":"https:\/\/www.evropskakuca.me\/wp-content\/uploads\/2025\/01\/evropska-kuca-logo-1.png","width":425,"height":312,"caption":"Evropean house"},"image":{"@id":"https:\/\/www.evropskakuca.me\/me\/#\/schema\/logo\/image\/"},"sameAs":["https:\/\/www.facebook.com\/evropska.kuca","https:\/\/x.com\/evropska_kuca","https:\/\/www.instagram.com\/evropska_kuca"]},{"@type":"Person","@id":"https:\/\/www.evropskakuca.me\/me\/#\/schema\/person\/a1d0dcdaefe4a1cd1d60d200ea137ba4","name":"mkajic","image":{"@type":"ImageObject","inLanguage":"me-ME","@id":"https:\/\/secure.gravatar.com\/avatar\/731fa035cefab7316e6bafd1f25a93fb731a07de14e2d9923f8db4422628eabc?s=96&d=mm&r=g","url":"https:\/\/secure.gravatar.com\/avatar\/731fa035cefab7316e6bafd1f25a93fb731a07de14e2d9923f8db4422628eabc?s=96&d=mm&r=g","contentUrl":"https:\/\/secure.gravatar.com\/avatar\/731fa035cefab7316e6bafd1f25a93fb731a07de14e2d9923f8db4422628eabc?s=96&d=mm&r=g","caption":"mkajic"},"sameAs":["https:\/\/evropskakuca.me"],"url":"https:\/\/www.evropskakuca.me\/me\/author\/mkajic\/"}]}},"_links":{"self":[{"href":"https:\/\/www.evropskakuca.me\/me\/wp-json\/wp\/v2\/posts\/10410","targetHints":{"allow":["GET"]}}],"collection":[{"href":"https:\/\/www.evropskakuca.me\/me\/wp-json\/wp\/v2\/posts"}],"about":[{"href":"https:\/\/www.evropskakuca.me\/me\/wp-json\/wp\/v2\/types\/post"}],"author":[{"embeddable":true,"href":"https:\/\/www.evropskakuca.me\/me\/wp-json\/wp\/v2\/users\/1"}],"replies":[{"embeddable":true,"href":"https:\/\/www.evropskakuca.me\/me\/wp-json\/wp\/v2\/comments?post=10410"}],"version-history":[{"count":0,"href":"https:\/\/www.evropskakuca.me\/me\/wp-json\/wp\/v2\/posts\/10410\/revisions"}],"wp:featuredmedia":[{"embeddable":true,"href":"https:\/\/www.evropskakuca.me\/me\/wp-json\/wp\/v2\/media\/35654"}],"wp:attachment":[{"href":"https:\/\/www.evropskakuca.me\/me\/wp-json\/wp\/v2\/media?parent=10410"}],"wp:term":[{"taxonomy":"category","embeddable":true,"href":"https:\/\/www.evropskakuca.me\/me\/wp-json\/wp\/v2\/categories?post=10410"},{"taxonomy":"post_tag","embeddable":true,"href":"https:\/\/www.evropskakuca.me\/me\/wp-json\/wp\/v2\/tags?post=10410"}],"curies":[{"name":"wp","href":"https:\/\/api.w.org\/{rel}","templated":true}]}}