{"id":10401,"date":"2020-10-02T16:27:37","date_gmt":"2020-10-02T16:27:37","guid":{"rendered":"http:\/\/www.evropskakuca.me\/?p=10401"},"modified":"2020-10-02T16:27:37","modified_gmt":"2020-10-02T16:27:37","slug":"pocela-skola-filmske-produkcije-za-mlade-u-ulcinju","status":"publish","type":"post","link":"https:\/\/www.evropskakuca.me\/me\/pocela-skola-filmske-produkcije-za-mlade-u-ulcinju\/","title":{"rendered":"Po\u010dela \u0161kola filmske produkcije za mlade u Ulcinju"},"content":{"rendered":"<p>Delegacija Evropske unije u Crnoj Gori i EU info centar, u saradnji sa nevladinom organizacijom Ja djelujem-OJQ Un\u00eb veproj-iACT, organizuju tre\u0107u \u0160kolu filmske produkcije za mlade u Ulcinju. Tokom trodnevne \u0161kole, koja je po\u010dela danas, 25 polaznika i polaznica iz cijele Crne Gore u\u010di\u0107e da snimaju i montiraju kratke filmove, kao i kako da kroz umjetni\u010dki izraz ispolje svoju kriti\u010dku svijest. Pored \u0161kole, bi\u0107e organizovane i filmske projekcije, kao i predavanja o evropskim vrijednostima i ekolo\u0161kom aktivizmu. \u0160kola se organizuje kao prate\u0107a aktivnost Evropskog filmskog festivala i Seanema Green festivala, sa ciljem podizanja svijesti o va\u017enosti o\u010duvanja \u017eivotne sredine.<\/p>\n<p><img fetchpriority=\"high\" decoding=\"async\" class=\"alignnone size-large wp-image-10404\" src=\"http:\/\/www.evropskakuca.me\/wp-content\/uploads\/2020\/10\/ul-20-1024x683.jpg\" alt=\"\" width=\"1024\" height=\"683\" \/><\/p>\n<p>\u201eMladi \u0107e u\u010diti o svim fazama realizacije kratkometra\u017enog filma, te realizovati sopstveni kratkometra\u017eni film na kraju same \u0161kole. Izradom kratkih audiovizuelnih djela, oni \u0107e aktivno razvijati umjetni\u010dke sklonosti i komunikacione vje\u0161tine, kao i kriti\u010dki odnos prema medijskim sadr\u017eajima\u201c, obja\u0161njava Drita Lola iz NVO Ja djelujem-OJQ Un\u00eb veproj-iACT, koja organizuje Seanema Green festival.<\/p>\n<p>Glavna tema kratkog filma, koji \u0107e zajedno pripremiti polaznici \u0161kole, bi\u0107e Ulcinjska solana.<\/p>\n<p>\u201eS obzirom da su na\u0161a ciljna grupa mladi iz svih regija Crne Gore, va\u017eno je da budu upoznati sa slu\u010dajem Solane, istorijskim i budu\u0107im aspektima, kao i zna\u010dajem koji njena revitalizacija i za\u0161tita imaju za Ulcinj, Crnu Goru i Evropu\u201c, dodaje Drita Lola.<\/p>\n<p><img decoding=\"async\" class=\"alignnone size-large wp-image-10406\" src=\"http:\/\/www.evropskakuca.me\/wp-content\/uploads\/2020\/10\/mreze-1024x683.jpg\" alt=\"\" width=\"1024\" height=\"683\" \/><\/p>\n<p>Jedno od najva\u017enijih pregovora Evropske unije i Crne Gore je poglavlje 27, koje se odnosi na za\u0161titu \u017eivotne sredine. Zato je edukacija mladih o va\u017enosti te teme i jedan od prioriteta Evropske unije u Crnoj Gori.<\/p>\n<p>\u201eUvijek se trudimo da kroz na\u0161e aktivnosti promovi\u0161emo va\u017enost za\u0161tite \u017eivotne sredine.\u00a0 Vjerujemo da je rad sa mladima pravo rje\u0161enje, jer \u0107e oni sjutra biti donosioci odluka, a ve\u0107 danas mogu po\u010deti da mijenjaju svoje navike, kojima \u0107e \u0161tititi prirodu. Ova \u0161kola je prilika da jednu ovako va\u017enu temu iskombinujemo sa umjetno\u0161\u0107u i time je dodatno pribli\u017eimo publici\u201c, kazala je na\u0161a koleginica Ana Popovi\u0107, koja je u\u010destovala u pripremi \u0161kole.<\/p>\n<p>\u0160kolu filmske produkcije vode rediteljka Sara Stijovi\u0107 i producentkinja Biljana Vu\u0161ovi\u0107, uz tehni\u010dku podr\u0161ku Roberta Jankovi\u0107a.<\/p>\n","protected":false},"excerpt":{"rendered":"<p>U organizaciji Evropske unije u Crnoj Gori i NVO Ja djeljujem-OJQ Un\u00eb veproj-NGO iACT  <\/p>\n","protected":false},"author":1,"featured_media":35706,"comment_status":"closed","ping_status":"closed","sticky":false,"template":"","format":"standard","meta":{"_acf_changed":false,"footnotes":""},"categories":[283],"tags":[],"class_list":["post-10401","post","type-post","status-publish","format-standard","has-post-thumbnail","hentry","category-novosti-me"],"acf":[],"yoast_head":"<!-- This site is optimized with the Yoast SEO plugin v27.3 - https:\/\/yoast.com\/product\/yoast-seo-wordpress\/ -->\n<title>Po\u010dela \u0161kola filmske produkcije za mlade u Ulcinju - Europe House<\/title>\n<meta name=\"robots\" content=\"index, follow, max-snippet:-1, max-image-preview:large, max-video-preview:-1\" \/>\n<link rel=\"canonical\" href=\"https:\/\/www.evropskakuca.me\/me\/pocela-skola-filmske-produkcije-za-mlade-u-ulcinju\/\" \/>\n<meta property=\"og:locale\" content=\"en_US\" \/>\n<meta property=\"og:type\" content=\"article\" \/>\n<meta property=\"og:title\" content=\"Po\u010dela \u0161kola filmske produkcije za mlade u Ulcinju - Europe House\" \/>\n<meta property=\"og:description\" content=\"U organizaciji Evropske unije u Crnoj Gori i NVO Ja djeljujem-OJQ Un\u00eb veproj-NGO iACT\" \/>\n<meta property=\"og:url\" content=\"https:\/\/www.evropskakuca.me\/me\/pocela-skola-filmske-produkcije-za-mlade-u-ulcinju\/\" \/>\n<meta property=\"og:site_name\" content=\"Europe House\" \/>\n<meta property=\"article:publisher\" content=\"https:\/\/www.facebook.com\/evropska.kuca\" \/>\n<meta property=\"article:published_time\" content=\"2020-10-02T16:27:37+00:00\" \/>\n<meta property=\"og:image\" content=\"https:\/\/www.evropskakuca.me\/wp-content\/uploads\/2020\/10\/ul-66-scaled.jpg\" \/>\n\t<meta property=\"og:image:width\" content=\"2560\" \/>\n\t<meta property=\"og:image:height\" content=\"1707\" \/>\n\t<meta property=\"og:image:type\" content=\"image\/jpeg\" \/>\n<meta name=\"author\" content=\"mkajic\" \/>\n<meta name=\"twitter:card\" content=\"summary_large_image\" \/>\n<meta name=\"twitter:creator\" content=\"@evropska_kuca\" \/>\n<meta name=\"twitter:site\" content=\"@evropska_kuca\" \/>\n<meta name=\"twitter:label1\" content=\"Written by\" \/>\n\t<meta name=\"twitter:data1\" content=\"mkajic\" \/>\n\t<meta name=\"twitter:label2\" content=\"Est. reading time\" \/>\n\t<meta name=\"twitter:data2\" content=\"2 minutes\" \/>\n<script type=\"application\/ld+json\" class=\"yoast-schema-graph\">{\"@context\":\"https:\\\/\\\/schema.org\",\"@graph\":[{\"@type\":\"Article\",\"@id\":\"https:\\\/\\\/www.evropskakuca.me\\\/me\\\/pocela-skola-filmske-produkcije-za-mlade-u-ulcinju\\\/#article\",\"isPartOf\":{\"@id\":\"https:\\\/\\\/www.evropskakuca.me\\\/me\\\/pocela-skola-filmske-produkcije-za-mlade-u-ulcinju\\\/\"},\"author\":{\"name\":\"mkajic\",\"@id\":\"https:\\\/\\\/www.evropskakuca.me\\\/me\\\/#\\\/schema\\\/person\\\/a1d0dcdaefe4a1cd1d60d200ea137ba4\"},\"headline\":\"Po\u010dela \u0161kola filmske produkcije za mlade u Ulcinju\",\"datePublished\":\"2020-10-02T16:27:37+00:00\",\"mainEntityOfPage\":{\"@id\":\"https:\\\/\\\/www.evropskakuca.me\\\/me\\\/pocela-skola-filmske-produkcije-za-mlade-u-ulcinju\\\/\"},\"wordCount\":380,\"publisher\":{\"@id\":\"https:\\\/\\\/www.evropskakuca.me\\\/me\\\/#organization\"},\"image\":{\"@id\":\"https:\\\/\\\/www.evropskakuca.me\\\/me\\\/pocela-skola-filmske-produkcije-za-mlade-u-ulcinju\\\/#primaryimage\"},\"thumbnailUrl\":\"https:\\\/\\\/www.evropskakuca.me\\\/wp-content\\\/uploads\\\/2020\\\/10\\\/ul-66-scaled.jpg\",\"articleSection\":[\"Novosti\"],\"inLanguage\":\"me-ME\"},{\"@type\":\"WebPage\",\"@id\":\"https:\\\/\\\/www.evropskakuca.me\\\/me\\\/pocela-skola-filmske-produkcije-za-mlade-u-ulcinju\\\/\",\"url\":\"https:\\\/\\\/www.evropskakuca.me\\\/me\\\/pocela-skola-filmske-produkcije-za-mlade-u-ulcinju\\\/\",\"name\":\"Po\u010dela \u0161kola filmske produkcije za mlade u Ulcinju - Europe House\",\"isPartOf\":{\"@id\":\"https:\\\/\\\/www.evropskakuca.me\\\/me\\\/#website\"},\"primaryImageOfPage\":{\"@id\":\"https:\\\/\\\/www.evropskakuca.me\\\/me\\\/pocela-skola-filmske-produkcije-za-mlade-u-ulcinju\\\/#primaryimage\"},\"image\":{\"@id\":\"https:\\\/\\\/www.evropskakuca.me\\\/me\\\/pocela-skola-filmske-produkcije-za-mlade-u-ulcinju\\\/#primaryimage\"},\"thumbnailUrl\":\"https:\\\/\\\/www.evropskakuca.me\\\/wp-content\\\/uploads\\\/2020\\\/10\\\/ul-66-scaled.jpg\",\"datePublished\":\"2020-10-02T16:27:37+00:00\",\"breadcrumb\":{\"@id\":\"https:\\\/\\\/www.evropskakuca.me\\\/me\\\/pocela-skola-filmske-produkcije-za-mlade-u-ulcinju\\\/#breadcrumb\"},\"inLanguage\":\"me-ME\",\"potentialAction\":[{\"@type\":\"ReadAction\",\"target\":[\"https:\\\/\\\/www.evropskakuca.me\\\/me\\\/pocela-skola-filmske-produkcije-za-mlade-u-ulcinju\\\/\"]}]},{\"@type\":\"ImageObject\",\"inLanguage\":\"me-ME\",\"@id\":\"https:\\\/\\\/www.evropskakuca.me\\\/me\\\/pocela-skola-filmske-produkcije-za-mlade-u-ulcinju\\\/#primaryimage\",\"url\":\"https:\\\/\\\/www.evropskakuca.me\\\/wp-content\\\/uploads\\\/2020\\\/10\\\/ul-66-scaled.jpg\",\"contentUrl\":\"https:\\\/\\\/www.evropskakuca.me\\\/wp-content\\\/uploads\\\/2020\\\/10\\\/ul-66-scaled.jpg\",\"width\":2560,\"height\":1707},{\"@type\":\"BreadcrumbList\",\"@id\":\"https:\\\/\\\/www.evropskakuca.me\\\/me\\\/pocela-skola-filmske-produkcije-za-mlade-u-ulcinju\\\/#breadcrumb\",\"itemListElement\":[{\"@type\":\"ListItem\",\"position\":1,\"name\":\"Home\",\"item\":\"https:\\\/\\\/www.evropskakuca.me\\\/me\\\/\"},{\"@type\":\"ListItem\",\"position\":2,\"name\":\"Po\u010dela \u0161kola filmske produkcije za mlade u Ulcinju\"}]},{\"@type\":\"WebSite\",\"@id\":\"https:\\\/\\\/www.evropskakuca.me\\\/me\\\/#website\",\"url\":\"https:\\\/\\\/www.evropskakuca.me\\\/me\\\/\",\"name\":\"Evropean house\",\"description\":\"\",\"publisher\":{\"@id\":\"https:\\\/\\\/www.evropskakuca.me\\\/me\\\/#organization\"},\"potentialAction\":[{\"@type\":\"SearchAction\",\"target\":{\"@type\":\"EntryPoint\",\"urlTemplate\":\"https:\\\/\\\/www.evropskakuca.me\\\/me\\\/?s={search_term_string}\"},\"query-input\":{\"@type\":\"PropertyValueSpecification\",\"valueRequired\":true,\"valueName\":\"search_term_string\"}}],\"inLanguage\":\"me-ME\"},{\"@type\":\"Organization\",\"@id\":\"https:\\\/\\\/www.evropskakuca.me\\\/me\\\/#organization\",\"name\":\"Evropean house\",\"url\":\"https:\\\/\\\/www.evropskakuca.me\\\/me\\\/\",\"logo\":{\"@type\":\"ImageObject\",\"inLanguage\":\"me-ME\",\"@id\":\"https:\\\/\\\/www.evropskakuca.me\\\/me\\\/#\\\/schema\\\/logo\\\/image\\\/\",\"url\":\"https:\\\/\\\/www.evropskakuca.me\\\/wp-content\\\/uploads\\\/2025\\\/01\\\/evropska-kuca-logo-1.png\",\"contentUrl\":\"https:\\\/\\\/www.evropskakuca.me\\\/wp-content\\\/uploads\\\/2025\\\/01\\\/evropska-kuca-logo-1.png\",\"width\":425,\"height\":312,\"caption\":\"Evropean house\"},\"image\":{\"@id\":\"https:\\\/\\\/www.evropskakuca.me\\\/me\\\/#\\\/schema\\\/logo\\\/image\\\/\"},\"sameAs\":[\"https:\\\/\\\/www.facebook.com\\\/evropska.kuca\",\"https:\\\/\\\/x.com\\\/evropska_kuca\",\"https:\\\/\\\/www.instagram.com\\\/evropska_kuca\"]},{\"@type\":\"Person\",\"@id\":\"https:\\\/\\\/www.evropskakuca.me\\\/me\\\/#\\\/schema\\\/person\\\/a1d0dcdaefe4a1cd1d60d200ea137ba4\",\"name\":\"mkajic\",\"image\":{\"@type\":\"ImageObject\",\"inLanguage\":\"me-ME\",\"@id\":\"https:\\\/\\\/secure.gravatar.com\\\/avatar\\\/731fa035cefab7316e6bafd1f25a93fb731a07de14e2d9923f8db4422628eabc?s=96&d=mm&r=g\",\"url\":\"https:\\\/\\\/secure.gravatar.com\\\/avatar\\\/731fa035cefab7316e6bafd1f25a93fb731a07de14e2d9923f8db4422628eabc?s=96&d=mm&r=g\",\"contentUrl\":\"https:\\\/\\\/secure.gravatar.com\\\/avatar\\\/731fa035cefab7316e6bafd1f25a93fb731a07de14e2d9923f8db4422628eabc?s=96&d=mm&r=g\",\"caption\":\"mkajic\"},\"sameAs\":[\"https:\\\/\\\/evropskakuca.me\"],\"url\":\"https:\\\/\\\/www.evropskakuca.me\\\/me\\\/author\\\/mkajic\\\/\"}]}<\/script>\n<!-- \/ Yoast SEO plugin. -->","yoast_head_json":{"title":"Po\u010dela \u0161kola filmske produkcije za mlade u Ulcinju - Europe House","robots":{"index":"index","follow":"follow","max-snippet":"max-snippet:-1","max-image-preview":"max-image-preview:large","max-video-preview":"max-video-preview:-1"},"canonical":"https:\/\/www.evropskakuca.me\/me\/pocela-skola-filmske-produkcije-za-mlade-u-ulcinju\/","og_locale":"en_US","og_type":"article","og_title":"Po\u010dela \u0161kola filmske produkcije za mlade u Ulcinju - Europe House","og_description":"U organizaciji Evropske unije u Crnoj Gori i NVO Ja djeljujem-OJQ Un\u00eb veproj-NGO iACT","og_url":"https:\/\/www.evropskakuca.me\/me\/pocela-skola-filmske-produkcije-za-mlade-u-ulcinju\/","og_site_name":"Europe House","article_publisher":"https:\/\/www.facebook.com\/evropska.kuca","article_published_time":"2020-10-02T16:27:37+00:00","og_image":[{"width":2560,"height":1707,"url":"https:\/\/www.evropskakuca.me\/wp-content\/uploads\/2020\/10\/ul-66-scaled.jpg","type":"image\/jpeg"}],"author":"mkajic","twitter_card":"summary_large_image","twitter_creator":"@evropska_kuca","twitter_site":"@evropska_kuca","twitter_misc":{"Written by":"mkajic","Est. reading time":"2 minutes"},"schema":{"@context":"https:\/\/schema.org","@graph":[{"@type":"Article","@id":"https:\/\/www.evropskakuca.me\/me\/pocela-skola-filmske-produkcije-za-mlade-u-ulcinju\/#article","isPartOf":{"@id":"https:\/\/www.evropskakuca.me\/me\/pocela-skola-filmske-produkcije-za-mlade-u-ulcinju\/"},"author":{"name":"mkajic","@id":"https:\/\/www.evropskakuca.me\/me\/#\/schema\/person\/a1d0dcdaefe4a1cd1d60d200ea137ba4"},"headline":"Po\u010dela \u0161kola filmske produkcije za mlade u Ulcinju","datePublished":"2020-10-02T16:27:37+00:00","mainEntityOfPage":{"@id":"https:\/\/www.evropskakuca.me\/me\/pocela-skola-filmske-produkcije-za-mlade-u-ulcinju\/"},"wordCount":380,"publisher":{"@id":"https:\/\/www.evropskakuca.me\/me\/#organization"},"image":{"@id":"https:\/\/www.evropskakuca.me\/me\/pocela-skola-filmske-produkcije-za-mlade-u-ulcinju\/#primaryimage"},"thumbnailUrl":"https:\/\/www.evropskakuca.me\/wp-content\/uploads\/2020\/10\/ul-66-scaled.jpg","articleSection":["Novosti"],"inLanguage":"me-ME"},{"@type":"WebPage","@id":"https:\/\/www.evropskakuca.me\/me\/pocela-skola-filmske-produkcije-za-mlade-u-ulcinju\/","url":"https:\/\/www.evropskakuca.me\/me\/pocela-skola-filmske-produkcije-za-mlade-u-ulcinju\/","name":"Po\u010dela \u0161kola filmske produkcije za mlade u Ulcinju - Europe House","isPartOf":{"@id":"https:\/\/www.evropskakuca.me\/me\/#website"},"primaryImageOfPage":{"@id":"https:\/\/www.evropskakuca.me\/me\/pocela-skola-filmske-produkcije-za-mlade-u-ulcinju\/#primaryimage"},"image":{"@id":"https:\/\/www.evropskakuca.me\/me\/pocela-skola-filmske-produkcije-za-mlade-u-ulcinju\/#primaryimage"},"thumbnailUrl":"https:\/\/www.evropskakuca.me\/wp-content\/uploads\/2020\/10\/ul-66-scaled.jpg","datePublished":"2020-10-02T16:27:37+00:00","breadcrumb":{"@id":"https:\/\/www.evropskakuca.me\/me\/pocela-skola-filmske-produkcije-za-mlade-u-ulcinju\/#breadcrumb"},"inLanguage":"me-ME","potentialAction":[{"@type":"ReadAction","target":["https:\/\/www.evropskakuca.me\/me\/pocela-skola-filmske-produkcije-za-mlade-u-ulcinju\/"]}]},{"@type":"ImageObject","inLanguage":"me-ME","@id":"https:\/\/www.evropskakuca.me\/me\/pocela-skola-filmske-produkcije-za-mlade-u-ulcinju\/#primaryimage","url":"https:\/\/www.evropskakuca.me\/wp-content\/uploads\/2020\/10\/ul-66-scaled.jpg","contentUrl":"https:\/\/www.evropskakuca.me\/wp-content\/uploads\/2020\/10\/ul-66-scaled.jpg","width":2560,"height":1707},{"@type":"BreadcrumbList","@id":"https:\/\/www.evropskakuca.me\/me\/pocela-skola-filmske-produkcije-za-mlade-u-ulcinju\/#breadcrumb","itemListElement":[{"@type":"ListItem","position":1,"name":"Home","item":"https:\/\/www.evropskakuca.me\/me\/"},{"@type":"ListItem","position":2,"name":"Po\u010dela \u0161kola filmske produkcije za mlade u Ulcinju"}]},{"@type":"WebSite","@id":"https:\/\/www.evropskakuca.me\/me\/#website","url":"https:\/\/www.evropskakuca.me\/me\/","name":"Evropean house","description":"","publisher":{"@id":"https:\/\/www.evropskakuca.me\/me\/#organization"},"potentialAction":[{"@type":"SearchAction","target":{"@type":"EntryPoint","urlTemplate":"https:\/\/www.evropskakuca.me\/me\/?s={search_term_string}"},"query-input":{"@type":"PropertyValueSpecification","valueRequired":true,"valueName":"search_term_string"}}],"inLanguage":"me-ME"},{"@type":"Organization","@id":"https:\/\/www.evropskakuca.me\/me\/#organization","name":"Evropean house","url":"https:\/\/www.evropskakuca.me\/me\/","logo":{"@type":"ImageObject","inLanguage":"me-ME","@id":"https:\/\/www.evropskakuca.me\/me\/#\/schema\/logo\/image\/","url":"https:\/\/www.evropskakuca.me\/wp-content\/uploads\/2025\/01\/evropska-kuca-logo-1.png","contentUrl":"https:\/\/www.evropskakuca.me\/wp-content\/uploads\/2025\/01\/evropska-kuca-logo-1.png","width":425,"height":312,"caption":"Evropean house"},"image":{"@id":"https:\/\/www.evropskakuca.me\/me\/#\/schema\/logo\/image\/"},"sameAs":["https:\/\/www.facebook.com\/evropska.kuca","https:\/\/x.com\/evropska_kuca","https:\/\/www.instagram.com\/evropska_kuca"]},{"@type":"Person","@id":"https:\/\/www.evropskakuca.me\/me\/#\/schema\/person\/a1d0dcdaefe4a1cd1d60d200ea137ba4","name":"mkajic","image":{"@type":"ImageObject","inLanguage":"me-ME","@id":"https:\/\/secure.gravatar.com\/avatar\/731fa035cefab7316e6bafd1f25a93fb731a07de14e2d9923f8db4422628eabc?s=96&d=mm&r=g","url":"https:\/\/secure.gravatar.com\/avatar\/731fa035cefab7316e6bafd1f25a93fb731a07de14e2d9923f8db4422628eabc?s=96&d=mm&r=g","contentUrl":"https:\/\/secure.gravatar.com\/avatar\/731fa035cefab7316e6bafd1f25a93fb731a07de14e2d9923f8db4422628eabc?s=96&d=mm&r=g","caption":"mkajic"},"sameAs":["https:\/\/evropskakuca.me"],"url":"https:\/\/www.evropskakuca.me\/me\/author\/mkajic\/"}]}},"_links":{"self":[{"href":"https:\/\/www.evropskakuca.me\/me\/wp-json\/wp\/v2\/posts\/10401","targetHints":{"allow":["GET"]}}],"collection":[{"href":"https:\/\/www.evropskakuca.me\/me\/wp-json\/wp\/v2\/posts"}],"about":[{"href":"https:\/\/www.evropskakuca.me\/me\/wp-json\/wp\/v2\/types\/post"}],"author":[{"embeddable":true,"href":"https:\/\/www.evropskakuca.me\/me\/wp-json\/wp\/v2\/users\/1"}],"replies":[{"embeddable":true,"href":"https:\/\/www.evropskakuca.me\/me\/wp-json\/wp\/v2\/comments?post=10401"}],"version-history":[{"count":0,"href":"https:\/\/www.evropskakuca.me\/me\/wp-json\/wp\/v2\/posts\/10401\/revisions"}],"wp:featuredmedia":[{"embeddable":true,"href":"https:\/\/www.evropskakuca.me\/me\/wp-json\/wp\/v2\/media\/35706"}],"wp:attachment":[{"href":"https:\/\/www.evropskakuca.me\/me\/wp-json\/wp\/v2\/media?parent=10401"}],"wp:term":[{"taxonomy":"category","embeddable":true,"href":"https:\/\/www.evropskakuca.me\/me\/wp-json\/wp\/v2\/categories?post=10401"},{"taxonomy":"post_tag","embeddable":true,"href":"https:\/\/www.evropskakuca.me\/me\/wp-json\/wp\/v2\/tags?post=10401"}],"curies":[{"name":"wp","href":"https:\/\/api.w.org\/{rel}","templated":true}]}}